{"id":9351,"date":"2020-04-22T11:02:46","date_gmt":"2020-04-22T11:02:46","guid":{"rendered":"https:\/\/www.visitcentroamerica.com\/?p=9351"},"modified":"2020-06-08T09:05:59","modified_gmt":"2020-06-08T09:05:59","slug":"arco-volcanico-centroamericano-fascina-al-mundo","status":"publish","type":"post","link":"https:\/\/www.visitcentroamerica.com\/sala-prensa\/viajar\/arco-volcanico-centroamericano-fascina-al-mundo\/","title":{"rendered":"El arco volc\u00e1nico centroamericano que fascina al mundo"},"content":{"rendered":"<p>El <strong>arco volc\u00e1nico centroamericano <\/strong>es una espectacular zona que se extiende a lo largo de&nbsp;1500 kil\u00f3metros. Recorre la costa pac\u00edfica desde Guatemala hasta la frontera de Costa Rica y Panam\u00e1, atravesando El Salvador, Honduras y Nicaragua.<br \/>\nForma parte del&nbsp;<a href=\"https:\/\/www.geoenciclopedia.com\/cinturon-de-fuego-del-pacifico\/\">anillo de fuego del Pac\u00edfico<\/a>,&nbsp;de intensa actividad s\u00edsmica y volc\u00e1nica. Con un<strong> viaje multidestino<\/strong> podr\u00e1s contemplar la belleza de los<strong> volcanes de Centroam\u00e9rica<\/strong> y&nbsp;disfrutar&nbsp;de sus encantadores pueblos.<br \/>\n<img decoding=\"async\" src=\"https:\/\/www.visitcentroamerica.com\/wp-content\/uploads\/2020\/05\/arco-volcanico-centroamerica-cuerpo.jpg\"><\/p>\n<h3 style=\"margin-top: 30px; margin-bottom: 30px;\">La ruta de los volcanes<\/h3>\n<p>El inter\u00e9s de este <strong>trayecto multidestino<\/strong> reside en que algunos&nbsp;volcanes est\u00e1n activos, como el Pacaya, el Santiaguito&nbsp;y el De Fuego, en Guatemala, que destaca por ser el pa\u00eds con mayor n\u00famero de volcanes.<br \/>\nPero donde m\u00e1s hay activos, seis, es en <strong>Nicaragua<\/strong>: Cerro Negro, Concepci\u00f3n, Masaya, Momotombo, San Crist\u00f3bal y Telica. A continuaci\u00f3n, est\u00e1 El Salvador&nbsp;con cinco (Izalco, Santa Ana, San Salvador, San Miguel y Conchag\u00fcita).<br \/>\nPodremos encontrar tres activos en Costa Rica (<a href=\"http:\/\/www.sinac.go.cr\/ES\/ac\/ACAHN\/pnva\/Paginas\/default.aspx\">Arenal<\/a>, Iraz\u00fa y Poas), mientras que <strong>los siete de&nbsp;Honduras y Panam\u00e1 permanecen inactivos<\/strong>.<\/p>\n<h3 style=\"margin-top: 30px; margin-bottom: 30px;\">Visita estos volcanes de Centroam\u00e9rica en tu ruta multidestino<\/h3>\n<p>Lo ideal es que, adem\u00e1s de realizar estas visitas, escojas actividades de esta ruta acorde a tus gustos. Puedes bucear en sus lagos, esquiar sobre la arena negra o escalar, entre otras posibilidades. <a href=\"http:\/\/www.visitcentroamerica.com\/packages\/ruta-los-volcanes-mayas-lencas-garifunas\/\">Conoce m\u00e1s detalles<\/a> del <strong>arco volc\u00e1nico centroamericano<\/strong>. Elige entre la gran variedad de<strong>&nbsp;recorridos multidestino y otras experiencias, como&nbsp;<\/strong><a href=\"https:\/\/www.visitcentroamerica.com\/experiencias\/natural\/\">Centroam\u00e9rica natural<\/a>&nbsp;o&nbsp;<a href=\"https:\/\/www.visitcentroamerica.com\/experiencias\/aventura\/\">Aventura en Centroam\u00e9rica<\/a>.<\/p>\n","protected":false},"excerpt":{"rendered":"<p>El arco volc\u00e1nico centroamericano es una espectacular zona que se extiende a lo largo de&nbsp;1500 kil\u00f3metros. Recorre la costa pac\u00edfica desde Guatemala hasta la frontera de Costa Rica y Panam\u00e1, atravesando El Salvador, Honduras y Nicaragua. Forma parte del&nbsp;anillo de fuego del Pac\u00edfico,&nbsp;de intensa actividad s\u00edsmica y volc\u00e1nica. Con un viaje multidestino podr\u00e1s contemplar la [&hellip;]<\/p>\n","protected":false},"author":5,"featured_media":9400,"comment_status":"closed","ping_status":"closed","sticky":false,"template":"","format":"standard","meta":{"footnotes":""},"categories":[28,32,1,25],"tags":[],"class_list":{"0":"post-9351","1":"post","2":"type-post","3":"status-publish","4":"format-standard","5":"has-post-thumbnail","7":"category-aventura","8":"category-naturaleza","9":"category-otros","10":"category-viajar"},"yoast_head":"<!-- This site is optimized with the Yoast SEO plugin v27.3 - https:\/\/yoast.com\/product\/yoast-seo-wordpress\/ -->\n<title>Qu\u00e9 es y c\u00f3mo visitar el famoso arco volc\u00e1nico centroamericano<\/title>\n<meta name=\"description\" content=\"Descubre cu\u00e1l es el pa\u00eds del arco volc\u00e1nico centroamericano con mayor n\u00famero de volcanes y cu\u00e1l de estos lugares que lo forman posee m\u00e1s en estado activo\" \/>\n<meta name=\"robots\" content=\"index, follow, max-snippet:-1, max-image-preview:large, max-video-preview:-1\" \/>\n<link rel=\"canonical\" href=\"https:\/\/www.visitcentroamerica.com\/sala-prensa\/viajar\/arco-volcanico-centroamericano-fascina-al-mundo\/\" \/>\n<meta property=\"og:locale\" content=\"es_ES\" \/>\n<meta property=\"og:type\" content=\"article\" \/>\n<meta property=\"og:title\" content=\"Qu\u00e9 es y c\u00f3mo visitar el famoso arco volc\u00e1nico centroamericano\" \/>\n<meta property=\"og:description\" content=\"Descubre cu\u00e1l es el pa\u00eds del arco volc\u00e1nico centroamericano con mayor n\u00famero de volcanes y cu\u00e1l de estos lugares que lo forman posee m\u00e1s en estado activo\" \/>\n<meta property=\"og:url\" content=\"https:\/\/www.visitcentroamerica.com\/sala-prensa\/viajar\/arco-volcanico-centroamericano-fascina-al-mundo\/\" \/>\n<meta property=\"og:site_name\" content=\"Sala de prensa\" \/>\n<meta property=\"article:published_time\" content=\"2020-04-22T11:02:46+00:00\" \/>\n<meta property=\"article:modified_time\" content=\"2020-06-08T09:05:59+00:00\" \/>\n<meta property=\"og:image\" content=\"https:\/\/www.visitcentroamerica.com\/sala-prensa\/wp-content\/uploads\/2020\/04\/arco-volcanico-centroamerica-destacada.jpg\" \/>\n\t<meta property=\"og:image:width\" content=\"376\" \/>\n\t<meta property=\"og:image:height\" content=\"282\" \/>\n\t<meta property=\"og:image:type\" content=\"image\/jpeg\" \/>\n<meta name=\"author\" content=\"Denis Alvarado\" \/>\n<meta name=\"twitter:card\" content=\"summary_large_image\" \/>\n<meta name=\"twitter:label1\" content=\"Escrito por\" \/>\n\t<meta name=\"twitter:data1\" content=\"Denis Alvarado\" \/>\n\t<meta name=\"twitter:label2\" content=\"Tiempo de lectura\" \/>\n\t<meta name=\"twitter:data2\" content=\"1 minuto\" \/>\n<script type=\"application\/ld+json\" class=\"yoast-schema-graph\">{\"@context\":\"https:\\\/\\\/schema.org\",\"@graph\":[{\"@type\":\"Article\",\"@id\":\"https:\\\/\\\/www.visitcentroamerica.com\\\/sala-prensa\\\/viajar\\\/arco-volcanico-centroamericano-fascina-al-mundo\\\/#article\",\"isPartOf\":{\"@id\":\"https:\\\/\\\/www.visitcentroamerica.com\\\/sala-prensa\\\/viajar\\\/arco-volcanico-centroamericano-fascina-al-mundo\\\/\"},\"author\":{\"name\":\"Denis Alvarado\",\"@id\":\"https:\\\/\\\/www.visitcentroamerica.com\\\/sala-prensa\\\/#\\\/schema\\\/person\\\/0aa3bd0dbaabaead6089ee3dd0cd7ae5\"},\"headline\":\"El arco volc\u00e1nico centroamericano que fascina al mundo\",\"datePublished\":\"2020-04-22T11:02:46+00:00\",\"dateModified\":\"2020-06-08T09:05:59+00:00\",\"mainEntityOfPage\":{\"@id\":\"https:\\\/\\\/www.visitcentroamerica.com\\\/sala-prensa\\\/viajar\\\/arco-volcanico-centroamericano-fascina-al-mundo\\\/\"},\"wordCount\":276,\"image\":{\"@id\":\"https:\\\/\\\/www.visitcentroamerica.com\\\/sala-prensa\\\/viajar\\\/arco-volcanico-centroamericano-fascina-al-mundo\\\/#primaryimage\"},\"thumbnailUrl\":\"https:\\\/\\\/www.visitcentroamerica.com\\\/sala-prensa\\\/wp-content\\\/uploads\\\/2020\\\/04\\\/arco-volcanico-centroamerica-destacada.jpg\",\"articleSection\":[\"Aventura\",\"Naturaleza\",\"Otros\",\"Viajar\"],\"inLanguage\":\"es\"},{\"@type\":\"WebPage\",\"@id\":\"https:\\\/\\\/www.visitcentroamerica.com\\\/sala-prensa\\\/viajar\\\/arco-volcanico-centroamericano-fascina-al-mundo\\\/\",\"url\":\"https:\\\/\\\/www.visitcentroamerica.com\\\/sala-prensa\\\/viajar\\\/arco-volcanico-centroamericano-fascina-al-mundo\\\/\",\"name\":\"Qu\u00e9 es y c\u00f3mo visitar el famoso arco volc\u00e1nico centroamericano\",\"isPartOf\":{\"@id\":\"https:\\\/\\\/www.visitcentroamerica.com\\\/sala-prensa\\\/#website\"},\"primaryImageOfPage\":{\"@id\":\"https:\\\/\\\/www.visitcentroamerica.com\\\/sala-prensa\\\/viajar\\\/arco-volcanico-centroamericano-fascina-al-mundo\\\/#primaryimage\"},\"image\":{\"@id\":\"https:\\\/\\\/www.visitcentroamerica.com\\\/sala-prensa\\\/viajar\\\/arco-volcanico-centroamericano-fascina-al-mundo\\\/#primaryimage\"},\"thumbnailUrl\":\"https:\\\/\\\/www.visitcentroamerica.com\\\/sala-prensa\\\/wp-content\\\/uploads\\\/2020\\\/04\\\/arco-volcanico-centroamerica-destacada.jpg\",\"datePublished\":\"2020-04-22T11:02:46+00:00\",\"dateModified\":\"2020-06-08T09:05:59+00:00\",\"author\":{\"@id\":\"https:\\\/\\\/www.visitcentroamerica.com\\\/sala-prensa\\\/#\\\/schema\\\/person\\\/0aa3bd0dbaabaead6089ee3dd0cd7ae5\"},\"description\":\"Descubre cu\u00e1l es el pa\u00eds del arco volc\u00e1nico centroamericano con mayor n\u00famero de volcanes y cu\u00e1l de estos lugares que lo forman posee m\u00e1s en estado activo\",\"breadcrumb\":{\"@id\":\"https:\\\/\\\/www.visitcentroamerica.com\\\/sala-prensa\\\/viajar\\\/arco-volcanico-centroamericano-fascina-al-mundo\\\/#breadcrumb\"},\"inLanguage\":\"es\",\"potentialAction\":[{\"@type\":\"ReadAction\",\"target\":[\"https:\\\/\\\/www.visitcentroamerica.com\\\/sala-prensa\\\/viajar\\\/arco-volcanico-centroamericano-fascina-al-mundo\\\/\"]}]},{\"@type\":\"ImageObject\",\"inLanguage\":\"es\",\"@id\":\"https:\\\/\\\/www.visitcentroamerica.com\\\/sala-prensa\\\/viajar\\\/arco-volcanico-centroamericano-fascina-al-mundo\\\/#primaryimage\",\"url\":\"https:\\\/\\\/www.visitcentroamerica.com\\\/sala-prensa\\\/wp-content\\\/uploads\\\/2020\\\/04\\\/arco-volcanico-centroamerica-destacada.jpg\",\"contentUrl\":\"https:\\\/\\\/www.visitcentroamerica.com\\\/sala-prensa\\\/wp-content\\\/uploads\\\/2020\\\/04\\\/arco-volcanico-centroamerica-destacada.jpg\",\"width\":376,\"height\":282,\"caption\":\"Arco volc\u00e1nico - Centroam\u00e9rica\"},{\"@type\":\"BreadcrumbList\",\"@id\":\"https:\\\/\\\/www.visitcentroamerica.com\\\/sala-prensa\\\/viajar\\\/arco-volcanico-centroamericano-fascina-al-mundo\\\/#breadcrumb\",\"itemListElement\":[{\"@type\":\"ListItem\",\"position\":1,\"name\":\"Portada\",\"item\":\"https:\\\/\\\/www.visitcentroamerica.com\\\/sala-prensa\\\/\"},{\"@type\":\"ListItem\",\"position\":2,\"name\":\"El arco volc\u00e1nico centroamericano que fascina al mundo\"}]},{\"@type\":\"WebSite\",\"@id\":\"https:\\\/\\\/www.visitcentroamerica.com\\\/sala-prensa\\\/#website\",\"url\":\"https:\\\/\\\/www.visitcentroamerica.com\\\/sala-prensa\\\/\",\"name\":\"Sala de prensa\",\"description\":\"\",\"potentialAction\":[{\"@type\":\"SearchAction\",\"target\":{\"@type\":\"EntryPoint\",\"urlTemplate\":\"https:\\\/\\\/www.visitcentroamerica.com\\\/sala-prensa\\\/?s={search_term_string}\"},\"query-input\":{\"@type\":\"PropertyValueSpecification\",\"valueRequired\":true,\"valueName\":\"search_term_string\"}}],\"inLanguage\":\"es\"},{\"@type\":\"Person\",\"@id\":\"https:\\\/\\\/www.visitcentroamerica.com\\\/sala-prensa\\\/#\\\/schema\\\/person\\\/0aa3bd0dbaabaead6089ee3dd0cd7ae5\",\"name\":\"Denis Alvarado\",\"image\":{\"@type\":\"ImageObject\",\"inLanguage\":\"es\",\"@id\":\"https:\\\/\\\/secure.gravatar.com\\\/avatar\\\/c31f0697f6edb7c68d5dedc2ccbd548d2a9f73aa293e81c6a1425229ec4c9135?s=96&d=mm&r=g\",\"url\":\"https:\\\/\\\/secure.gravatar.com\\\/avatar\\\/c31f0697f6edb7c68d5dedc2ccbd548d2a9f73aa293e81c6a1425229ec4c9135?s=96&d=mm&r=g\",\"contentUrl\":\"https:\\\/\\\/secure.gravatar.com\\\/avatar\\\/c31f0697f6edb7c68d5dedc2ccbd548d2a9f73aa293e81c6a1425229ec4c9135?s=96&d=mm&r=g\",\"caption\":\"Denis Alvarado\"},\"url\":\"https:\\\/\\\/www.visitcentroamerica.com\\\/sala-prensa\\\/author\\\/denis\\\/\"}]}<\/script>\n<!-- \/ Yoast SEO plugin. -->","yoast_head_json":{"title":"Qu\u00e9 es y c\u00f3mo visitar el famoso arco volc\u00e1nico centroamericano","description":"Descubre cu\u00e1l es el pa\u00eds del arco volc\u00e1nico centroamericano con mayor n\u00famero de volcanes y cu\u00e1l de estos lugares que lo forman posee m\u00e1s en estado activo","robots":{"index":"index","follow":"follow","max-snippet":"max-snippet:-1","max-image-preview":"max-image-preview:large","max-video-preview":"max-video-preview:-1"},"canonical":"https:\/\/www.visitcentroamerica.com\/sala-prensa\/viajar\/arco-volcanico-centroamericano-fascina-al-mundo\/","og_locale":"es_ES","og_type":"article","og_title":"Qu\u00e9 es y c\u00f3mo visitar el famoso arco volc\u00e1nico centroamericano","og_description":"Descubre cu\u00e1l es el pa\u00eds del arco volc\u00e1nico centroamericano con mayor n\u00famero de volcanes y cu\u00e1l de estos lugares que lo forman posee m\u00e1s en estado activo","og_url":"https:\/\/www.visitcentroamerica.com\/sala-prensa\/viajar\/arco-volcanico-centroamericano-fascina-al-mundo\/","og_site_name":"Sala de prensa","article_published_time":"2020-04-22T11:02:46+00:00","article_modified_time":"2020-06-08T09:05:59+00:00","og_image":[{"width":376,"height":282,"url":"https:\/\/www.visitcentroamerica.com\/sala-prensa\/wp-content\/uploads\/2020\/04\/arco-volcanico-centroamerica-destacada.jpg","type":"image\/jpeg"}],"author":"Denis Alvarado","twitter_card":"summary_large_image","twitter_misc":{"Escrito por":"Denis Alvarado","Tiempo de lectura":"1 minuto"},"schema":{"@context":"https:\/\/schema.org","@graph":[{"@type":"Article","@id":"https:\/\/www.visitcentroamerica.com\/sala-prensa\/viajar\/arco-volcanico-centroamericano-fascina-al-mundo\/#article","isPartOf":{"@id":"https:\/\/www.visitcentroamerica.com\/sala-prensa\/viajar\/arco-volcanico-centroamericano-fascina-al-mundo\/"},"author":{"name":"Denis Alvarado","@id":"https:\/\/www.visitcentroamerica.com\/sala-prensa\/#\/schema\/person\/0aa3bd0dbaabaead6089ee3dd0cd7ae5"},"headline":"El arco volc\u00e1nico centroamericano que fascina al mundo","datePublished":"2020-04-22T11:02:46+00:00","dateModified":"2020-06-08T09:05:59+00:00","mainEntityOfPage":{"@id":"https:\/\/www.visitcentroamerica.com\/sala-prensa\/viajar\/arco-volcanico-centroamericano-fascina-al-mundo\/"},"wordCount":276,"image":{"@id":"https:\/\/www.visitcentroamerica.com\/sala-prensa\/viajar\/arco-volcanico-centroamericano-fascina-al-mundo\/#primaryimage"},"thumbnailUrl":"https:\/\/www.visitcentroamerica.com\/sala-prensa\/wp-content\/uploads\/2020\/04\/arco-volcanico-centroamerica-destacada.jpg","articleSection":["Aventura","Naturaleza","Otros","Viajar"],"inLanguage":"es"},{"@type":"WebPage","@id":"https:\/\/www.visitcentroamerica.com\/sala-prensa\/viajar\/arco-volcanico-centroamericano-fascina-al-mundo\/","url":"https:\/\/www.visitcentroamerica.com\/sala-prensa\/viajar\/arco-volcanico-centroamericano-fascina-al-mundo\/","name":"Qu\u00e9 es y c\u00f3mo visitar el famoso arco volc\u00e1nico centroamericano","isPartOf":{"@id":"https:\/\/www.visitcentroamerica.com\/sala-prensa\/#website"},"primaryImageOfPage":{"@id":"https:\/\/www.visitcentroamerica.com\/sala-prensa\/viajar\/arco-volcanico-centroamericano-fascina-al-mundo\/#primaryimage"},"image":{"@id":"https:\/\/www.visitcentroamerica.com\/sala-prensa\/viajar\/arco-volcanico-centroamericano-fascina-al-mundo\/#primaryimage"},"thumbnailUrl":"https:\/\/www.visitcentroamerica.com\/sala-prensa\/wp-content\/uploads\/2020\/04\/arco-volcanico-centroamerica-destacada.jpg","datePublished":"2020-04-22T11:02:46+00:00","dateModified":"2020-06-08T09:05:59+00:00","author":{"@id":"https:\/\/www.visitcentroamerica.com\/sala-prensa\/#\/schema\/person\/0aa3bd0dbaabaead6089ee3dd0cd7ae5"},"description":"Descubre cu\u00e1l es el pa\u00eds del arco volc\u00e1nico centroamericano con mayor n\u00famero de volcanes y cu\u00e1l de estos lugares que lo forman posee m\u00e1s en estado activo","breadcrumb":{"@id":"https:\/\/www.visitcentroamerica.com\/sala-prensa\/viajar\/arco-volcanico-centroamericano-fascina-al-mundo\/#breadcrumb"},"inLanguage":"es","potentialAction":[{"@type":"ReadAction","target":["https:\/\/www.visitcentroamerica.com\/sala-prensa\/viajar\/arco-volcanico-centroamericano-fascina-al-mundo\/"]}]},{"@type":"ImageObject","inLanguage":"es","@id":"https:\/\/www.visitcentroamerica.com\/sala-prensa\/viajar\/arco-volcanico-centroamericano-fascina-al-mundo\/#primaryimage","url":"https:\/\/www.visitcentroamerica.com\/sala-prensa\/wp-content\/uploads\/2020\/04\/arco-volcanico-centroamerica-destacada.jpg","contentUrl":"https:\/\/www.visitcentroamerica.com\/sala-prensa\/wp-content\/uploads\/2020\/04\/arco-volcanico-centroamerica-destacada.jpg","width":376,"height":282,"caption":"Arco volc\u00e1nico - Centroam\u00e9rica"},{"@type":"BreadcrumbList","@id":"https:\/\/www.visitcentroamerica.com\/sala-prensa\/viajar\/arco-volcanico-centroamericano-fascina-al-mundo\/#breadcrumb","itemListElement":[{"@type":"ListItem","position":1,"name":"Portada","item":"https:\/\/www.visitcentroamerica.com\/sala-prensa\/"},{"@type":"ListItem","position":2,"name":"El arco volc\u00e1nico centroamericano que fascina al mundo"}]},{"@type":"WebSite","@id":"https:\/\/www.visitcentroamerica.com\/sala-prensa\/#website","url":"https:\/\/www.visitcentroamerica.com\/sala-prensa\/","name":"Sala de prensa","description":"","potentialAction":[{"@type":"SearchAction","target":{"@type":"EntryPoint","urlTemplate":"https:\/\/www.visitcentroamerica.com\/sala-prensa\/?s={search_term_string}"},"query-input":{"@type":"PropertyValueSpecification","valueRequired":true,"valueName":"search_term_string"}}],"inLanguage":"es"},{"@type":"Person","@id":"https:\/\/www.visitcentroamerica.com\/sala-prensa\/#\/schema\/person\/0aa3bd0dbaabaead6089ee3dd0cd7ae5","name":"Denis Alvarado","image":{"@type":"ImageObject","inLanguage":"es","@id":"https:\/\/secure.gravatar.com\/avatar\/c31f0697f6edb7c68d5dedc2ccbd548d2a9f73aa293e81c6a1425229ec4c9135?s=96&d=mm&r=g","url":"https:\/\/secure.gravatar.com\/avatar\/c31f0697f6edb7c68d5dedc2ccbd548d2a9f73aa293e81c6a1425229ec4c9135?s=96&d=mm&r=g","contentUrl":"https:\/\/secure.gravatar.com\/avatar\/c31f0697f6edb7c68d5dedc2ccbd548d2a9f73aa293e81c6a1425229ec4c9135?s=96&d=mm&r=g","caption":"Denis Alvarado"},"url":"https:\/\/www.visitcentroamerica.com\/sala-prensa\/author\/denis\/"}]}},"_links":{"self":[{"href":"https:\/\/www.visitcentroamerica.com\/sala-prensa\/wp-json\/wp\/v2\/posts\/9351","targetHints":{"allow":["GET"]}}],"collection":[{"href":"https:\/\/www.visitcentroamerica.com\/sala-prensa\/wp-json\/wp\/v2\/posts"}],"about":[{"href":"https:\/\/www.visitcentroamerica.com\/sala-prensa\/wp-json\/wp\/v2\/types\/post"}],"author":[{"embeddable":true,"href":"https:\/\/www.visitcentroamerica.com\/sala-prensa\/wp-json\/wp\/v2\/users\/5"}],"replies":[{"embeddable":true,"href":"https:\/\/www.visitcentroamerica.com\/sala-prensa\/wp-json\/wp\/v2\/comments?post=9351"}],"version-history":[{"count":1,"href":"https:\/\/www.visitcentroamerica.com\/sala-prensa\/wp-json\/wp\/v2\/posts\/9351\/revisions"}],"predecessor-version":[{"id":9402,"href":"https:\/\/www.visitcentroamerica.com\/sala-prensa\/wp-json\/wp\/v2\/posts\/9351\/revisions\/9402"}],"wp:featuredmedia":[{"embeddable":true,"href":"https:\/\/www.visitcentroamerica.com\/sala-prensa\/wp-json\/wp\/v2\/media\/9400"}],"wp:attachment":[{"href":"https:\/\/www.visitcentroamerica.com\/sala-prensa\/wp-json\/wp\/v2\/media?parent=9351"}],"wp:term":[{"taxonomy":"category","embeddable":true,"href":"https:\/\/www.visitcentroamerica.com\/sala-prensa\/wp-json\/wp\/v2\/categories?post=9351"},{"taxonomy":"post_tag","embeddable":true,"href":"https:\/\/www.visitcentroamerica.com\/sala-prensa\/wp-json\/wp\/v2\/tags?post=9351"}],"curies":[{"name":"wp","href":"https:\/\/api.w.org\/{rel}","templated":true}]}}