{"id":8891,"date":"2019-11-24T11:42:56","date_gmt":"2019-11-24T11:42:56","guid":{"rendered":"https:\/\/www.visitcentroamerica.com\/?p=8891"},"modified":"2020-06-02T14:06:07","modified_gmt":"2020-06-02T14:06:07","slug":"se-vive-la-navidad-centroamerica","status":"publish","type":"post","link":"https:\/\/www.visitcentroamerica.com\/sala-prensa\/viajar\/se-vive-la-navidad-centroamerica\/","title":{"rendered":"\u00bfC\u00f3mo se vive la Navidad en Centroam\u00e9rica?"},"content":{"rendered":"<p>Despedir el a\u00f1o y recibir uno nuevo fuera supone una experiencia \u00fanica. M\u00e1s si es en Panam\u00e1, Guatemala y Nicaragua. Aqu\u00ed se celebran las <strong>festividades navide\u00f1as en Centroam\u00e9rica<\/strong> m\u00e1s originales. Esto es lo que te espera si emprendes este viaje multidestino.<\/p>\n<p><img decoding=\"async\" src=\"https:\/\/www.visitcentroamerica.com\/wp-content\/uploads\/2019\/11\/navidades-centroamerica-1.jpg\" \/><\/p>\n<h3 style=\"margin-top: 30px; margin-bottom: 15px;\">C\u00f3mo se celebra la Navidad en Centroam\u00e9rica<\/h3>\n<p><strong>Las Posadas<\/strong> es una tradici\u00f3n arraigada. Se celebra en los tres pa\u00edses los nueve d\u00edas antes de Navidad. Se representa el peregrinaje hacia Bel\u00e9n con velas y se rompen <strong>pi\u00f1atas<\/strong> de siete puntas que simbolizan los pecados capitales.<br \/>\nOtra tradici\u00f3n compartida es la cena copiosa en <strong>Nochebuena<\/strong> y <strong>Nochevieja<\/strong>. En Guatemala se toman tamales; en Panam\u00e1, arroz con guand\u00fa, y en Nicaragua, gallina rellena.<\/p>\n<h3 style=\"margin-top: 30px; margin-bottom: 15px;\">Navidad en Panam\u00e1<\/h3>\n<p>As\u00f3mbrate con los <strong>concursos de decoraci\u00f3n<\/strong> vecinales en viviendas y calles, y con el <strong>D\u00eda de las Madres<\/strong> (8 de diciembre). Las familias se re\u00fanen en la considerada antesala a la Navidad.<\/p>\n<h3 style=\"margin-top: 30px; margin-bottom: 15px;\">Navidad en Guatemala<\/h3>\n<p><strong>La quema del diablo<\/strong> dura todas las Navidades. Se prende fuego a una pi\u00f1ata con forma de demonio para destruir la maldad. Tambi\u00e9n destaca la <strong>procesi\u00f3n<\/strong> con im\u00e1genes de Jos\u00e9 y Mar\u00eda vestidos de peregrinos.<\/p>\n<h3 style=\"margin-top: 30px; margin-bottom: 15px;\">Navidad en Nicaragua<\/h3>\n<p>Te aconsejo participar en el <strong>Amigo Secreto<\/strong>. Escoge un papel con el nombre de la persona a la que debes regalarle. Luego, sorpr\u00e9ndete con Pap\u00e1 Noel y con los <strong>fuegos artificiales<\/strong> de <strong>A\u00f1o Nuevo<\/strong>.<\/p>\n<p>Estas son las <strong>festividades navide\u00f1as en Centroam\u00e9rica<\/strong> m\u00e1s relevantes. Conoce m\u00e1s visitando <a href=\"https:\/\/www.visitcentroamerica.com\">nuestra web<\/a>.<\/p>\n","protected":false},"excerpt":{"rendered":"<p>Despedir el a\u00f1o y recibir uno nuevo fuera supone una experiencia \u00fanica. M\u00e1s si es en Panam\u00e1, Guatemala y Nicaragua. Aqu\u00ed se celebran las festividades navide\u00f1as en Centroam\u00e9rica m\u00e1s originales. Esto es lo que te espera si emprendes este viaje multidestino. C\u00f3mo se celebra la Navidad en Centroam\u00e9rica Las Posadas es una tradici\u00f3n arraigada. Se [&hellip;]<\/p>\n","protected":false},"author":5,"featured_media":9510,"comment_status":"closed","ping_status":"closed","sticky":false,"template":"","format":"standard","meta":{"footnotes":""},"categories":[38,39,25],"tags":[],"class_list":{"0":"post-8891","1":"post","2":"type-post","3":"status-publish","4":"format-standard","5":"has-post-thumbnail","7":"category-fiestas","8":"category-gastronomia","9":"category-viajar"},"yoast_head":"<!-- This site is optimized with the Yoast SEO plugin v27.3 - https:\/\/yoast.com\/product\/yoast-seo-wordpress\/ -->\n<title>Estas son las festividades navide\u00f1as en Centroam\u00e9rica m\u00e1s curiosas<\/title>\n<meta name=\"description\" content=\"\u00bfDeseas una Navidad distinta? Conoce tradiciones de Panam\u00e1, Guatemala y Nicaragua, tres pa\u00edses con las festividades navide\u00f1as en Centroam\u00e9rica m\u00e1s ricas\" \/>\n<meta name=\"robots\" content=\"index, follow, max-snippet:-1, max-image-preview:large, max-video-preview:-1\" \/>\n<link rel=\"canonical\" href=\"https:\/\/www.visitcentroamerica.com\/sala-prensa\/viajar\/se-vive-la-navidad-centroamerica\/\" \/>\n<meta property=\"og:locale\" content=\"es_ES\" \/>\n<meta property=\"og:type\" content=\"article\" \/>\n<meta property=\"og:title\" content=\"Estas son las festividades navide\u00f1as en Centroam\u00e9rica m\u00e1s curiosas\" \/>\n<meta property=\"og:description\" content=\"\u00bfDeseas una Navidad distinta? Conoce tradiciones de Panam\u00e1, Guatemala y Nicaragua, tres pa\u00edses con las festividades navide\u00f1as en Centroam\u00e9rica m\u00e1s ricas\" \/>\n<meta property=\"og:url\" content=\"https:\/\/www.visitcentroamerica.com\/sala-prensa\/viajar\/se-vive-la-navidad-centroamerica\/\" \/>\n<meta property=\"og:site_name\" content=\"Sala de prensa\" \/>\n<meta property=\"article:published_time\" content=\"2019-11-24T11:42:56+00:00\" \/>\n<meta property=\"article:modified_time\" content=\"2020-06-02T14:06:07+00:00\" \/>\n<meta property=\"og:image\" content=\"https:\/\/www.visitcentroamerica.com\/sala-prensa\/wp-content\/uploads\/2019\/11\/navidad-centroamerica-1.jpg\" \/>\n\t<meta property=\"og:image:width\" content=\"376\" \/>\n\t<meta property=\"og:image:height\" content=\"282\" \/>\n\t<meta property=\"og:image:type\" content=\"image\/jpeg\" \/>\n<meta name=\"author\" content=\"Denis Alvarado\" \/>\n<meta name=\"twitter:card\" content=\"summary_large_image\" \/>\n<meta name=\"twitter:label1\" content=\"Escrito por\" \/>\n\t<meta name=\"twitter:data1\" content=\"Denis Alvarado\" \/>\n\t<meta name=\"twitter:label2\" content=\"Tiempo de lectura\" \/>\n\t<meta name=\"twitter:data2\" content=\"1 minuto\" \/>\n<script type=\"application\/ld+json\" class=\"yoast-schema-graph\">{\"@context\":\"https:\\\/\\\/schema.org\",\"@graph\":[{\"@type\":\"Article\",\"@id\":\"https:\\\/\\\/www.visitcentroamerica.com\\\/sala-prensa\\\/viajar\\\/se-vive-la-navidad-centroamerica\\\/#article\",\"isPartOf\":{\"@id\":\"https:\\\/\\\/www.visitcentroamerica.com\\\/sala-prensa\\\/viajar\\\/se-vive-la-navidad-centroamerica\\\/\"},\"author\":{\"name\":\"Denis Alvarado\",\"@id\":\"https:\\\/\\\/www.visitcentroamerica.com\\\/sala-prensa\\\/#\\\/schema\\\/person\\\/0aa3bd0dbaabaead6089ee3dd0cd7ae5\"},\"headline\":\"\u00bfC\u00f3mo se vive la Navidad en Centroam\u00e9rica?\",\"datePublished\":\"2019-11-24T11:42:56+00:00\",\"dateModified\":\"2020-06-02T14:06:07+00:00\",\"mainEntityOfPage\":{\"@id\":\"https:\\\/\\\/www.visitcentroamerica.com\\\/sala-prensa\\\/viajar\\\/se-vive-la-navidad-centroamerica\\\/\"},\"wordCount\":272,\"image\":{\"@id\":\"https:\\\/\\\/www.visitcentroamerica.com\\\/sala-prensa\\\/viajar\\\/se-vive-la-navidad-centroamerica\\\/#primaryimage\"},\"thumbnailUrl\":\"https:\\\/\\\/www.visitcentroamerica.com\\\/sala-prensa\\\/wp-content\\\/uploads\\\/2019\\\/11\\\/navidad-centroamerica-1.jpg\",\"articleSection\":[\"Fiestas\",\"Gastronom\u00eda\",\"Viajar\"],\"inLanguage\":\"es\"},{\"@type\":\"WebPage\",\"@id\":\"https:\\\/\\\/www.visitcentroamerica.com\\\/sala-prensa\\\/viajar\\\/se-vive-la-navidad-centroamerica\\\/\",\"url\":\"https:\\\/\\\/www.visitcentroamerica.com\\\/sala-prensa\\\/viajar\\\/se-vive-la-navidad-centroamerica\\\/\",\"name\":\"Estas son las festividades navide\u00f1as en Centroam\u00e9rica m\u00e1s curiosas\",\"isPartOf\":{\"@id\":\"https:\\\/\\\/www.visitcentroamerica.com\\\/sala-prensa\\\/#website\"},\"primaryImageOfPage\":{\"@id\":\"https:\\\/\\\/www.visitcentroamerica.com\\\/sala-prensa\\\/viajar\\\/se-vive-la-navidad-centroamerica\\\/#primaryimage\"},\"image\":{\"@id\":\"https:\\\/\\\/www.visitcentroamerica.com\\\/sala-prensa\\\/viajar\\\/se-vive-la-navidad-centroamerica\\\/#primaryimage\"},\"thumbnailUrl\":\"https:\\\/\\\/www.visitcentroamerica.com\\\/sala-prensa\\\/wp-content\\\/uploads\\\/2019\\\/11\\\/navidad-centroamerica-1.jpg\",\"datePublished\":\"2019-11-24T11:42:56+00:00\",\"dateModified\":\"2020-06-02T14:06:07+00:00\",\"author\":{\"@id\":\"https:\\\/\\\/www.visitcentroamerica.com\\\/sala-prensa\\\/#\\\/schema\\\/person\\\/0aa3bd0dbaabaead6089ee3dd0cd7ae5\"},\"description\":\"\u00bfDeseas una Navidad distinta? Conoce tradiciones de Panam\u00e1, Guatemala y Nicaragua, tres pa\u00edses con las festividades navide\u00f1as en Centroam\u00e9rica m\u00e1s ricas\",\"breadcrumb\":{\"@id\":\"https:\\\/\\\/www.visitcentroamerica.com\\\/sala-prensa\\\/viajar\\\/se-vive-la-navidad-centroamerica\\\/#breadcrumb\"},\"inLanguage\":\"es\",\"potentialAction\":[{\"@type\":\"ReadAction\",\"target\":[\"https:\\\/\\\/www.visitcentroamerica.com\\\/sala-prensa\\\/viajar\\\/se-vive-la-navidad-centroamerica\\\/\"]}]},{\"@type\":\"ImageObject\",\"inLanguage\":\"es\",\"@id\":\"https:\\\/\\\/www.visitcentroamerica.com\\\/sala-prensa\\\/viajar\\\/se-vive-la-navidad-centroamerica\\\/#primaryimage\",\"url\":\"https:\\\/\\\/www.visitcentroamerica.com\\\/sala-prensa\\\/wp-content\\\/uploads\\\/2019\\\/11\\\/navidad-centroamerica-1.jpg\",\"contentUrl\":\"https:\\\/\\\/www.visitcentroamerica.com\\\/sala-prensa\\\/wp-content\\\/uploads\\\/2019\\\/11\\\/navidad-centroamerica-1.jpg\",\"width\":376,\"height\":282,\"caption\":\"Navidad - Centroam\u00e9rica\"},{\"@type\":\"BreadcrumbList\",\"@id\":\"https:\\\/\\\/www.visitcentroamerica.com\\\/sala-prensa\\\/viajar\\\/se-vive-la-navidad-centroamerica\\\/#breadcrumb\",\"itemListElement\":[{\"@type\":\"ListItem\",\"position\":1,\"name\":\"Portada\",\"item\":\"https:\\\/\\\/www.visitcentroamerica.com\\\/sala-prensa\\\/\"},{\"@type\":\"ListItem\",\"position\":2,\"name\":\"\u00bfC\u00f3mo se vive la Navidad en Centroam\u00e9rica?\"}]},{\"@type\":\"WebSite\",\"@id\":\"https:\\\/\\\/www.visitcentroamerica.com\\\/sala-prensa\\\/#website\",\"url\":\"https:\\\/\\\/www.visitcentroamerica.com\\\/sala-prensa\\\/\",\"name\":\"Sala de prensa\",\"description\":\"\",\"potentialAction\":[{\"@type\":\"SearchAction\",\"target\":{\"@type\":\"EntryPoint\",\"urlTemplate\":\"https:\\\/\\\/www.visitcentroamerica.com\\\/sala-prensa\\\/?s={search_term_string}\"},\"query-input\":{\"@type\":\"PropertyValueSpecification\",\"valueRequired\":true,\"valueName\":\"search_term_string\"}}],\"inLanguage\":\"es\"},{\"@type\":\"Person\",\"@id\":\"https:\\\/\\\/www.visitcentroamerica.com\\\/sala-prensa\\\/#\\\/schema\\\/person\\\/0aa3bd0dbaabaead6089ee3dd0cd7ae5\",\"name\":\"Denis Alvarado\",\"image\":{\"@type\":\"ImageObject\",\"inLanguage\":\"es\",\"@id\":\"https:\\\/\\\/secure.gravatar.com\\\/avatar\\\/c31f0697f6edb7c68d5dedc2ccbd548d2a9f73aa293e81c6a1425229ec4c9135?s=96&d=mm&r=g\",\"url\":\"https:\\\/\\\/secure.gravatar.com\\\/avatar\\\/c31f0697f6edb7c68d5dedc2ccbd548d2a9f73aa293e81c6a1425229ec4c9135?s=96&d=mm&r=g\",\"contentUrl\":\"https:\\\/\\\/secure.gravatar.com\\\/avatar\\\/c31f0697f6edb7c68d5dedc2ccbd548d2a9f73aa293e81c6a1425229ec4c9135?s=96&d=mm&r=g\",\"caption\":\"Denis Alvarado\"},\"url\":\"https:\\\/\\\/www.visitcentroamerica.com\\\/sala-prensa\\\/author\\\/denis\\\/\"}]}<\/script>\n<!-- \/ Yoast SEO plugin. -->","yoast_head_json":{"title":"Estas son las festividades navide\u00f1as en Centroam\u00e9rica m\u00e1s curiosas","description":"\u00bfDeseas una Navidad distinta? Conoce tradiciones de Panam\u00e1, Guatemala y Nicaragua, tres pa\u00edses con las festividades navide\u00f1as en Centroam\u00e9rica m\u00e1s ricas","robots":{"index":"index","follow":"follow","max-snippet":"max-snippet:-1","max-image-preview":"max-image-preview:large","max-video-preview":"max-video-preview:-1"},"canonical":"https:\/\/www.visitcentroamerica.com\/sala-prensa\/viajar\/se-vive-la-navidad-centroamerica\/","og_locale":"es_ES","og_type":"article","og_title":"Estas son las festividades navide\u00f1as en Centroam\u00e9rica m\u00e1s curiosas","og_description":"\u00bfDeseas una Navidad distinta? Conoce tradiciones de Panam\u00e1, Guatemala y Nicaragua, tres pa\u00edses con las festividades navide\u00f1as en Centroam\u00e9rica m\u00e1s ricas","og_url":"https:\/\/www.visitcentroamerica.com\/sala-prensa\/viajar\/se-vive-la-navidad-centroamerica\/","og_site_name":"Sala de prensa","article_published_time":"2019-11-24T11:42:56+00:00","article_modified_time":"2020-06-02T14:06:07+00:00","og_image":[{"width":376,"height":282,"url":"https:\/\/www.visitcentroamerica.com\/sala-prensa\/wp-content\/uploads\/2019\/11\/navidad-centroamerica-1.jpg","type":"image\/jpeg"}],"author":"Denis Alvarado","twitter_card":"summary_large_image","twitter_misc":{"Escrito por":"Denis Alvarado","Tiempo de lectura":"1 minuto"},"schema":{"@context":"https:\/\/schema.org","@graph":[{"@type":"Article","@id":"https:\/\/www.visitcentroamerica.com\/sala-prensa\/viajar\/se-vive-la-navidad-centroamerica\/#article","isPartOf":{"@id":"https:\/\/www.visitcentroamerica.com\/sala-prensa\/viajar\/se-vive-la-navidad-centroamerica\/"},"author":{"name":"Denis Alvarado","@id":"https:\/\/www.visitcentroamerica.com\/sala-prensa\/#\/schema\/person\/0aa3bd0dbaabaead6089ee3dd0cd7ae5"},"headline":"\u00bfC\u00f3mo se vive la Navidad en Centroam\u00e9rica?","datePublished":"2019-11-24T11:42:56+00:00","dateModified":"2020-06-02T14:06:07+00:00","mainEntityOfPage":{"@id":"https:\/\/www.visitcentroamerica.com\/sala-prensa\/viajar\/se-vive-la-navidad-centroamerica\/"},"wordCount":272,"image":{"@id":"https:\/\/www.visitcentroamerica.com\/sala-prensa\/viajar\/se-vive-la-navidad-centroamerica\/#primaryimage"},"thumbnailUrl":"https:\/\/www.visitcentroamerica.com\/sala-prensa\/wp-content\/uploads\/2019\/11\/navidad-centroamerica-1.jpg","articleSection":["Fiestas","Gastronom\u00eda","Viajar"],"inLanguage":"es"},{"@type":"WebPage","@id":"https:\/\/www.visitcentroamerica.com\/sala-prensa\/viajar\/se-vive-la-navidad-centroamerica\/","url":"https:\/\/www.visitcentroamerica.com\/sala-prensa\/viajar\/se-vive-la-navidad-centroamerica\/","name":"Estas son las festividades navide\u00f1as en Centroam\u00e9rica m\u00e1s curiosas","isPartOf":{"@id":"https:\/\/www.visitcentroamerica.com\/sala-prensa\/#website"},"primaryImageOfPage":{"@id":"https:\/\/www.visitcentroamerica.com\/sala-prensa\/viajar\/se-vive-la-navidad-centroamerica\/#primaryimage"},"image":{"@id":"https:\/\/www.visitcentroamerica.com\/sala-prensa\/viajar\/se-vive-la-navidad-centroamerica\/#primaryimage"},"thumbnailUrl":"https:\/\/www.visitcentroamerica.com\/sala-prensa\/wp-content\/uploads\/2019\/11\/navidad-centroamerica-1.jpg","datePublished":"2019-11-24T11:42:56+00:00","dateModified":"2020-06-02T14:06:07+00:00","author":{"@id":"https:\/\/www.visitcentroamerica.com\/sala-prensa\/#\/schema\/person\/0aa3bd0dbaabaead6089ee3dd0cd7ae5"},"description":"\u00bfDeseas una Navidad distinta? Conoce tradiciones de Panam\u00e1, Guatemala y Nicaragua, tres pa\u00edses con las festividades navide\u00f1as en Centroam\u00e9rica m\u00e1s ricas","breadcrumb":{"@id":"https:\/\/www.visitcentroamerica.com\/sala-prensa\/viajar\/se-vive-la-navidad-centroamerica\/#breadcrumb"},"inLanguage":"es","potentialAction":[{"@type":"ReadAction","target":["https:\/\/www.visitcentroamerica.com\/sala-prensa\/viajar\/se-vive-la-navidad-centroamerica\/"]}]},{"@type":"ImageObject","inLanguage":"es","@id":"https:\/\/www.visitcentroamerica.com\/sala-prensa\/viajar\/se-vive-la-navidad-centroamerica\/#primaryimage","url":"https:\/\/www.visitcentroamerica.com\/sala-prensa\/wp-content\/uploads\/2019\/11\/navidad-centroamerica-1.jpg","contentUrl":"https:\/\/www.visitcentroamerica.com\/sala-prensa\/wp-content\/uploads\/2019\/11\/navidad-centroamerica-1.jpg","width":376,"height":282,"caption":"Navidad - Centroam\u00e9rica"},{"@type":"BreadcrumbList","@id":"https:\/\/www.visitcentroamerica.com\/sala-prensa\/viajar\/se-vive-la-navidad-centroamerica\/#breadcrumb","itemListElement":[{"@type":"ListItem","position":1,"name":"Portada","item":"https:\/\/www.visitcentroamerica.com\/sala-prensa\/"},{"@type":"ListItem","position":2,"name":"\u00bfC\u00f3mo se vive la Navidad en Centroam\u00e9rica?"}]},{"@type":"WebSite","@id":"https:\/\/www.visitcentroamerica.com\/sala-prensa\/#website","url":"https:\/\/www.visitcentroamerica.com\/sala-prensa\/","name":"Sala de prensa","description":"","potentialAction":[{"@type":"SearchAction","target":{"@type":"EntryPoint","urlTemplate":"https:\/\/www.visitcentroamerica.com\/sala-prensa\/?s={search_term_string}"},"query-input":{"@type":"PropertyValueSpecification","valueRequired":true,"valueName":"search_term_string"}}],"inLanguage":"es"},{"@type":"Person","@id":"https:\/\/www.visitcentroamerica.com\/sala-prensa\/#\/schema\/person\/0aa3bd0dbaabaead6089ee3dd0cd7ae5","name":"Denis Alvarado","image":{"@type":"ImageObject","inLanguage":"es","@id":"https:\/\/secure.gravatar.com\/avatar\/c31f0697f6edb7c68d5dedc2ccbd548d2a9f73aa293e81c6a1425229ec4c9135?s=96&d=mm&r=g","url":"https:\/\/secure.gravatar.com\/avatar\/c31f0697f6edb7c68d5dedc2ccbd548d2a9f73aa293e81c6a1425229ec4c9135?s=96&d=mm&r=g","contentUrl":"https:\/\/secure.gravatar.com\/avatar\/c31f0697f6edb7c68d5dedc2ccbd548d2a9f73aa293e81c6a1425229ec4c9135?s=96&d=mm&r=g","caption":"Denis Alvarado"},"url":"https:\/\/www.visitcentroamerica.com\/sala-prensa\/author\/denis\/"}]}},"_links":{"self":[{"href":"https:\/\/www.visitcentroamerica.com\/sala-prensa\/wp-json\/wp\/v2\/posts\/8891","targetHints":{"allow":["GET"]}}],"collection":[{"href":"https:\/\/www.visitcentroamerica.com\/sala-prensa\/wp-json\/wp\/v2\/posts"}],"about":[{"href":"https:\/\/www.visitcentroamerica.com\/sala-prensa\/wp-json\/wp\/v2\/types\/post"}],"author":[{"embeddable":true,"href":"https:\/\/www.visitcentroamerica.com\/sala-prensa\/wp-json\/wp\/v2\/users\/5"}],"replies":[{"embeddable":true,"href":"https:\/\/www.visitcentroamerica.com\/sala-prensa\/wp-json\/wp\/v2\/comments?post=8891"}],"version-history":[{"count":2,"href":"https:\/\/www.visitcentroamerica.com\/sala-prensa\/wp-json\/wp\/v2\/posts\/8891\/revisions"}],"predecessor-version":[{"id":9887,"href":"https:\/\/www.visitcentroamerica.com\/sala-prensa\/wp-json\/wp\/v2\/posts\/8891\/revisions\/9887"}],"wp:featuredmedia":[{"embeddable":true,"href":"https:\/\/www.visitcentroamerica.com\/sala-prensa\/wp-json\/wp\/v2\/media\/9510"}],"wp:attachment":[{"href":"https:\/\/www.visitcentroamerica.com\/sala-prensa\/wp-json\/wp\/v2\/media?parent=8891"}],"wp:term":[{"taxonomy":"category","embeddable":true,"href":"https:\/\/www.visitcentroamerica.com\/sala-prensa\/wp-json\/wp\/v2\/categories?post=8891"},{"taxonomy":"post_tag","embeddable":true,"href":"https:\/\/www.visitcentroamerica.com\/sala-prensa\/wp-json\/wp\/v2\/tags?post=8891"}],"curies":[{"name":"wp","href":"https:\/\/api.w.org\/{rel}","templated":true}]}}