{"id":8856,"date":"2019-11-10T10:19:22","date_gmt":"2019-11-10T10:19:22","guid":{"rendered":"https:\/\/www.visitcentroamerica.com\/?p=8856"},"modified":"2020-06-02T14:15:23","modified_gmt":"2020-06-02T14:15:23","slug":"hicieron-los-mayas-belice-honduras","status":"publish","type":"post","link":"https:\/\/www.visitcentroamerica.com\/sala-prensa\/viajar\/hicieron-los-mayas-belice-honduras\/","title":{"rendered":"\u00bfQu\u00e9 hicieron los mayas en Belice y Honduras?"},"content":{"rendered":"<p>\u00bfAdoras las <strong>civilizaciones secretas<\/strong>? Entonces, te interesar\u00e1 conocer cada detalle de los mayas en Centroam\u00e9rica. \u00bfSab\u00edas que se extendieron desde Yucat\u00e1n hasta Honduras y del Pac\u00edfico al Caribe? Con semejante recorrido no asombra los cientos de acontecimientos que protagoniz\u00f3 una de las <strong>civilizaciones perdidas<\/strong>. \u00a1Zamb\u00fallete en este viaje por su historia en Honduras y Belice!<br \/>\n<img decoding=\"async\" style=\"margin-top: 30px;\" src=\"https:\/\/www.visitcentroamerica.com\/wp-content\/uploads\/2019\/11\/copan-honduras-civilizaciones-centroamerica.jpg\" \/><\/p>\n<h3 style=\"margin-top: 30px; margin-bottom: 15px;\">Hitos de una de las grandes civilizaciones prehisp\u00e1nicas<\/h3>\n<p>Los mayas llegaron a Belice en el 2600 a. C. Ocuparon <strong>Cuello<\/strong>, antes de fundar su centro pol\u00edtico: <a href=\"https:\/\/www.visitcentroamerica.com\/visitar\/sitio-arqueologico-caracol\/\"><strong>Caracol<\/strong> <\/a>(Cayo). Aqu\u00ed construyeron, durante el periodo cl\u00e1sico, su pir\u00e1mide tri\u00e1dica. <strong><a href=\"https:\/\/www.visitcentroamerica.com\/visitar\/sitio-arqueologico-lamanai\/\">Lamanai<\/a>, Canal Pech, Santa Rita, Altun Ha<\/strong>&#8230; En lugares como estos alcanzaron su apogeo y cayeron cuando llegaron los conquistadores espa\u00f1oles.<\/p>\n<p>En Honduras, los mayas ejercieron su mayor dominio en <a href=\"https:\/\/www.visitcentroamerica.com\/visitar\/ruinas-de-copan\/\"><strong>Cop\u00e1n<\/strong> <\/a>(siglos V-IX). Su hito m\u00e1s importante fue <strong>La Escalera de los Jerogl\u00edficos<\/strong>, donde tallaron eventos relevantes. Se asentaron en <strong>R\u00edo Amarillo<\/strong>, a 18 kil\u00f3metros, durante su \u00faltimo periodo.<\/p>\n<h3 style=\"margin-top: 30px; margin-bottom: 15px;\">Enclaves mayas visitables<\/h3>\n<p><strong>En Belice<\/strong><br \/>\n1. <a href=\"https:\/\/www.visitcentroamerica.com\/visitar\/sitio-arqueologico-xunantunich\/\"><strong>Xunant\u00fanich<\/strong><\/a>, centro ceremonial del periodo cl\u00e1sico con seis plazas y m\u00e1s de 25 templos.<br \/>\n2. <strong>Altun Ha<\/strong>, lugar comercial cuyo hallazgo significativo es la cabeza de jade.<br \/>\n3. <a href=\"https:\/\/www.visitcentroamerica.com\/visitar\/sitio-arqueologico-caracol\/\"><strong>Caracol<\/strong><\/a>, el centro maya m\u00e1s grande. Descubrir\u00e1s numerosos monumentos tallados.<\/p>\n<p><strong>En Honduras<\/strong><br \/>\n1. <a href=\"https:\/\/www.visitcentroamerica.com\/visitar\/ruinas-de-copan\/\"><strong>Cop\u00e1n<\/strong><\/a>, que tiene numerosas estelas en perfecto estado.<br \/>\n2. <strong>R\u00edo Amarillo<\/strong>, que refleja la ca\u00edda del Imperio con construcciones inacabadas.<\/p>\n<p>Conoce estos lugares y descubre m\u00e1s sobre las civilizaciones perdidas en <a href=\"https:\/\/www.visitcentroamerica.com\">nuestra web<\/a>. \u00a1Buen viaje al pasado!<\/p>\n","protected":false},"excerpt":{"rendered":"<p>\u00bfAdoras las civilizaciones secretas? Entonces, te interesar\u00e1 conocer cada detalle de los mayas en Centroam\u00e9rica. \u00bfSab\u00edas que se extendieron desde Yucat\u00e1n hasta Honduras y del Pac\u00edfico al Caribe? Con semejante recorrido no asombra los cientos de acontecimientos que protagoniz\u00f3 una de las civilizaciones perdidas. \u00a1Zamb\u00fallete en este viaje por su historia en Honduras y Belice! [&hellip;]<\/p>\n","protected":false},"author":5,"featured_media":9521,"comment_status":"closed","ping_status":"closed","sticky":false,"template":"","format":"standard","meta":{"footnotes":""},"categories":[27,28,29,32,25],"tags":[],"class_list":{"0":"post-8856","1":"post","2":"type-post","3":"status-publish","4":"format-standard","5":"has-post-thumbnail","7":"category-arqueologia-e-historia","8":"category-aventura","9":"category-cultura","10":"category-naturaleza","11":"category-viajar"},"yoast_head":"<!-- This site is optimized with the Yoast SEO plugin v27.3 - https:\/\/yoast.com\/product\/yoast-seo-wordpress\/ -->\n<title>Conoce la historia de una de las famosas civilizaciones perdidas<\/title>\n<meta name=\"description\" content=\"Viaja al pasado para conocer los asentamientos y los hitos m\u00e1s relevantes en Belice y Honduras de los mayas, una de las civilizaciones perdidas m\u00e1s famosas\" \/>\n<meta name=\"robots\" content=\"index, follow, max-snippet:-1, max-image-preview:large, max-video-preview:-1\" \/>\n<link rel=\"canonical\" href=\"https:\/\/www.visitcentroamerica.com\/sala-prensa\/viajar\/hicieron-los-mayas-belice-honduras\/\" \/>\n<meta property=\"og:locale\" content=\"es_ES\" \/>\n<meta property=\"og:type\" content=\"article\" \/>\n<meta property=\"og:title\" content=\"Conoce la historia de una de las famosas civilizaciones perdidas\" \/>\n<meta property=\"og:description\" content=\"Viaja al pasado para conocer los asentamientos y los hitos m\u00e1s relevantes en Belice y Honduras de los mayas, una de las civilizaciones perdidas m\u00e1s famosas\" \/>\n<meta property=\"og:url\" content=\"https:\/\/www.visitcentroamerica.com\/sala-prensa\/viajar\/hicieron-los-mayas-belice-honduras\/\" \/>\n<meta property=\"og:site_name\" content=\"Sala de prensa\" \/>\n<meta property=\"article:published_time\" content=\"2019-11-10T10:19:22+00:00\" \/>\n<meta property=\"article:modified_time\" content=\"2020-06-02T14:15:23+00:00\" \/>\n<meta property=\"og:image\" content=\"https:\/\/www.visitcentroamerica.com\/sala-prensa\/wp-content\/uploads\/2019\/11\/caracol-civilizaciones-belice-visitcentroamerica-destacada.jpg\" \/>\n\t<meta property=\"og:image:width\" content=\"376\" \/>\n\t<meta property=\"og:image:height\" content=\"282\" \/>\n\t<meta property=\"og:image:type\" content=\"image\/jpeg\" \/>\n<meta name=\"author\" content=\"Denis Alvarado\" \/>\n<meta name=\"twitter:card\" content=\"summary_large_image\" \/>\n<meta name=\"twitter:label1\" content=\"Escrito por\" \/>\n\t<meta name=\"twitter:data1\" content=\"Denis Alvarado\" \/>\n\t<meta name=\"twitter:label2\" content=\"Tiempo de lectura\" \/>\n\t<meta name=\"twitter:data2\" content=\"1 minuto\" \/>\n<script type=\"application\/ld+json\" class=\"yoast-schema-graph\">{\"@context\":\"https:\\\/\\\/schema.org\",\"@graph\":[{\"@type\":\"Article\",\"@id\":\"https:\\\/\\\/www.visitcentroamerica.com\\\/sala-prensa\\\/viajar\\\/hicieron-los-mayas-belice-honduras\\\/#article\",\"isPartOf\":{\"@id\":\"https:\\\/\\\/www.visitcentroamerica.com\\\/sala-prensa\\\/viajar\\\/hicieron-los-mayas-belice-honduras\\\/\"},\"author\":{\"name\":\"Denis Alvarado\",\"@id\":\"https:\\\/\\\/www.visitcentroamerica.com\\\/sala-prensa\\\/#\\\/schema\\\/person\\\/0aa3bd0dbaabaead6089ee3dd0cd7ae5\"},\"headline\":\"\u00bfQu\u00e9 hicieron los mayas en Belice y Honduras?\",\"datePublished\":\"2019-11-10T10:19:22+00:00\",\"dateModified\":\"2020-06-02T14:15:23+00:00\",\"mainEntityOfPage\":{\"@id\":\"https:\\\/\\\/www.visitcentroamerica.com\\\/sala-prensa\\\/viajar\\\/hicieron-los-mayas-belice-honduras\\\/\"},\"wordCount\":260,\"image\":{\"@id\":\"https:\\\/\\\/www.visitcentroamerica.com\\\/sala-prensa\\\/viajar\\\/hicieron-los-mayas-belice-honduras\\\/#primaryimage\"},\"thumbnailUrl\":\"https:\\\/\\\/www.visitcentroamerica.com\\\/sala-prensa\\\/wp-content\\\/uploads\\\/2019\\\/11\\\/caracol-civilizaciones-belice-visitcentroamerica-destacada.jpg\",\"articleSection\":[\"Arqueolog\u00eda e Historia\",\"Aventura\",\"Cultura\",\"Naturaleza\",\"Viajar\"],\"inLanguage\":\"es\"},{\"@type\":\"WebPage\",\"@id\":\"https:\\\/\\\/www.visitcentroamerica.com\\\/sala-prensa\\\/viajar\\\/hicieron-los-mayas-belice-honduras\\\/\",\"url\":\"https:\\\/\\\/www.visitcentroamerica.com\\\/sala-prensa\\\/viajar\\\/hicieron-los-mayas-belice-honduras\\\/\",\"name\":\"Conoce la historia de una de las famosas civilizaciones perdidas\",\"isPartOf\":{\"@id\":\"https:\\\/\\\/www.visitcentroamerica.com\\\/sala-prensa\\\/#website\"},\"primaryImageOfPage\":{\"@id\":\"https:\\\/\\\/www.visitcentroamerica.com\\\/sala-prensa\\\/viajar\\\/hicieron-los-mayas-belice-honduras\\\/#primaryimage\"},\"image\":{\"@id\":\"https:\\\/\\\/www.visitcentroamerica.com\\\/sala-prensa\\\/viajar\\\/hicieron-los-mayas-belice-honduras\\\/#primaryimage\"},\"thumbnailUrl\":\"https:\\\/\\\/www.visitcentroamerica.com\\\/sala-prensa\\\/wp-content\\\/uploads\\\/2019\\\/11\\\/caracol-civilizaciones-belice-visitcentroamerica-destacada.jpg\",\"datePublished\":\"2019-11-10T10:19:22+00:00\",\"dateModified\":\"2020-06-02T14:15:23+00:00\",\"author\":{\"@id\":\"https:\\\/\\\/www.visitcentroamerica.com\\\/sala-prensa\\\/#\\\/schema\\\/person\\\/0aa3bd0dbaabaead6089ee3dd0cd7ae5\"},\"description\":\"Viaja al pasado para conocer los asentamientos y los hitos m\u00e1s relevantes en Belice y Honduras de los mayas, una de las civilizaciones perdidas m\u00e1s famosas\",\"breadcrumb\":{\"@id\":\"https:\\\/\\\/www.visitcentroamerica.com\\\/sala-prensa\\\/viajar\\\/hicieron-los-mayas-belice-honduras\\\/#breadcrumb\"},\"inLanguage\":\"es\",\"potentialAction\":[{\"@type\":\"ReadAction\",\"target\":[\"https:\\\/\\\/www.visitcentroamerica.com\\\/sala-prensa\\\/viajar\\\/hicieron-los-mayas-belice-honduras\\\/\"]}]},{\"@type\":\"ImageObject\",\"inLanguage\":\"es\",\"@id\":\"https:\\\/\\\/www.visitcentroamerica.com\\\/sala-prensa\\\/viajar\\\/hicieron-los-mayas-belice-honduras\\\/#primaryimage\",\"url\":\"https:\\\/\\\/www.visitcentroamerica.com\\\/sala-prensa\\\/wp-content\\\/uploads\\\/2019\\\/11\\\/caracol-civilizaciones-belice-visitcentroamerica-destacada.jpg\",\"contentUrl\":\"https:\\\/\\\/www.visitcentroamerica.com\\\/sala-prensa\\\/wp-content\\\/uploads\\\/2019\\\/11\\\/caracol-civilizaciones-belice-visitcentroamerica-destacada.jpg\",\"width\":376,\"height\":282,\"caption\":\"Caracol - Civilizaciones - Belice - Centroam\u00e9rica\"},{\"@type\":\"BreadcrumbList\",\"@id\":\"https:\\\/\\\/www.visitcentroamerica.com\\\/sala-prensa\\\/viajar\\\/hicieron-los-mayas-belice-honduras\\\/#breadcrumb\",\"itemListElement\":[{\"@type\":\"ListItem\",\"position\":1,\"name\":\"Portada\",\"item\":\"https:\\\/\\\/www.visitcentroamerica.com\\\/sala-prensa\\\/\"},{\"@type\":\"ListItem\",\"position\":2,\"name\":\"\u00bfQu\u00e9 hicieron los mayas en Belice y Honduras?\"}]},{\"@type\":\"WebSite\",\"@id\":\"https:\\\/\\\/www.visitcentroamerica.com\\\/sala-prensa\\\/#website\",\"url\":\"https:\\\/\\\/www.visitcentroamerica.com\\\/sala-prensa\\\/\",\"name\":\"Sala de prensa\",\"description\":\"\",\"potentialAction\":[{\"@type\":\"SearchAction\",\"target\":{\"@type\":\"EntryPoint\",\"urlTemplate\":\"https:\\\/\\\/www.visitcentroamerica.com\\\/sala-prensa\\\/?s={search_term_string}\"},\"query-input\":{\"@type\":\"PropertyValueSpecification\",\"valueRequired\":true,\"valueName\":\"search_term_string\"}}],\"inLanguage\":\"es\"},{\"@type\":\"Person\",\"@id\":\"https:\\\/\\\/www.visitcentroamerica.com\\\/sala-prensa\\\/#\\\/schema\\\/person\\\/0aa3bd0dbaabaead6089ee3dd0cd7ae5\",\"name\":\"Denis Alvarado\",\"image\":{\"@type\":\"ImageObject\",\"inLanguage\":\"es\",\"@id\":\"https:\\\/\\\/secure.gravatar.com\\\/avatar\\\/c31f0697f6edb7c68d5dedc2ccbd548d2a9f73aa293e81c6a1425229ec4c9135?s=96&d=mm&r=g\",\"url\":\"https:\\\/\\\/secure.gravatar.com\\\/avatar\\\/c31f0697f6edb7c68d5dedc2ccbd548d2a9f73aa293e81c6a1425229ec4c9135?s=96&d=mm&r=g\",\"contentUrl\":\"https:\\\/\\\/secure.gravatar.com\\\/avatar\\\/c31f0697f6edb7c68d5dedc2ccbd548d2a9f73aa293e81c6a1425229ec4c9135?s=96&d=mm&r=g\",\"caption\":\"Denis Alvarado\"},\"url\":\"https:\\\/\\\/www.visitcentroamerica.com\\\/sala-prensa\\\/author\\\/denis\\\/\"}]}<\/script>\n<!-- \/ Yoast SEO plugin. -->","yoast_head_json":{"title":"Conoce la historia de una de las famosas civilizaciones perdidas","description":"Viaja al pasado para conocer los asentamientos y los hitos m\u00e1s relevantes en Belice y Honduras de los mayas, una de las civilizaciones perdidas m\u00e1s famosas","robots":{"index":"index","follow":"follow","max-snippet":"max-snippet:-1","max-image-preview":"max-image-preview:large","max-video-preview":"max-video-preview:-1"},"canonical":"https:\/\/www.visitcentroamerica.com\/sala-prensa\/viajar\/hicieron-los-mayas-belice-honduras\/","og_locale":"es_ES","og_type":"article","og_title":"Conoce la historia de una de las famosas civilizaciones perdidas","og_description":"Viaja al pasado para conocer los asentamientos y los hitos m\u00e1s relevantes en Belice y Honduras de los mayas, una de las civilizaciones perdidas m\u00e1s famosas","og_url":"https:\/\/www.visitcentroamerica.com\/sala-prensa\/viajar\/hicieron-los-mayas-belice-honduras\/","og_site_name":"Sala de prensa","article_published_time":"2019-11-10T10:19:22+00:00","article_modified_time":"2020-06-02T14:15:23+00:00","og_image":[{"width":376,"height":282,"url":"https:\/\/www.visitcentroamerica.com\/sala-prensa\/wp-content\/uploads\/2019\/11\/caracol-civilizaciones-belice-visitcentroamerica-destacada.jpg","type":"image\/jpeg"}],"author":"Denis Alvarado","twitter_card":"summary_large_image","twitter_misc":{"Escrito por":"Denis Alvarado","Tiempo de lectura":"1 minuto"},"schema":{"@context":"https:\/\/schema.org","@graph":[{"@type":"Article","@id":"https:\/\/www.visitcentroamerica.com\/sala-prensa\/viajar\/hicieron-los-mayas-belice-honduras\/#article","isPartOf":{"@id":"https:\/\/www.visitcentroamerica.com\/sala-prensa\/viajar\/hicieron-los-mayas-belice-honduras\/"},"author":{"name":"Denis Alvarado","@id":"https:\/\/www.visitcentroamerica.com\/sala-prensa\/#\/schema\/person\/0aa3bd0dbaabaead6089ee3dd0cd7ae5"},"headline":"\u00bfQu\u00e9 hicieron los mayas en Belice y Honduras?","datePublished":"2019-11-10T10:19:22+00:00","dateModified":"2020-06-02T14:15:23+00:00","mainEntityOfPage":{"@id":"https:\/\/www.visitcentroamerica.com\/sala-prensa\/viajar\/hicieron-los-mayas-belice-honduras\/"},"wordCount":260,"image":{"@id":"https:\/\/www.visitcentroamerica.com\/sala-prensa\/viajar\/hicieron-los-mayas-belice-honduras\/#primaryimage"},"thumbnailUrl":"https:\/\/www.visitcentroamerica.com\/sala-prensa\/wp-content\/uploads\/2019\/11\/caracol-civilizaciones-belice-visitcentroamerica-destacada.jpg","articleSection":["Arqueolog\u00eda e Historia","Aventura","Cultura","Naturaleza","Viajar"],"inLanguage":"es"},{"@type":"WebPage","@id":"https:\/\/www.visitcentroamerica.com\/sala-prensa\/viajar\/hicieron-los-mayas-belice-honduras\/","url":"https:\/\/www.visitcentroamerica.com\/sala-prensa\/viajar\/hicieron-los-mayas-belice-honduras\/","name":"Conoce la historia de una de las famosas civilizaciones perdidas","isPartOf":{"@id":"https:\/\/www.visitcentroamerica.com\/sala-prensa\/#website"},"primaryImageOfPage":{"@id":"https:\/\/www.visitcentroamerica.com\/sala-prensa\/viajar\/hicieron-los-mayas-belice-honduras\/#primaryimage"},"image":{"@id":"https:\/\/www.visitcentroamerica.com\/sala-prensa\/viajar\/hicieron-los-mayas-belice-honduras\/#primaryimage"},"thumbnailUrl":"https:\/\/www.visitcentroamerica.com\/sala-prensa\/wp-content\/uploads\/2019\/11\/caracol-civilizaciones-belice-visitcentroamerica-destacada.jpg","datePublished":"2019-11-10T10:19:22+00:00","dateModified":"2020-06-02T14:15:23+00:00","author":{"@id":"https:\/\/www.visitcentroamerica.com\/sala-prensa\/#\/schema\/person\/0aa3bd0dbaabaead6089ee3dd0cd7ae5"},"description":"Viaja al pasado para conocer los asentamientos y los hitos m\u00e1s relevantes en Belice y Honduras de los mayas, una de las civilizaciones perdidas m\u00e1s famosas","breadcrumb":{"@id":"https:\/\/www.visitcentroamerica.com\/sala-prensa\/viajar\/hicieron-los-mayas-belice-honduras\/#breadcrumb"},"inLanguage":"es","potentialAction":[{"@type":"ReadAction","target":["https:\/\/www.visitcentroamerica.com\/sala-prensa\/viajar\/hicieron-los-mayas-belice-honduras\/"]}]},{"@type":"ImageObject","inLanguage":"es","@id":"https:\/\/www.visitcentroamerica.com\/sala-prensa\/viajar\/hicieron-los-mayas-belice-honduras\/#primaryimage","url":"https:\/\/www.visitcentroamerica.com\/sala-prensa\/wp-content\/uploads\/2019\/11\/caracol-civilizaciones-belice-visitcentroamerica-destacada.jpg","contentUrl":"https:\/\/www.visitcentroamerica.com\/sala-prensa\/wp-content\/uploads\/2019\/11\/caracol-civilizaciones-belice-visitcentroamerica-destacada.jpg","width":376,"height":282,"caption":"Caracol - Civilizaciones - Belice - Centroam\u00e9rica"},{"@type":"BreadcrumbList","@id":"https:\/\/www.visitcentroamerica.com\/sala-prensa\/viajar\/hicieron-los-mayas-belice-honduras\/#breadcrumb","itemListElement":[{"@type":"ListItem","position":1,"name":"Portada","item":"https:\/\/www.visitcentroamerica.com\/sala-prensa\/"},{"@type":"ListItem","position":2,"name":"\u00bfQu\u00e9 hicieron los mayas en Belice y Honduras?"}]},{"@type":"WebSite","@id":"https:\/\/www.visitcentroamerica.com\/sala-prensa\/#website","url":"https:\/\/www.visitcentroamerica.com\/sala-prensa\/","name":"Sala de prensa","description":"","potentialAction":[{"@type":"SearchAction","target":{"@type":"EntryPoint","urlTemplate":"https:\/\/www.visitcentroamerica.com\/sala-prensa\/?s={search_term_string}"},"query-input":{"@type":"PropertyValueSpecification","valueRequired":true,"valueName":"search_term_string"}}],"inLanguage":"es"},{"@type":"Person","@id":"https:\/\/www.visitcentroamerica.com\/sala-prensa\/#\/schema\/person\/0aa3bd0dbaabaead6089ee3dd0cd7ae5","name":"Denis Alvarado","image":{"@type":"ImageObject","inLanguage":"es","@id":"https:\/\/secure.gravatar.com\/avatar\/c31f0697f6edb7c68d5dedc2ccbd548d2a9f73aa293e81c6a1425229ec4c9135?s=96&d=mm&r=g","url":"https:\/\/secure.gravatar.com\/avatar\/c31f0697f6edb7c68d5dedc2ccbd548d2a9f73aa293e81c6a1425229ec4c9135?s=96&d=mm&r=g","contentUrl":"https:\/\/secure.gravatar.com\/avatar\/c31f0697f6edb7c68d5dedc2ccbd548d2a9f73aa293e81c6a1425229ec4c9135?s=96&d=mm&r=g","caption":"Denis Alvarado"},"url":"https:\/\/www.visitcentroamerica.com\/sala-prensa\/author\/denis\/"}]}},"_links":{"self":[{"href":"https:\/\/www.visitcentroamerica.com\/sala-prensa\/wp-json\/wp\/v2\/posts\/8856","targetHints":{"allow":["GET"]}}],"collection":[{"href":"https:\/\/www.visitcentroamerica.com\/sala-prensa\/wp-json\/wp\/v2\/posts"}],"about":[{"href":"https:\/\/www.visitcentroamerica.com\/sala-prensa\/wp-json\/wp\/v2\/types\/post"}],"author":[{"embeddable":true,"href":"https:\/\/www.visitcentroamerica.com\/sala-prensa\/wp-json\/wp\/v2\/users\/5"}],"replies":[{"embeddable":true,"href":"https:\/\/www.visitcentroamerica.com\/sala-prensa\/wp-json\/wp\/v2\/comments?post=8856"}],"version-history":[{"count":2,"href":"https:\/\/www.visitcentroamerica.com\/sala-prensa\/wp-json\/wp\/v2\/posts\/8856\/revisions"}],"predecessor-version":[{"id":9891,"href":"https:\/\/www.visitcentroamerica.com\/sala-prensa\/wp-json\/wp\/v2\/posts\/8856\/revisions\/9891"}],"wp:featuredmedia":[{"embeddable":true,"href":"https:\/\/www.visitcentroamerica.com\/sala-prensa\/wp-json\/wp\/v2\/media\/9521"}],"wp:attachment":[{"href":"https:\/\/www.visitcentroamerica.com\/sala-prensa\/wp-json\/wp\/v2\/media?parent=8856"}],"wp:term":[{"taxonomy":"category","embeddable":true,"href":"https:\/\/www.visitcentroamerica.com\/sala-prensa\/wp-json\/wp\/v2\/categories?post=8856"},{"taxonomy":"post_tag","embeddable":true,"href":"https:\/\/www.visitcentroamerica.com\/sala-prensa\/wp-json\/wp\/v2\/tags?post=8856"}],"curies":[{"name":"wp","href":"https:\/\/api.w.org\/{rel}","templated":true}]}}