{"id":8649,"date":"2019-09-01T12:10:28","date_gmt":"2019-09-01T12:10:28","guid":{"rendered":"https:\/\/www.visitcentroamerica.com\/?p=8649"},"modified":"2020-06-22T09:40:32","modified_gmt":"2020-06-22T09:40:32","slug":"no-sera-capitulo-friends-aprenderas-mucho-compartiendo-piso-estas-ciudades","status":"publish","type":"post","link":"https:\/\/www.visitcentroamerica.com\/sala-prensa\/viajar\/no-sera-capitulo-friends-aprenderas-mucho-compartiendo-piso-estas-ciudades\/","title":{"rendered":"No ser\u00e1 un cap\u00edtulo de Friends, pero aprender\u00e1s mucho compartiendo piso en estas ciudades"},"content":{"rendered":"<p>Vivir en un <strong>piso de alquiler<\/strong> con compa\u00f1eros de otros pa\u00edses contribuye a mejorar tu <strong>educaci\u00f3n<\/strong> ling\u00fc\u00edstica. De hecho, residiendo durante un tiempo en Centroam\u00e9rica podr\u00e1s dejar a un lado el <strong>ingl\u00e9s<\/strong> para practicar el espa\u00f1ol. No solo eso, \u00a1conocer\u00e1s costumbres ex\u00f3ticas y gastronom\u00eda singular! Te propongo cuatro ciudades para compartir casa y vivir la aventura m\u00e1s apasionante de tu vida.<br \/>\n<img decoding=\"async\" src=\"https:\/\/www.visitcentroamerica.com\/wp-content\/uploads\/2019\/08\/piso-alquiler-centroamerica-cuerpo.jpg\"><\/p>\n<h3 style=\"margin-top: 30px; margin-bottom: 15px;\">Entre palmeras y volcanes<\/h3>\n<p>Si adem\u00e1s de vida social, quieres naturaleza, opta por <strong>Escuintla<\/strong>, en Guatemala, o <a href=\"https:\/\/www.visitcentroamerica.com\/visitar\/parque-nacional-volcan-masaya\/\"><strong>Masaya<\/strong><\/a>, en Nicaragua. La primera es conocida como la ciudad de las palmeras. En la segunda, estar\u00e1s junto a uno de los volcanes activos de Centroam\u00e9rica.<\/p>\n<h3 style=\"margin-top: 30px; margin-bottom: 15px;\">Ingl\u00e9s caribe\u00f1o en la radio<\/h3>\n<p>Pasamos a tierras costarricenses. En<strong> Lim\u00f3n<\/strong>, la programaci\u00f3n radiof\u00f3nica se transmite en espa\u00f1ol, pero tambi\u00e9n en<strong> ingl\u00e9s caribe\u00f1o<\/strong>. Los medios de comunicaci\u00f3n son el veh\u00edculo ideal para conocer los h\u00e1bitos de esta tierra.<\/p>\n<p><strong>La educaci\u00f3n en Lim\u00f3n<\/strong><br \/>\nAqu\u00ed contemplar\u00e1s un <strong>ambiente universitario<\/strong>. De hecho, aqu\u00ed se encuentran numerosas instituciones acad\u00e9micas. Tanto p\u00fablicas como privadas.<\/p>\n<h3 style=\"margin-top: 30px; margin-bottom: 15px;\">De compras por Valle de \u00c1ngeles<\/h3>\n<p>En esta localidad de Honduras podr\u00e1s acudir con tus compa\u00f1eros de piso a abastecerte de alimentos en los mercadillos. Son t\u00edpicos los puestos de <strong>\u201driguas\u201d fritas de elote<\/strong>. Tambi\u00e9n puedes saborear un excelente caf\u00e9 y disfrutar de la amabilidad y sonrisas de sus gentes. Es el escenario ideal para empaparse de las costumbres hondure\u00f1as.<\/p>\n<p>Residir en un<strong> piso de alquiler <\/strong>en alguna de estas ciudades te acercar\u00e1 a su cultura y a su historia.<\/p>\n<p>Visita <strong><a href=\"http:\/\/visitcentroamerica.com\/\">nuestra web<\/a><\/strong> y conoce otros lugares perfectos&nbsp;para compartir casa en Centroam\u00e9rica.<\/p>\n","protected":false},"excerpt":{"rendered":"<p>Vivir en un piso de alquiler con compa\u00f1eros de otros pa\u00edses contribuye a mejorar tu educaci\u00f3n ling\u00fc\u00edstica. De hecho, residiendo durante un tiempo en Centroam\u00e9rica podr\u00e1s dejar a un lado el ingl\u00e9s para practicar el espa\u00f1ol. No solo eso, \u00a1conocer\u00e1s costumbres ex\u00f3ticas y gastronom\u00eda singular! Te propongo cuatro ciudades para compartir casa y vivir la [&hellip;]<\/p>\n","protected":false},"author":5,"featured_media":9569,"comment_status":"closed","ping_status":"closed","sticky":false,"template":"","format":"standard","meta":{"footnotes":""},"categories":[48,30,25],"tags":[],"class_list":{"0":"post-8649","1":"post","2":"type-post","3":"status-publish","4":"format-standard","5":"has-post-thumbnail","7":"category-aprendiendo-espanol","8":"category-diversidad-cultural","9":"category-viajar"},"yoast_head":"<!-- This site is optimized with the Yoast SEO plugin v27.3 - https:\/\/yoast.com\/product\/yoast-seo-wordpress\/ -->\n<title>Vivir en un piso de alquiler para disfrutar a tope de Centroam\u00e9rica<\/title>\n<meta name=\"description\" content=\"Valle de \u00c1ngeles, Masaya, Escuintla y Lim\u00f3n son cuatro de las ciudades de Centroam\u00e9rica m\u00e1s propicias para vivir en un piso de alquiler y aprender las costumbres\" \/>\n<meta name=\"robots\" content=\"index, follow, max-snippet:-1, max-image-preview:large, max-video-preview:-1\" \/>\n<link rel=\"canonical\" href=\"https:\/\/www.visitcentroamerica.com\/sala-prensa\/viajar\/no-sera-capitulo-friends-aprenderas-mucho-compartiendo-piso-estas-ciudades\/\" \/>\n<meta property=\"og:locale\" content=\"es_ES\" \/>\n<meta property=\"og:type\" content=\"article\" \/>\n<meta property=\"og:title\" content=\"Vivir en un piso de alquiler para disfrutar a tope de Centroam\u00e9rica\" \/>\n<meta property=\"og:description\" content=\"Valle de \u00c1ngeles, Masaya, Escuintla y Lim\u00f3n son cuatro de las ciudades de Centroam\u00e9rica m\u00e1s propicias para vivir en un piso de alquiler y aprender las costumbres\" \/>\n<meta property=\"og:url\" content=\"https:\/\/www.visitcentroamerica.com\/sala-prensa\/viajar\/no-sera-capitulo-friends-aprenderas-mucho-compartiendo-piso-estas-ciudades\/\" \/>\n<meta property=\"og:site_name\" content=\"Sala de prensa\" \/>\n<meta property=\"article:published_time\" content=\"2019-09-01T12:10:28+00:00\" \/>\n<meta property=\"article:modified_time\" content=\"2020-06-22T09:40:32+00:00\" \/>\n<meta property=\"og:image\" content=\"https:\/\/www.visitcentroamerica.com\/sala-prensa\/wp-content\/uploads\/2019\/09\/piso-alquiler-centroamerica-destacada.jpg\" \/>\n\t<meta property=\"og:image:width\" content=\"376\" \/>\n\t<meta property=\"og:image:height\" content=\"282\" \/>\n\t<meta property=\"og:image:type\" content=\"image\/jpeg\" \/>\n<meta name=\"author\" content=\"Denis Alvarado\" \/>\n<meta name=\"twitter:card\" content=\"summary_large_image\" \/>\n<meta name=\"twitter:label1\" content=\"Escrito por\" \/>\n\t<meta name=\"twitter:data1\" content=\"Denis Alvarado\" \/>\n\t<meta name=\"twitter:label2\" content=\"Tiempo de lectura\" \/>\n\t<meta name=\"twitter:data2\" content=\"1 minuto\" \/>\n<script type=\"application\/ld+json\" class=\"yoast-schema-graph\">{\"@context\":\"https:\\\/\\\/schema.org\",\"@graph\":[{\"@type\":\"Article\",\"@id\":\"https:\\\/\\\/www.visitcentroamerica.com\\\/sala-prensa\\\/viajar\\\/no-sera-capitulo-friends-aprenderas-mucho-compartiendo-piso-estas-ciudades\\\/#article\",\"isPartOf\":{\"@id\":\"https:\\\/\\\/www.visitcentroamerica.com\\\/sala-prensa\\\/viajar\\\/no-sera-capitulo-friends-aprenderas-mucho-compartiendo-piso-estas-ciudades\\\/\"},\"author\":{\"name\":\"Denis Alvarado\",\"@id\":\"https:\\\/\\\/www.visitcentroamerica.com\\\/sala-prensa\\\/#\\\/schema\\\/person\\\/0aa3bd0dbaabaead6089ee3dd0cd7ae5\"},\"headline\":\"No ser\u00e1 un cap\u00edtulo de Friends, pero aprender\u00e1s mucho compartiendo piso en estas ciudades\",\"datePublished\":\"2019-09-01T12:10:28+00:00\",\"dateModified\":\"2020-06-22T09:40:32+00:00\",\"mainEntityOfPage\":{\"@id\":\"https:\\\/\\\/www.visitcentroamerica.com\\\/sala-prensa\\\/viajar\\\/no-sera-capitulo-friends-aprenderas-mucho-compartiendo-piso-estas-ciudades\\\/\"},\"wordCount\":311,\"image\":{\"@id\":\"https:\\\/\\\/www.visitcentroamerica.com\\\/sala-prensa\\\/viajar\\\/no-sera-capitulo-friends-aprenderas-mucho-compartiendo-piso-estas-ciudades\\\/#primaryimage\"},\"thumbnailUrl\":\"https:\\\/\\\/www.visitcentroamerica.com\\\/sala-prensa\\\/wp-content\\\/uploads\\\/2019\\\/09\\\/piso-alquiler-centroamerica-destacada.jpg\",\"articleSection\":[\"Aprendiendo Espa\u00f1ol\",\"Diversidad Cultural\",\"Viajar\"],\"inLanguage\":\"es\"},{\"@type\":\"WebPage\",\"@id\":\"https:\\\/\\\/www.visitcentroamerica.com\\\/sala-prensa\\\/viajar\\\/no-sera-capitulo-friends-aprenderas-mucho-compartiendo-piso-estas-ciudades\\\/\",\"url\":\"https:\\\/\\\/www.visitcentroamerica.com\\\/sala-prensa\\\/viajar\\\/no-sera-capitulo-friends-aprenderas-mucho-compartiendo-piso-estas-ciudades\\\/\",\"name\":\"Vivir en un piso de alquiler para disfrutar a tope de Centroam\u00e9rica\",\"isPartOf\":{\"@id\":\"https:\\\/\\\/www.visitcentroamerica.com\\\/sala-prensa\\\/#website\"},\"primaryImageOfPage\":{\"@id\":\"https:\\\/\\\/www.visitcentroamerica.com\\\/sala-prensa\\\/viajar\\\/no-sera-capitulo-friends-aprenderas-mucho-compartiendo-piso-estas-ciudades\\\/#primaryimage\"},\"image\":{\"@id\":\"https:\\\/\\\/www.visitcentroamerica.com\\\/sala-prensa\\\/viajar\\\/no-sera-capitulo-friends-aprenderas-mucho-compartiendo-piso-estas-ciudades\\\/#primaryimage\"},\"thumbnailUrl\":\"https:\\\/\\\/www.visitcentroamerica.com\\\/sala-prensa\\\/wp-content\\\/uploads\\\/2019\\\/09\\\/piso-alquiler-centroamerica-destacada.jpg\",\"datePublished\":\"2019-09-01T12:10:28+00:00\",\"dateModified\":\"2020-06-22T09:40:32+00:00\",\"author\":{\"@id\":\"https:\\\/\\\/www.visitcentroamerica.com\\\/sala-prensa\\\/#\\\/schema\\\/person\\\/0aa3bd0dbaabaead6089ee3dd0cd7ae5\"},\"description\":\"Valle de \u00c1ngeles, Masaya, Escuintla y Lim\u00f3n son cuatro de las ciudades de Centroam\u00e9rica m\u00e1s propicias para vivir en un piso de alquiler y aprender las costumbres\",\"breadcrumb\":{\"@id\":\"https:\\\/\\\/www.visitcentroamerica.com\\\/sala-prensa\\\/viajar\\\/no-sera-capitulo-friends-aprenderas-mucho-compartiendo-piso-estas-ciudades\\\/#breadcrumb\"},\"inLanguage\":\"es\",\"potentialAction\":[{\"@type\":\"ReadAction\",\"target\":[\"https:\\\/\\\/www.visitcentroamerica.com\\\/sala-prensa\\\/viajar\\\/no-sera-capitulo-friends-aprenderas-mucho-compartiendo-piso-estas-ciudades\\\/\"]}]},{\"@type\":\"ImageObject\",\"inLanguage\":\"es\",\"@id\":\"https:\\\/\\\/www.visitcentroamerica.com\\\/sala-prensa\\\/viajar\\\/no-sera-capitulo-friends-aprenderas-mucho-compartiendo-piso-estas-ciudades\\\/#primaryimage\",\"url\":\"https:\\\/\\\/www.visitcentroamerica.com\\\/sala-prensa\\\/wp-content\\\/uploads\\\/2019\\\/09\\\/piso-alquiler-centroamerica-destacada.jpg\",\"contentUrl\":\"https:\\\/\\\/www.visitcentroamerica.com\\\/sala-prensa\\\/wp-content\\\/uploads\\\/2019\\\/09\\\/piso-alquiler-centroamerica-destacada.jpg\",\"width\":376,\"height\":282,\"caption\":\"Centroam\u00e9rica - Alquiler piso - Centroam\u00e9rica\"},{\"@type\":\"BreadcrumbList\",\"@id\":\"https:\\\/\\\/www.visitcentroamerica.com\\\/sala-prensa\\\/viajar\\\/no-sera-capitulo-friends-aprenderas-mucho-compartiendo-piso-estas-ciudades\\\/#breadcrumb\",\"itemListElement\":[{\"@type\":\"ListItem\",\"position\":1,\"name\":\"Portada\",\"item\":\"https:\\\/\\\/www.visitcentroamerica.com\\\/sala-prensa\\\/\"},{\"@type\":\"ListItem\",\"position\":2,\"name\":\"No ser\u00e1 un cap\u00edtulo de Friends, pero aprender\u00e1s mucho compartiendo piso en estas ciudades\"}]},{\"@type\":\"WebSite\",\"@id\":\"https:\\\/\\\/www.visitcentroamerica.com\\\/sala-prensa\\\/#website\",\"url\":\"https:\\\/\\\/www.visitcentroamerica.com\\\/sala-prensa\\\/\",\"name\":\"Sala de prensa\",\"description\":\"\",\"potentialAction\":[{\"@type\":\"SearchAction\",\"target\":{\"@type\":\"EntryPoint\",\"urlTemplate\":\"https:\\\/\\\/www.visitcentroamerica.com\\\/sala-prensa\\\/?s={search_term_string}\"},\"query-input\":{\"@type\":\"PropertyValueSpecification\",\"valueRequired\":true,\"valueName\":\"search_term_string\"}}],\"inLanguage\":\"es\"},{\"@type\":\"Person\",\"@id\":\"https:\\\/\\\/www.visitcentroamerica.com\\\/sala-prensa\\\/#\\\/schema\\\/person\\\/0aa3bd0dbaabaead6089ee3dd0cd7ae5\",\"name\":\"Denis Alvarado\",\"image\":{\"@type\":\"ImageObject\",\"inLanguage\":\"es\",\"@id\":\"https:\\\/\\\/secure.gravatar.com\\\/avatar\\\/c31f0697f6edb7c68d5dedc2ccbd548d2a9f73aa293e81c6a1425229ec4c9135?s=96&d=mm&r=g\",\"url\":\"https:\\\/\\\/secure.gravatar.com\\\/avatar\\\/c31f0697f6edb7c68d5dedc2ccbd548d2a9f73aa293e81c6a1425229ec4c9135?s=96&d=mm&r=g\",\"contentUrl\":\"https:\\\/\\\/secure.gravatar.com\\\/avatar\\\/c31f0697f6edb7c68d5dedc2ccbd548d2a9f73aa293e81c6a1425229ec4c9135?s=96&d=mm&r=g\",\"caption\":\"Denis Alvarado\"},\"url\":\"https:\\\/\\\/www.visitcentroamerica.com\\\/sala-prensa\\\/author\\\/denis\\\/\"}]}<\/script>\n<!-- \/ Yoast SEO plugin. -->","yoast_head_json":{"title":"Vivir en un piso de alquiler para disfrutar a tope de Centroam\u00e9rica","description":"Valle de \u00c1ngeles, Masaya, Escuintla y Lim\u00f3n son cuatro de las ciudades de Centroam\u00e9rica m\u00e1s propicias para vivir en un piso de alquiler y aprender las costumbres","robots":{"index":"index","follow":"follow","max-snippet":"max-snippet:-1","max-image-preview":"max-image-preview:large","max-video-preview":"max-video-preview:-1"},"canonical":"https:\/\/www.visitcentroamerica.com\/sala-prensa\/viajar\/no-sera-capitulo-friends-aprenderas-mucho-compartiendo-piso-estas-ciudades\/","og_locale":"es_ES","og_type":"article","og_title":"Vivir en un piso de alquiler para disfrutar a tope de Centroam\u00e9rica","og_description":"Valle de \u00c1ngeles, Masaya, Escuintla y Lim\u00f3n son cuatro de las ciudades de Centroam\u00e9rica m\u00e1s propicias para vivir en un piso de alquiler y aprender las costumbres","og_url":"https:\/\/www.visitcentroamerica.com\/sala-prensa\/viajar\/no-sera-capitulo-friends-aprenderas-mucho-compartiendo-piso-estas-ciudades\/","og_site_name":"Sala de prensa","article_published_time":"2019-09-01T12:10:28+00:00","article_modified_time":"2020-06-22T09:40:32+00:00","og_image":[{"width":376,"height":282,"url":"https:\/\/www.visitcentroamerica.com\/sala-prensa\/wp-content\/uploads\/2019\/09\/piso-alquiler-centroamerica-destacada.jpg","type":"image\/jpeg"}],"author":"Denis Alvarado","twitter_card":"summary_large_image","twitter_misc":{"Escrito por":"Denis Alvarado","Tiempo de lectura":"1 minuto"},"schema":{"@context":"https:\/\/schema.org","@graph":[{"@type":"Article","@id":"https:\/\/www.visitcentroamerica.com\/sala-prensa\/viajar\/no-sera-capitulo-friends-aprenderas-mucho-compartiendo-piso-estas-ciudades\/#article","isPartOf":{"@id":"https:\/\/www.visitcentroamerica.com\/sala-prensa\/viajar\/no-sera-capitulo-friends-aprenderas-mucho-compartiendo-piso-estas-ciudades\/"},"author":{"name":"Denis Alvarado","@id":"https:\/\/www.visitcentroamerica.com\/sala-prensa\/#\/schema\/person\/0aa3bd0dbaabaead6089ee3dd0cd7ae5"},"headline":"No ser\u00e1 un cap\u00edtulo de Friends, pero aprender\u00e1s mucho compartiendo piso en estas ciudades","datePublished":"2019-09-01T12:10:28+00:00","dateModified":"2020-06-22T09:40:32+00:00","mainEntityOfPage":{"@id":"https:\/\/www.visitcentroamerica.com\/sala-prensa\/viajar\/no-sera-capitulo-friends-aprenderas-mucho-compartiendo-piso-estas-ciudades\/"},"wordCount":311,"image":{"@id":"https:\/\/www.visitcentroamerica.com\/sala-prensa\/viajar\/no-sera-capitulo-friends-aprenderas-mucho-compartiendo-piso-estas-ciudades\/#primaryimage"},"thumbnailUrl":"https:\/\/www.visitcentroamerica.com\/sala-prensa\/wp-content\/uploads\/2019\/09\/piso-alquiler-centroamerica-destacada.jpg","articleSection":["Aprendiendo Espa\u00f1ol","Diversidad Cultural","Viajar"],"inLanguage":"es"},{"@type":"WebPage","@id":"https:\/\/www.visitcentroamerica.com\/sala-prensa\/viajar\/no-sera-capitulo-friends-aprenderas-mucho-compartiendo-piso-estas-ciudades\/","url":"https:\/\/www.visitcentroamerica.com\/sala-prensa\/viajar\/no-sera-capitulo-friends-aprenderas-mucho-compartiendo-piso-estas-ciudades\/","name":"Vivir en un piso de alquiler para disfrutar a tope de Centroam\u00e9rica","isPartOf":{"@id":"https:\/\/www.visitcentroamerica.com\/sala-prensa\/#website"},"primaryImageOfPage":{"@id":"https:\/\/www.visitcentroamerica.com\/sala-prensa\/viajar\/no-sera-capitulo-friends-aprenderas-mucho-compartiendo-piso-estas-ciudades\/#primaryimage"},"image":{"@id":"https:\/\/www.visitcentroamerica.com\/sala-prensa\/viajar\/no-sera-capitulo-friends-aprenderas-mucho-compartiendo-piso-estas-ciudades\/#primaryimage"},"thumbnailUrl":"https:\/\/www.visitcentroamerica.com\/sala-prensa\/wp-content\/uploads\/2019\/09\/piso-alquiler-centroamerica-destacada.jpg","datePublished":"2019-09-01T12:10:28+00:00","dateModified":"2020-06-22T09:40:32+00:00","author":{"@id":"https:\/\/www.visitcentroamerica.com\/sala-prensa\/#\/schema\/person\/0aa3bd0dbaabaead6089ee3dd0cd7ae5"},"description":"Valle de \u00c1ngeles, Masaya, Escuintla y Lim\u00f3n son cuatro de las ciudades de Centroam\u00e9rica m\u00e1s propicias para vivir en un piso de alquiler y aprender las costumbres","breadcrumb":{"@id":"https:\/\/www.visitcentroamerica.com\/sala-prensa\/viajar\/no-sera-capitulo-friends-aprenderas-mucho-compartiendo-piso-estas-ciudades\/#breadcrumb"},"inLanguage":"es","potentialAction":[{"@type":"ReadAction","target":["https:\/\/www.visitcentroamerica.com\/sala-prensa\/viajar\/no-sera-capitulo-friends-aprenderas-mucho-compartiendo-piso-estas-ciudades\/"]}]},{"@type":"ImageObject","inLanguage":"es","@id":"https:\/\/www.visitcentroamerica.com\/sala-prensa\/viajar\/no-sera-capitulo-friends-aprenderas-mucho-compartiendo-piso-estas-ciudades\/#primaryimage","url":"https:\/\/www.visitcentroamerica.com\/sala-prensa\/wp-content\/uploads\/2019\/09\/piso-alquiler-centroamerica-destacada.jpg","contentUrl":"https:\/\/www.visitcentroamerica.com\/sala-prensa\/wp-content\/uploads\/2019\/09\/piso-alquiler-centroamerica-destacada.jpg","width":376,"height":282,"caption":"Centroam\u00e9rica - Alquiler piso - Centroam\u00e9rica"},{"@type":"BreadcrumbList","@id":"https:\/\/www.visitcentroamerica.com\/sala-prensa\/viajar\/no-sera-capitulo-friends-aprenderas-mucho-compartiendo-piso-estas-ciudades\/#breadcrumb","itemListElement":[{"@type":"ListItem","position":1,"name":"Portada","item":"https:\/\/www.visitcentroamerica.com\/sala-prensa\/"},{"@type":"ListItem","position":2,"name":"No ser\u00e1 un cap\u00edtulo de Friends, pero aprender\u00e1s mucho compartiendo piso en estas ciudades"}]},{"@type":"WebSite","@id":"https:\/\/www.visitcentroamerica.com\/sala-prensa\/#website","url":"https:\/\/www.visitcentroamerica.com\/sala-prensa\/","name":"Sala de prensa","description":"","potentialAction":[{"@type":"SearchAction","target":{"@type":"EntryPoint","urlTemplate":"https:\/\/www.visitcentroamerica.com\/sala-prensa\/?s={search_term_string}"},"query-input":{"@type":"PropertyValueSpecification","valueRequired":true,"valueName":"search_term_string"}}],"inLanguage":"es"},{"@type":"Person","@id":"https:\/\/www.visitcentroamerica.com\/sala-prensa\/#\/schema\/person\/0aa3bd0dbaabaead6089ee3dd0cd7ae5","name":"Denis Alvarado","image":{"@type":"ImageObject","inLanguage":"es","@id":"https:\/\/secure.gravatar.com\/avatar\/c31f0697f6edb7c68d5dedc2ccbd548d2a9f73aa293e81c6a1425229ec4c9135?s=96&d=mm&r=g","url":"https:\/\/secure.gravatar.com\/avatar\/c31f0697f6edb7c68d5dedc2ccbd548d2a9f73aa293e81c6a1425229ec4c9135?s=96&d=mm&r=g","contentUrl":"https:\/\/secure.gravatar.com\/avatar\/c31f0697f6edb7c68d5dedc2ccbd548d2a9f73aa293e81c6a1425229ec4c9135?s=96&d=mm&r=g","caption":"Denis Alvarado"},"url":"https:\/\/www.visitcentroamerica.com\/sala-prensa\/author\/denis\/"}]}},"_links":{"self":[{"href":"https:\/\/www.visitcentroamerica.com\/sala-prensa\/wp-json\/wp\/v2\/posts\/8649","targetHints":{"allow":["GET"]}}],"collection":[{"href":"https:\/\/www.visitcentroamerica.com\/sala-prensa\/wp-json\/wp\/v2\/posts"}],"about":[{"href":"https:\/\/www.visitcentroamerica.com\/sala-prensa\/wp-json\/wp\/v2\/types\/post"}],"author":[{"embeddable":true,"href":"https:\/\/www.visitcentroamerica.com\/sala-prensa\/wp-json\/wp\/v2\/users\/5"}],"replies":[{"embeddable":true,"href":"https:\/\/www.visitcentroamerica.com\/sala-prensa\/wp-json\/wp\/v2\/comments?post=8649"}],"version-history":[{"count":3,"href":"https:\/\/www.visitcentroamerica.com\/sala-prensa\/wp-json\/wp\/v2\/posts\/8649\/revisions"}],"predecessor-version":[{"id":10255,"href":"https:\/\/www.visitcentroamerica.com\/sala-prensa\/wp-json\/wp\/v2\/posts\/8649\/revisions\/10255"}],"wp:featuredmedia":[{"embeddable":true,"href":"https:\/\/www.visitcentroamerica.com\/sala-prensa\/wp-json\/wp\/v2\/media\/9569"}],"wp:attachment":[{"href":"https:\/\/www.visitcentroamerica.com\/sala-prensa\/wp-json\/wp\/v2\/media?parent=8649"}],"wp:term":[{"taxonomy":"category","embeddable":true,"href":"https:\/\/www.visitcentroamerica.com\/sala-prensa\/wp-json\/wp\/v2\/categories?post=8649"},{"taxonomy":"post_tag","embeddable":true,"href":"https:\/\/www.visitcentroamerica.com\/sala-prensa\/wp-json\/wp\/v2\/tags?post=8649"}],"curies":[{"name":"wp","href":"https:\/\/api.w.org\/{rel}","templated":true}]}}