{"id":8589,"date":"2019-08-24T08:02:21","date_gmt":"2019-08-24T08:02:21","guid":{"rendered":"https:\/\/www.visitcentroamerica.com\/?p=8589"},"modified":"2020-06-02T14:36:53","modified_gmt":"2020-06-02T14:36:53","slug":"necesitabas-una-razon-viajar-aprender-aqui-van-unas-cuantas","status":"publish","type":"post","link":"https:\/\/www.visitcentroamerica.com\/sala-prensa\/viajar\/necesitabas-una-razon-viajar-aprender-aqui-van-unas-cuantas\/","title":{"rendered":"\u00bfNecesitabas una raz\u00f3n para viajar y aprender? \u00a1Aqu\u00ed van unas cuantas!"},"content":{"rendered":"<p>Acudir a\u00a0<strong>conferencias<\/strong> y a\u00a0<strong>exposiciones<\/strong>\u00a0all\u00e1 donde viajemos enriquece nuestra aventura. Tambi\u00e9n\u00a0si nuestra escapada multidestino se desarrolla en Belice, en Honduras y en Costa Rica. Te propongo un tour cultural por algunas de las ciudades m\u00e1s propicias para aprender mientras viajas.<\/p>\n<p><img decoding=\"async\" src=\"https:\/\/www.visitcentroamerica.com\/wp-content\/uploads\/2019\/07\/aprender-centroamerica-cuerpo.jpg\" \/><\/p>\n<h3 style=\"margin-bottom: 30px;\">Originales exposiciones en Ciudad de Belice<\/h3>\n<p>Te recomiendo\u00a0una jornada muse\u00edstica en Ciudad de Belice para iniciar esta aventura cultural. Viaja 3000 a\u00f1os en el tiempo para explorar los<strong> vestigios mayas<\/strong> del Museo Arqueol\u00f3gico. Despu\u00e9s, acude al <strong>Museo Mar\u00edtimo<\/strong> y averigua los detalles de la historia de la navegaci\u00f3n y la construcci\u00f3n naval del pa\u00eds.<\/p>\n<h3 style=\"margin-bottom: 30px;\">Congresos de diversas tem\u00e1ticas en Tegucigalpa<\/h3>\n<p>\u00bfLo tuyo son los <strong>congresos<\/strong>? En ese caso, te aconsejo visitar la capital de Honduras. En <a href=\"https:\/\/www.visitcentroamerica.com\/visitar\/tegucigalpa\/\">Tegucigalpa<\/a> son reconocidos el evento internacional sobre <strong>emprendimiento<\/strong> y\u00a0el famoso<strong> simposio industrial<\/strong>.\u00a0Si te dedicas a la medicina o si eres un curioso de este sector, \u00e9sta es tu oportunidad. Las administraciones suelen dedicar jornadas a este \u00e1mbito.<\/p>\n<p><strong>Interesantes conferencias en San Jos\u00e9<\/strong><br \/>\nTe insto a terminar tu periplo en Costa Rica. En el <strong>Centro de Convenciones de San Jos\u00e9<\/strong> se organizan numerosas ferias de diversas tem\u00e1ticas durante todo el a\u00f1o. Se trata de un espacio sostenible y vers\u00e1til en el que destacan sus citas sobre<strong> turismo y moda<\/strong>.<\/p>\n<p>Acude a alguna de estas <strong>conferencias <\/strong>para rematar un viaje espectacular.<\/p>\n<p>Y visita <strong><a href=\"http:\/\/visitcentroamerica.com\/\">nuestra web<\/a><\/strong> para conocer otros pa\u00edses centroamericanos donde aprender en eventos de este estilo.<\/p>\n","protected":false},"excerpt":{"rendered":"<p>Acudir a\u00a0conferencias y a\u00a0exposiciones\u00a0all\u00e1 donde viajemos enriquece nuestra aventura. Tambi\u00e9n\u00a0si nuestra escapada multidestino se desarrolla en Belice, en Honduras y en Costa Rica. Te propongo un tour cultural por algunas de las ciudades m\u00e1s propicias para aprender mientras viajas. Originales exposiciones en Ciudad de Belice Te recomiendo\u00a0una jornada muse\u00edstica en Ciudad de Belice para iniciar [&hellip;]<\/p>\n","protected":false},"author":5,"featured_media":9575,"comment_status":"closed","ping_status":"closed","sticky":false,"template":"","format":"standard","meta":{"footnotes":""},"categories":[48,30,25],"tags":[],"class_list":{"0":"post-8589","1":"post","2":"type-post","3":"status-publish","4":"format-standard","5":"has-post-thumbnail","7":"category-aprendiendo-espanol","8":"category-diversidad-cultural","9":"category-viajar"},"yoast_head":"<!-- This site is optimized with the Yoast SEO plugin v27.3 - https:\/\/yoast.com\/product\/yoast-seo-wordpress\/ -->\n<title>De conferencias y exposiciones por Belice, Honduras y Costa Rica<\/title>\n<meta name=\"description\" content=\"\u00bfViajas a Belice, Honduras y Costa Rica? En las siguientes ciudades aprender\u00e1s valiosas lecciones asistiendo a conferencias, exposiciones y congresos\" \/>\n<meta name=\"robots\" content=\"index, follow, max-snippet:-1, max-image-preview:large, max-video-preview:-1\" \/>\n<link rel=\"canonical\" href=\"https:\/\/www.visitcentroamerica.com\/sala-prensa\/viajar\/necesitabas-una-razon-viajar-aprender-aqui-van-unas-cuantas\/\" \/>\n<meta property=\"og:locale\" content=\"es_ES\" \/>\n<meta property=\"og:type\" content=\"article\" \/>\n<meta property=\"og:title\" content=\"De conferencias y exposiciones por Belice, Honduras y Costa Rica\" \/>\n<meta property=\"og:description\" content=\"\u00bfViajas a Belice, Honduras y Costa Rica? En las siguientes ciudades aprender\u00e1s valiosas lecciones asistiendo a conferencias, exposiciones y congresos\" \/>\n<meta property=\"og:url\" content=\"https:\/\/www.visitcentroamerica.com\/sala-prensa\/viajar\/necesitabas-una-razon-viajar-aprender-aqui-van-unas-cuantas\/\" \/>\n<meta property=\"og:site_name\" content=\"Sala de prensa\" \/>\n<meta property=\"article:published_time\" content=\"2019-08-24T08:02:21+00:00\" \/>\n<meta property=\"article:modified_time\" content=\"2020-06-02T14:36:53+00:00\" \/>\n<meta property=\"og:image\" content=\"https:\/\/www.visitcentroamerica.com\/sala-prensa\/wp-content\/uploads\/2019\/08\/aprender-centroamerica.jpg\" \/>\n\t<meta property=\"og:image:width\" content=\"376\" \/>\n\t<meta property=\"og:image:height\" content=\"282\" \/>\n\t<meta property=\"og:image:type\" content=\"image\/jpeg\" \/>\n<meta name=\"author\" content=\"Denis Alvarado\" \/>\n<meta name=\"twitter:card\" content=\"summary_large_image\" \/>\n<meta name=\"twitter:label1\" content=\"Escrito por\" \/>\n\t<meta name=\"twitter:data1\" content=\"Denis Alvarado\" \/>\n\t<meta name=\"twitter:label2\" content=\"Tiempo de lectura\" \/>\n\t<meta name=\"twitter:data2\" content=\"1 minuto\" \/>\n<script type=\"application\/ld+json\" class=\"yoast-schema-graph\">{\"@context\":\"https:\\\/\\\/schema.org\",\"@graph\":[{\"@type\":\"Article\",\"@id\":\"https:\\\/\\\/www.visitcentroamerica.com\\\/sala-prensa\\\/viajar\\\/necesitabas-una-razon-viajar-aprender-aqui-van-unas-cuantas\\\/#article\",\"isPartOf\":{\"@id\":\"https:\\\/\\\/www.visitcentroamerica.com\\\/sala-prensa\\\/viajar\\\/necesitabas-una-razon-viajar-aprender-aqui-van-unas-cuantas\\\/\"},\"author\":{\"name\":\"Denis Alvarado\",\"@id\":\"https:\\\/\\\/www.visitcentroamerica.com\\\/sala-prensa\\\/#\\\/schema\\\/person\\\/0aa3bd0dbaabaead6089ee3dd0cd7ae5\"},\"headline\":\"\u00bfNecesitabas una raz\u00f3n para viajar y aprender? \u00a1Aqu\u00ed van unas cuantas!\",\"datePublished\":\"2019-08-24T08:02:21+00:00\",\"dateModified\":\"2020-06-02T14:36:53+00:00\",\"mainEntityOfPage\":{\"@id\":\"https:\\\/\\\/www.visitcentroamerica.com\\\/sala-prensa\\\/viajar\\\/necesitabas-una-razon-viajar-aprender-aqui-van-unas-cuantas\\\/\"},\"wordCount\":263,\"image\":{\"@id\":\"https:\\\/\\\/www.visitcentroamerica.com\\\/sala-prensa\\\/viajar\\\/necesitabas-una-razon-viajar-aprender-aqui-van-unas-cuantas\\\/#primaryimage\"},\"thumbnailUrl\":\"https:\\\/\\\/www.visitcentroamerica.com\\\/sala-prensa\\\/wp-content\\\/uploads\\\/2019\\\/08\\\/aprender-centroamerica.jpg\",\"articleSection\":[\"Aprendiendo Espa\u00f1ol\",\"Diversidad Cultural\",\"Viajar\"],\"inLanguage\":\"es\"},{\"@type\":\"WebPage\",\"@id\":\"https:\\\/\\\/www.visitcentroamerica.com\\\/sala-prensa\\\/viajar\\\/necesitabas-una-razon-viajar-aprender-aqui-van-unas-cuantas\\\/\",\"url\":\"https:\\\/\\\/www.visitcentroamerica.com\\\/sala-prensa\\\/viajar\\\/necesitabas-una-razon-viajar-aprender-aqui-van-unas-cuantas\\\/\",\"name\":\"De conferencias y exposiciones por Belice, Honduras y Costa Rica\",\"isPartOf\":{\"@id\":\"https:\\\/\\\/www.visitcentroamerica.com\\\/sala-prensa\\\/#website\"},\"primaryImageOfPage\":{\"@id\":\"https:\\\/\\\/www.visitcentroamerica.com\\\/sala-prensa\\\/viajar\\\/necesitabas-una-razon-viajar-aprender-aqui-van-unas-cuantas\\\/#primaryimage\"},\"image\":{\"@id\":\"https:\\\/\\\/www.visitcentroamerica.com\\\/sala-prensa\\\/viajar\\\/necesitabas-una-razon-viajar-aprender-aqui-van-unas-cuantas\\\/#primaryimage\"},\"thumbnailUrl\":\"https:\\\/\\\/www.visitcentroamerica.com\\\/sala-prensa\\\/wp-content\\\/uploads\\\/2019\\\/08\\\/aprender-centroamerica.jpg\",\"datePublished\":\"2019-08-24T08:02:21+00:00\",\"dateModified\":\"2020-06-02T14:36:53+00:00\",\"author\":{\"@id\":\"https:\\\/\\\/www.visitcentroamerica.com\\\/sala-prensa\\\/#\\\/schema\\\/person\\\/0aa3bd0dbaabaead6089ee3dd0cd7ae5\"},\"description\":\"\u00bfViajas a Belice, Honduras y Costa Rica? En las siguientes ciudades aprender\u00e1s valiosas lecciones asistiendo a conferencias, exposiciones y congresos\",\"breadcrumb\":{\"@id\":\"https:\\\/\\\/www.visitcentroamerica.com\\\/sala-prensa\\\/viajar\\\/necesitabas-una-razon-viajar-aprender-aqui-van-unas-cuantas\\\/#breadcrumb\"},\"inLanguage\":\"es\",\"potentialAction\":[{\"@type\":\"ReadAction\",\"target\":[\"https:\\\/\\\/www.visitcentroamerica.com\\\/sala-prensa\\\/viajar\\\/necesitabas-una-razon-viajar-aprender-aqui-van-unas-cuantas\\\/\"]}]},{\"@type\":\"ImageObject\",\"inLanguage\":\"es\",\"@id\":\"https:\\\/\\\/www.visitcentroamerica.com\\\/sala-prensa\\\/viajar\\\/necesitabas-una-razon-viajar-aprender-aqui-van-unas-cuantas\\\/#primaryimage\",\"url\":\"https:\\\/\\\/www.visitcentroamerica.com\\\/sala-prensa\\\/wp-content\\\/uploads\\\/2019\\\/08\\\/aprender-centroamerica.jpg\",\"contentUrl\":\"https:\\\/\\\/www.visitcentroamerica.com\\\/sala-prensa\\\/wp-content\\\/uploads\\\/2019\\\/08\\\/aprender-centroamerica.jpg\",\"width\":376,\"height\":282,\"caption\":\"Aprender en Centroam\u00e9rica\"},{\"@type\":\"BreadcrumbList\",\"@id\":\"https:\\\/\\\/www.visitcentroamerica.com\\\/sala-prensa\\\/viajar\\\/necesitabas-una-razon-viajar-aprender-aqui-van-unas-cuantas\\\/#breadcrumb\",\"itemListElement\":[{\"@type\":\"ListItem\",\"position\":1,\"name\":\"Portada\",\"item\":\"https:\\\/\\\/www.visitcentroamerica.com\\\/sala-prensa\\\/\"},{\"@type\":\"ListItem\",\"position\":2,\"name\":\"\u00bfNecesitabas una raz\u00f3n para viajar y aprender? \u00a1Aqu\u00ed van unas cuantas!\"}]},{\"@type\":\"WebSite\",\"@id\":\"https:\\\/\\\/www.visitcentroamerica.com\\\/sala-prensa\\\/#website\",\"url\":\"https:\\\/\\\/www.visitcentroamerica.com\\\/sala-prensa\\\/\",\"name\":\"Sala de prensa\",\"description\":\"\",\"potentialAction\":[{\"@type\":\"SearchAction\",\"target\":{\"@type\":\"EntryPoint\",\"urlTemplate\":\"https:\\\/\\\/www.visitcentroamerica.com\\\/sala-prensa\\\/?s={search_term_string}\"},\"query-input\":{\"@type\":\"PropertyValueSpecification\",\"valueRequired\":true,\"valueName\":\"search_term_string\"}}],\"inLanguage\":\"es\"},{\"@type\":\"Person\",\"@id\":\"https:\\\/\\\/www.visitcentroamerica.com\\\/sala-prensa\\\/#\\\/schema\\\/person\\\/0aa3bd0dbaabaead6089ee3dd0cd7ae5\",\"name\":\"Denis Alvarado\",\"image\":{\"@type\":\"ImageObject\",\"inLanguage\":\"es\",\"@id\":\"https:\\\/\\\/secure.gravatar.com\\\/avatar\\\/c31f0697f6edb7c68d5dedc2ccbd548d2a9f73aa293e81c6a1425229ec4c9135?s=96&d=mm&r=g\",\"url\":\"https:\\\/\\\/secure.gravatar.com\\\/avatar\\\/c31f0697f6edb7c68d5dedc2ccbd548d2a9f73aa293e81c6a1425229ec4c9135?s=96&d=mm&r=g\",\"contentUrl\":\"https:\\\/\\\/secure.gravatar.com\\\/avatar\\\/c31f0697f6edb7c68d5dedc2ccbd548d2a9f73aa293e81c6a1425229ec4c9135?s=96&d=mm&r=g\",\"caption\":\"Denis Alvarado\"},\"url\":\"https:\\\/\\\/www.visitcentroamerica.com\\\/sala-prensa\\\/author\\\/denis\\\/\"}]}<\/script>\n<!-- \/ Yoast SEO plugin. -->","yoast_head_json":{"title":"De conferencias y exposiciones por Belice, Honduras y Costa Rica","description":"\u00bfViajas a Belice, Honduras y Costa Rica? En las siguientes ciudades aprender\u00e1s valiosas lecciones asistiendo a conferencias, exposiciones y congresos","robots":{"index":"index","follow":"follow","max-snippet":"max-snippet:-1","max-image-preview":"max-image-preview:large","max-video-preview":"max-video-preview:-1"},"canonical":"https:\/\/www.visitcentroamerica.com\/sala-prensa\/viajar\/necesitabas-una-razon-viajar-aprender-aqui-van-unas-cuantas\/","og_locale":"es_ES","og_type":"article","og_title":"De conferencias y exposiciones por Belice, Honduras y Costa Rica","og_description":"\u00bfViajas a Belice, Honduras y Costa Rica? En las siguientes ciudades aprender\u00e1s valiosas lecciones asistiendo a conferencias, exposiciones y congresos","og_url":"https:\/\/www.visitcentroamerica.com\/sala-prensa\/viajar\/necesitabas-una-razon-viajar-aprender-aqui-van-unas-cuantas\/","og_site_name":"Sala de prensa","article_published_time":"2019-08-24T08:02:21+00:00","article_modified_time":"2020-06-02T14:36:53+00:00","og_image":[{"width":376,"height":282,"url":"https:\/\/www.visitcentroamerica.com\/sala-prensa\/wp-content\/uploads\/2019\/08\/aprender-centroamerica.jpg","type":"image\/jpeg"}],"author":"Denis Alvarado","twitter_card":"summary_large_image","twitter_misc":{"Escrito por":"Denis Alvarado","Tiempo de lectura":"1 minuto"},"schema":{"@context":"https:\/\/schema.org","@graph":[{"@type":"Article","@id":"https:\/\/www.visitcentroamerica.com\/sala-prensa\/viajar\/necesitabas-una-razon-viajar-aprender-aqui-van-unas-cuantas\/#article","isPartOf":{"@id":"https:\/\/www.visitcentroamerica.com\/sala-prensa\/viajar\/necesitabas-una-razon-viajar-aprender-aqui-van-unas-cuantas\/"},"author":{"name":"Denis Alvarado","@id":"https:\/\/www.visitcentroamerica.com\/sala-prensa\/#\/schema\/person\/0aa3bd0dbaabaead6089ee3dd0cd7ae5"},"headline":"\u00bfNecesitabas una raz\u00f3n para viajar y aprender? \u00a1Aqu\u00ed van unas cuantas!","datePublished":"2019-08-24T08:02:21+00:00","dateModified":"2020-06-02T14:36:53+00:00","mainEntityOfPage":{"@id":"https:\/\/www.visitcentroamerica.com\/sala-prensa\/viajar\/necesitabas-una-razon-viajar-aprender-aqui-van-unas-cuantas\/"},"wordCount":263,"image":{"@id":"https:\/\/www.visitcentroamerica.com\/sala-prensa\/viajar\/necesitabas-una-razon-viajar-aprender-aqui-van-unas-cuantas\/#primaryimage"},"thumbnailUrl":"https:\/\/www.visitcentroamerica.com\/sala-prensa\/wp-content\/uploads\/2019\/08\/aprender-centroamerica.jpg","articleSection":["Aprendiendo Espa\u00f1ol","Diversidad Cultural","Viajar"],"inLanguage":"es"},{"@type":"WebPage","@id":"https:\/\/www.visitcentroamerica.com\/sala-prensa\/viajar\/necesitabas-una-razon-viajar-aprender-aqui-van-unas-cuantas\/","url":"https:\/\/www.visitcentroamerica.com\/sala-prensa\/viajar\/necesitabas-una-razon-viajar-aprender-aqui-van-unas-cuantas\/","name":"De conferencias y exposiciones por Belice, Honduras y Costa Rica","isPartOf":{"@id":"https:\/\/www.visitcentroamerica.com\/sala-prensa\/#website"},"primaryImageOfPage":{"@id":"https:\/\/www.visitcentroamerica.com\/sala-prensa\/viajar\/necesitabas-una-razon-viajar-aprender-aqui-van-unas-cuantas\/#primaryimage"},"image":{"@id":"https:\/\/www.visitcentroamerica.com\/sala-prensa\/viajar\/necesitabas-una-razon-viajar-aprender-aqui-van-unas-cuantas\/#primaryimage"},"thumbnailUrl":"https:\/\/www.visitcentroamerica.com\/sala-prensa\/wp-content\/uploads\/2019\/08\/aprender-centroamerica.jpg","datePublished":"2019-08-24T08:02:21+00:00","dateModified":"2020-06-02T14:36:53+00:00","author":{"@id":"https:\/\/www.visitcentroamerica.com\/sala-prensa\/#\/schema\/person\/0aa3bd0dbaabaead6089ee3dd0cd7ae5"},"description":"\u00bfViajas a Belice, Honduras y Costa Rica? En las siguientes ciudades aprender\u00e1s valiosas lecciones asistiendo a conferencias, exposiciones y congresos","breadcrumb":{"@id":"https:\/\/www.visitcentroamerica.com\/sala-prensa\/viajar\/necesitabas-una-razon-viajar-aprender-aqui-van-unas-cuantas\/#breadcrumb"},"inLanguage":"es","potentialAction":[{"@type":"ReadAction","target":["https:\/\/www.visitcentroamerica.com\/sala-prensa\/viajar\/necesitabas-una-razon-viajar-aprender-aqui-van-unas-cuantas\/"]}]},{"@type":"ImageObject","inLanguage":"es","@id":"https:\/\/www.visitcentroamerica.com\/sala-prensa\/viajar\/necesitabas-una-razon-viajar-aprender-aqui-van-unas-cuantas\/#primaryimage","url":"https:\/\/www.visitcentroamerica.com\/sala-prensa\/wp-content\/uploads\/2019\/08\/aprender-centroamerica.jpg","contentUrl":"https:\/\/www.visitcentroamerica.com\/sala-prensa\/wp-content\/uploads\/2019\/08\/aprender-centroamerica.jpg","width":376,"height":282,"caption":"Aprender en Centroam\u00e9rica"},{"@type":"BreadcrumbList","@id":"https:\/\/www.visitcentroamerica.com\/sala-prensa\/viajar\/necesitabas-una-razon-viajar-aprender-aqui-van-unas-cuantas\/#breadcrumb","itemListElement":[{"@type":"ListItem","position":1,"name":"Portada","item":"https:\/\/www.visitcentroamerica.com\/sala-prensa\/"},{"@type":"ListItem","position":2,"name":"\u00bfNecesitabas una raz\u00f3n para viajar y aprender? \u00a1Aqu\u00ed van unas cuantas!"}]},{"@type":"WebSite","@id":"https:\/\/www.visitcentroamerica.com\/sala-prensa\/#website","url":"https:\/\/www.visitcentroamerica.com\/sala-prensa\/","name":"Sala de prensa","description":"","potentialAction":[{"@type":"SearchAction","target":{"@type":"EntryPoint","urlTemplate":"https:\/\/www.visitcentroamerica.com\/sala-prensa\/?s={search_term_string}"},"query-input":{"@type":"PropertyValueSpecification","valueRequired":true,"valueName":"search_term_string"}}],"inLanguage":"es"},{"@type":"Person","@id":"https:\/\/www.visitcentroamerica.com\/sala-prensa\/#\/schema\/person\/0aa3bd0dbaabaead6089ee3dd0cd7ae5","name":"Denis Alvarado","image":{"@type":"ImageObject","inLanguage":"es","@id":"https:\/\/secure.gravatar.com\/avatar\/c31f0697f6edb7c68d5dedc2ccbd548d2a9f73aa293e81c6a1425229ec4c9135?s=96&d=mm&r=g","url":"https:\/\/secure.gravatar.com\/avatar\/c31f0697f6edb7c68d5dedc2ccbd548d2a9f73aa293e81c6a1425229ec4c9135?s=96&d=mm&r=g","contentUrl":"https:\/\/secure.gravatar.com\/avatar\/c31f0697f6edb7c68d5dedc2ccbd548d2a9f73aa293e81c6a1425229ec4c9135?s=96&d=mm&r=g","caption":"Denis Alvarado"},"url":"https:\/\/www.visitcentroamerica.com\/sala-prensa\/author\/denis\/"}]}},"_links":{"self":[{"href":"https:\/\/www.visitcentroamerica.com\/sala-prensa\/wp-json\/wp\/v2\/posts\/8589","targetHints":{"allow":["GET"]}}],"collection":[{"href":"https:\/\/www.visitcentroamerica.com\/sala-prensa\/wp-json\/wp\/v2\/posts"}],"about":[{"href":"https:\/\/www.visitcentroamerica.com\/sala-prensa\/wp-json\/wp\/v2\/types\/post"}],"author":[{"embeddable":true,"href":"https:\/\/www.visitcentroamerica.com\/sala-prensa\/wp-json\/wp\/v2\/users\/5"}],"replies":[{"embeddable":true,"href":"https:\/\/www.visitcentroamerica.com\/sala-prensa\/wp-json\/wp\/v2\/comments?post=8589"}],"version-history":[{"count":2,"href":"https:\/\/www.visitcentroamerica.com\/sala-prensa\/wp-json\/wp\/v2\/posts\/8589\/revisions"}],"predecessor-version":[{"id":9902,"href":"https:\/\/www.visitcentroamerica.com\/sala-prensa\/wp-json\/wp\/v2\/posts\/8589\/revisions\/9902"}],"wp:featuredmedia":[{"embeddable":true,"href":"https:\/\/www.visitcentroamerica.com\/sala-prensa\/wp-json\/wp\/v2\/media\/9575"}],"wp:attachment":[{"href":"https:\/\/www.visitcentroamerica.com\/sala-prensa\/wp-json\/wp\/v2\/media?parent=8589"}],"wp:term":[{"taxonomy":"category","embeddable":true,"href":"https:\/\/www.visitcentroamerica.com\/sala-prensa\/wp-json\/wp\/v2\/categories?post=8589"},{"taxonomy":"post_tag","embeddable":true,"href":"https:\/\/www.visitcentroamerica.com\/sala-prensa\/wp-json\/wp\/v2\/tags?post=8589"}],"curies":[{"name":"wp","href":"https:\/\/api.w.org\/{rel}","templated":true}]}}