{"id":8564,"date":"2019-08-08T07:13:14","date_gmt":"2019-08-08T07:13:14","guid":{"rendered":"https:\/\/www.visitcentroamerica.com\/?p=8564"},"modified":"2020-06-08T09:05:20","modified_gmt":"2020-06-08T09:05:20","slug":"musica-colorido-alegria-destinos-superan-festival-musica-veraniego","status":"publish","type":"post","link":"https:\/\/www.visitcentroamerica.com\/sala-prensa\/viajar\/musica-colorido-alegria-destinos-superan-festival-musica-veraniego\/","title":{"rendered":"M\u00fasica, colorido y alegr\u00eda. Destinos que superan a un festival de m\u00fasica veraniego"},"content":{"rendered":"<p>Los <strong>gar\u00edfunas <\/strong>forman una de las<strong> etnias<\/strong> con m\u00e1s ritmo en el cuerpo. Llevan el comp\u00e1s\u00a0en las venas. \u00bfTe atreves a bailar una de sus danzas en tu viaje a Nicaragua? No abandones Centroam\u00e9rica sin practicar un baile de origen<strong> funerario<\/strong> t\u00edpico de la <a href=\"https:\/\/www.visitcentroamerica.com\/visitar\/islas-la-bahia-roatan\/\">isla hondure\u00f1a de Roat\u00e1n<\/a>. \u00a1Que suene la m\u00fasica!<\/p>\n<p><img decoding=\"async\" src=\"https:\/\/www.visitcentroamerica.com\/wp-content\/uploads\/2019\/07\/musica-colorido-alegria-destinos-cuerpo.jpg\" \/><\/p>\n<h3 style=\"margin-bottom: 30px;\">Practica la punta con una de las etnias m\u00e1s coloridas<\/h3>\n<p>Se dice que los ni\u00f1os de <a href=\"https:\/\/www.visitcentroamerica.com\/visitar\/islas-la-bahia-roatan\/\">Roat\u00e1n <\/a>aprenden antes a bailar que a andar. D\u00e9jate contagiar por su alegr\u00eda mientras suenan <strong>los tambores<\/strong> t\u00edpicos de<strong> la punta<\/strong>. Esta danza tiene origen <strong>funerario<\/strong> y se bailaba de lado a lado de la costa. Se denomina as\u00ed porque para cada paso que integra la coreograf\u00eda se usa la punta de los pies.<\/p>\n<h3 style=\"margin-bottom: 30px;\">Aprende otro baile funerario con los gar\u00edfunas nicarag\u00fcenses<\/h3>\n<p>Te recomiendo continuar la fiesta en la costa de Nicaragua. Entre las danzas folcl\u00f3ricas destaca el <strong>walagallo<\/strong>, un ritual que se emplea para curar a los enfermos. En esta celebraci\u00f3n tampoco faltan los tambores (ni la comida nicarag\u00fcense).<br \/>\n<strong>Mu\u00e9vete por Mayaya<\/strong><br \/>\nY del\u00e9itate del colorido que ver\u00e1s en el <strong>palo de mayo<\/strong>,\u00a0baile que consiste en danzar en c\u00edrculos tejiendo cintas. Con esta coreograf\u00eda honrar\u00e1s a Mayaya,\u00a0diosa de la fertilidad, mientras suenan <strong>el banjo, el bajo y el acorde\u00f3n<\/strong>.<br \/>\n\u00bfPor cu\u00e1l de las danzas <strong>gar\u00edfunas<\/strong> te apetece comenzar? Visita <strong><a href=\"https:\/\/www.visitcentroamerica.com\/\">nuestra web<\/a><\/strong> para descubrir la m\u00fasica t\u00edpica de\u00a0otros pa\u00edses centroamericanos. \u00bfBailamos?<\/p>\n","protected":false},"excerpt":{"rendered":"<p>Los gar\u00edfunas forman una de las etnias con m\u00e1s ritmo en el cuerpo. Llevan el comp\u00e1s\u00a0en las venas. \u00bfTe atreves a bailar una de sus danzas en tu viaje a Nicaragua? No abandones Centroam\u00e9rica sin practicar un baile de origen funerario t\u00edpico de la isla hondure\u00f1a de Roat\u00e1n. \u00a1Que suene la m\u00fasica! Practica la punta [&hellip;]<\/p>\n","protected":false},"author":5,"featured_media":9585,"comment_status":"closed","ping_status":"closed","sticky":false,"template":"","format":"standard","meta":{"footnotes":""},"categories":[29,30,25],"tags":[],"class_list":{"0":"post-8564","1":"post","2":"type-post","3":"status-publish","4":"format-standard","5":"has-post-thumbnail","7":"category-cultura","8":"category-diversidad-cultural","9":"category-viajar"},"yoast_head":"<!-- This site is optimized with the Yoast SEO plugin v27.3 - https:\/\/yoast.com\/product\/yoast-seo-wordpress\/ -->\n<title>Las danzas gar\u00edfunas m\u00e1s representativas de Honduras y Nicaragua<\/title>\n<meta name=\"description\" content=\"Atr\u00e9vete a bailar el walagallo y la punta, dos de las danzas gar\u00edfunas m\u00e1s representativas de Honduras y Nicaragua, pa\u00edses con el ritmo en las venas\" \/>\n<meta name=\"robots\" content=\"index, follow, max-snippet:-1, max-image-preview:large, max-video-preview:-1\" \/>\n<link rel=\"canonical\" href=\"https:\/\/www.visitcentroamerica.com\/sala-prensa\/viajar\/musica-colorido-alegria-destinos-superan-festival-musica-veraniego\/\" \/>\n<meta property=\"og:locale\" content=\"es_ES\" \/>\n<meta property=\"og:type\" content=\"article\" \/>\n<meta property=\"og:title\" content=\"Las danzas gar\u00edfunas m\u00e1s representativas de Honduras y Nicaragua\" \/>\n<meta property=\"og:description\" content=\"Atr\u00e9vete a bailar el walagallo y la punta, dos de las danzas gar\u00edfunas m\u00e1s representativas de Honduras y Nicaragua, pa\u00edses con el ritmo en las venas\" \/>\n<meta property=\"og:url\" content=\"https:\/\/www.visitcentroamerica.com\/sala-prensa\/viajar\/musica-colorido-alegria-destinos-superan-festival-musica-veraniego\/\" \/>\n<meta property=\"og:site_name\" content=\"Sala de prensa\" \/>\n<meta property=\"article:published_time\" content=\"2019-08-08T07:13:14+00:00\" \/>\n<meta property=\"article:modified_time\" content=\"2020-06-08T09:05:20+00:00\" \/>\n<meta property=\"og:image\" content=\"https:\/\/www.visitcentroamerica.com\/sala-prensa\/wp-content\/uploads\/2019\/08\/musica-colorido-alegria-destinos-destacada.jpg\" \/>\n\t<meta property=\"og:image:width\" content=\"376\" \/>\n\t<meta property=\"og:image:height\" content=\"282\" \/>\n\t<meta property=\"og:image:type\" content=\"image\/jpeg\" \/>\n<meta name=\"author\" content=\"Denis Alvarado\" \/>\n<meta name=\"twitter:card\" content=\"summary_large_image\" \/>\n<meta name=\"twitter:label1\" content=\"Escrito por\" \/>\n\t<meta name=\"twitter:data1\" content=\"Denis Alvarado\" \/>\n\t<meta name=\"twitter:label2\" content=\"Tiempo de lectura\" \/>\n\t<meta name=\"twitter:data2\" content=\"1 minuto\" \/>\n<script type=\"application\/ld+json\" class=\"yoast-schema-graph\">{\"@context\":\"https:\\\/\\\/schema.org\",\"@graph\":[{\"@type\":\"Article\",\"@id\":\"https:\\\/\\\/www.visitcentroamerica.com\\\/sala-prensa\\\/viajar\\\/musica-colorido-alegria-destinos-superan-festival-musica-veraniego\\\/#article\",\"isPartOf\":{\"@id\":\"https:\\\/\\\/www.visitcentroamerica.com\\\/sala-prensa\\\/viajar\\\/musica-colorido-alegria-destinos-superan-festival-musica-veraniego\\\/\"},\"author\":{\"name\":\"Denis Alvarado\",\"@id\":\"https:\\\/\\\/www.visitcentroamerica.com\\\/sala-prensa\\\/#\\\/schema\\\/person\\\/0aa3bd0dbaabaead6089ee3dd0cd7ae5\"},\"headline\":\"M\u00fasica, colorido y alegr\u00eda. Destinos que superan a un festival de m\u00fasica veraniego\",\"datePublished\":\"2019-08-08T07:13:14+00:00\",\"dateModified\":\"2020-06-08T09:05:20+00:00\",\"mainEntityOfPage\":{\"@id\":\"https:\\\/\\\/www.visitcentroamerica.com\\\/sala-prensa\\\/viajar\\\/musica-colorido-alegria-destinos-superan-festival-musica-veraniego\\\/\"},\"wordCount\":281,\"image\":{\"@id\":\"https:\\\/\\\/www.visitcentroamerica.com\\\/sala-prensa\\\/viajar\\\/musica-colorido-alegria-destinos-superan-festival-musica-veraniego\\\/#primaryimage\"},\"thumbnailUrl\":\"https:\\\/\\\/www.visitcentroamerica.com\\\/sala-prensa\\\/wp-content\\\/uploads\\\/2019\\\/08\\\/musica-colorido-alegria-destinos-destacada.jpg\",\"articleSection\":[\"Cultura\",\"Diversidad Cultural\",\"Viajar\"],\"inLanguage\":\"es\"},{\"@type\":\"WebPage\",\"@id\":\"https:\\\/\\\/www.visitcentroamerica.com\\\/sala-prensa\\\/viajar\\\/musica-colorido-alegria-destinos-superan-festival-musica-veraniego\\\/\",\"url\":\"https:\\\/\\\/www.visitcentroamerica.com\\\/sala-prensa\\\/viajar\\\/musica-colorido-alegria-destinos-superan-festival-musica-veraniego\\\/\",\"name\":\"Las danzas gar\u00edfunas m\u00e1s representativas de Honduras y Nicaragua\",\"isPartOf\":{\"@id\":\"https:\\\/\\\/www.visitcentroamerica.com\\\/sala-prensa\\\/#website\"},\"primaryImageOfPage\":{\"@id\":\"https:\\\/\\\/www.visitcentroamerica.com\\\/sala-prensa\\\/viajar\\\/musica-colorido-alegria-destinos-superan-festival-musica-veraniego\\\/#primaryimage\"},\"image\":{\"@id\":\"https:\\\/\\\/www.visitcentroamerica.com\\\/sala-prensa\\\/viajar\\\/musica-colorido-alegria-destinos-superan-festival-musica-veraniego\\\/#primaryimage\"},\"thumbnailUrl\":\"https:\\\/\\\/www.visitcentroamerica.com\\\/sala-prensa\\\/wp-content\\\/uploads\\\/2019\\\/08\\\/musica-colorido-alegria-destinos-destacada.jpg\",\"datePublished\":\"2019-08-08T07:13:14+00:00\",\"dateModified\":\"2020-06-08T09:05:20+00:00\",\"author\":{\"@id\":\"https:\\\/\\\/www.visitcentroamerica.com\\\/sala-prensa\\\/#\\\/schema\\\/person\\\/0aa3bd0dbaabaead6089ee3dd0cd7ae5\"},\"description\":\"Atr\u00e9vete a bailar el walagallo y la punta, dos de las danzas gar\u00edfunas m\u00e1s representativas de Honduras y Nicaragua, pa\u00edses con el ritmo en las venas\",\"breadcrumb\":{\"@id\":\"https:\\\/\\\/www.visitcentroamerica.com\\\/sala-prensa\\\/viajar\\\/musica-colorido-alegria-destinos-superan-festival-musica-veraniego\\\/#breadcrumb\"},\"inLanguage\":\"es\",\"potentialAction\":[{\"@type\":\"ReadAction\",\"target\":[\"https:\\\/\\\/www.visitcentroamerica.com\\\/sala-prensa\\\/viajar\\\/musica-colorido-alegria-destinos-superan-festival-musica-veraniego\\\/\"]}]},{\"@type\":\"ImageObject\",\"inLanguage\":\"es\",\"@id\":\"https:\\\/\\\/www.visitcentroamerica.com\\\/sala-prensa\\\/viajar\\\/musica-colorido-alegria-destinos-superan-festival-musica-veraniego\\\/#primaryimage\",\"url\":\"https:\\\/\\\/www.visitcentroamerica.com\\\/sala-prensa\\\/wp-content\\\/uploads\\\/2019\\\/08\\\/musica-colorido-alegria-destinos-destacada.jpg\",\"contentUrl\":\"https:\\\/\\\/www.visitcentroamerica.com\\\/sala-prensa\\\/wp-content\\\/uploads\\\/2019\\\/08\\\/musica-colorido-alegria-destinos-destacada.jpg\",\"width\":376,\"height\":282,\"caption\":\"M\u00fasica, colorido y alegr\u00eda - Centroam\u00e9rica\"},{\"@type\":\"BreadcrumbList\",\"@id\":\"https:\\\/\\\/www.visitcentroamerica.com\\\/sala-prensa\\\/viajar\\\/musica-colorido-alegria-destinos-superan-festival-musica-veraniego\\\/#breadcrumb\",\"itemListElement\":[{\"@type\":\"ListItem\",\"position\":1,\"name\":\"Portada\",\"item\":\"https:\\\/\\\/www.visitcentroamerica.com\\\/sala-prensa\\\/\"},{\"@type\":\"ListItem\",\"position\":2,\"name\":\"M\u00fasica, colorido y alegr\u00eda. Destinos que superan a un festival de m\u00fasica veraniego\"}]},{\"@type\":\"WebSite\",\"@id\":\"https:\\\/\\\/www.visitcentroamerica.com\\\/sala-prensa\\\/#website\",\"url\":\"https:\\\/\\\/www.visitcentroamerica.com\\\/sala-prensa\\\/\",\"name\":\"Sala de prensa\",\"description\":\"\",\"potentialAction\":[{\"@type\":\"SearchAction\",\"target\":{\"@type\":\"EntryPoint\",\"urlTemplate\":\"https:\\\/\\\/www.visitcentroamerica.com\\\/sala-prensa\\\/?s={search_term_string}\"},\"query-input\":{\"@type\":\"PropertyValueSpecification\",\"valueRequired\":true,\"valueName\":\"search_term_string\"}}],\"inLanguage\":\"es\"},{\"@type\":\"Person\",\"@id\":\"https:\\\/\\\/www.visitcentroamerica.com\\\/sala-prensa\\\/#\\\/schema\\\/person\\\/0aa3bd0dbaabaead6089ee3dd0cd7ae5\",\"name\":\"Denis Alvarado\",\"image\":{\"@type\":\"ImageObject\",\"inLanguage\":\"es\",\"@id\":\"https:\\\/\\\/secure.gravatar.com\\\/avatar\\\/c31f0697f6edb7c68d5dedc2ccbd548d2a9f73aa293e81c6a1425229ec4c9135?s=96&d=mm&r=g\",\"url\":\"https:\\\/\\\/secure.gravatar.com\\\/avatar\\\/c31f0697f6edb7c68d5dedc2ccbd548d2a9f73aa293e81c6a1425229ec4c9135?s=96&d=mm&r=g\",\"contentUrl\":\"https:\\\/\\\/secure.gravatar.com\\\/avatar\\\/c31f0697f6edb7c68d5dedc2ccbd548d2a9f73aa293e81c6a1425229ec4c9135?s=96&d=mm&r=g\",\"caption\":\"Denis Alvarado\"},\"url\":\"https:\\\/\\\/www.visitcentroamerica.com\\\/sala-prensa\\\/author\\\/denis\\\/\"}]}<\/script>\n<!-- \/ Yoast SEO plugin. -->","yoast_head_json":{"title":"Las danzas gar\u00edfunas m\u00e1s representativas de Honduras y Nicaragua","description":"Atr\u00e9vete a bailar el walagallo y la punta, dos de las danzas gar\u00edfunas m\u00e1s representativas de Honduras y Nicaragua, pa\u00edses con el ritmo en las venas","robots":{"index":"index","follow":"follow","max-snippet":"max-snippet:-1","max-image-preview":"max-image-preview:large","max-video-preview":"max-video-preview:-1"},"canonical":"https:\/\/www.visitcentroamerica.com\/sala-prensa\/viajar\/musica-colorido-alegria-destinos-superan-festival-musica-veraniego\/","og_locale":"es_ES","og_type":"article","og_title":"Las danzas gar\u00edfunas m\u00e1s representativas de Honduras y Nicaragua","og_description":"Atr\u00e9vete a bailar el walagallo y la punta, dos de las danzas gar\u00edfunas m\u00e1s representativas de Honduras y Nicaragua, pa\u00edses con el ritmo en las venas","og_url":"https:\/\/www.visitcentroamerica.com\/sala-prensa\/viajar\/musica-colorido-alegria-destinos-superan-festival-musica-veraniego\/","og_site_name":"Sala de prensa","article_published_time":"2019-08-08T07:13:14+00:00","article_modified_time":"2020-06-08T09:05:20+00:00","og_image":[{"width":376,"height":282,"url":"https:\/\/www.visitcentroamerica.com\/sala-prensa\/wp-content\/uploads\/2019\/08\/musica-colorido-alegria-destinos-destacada.jpg","type":"image\/jpeg"}],"author":"Denis Alvarado","twitter_card":"summary_large_image","twitter_misc":{"Escrito por":"Denis Alvarado","Tiempo de lectura":"1 minuto"},"schema":{"@context":"https:\/\/schema.org","@graph":[{"@type":"Article","@id":"https:\/\/www.visitcentroamerica.com\/sala-prensa\/viajar\/musica-colorido-alegria-destinos-superan-festival-musica-veraniego\/#article","isPartOf":{"@id":"https:\/\/www.visitcentroamerica.com\/sala-prensa\/viajar\/musica-colorido-alegria-destinos-superan-festival-musica-veraniego\/"},"author":{"name":"Denis Alvarado","@id":"https:\/\/www.visitcentroamerica.com\/sala-prensa\/#\/schema\/person\/0aa3bd0dbaabaead6089ee3dd0cd7ae5"},"headline":"M\u00fasica, colorido y alegr\u00eda. Destinos que superan a un festival de m\u00fasica veraniego","datePublished":"2019-08-08T07:13:14+00:00","dateModified":"2020-06-08T09:05:20+00:00","mainEntityOfPage":{"@id":"https:\/\/www.visitcentroamerica.com\/sala-prensa\/viajar\/musica-colorido-alegria-destinos-superan-festival-musica-veraniego\/"},"wordCount":281,"image":{"@id":"https:\/\/www.visitcentroamerica.com\/sala-prensa\/viajar\/musica-colorido-alegria-destinos-superan-festival-musica-veraniego\/#primaryimage"},"thumbnailUrl":"https:\/\/www.visitcentroamerica.com\/sala-prensa\/wp-content\/uploads\/2019\/08\/musica-colorido-alegria-destinos-destacada.jpg","articleSection":["Cultura","Diversidad Cultural","Viajar"],"inLanguage":"es"},{"@type":"WebPage","@id":"https:\/\/www.visitcentroamerica.com\/sala-prensa\/viajar\/musica-colorido-alegria-destinos-superan-festival-musica-veraniego\/","url":"https:\/\/www.visitcentroamerica.com\/sala-prensa\/viajar\/musica-colorido-alegria-destinos-superan-festival-musica-veraniego\/","name":"Las danzas gar\u00edfunas m\u00e1s representativas de Honduras y Nicaragua","isPartOf":{"@id":"https:\/\/www.visitcentroamerica.com\/sala-prensa\/#website"},"primaryImageOfPage":{"@id":"https:\/\/www.visitcentroamerica.com\/sala-prensa\/viajar\/musica-colorido-alegria-destinos-superan-festival-musica-veraniego\/#primaryimage"},"image":{"@id":"https:\/\/www.visitcentroamerica.com\/sala-prensa\/viajar\/musica-colorido-alegria-destinos-superan-festival-musica-veraniego\/#primaryimage"},"thumbnailUrl":"https:\/\/www.visitcentroamerica.com\/sala-prensa\/wp-content\/uploads\/2019\/08\/musica-colorido-alegria-destinos-destacada.jpg","datePublished":"2019-08-08T07:13:14+00:00","dateModified":"2020-06-08T09:05:20+00:00","author":{"@id":"https:\/\/www.visitcentroamerica.com\/sala-prensa\/#\/schema\/person\/0aa3bd0dbaabaead6089ee3dd0cd7ae5"},"description":"Atr\u00e9vete a bailar el walagallo y la punta, dos de las danzas gar\u00edfunas m\u00e1s representativas de Honduras y Nicaragua, pa\u00edses con el ritmo en las venas","breadcrumb":{"@id":"https:\/\/www.visitcentroamerica.com\/sala-prensa\/viajar\/musica-colorido-alegria-destinos-superan-festival-musica-veraniego\/#breadcrumb"},"inLanguage":"es","potentialAction":[{"@type":"ReadAction","target":["https:\/\/www.visitcentroamerica.com\/sala-prensa\/viajar\/musica-colorido-alegria-destinos-superan-festival-musica-veraniego\/"]}]},{"@type":"ImageObject","inLanguage":"es","@id":"https:\/\/www.visitcentroamerica.com\/sala-prensa\/viajar\/musica-colorido-alegria-destinos-superan-festival-musica-veraniego\/#primaryimage","url":"https:\/\/www.visitcentroamerica.com\/sala-prensa\/wp-content\/uploads\/2019\/08\/musica-colorido-alegria-destinos-destacada.jpg","contentUrl":"https:\/\/www.visitcentroamerica.com\/sala-prensa\/wp-content\/uploads\/2019\/08\/musica-colorido-alegria-destinos-destacada.jpg","width":376,"height":282,"caption":"M\u00fasica, colorido y alegr\u00eda - Centroam\u00e9rica"},{"@type":"BreadcrumbList","@id":"https:\/\/www.visitcentroamerica.com\/sala-prensa\/viajar\/musica-colorido-alegria-destinos-superan-festival-musica-veraniego\/#breadcrumb","itemListElement":[{"@type":"ListItem","position":1,"name":"Portada","item":"https:\/\/www.visitcentroamerica.com\/sala-prensa\/"},{"@type":"ListItem","position":2,"name":"M\u00fasica, colorido y alegr\u00eda. Destinos que superan a un festival de m\u00fasica veraniego"}]},{"@type":"WebSite","@id":"https:\/\/www.visitcentroamerica.com\/sala-prensa\/#website","url":"https:\/\/www.visitcentroamerica.com\/sala-prensa\/","name":"Sala de prensa","description":"","potentialAction":[{"@type":"SearchAction","target":{"@type":"EntryPoint","urlTemplate":"https:\/\/www.visitcentroamerica.com\/sala-prensa\/?s={search_term_string}"},"query-input":{"@type":"PropertyValueSpecification","valueRequired":true,"valueName":"search_term_string"}}],"inLanguage":"es"},{"@type":"Person","@id":"https:\/\/www.visitcentroamerica.com\/sala-prensa\/#\/schema\/person\/0aa3bd0dbaabaead6089ee3dd0cd7ae5","name":"Denis Alvarado","image":{"@type":"ImageObject","inLanguage":"es","@id":"https:\/\/secure.gravatar.com\/avatar\/c31f0697f6edb7c68d5dedc2ccbd548d2a9f73aa293e81c6a1425229ec4c9135?s=96&d=mm&r=g","url":"https:\/\/secure.gravatar.com\/avatar\/c31f0697f6edb7c68d5dedc2ccbd548d2a9f73aa293e81c6a1425229ec4c9135?s=96&d=mm&r=g","contentUrl":"https:\/\/secure.gravatar.com\/avatar\/c31f0697f6edb7c68d5dedc2ccbd548d2a9f73aa293e81c6a1425229ec4c9135?s=96&d=mm&r=g","caption":"Denis Alvarado"},"url":"https:\/\/www.visitcentroamerica.com\/sala-prensa\/author\/denis\/"}]}},"_links":{"self":[{"href":"https:\/\/www.visitcentroamerica.com\/sala-prensa\/wp-json\/wp\/v2\/posts\/8564","targetHints":{"allow":["GET"]}}],"collection":[{"href":"https:\/\/www.visitcentroamerica.com\/sala-prensa\/wp-json\/wp\/v2\/posts"}],"about":[{"href":"https:\/\/www.visitcentroamerica.com\/sala-prensa\/wp-json\/wp\/v2\/types\/post"}],"author":[{"embeddable":true,"href":"https:\/\/www.visitcentroamerica.com\/sala-prensa\/wp-json\/wp\/v2\/users\/5"}],"replies":[{"embeddable":true,"href":"https:\/\/www.visitcentroamerica.com\/sala-prensa\/wp-json\/wp\/v2\/comments?post=8564"}],"version-history":[{"count":2,"href":"https:\/\/www.visitcentroamerica.com\/sala-prensa\/wp-json\/wp\/v2\/posts\/8564\/revisions"}],"predecessor-version":[{"id":10028,"href":"https:\/\/www.visitcentroamerica.com\/sala-prensa\/wp-json\/wp\/v2\/posts\/8564\/revisions\/10028"}],"wp:featuredmedia":[{"embeddable":true,"href":"https:\/\/www.visitcentroamerica.com\/sala-prensa\/wp-json\/wp\/v2\/media\/9585"}],"wp:attachment":[{"href":"https:\/\/www.visitcentroamerica.com\/sala-prensa\/wp-json\/wp\/v2\/media?parent=8564"}],"wp:term":[{"taxonomy":"category","embeddable":true,"href":"https:\/\/www.visitcentroamerica.com\/sala-prensa\/wp-json\/wp\/v2\/categories?post=8564"},{"taxonomy":"post_tag","embeddable":true,"href":"https:\/\/www.visitcentroamerica.com\/sala-prensa\/wp-json\/wp\/v2\/tags?post=8564"}],"curies":[{"name":"wp","href":"https:\/\/api.w.org\/{rel}","templated":true}]}}