{"id":8236,"date":"2019-06-30T11:30:56","date_gmt":"2019-06-30T11:30:56","guid":{"rendered":"https:\/\/www.visitcentroamerica.com\/?p=8236"},"modified":"2020-08-17T11:57:47","modified_gmt":"2020-08-17T11:57:47","slug":"cuando-la-mejor-epoca-viajar-centroamerica","status":"publish","type":"post","link":"https:\/\/www.visitcentroamerica.com\/sala-prensa\/viajar\/cuando-la-mejor-epoca-viajar-centroamerica\/","title":{"rendered":"\u00bfCu\u00e1ndo es la mejor \u00e9poca para viajar a Centroam\u00e9rica?"},"content":{"rendered":"<p>Centroam\u00e9rica es un destino fascinante y sorprendente durante todo el a\u00f1o. Sin embargo, a pesar de que los pa\u00edses de esta regi\u00f3n no se caracterizan por dr\u00e1sticos cambios de temperatura de una estaci\u00f3n a otra, s\u00ed que existen algunas diferencias climatol\u00f3gicas que interesa conocer para planificar tu viaje.<\/p>\n<h3 style=\"margin-top: 30px; margin-bottom: 15px;\">Temperaturas en Centroam\u00e9rica<\/h3>\n<p>Centroam\u00e9rica goza de un <strong>clima tropical, c\u00e1lido y h\u00famedo<\/strong> que regala frondosos y ricos paisajes a sus visitantes.<\/p>\n<p>Debido a su variada geograf\u00eda, podemos encontrar <strong>diversidad de microclimas<\/strong>. Por ello, las temperaturas medias m\u00e1s bajas, en torno a los 15 grados, se registran en zonas monta\u00f1osas que se encuentran aproximadamente a 2.500 metros sobre el nivel del mar. Por el contrario, en las zonas de baja altitud podemos encontrar temperaturas veraniegas constantes que pueden rondar los 27 grados y con peque\u00f1os contrastes t\u00e9rmicos entre la noche y el d\u00eda.<\/p>\n<p>Para tu viaje por Centroam\u00e9rica, te recomendamos que incluyas en la maleta ropa de verano, pero tambi\u00e9n alguna prenda de entretiempo para las excursiones de senderismo o aventura que puedes hacer en lugares como el Volc\u00e1n Tajumulco en Guatemala, los Montes Mayas de Belice o los Cerros de Escaz\u00fa en Costa Rica.<\/p>\n<p><img decoding=\"async\" src=\"https:\/\/www.visitcentroamerica.com\/wp-content\/uploads\/2019\/04\/post-junio-cuerpo.jpg\"><\/p>\n<h3 style=\"margin-top: 30px; margin-bottom: 15px;\">Vivir las dos estaciones en Centroam\u00e9rica<\/h3>\n<p>En Centroam\u00e9rica existen <strong>dos estaciones: la seca y la h\u00fameda<\/strong>. A diferencia de otras zonas del continente americano, las \u00e9pocas del a\u00f1o no las marca el cambio de temperaturas, sino la cantidad de lluvias.<\/p>\n<p>La estaci\u00f3n seca es de diciembre a abril. Aunque en algunos pa\u00edses o regiones esta es m\u00e1s breve y alcanza solo desde febrero a abril.<\/p>\n<p>El resto de meses del a\u00f1o son frecuentes las lluvias que dotan de un intenso verdor a todo el paisaje. Sin embargo, estas lluvias no suelen ser abundantes, por lo que no te impedir\u00e1n disfrutar de toda la riqueza natural que un viaje por los pa\u00edses de Centroam\u00e9rica pueden ofrecer.<\/p>\n<p>En algunas \u00e1reas, entre julio y agosto se produce una breve temporada de cese de lluvias que tambi\u00e9n puedes aprovechar. A su vez, puede que tambi\u00e9n te interese saber que, como norma general, las zonas que se encuentran en la zona atl\u00e1ntica son m\u00e1s lluviosas.<\/p>\n<p>Pese a que no todas las regiones sufren de huracanes, durante la temporada de lluvias, especialmente entre mayo y octubre, <strong>puede haber tormentas.<\/strong>&nbsp;Por esto, se recomienda prestar atenci\u00f3n a las previsiones meteorol\u00f3gicas.<\/p>\n<h3 style=\"margin-top: 30px; margin-bottom: 15px;\">Mejor \u00e9poca para hacer surf en Centroam\u00e9rica<\/h3>\n<p>Dependiendo de cu\u00e1l sea el objetivo de tu viaje, la mejor \u00e9poca para viajar ser\u00e1 una u otra.<\/p>\n<p>Si eres una persona apasionada del surf, los mejores meses para viajar a Centroam\u00e9rica son, desde luego, los meses en los que hay <strong>m\u00e1s viento en las playas<\/strong>.<\/p>\n<p>En las playas a orillas del pac\u00edfico norte durante el verano austral, de diciembre a abril, podr\u00e1s disfrutar de incre\u00edbles olas que son todo un sue\u00f1o para surfistas de todo el mundo. En la zona del Pac\u00edfico Sur, puedes surcar las olas en las <strong>playas m\u00e1s salvajes<\/strong> que puedas imaginar de abril a septiembre. Aunque si no puedes esperar a esos meses del a\u00f1o, en el Pac\u00edfico Central se encuentran grandes olas durante casi todo el a\u00f1o.<\/p>\n<p>\u00bfTe imaginas recorrer el litoral centroamericano en busca de las mejores playas para el surf? Te esperan las olas de las playas de Santa Catalina en Panam\u00e1, El Sunzal en el Salvador, Caletas en Costa Rica y muchas m\u00e1s.<\/p>\n<p>Desde Panam\u00e1 hasta Belice, pasando por El Salvador o Nicaragua, Centroam\u00e9rica es una joya de la naturaleza capaz de impresionar a cualquiera. Por sus <strong>paisajes, su cultura y su gastronom\u00eda<\/strong> vale la pena dejarse llevar y adentrarse en el coraz\u00f3n de Am\u00e9rica Latina. Te invitamos a recorrer cada uno de los pa\u00edses a trav\u00e9s de una ruta que ser\u00e1 un gran viaje memorable en tu vida.<\/p>\n","protected":false},"excerpt":{"rendered":"<p>Centroam\u00e9rica es un destino fascinante y sorprendente durante todo el a\u00f1o. Sin embargo, a pesar de que los pa\u00edses de esta regi\u00f3n no se caracterizan por dr\u00e1sticos cambios de temperatura de una estaci\u00f3n a otra, s\u00ed que existen algunas diferencias climatol\u00f3gicas que interesa conocer para planificar tu viaje. Temperaturas en Centroam\u00e9rica Centroam\u00e9rica goza de un [&hellip;]<\/p>\n","protected":false},"author":5,"featured_media":9653,"comment_status":"closed","ping_status":"closed","sticky":false,"template":"","format":"standard","meta":{"footnotes":""},"categories":[28,32,34,73,25],"tags":[],"class_list":{"0":"post-8236","1":"post","2":"type-post","3":"status-publish","4":"format-standard","5":"has-post-thumbnail","7":"category-aventura","8":"category-naturaleza","9":"category-sol-y-playa","10":"category-travel","11":"category-viajar"},"yoast_head":"<!-- This site is optimized with the Yoast SEO plugin v27.3 - https:\/\/yoast.com\/product\/yoast-seo-wordpress\/ -->\n<title>La mejor \u00e9poca para viajar a Centroam\u00e9rica: estaciones, temperatura<\/title>\n<meta name=\"description\" content=\"Te contamos cu\u00e1l es la mejor \u00e9poca para viajar a Centroam\u00e9rica y disfrutar de una experiencia de ensue\u00f1o. Conoce las estaciones, la temperatura y consejos\" \/>\n<meta name=\"robots\" content=\"index, follow, max-snippet:-1, max-image-preview:large, max-video-preview:-1\" \/>\n<link rel=\"canonical\" href=\"https:\/\/www.visitcentroamerica.com\/sala-prensa\/viajar\/cuando-la-mejor-epoca-viajar-centroamerica\/\" \/>\n<meta property=\"og:locale\" content=\"es_ES\" \/>\n<meta property=\"og:type\" content=\"article\" \/>\n<meta property=\"og:title\" content=\"La mejor \u00e9poca para viajar a Centroam\u00e9rica: estaciones, temperatura\" \/>\n<meta property=\"og:description\" content=\"Te contamos cu\u00e1l es la mejor \u00e9poca para viajar a Centroam\u00e9rica y disfrutar de una experiencia de ensue\u00f1o. Conoce las estaciones, la temperatura y consejos\" \/>\n<meta property=\"og:url\" content=\"https:\/\/www.visitcentroamerica.com\/sala-prensa\/viajar\/cuando-la-mejor-epoca-viajar-centroamerica\/\" \/>\n<meta property=\"og:site_name\" content=\"Sala de prensa\" \/>\n<meta property=\"article:published_time\" content=\"2019-06-30T11:30:56+00:00\" \/>\n<meta property=\"article:modified_time\" content=\"2020-08-17T11:57:47+00:00\" \/>\n<meta property=\"og:image\" content=\"https:\/\/www.visitcentroamerica.com\/sala-prensa\/wp-content\/uploads\/2019\/06\/post-junio-destacada.jpg\" \/>\n\t<meta property=\"og:image:width\" content=\"376\" \/>\n\t<meta property=\"og:image:height\" content=\"282\" \/>\n\t<meta property=\"og:image:type\" content=\"image\/jpeg\" \/>\n<meta name=\"author\" content=\"Denis Alvarado\" \/>\n<meta name=\"twitter:card\" content=\"summary_large_image\" \/>\n<meta name=\"twitter:label1\" content=\"Escrito por\" \/>\n\t<meta name=\"twitter:data1\" content=\"Denis Alvarado\" \/>\n\t<meta name=\"twitter:label2\" content=\"Tiempo de lectura\" \/>\n\t<meta name=\"twitter:data2\" content=\"3 minutos\" \/>\n<script type=\"application\/ld+json\" class=\"yoast-schema-graph\">{\"@context\":\"https:\\\/\\\/schema.org\",\"@graph\":[{\"@type\":\"Article\",\"@id\":\"https:\\\/\\\/www.visitcentroamerica.com\\\/sala-prensa\\\/viajar\\\/cuando-la-mejor-epoca-viajar-centroamerica\\\/#article\",\"isPartOf\":{\"@id\":\"https:\\\/\\\/www.visitcentroamerica.com\\\/sala-prensa\\\/viajar\\\/cuando-la-mejor-epoca-viajar-centroamerica\\\/\"},\"author\":{\"name\":\"Denis Alvarado\",\"@id\":\"https:\\\/\\\/www.visitcentroamerica.com\\\/sala-prensa\\\/#\\\/schema\\\/person\\\/0aa3bd0dbaabaead6089ee3dd0cd7ae5\"},\"headline\":\"\u00bfCu\u00e1ndo es la mejor \u00e9poca para viajar a Centroam\u00e9rica?\",\"datePublished\":\"2019-06-30T11:30:56+00:00\",\"dateModified\":\"2020-08-17T11:57:47+00:00\",\"mainEntityOfPage\":{\"@id\":\"https:\\\/\\\/www.visitcentroamerica.com\\\/sala-prensa\\\/viajar\\\/cuando-la-mejor-epoca-viajar-centroamerica\\\/\"},\"wordCount\":686,\"image\":{\"@id\":\"https:\\\/\\\/www.visitcentroamerica.com\\\/sala-prensa\\\/viajar\\\/cuando-la-mejor-epoca-viajar-centroamerica\\\/#primaryimage\"},\"thumbnailUrl\":\"https:\\\/\\\/www.visitcentroamerica.com\\\/sala-prensa\\\/wp-content\\\/uploads\\\/2019\\\/06\\\/post-junio-destacada.jpg\",\"articleSection\":[\"Aventura\",\"Naturaleza\",\"Sol y Playa\",\"Travel\",\"Viajar\"],\"inLanguage\":\"es\"},{\"@type\":\"WebPage\",\"@id\":\"https:\\\/\\\/www.visitcentroamerica.com\\\/sala-prensa\\\/viajar\\\/cuando-la-mejor-epoca-viajar-centroamerica\\\/\",\"url\":\"https:\\\/\\\/www.visitcentroamerica.com\\\/sala-prensa\\\/viajar\\\/cuando-la-mejor-epoca-viajar-centroamerica\\\/\",\"name\":\"La mejor \u00e9poca para viajar a Centroam\u00e9rica: estaciones, temperatura\",\"isPartOf\":{\"@id\":\"https:\\\/\\\/www.visitcentroamerica.com\\\/sala-prensa\\\/#website\"},\"primaryImageOfPage\":{\"@id\":\"https:\\\/\\\/www.visitcentroamerica.com\\\/sala-prensa\\\/viajar\\\/cuando-la-mejor-epoca-viajar-centroamerica\\\/#primaryimage\"},\"image\":{\"@id\":\"https:\\\/\\\/www.visitcentroamerica.com\\\/sala-prensa\\\/viajar\\\/cuando-la-mejor-epoca-viajar-centroamerica\\\/#primaryimage\"},\"thumbnailUrl\":\"https:\\\/\\\/www.visitcentroamerica.com\\\/sala-prensa\\\/wp-content\\\/uploads\\\/2019\\\/06\\\/post-junio-destacada.jpg\",\"datePublished\":\"2019-06-30T11:30:56+00:00\",\"dateModified\":\"2020-08-17T11:57:47+00:00\",\"author\":{\"@id\":\"https:\\\/\\\/www.visitcentroamerica.com\\\/sala-prensa\\\/#\\\/schema\\\/person\\\/0aa3bd0dbaabaead6089ee3dd0cd7ae5\"},\"description\":\"Te contamos cu\u00e1l es la mejor \u00e9poca para viajar a Centroam\u00e9rica y disfrutar de una experiencia de ensue\u00f1o. Conoce las estaciones, la temperatura y consejos\",\"breadcrumb\":{\"@id\":\"https:\\\/\\\/www.visitcentroamerica.com\\\/sala-prensa\\\/viajar\\\/cuando-la-mejor-epoca-viajar-centroamerica\\\/#breadcrumb\"},\"inLanguage\":\"es\",\"potentialAction\":[{\"@type\":\"ReadAction\",\"target\":[\"https:\\\/\\\/www.visitcentroamerica.com\\\/sala-prensa\\\/viajar\\\/cuando-la-mejor-epoca-viajar-centroamerica\\\/\"]}]},{\"@type\":\"ImageObject\",\"inLanguage\":\"es\",\"@id\":\"https:\\\/\\\/www.visitcentroamerica.com\\\/sala-prensa\\\/viajar\\\/cuando-la-mejor-epoca-viajar-centroamerica\\\/#primaryimage\",\"url\":\"https:\\\/\\\/www.visitcentroamerica.com\\\/sala-prensa\\\/wp-content\\\/uploads\\\/2019\\\/06\\\/post-junio-destacada.jpg\",\"contentUrl\":\"https:\\\/\\\/www.visitcentroamerica.com\\\/sala-prensa\\\/wp-content\\\/uploads\\\/2019\\\/06\\\/post-junio-destacada.jpg\",\"width\":376,\"height\":282,\"caption\":\"Mejor \u00e9poca - viajar a Centroam\u00e9rica\"},{\"@type\":\"BreadcrumbList\",\"@id\":\"https:\\\/\\\/www.visitcentroamerica.com\\\/sala-prensa\\\/viajar\\\/cuando-la-mejor-epoca-viajar-centroamerica\\\/#breadcrumb\",\"itemListElement\":[{\"@type\":\"ListItem\",\"position\":1,\"name\":\"Portada\",\"item\":\"https:\\\/\\\/www.visitcentroamerica.com\\\/sala-prensa\\\/\"},{\"@type\":\"ListItem\",\"position\":2,\"name\":\"\u00bfCu\u00e1ndo es la mejor \u00e9poca para viajar a Centroam\u00e9rica?\"}]},{\"@type\":\"WebSite\",\"@id\":\"https:\\\/\\\/www.visitcentroamerica.com\\\/sala-prensa\\\/#website\",\"url\":\"https:\\\/\\\/www.visitcentroamerica.com\\\/sala-prensa\\\/\",\"name\":\"Sala de prensa\",\"description\":\"\",\"potentialAction\":[{\"@type\":\"SearchAction\",\"target\":{\"@type\":\"EntryPoint\",\"urlTemplate\":\"https:\\\/\\\/www.visitcentroamerica.com\\\/sala-prensa\\\/?s={search_term_string}\"},\"query-input\":{\"@type\":\"PropertyValueSpecification\",\"valueRequired\":true,\"valueName\":\"search_term_string\"}}],\"inLanguage\":\"es\"},{\"@type\":\"Person\",\"@id\":\"https:\\\/\\\/www.visitcentroamerica.com\\\/sala-prensa\\\/#\\\/schema\\\/person\\\/0aa3bd0dbaabaead6089ee3dd0cd7ae5\",\"name\":\"Denis Alvarado\",\"image\":{\"@type\":\"ImageObject\",\"inLanguage\":\"es\",\"@id\":\"https:\\\/\\\/secure.gravatar.com\\\/avatar\\\/c31f0697f6edb7c68d5dedc2ccbd548d2a9f73aa293e81c6a1425229ec4c9135?s=96&d=mm&r=g\",\"url\":\"https:\\\/\\\/secure.gravatar.com\\\/avatar\\\/c31f0697f6edb7c68d5dedc2ccbd548d2a9f73aa293e81c6a1425229ec4c9135?s=96&d=mm&r=g\",\"contentUrl\":\"https:\\\/\\\/secure.gravatar.com\\\/avatar\\\/c31f0697f6edb7c68d5dedc2ccbd548d2a9f73aa293e81c6a1425229ec4c9135?s=96&d=mm&r=g\",\"caption\":\"Denis Alvarado\"},\"url\":\"https:\\\/\\\/www.visitcentroamerica.com\\\/sala-prensa\\\/author\\\/denis\\\/\"}]}<\/script>\n<!-- \/ Yoast SEO plugin. -->","yoast_head_json":{"title":"La mejor \u00e9poca para viajar a Centroam\u00e9rica: estaciones, temperatura","description":"Te contamos cu\u00e1l es la mejor \u00e9poca para viajar a Centroam\u00e9rica y disfrutar de una experiencia de ensue\u00f1o. Conoce las estaciones, la temperatura y consejos","robots":{"index":"index","follow":"follow","max-snippet":"max-snippet:-1","max-image-preview":"max-image-preview:large","max-video-preview":"max-video-preview:-1"},"canonical":"https:\/\/www.visitcentroamerica.com\/sala-prensa\/viajar\/cuando-la-mejor-epoca-viajar-centroamerica\/","og_locale":"es_ES","og_type":"article","og_title":"La mejor \u00e9poca para viajar a Centroam\u00e9rica: estaciones, temperatura","og_description":"Te contamos cu\u00e1l es la mejor \u00e9poca para viajar a Centroam\u00e9rica y disfrutar de una experiencia de ensue\u00f1o. Conoce las estaciones, la temperatura y consejos","og_url":"https:\/\/www.visitcentroamerica.com\/sala-prensa\/viajar\/cuando-la-mejor-epoca-viajar-centroamerica\/","og_site_name":"Sala de prensa","article_published_time":"2019-06-30T11:30:56+00:00","article_modified_time":"2020-08-17T11:57:47+00:00","og_image":[{"width":376,"height":282,"url":"https:\/\/www.visitcentroamerica.com\/sala-prensa\/wp-content\/uploads\/2019\/06\/post-junio-destacada.jpg","type":"image\/jpeg"}],"author":"Denis Alvarado","twitter_card":"summary_large_image","twitter_misc":{"Escrito por":"Denis Alvarado","Tiempo de lectura":"3 minutos"},"schema":{"@context":"https:\/\/schema.org","@graph":[{"@type":"Article","@id":"https:\/\/www.visitcentroamerica.com\/sala-prensa\/viajar\/cuando-la-mejor-epoca-viajar-centroamerica\/#article","isPartOf":{"@id":"https:\/\/www.visitcentroamerica.com\/sala-prensa\/viajar\/cuando-la-mejor-epoca-viajar-centroamerica\/"},"author":{"name":"Denis Alvarado","@id":"https:\/\/www.visitcentroamerica.com\/sala-prensa\/#\/schema\/person\/0aa3bd0dbaabaead6089ee3dd0cd7ae5"},"headline":"\u00bfCu\u00e1ndo es la mejor \u00e9poca para viajar a Centroam\u00e9rica?","datePublished":"2019-06-30T11:30:56+00:00","dateModified":"2020-08-17T11:57:47+00:00","mainEntityOfPage":{"@id":"https:\/\/www.visitcentroamerica.com\/sala-prensa\/viajar\/cuando-la-mejor-epoca-viajar-centroamerica\/"},"wordCount":686,"image":{"@id":"https:\/\/www.visitcentroamerica.com\/sala-prensa\/viajar\/cuando-la-mejor-epoca-viajar-centroamerica\/#primaryimage"},"thumbnailUrl":"https:\/\/www.visitcentroamerica.com\/sala-prensa\/wp-content\/uploads\/2019\/06\/post-junio-destacada.jpg","articleSection":["Aventura","Naturaleza","Sol y Playa","Travel","Viajar"],"inLanguage":"es"},{"@type":"WebPage","@id":"https:\/\/www.visitcentroamerica.com\/sala-prensa\/viajar\/cuando-la-mejor-epoca-viajar-centroamerica\/","url":"https:\/\/www.visitcentroamerica.com\/sala-prensa\/viajar\/cuando-la-mejor-epoca-viajar-centroamerica\/","name":"La mejor \u00e9poca para viajar a Centroam\u00e9rica: estaciones, temperatura","isPartOf":{"@id":"https:\/\/www.visitcentroamerica.com\/sala-prensa\/#website"},"primaryImageOfPage":{"@id":"https:\/\/www.visitcentroamerica.com\/sala-prensa\/viajar\/cuando-la-mejor-epoca-viajar-centroamerica\/#primaryimage"},"image":{"@id":"https:\/\/www.visitcentroamerica.com\/sala-prensa\/viajar\/cuando-la-mejor-epoca-viajar-centroamerica\/#primaryimage"},"thumbnailUrl":"https:\/\/www.visitcentroamerica.com\/sala-prensa\/wp-content\/uploads\/2019\/06\/post-junio-destacada.jpg","datePublished":"2019-06-30T11:30:56+00:00","dateModified":"2020-08-17T11:57:47+00:00","author":{"@id":"https:\/\/www.visitcentroamerica.com\/sala-prensa\/#\/schema\/person\/0aa3bd0dbaabaead6089ee3dd0cd7ae5"},"description":"Te contamos cu\u00e1l es la mejor \u00e9poca para viajar a Centroam\u00e9rica y disfrutar de una experiencia de ensue\u00f1o. Conoce las estaciones, la temperatura y consejos","breadcrumb":{"@id":"https:\/\/www.visitcentroamerica.com\/sala-prensa\/viajar\/cuando-la-mejor-epoca-viajar-centroamerica\/#breadcrumb"},"inLanguage":"es","potentialAction":[{"@type":"ReadAction","target":["https:\/\/www.visitcentroamerica.com\/sala-prensa\/viajar\/cuando-la-mejor-epoca-viajar-centroamerica\/"]}]},{"@type":"ImageObject","inLanguage":"es","@id":"https:\/\/www.visitcentroamerica.com\/sala-prensa\/viajar\/cuando-la-mejor-epoca-viajar-centroamerica\/#primaryimage","url":"https:\/\/www.visitcentroamerica.com\/sala-prensa\/wp-content\/uploads\/2019\/06\/post-junio-destacada.jpg","contentUrl":"https:\/\/www.visitcentroamerica.com\/sala-prensa\/wp-content\/uploads\/2019\/06\/post-junio-destacada.jpg","width":376,"height":282,"caption":"Mejor \u00e9poca - viajar a Centroam\u00e9rica"},{"@type":"BreadcrumbList","@id":"https:\/\/www.visitcentroamerica.com\/sala-prensa\/viajar\/cuando-la-mejor-epoca-viajar-centroamerica\/#breadcrumb","itemListElement":[{"@type":"ListItem","position":1,"name":"Portada","item":"https:\/\/www.visitcentroamerica.com\/sala-prensa\/"},{"@type":"ListItem","position":2,"name":"\u00bfCu\u00e1ndo es la mejor \u00e9poca para viajar a Centroam\u00e9rica?"}]},{"@type":"WebSite","@id":"https:\/\/www.visitcentroamerica.com\/sala-prensa\/#website","url":"https:\/\/www.visitcentroamerica.com\/sala-prensa\/","name":"Sala de prensa","description":"","potentialAction":[{"@type":"SearchAction","target":{"@type":"EntryPoint","urlTemplate":"https:\/\/www.visitcentroamerica.com\/sala-prensa\/?s={search_term_string}"},"query-input":{"@type":"PropertyValueSpecification","valueRequired":true,"valueName":"search_term_string"}}],"inLanguage":"es"},{"@type":"Person","@id":"https:\/\/www.visitcentroamerica.com\/sala-prensa\/#\/schema\/person\/0aa3bd0dbaabaead6089ee3dd0cd7ae5","name":"Denis Alvarado","image":{"@type":"ImageObject","inLanguage":"es","@id":"https:\/\/secure.gravatar.com\/avatar\/c31f0697f6edb7c68d5dedc2ccbd548d2a9f73aa293e81c6a1425229ec4c9135?s=96&d=mm&r=g","url":"https:\/\/secure.gravatar.com\/avatar\/c31f0697f6edb7c68d5dedc2ccbd548d2a9f73aa293e81c6a1425229ec4c9135?s=96&d=mm&r=g","contentUrl":"https:\/\/secure.gravatar.com\/avatar\/c31f0697f6edb7c68d5dedc2ccbd548d2a9f73aa293e81c6a1425229ec4c9135?s=96&d=mm&r=g","caption":"Denis Alvarado"},"url":"https:\/\/www.visitcentroamerica.com\/sala-prensa\/author\/denis\/"}]}},"_links":{"self":[{"href":"https:\/\/www.visitcentroamerica.com\/sala-prensa\/wp-json\/wp\/v2\/posts\/8236","targetHints":{"allow":["GET"]}}],"collection":[{"href":"https:\/\/www.visitcentroamerica.com\/sala-prensa\/wp-json\/wp\/v2\/posts"}],"about":[{"href":"https:\/\/www.visitcentroamerica.com\/sala-prensa\/wp-json\/wp\/v2\/types\/post"}],"author":[{"embeddable":true,"href":"https:\/\/www.visitcentroamerica.com\/sala-prensa\/wp-json\/wp\/v2\/users\/5"}],"replies":[{"embeddable":true,"href":"https:\/\/www.visitcentroamerica.com\/sala-prensa\/wp-json\/wp\/v2\/comments?post=8236"}],"version-history":[{"count":3,"href":"https:\/\/www.visitcentroamerica.com\/sala-prensa\/wp-json\/wp\/v2\/posts\/8236\/revisions"}],"predecessor-version":[{"id":10910,"href":"https:\/\/www.visitcentroamerica.com\/sala-prensa\/wp-json\/wp\/v2\/posts\/8236\/revisions\/10910"}],"wp:featuredmedia":[{"embeddable":true,"href":"https:\/\/www.visitcentroamerica.com\/sala-prensa\/wp-json\/wp\/v2\/media\/9653"}],"wp:attachment":[{"href":"https:\/\/www.visitcentroamerica.com\/sala-prensa\/wp-json\/wp\/v2\/media?parent=8236"}],"wp:term":[{"taxonomy":"category","embeddable":true,"href":"https:\/\/www.visitcentroamerica.com\/sala-prensa\/wp-json\/wp\/v2\/categories?post=8236"},{"taxonomy":"post_tag","embeddable":true,"href":"https:\/\/www.visitcentroamerica.com\/sala-prensa\/wp-json\/wp\/v2\/tags?post=8236"}],"curies":[{"name":"wp","href":"https:\/\/api.w.org\/{rel}","templated":true}]}}