{"id":8191,"date":"2019-06-05T10:00:33","date_gmt":"2019-06-05T10:00:33","guid":{"rendered":"https:\/\/www.visitcentroamerica.com\/?p=8191"},"modified":"2020-06-02T15:05:34","modified_gmt":"2020-06-02T15:05:34","slug":"rentacar-alquila-todoterreno-descubre-lugares-apasionantes-ruedas-guatemala-belice","status":"publish","type":"post","link":"https:\/\/www.visitcentroamerica.com\/sala-prensa\/viajar\/rentacar-alquila-todoterreno-descubre-lugares-apasionantes-ruedas-guatemala-belice\/","title":{"rendered":"Rentacar: alquila un todoterreno y descubre lugares apasionantes sobre ruedas en Guatemala y Belice"},"content":{"rendered":"<p>La opci\u00f3n <strong>rentacar<\/strong>, el alquiler de<strong> transportes<\/strong>, es la alternativa m\u00e1s id\u00f3nea para descubrir lugares rec\u00f3nditos. S\u00fabete a un 4&#215;4 y emprende\u00a0una ruta por las\u00a0zonas m\u00e1s emblem\u00e1ticas de <strong>Guatemala y Belice<\/strong>. Tendr\u00e1s todo el tiempo del mundo para disfrutar de cada detalle, para<strong>\u00a0aprender<\/strong>\u00a0costumbres y para saborear\u00a0gastronom\u00eda deliciosa. \u00bfConduces t\u00fa?<\/p>\n<p><img decoding=\"async\" src=\"https:\/\/www.visitcentroamerica.com\/wp-content\/uploads\/2019\/04\/todoterreno-cuerpo.jpg\" \/><\/p>\n<h3 style=\"margin-top: 30px; margin-bottom: 15px;\">El alquiler de transportes para recorrer Semuc Champey<\/h3>\n<p>Inicia el trayecto m\u00e1s inolvidable de tu vida en <strong>Lanqu\u00edn<\/strong>. Desde este encantador pueblo guatemalteco podr\u00e1s acceder en todoterreno a un enclave espectacular. Este <strong>bosque tropical <\/strong>llamado Semuc Champey fue declarado Monumento Natural.<\/p>\n<p><strong>La fauna, los manantiales y el mirador<\/strong><br \/>\nSorprende\u00a0tu vista con las <strong>garzas azules y el pato criollo<\/strong>. Te aconsejo que no pierdas de vista sus<strong> pozas naturales<\/strong> y las m\u00e1s de <strong>120 especies de \u00e1rboles<\/strong>. Por cierto, te aviso: lleva botas de monta\u00f1a para subir hasta el mirador. \u00a1Las necesitar\u00e1s!<\/p>\n<h3 style=\"margin-top: 30px; margin-bottom: 15px;\">Aprender de la cultura criolla sobre ruedas<\/h3>\n<p>Para viajar de Guatemala a Belice no tienes por qu\u00e9 bajarte de tu todoterreno. Solo debes atravesar el paso fronterizo <strong>Benque Viejo del Carmen<\/strong>\u00a0que es, adem\u00e1s, el lugar de acceso a lugares imperdibles. Te hablo del <strong>r\u00edo Mop\u00e1n<\/strong>, del escenario maya de\u00a0<strong><a href=\"https:\/\/www.visitcentroamerica.com\/visitar\/sitio-arqueologico-xunantunich\/\">Xunantunich<\/a>,\u00a0<\/strong>y de las playas m\u00e1s paradisiacas.<\/p>\n<p>Tu aventura ser\u00e1 apasionante y sin l\u00edmites si eliges la opci\u00f3n<strong> rentacar <\/strong>para explorar Guatemala y Belice.<\/p>\n<p>Accede a <strong><a href=\"https:\/\/www.visitcentroamerica.com\/\">nuestra web<\/a><\/strong> y organiza otra ruta excitante a cualquier otro pa\u00eds de Centroam\u00e9rica.<\/p>\n","protected":false},"excerpt":{"rendered":"<p>La opci\u00f3n rentacar, el alquiler de transportes, es la alternativa m\u00e1s id\u00f3nea para descubrir lugares rec\u00f3nditos. S\u00fabete a un 4&#215;4 y emprende\u00a0una ruta por las\u00a0zonas m\u00e1s emblem\u00e1ticas de Guatemala y Belice. Tendr\u00e1s todo el tiempo del mundo para disfrutar de cada detalle, para\u00a0aprender\u00a0costumbres y para saborear\u00a0gastronom\u00eda deliciosa. \u00bfConduces t\u00fa? El alquiler de transportes para recorrer [&hellip;]<\/p>\n","protected":false},"author":5,"featured_media":9671,"comment_status":"closed","ping_status":"closed","sticky":false,"template":"","format":"standard","meta":{"footnotes":""},"categories":[28,32,25],"tags":[],"class_list":{"0":"post-8191","1":"post","2":"type-post","3":"status-publish","4":"format-standard","5":"has-post-thumbnail","7":"category-aventura","8":"category-naturaleza","9":"category-viajar"},"yoast_head":"<!-- This site is optimized with the Yoast SEO plugin v27.3 - https:\/\/yoast.com\/product\/yoast-seo-wordpress\/ -->\n<title>Rentacar: descubre Semuc Champey y Benque Viejo del Carmen en 4x4<\/title>\n<meta name=\"description\" content=\"Escoge la opci\u00f3n rentacar para descubrir en todoterreno Semuc Champey y Benque Viejo del Carmen, dos escenarios imprescindibles de Guatemala y Belice\" \/>\n<meta name=\"robots\" content=\"index, follow, max-snippet:-1, max-image-preview:large, max-video-preview:-1\" \/>\n<link rel=\"canonical\" href=\"https:\/\/www.visitcentroamerica.com\/sala-prensa\/viajar\/rentacar-alquila-todoterreno-descubre-lugares-apasionantes-ruedas-guatemala-belice\/\" \/>\n<meta property=\"og:locale\" content=\"es_ES\" \/>\n<meta property=\"og:type\" content=\"article\" \/>\n<meta property=\"og:title\" content=\"Rentacar: descubre Semuc Champey y Benque Viejo del Carmen en 4x4\" \/>\n<meta property=\"og:description\" content=\"Escoge la opci\u00f3n rentacar para descubrir en todoterreno Semuc Champey y Benque Viejo del Carmen, dos escenarios imprescindibles de Guatemala y Belice\" \/>\n<meta property=\"og:url\" content=\"https:\/\/www.visitcentroamerica.com\/sala-prensa\/viajar\/rentacar-alquila-todoterreno-descubre-lugares-apasionantes-ruedas-guatemala-belice\/\" \/>\n<meta property=\"og:site_name\" content=\"Sala de prensa\" \/>\n<meta property=\"article:published_time\" content=\"2019-06-05T10:00:33+00:00\" \/>\n<meta property=\"article:modified_time\" content=\"2020-06-02T15:05:34+00:00\" \/>\n<meta property=\"og:image\" content=\"https:\/\/www.visitcentroamerica.com\/sala-prensa\/wp-content\/uploads\/2019\/06\/todoterreno-destacada.jpg\" \/>\n\t<meta property=\"og:image:width\" content=\"376\" \/>\n\t<meta property=\"og:image:height\" content=\"282\" \/>\n\t<meta property=\"og:image:type\" content=\"image\/jpeg\" \/>\n<meta name=\"author\" content=\"Denis Alvarado\" \/>\n<meta name=\"twitter:card\" content=\"summary_large_image\" \/>\n<meta name=\"twitter:label1\" content=\"Escrito por\" \/>\n\t<meta name=\"twitter:data1\" content=\"Denis Alvarado\" \/>\n\t<meta name=\"twitter:label2\" content=\"Tiempo de lectura\" \/>\n\t<meta name=\"twitter:data2\" content=\"1 minuto\" \/>\n<script type=\"application\/ld+json\" class=\"yoast-schema-graph\">{\"@context\":\"https:\\\/\\\/schema.org\",\"@graph\":[{\"@type\":\"Article\",\"@id\":\"https:\\\/\\\/www.visitcentroamerica.com\\\/sala-prensa\\\/viajar\\\/rentacar-alquila-todoterreno-descubre-lugares-apasionantes-ruedas-guatemala-belice\\\/#article\",\"isPartOf\":{\"@id\":\"https:\\\/\\\/www.visitcentroamerica.com\\\/sala-prensa\\\/viajar\\\/rentacar-alquila-todoterreno-descubre-lugares-apasionantes-ruedas-guatemala-belice\\\/\"},\"author\":{\"name\":\"Denis Alvarado\",\"@id\":\"https:\\\/\\\/www.visitcentroamerica.com\\\/sala-prensa\\\/#\\\/schema\\\/person\\\/0aa3bd0dbaabaead6089ee3dd0cd7ae5\"},\"headline\":\"Rentacar: alquila un todoterreno y descubre lugares apasionantes sobre ruedas en Guatemala y Belice\",\"datePublished\":\"2019-06-05T10:00:33+00:00\",\"dateModified\":\"2020-06-02T15:05:34+00:00\",\"mainEntityOfPage\":{\"@id\":\"https:\\\/\\\/www.visitcentroamerica.com\\\/sala-prensa\\\/viajar\\\/rentacar-alquila-todoterreno-descubre-lugares-apasionantes-ruedas-guatemala-belice\\\/\"},\"wordCount\":271,\"image\":{\"@id\":\"https:\\\/\\\/www.visitcentroamerica.com\\\/sala-prensa\\\/viajar\\\/rentacar-alquila-todoterreno-descubre-lugares-apasionantes-ruedas-guatemala-belice\\\/#primaryimage\"},\"thumbnailUrl\":\"https:\\\/\\\/www.visitcentroamerica.com\\\/sala-prensa\\\/wp-content\\\/uploads\\\/2019\\\/06\\\/todoterreno-destacada.jpg\",\"articleSection\":[\"Aventura\",\"Naturaleza\",\"Viajar\"],\"inLanguage\":\"es\"},{\"@type\":\"WebPage\",\"@id\":\"https:\\\/\\\/www.visitcentroamerica.com\\\/sala-prensa\\\/viajar\\\/rentacar-alquila-todoterreno-descubre-lugares-apasionantes-ruedas-guatemala-belice\\\/\",\"url\":\"https:\\\/\\\/www.visitcentroamerica.com\\\/sala-prensa\\\/viajar\\\/rentacar-alquila-todoterreno-descubre-lugares-apasionantes-ruedas-guatemala-belice\\\/\",\"name\":\"Rentacar: descubre Semuc Champey y Benque Viejo del Carmen en 4x4\",\"isPartOf\":{\"@id\":\"https:\\\/\\\/www.visitcentroamerica.com\\\/sala-prensa\\\/#website\"},\"primaryImageOfPage\":{\"@id\":\"https:\\\/\\\/www.visitcentroamerica.com\\\/sala-prensa\\\/viajar\\\/rentacar-alquila-todoterreno-descubre-lugares-apasionantes-ruedas-guatemala-belice\\\/#primaryimage\"},\"image\":{\"@id\":\"https:\\\/\\\/www.visitcentroamerica.com\\\/sala-prensa\\\/viajar\\\/rentacar-alquila-todoterreno-descubre-lugares-apasionantes-ruedas-guatemala-belice\\\/#primaryimage\"},\"thumbnailUrl\":\"https:\\\/\\\/www.visitcentroamerica.com\\\/sala-prensa\\\/wp-content\\\/uploads\\\/2019\\\/06\\\/todoterreno-destacada.jpg\",\"datePublished\":\"2019-06-05T10:00:33+00:00\",\"dateModified\":\"2020-06-02T15:05:34+00:00\",\"author\":{\"@id\":\"https:\\\/\\\/www.visitcentroamerica.com\\\/sala-prensa\\\/#\\\/schema\\\/person\\\/0aa3bd0dbaabaead6089ee3dd0cd7ae5\"},\"description\":\"Escoge la opci\u00f3n rentacar para descubrir en todoterreno Semuc Champey y Benque Viejo del Carmen, dos escenarios imprescindibles de Guatemala y Belice\",\"breadcrumb\":{\"@id\":\"https:\\\/\\\/www.visitcentroamerica.com\\\/sala-prensa\\\/viajar\\\/rentacar-alquila-todoterreno-descubre-lugares-apasionantes-ruedas-guatemala-belice\\\/#breadcrumb\"},\"inLanguage\":\"es\",\"potentialAction\":[{\"@type\":\"ReadAction\",\"target\":[\"https:\\\/\\\/www.visitcentroamerica.com\\\/sala-prensa\\\/viajar\\\/rentacar-alquila-todoterreno-descubre-lugares-apasionantes-ruedas-guatemala-belice\\\/\"]}]},{\"@type\":\"ImageObject\",\"inLanguage\":\"es\",\"@id\":\"https:\\\/\\\/www.visitcentroamerica.com\\\/sala-prensa\\\/viajar\\\/rentacar-alquila-todoterreno-descubre-lugares-apasionantes-ruedas-guatemala-belice\\\/#primaryimage\",\"url\":\"https:\\\/\\\/www.visitcentroamerica.com\\\/sala-prensa\\\/wp-content\\\/uploads\\\/2019\\\/06\\\/todoterreno-destacada.jpg\",\"contentUrl\":\"https:\\\/\\\/www.visitcentroamerica.com\\\/sala-prensa\\\/wp-content\\\/uploads\\\/2019\\\/06\\\/todoterreno-destacada.jpg\",\"width\":376,\"height\":282,\"caption\":\"Lugares apasionantes Guatemala y Belice - Rentacar - Centroam\u00e9rica\"},{\"@type\":\"BreadcrumbList\",\"@id\":\"https:\\\/\\\/www.visitcentroamerica.com\\\/sala-prensa\\\/viajar\\\/rentacar-alquila-todoterreno-descubre-lugares-apasionantes-ruedas-guatemala-belice\\\/#breadcrumb\",\"itemListElement\":[{\"@type\":\"ListItem\",\"position\":1,\"name\":\"Portada\",\"item\":\"https:\\\/\\\/www.visitcentroamerica.com\\\/sala-prensa\\\/\"},{\"@type\":\"ListItem\",\"position\":2,\"name\":\"Rentacar: alquila un todoterreno y descubre lugares apasionantes sobre ruedas en Guatemala y Belice\"}]},{\"@type\":\"WebSite\",\"@id\":\"https:\\\/\\\/www.visitcentroamerica.com\\\/sala-prensa\\\/#website\",\"url\":\"https:\\\/\\\/www.visitcentroamerica.com\\\/sala-prensa\\\/\",\"name\":\"Sala de prensa\",\"description\":\"\",\"potentialAction\":[{\"@type\":\"SearchAction\",\"target\":{\"@type\":\"EntryPoint\",\"urlTemplate\":\"https:\\\/\\\/www.visitcentroamerica.com\\\/sala-prensa\\\/?s={search_term_string}\"},\"query-input\":{\"@type\":\"PropertyValueSpecification\",\"valueRequired\":true,\"valueName\":\"search_term_string\"}}],\"inLanguage\":\"es\"},{\"@type\":\"Person\",\"@id\":\"https:\\\/\\\/www.visitcentroamerica.com\\\/sala-prensa\\\/#\\\/schema\\\/person\\\/0aa3bd0dbaabaead6089ee3dd0cd7ae5\",\"name\":\"Denis Alvarado\",\"image\":{\"@type\":\"ImageObject\",\"inLanguage\":\"es\",\"@id\":\"https:\\\/\\\/secure.gravatar.com\\\/avatar\\\/c31f0697f6edb7c68d5dedc2ccbd548d2a9f73aa293e81c6a1425229ec4c9135?s=96&d=mm&r=g\",\"url\":\"https:\\\/\\\/secure.gravatar.com\\\/avatar\\\/c31f0697f6edb7c68d5dedc2ccbd548d2a9f73aa293e81c6a1425229ec4c9135?s=96&d=mm&r=g\",\"contentUrl\":\"https:\\\/\\\/secure.gravatar.com\\\/avatar\\\/c31f0697f6edb7c68d5dedc2ccbd548d2a9f73aa293e81c6a1425229ec4c9135?s=96&d=mm&r=g\",\"caption\":\"Denis Alvarado\"},\"url\":\"https:\\\/\\\/www.visitcentroamerica.com\\\/sala-prensa\\\/author\\\/denis\\\/\"}]}<\/script>\n<!-- \/ Yoast SEO plugin. -->","yoast_head_json":{"title":"Rentacar: descubre Semuc Champey y Benque Viejo del Carmen en 4x4","description":"Escoge la opci\u00f3n rentacar para descubrir en todoterreno Semuc Champey y Benque Viejo del Carmen, dos escenarios imprescindibles de Guatemala y Belice","robots":{"index":"index","follow":"follow","max-snippet":"max-snippet:-1","max-image-preview":"max-image-preview:large","max-video-preview":"max-video-preview:-1"},"canonical":"https:\/\/www.visitcentroamerica.com\/sala-prensa\/viajar\/rentacar-alquila-todoterreno-descubre-lugares-apasionantes-ruedas-guatemala-belice\/","og_locale":"es_ES","og_type":"article","og_title":"Rentacar: descubre Semuc Champey y Benque Viejo del Carmen en 4x4","og_description":"Escoge la opci\u00f3n rentacar para descubrir en todoterreno Semuc Champey y Benque Viejo del Carmen, dos escenarios imprescindibles de Guatemala y Belice","og_url":"https:\/\/www.visitcentroamerica.com\/sala-prensa\/viajar\/rentacar-alquila-todoterreno-descubre-lugares-apasionantes-ruedas-guatemala-belice\/","og_site_name":"Sala de prensa","article_published_time":"2019-06-05T10:00:33+00:00","article_modified_time":"2020-06-02T15:05:34+00:00","og_image":[{"width":376,"height":282,"url":"https:\/\/www.visitcentroamerica.com\/sala-prensa\/wp-content\/uploads\/2019\/06\/todoterreno-destacada.jpg","type":"image\/jpeg"}],"author":"Denis Alvarado","twitter_card":"summary_large_image","twitter_misc":{"Escrito por":"Denis Alvarado","Tiempo de lectura":"1 minuto"},"schema":{"@context":"https:\/\/schema.org","@graph":[{"@type":"Article","@id":"https:\/\/www.visitcentroamerica.com\/sala-prensa\/viajar\/rentacar-alquila-todoterreno-descubre-lugares-apasionantes-ruedas-guatemala-belice\/#article","isPartOf":{"@id":"https:\/\/www.visitcentroamerica.com\/sala-prensa\/viajar\/rentacar-alquila-todoterreno-descubre-lugares-apasionantes-ruedas-guatemala-belice\/"},"author":{"name":"Denis Alvarado","@id":"https:\/\/www.visitcentroamerica.com\/sala-prensa\/#\/schema\/person\/0aa3bd0dbaabaead6089ee3dd0cd7ae5"},"headline":"Rentacar: alquila un todoterreno y descubre lugares apasionantes sobre ruedas en Guatemala y Belice","datePublished":"2019-06-05T10:00:33+00:00","dateModified":"2020-06-02T15:05:34+00:00","mainEntityOfPage":{"@id":"https:\/\/www.visitcentroamerica.com\/sala-prensa\/viajar\/rentacar-alquila-todoterreno-descubre-lugares-apasionantes-ruedas-guatemala-belice\/"},"wordCount":271,"image":{"@id":"https:\/\/www.visitcentroamerica.com\/sala-prensa\/viajar\/rentacar-alquila-todoterreno-descubre-lugares-apasionantes-ruedas-guatemala-belice\/#primaryimage"},"thumbnailUrl":"https:\/\/www.visitcentroamerica.com\/sala-prensa\/wp-content\/uploads\/2019\/06\/todoterreno-destacada.jpg","articleSection":["Aventura","Naturaleza","Viajar"],"inLanguage":"es"},{"@type":"WebPage","@id":"https:\/\/www.visitcentroamerica.com\/sala-prensa\/viajar\/rentacar-alquila-todoterreno-descubre-lugares-apasionantes-ruedas-guatemala-belice\/","url":"https:\/\/www.visitcentroamerica.com\/sala-prensa\/viajar\/rentacar-alquila-todoterreno-descubre-lugares-apasionantes-ruedas-guatemala-belice\/","name":"Rentacar: descubre Semuc Champey y Benque Viejo del Carmen en 4x4","isPartOf":{"@id":"https:\/\/www.visitcentroamerica.com\/sala-prensa\/#website"},"primaryImageOfPage":{"@id":"https:\/\/www.visitcentroamerica.com\/sala-prensa\/viajar\/rentacar-alquila-todoterreno-descubre-lugares-apasionantes-ruedas-guatemala-belice\/#primaryimage"},"image":{"@id":"https:\/\/www.visitcentroamerica.com\/sala-prensa\/viajar\/rentacar-alquila-todoterreno-descubre-lugares-apasionantes-ruedas-guatemala-belice\/#primaryimage"},"thumbnailUrl":"https:\/\/www.visitcentroamerica.com\/sala-prensa\/wp-content\/uploads\/2019\/06\/todoterreno-destacada.jpg","datePublished":"2019-06-05T10:00:33+00:00","dateModified":"2020-06-02T15:05:34+00:00","author":{"@id":"https:\/\/www.visitcentroamerica.com\/sala-prensa\/#\/schema\/person\/0aa3bd0dbaabaead6089ee3dd0cd7ae5"},"description":"Escoge la opci\u00f3n rentacar para descubrir en todoterreno Semuc Champey y Benque Viejo del Carmen, dos escenarios imprescindibles de Guatemala y Belice","breadcrumb":{"@id":"https:\/\/www.visitcentroamerica.com\/sala-prensa\/viajar\/rentacar-alquila-todoterreno-descubre-lugares-apasionantes-ruedas-guatemala-belice\/#breadcrumb"},"inLanguage":"es","potentialAction":[{"@type":"ReadAction","target":["https:\/\/www.visitcentroamerica.com\/sala-prensa\/viajar\/rentacar-alquila-todoterreno-descubre-lugares-apasionantes-ruedas-guatemala-belice\/"]}]},{"@type":"ImageObject","inLanguage":"es","@id":"https:\/\/www.visitcentroamerica.com\/sala-prensa\/viajar\/rentacar-alquila-todoterreno-descubre-lugares-apasionantes-ruedas-guatemala-belice\/#primaryimage","url":"https:\/\/www.visitcentroamerica.com\/sala-prensa\/wp-content\/uploads\/2019\/06\/todoterreno-destacada.jpg","contentUrl":"https:\/\/www.visitcentroamerica.com\/sala-prensa\/wp-content\/uploads\/2019\/06\/todoterreno-destacada.jpg","width":376,"height":282,"caption":"Lugares apasionantes Guatemala y Belice - Rentacar - Centroam\u00e9rica"},{"@type":"BreadcrumbList","@id":"https:\/\/www.visitcentroamerica.com\/sala-prensa\/viajar\/rentacar-alquila-todoterreno-descubre-lugares-apasionantes-ruedas-guatemala-belice\/#breadcrumb","itemListElement":[{"@type":"ListItem","position":1,"name":"Portada","item":"https:\/\/www.visitcentroamerica.com\/sala-prensa\/"},{"@type":"ListItem","position":2,"name":"Rentacar: alquila un todoterreno y descubre lugares apasionantes sobre ruedas en Guatemala y Belice"}]},{"@type":"WebSite","@id":"https:\/\/www.visitcentroamerica.com\/sala-prensa\/#website","url":"https:\/\/www.visitcentroamerica.com\/sala-prensa\/","name":"Sala de prensa","description":"","potentialAction":[{"@type":"SearchAction","target":{"@type":"EntryPoint","urlTemplate":"https:\/\/www.visitcentroamerica.com\/sala-prensa\/?s={search_term_string}"},"query-input":{"@type":"PropertyValueSpecification","valueRequired":true,"valueName":"search_term_string"}}],"inLanguage":"es"},{"@type":"Person","@id":"https:\/\/www.visitcentroamerica.com\/sala-prensa\/#\/schema\/person\/0aa3bd0dbaabaead6089ee3dd0cd7ae5","name":"Denis Alvarado","image":{"@type":"ImageObject","inLanguage":"es","@id":"https:\/\/secure.gravatar.com\/avatar\/c31f0697f6edb7c68d5dedc2ccbd548d2a9f73aa293e81c6a1425229ec4c9135?s=96&d=mm&r=g","url":"https:\/\/secure.gravatar.com\/avatar\/c31f0697f6edb7c68d5dedc2ccbd548d2a9f73aa293e81c6a1425229ec4c9135?s=96&d=mm&r=g","contentUrl":"https:\/\/secure.gravatar.com\/avatar\/c31f0697f6edb7c68d5dedc2ccbd548d2a9f73aa293e81c6a1425229ec4c9135?s=96&d=mm&r=g","caption":"Denis Alvarado"},"url":"https:\/\/www.visitcentroamerica.com\/sala-prensa\/author\/denis\/"}]}},"_links":{"self":[{"href":"https:\/\/www.visitcentroamerica.com\/sala-prensa\/wp-json\/wp\/v2\/posts\/8191","targetHints":{"allow":["GET"]}}],"collection":[{"href":"https:\/\/www.visitcentroamerica.com\/sala-prensa\/wp-json\/wp\/v2\/posts"}],"about":[{"href":"https:\/\/www.visitcentroamerica.com\/sala-prensa\/wp-json\/wp\/v2\/types\/post"}],"author":[{"embeddable":true,"href":"https:\/\/www.visitcentroamerica.com\/sala-prensa\/wp-json\/wp\/v2\/users\/5"}],"replies":[{"embeddable":true,"href":"https:\/\/www.visitcentroamerica.com\/sala-prensa\/wp-json\/wp\/v2\/comments?post=8191"}],"version-history":[{"count":2,"href":"https:\/\/www.visitcentroamerica.com\/sala-prensa\/wp-json\/wp\/v2\/posts\/8191\/revisions"}],"predecessor-version":[{"id":9924,"href":"https:\/\/www.visitcentroamerica.com\/sala-prensa\/wp-json\/wp\/v2\/posts\/8191\/revisions\/9924"}],"wp:featuredmedia":[{"embeddable":true,"href":"https:\/\/www.visitcentroamerica.com\/sala-prensa\/wp-json\/wp\/v2\/media\/9671"}],"wp:attachment":[{"href":"https:\/\/www.visitcentroamerica.com\/sala-prensa\/wp-json\/wp\/v2\/media?parent=8191"}],"wp:term":[{"taxonomy":"category","embeddable":true,"href":"https:\/\/www.visitcentroamerica.com\/sala-prensa\/wp-json\/wp\/v2\/categories?post=8191"},{"taxonomy":"post_tag","embeddable":true,"href":"https:\/\/www.visitcentroamerica.com\/sala-prensa\/wp-json\/wp\/v2\/tags?post=8191"}],"curies":[{"name":"wp","href":"https:\/\/api.w.org\/{rel}","templated":true}]}}