{"id":8160,"date":"2019-05-25T08:51:00","date_gmt":"2019-05-25T08:51:00","guid":{"rendered":"https:\/\/www.visitcentroamerica.com\/?p=8160"},"modified":"2020-06-02T15:07:35","modified_gmt":"2020-06-02T15:07:35","slug":"atrevete-koalachallenge-frente-la-arquitectura-mas-vanguardista-ancestral-panama-belice","status":"publish","type":"post","link":"https:\/\/www.visitcentroamerica.com\/sala-prensa\/viajar\/atrevete-koalachallenge-frente-la-arquitectura-mas-vanguardista-ancestral-panama-belice\/","title":{"rendered":"Atr\u00e9vete con el #KoalaChallenge frente a la arquitectura m\u00e1s vanguardista y ancestral de Panam\u00e1 y Belice"},"content":{"rendered":"<p>El <strong>#KoalaChallenge<\/strong> es un reto viral consistente en trepar por la anatom\u00eda de otra persona emulando\u00a0al animal. Debes rodear su cuerpo sin tocar el suelo.. \u00bfQui\u00e9n sabe? Quiz\u00e1 ya lo hayas probado. Aunque seguro que no lo has hecho frente a la<strong> arquitectura <\/strong>m\u00e1s representativa de <strong>Panam\u00e1 y Belice<\/strong>. Te propongo ponerle una buena dosis de exotismo al desaf\u00edo grab\u00e1ndote en dos rincones imperdibles de estos pa\u00edses.<\/p>\n<p><img decoding=\"async\" src=\"https:\/\/www.visitcentroamerica.com\/wp-content\/uploads\/2019\/04\/koala-cuerpo.jpg\" \/><\/p>\n<h3 style=\"margin-top: 30px; margin-bottom: 15px;\">El edificio de oro del mercado inmobiliario<\/h3>\n<p>El referente est\u00e9tico de Ciudad de Panam\u00e1 es un rascacielos de <strong>fachada contorsionada<\/strong>. Sus formas son tan sinuosas como la espiral de curvas que deber\u00e1s atravesar para superar tu\u00a0batalla. El edificio simula un tornillo, con lo que te aconsejo que<strong> su silueta quede al fondo<\/strong> cuando inicies la grabaci\u00f3n. As\u00ed, la torre se percibir\u00e1 por completo.<\/p>\n<h3 style=\"margin-top: 30px; margin-bottom: 15px;\">La estructura m\u00e1s impactante de Alt\u00fan Ha<\/h3>\n<p>Despu\u00e9s, trasl\u00e1date a Belice y descubre las ruinas mayas de Alt\u00fan Ha de esta manera impensable. Repite el reto frente al <strong>Templo de los Altares de Obra<\/strong>, la joya de los vestigios. \u00a1Inmortalizar\u00e1s unas vistas magn\u00edficas de la jungla desde esta estructura del siglo VII! No olvidar\u00e1s este momento.<\/p>\n<p>Rod\u00e9ate de la <strong>arquitectura <\/strong>m\u00e1s vanguardista y de la m\u00e1s ancestral para ilustrar tus retos. Un <strong>mercado<\/strong>, un festival, una\u00a0playa con amaneceres\u00a0impresionantes&#8230; \u00a1Estudia todas las opciones!<\/p>\n<p>Ap\u00fantate a otros desaf\u00edos; busca localizaciones espectaculares indagando en <strong><a href=\"https:\/\/www.visitcentroamerica.com\/\">nuestra web<\/a><\/strong>.<\/p>\n","protected":false},"excerpt":{"rendered":"<p>El #KoalaChallenge es un reto viral consistente en trepar por la anatom\u00eda de otra persona emulando\u00a0al animal. Debes rodear su cuerpo sin tocar el suelo.. \u00bfQui\u00e9n sabe? Quiz\u00e1 ya lo hayas probado. Aunque seguro que no lo has hecho frente a la arquitectura m\u00e1s representativa de Panam\u00e1 y Belice. Te propongo ponerle una buena dosis [&hellip;]<\/p>\n","protected":false},"author":5,"featured_media":9681,"comment_status":"closed","ping_status":"closed","sticky":false,"template":"","format":"standard","meta":{"footnotes":""},"categories":[27,28,29,32,25],"tags":[],"class_list":{"0":"post-8160","1":"post","2":"type-post","3":"status-publish","4":"format-standard","5":"has-post-thumbnail","7":"category-arqueologia-e-historia","8":"category-aventura","9":"category-cultura","10":"category-naturaleza","11":"category-viajar"},"yoast_head":"<!-- This site is optimized with the Yoast SEO plugin v27.3 - https:\/\/yoast.com\/product\/yoast-seo-wordpress\/ -->\n<title>Atr\u00e9vete con el reto del koala frente a una arquitectura de renombre<\/title>\n<meta name=\"description\" content=\"\u00bfEres un apasionado de los retos? Prueba con el #KoalaChallenge frente a la arquitectura m\u00e1s representativa de Panam\u00e1 y Belice\" \/>\n<meta name=\"robots\" content=\"index, follow, max-snippet:-1, max-image-preview:large, max-video-preview:-1\" \/>\n<link rel=\"canonical\" href=\"https:\/\/www.visitcentroamerica.com\/sala-prensa\/viajar\/atrevete-koalachallenge-frente-la-arquitectura-mas-vanguardista-ancestral-panama-belice\/\" \/>\n<meta property=\"og:locale\" content=\"es_ES\" \/>\n<meta property=\"og:type\" content=\"article\" \/>\n<meta property=\"og:title\" content=\"Atr\u00e9vete con el reto del koala frente a una arquitectura de renombre\" \/>\n<meta property=\"og:description\" content=\"\u00bfEres un apasionado de los retos? Prueba con el #KoalaChallenge frente a la arquitectura m\u00e1s representativa de Panam\u00e1 y Belice\" \/>\n<meta property=\"og:url\" content=\"https:\/\/www.visitcentroamerica.com\/sala-prensa\/viajar\/atrevete-koalachallenge-frente-la-arquitectura-mas-vanguardista-ancestral-panama-belice\/\" \/>\n<meta property=\"og:site_name\" content=\"Sala de prensa\" \/>\n<meta property=\"article:published_time\" content=\"2019-05-25T08:51:00+00:00\" \/>\n<meta property=\"article:modified_time\" content=\"2020-06-02T15:07:35+00:00\" \/>\n<meta property=\"og:image\" content=\"https:\/\/www.visitcentroamerica.com\/sala-prensa\/wp-content\/uploads\/2019\/05\/koala-destacada.jpg\" \/>\n\t<meta property=\"og:image:width\" content=\"376\" \/>\n\t<meta property=\"og:image:height\" content=\"282\" \/>\n\t<meta property=\"og:image:type\" content=\"image\/jpeg\" \/>\n<meta name=\"author\" content=\"Denis Alvarado\" \/>\n<meta name=\"twitter:card\" content=\"summary_large_image\" \/>\n<meta name=\"twitter:label1\" content=\"Escrito por\" \/>\n\t<meta name=\"twitter:data1\" content=\"Denis Alvarado\" \/>\n\t<meta name=\"twitter:label2\" content=\"Tiempo de lectura\" \/>\n\t<meta name=\"twitter:data2\" content=\"1 minuto\" \/>\n<script type=\"application\/ld+json\" class=\"yoast-schema-graph\">{\"@context\":\"https:\\\/\\\/schema.org\",\"@graph\":[{\"@type\":\"Article\",\"@id\":\"https:\\\/\\\/www.visitcentroamerica.com\\\/sala-prensa\\\/viajar\\\/atrevete-koalachallenge-frente-la-arquitectura-mas-vanguardista-ancestral-panama-belice\\\/#article\",\"isPartOf\":{\"@id\":\"https:\\\/\\\/www.visitcentroamerica.com\\\/sala-prensa\\\/viajar\\\/atrevete-koalachallenge-frente-la-arquitectura-mas-vanguardista-ancestral-panama-belice\\\/\"},\"author\":{\"name\":\"Denis Alvarado\",\"@id\":\"https:\\\/\\\/www.visitcentroamerica.com\\\/sala-prensa\\\/#\\\/schema\\\/person\\\/0aa3bd0dbaabaead6089ee3dd0cd7ae5\"},\"headline\":\"Atr\u00e9vete con el #KoalaChallenge frente a la arquitectura m\u00e1s vanguardista y ancestral de Panam\u00e1 y Belice\",\"datePublished\":\"2019-05-25T08:51:00+00:00\",\"dateModified\":\"2020-06-02T15:07:35+00:00\",\"mainEntityOfPage\":{\"@id\":\"https:\\\/\\\/www.visitcentroamerica.com\\\/sala-prensa\\\/viajar\\\/atrevete-koalachallenge-frente-la-arquitectura-mas-vanguardista-ancestral-panama-belice\\\/\"},\"wordCount\":267,\"image\":{\"@id\":\"https:\\\/\\\/www.visitcentroamerica.com\\\/sala-prensa\\\/viajar\\\/atrevete-koalachallenge-frente-la-arquitectura-mas-vanguardista-ancestral-panama-belice\\\/#primaryimage\"},\"thumbnailUrl\":\"https:\\\/\\\/www.visitcentroamerica.com\\\/sala-prensa\\\/wp-content\\\/uploads\\\/2019\\\/05\\\/koala-destacada.jpg\",\"articleSection\":[\"Arqueolog\u00eda e Historia\",\"Aventura\",\"Cultura\",\"Naturaleza\",\"Viajar\"],\"inLanguage\":\"es\"},{\"@type\":\"WebPage\",\"@id\":\"https:\\\/\\\/www.visitcentroamerica.com\\\/sala-prensa\\\/viajar\\\/atrevete-koalachallenge-frente-la-arquitectura-mas-vanguardista-ancestral-panama-belice\\\/\",\"url\":\"https:\\\/\\\/www.visitcentroamerica.com\\\/sala-prensa\\\/viajar\\\/atrevete-koalachallenge-frente-la-arquitectura-mas-vanguardista-ancestral-panama-belice\\\/\",\"name\":\"Atr\u00e9vete con el reto del koala frente a una arquitectura de renombre\",\"isPartOf\":{\"@id\":\"https:\\\/\\\/www.visitcentroamerica.com\\\/sala-prensa\\\/#website\"},\"primaryImageOfPage\":{\"@id\":\"https:\\\/\\\/www.visitcentroamerica.com\\\/sala-prensa\\\/viajar\\\/atrevete-koalachallenge-frente-la-arquitectura-mas-vanguardista-ancestral-panama-belice\\\/#primaryimage\"},\"image\":{\"@id\":\"https:\\\/\\\/www.visitcentroamerica.com\\\/sala-prensa\\\/viajar\\\/atrevete-koalachallenge-frente-la-arquitectura-mas-vanguardista-ancestral-panama-belice\\\/#primaryimage\"},\"thumbnailUrl\":\"https:\\\/\\\/www.visitcentroamerica.com\\\/sala-prensa\\\/wp-content\\\/uploads\\\/2019\\\/05\\\/koala-destacada.jpg\",\"datePublished\":\"2019-05-25T08:51:00+00:00\",\"dateModified\":\"2020-06-02T15:07:35+00:00\",\"author\":{\"@id\":\"https:\\\/\\\/www.visitcentroamerica.com\\\/sala-prensa\\\/#\\\/schema\\\/person\\\/0aa3bd0dbaabaead6089ee3dd0cd7ae5\"},\"description\":\"\u00bfEres un apasionado de los retos? Prueba con el #KoalaChallenge frente a la arquitectura m\u00e1s representativa de Panam\u00e1 y Belice\",\"breadcrumb\":{\"@id\":\"https:\\\/\\\/www.visitcentroamerica.com\\\/sala-prensa\\\/viajar\\\/atrevete-koalachallenge-frente-la-arquitectura-mas-vanguardista-ancestral-panama-belice\\\/#breadcrumb\"},\"inLanguage\":\"es\",\"potentialAction\":[{\"@type\":\"ReadAction\",\"target\":[\"https:\\\/\\\/www.visitcentroamerica.com\\\/sala-prensa\\\/viajar\\\/atrevete-koalachallenge-frente-la-arquitectura-mas-vanguardista-ancestral-panama-belice\\\/\"]}]},{\"@type\":\"ImageObject\",\"inLanguage\":\"es\",\"@id\":\"https:\\\/\\\/www.visitcentroamerica.com\\\/sala-prensa\\\/viajar\\\/atrevete-koalachallenge-frente-la-arquitectura-mas-vanguardista-ancestral-panama-belice\\\/#primaryimage\",\"url\":\"https:\\\/\\\/www.visitcentroamerica.com\\\/sala-prensa\\\/wp-content\\\/uploads\\\/2019\\\/05\\\/koala-destacada.jpg\",\"contentUrl\":\"https:\\\/\\\/www.visitcentroamerica.com\\\/sala-prensa\\\/wp-content\\\/uploads\\\/2019\\\/05\\\/koala-destacada.jpg\",\"width\":376,\"height\":282,\"caption\":\"KoalaChallenge - Arquitectura vanguardista - ancestral Panam\u00e1 - Belice - Centroam\u00e9rica\"},{\"@type\":\"BreadcrumbList\",\"@id\":\"https:\\\/\\\/www.visitcentroamerica.com\\\/sala-prensa\\\/viajar\\\/atrevete-koalachallenge-frente-la-arquitectura-mas-vanguardista-ancestral-panama-belice\\\/#breadcrumb\",\"itemListElement\":[{\"@type\":\"ListItem\",\"position\":1,\"name\":\"Portada\",\"item\":\"https:\\\/\\\/www.visitcentroamerica.com\\\/sala-prensa\\\/\"},{\"@type\":\"ListItem\",\"position\":2,\"name\":\"Atr\u00e9vete con el #KoalaChallenge frente a la arquitectura m\u00e1s vanguardista y ancestral de Panam\u00e1 y Belice\"}]},{\"@type\":\"WebSite\",\"@id\":\"https:\\\/\\\/www.visitcentroamerica.com\\\/sala-prensa\\\/#website\",\"url\":\"https:\\\/\\\/www.visitcentroamerica.com\\\/sala-prensa\\\/\",\"name\":\"Sala de prensa\",\"description\":\"\",\"potentialAction\":[{\"@type\":\"SearchAction\",\"target\":{\"@type\":\"EntryPoint\",\"urlTemplate\":\"https:\\\/\\\/www.visitcentroamerica.com\\\/sala-prensa\\\/?s={search_term_string}\"},\"query-input\":{\"@type\":\"PropertyValueSpecification\",\"valueRequired\":true,\"valueName\":\"search_term_string\"}}],\"inLanguage\":\"es\"},{\"@type\":\"Person\",\"@id\":\"https:\\\/\\\/www.visitcentroamerica.com\\\/sala-prensa\\\/#\\\/schema\\\/person\\\/0aa3bd0dbaabaead6089ee3dd0cd7ae5\",\"name\":\"Denis Alvarado\",\"image\":{\"@type\":\"ImageObject\",\"inLanguage\":\"es\",\"@id\":\"https:\\\/\\\/secure.gravatar.com\\\/avatar\\\/c31f0697f6edb7c68d5dedc2ccbd548d2a9f73aa293e81c6a1425229ec4c9135?s=96&d=mm&r=g\",\"url\":\"https:\\\/\\\/secure.gravatar.com\\\/avatar\\\/c31f0697f6edb7c68d5dedc2ccbd548d2a9f73aa293e81c6a1425229ec4c9135?s=96&d=mm&r=g\",\"contentUrl\":\"https:\\\/\\\/secure.gravatar.com\\\/avatar\\\/c31f0697f6edb7c68d5dedc2ccbd548d2a9f73aa293e81c6a1425229ec4c9135?s=96&d=mm&r=g\",\"caption\":\"Denis Alvarado\"},\"url\":\"https:\\\/\\\/www.visitcentroamerica.com\\\/sala-prensa\\\/author\\\/denis\\\/\"}]}<\/script>\n<!-- \/ Yoast SEO plugin. -->","yoast_head_json":{"title":"Atr\u00e9vete con el reto del koala frente a una arquitectura de renombre","description":"\u00bfEres un apasionado de los retos? Prueba con el #KoalaChallenge frente a la arquitectura m\u00e1s representativa de Panam\u00e1 y Belice","robots":{"index":"index","follow":"follow","max-snippet":"max-snippet:-1","max-image-preview":"max-image-preview:large","max-video-preview":"max-video-preview:-1"},"canonical":"https:\/\/www.visitcentroamerica.com\/sala-prensa\/viajar\/atrevete-koalachallenge-frente-la-arquitectura-mas-vanguardista-ancestral-panama-belice\/","og_locale":"es_ES","og_type":"article","og_title":"Atr\u00e9vete con el reto del koala frente a una arquitectura de renombre","og_description":"\u00bfEres un apasionado de los retos? Prueba con el #KoalaChallenge frente a la arquitectura m\u00e1s representativa de Panam\u00e1 y Belice","og_url":"https:\/\/www.visitcentroamerica.com\/sala-prensa\/viajar\/atrevete-koalachallenge-frente-la-arquitectura-mas-vanguardista-ancestral-panama-belice\/","og_site_name":"Sala de prensa","article_published_time":"2019-05-25T08:51:00+00:00","article_modified_time":"2020-06-02T15:07:35+00:00","og_image":[{"width":376,"height":282,"url":"https:\/\/www.visitcentroamerica.com\/sala-prensa\/wp-content\/uploads\/2019\/05\/koala-destacada.jpg","type":"image\/jpeg"}],"author":"Denis Alvarado","twitter_card":"summary_large_image","twitter_misc":{"Escrito por":"Denis Alvarado","Tiempo de lectura":"1 minuto"},"schema":{"@context":"https:\/\/schema.org","@graph":[{"@type":"Article","@id":"https:\/\/www.visitcentroamerica.com\/sala-prensa\/viajar\/atrevete-koalachallenge-frente-la-arquitectura-mas-vanguardista-ancestral-panama-belice\/#article","isPartOf":{"@id":"https:\/\/www.visitcentroamerica.com\/sala-prensa\/viajar\/atrevete-koalachallenge-frente-la-arquitectura-mas-vanguardista-ancestral-panama-belice\/"},"author":{"name":"Denis Alvarado","@id":"https:\/\/www.visitcentroamerica.com\/sala-prensa\/#\/schema\/person\/0aa3bd0dbaabaead6089ee3dd0cd7ae5"},"headline":"Atr\u00e9vete con el #KoalaChallenge frente a la arquitectura m\u00e1s vanguardista y ancestral de Panam\u00e1 y Belice","datePublished":"2019-05-25T08:51:00+00:00","dateModified":"2020-06-02T15:07:35+00:00","mainEntityOfPage":{"@id":"https:\/\/www.visitcentroamerica.com\/sala-prensa\/viajar\/atrevete-koalachallenge-frente-la-arquitectura-mas-vanguardista-ancestral-panama-belice\/"},"wordCount":267,"image":{"@id":"https:\/\/www.visitcentroamerica.com\/sala-prensa\/viajar\/atrevete-koalachallenge-frente-la-arquitectura-mas-vanguardista-ancestral-panama-belice\/#primaryimage"},"thumbnailUrl":"https:\/\/www.visitcentroamerica.com\/sala-prensa\/wp-content\/uploads\/2019\/05\/koala-destacada.jpg","articleSection":["Arqueolog\u00eda e Historia","Aventura","Cultura","Naturaleza","Viajar"],"inLanguage":"es"},{"@type":"WebPage","@id":"https:\/\/www.visitcentroamerica.com\/sala-prensa\/viajar\/atrevete-koalachallenge-frente-la-arquitectura-mas-vanguardista-ancestral-panama-belice\/","url":"https:\/\/www.visitcentroamerica.com\/sala-prensa\/viajar\/atrevete-koalachallenge-frente-la-arquitectura-mas-vanguardista-ancestral-panama-belice\/","name":"Atr\u00e9vete con el reto del koala frente a una arquitectura de renombre","isPartOf":{"@id":"https:\/\/www.visitcentroamerica.com\/sala-prensa\/#website"},"primaryImageOfPage":{"@id":"https:\/\/www.visitcentroamerica.com\/sala-prensa\/viajar\/atrevete-koalachallenge-frente-la-arquitectura-mas-vanguardista-ancestral-panama-belice\/#primaryimage"},"image":{"@id":"https:\/\/www.visitcentroamerica.com\/sala-prensa\/viajar\/atrevete-koalachallenge-frente-la-arquitectura-mas-vanguardista-ancestral-panama-belice\/#primaryimage"},"thumbnailUrl":"https:\/\/www.visitcentroamerica.com\/sala-prensa\/wp-content\/uploads\/2019\/05\/koala-destacada.jpg","datePublished":"2019-05-25T08:51:00+00:00","dateModified":"2020-06-02T15:07:35+00:00","author":{"@id":"https:\/\/www.visitcentroamerica.com\/sala-prensa\/#\/schema\/person\/0aa3bd0dbaabaead6089ee3dd0cd7ae5"},"description":"\u00bfEres un apasionado de los retos? Prueba con el #KoalaChallenge frente a la arquitectura m\u00e1s representativa de Panam\u00e1 y Belice","breadcrumb":{"@id":"https:\/\/www.visitcentroamerica.com\/sala-prensa\/viajar\/atrevete-koalachallenge-frente-la-arquitectura-mas-vanguardista-ancestral-panama-belice\/#breadcrumb"},"inLanguage":"es","potentialAction":[{"@type":"ReadAction","target":["https:\/\/www.visitcentroamerica.com\/sala-prensa\/viajar\/atrevete-koalachallenge-frente-la-arquitectura-mas-vanguardista-ancestral-panama-belice\/"]}]},{"@type":"ImageObject","inLanguage":"es","@id":"https:\/\/www.visitcentroamerica.com\/sala-prensa\/viajar\/atrevete-koalachallenge-frente-la-arquitectura-mas-vanguardista-ancestral-panama-belice\/#primaryimage","url":"https:\/\/www.visitcentroamerica.com\/sala-prensa\/wp-content\/uploads\/2019\/05\/koala-destacada.jpg","contentUrl":"https:\/\/www.visitcentroamerica.com\/sala-prensa\/wp-content\/uploads\/2019\/05\/koala-destacada.jpg","width":376,"height":282,"caption":"KoalaChallenge - Arquitectura vanguardista - ancestral Panam\u00e1 - Belice - Centroam\u00e9rica"},{"@type":"BreadcrumbList","@id":"https:\/\/www.visitcentroamerica.com\/sala-prensa\/viajar\/atrevete-koalachallenge-frente-la-arquitectura-mas-vanguardista-ancestral-panama-belice\/#breadcrumb","itemListElement":[{"@type":"ListItem","position":1,"name":"Portada","item":"https:\/\/www.visitcentroamerica.com\/sala-prensa\/"},{"@type":"ListItem","position":2,"name":"Atr\u00e9vete con el #KoalaChallenge frente a la arquitectura m\u00e1s vanguardista y ancestral de Panam\u00e1 y Belice"}]},{"@type":"WebSite","@id":"https:\/\/www.visitcentroamerica.com\/sala-prensa\/#website","url":"https:\/\/www.visitcentroamerica.com\/sala-prensa\/","name":"Sala de prensa","description":"","potentialAction":[{"@type":"SearchAction","target":{"@type":"EntryPoint","urlTemplate":"https:\/\/www.visitcentroamerica.com\/sala-prensa\/?s={search_term_string}"},"query-input":{"@type":"PropertyValueSpecification","valueRequired":true,"valueName":"search_term_string"}}],"inLanguage":"es"},{"@type":"Person","@id":"https:\/\/www.visitcentroamerica.com\/sala-prensa\/#\/schema\/person\/0aa3bd0dbaabaead6089ee3dd0cd7ae5","name":"Denis Alvarado","image":{"@type":"ImageObject","inLanguage":"es","@id":"https:\/\/secure.gravatar.com\/avatar\/c31f0697f6edb7c68d5dedc2ccbd548d2a9f73aa293e81c6a1425229ec4c9135?s=96&d=mm&r=g","url":"https:\/\/secure.gravatar.com\/avatar\/c31f0697f6edb7c68d5dedc2ccbd548d2a9f73aa293e81c6a1425229ec4c9135?s=96&d=mm&r=g","contentUrl":"https:\/\/secure.gravatar.com\/avatar\/c31f0697f6edb7c68d5dedc2ccbd548d2a9f73aa293e81c6a1425229ec4c9135?s=96&d=mm&r=g","caption":"Denis Alvarado"},"url":"https:\/\/www.visitcentroamerica.com\/sala-prensa\/author\/denis\/"}]}},"_links":{"self":[{"href":"https:\/\/www.visitcentroamerica.com\/sala-prensa\/wp-json\/wp\/v2\/posts\/8160","targetHints":{"allow":["GET"]}}],"collection":[{"href":"https:\/\/www.visitcentroamerica.com\/sala-prensa\/wp-json\/wp\/v2\/posts"}],"about":[{"href":"https:\/\/www.visitcentroamerica.com\/sala-prensa\/wp-json\/wp\/v2\/types\/post"}],"author":[{"embeddable":true,"href":"https:\/\/www.visitcentroamerica.com\/sala-prensa\/wp-json\/wp\/v2\/users\/5"}],"replies":[{"embeddable":true,"href":"https:\/\/www.visitcentroamerica.com\/sala-prensa\/wp-json\/wp\/v2\/comments?post=8160"}],"version-history":[{"count":2,"href":"https:\/\/www.visitcentroamerica.com\/sala-prensa\/wp-json\/wp\/v2\/posts\/8160\/revisions"}],"predecessor-version":[{"id":9926,"href":"https:\/\/www.visitcentroamerica.com\/sala-prensa\/wp-json\/wp\/v2\/posts\/8160\/revisions\/9926"}],"wp:featuredmedia":[{"embeddable":true,"href":"https:\/\/www.visitcentroamerica.com\/sala-prensa\/wp-json\/wp\/v2\/media\/9681"}],"wp:attachment":[{"href":"https:\/\/www.visitcentroamerica.com\/sala-prensa\/wp-json\/wp\/v2\/media?parent=8160"}],"wp:term":[{"taxonomy":"category","embeddable":true,"href":"https:\/\/www.visitcentroamerica.com\/sala-prensa\/wp-json\/wp\/v2\/categories?post=8160"},{"taxonomy":"post_tag","embeddable":true,"href":"https:\/\/www.visitcentroamerica.com\/sala-prensa\/wp-json\/wp\/v2\/tags?post=8160"}],"curies":[{"name":"wp","href":"https:\/\/api.w.org\/{rel}","templated":true}]}}