{"id":8139,"date":"2019-05-12T12:00:21","date_gmt":"2019-05-12T12:00:21","guid":{"rendered":"https:\/\/www.visitcentroamerica.com\/?p=8139"},"modified":"2020-06-08T07:00:19","modified_gmt":"2020-06-08T07:00:19","slug":"caribe-maya-fin-una-iniciativa-conocer-toda-la-diversidad-cultural-la-zona","status":"publish","type":"post","link":"https:\/\/www.visitcentroamerica.com\/sala-prensa\/viajar\/caribe-maya-fin-una-iniciativa-conocer-toda-la-diversidad-cultural-la-zona\/","title":{"rendered":"Caribe Maya, por fin una iniciativa para conocer toda la diversidad cultural de la zona"},"content":{"rendered":"<p>Una fusi\u00f3n de las culturas maya y gar\u00edfuna en un entorno sostenible. Los arrecifes, la <strong>selva<\/strong>, la gastronom\u00eda, la m\u00fasica, el clima&#8230; Cada joya que compone el <strong>Caribe Maya<\/strong> tiene cabida en la iniciativa de turismo verde propulsada por el <strong>Fondo Mundial para la Naturaleza<\/strong>. Participa en esta aventura protagonizada por <strong>Honduras y Guatemala<\/strong>, pa\u00edses impulsores del turismo de base comunitaria. Una filosof\u00eda compartida por <strong>Costa Rica y Panam\u00e1<\/strong>.<\/p>\n<p><img decoding=\"async\" src=\"https:\/\/www.visitcentroamerica.com\/wp-content\/uploads\/2019\/04\/caribe-maya-cuerpo.jpg\" \/><\/p>\n<h3 style=\"margin-top: 30px; margin-bottom: 15px;\">As\u00ed es el proyecto &#8216;Caribe Maya&#8217;<\/h3>\n<p>Esta iniciativa potencia el turismo rural gestionado por las comunidades del litoral <strong>Caribe\u00f1o<\/strong> de Guatemala. Tambi\u00e9n te hablo de la zona costera y de <strong>las islas del norte de Honduras<\/strong>. \u00bfTe interesar\u00e1 saber que forman parte del <strong>Sistema Arrecifal Mesoamericano<\/strong>?<\/p>\n<p>Adem\u00e1s, este proyecto cuenta con el respaldo de instituciones de ambos pa\u00edses. Presenta multitud de actividades. Se proponen excursiones a \u00e1reas protegidas, rutas gastron\u00f3micas, circuitos para los aventureros&#8230; Te recomiendo que alargues tus vacaciones para vivir al m\u00e1ximo cada experiencia.<\/p>\n<h3 style=\"margin-top: 30px; margin-bottom: 15px;\">La selva y las monta\u00f1as m\u00e1s altas del Caribe<\/h3>\n<p>Este espectacular escenario destaca por su <strong>exuberante naturaleza<\/strong>. Aqu\u00ed contemplar\u00e1s las <strong>monta\u00f1as m\u00e1s elevadas del Caribe<\/strong>. En este viaje te aconsejo acercarte a su barrera arrecifal. \u00bfSab\u00edas que est\u00e1 catalogada como la segunda m\u00e1s grande del planeta? En este fascinante rinc\u00f3n conviven <strong>las culturas vivas maya y gar\u00edfuna<\/strong>.<\/p>\n<p>\u00a1Confecciona tu ruta por el <strong>Caribe Maya<\/strong>! Y accede a <a href=\"https:\/\/www.visitcentroamerica.com\"><strong>nuestra web<\/strong><\/a> para descubrir otras zonas importantes de Centroam\u00e9rica con asentamientos mayas.<\/p>\n","protected":false},"excerpt":{"rendered":"<p>Una fusi\u00f3n de las culturas maya y gar\u00edfuna en un entorno sostenible. Los arrecifes, la selva, la gastronom\u00eda, la m\u00fasica, el clima&#8230; Cada joya que compone el Caribe Maya tiene cabida en la iniciativa de turismo verde propulsada por el Fondo Mundial para la Naturaleza. Participa en esta aventura protagonizada por Honduras y Guatemala, pa\u00edses [&hellip;]<\/p>\n","protected":false},"author":5,"featured_media":9688,"comment_status":"closed","ping_status":"closed","sticky":false,"template":"","format":"standard","meta":{"footnotes":""},"categories":[28,37,30,31,39,32,33,34,35,25],"tags":[],"class_list":{"0":"post-8139","1":"post","2":"type-post","3":"status-publish","4":"format-standard","5":"has-post-thumbnail","7":"category-aventura","8":"category-buceo","9":"category-diversidad-cultural","10":"category-ecoturismo","11":"category-gastronomia","12":"category-naturaleza","13":"category-patrimonio-de-la-humanidad","14":"category-sol-y-playa","15":"category-turismo-comunitario","16":"category-viajar"},"yoast_head":"<!-- This site is optimized with the Yoast SEO plugin v27.3 - https:\/\/yoast.com\/product\/yoast-seo-wordpress\/ -->\n<title>Caribe Maya, el proyecto de turismo verde que ensalza esta cultura<\/title>\n<meta name=\"description\" content=\"\u00bfTe apetece conocer la belleza del Sistema Arrecifal Mesoamericano? Ap\u00fantate al proyecto Caribe Maya, la iniciativa para descubrir la cultura de esta zona\" \/>\n<meta name=\"robots\" content=\"index, follow, max-snippet:-1, max-image-preview:large, max-video-preview:-1\" \/>\n<link rel=\"canonical\" href=\"https:\/\/www.visitcentroamerica.com\/sala-prensa\/viajar\/caribe-maya-fin-una-iniciativa-conocer-toda-la-diversidad-cultural-la-zona\/\" \/>\n<meta property=\"og:locale\" content=\"es_ES\" \/>\n<meta property=\"og:type\" content=\"article\" \/>\n<meta property=\"og:title\" content=\"Caribe Maya, el proyecto de turismo verde que ensalza esta cultura\" \/>\n<meta property=\"og:description\" content=\"\u00bfTe apetece conocer la belleza del Sistema Arrecifal Mesoamericano? Ap\u00fantate al proyecto Caribe Maya, la iniciativa para descubrir la cultura de esta zona\" \/>\n<meta property=\"og:url\" content=\"https:\/\/www.visitcentroamerica.com\/sala-prensa\/viajar\/caribe-maya-fin-una-iniciativa-conocer-toda-la-diversidad-cultural-la-zona\/\" \/>\n<meta property=\"og:site_name\" content=\"Sala de prensa\" \/>\n<meta property=\"article:published_time\" content=\"2019-05-12T12:00:21+00:00\" \/>\n<meta property=\"article:modified_time\" content=\"2020-06-08T07:00:19+00:00\" \/>\n<meta property=\"og:image\" content=\"https:\/\/www.visitcentroamerica.com\/sala-prensa\/wp-content\/uploads\/2019\/05\/caribe-maya-destacada.jpg\" \/>\n\t<meta property=\"og:image:width\" content=\"376\" \/>\n\t<meta property=\"og:image:height\" content=\"282\" \/>\n\t<meta property=\"og:image:type\" content=\"image\/jpeg\" \/>\n<meta name=\"author\" content=\"Denis Alvarado\" \/>\n<meta name=\"twitter:card\" content=\"summary_large_image\" \/>\n<meta name=\"twitter:label1\" content=\"Escrito por\" \/>\n\t<meta name=\"twitter:data1\" content=\"Denis Alvarado\" \/>\n\t<meta name=\"twitter:label2\" content=\"Tiempo de lectura\" \/>\n\t<meta name=\"twitter:data2\" content=\"1 minuto\" \/>\n<script type=\"application\/ld+json\" class=\"yoast-schema-graph\">{\"@context\":\"https:\\\/\\\/schema.org\",\"@graph\":[{\"@type\":\"Article\",\"@id\":\"https:\\\/\\\/www.visitcentroamerica.com\\\/sala-prensa\\\/viajar\\\/caribe-maya-fin-una-iniciativa-conocer-toda-la-diversidad-cultural-la-zona\\\/#article\",\"isPartOf\":{\"@id\":\"https:\\\/\\\/www.visitcentroamerica.com\\\/sala-prensa\\\/viajar\\\/caribe-maya-fin-una-iniciativa-conocer-toda-la-diversidad-cultural-la-zona\\\/\"},\"author\":{\"name\":\"Denis Alvarado\",\"@id\":\"https:\\\/\\\/www.visitcentroamerica.com\\\/sala-prensa\\\/#\\\/schema\\\/person\\\/0aa3bd0dbaabaead6089ee3dd0cd7ae5\"},\"headline\":\"Caribe Maya, por fin una iniciativa para conocer toda la diversidad cultural de la zona\",\"datePublished\":\"2019-05-12T12:00:21+00:00\",\"dateModified\":\"2020-06-08T07:00:19+00:00\",\"mainEntityOfPage\":{\"@id\":\"https:\\\/\\\/www.visitcentroamerica.com\\\/sala-prensa\\\/viajar\\\/caribe-maya-fin-una-iniciativa-conocer-toda-la-diversidad-cultural-la-zona\\\/\"},\"wordCount\":271,\"image\":{\"@id\":\"https:\\\/\\\/www.visitcentroamerica.com\\\/sala-prensa\\\/viajar\\\/caribe-maya-fin-una-iniciativa-conocer-toda-la-diversidad-cultural-la-zona\\\/#primaryimage\"},\"thumbnailUrl\":\"https:\\\/\\\/www.visitcentroamerica.com\\\/sala-prensa\\\/wp-content\\\/uploads\\\/2019\\\/05\\\/caribe-maya-destacada.jpg\",\"articleSection\":[\"Aventura\",\"Buceo\",\"Diversidad Cultural\",\"Ecoturismo\",\"Gastronom\u00eda\",\"Naturaleza\",\"Patrimonio de la Humanidad\",\"Sol y Playa\",\"Turismo Comunitario\",\"Viajar\"],\"inLanguage\":\"es\"},{\"@type\":\"WebPage\",\"@id\":\"https:\\\/\\\/www.visitcentroamerica.com\\\/sala-prensa\\\/viajar\\\/caribe-maya-fin-una-iniciativa-conocer-toda-la-diversidad-cultural-la-zona\\\/\",\"url\":\"https:\\\/\\\/www.visitcentroamerica.com\\\/sala-prensa\\\/viajar\\\/caribe-maya-fin-una-iniciativa-conocer-toda-la-diversidad-cultural-la-zona\\\/\",\"name\":\"Caribe Maya, el proyecto de turismo verde que ensalza esta cultura\",\"isPartOf\":{\"@id\":\"https:\\\/\\\/www.visitcentroamerica.com\\\/sala-prensa\\\/#website\"},\"primaryImageOfPage\":{\"@id\":\"https:\\\/\\\/www.visitcentroamerica.com\\\/sala-prensa\\\/viajar\\\/caribe-maya-fin-una-iniciativa-conocer-toda-la-diversidad-cultural-la-zona\\\/#primaryimage\"},\"image\":{\"@id\":\"https:\\\/\\\/www.visitcentroamerica.com\\\/sala-prensa\\\/viajar\\\/caribe-maya-fin-una-iniciativa-conocer-toda-la-diversidad-cultural-la-zona\\\/#primaryimage\"},\"thumbnailUrl\":\"https:\\\/\\\/www.visitcentroamerica.com\\\/sala-prensa\\\/wp-content\\\/uploads\\\/2019\\\/05\\\/caribe-maya-destacada.jpg\",\"datePublished\":\"2019-05-12T12:00:21+00:00\",\"dateModified\":\"2020-06-08T07:00:19+00:00\",\"author\":{\"@id\":\"https:\\\/\\\/www.visitcentroamerica.com\\\/sala-prensa\\\/#\\\/schema\\\/person\\\/0aa3bd0dbaabaead6089ee3dd0cd7ae5\"},\"description\":\"\u00bfTe apetece conocer la belleza del Sistema Arrecifal Mesoamericano? Ap\u00fantate al proyecto Caribe Maya, la iniciativa para descubrir la cultura de esta zona\",\"breadcrumb\":{\"@id\":\"https:\\\/\\\/www.visitcentroamerica.com\\\/sala-prensa\\\/viajar\\\/caribe-maya-fin-una-iniciativa-conocer-toda-la-diversidad-cultural-la-zona\\\/#breadcrumb\"},\"inLanguage\":\"es\",\"potentialAction\":[{\"@type\":\"ReadAction\",\"target\":[\"https:\\\/\\\/www.visitcentroamerica.com\\\/sala-prensa\\\/viajar\\\/caribe-maya-fin-una-iniciativa-conocer-toda-la-diversidad-cultural-la-zona\\\/\"]}]},{\"@type\":\"ImageObject\",\"inLanguage\":\"es\",\"@id\":\"https:\\\/\\\/www.visitcentroamerica.com\\\/sala-prensa\\\/viajar\\\/caribe-maya-fin-una-iniciativa-conocer-toda-la-diversidad-cultural-la-zona\\\/#primaryimage\",\"url\":\"https:\\\/\\\/www.visitcentroamerica.com\\\/sala-prensa\\\/wp-content\\\/uploads\\\/2019\\\/05\\\/caribe-maya-destacada.jpg\",\"contentUrl\":\"https:\\\/\\\/www.visitcentroamerica.com\\\/sala-prensa\\\/wp-content\\\/uploads\\\/2019\\\/05\\\/caribe-maya-destacada.jpg\",\"width\":376,\"height\":282,\"caption\":\"Caribe Maya - diversidad cultural - Centroam\u00e9rica\"},{\"@type\":\"BreadcrumbList\",\"@id\":\"https:\\\/\\\/www.visitcentroamerica.com\\\/sala-prensa\\\/viajar\\\/caribe-maya-fin-una-iniciativa-conocer-toda-la-diversidad-cultural-la-zona\\\/#breadcrumb\",\"itemListElement\":[{\"@type\":\"ListItem\",\"position\":1,\"name\":\"Portada\",\"item\":\"https:\\\/\\\/www.visitcentroamerica.com\\\/sala-prensa\\\/\"},{\"@type\":\"ListItem\",\"position\":2,\"name\":\"Caribe Maya, por fin una iniciativa para conocer toda la diversidad cultural de la zona\"}]},{\"@type\":\"WebSite\",\"@id\":\"https:\\\/\\\/www.visitcentroamerica.com\\\/sala-prensa\\\/#website\",\"url\":\"https:\\\/\\\/www.visitcentroamerica.com\\\/sala-prensa\\\/\",\"name\":\"Sala de prensa\",\"description\":\"\",\"potentialAction\":[{\"@type\":\"SearchAction\",\"target\":{\"@type\":\"EntryPoint\",\"urlTemplate\":\"https:\\\/\\\/www.visitcentroamerica.com\\\/sala-prensa\\\/?s={search_term_string}\"},\"query-input\":{\"@type\":\"PropertyValueSpecification\",\"valueRequired\":true,\"valueName\":\"search_term_string\"}}],\"inLanguage\":\"es\"},{\"@type\":\"Person\",\"@id\":\"https:\\\/\\\/www.visitcentroamerica.com\\\/sala-prensa\\\/#\\\/schema\\\/person\\\/0aa3bd0dbaabaead6089ee3dd0cd7ae5\",\"name\":\"Denis Alvarado\",\"image\":{\"@type\":\"ImageObject\",\"inLanguage\":\"es\",\"@id\":\"https:\\\/\\\/secure.gravatar.com\\\/avatar\\\/c31f0697f6edb7c68d5dedc2ccbd548d2a9f73aa293e81c6a1425229ec4c9135?s=96&d=mm&r=g\",\"url\":\"https:\\\/\\\/secure.gravatar.com\\\/avatar\\\/c31f0697f6edb7c68d5dedc2ccbd548d2a9f73aa293e81c6a1425229ec4c9135?s=96&d=mm&r=g\",\"contentUrl\":\"https:\\\/\\\/secure.gravatar.com\\\/avatar\\\/c31f0697f6edb7c68d5dedc2ccbd548d2a9f73aa293e81c6a1425229ec4c9135?s=96&d=mm&r=g\",\"caption\":\"Denis Alvarado\"},\"url\":\"https:\\\/\\\/www.visitcentroamerica.com\\\/sala-prensa\\\/author\\\/denis\\\/\"}]}<\/script>\n<!-- \/ Yoast SEO plugin. -->","yoast_head_json":{"title":"Caribe Maya, el proyecto de turismo verde que ensalza esta cultura","description":"\u00bfTe apetece conocer la belleza del Sistema Arrecifal Mesoamericano? Ap\u00fantate al proyecto Caribe Maya, la iniciativa para descubrir la cultura de esta zona","robots":{"index":"index","follow":"follow","max-snippet":"max-snippet:-1","max-image-preview":"max-image-preview:large","max-video-preview":"max-video-preview:-1"},"canonical":"https:\/\/www.visitcentroamerica.com\/sala-prensa\/viajar\/caribe-maya-fin-una-iniciativa-conocer-toda-la-diversidad-cultural-la-zona\/","og_locale":"es_ES","og_type":"article","og_title":"Caribe Maya, el proyecto de turismo verde que ensalza esta cultura","og_description":"\u00bfTe apetece conocer la belleza del Sistema Arrecifal Mesoamericano? Ap\u00fantate al proyecto Caribe Maya, la iniciativa para descubrir la cultura de esta zona","og_url":"https:\/\/www.visitcentroamerica.com\/sala-prensa\/viajar\/caribe-maya-fin-una-iniciativa-conocer-toda-la-diversidad-cultural-la-zona\/","og_site_name":"Sala de prensa","article_published_time":"2019-05-12T12:00:21+00:00","article_modified_time":"2020-06-08T07:00:19+00:00","og_image":[{"width":376,"height":282,"url":"https:\/\/www.visitcentroamerica.com\/sala-prensa\/wp-content\/uploads\/2019\/05\/caribe-maya-destacada.jpg","type":"image\/jpeg"}],"author":"Denis Alvarado","twitter_card":"summary_large_image","twitter_misc":{"Escrito por":"Denis Alvarado","Tiempo de lectura":"1 minuto"},"schema":{"@context":"https:\/\/schema.org","@graph":[{"@type":"Article","@id":"https:\/\/www.visitcentroamerica.com\/sala-prensa\/viajar\/caribe-maya-fin-una-iniciativa-conocer-toda-la-diversidad-cultural-la-zona\/#article","isPartOf":{"@id":"https:\/\/www.visitcentroamerica.com\/sala-prensa\/viajar\/caribe-maya-fin-una-iniciativa-conocer-toda-la-diversidad-cultural-la-zona\/"},"author":{"name":"Denis Alvarado","@id":"https:\/\/www.visitcentroamerica.com\/sala-prensa\/#\/schema\/person\/0aa3bd0dbaabaead6089ee3dd0cd7ae5"},"headline":"Caribe Maya, por fin una iniciativa para conocer toda la diversidad cultural de la zona","datePublished":"2019-05-12T12:00:21+00:00","dateModified":"2020-06-08T07:00:19+00:00","mainEntityOfPage":{"@id":"https:\/\/www.visitcentroamerica.com\/sala-prensa\/viajar\/caribe-maya-fin-una-iniciativa-conocer-toda-la-diversidad-cultural-la-zona\/"},"wordCount":271,"image":{"@id":"https:\/\/www.visitcentroamerica.com\/sala-prensa\/viajar\/caribe-maya-fin-una-iniciativa-conocer-toda-la-diversidad-cultural-la-zona\/#primaryimage"},"thumbnailUrl":"https:\/\/www.visitcentroamerica.com\/sala-prensa\/wp-content\/uploads\/2019\/05\/caribe-maya-destacada.jpg","articleSection":["Aventura","Buceo","Diversidad Cultural","Ecoturismo","Gastronom\u00eda","Naturaleza","Patrimonio de la Humanidad","Sol y Playa","Turismo Comunitario","Viajar"],"inLanguage":"es"},{"@type":"WebPage","@id":"https:\/\/www.visitcentroamerica.com\/sala-prensa\/viajar\/caribe-maya-fin-una-iniciativa-conocer-toda-la-diversidad-cultural-la-zona\/","url":"https:\/\/www.visitcentroamerica.com\/sala-prensa\/viajar\/caribe-maya-fin-una-iniciativa-conocer-toda-la-diversidad-cultural-la-zona\/","name":"Caribe Maya, el proyecto de turismo verde que ensalza esta cultura","isPartOf":{"@id":"https:\/\/www.visitcentroamerica.com\/sala-prensa\/#website"},"primaryImageOfPage":{"@id":"https:\/\/www.visitcentroamerica.com\/sala-prensa\/viajar\/caribe-maya-fin-una-iniciativa-conocer-toda-la-diversidad-cultural-la-zona\/#primaryimage"},"image":{"@id":"https:\/\/www.visitcentroamerica.com\/sala-prensa\/viajar\/caribe-maya-fin-una-iniciativa-conocer-toda-la-diversidad-cultural-la-zona\/#primaryimage"},"thumbnailUrl":"https:\/\/www.visitcentroamerica.com\/sala-prensa\/wp-content\/uploads\/2019\/05\/caribe-maya-destacada.jpg","datePublished":"2019-05-12T12:00:21+00:00","dateModified":"2020-06-08T07:00:19+00:00","author":{"@id":"https:\/\/www.visitcentroamerica.com\/sala-prensa\/#\/schema\/person\/0aa3bd0dbaabaead6089ee3dd0cd7ae5"},"description":"\u00bfTe apetece conocer la belleza del Sistema Arrecifal Mesoamericano? Ap\u00fantate al proyecto Caribe Maya, la iniciativa para descubrir la cultura de esta zona","breadcrumb":{"@id":"https:\/\/www.visitcentroamerica.com\/sala-prensa\/viajar\/caribe-maya-fin-una-iniciativa-conocer-toda-la-diversidad-cultural-la-zona\/#breadcrumb"},"inLanguage":"es","potentialAction":[{"@type":"ReadAction","target":["https:\/\/www.visitcentroamerica.com\/sala-prensa\/viajar\/caribe-maya-fin-una-iniciativa-conocer-toda-la-diversidad-cultural-la-zona\/"]}]},{"@type":"ImageObject","inLanguage":"es","@id":"https:\/\/www.visitcentroamerica.com\/sala-prensa\/viajar\/caribe-maya-fin-una-iniciativa-conocer-toda-la-diversidad-cultural-la-zona\/#primaryimage","url":"https:\/\/www.visitcentroamerica.com\/sala-prensa\/wp-content\/uploads\/2019\/05\/caribe-maya-destacada.jpg","contentUrl":"https:\/\/www.visitcentroamerica.com\/sala-prensa\/wp-content\/uploads\/2019\/05\/caribe-maya-destacada.jpg","width":376,"height":282,"caption":"Caribe Maya - diversidad cultural - Centroam\u00e9rica"},{"@type":"BreadcrumbList","@id":"https:\/\/www.visitcentroamerica.com\/sala-prensa\/viajar\/caribe-maya-fin-una-iniciativa-conocer-toda-la-diversidad-cultural-la-zona\/#breadcrumb","itemListElement":[{"@type":"ListItem","position":1,"name":"Portada","item":"https:\/\/www.visitcentroamerica.com\/sala-prensa\/"},{"@type":"ListItem","position":2,"name":"Caribe Maya, por fin una iniciativa para conocer toda la diversidad cultural de la zona"}]},{"@type":"WebSite","@id":"https:\/\/www.visitcentroamerica.com\/sala-prensa\/#website","url":"https:\/\/www.visitcentroamerica.com\/sala-prensa\/","name":"Sala de prensa","description":"","potentialAction":[{"@type":"SearchAction","target":{"@type":"EntryPoint","urlTemplate":"https:\/\/www.visitcentroamerica.com\/sala-prensa\/?s={search_term_string}"},"query-input":{"@type":"PropertyValueSpecification","valueRequired":true,"valueName":"search_term_string"}}],"inLanguage":"es"},{"@type":"Person","@id":"https:\/\/www.visitcentroamerica.com\/sala-prensa\/#\/schema\/person\/0aa3bd0dbaabaead6089ee3dd0cd7ae5","name":"Denis Alvarado","image":{"@type":"ImageObject","inLanguage":"es","@id":"https:\/\/secure.gravatar.com\/avatar\/c31f0697f6edb7c68d5dedc2ccbd548d2a9f73aa293e81c6a1425229ec4c9135?s=96&d=mm&r=g","url":"https:\/\/secure.gravatar.com\/avatar\/c31f0697f6edb7c68d5dedc2ccbd548d2a9f73aa293e81c6a1425229ec4c9135?s=96&d=mm&r=g","contentUrl":"https:\/\/secure.gravatar.com\/avatar\/c31f0697f6edb7c68d5dedc2ccbd548d2a9f73aa293e81c6a1425229ec4c9135?s=96&d=mm&r=g","caption":"Denis Alvarado"},"url":"https:\/\/www.visitcentroamerica.com\/sala-prensa\/author\/denis\/"}]}},"_links":{"self":[{"href":"https:\/\/www.visitcentroamerica.com\/sala-prensa\/wp-json\/wp\/v2\/posts\/8139","targetHints":{"allow":["GET"]}}],"collection":[{"href":"https:\/\/www.visitcentroamerica.com\/sala-prensa\/wp-json\/wp\/v2\/posts"}],"about":[{"href":"https:\/\/www.visitcentroamerica.com\/sala-prensa\/wp-json\/wp\/v2\/types\/post"}],"author":[{"embeddable":true,"href":"https:\/\/www.visitcentroamerica.com\/sala-prensa\/wp-json\/wp\/v2\/users\/5"}],"replies":[{"embeddable":true,"href":"https:\/\/www.visitcentroamerica.com\/sala-prensa\/wp-json\/wp\/v2\/comments?post=8139"}],"version-history":[{"count":2,"href":"https:\/\/www.visitcentroamerica.com\/sala-prensa\/wp-json\/wp\/v2\/posts\/8139\/revisions"}],"predecessor-version":[{"id":9953,"href":"https:\/\/www.visitcentroamerica.com\/sala-prensa\/wp-json\/wp\/v2\/posts\/8139\/revisions\/9953"}],"wp:featuredmedia":[{"embeddable":true,"href":"https:\/\/www.visitcentroamerica.com\/sala-prensa\/wp-json\/wp\/v2\/media\/9688"}],"wp:attachment":[{"href":"https:\/\/www.visitcentroamerica.com\/sala-prensa\/wp-json\/wp\/v2\/media?parent=8139"}],"wp:term":[{"taxonomy":"category","embeddable":true,"href":"https:\/\/www.visitcentroamerica.com\/sala-prensa\/wp-json\/wp\/v2\/categories?post=8139"},{"taxonomy":"post_tag","embeddable":true,"href":"https:\/\/www.visitcentroamerica.com\/sala-prensa\/wp-json\/wp\/v2\/tags?post=8139"}],"curies":[{"name":"wp","href":"https:\/\/api.w.org\/{rel}","templated":true}]}}