{"id":8060,"date":"2019-04-02T14:00:45","date_gmt":"2019-04-02T14:00:45","guid":{"rendered":"https:\/\/www.visitcentroamerica.com\/?p=8060"},"modified":"2020-06-08T07:20:19","modified_gmt":"2020-06-08T07:20:19","slug":"viajar-al-pasado-bailar-danzas-mesoamericanas-conoce-belice-traves-original-feria-la-costa-maya","status":"publish","type":"post","link":"https:\/\/www.visitcentroamerica.com\/sala-prensa\/viajar\/viajar-al-pasado-bailar-danzas-mesoamericanas-conoce-belice-traves-original-feria-la-costa-maya\/","title":{"rendered":"\u00bfViajar al pasado para bailar danzas mesoamericanas? Conoce Belice a trav\u00e9s de su original feria de la Costa Maya"},"content":{"rendered":"<p>\u00bfHabr\u00e1 alg\u00fan mejor pretexto para conocer las tradiciones de un pa\u00eds y disfrutar de sus fiestas? Si viajas a Belice, est\u00e1s de suerte. No solo te divertir\u00e1s con su cultura, sino tambi\u00e9n con la exhibici\u00f3n de talento y herencia Una gran fiesta que adem\u00e1s cuenta con la colaboraci\u00f3n de procedente de Guatemala, <strong>Honduras,El Salvador, Nicaragua, Costa Rica y Panam\u00e1<\/strong>.\u00bfTe atreves a conocer el <strong>Festival Internacional de la Costa Maya<\/strong>?<\/p>\n<p><img decoding=\"async\" src=\"https:\/\/www.visitcentroamerica.com\/wp-content\/uploads\/2019\/04\/cuerpo-danzas-mesoamericanas.jpg\" \/><\/p>\n<h3 style=\"margin-top: 30px; margin-bottom: 15px;\">Folklore por las calles de San Pedro<\/h3>\n<p>El mundo maya celebra su herencia <strong>cada mes de agosto<\/strong> con <strong>danza<\/strong>. Los atuendos y los bailes t\u00edpicos de cada pa\u00eds llenan la ciudad belice\u00f1a de San Pedro. Pero no solo escuchar\u00e1s los rituales de anta\u00f1o. \u00a1L\u00e1nzate a bailar salsa, cumbia o merengue!<\/p>\n<h3 style=\"margin-top: 30px; margin-bottom: 15px;\">La belleza unida a la danza<\/h3>\n<p>La m\u00fasica se fusiona en este encuentro con los desfiles. Concretamente, los de las candidatas a <strong>Reina de la Belleza del evento<\/strong>. Su coronaci\u00f3n en <strong>Cayo Ambergris<\/strong> se vive como uno de los puntos \u00e1lgidos de esta celebraci\u00f3n. \u00bfQui\u00e9n ser\u00e1 la pr\u00f3xima elegida entre las aspirantes de la Costa Maya?<\/p>\n<p><strong>Artesan\u00eda y atracciones<\/strong><br \/>\nTe recomiendo darte una vuelta por <strong>los puestos de artesan\u00eda<\/strong>. Adquiere una pieza, una prenda de ropa o degusta la comida t\u00edpica de los pa\u00edses representados. As\u00ed te acercar\u00e1s a sus tradiciones. \u00a1No olvides montarte en los <strong>juegos mec\u00e1nicos<\/strong> que encontrar\u00e1s a tu paso!<\/p>\n<p>Divi\u00e9rtete en esta <strong>feria<\/strong> multidisciplinar. Emp\u00e1pate del folklore centroamericano y visita <a href=\"https:\/\/www.visitcentroamerica.com\"><strong>nuestra web<\/strong><\/a> para conocer otros destinos con la misma excusa. \u00a1Ponte a bailar!<\/p>\n","protected":false},"excerpt":{"rendered":"<p>\u00bfHabr\u00e1 alg\u00fan mejor pretexto para conocer las tradiciones de un pa\u00eds y disfrutar de sus fiestas? Si viajas a Belice, est\u00e1s de suerte. No solo te divertir\u00e1s con su cultura, sino tambi\u00e9n con la exhibici\u00f3n de talento y herencia Una gran fiesta que adem\u00e1s cuenta con la colaboraci\u00f3n de procedente de Guatemala, Honduras,El Salvador, Nicaragua, [&hellip;]<\/p>\n","protected":false},"author":5,"featured_media":9717,"comment_status":"closed","ping_status":"closed","sticky":false,"template":"","format":"standard","meta":{"footnotes":""},"categories":[29,30,38,25],"tags":[],"class_list":{"0":"post-8060","1":"post","2":"type-post","3":"status-publish","4":"format-standard","5":"has-post-thumbnail","7":"category-cultura","8":"category-diversidad-cultural","9":"category-fiestas","10":"category-viajar"},"yoast_head":"<!-- This site is optimized with the Yoast SEO plugin v27.3 - https:\/\/yoast.com\/product\/yoast-seo-wordpress\/ -->\n<title>Conoce las tradiciones de la Costa Maya en la feria m\u00e1s popular de Belice<\/title>\n<meta name=\"description\" content=\"Sum\u00e9rgete en las danzas mayas antiguas en la feria m\u00e1s popular de Belice, multitudinario encuentro en el que participan pa\u00edses como Honduras y El Salvador\" \/>\n<meta name=\"robots\" content=\"index, follow, max-snippet:-1, max-image-preview:large, max-video-preview:-1\" \/>\n<link rel=\"canonical\" href=\"https:\/\/www.visitcentroamerica.com\/sala-prensa\/viajar\/viajar-al-pasado-bailar-danzas-mesoamericanas-conoce-belice-traves-original-feria-la-costa-maya\/\" \/>\n<meta property=\"og:locale\" content=\"es_ES\" \/>\n<meta property=\"og:type\" content=\"article\" \/>\n<meta property=\"og:title\" content=\"Conoce las tradiciones de la Costa Maya en la feria m\u00e1s popular de Belice\" \/>\n<meta property=\"og:description\" content=\"Sum\u00e9rgete en las danzas mayas antiguas en la feria m\u00e1s popular de Belice, multitudinario encuentro en el que participan pa\u00edses como Honduras y El Salvador\" \/>\n<meta property=\"og:url\" content=\"https:\/\/www.visitcentroamerica.com\/sala-prensa\/viajar\/viajar-al-pasado-bailar-danzas-mesoamericanas-conoce-belice-traves-original-feria-la-costa-maya\/\" \/>\n<meta property=\"og:site_name\" content=\"Sala de prensa\" \/>\n<meta property=\"article:published_time\" content=\"2019-04-02T14:00:45+00:00\" \/>\n<meta property=\"article:modified_time\" content=\"2020-06-08T07:20:19+00:00\" \/>\n<meta property=\"og:image\" content=\"https:\/\/www.visitcentroamerica.com\/sala-prensa\/wp-content\/uploads\/2019\/04\/destacada-danzas-mesoamericanas.jpg\" \/>\n\t<meta property=\"og:image:width\" content=\"376\" \/>\n\t<meta property=\"og:image:height\" content=\"282\" \/>\n\t<meta property=\"og:image:type\" content=\"image\/jpeg\" \/>\n<meta name=\"author\" content=\"Denis Alvarado\" \/>\n<meta name=\"twitter:card\" content=\"summary_large_image\" \/>\n<meta name=\"twitter:label1\" content=\"Escrito por\" \/>\n\t<meta name=\"twitter:data1\" content=\"Denis Alvarado\" \/>\n\t<meta name=\"twitter:label2\" content=\"Tiempo de lectura\" \/>\n\t<meta name=\"twitter:data2\" content=\"1 minuto\" \/>\n<script type=\"application\/ld+json\" class=\"yoast-schema-graph\">{\"@context\":\"https:\\\/\\\/schema.org\",\"@graph\":[{\"@type\":\"Article\",\"@id\":\"https:\\\/\\\/www.visitcentroamerica.com\\\/sala-prensa\\\/viajar\\\/viajar-al-pasado-bailar-danzas-mesoamericanas-conoce-belice-traves-original-feria-la-costa-maya\\\/#article\",\"isPartOf\":{\"@id\":\"https:\\\/\\\/www.visitcentroamerica.com\\\/sala-prensa\\\/viajar\\\/viajar-al-pasado-bailar-danzas-mesoamericanas-conoce-belice-traves-original-feria-la-costa-maya\\\/\"},\"author\":{\"name\":\"Denis Alvarado\",\"@id\":\"https:\\\/\\\/www.visitcentroamerica.com\\\/sala-prensa\\\/#\\\/schema\\\/person\\\/0aa3bd0dbaabaead6089ee3dd0cd7ae5\"},\"headline\":\"\u00bfViajar al pasado para bailar danzas mesoamericanas? Conoce Belice a trav\u00e9s de su original feria de la Costa Maya\",\"datePublished\":\"2019-04-02T14:00:45+00:00\",\"dateModified\":\"2020-06-08T07:20:19+00:00\",\"mainEntityOfPage\":{\"@id\":\"https:\\\/\\\/www.visitcentroamerica.com\\\/sala-prensa\\\/viajar\\\/viajar-al-pasado-bailar-danzas-mesoamericanas-conoce-belice-traves-original-feria-la-costa-maya\\\/\"},\"wordCount\":296,\"image\":{\"@id\":\"https:\\\/\\\/www.visitcentroamerica.com\\\/sala-prensa\\\/viajar\\\/viajar-al-pasado-bailar-danzas-mesoamericanas-conoce-belice-traves-original-feria-la-costa-maya\\\/#primaryimage\"},\"thumbnailUrl\":\"https:\\\/\\\/www.visitcentroamerica.com\\\/sala-prensa\\\/wp-content\\\/uploads\\\/2019\\\/04\\\/destacada-danzas-mesoamericanas.jpg\",\"articleSection\":[\"Cultura\",\"Diversidad Cultural\",\"Fiestas\",\"Viajar\"],\"inLanguage\":\"es\"},{\"@type\":\"WebPage\",\"@id\":\"https:\\\/\\\/www.visitcentroamerica.com\\\/sala-prensa\\\/viajar\\\/viajar-al-pasado-bailar-danzas-mesoamericanas-conoce-belice-traves-original-feria-la-costa-maya\\\/\",\"url\":\"https:\\\/\\\/www.visitcentroamerica.com\\\/sala-prensa\\\/viajar\\\/viajar-al-pasado-bailar-danzas-mesoamericanas-conoce-belice-traves-original-feria-la-costa-maya\\\/\",\"name\":\"Conoce las tradiciones de la Costa Maya en la feria m\u00e1s popular de Belice\",\"isPartOf\":{\"@id\":\"https:\\\/\\\/www.visitcentroamerica.com\\\/sala-prensa\\\/#website\"},\"primaryImageOfPage\":{\"@id\":\"https:\\\/\\\/www.visitcentroamerica.com\\\/sala-prensa\\\/viajar\\\/viajar-al-pasado-bailar-danzas-mesoamericanas-conoce-belice-traves-original-feria-la-costa-maya\\\/#primaryimage\"},\"image\":{\"@id\":\"https:\\\/\\\/www.visitcentroamerica.com\\\/sala-prensa\\\/viajar\\\/viajar-al-pasado-bailar-danzas-mesoamericanas-conoce-belice-traves-original-feria-la-costa-maya\\\/#primaryimage\"},\"thumbnailUrl\":\"https:\\\/\\\/www.visitcentroamerica.com\\\/sala-prensa\\\/wp-content\\\/uploads\\\/2019\\\/04\\\/destacada-danzas-mesoamericanas.jpg\",\"datePublished\":\"2019-04-02T14:00:45+00:00\",\"dateModified\":\"2020-06-08T07:20:19+00:00\",\"author\":{\"@id\":\"https:\\\/\\\/www.visitcentroamerica.com\\\/sala-prensa\\\/#\\\/schema\\\/person\\\/0aa3bd0dbaabaead6089ee3dd0cd7ae5\"},\"description\":\"Sum\u00e9rgete en las danzas mayas antiguas en la feria m\u00e1s popular de Belice, multitudinario encuentro en el que participan pa\u00edses como Honduras y El Salvador\",\"breadcrumb\":{\"@id\":\"https:\\\/\\\/www.visitcentroamerica.com\\\/sala-prensa\\\/viajar\\\/viajar-al-pasado-bailar-danzas-mesoamericanas-conoce-belice-traves-original-feria-la-costa-maya\\\/#breadcrumb\"},\"inLanguage\":\"es\",\"potentialAction\":[{\"@type\":\"ReadAction\",\"target\":[\"https:\\\/\\\/www.visitcentroamerica.com\\\/sala-prensa\\\/viajar\\\/viajar-al-pasado-bailar-danzas-mesoamericanas-conoce-belice-traves-original-feria-la-costa-maya\\\/\"]}]},{\"@type\":\"ImageObject\",\"inLanguage\":\"es\",\"@id\":\"https:\\\/\\\/www.visitcentroamerica.com\\\/sala-prensa\\\/viajar\\\/viajar-al-pasado-bailar-danzas-mesoamericanas-conoce-belice-traves-original-feria-la-costa-maya\\\/#primaryimage\",\"url\":\"https:\\\/\\\/www.visitcentroamerica.com\\\/sala-prensa\\\/wp-content\\\/uploads\\\/2019\\\/04\\\/destacada-danzas-mesoamericanas.jpg\",\"contentUrl\":\"https:\\\/\\\/www.visitcentroamerica.com\\\/sala-prensa\\\/wp-content\\\/uploads\\\/2019\\\/04\\\/destacada-danzas-mesoamericanas.jpg\",\"width\":376,\"height\":282,\"caption\":\"Belice - feria Costa Maya - Danzas mesoamericanas - Centroam\u00e9rica\"},{\"@type\":\"BreadcrumbList\",\"@id\":\"https:\\\/\\\/www.visitcentroamerica.com\\\/sala-prensa\\\/viajar\\\/viajar-al-pasado-bailar-danzas-mesoamericanas-conoce-belice-traves-original-feria-la-costa-maya\\\/#breadcrumb\",\"itemListElement\":[{\"@type\":\"ListItem\",\"position\":1,\"name\":\"Portada\",\"item\":\"https:\\\/\\\/www.visitcentroamerica.com\\\/sala-prensa\\\/\"},{\"@type\":\"ListItem\",\"position\":2,\"name\":\"\u00bfViajar al pasado para bailar danzas mesoamericanas? Conoce Belice a trav\u00e9s de su original feria de la Costa Maya\"}]},{\"@type\":\"WebSite\",\"@id\":\"https:\\\/\\\/www.visitcentroamerica.com\\\/sala-prensa\\\/#website\",\"url\":\"https:\\\/\\\/www.visitcentroamerica.com\\\/sala-prensa\\\/\",\"name\":\"Sala de prensa\",\"description\":\"\",\"potentialAction\":[{\"@type\":\"SearchAction\",\"target\":{\"@type\":\"EntryPoint\",\"urlTemplate\":\"https:\\\/\\\/www.visitcentroamerica.com\\\/sala-prensa\\\/?s={search_term_string}\"},\"query-input\":{\"@type\":\"PropertyValueSpecification\",\"valueRequired\":true,\"valueName\":\"search_term_string\"}}],\"inLanguage\":\"es\"},{\"@type\":\"Person\",\"@id\":\"https:\\\/\\\/www.visitcentroamerica.com\\\/sala-prensa\\\/#\\\/schema\\\/person\\\/0aa3bd0dbaabaead6089ee3dd0cd7ae5\",\"name\":\"Denis Alvarado\",\"image\":{\"@type\":\"ImageObject\",\"inLanguage\":\"es\",\"@id\":\"https:\\\/\\\/secure.gravatar.com\\\/avatar\\\/c31f0697f6edb7c68d5dedc2ccbd548d2a9f73aa293e81c6a1425229ec4c9135?s=96&d=mm&r=g\",\"url\":\"https:\\\/\\\/secure.gravatar.com\\\/avatar\\\/c31f0697f6edb7c68d5dedc2ccbd548d2a9f73aa293e81c6a1425229ec4c9135?s=96&d=mm&r=g\",\"contentUrl\":\"https:\\\/\\\/secure.gravatar.com\\\/avatar\\\/c31f0697f6edb7c68d5dedc2ccbd548d2a9f73aa293e81c6a1425229ec4c9135?s=96&d=mm&r=g\",\"caption\":\"Denis Alvarado\"},\"url\":\"https:\\\/\\\/www.visitcentroamerica.com\\\/sala-prensa\\\/author\\\/denis\\\/\"}]}<\/script>\n<!-- \/ Yoast SEO plugin. -->","yoast_head_json":{"title":"Conoce las tradiciones de la Costa Maya en la feria m\u00e1s popular de Belice","description":"Sum\u00e9rgete en las danzas mayas antiguas en la feria m\u00e1s popular de Belice, multitudinario encuentro en el que participan pa\u00edses como Honduras y El Salvador","robots":{"index":"index","follow":"follow","max-snippet":"max-snippet:-1","max-image-preview":"max-image-preview:large","max-video-preview":"max-video-preview:-1"},"canonical":"https:\/\/www.visitcentroamerica.com\/sala-prensa\/viajar\/viajar-al-pasado-bailar-danzas-mesoamericanas-conoce-belice-traves-original-feria-la-costa-maya\/","og_locale":"es_ES","og_type":"article","og_title":"Conoce las tradiciones de la Costa Maya en la feria m\u00e1s popular de Belice","og_description":"Sum\u00e9rgete en las danzas mayas antiguas en la feria m\u00e1s popular de Belice, multitudinario encuentro en el que participan pa\u00edses como Honduras y El Salvador","og_url":"https:\/\/www.visitcentroamerica.com\/sala-prensa\/viajar\/viajar-al-pasado-bailar-danzas-mesoamericanas-conoce-belice-traves-original-feria-la-costa-maya\/","og_site_name":"Sala de prensa","article_published_time":"2019-04-02T14:00:45+00:00","article_modified_time":"2020-06-08T07:20:19+00:00","og_image":[{"width":376,"height":282,"url":"https:\/\/www.visitcentroamerica.com\/sala-prensa\/wp-content\/uploads\/2019\/04\/destacada-danzas-mesoamericanas.jpg","type":"image\/jpeg"}],"author":"Denis Alvarado","twitter_card":"summary_large_image","twitter_misc":{"Escrito por":"Denis Alvarado","Tiempo de lectura":"1 minuto"},"schema":{"@context":"https:\/\/schema.org","@graph":[{"@type":"Article","@id":"https:\/\/www.visitcentroamerica.com\/sala-prensa\/viajar\/viajar-al-pasado-bailar-danzas-mesoamericanas-conoce-belice-traves-original-feria-la-costa-maya\/#article","isPartOf":{"@id":"https:\/\/www.visitcentroamerica.com\/sala-prensa\/viajar\/viajar-al-pasado-bailar-danzas-mesoamericanas-conoce-belice-traves-original-feria-la-costa-maya\/"},"author":{"name":"Denis Alvarado","@id":"https:\/\/www.visitcentroamerica.com\/sala-prensa\/#\/schema\/person\/0aa3bd0dbaabaead6089ee3dd0cd7ae5"},"headline":"\u00bfViajar al pasado para bailar danzas mesoamericanas? Conoce Belice a trav\u00e9s de su original feria de la Costa Maya","datePublished":"2019-04-02T14:00:45+00:00","dateModified":"2020-06-08T07:20:19+00:00","mainEntityOfPage":{"@id":"https:\/\/www.visitcentroamerica.com\/sala-prensa\/viajar\/viajar-al-pasado-bailar-danzas-mesoamericanas-conoce-belice-traves-original-feria-la-costa-maya\/"},"wordCount":296,"image":{"@id":"https:\/\/www.visitcentroamerica.com\/sala-prensa\/viajar\/viajar-al-pasado-bailar-danzas-mesoamericanas-conoce-belice-traves-original-feria-la-costa-maya\/#primaryimage"},"thumbnailUrl":"https:\/\/www.visitcentroamerica.com\/sala-prensa\/wp-content\/uploads\/2019\/04\/destacada-danzas-mesoamericanas.jpg","articleSection":["Cultura","Diversidad Cultural","Fiestas","Viajar"],"inLanguage":"es"},{"@type":"WebPage","@id":"https:\/\/www.visitcentroamerica.com\/sala-prensa\/viajar\/viajar-al-pasado-bailar-danzas-mesoamericanas-conoce-belice-traves-original-feria-la-costa-maya\/","url":"https:\/\/www.visitcentroamerica.com\/sala-prensa\/viajar\/viajar-al-pasado-bailar-danzas-mesoamericanas-conoce-belice-traves-original-feria-la-costa-maya\/","name":"Conoce las tradiciones de la Costa Maya en la feria m\u00e1s popular de Belice","isPartOf":{"@id":"https:\/\/www.visitcentroamerica.com\/sala-prensa\/#website"},"primaryImageOfPage":{"@id":"https:\/\/www.visitcentroamerica.com\/sala-prensa\/viajar\/viajar-al-pasado-bailar-danzas-mesoamericanas-conoce-belice-traves-original-feria-la-costa-maya\/#primaryimage"},"image":{"@id":"https:\/\/www.visitcentroamerica.com\/sala-prensa\/viajar\/viajar-al-pasado-bailar-danzas-mesoamericanas-conoce-belice-traves-original-feria-la-costa-maya\/#primaryimage"},"thumbnailUrl":"https:\/\/www.visitcentroamerica.com\/sala-prensa\/wp-content\/uploads\/2019\/04\/destacada-danzas-mesoamericanas.jpg","datePublished":"2019-04-02T14:00:45+00:00","dateModified":"2020-06-08T07:20:19+00:00","author":{"@id":"https:\/\/www.visitcentroamerica.com\/sala-prensa\/#\/schema\/person\/0aa3bd0dbaabaead6089ee3dd0cd7ae5"},"description":"Sum\u00e9rgete en las danzas mayas antiguas en la feria m\u00e1s popular de Belice, multitudinario encuentro en el que participan pa\u00edses como Honduras y El Salvador","breadcrumb":{"@id":"https:\/\/www.visitcentroamerica.com\/sala-prensa\/viajar\/viajar-al-pasado-bailar-danzas-mesoamericanas-conoce-belice-traves-original-feria-la-costa-maya\/#breadcrumb"},"inLanguage":"es","potentialAction":[{"@type":"ReadAction","target":["https:\/\/www.visitcentroamerica.com\/sala-prensa\/viajar\/viajar-al-pasado-bailar-danzas-mesoamericanas-conoce-belice-traves-original-feria-la-costa-maya\/"]}]},{"@type":"ImageObject","inLanguage":"es","@id":"https:\/\/www.visitcentroamerica.com\/sala-prensa\/viajar\/viajar-al-pasado-bailar-danzas-mesoamericanas-conoce-belice-traves-original-feria-la-costa-maya\/#primaryimage","url":"https:\/\/www.visitcentroamerica.com\/sala-prensa\/wp-content\/uploads\/2019\/04\/destacada-danzas-mesoamericanas.jpg","contentUrl":"https:\/\/www.visitcentroamerica.com\/sala-prensa\/wp-content\/uploads\/2019\/04\/destacada-danzas-mesoamericanas.jpg","width":376,"height":282,"caption":"Belice - feria Costa Maya - Danzas mesoamericanas - Centroam\u00e9rica"},{"@type":"BreadcrumbList","@id":"https:\/\/www.visitcentroamerica.com\/sala-prensa\/viajar\/viajar-al-pasado-bailar-danzas-mesoamericanas-conoce-belice-traves-original-feria-la-costa-maya\/#breadcrumb","itemListElement":[{"@type":"ListItem","position":1,"name":"Portada","item":"https:\/\/www.visitcentroamerica.com\/sala-prensa\/"},{"@type":"ListItem","position":2,"name":"\u00bfViajar al pasado para bailar danzas mesoamericanas? Conoce Belice a trav\u00e9s de su original feria de la Costa Maya"}]},{"@type":"WebSite","@id":"https:\/\/www.visitcentroamerica.com\/sala-prensa\/#website","url":"https:\/\/www.visitcentroamerica.com\/sala-prensa\/","name":"Sala de prensa","description":"","potentialAction":[{"@type":"SearchAction","target":{"@type":"EntryPoint","urlTemplate":"https:\/\/www.visitcentroamerica.com\/sala-prensa\/?s={search_term_string}"},"query-input":{"@type":"PropertyValueSpecification","valueRequired":true,"valueName":"search_term_string"}}],"inLanguage":"es"},{"@type":"Person","@id":"https:\/\/www.visitcentroamerica.com\/sala-prensa\/#\/schema\/person\/0aa3bd0dbaabaead6089ee3dd0cd7ae5","name":"Denis Alvarado","image":{"@type":"ImageObject","inLanguage":"es","@id":"https:\/\/secure.gravatar.com\/avatar\/c31f0697f6edb7c68d5dedc2ccbd548d2a9f73aa293e81c6a1425229ec4c9135?s=96&d=mm&r=g","url":"https:\/\/secure.gravatar.com\/avatar\/c31f0697f6edb7c68d5dedc2ccbd548d2a9f73aa293e81c6a1425229ec4c9135?s=96&d=mm&r=g","contentUrl":"https:\/\/secure.gravatar.com\/avatar\/c31f0697f6edb7c68d5dedc2ccbd548d2a9f73aa293e81c6a1425229ec4c9135?s=96&d=mm&r=g","caption":"Denis Alvarado"},"url":"https:\/\/www.visitcentroamerica.com\/sala-prensa\/author\/denis\/"}]}},"_links":{"self":[{"href":"https:\/\/www.visitcentroamerica.com\/sala-prensa\/wp-json\/wp\/v2\/posts\/8060","targetHints":{"allow":["GET"]}}],"collection":[{"href":"https:\/\/www.visitcentroamerica.com\/sala-prensa\/wp-json\/wp\/v2\/posts"}],"about":[{"href":"https:\/\/www.visitcentroamerica.com\/sala-prensa\/wp-json\/wp\/v2\/types\/post"}],"author":[{"embeddable":true,"href":"https:\/\/www.visitcentroamerica.com\/sala-prensa\/wp-json\/wp\/v2\/users\/5"}],"replies":[{"embeddable":true,"href":"https:\/\/www.visitcentroamerica.com\/sala-prensa\/wp-json\/wp\/v2\/comments?post=8060"}],"version-history":[{"count":2,"href":"https:\/\/www.visitcentroamerica.com\/sala-prensa\/wp-json\/wp\/v2\/posts\/8060\/revisions"}],"predecessor-version":[{"id":9963,"href":"https:\/\/www.visitcentroamerica.com\/sala-prensa\/wp-json\/wp\/v2\/posts\/8060\/revisions\/9963"}],"wp:featuredmedia":[{"embeddable":true,"href":"https:\/\/www.visitcentroamerica.com\/sala-prensa\/wp-json\/wp\/v2\/media\/9717"}],"wp:attachment":[{"href":"https:\/\/www.visitcentroamerica.com\/sala-prensa\/wp-json\/wp\/v2\/media?parent=8060"}],"wp:term":[{"taxonomy":"category","embeddable":true,"href":"https:\/\/www.visitcentroamerica.com\/sala-prensa\/wp-json\/wp\/v2\/categories?post=8060"},{"taxonomy":"post_tag","embeddable":true,"href":"https:\/\/www.visitcentroamerica.com\/sala-prensa\/wp-json\/wp\/v2\/tags?post=8060"}],"curies":[{"name":"wp","href":"https:\/\/api.w.org\/{rel}","templated":true}]}}