{"id":7815,"date":"2019-03-14T11:51:30","date_gmt":"2019-03-14T11:51:30","guid":{"rendered":"https:\/\/www.visitcentroamerica.com\/?p=7815"},"modified":"2020-06-08T07:25:37","modified_gmt":"2020-06-08T07:25:37","slug":"crees-todas-las-alboradas-iguales-preparate-amanecer-unico-honduras-salvador-guatemala","status":"publish","type":"post","link":"https:\/\/www.visitcentroamerica.com\/sala-prensa\/viajar\/crees-todas-las-alboradas-iguales-preparate-amanecer-unico-honduras-salvador-guatemala\/","title":{"rendered":"\u00bfCrees que todas las alboradas son iguales? Prep\u00e1rate para un amanecer \u00fanico en Honduras, El Salvador y Guatemala"},"content":{"rendered":"<p>\u00bfQuieres conocer un<strong> amanecer <\/strong>de pel\u00edcula? Los incre\u00edbles<strong> paisajes <\/strong>de Honduras, El Salvador y Guatemala te est\u00e1n\u00a0esperando. Apasi\u00f3nate con un hermoso<strong> <em>sunset <\/em><\/strong>en alguna de sus playas o en sus inconmensurables espacios verdes. Te prometo una aventura incre\u00edble contemplando una alborada o un<strong> atardecer<\/strong> en Centroam\u00e9rica.<\/p>\n<p><img decoding=\"async\" src=\"https:\/\/www.visitcentroamerica.com\/wp-content\/uploads\/2019\/02\/amanecer-unico-centroamerica.jpg\" \/><\/p>\n<h3 style=\"margin-top: 30px; margin-bottom: 15px;\">La aurora en un paisaje de pendientes y barrancos<\/h3>\n<p>No te pierdas el <strong>Parque Nacional de Monta\u00f1a de Celaque<\/strong> (Honduras), declarado biosfera mundial. Ad\u00e9ntrate en su bosque nublado, un rico ecosistema con \u00e1rboles frondosos, hasta alcanzar una de sus elevaciones. Desde all\u00ed contemplar\u00e1s un crep\u00fasculo inolvidable.<\/p>\n<p><strong>Un atardecer con la brisa del mar y el ambiente surfero<\/strong><br \/>\nLa playa salvadore\u00f1a de <strong>El Tunco<\/strong> es testigo de <strong>olas espectaculares<\/strong> y de atardeceres que merecen esa misma definici\u00f3n. Este sublime rinc\u00f3n de arena y mar brinda diversi\u00f3n diurna y nocturna. Adem\u00e1s, se erige como uno de los lugares m\u00e1s tur\u00edsticos del pa\u00eds con olas de clase mundial.<\/p>\n<h3 style=\"margin-top: 30px; margin-bottom: 15px;\">Sunset junto al perfil de un hombre maya<\/h3>\n<p>Desde el <strong>Cerro del Rostro Maya<\/strong>, en Guatemala, divisar\u00e1s la belleza del <a href=\"https:\/\/www.visitcentroamerica.com\/visitar\/lago-atitlan-pueblos\/\"><strong>Lago Atitl\u00e1n<\/strong><\/a> con un testigo de excepci\u00f3n: la nariz del indio maya, la silueta que parece tener la serie de monta\u00f1as que compone este <strong>paisaje<\/strong>. \u00a1Imagina un <strong>crep\u00fasculo <\/strong>en un lugar tan arrebatador!<\/p>\n<p>Ahora que ya conoces rincones id\u00edlicos para deleitarte con un <strong>amanecer <\/strong>en Centroam\u00e9rica, visita <strong><a href=\"https:\/\/www.visitcentroamerica.com\">nuestra web<\/a><\/strong> para descubrir incre\u00edbles crep\u00fasculos en otros pa\u00edses. \u00a1Fotograf\u00eda cielos de ensue\u00f1o!<\/p>\n","protected":false},"excerpt":{"rendered":"<p>\u00bfQuieres conocer un amanecer de pel\u00edcula? Los incre\u00edbles paisajes de Honduras, El Salvador y Guatemala te est\u00e1n\u00a0esperando. Apasi\u00f3nate con un hermoso sunset en alguna de sus playas o en sus inconmensurables espacios verdes. Te prometo una aventura incre\u00edble contemplando una alborada o un atardecer en Centroam\u00e9rica. La aurora en un paisaje de pendientes y barrancos [&hellip;]<\/p>\n","protected":false},"author":5,"featured_media":9732,"comment_status":"closed","ping_status":"closed","sticky":false,"template":"","format":"standard","meta":{"footnotes":""},"categories":[28,32,34,36,25],"tags":[],"class_list":{"0":"post-7815","1":"post","2":"type-post","3":"status-publish","4":"format-standard","5":"has-post-thumbnail","7":"category-aventura","8":"category-naturaleza","9":"category-sol-y-playa","10":"category-surf","11":"category-viajar"},"yoast_head":"<!-- This site is optimized with the Yoast SEO plugin v27.3 - https:\/\/yoast.com\/product\/yoast-seo-wordpress\/ -->\n<title>Descubre el amanecer cautivador de estos lugares de Centroam\u00e9rica<\/title>\n<meta name=\"description\" content=\"Sorpr\u00e9ndete con el amanecer y el atardecer de estos tres escenarios en Honduras, El Salvador y Guatemala, lugares en los que fotografiar cielos de ensue\u00f1o\" \/>\n<meta name=\"robots\" content=\"index, follow, max-snippet:-1, max-image-preview:large, max-video-preview:-1\" \/>\n<link rel=\"canonical\" href=\"https:\/\/www.visitcentroamerica.com\/sala-prensa\/viajar\/crees-todas-las-alboradas-iguales-preparate-amanecer-unico-honduras-salvador-guatemala\/\" \/>\n<meta property=\"og:locale\" content=\"es_ES\" \/>\n<meta property=\"og:type\" content=\"article\" \/>\n<meta property=\"og:title\" content=\"Descubre el amanecer cautivador de estos lugares de Centroam\u00e9rica\" \/>\n<meta property=\"og:description\" content=\"Sorpr\u00e9ndete con el amanecer y el atardecer de estos tres escenarios en Honduras, El Salvador y Guatemala, lugares en los que fotografiar cielos de ensue\u00f1o\" \/>\n<meta property=\"og:url\" content=\"https:\/\/www.visitcentroamerica.com\/sala-prensa\/viajar\/crees-todas-las-alboradas-iguales-preparate-amanecer-unico-honduras-salvador-guatemala\/\" \/>\n<meta property=\"og:site_name\" content=\"Sala de prensa\" \/>\n<meta property=\"article:published_time\" content=\"2019-03-14T11:51:30+00:00\" \/>\n<meta property=\"article:modified_time\" content=\"2020-06-08T07:25:37+00:00\" \/>\n<meta property=\"og:image\" content=\"https:\/\/www.visitcentroamerica.com\/sala-prensa\/wp-content\/uploads\/2019\/03\/amanecer-unico-centroamerica-destacada.jpg\" \/>\n\t<meta property=\"og:image:width\" content=\"376\" \/>\n\t<meta property=\"og:image:height\" content=\"282\" \/>\n\t<meta property=\"og:image:type\" content=\"image\/jpeg\" \/>\n<meta name=\"author\" content=\"Denis Alvarado\" \/>\n<meta name=\"twitter:card\" content=\"summary_large_image\" \/>\n<meta name=\"twitter:label1\" content=\"Escrito por\" \/>\n\t<meta name=\"twitter:data1\" content=\"Denis Alvarado\" \/>\n\t<meta name=\"twitter:label2\" content=\"Tiempo de lectura\" \/>\n\t<meta name=\"twitter:data2\" content=\"1 minuto\" \/>\n<script type=\"application\/ld+json\" class=\"yoast-schema-graph\">{\"@context\":\"https:\\\/\\\/schema.org\",\"@graph\":[{\"@type\":\"Article\",\"@id\":\"https:\\\/\\\/www.visitcentroamerica.com\\\/sala-prensa\\\/viajar\\\/crees-todas-las-alboradas-iguales-preparate-amanecer-unico-honduras-salvador-guatemala\\\/#article\",\"isPartOf\":{\"@id\":\"https:\\\/\\\/www.visitcentroamerica.com\\\/sala-prensa\\\/viajar\\\/crees-todas-las-alboradas-iguales-preparate-amanecer-unico-honduras-salvador-guatemala\\\/\"},\"author\":{\"name\":\"Denis Alvarado\",\"@id\":\"https:\\\/\\\/www.visitcentroamerica.com\\\/sala-prensa\\\/#\\\/schema\\\/person\\\/0aa3bd0dbaabaead6089ee3dd0cd7ae5\"},\"headline\":\"\u00bfCrees que todas las alboradas son iguales? Prep\u00e1rate para un amanecer \u00fanico en Honduras, El Salvador y Guatemala\",\"datePublished\":\"2019-03-14T11:51:30+00:00\",\"dateModified\":\"2020-06-08T07:25:37+00:00\",\"mainEntityOfPage\":{\"@id\":\"https:\\\/\\\/www.visitcentroamerica.com\\\/sala-prensa\\\/viajar\\\/crees-todas-las-alboradas-iguales-preparate-amanecer-unico-honduras-salvador-guatemala\\\/\"},\"wordCount\":281,\"image\":{\"@id\":\"https:\\\/\\\/www.visitcentroamerica.com\\\/sala-prensa\\\/viajar\\\/crees-todas-las-alboradas-iguales-preparate-amanecer-unico-honduras-salvador-guatemala\\\/#primaryimage\"},\"thumbnailUrl\":\"https:\\\/\\\/www.visitcentroamerica.com\\\/sala-prensa\\\/wp-content\\\/uploads\\\/2019\\\/03\\\/amanecer-unico-centroamerica-destacada.jpg\",\"articleSection\":[\"Aventura\",\"Naturaleza\",\"Sol y Playa\",\"Surf\",\"Viajar\"],\"inLanguage\":\"es\"},{\"@type\":\"WebPage\",\"@id\":\"https:\\\/\\\/www.visitcentroamerica.com\\\/sala-prensa\\\/viajar\\\/crees-todas-las-alboradas-iguales-preparate-amanecer-unico-honduras-salvador-guatemala\\\/\",\"url\":\"https:\\\/\\\/www.visitcentroamerica.com\\\/sala-prensa\\\/viajar\\\/crees-todas-las-alboradas-iguales-preparate-amanecer-unico-honduras-salvador-guatemala\\\/\",\"name\":\"Descubre el amanecer cautivador de estos lugares de Centroam\u00e9rica\",\"isPartOf\":{\"@id\":\"https:\\\/\\\/www.visitcentroamerica.com\\\/sala-prensa\\\/#website\"},\"primaryImageOfPage\":{\"@id\":\"https:\\\/\\\/www.visitcentroamerica.com\\\/sala-prensa\\\/viajar\\\/crees-todas-las-alboradas-iguales-preparate-amanecer-unico-honduras-salvador-guatemala\\\/#primaryimage\"},\"image\":{\"@id\":\"https:\\\/\\\/www.visitcentroamerica.com\\\/sala-prensa\\\/viajar\\\/crees-todas-las-alboradas-iguales-preparate-amanecer-unico-honduras-salvador-guatemala\\\/#primaryimage\"},\"thumbnailUrl\":\"https:\\\/\\\/www.visitcentroamerica.com\\\/sala-prensa\\\/wp-content\\\/uploads\\\/2019\\\/03\\\/amanecer-unico-centroamerica-destacada.jpg\",\"datePublished\":\"2019-03-14T11:51:30+00:00\",\"dateModified\":\"2020-06-08T07:25:37+00:00\",\"author\":{\"@id\":\"https:\\\/\\\/www.visitcentroamerica.com\\\/sala-prensa\\\/#\\\/schema\\\/person\\\/0aa3bd0dbaabaead6089ee3dd0cd7ae5\"},\"description\":\"Sorpr\u00e9ndete con el amanecer y el atardecer de estos tres escenarios en Honduras, El Salvador y Guatemala, lugares en los que fotografiar cielos de ensue\u00f1o\",\"breadcrumb\":{\"@id\":\"https:\\\/\\\/www.visitcentroamerica.com\\\/sala-prensa\\\/viajar\\\/crees-todas-las-alboradas-iguales-preparate-amanecer-unico-honduras-salvador-guatemala\\\/#breadcrumb\"},\"inLanguage\":\"es\",\"potentialAction\":[{\"@type\":\"ReadAction\",\"target\":[\"https:\\\/\\\/www.visitcentroamerica.com\\\/sala-prensa\\\/viajar\\\/crees-todas-las-alboradas-iguales-preparate-amanecer-unico-honduras-salvador-guatemala\\\/\"]}]},{\"@type\":\"ImageObject\",\"inLanguage\":\"es\",\"@id\":\"https:\\\/\\\/www.visitcentroamerica.com\\\/sala-prensa\\\/viajar\\\/crees-todas-las-alboradas-iguales-preparate-amanecer-unico-honduras-salvador-guatemala\\\/#primaryimage\",\"url\":\"https:\\\/\\\/www.visitcentroamerica.com\\\/sala-prensa\\\/wp-content\\\/uploads\\\/2019\\\/03\\\/amanecer-unico-centroamerica-destacada.jpg\",\"contentUrl\":\"https:\\\/\\\/www.visitcentroamerica.com\\\/sala-prensa\\\/wp-content\\\/uploads\\\/2019\\\/03\\\/amanecer-unico-centroamerica-destacada.jpg\",\"width\":376,\"height\":282,\"caption\":\"Prep\u00e1rate para un amanecer \u00fanico en Honduras, El Salvador y Guatemala - Centroam\u00e9rica\"},{\"@type\":\"BreadcrumbList\",\"@id\":\"https:\\\/\\\/www.visitcentroamerica.com\\\/sala-prensa\\\/viajar\\\/crees-todas-las-alboradas-iguales-preparate-amanecer-unico-honduras-salvador-guatemala\\\/#breadcrumb\",\"itemListElement\":[{\"@type\":\"ListItem\",\"position\":1,\"name\":\"Portada\",\"item\":\"https:\\\/\\\/www.visitcentroamerica.com\\\/sala-prensa\\\/\"},{\"@type\":\"ListItem\",\"position\":2,\"name\":\"\u00bfCrees que todas las alboradas son iguales? Prep\u00e1rate para un amanecer \u00fanico en Honduras, El Salvador y Guatemala\"}]},{\"@type\":\"WebSite\",\"@id\":\"https:\\\/\\\/www.visitcentroamerica.com\\\/sala-prensa\\\/#website\",\"url\":\"https:\\\/\\\/www.visitcentroamerica.com\\\/sala-prensa\\\/\",\"name\":\"Sala de prensa\",\"description\":\"\",\"potentialAction\":[{\"@type\":\"SearchAction\",\"target\":{\"@type\":\"EntryPoint\",\"urlTemplate\":\"https:\\\/\\\/www.visitcentroamerica.com\\\/sala-prensa\\\/?s={search_term_string}\"},\"query-input\":{\"@type\":\"PropertyValueSpecification\",\"valueRequired\":true,\"valueName\":\"search_term_string\"}}],\"inLanguage\":\"es\"},{\"@type\":\"Person\",\"@id\":\"https:\\\/\\\/www.visitcentroamerica.com\\\/sala-prensa\\\/#\\\/schema\\\/person\\\/0aa3bd0dbaabaead6089ee3dd0cd7ae5\",\"name\":\"Denis Alvarado\",\"image\":{\"@type\":\"ImageObject\",\"inLanguage\":\"es\",\"@id\":\"https:\\\/\\\/secure.gravatar.com\\\/avatar\\\/c31f0697f6edb7c68d5dedc2ccbd548d2a9f73aa293e81c6a1425229ec4c9135?s=96&d=mm&r=g\",\"url\":\"https:\\\/\\\/secure.gravatar.com\\\/avatar\\\/c31f0697f6edb7c68d5dedc2ccbd548d2a9f73aa293e81c6a1425229ec4c9135?s=96&d=mm&r=g\",\"contentUrl\":\"https:\\\/\\\/secure.gravatar.com\\\/avatar\\\/c31f0697f6edb7c68d5dedc2ccbd548d2a9f73aa293e81c6a1425229ec4c9135?s=96&d=mm&r=g\",\"caption\":\"Denis Alvarado\"},\"url\":\"https:\\\/\\\/www.visitcentroamerica.com\\\/sala-prensa\\\/author\\\/denis\\\/\"}]}<\/script>\n<!-- \/ Yoast SEO plugin. -->","yoast_head_json":{"title":"Descubre el amanecer cautivador de estos lugares de Centroam\u00e9rica","description":"Sorpr\u00e9ndete con el amanecer y el atardecer de estos tres escenarios en Honduras, El Salvador y Guatemala, lugares en los que fotografiar cielos de ensue\u00f1o","robots":{"index":"index","follow":"follow","max-snippet":"max-snippet:-1","max-image-preview":"max-image-preview:large","max-video-preview":"max-video-preview:-1"},"canonical":"https:\/\/www.visitcentroamerica.com\/sala-prensa\/viajar\/crees-todas-las-alboradas-iguales-preparate-amanecer-unico-honduras-salvador-guatemala\/","og_locale":"es_ES","og_type":"article","og_title":"Descubre el amanecer cautivador de estos lugares de Centroam\u00e9rica","og_description":"Sorpr\u00e9ndete con el amanecer y el atardecer de estos tres escenarios en Honduras, El Salvador y Guatemala, lugares en los que fotografiar cielos de ensue\u00f1o","og_url":"https:\/\/www.visitcentroamerica.com\/sala-prensa\/viajar\/crees-todas-las-alboradas-iguales-preparate-amanecer-unico-honduras-salvador-guatemala\/","og_site_name":"Sala de prensa","article_published_time":"2019-03-14T11:51:30+00:00","article_modified_time":"2020-06-08T07:25:37+00:00","og_image":[{"width":376,"height":282,"url":"https:\/\/www.visitcentroamerica.com\/sala-prensa\/wp-content\/uploads\/2019\/03\/amanecer-unico-centroamerica-destacada.jpg","type":"image\/jpeg"}],"author":"Denis Alvarado","twitter_card":"summary_large_image","twitter_misc":{"Escrito por":"Denis Alvarado","Tiempo de lectura":"1 minuto"},"schema":{"@context":"https:\/\/schema.org","@graph":[{"@type":"Article","@id":"https:\/\/www.visitcentroamerica.com\/sala-prensa\/viajar\/crees-todas-las-alboradas-iguales-preparate-amanecer-unico-honduras-salvador-guatemala\/#article","isPartOf":{"@id":"https:\/\/www.visitcentroamerica.com\/sala-prensa\/viajar\/crees-todas-las-alboradas-iguales-preparate-amanecer-unico-honduras-salvador-guatemala\/"},"author":{"name":"Denis Alvarado","@id":"https:\/\/www.visitcentroamerica.com\/sala-prensa\/#\/schema\/person\/0aa3bd0dbaabaead6089ee3dd0cd7ae5"},"headline":"\u00bfCrees que todas las alboradas son iguales? Prep\u00e1rate para un amanecer \u00fanico en Honduras, El Salvador y Guatemala","datePublished":"2019-03-14T11:51:30+00:00","dateModified":"2020-06-08T07:25:37+00:00","mainEntityOfPage":{"@id":"https:\/\/www.visitcentroamerica.com\/sala-prensa\/viajar\/crees-todas-las-alboradas-iguales-preparate-amanecer-unico-honduras-salvador-guatemala\/"},"wordCount":281,"image":{"@id":"https:\/\/www.visitcentroamerica.com\/sala-prensa\/viajar\/crees-todas-las-alboradas-iguales-preparate-amanecer-unico-honduras-salvador-guatemala\/#primaryimage"},"thumbnailUrl":"https:\/\/www.visitcentroamerica.com\/sala-prensa\/wp-content\/uploads\/2019\/03\/amanecer-unico-centroamerica-destacada.jpg","articleSection":["Aventura","Naturaleza","Sol y Playa","Surf","Viajar"],"inLanguage":"es"},{"@type":"WebPage","@id":"https:\/\/www.visitcentroamerica.com\/sala-prensa\/viajar\/crees-todas-las-alboradas-iguales-preparate-amanecer-unico-honduras-salvador-guatemala\/","url":"https:\/\/www.visitcentroamerica.com\/sala-prensa\/viajar\/crees-todas-las-alboradas-iguales-preparate-amanecer-unico-honduras-salvador-guatemala\/","name":"Descubre el amanecer cautivador de estos lugares de Centroam\u00e9rica","isPartOf":{"@id":"https:\/\/www.visitcentroamerica.com\/sala-prensa\/#website"},"primaryImageOfPage":{"@id":"https:\/\/www.visitcentroamerica.com\/sala-prensa\/viajar\/crees-todas-las-alboradas-iguales-preparate-amanecer-unico-honduras-salvador-guatemala\/#primaryimage"},"image":{"@id":"https:\/\/www.visitcentroamerica.com\/sala-prensa\/viajar\/crees-todas-las-alboradas-iguales-preparate-amanecer-unico-honduras-salvador-guatemala\/#primaryimage"},"thumbnailUrl":"https:\/\/www.visitcentroamerica.com\/sala-prensa\/wp-content\/uploads\/2019\/03\/amanecer-unico-centroamerica-destacada.jpg","datePublished":"2019-03-14T11:51:30+00:00","dateModified":"2020-06-08T07:25:37+00:00","author":{"@id":"https:\/\/www.visitcentroamerica.com\/sala-prensa\/#\/schema\/person\/0aa3bd0dbaabaead6089ee3dd0cd7ae5"},"description":"Sorpr\u00e9ndete con el amanecer y el atardecer de estos tres escenarios en Honduras, El Salvador y Guatemala, lugares en los que fotografiar cielos de ensue\u00f1o","breadcrumb":{"@id":"https:\/\/www.visitcentroamerica.com\/sala-prensa\/viajar\/crees-todas-las-alboradas-iguales-preparate-amanecer-unico-honduras-salvador-guatemala\/#breadcrumb"},"inLanguage":"es","potentialAction":[{"@type":"ReadAction","target":["https:\/\/www.visitcentroamerica.com\/sala-prensa\/viajar\/crees-todas-las-alboradas-iguales-preparate-amanecer-unico-honduras-salvador-guatemala\/"]}]},{"@type":"ImageObject","inLanguage":"es","@id":"https:\/\/www.visitcentroamerica.com\/sala-prensa\/viajar\/crees-todas-las-alboradas-iguales-preparate-amanecer-unico-honduras-salvador-guatemala\/#primaryimage","url":"https:\/\/www.visitcentroamerica.com\/sala-prensa\/wp-content\/uploads\/2019\/03\/amanecer-unico-centroamerica-destacada.jpg","contentUrl":"https:\/\/www.visitcentroamerica.com\/sala-prensa\/wp-content\/uploads\/2019\/03\/amanecer-unico-centroamerica-destacada.jpg","width":376,"height":282,"caption":"Prep\u00e1rate para un amanecer \u00fanico en Honduras, El Salvador y Guatemala - Centroam\u00e9rica"},{"@type":"BreadcrumbList","@id":"https:\/\/www.visitcentroamerica.com\/sala-prensa\/viajar\/crees-todas-las-alboradas-iguales-preparate-amanecer-unico-honduras-salvador-guatemala\/#breadcrumb","itemListElement":[{"@type":"ListItem","position":1,"name":"Portada","item":"https:\/\/www.visitcentroamerica.com\/sala-prensa\/"},{"@type":"ListItem","position":2,"name":"\u00bfCrees que todas las alboradas son iguales? Prep\u00e1rate para un amanecer \u00fanico en Honduras, El Salvador y Guatemala"}]},{"@type":"WebSite","@id":"https:\/\/www.visitcentroamerica.com\/sala-prensa\/#website","url":"https:\/\/www.visitcentroamerica.com\/sala-prensa\/","name":"Sala de prensa","description":"","potentialAction":[{"@type":"SearchAction","target":{"@type":"EntryPoint","urlTemplate":"https:\/\/www.visitcentroamerica.com\/sala-prensa\/?s={search_term_string}"},"query-input":{"@type":"PropertyValueSpecification","valueRequired":true,"valueName":"search_term_string"}}],"inLanguage":"es"},{"@type":"Person","@id":"https:\/\/www.visitcentroamerica.com\/sala-prensa\/#\/schema\/person\/0aa3bd0dbaabaead6089ee3dd0cd7ae5","name":"Denis Alvarado","image":{"@type":"ImageObject","inLanguage":"es","@id":"https:\/\/secure.gravatar.com\/avatar\/c31f0697f6edb7c68d5dedc2ccbd548d2a9f73aa293e81c6a1425229ec4c9135?s=96&d=mm&r=g","url":"https:\/\/secure.gravatar.com\/avatar\/c31f0697f6edb7c68d5dedc2ccbd548d2a9f73aa293e81c6a1425229ec4c9135?s=96&d=mm&r=g","contentUrl":"https:\/\/secure.gravatar.com\/avatar\/c31f0697f6edb7c68d5dedc2ccbd548d2a9f73aa293e81c6a1425229ec4c9135?s=96&d=mm&r=g","caption":"Denis Alvarado"},"url":"https:\/\/www.visitcentroamerica.com\/sala-prensa\/author\/denis\/"}]}},"_links":{"self":[{"href":"https:\/\/www.visitcentroamerica.com\/sala-prensa\/wp-json\/wp\/v2\/posts\/7815","targetHints":{"allow":["GET"]}}],"collection":[{"href":"https:\/\/www.visitcentroamerica.com\/sala-prensa\/wp-json\/wp\/v2\/posts"}],"about":[{"href":"https:\/\/www.visitcentroamerica.com\/sala-prensa\/wp-json\/wp\/v2\/types\/post"}],"author":[{"embeddable":true,"href":"https:\/\/www.visitcentroamerica.com\/sala-prensa\/wp-json\/wp\/v2\/users\/5"}],"replies":[{"embeddable":true,"href":"https:\/\/www.visitcentroamerica.com\/sala-prensa\/wp-json\/wp\/v2\/comments?post=7815"}],"version-history":[{"count":2,"href":"https:\/\/www.visitcentroamerica.com\/sala-prensa\/wp-json\/wp\/v2\/posts\/7815\/revisions"}],"predecessor-version":[{"id":9967,"href":"https:\/\/www.visitcentroamerica.com\/sala-prensa\/wp-json\/wp\/v2\/posts\/7815\/revisions\/9967"}],"wp:featuredmedia":[{"embeddable":true,"href":"https:\/\/www.visitcentroamerica.com\/sala-prensa\/wp-json\/wp\/v2\/media\/9732"}],"wp:attachment":[{"href":"https:\/\/www.visitcentroamerica.com\/sala-prensa\/wp-json\/wp\/v2\/media?parent=7815"}],"wp:term":[{"taxonomy":"category","embeddable":true,"href":"https:\/\/www.visitcentroamerica.com\/sala-prensa\/wp-json\/wp\/v2\/categories?post=7815"},{"taxonomy":"post_tag","embeddable":true,"href":"https:\/\/www.visitcentroamerica.com\/sala-prensa\/wp-json\/wp\/v2\/tags?post=7815"}],"curies":[{"name":"wp","href":"https:\/\/api.w.org\/{rel}","templated":true}]}}