{"id":7415,"date":"2019-01-26T07:09:00","date_gmt":"2019-01-26T07:09:00","guid":{"rendered":"http:\/\/www.visitcentroamerica.com\/?p=7415"},"modified":"2020-06-08T07:47:58","modified_gmt":"2020-06-08T07:47:58","slug":"preparate-sumergirte-la-cultura-panama-santo-domingo-traves-mercado-popular","status":"publish","type":"post","link":"https:\/\/www.visitcentroamerica.com\/sala-prensa\/viajar\/preparate-sumergirte-la-cultura-panama-santo-domingo-traves-mercado-popular\/","title":{"rendered":"Prep\u00e1rate para sumergirte en la cultura de Panam\u00e1 y Santo Domingo a trav\u00e9s de un mercado popular"},"content":{"rendered":"<p>Un <strong>mercado<\/strong> es un reflejo de la cultura y costumbres de un lugar. Zamb\u00fallete en los m\u00e1s populares de<strong> Panam\u00e1 y Rep\u00fablica Dominicana<\/strong>. Encontrar\u00e1s elementos de artesan\u00eda o delicias gastron\u00f3micas. Te invito a experimentar una vivencia \u00fanica m\u00e1s all\u00e1 de los monumentos y las playas. \u00bfPreparado para hacer la compra?<\/p>\n<h3 style=\"margin-top: 30px;\">La arteria comercial de Panam\u00e1<\/h3>\n<p>Te sugiero arrancar este viaje doble en uno de los ejes comerciales de la Ciudad de Panam\u00e1: el <strong>Callej\u00f3n Salsipuedes<\/strong>. Aqu\u00ed tienes la posibilidad de adquirir desde im\u00e1genes de la Virgen hasta sombreros pintados, pasando por velas o zapatos. Los puestos callejeros brindan<strong> todo tipo de mercanc\u00edas<\/strong>.<\/p>\n<p><strong>Los inicios de este ambientado comercio callejero<\/strong><\/p>\n<p>El germen de este colorido bazar se remonta a mediados del XIX. Cientos de comerciantes chinos que aterrizaron en la ciudad durante la<strong> construcci\u00f3n del ferrocarril<\/strong> inauguraron los primeros establecimientos en esta zona.<\/p>\n<h3 style=\"margin-top: 30px;\">Mercado de arquitectura abovedada en Santo Domingo<\/h3>\n<p>Detente despu\u00e9s en Rep\u00fablica Dominicana. Una de las \u00e1reas comerciales de Santo Domingo se sit\u00faa entre los rincones m\u00e1s tur\u00edsticos: el <strong>Mercado Modelo<\/strong>. Est\u00e1 en un barrio cosmopolita y destaca su<strong> arquitectura<\/strong> abovedada, sus<strong> escalones amarillos <\/strong>y su laberinto interior de peque\u00f1os establecimientos. Aqu\u00ed tienes mariscos, verduras o frutas tropicales, adem\u00e1s de joyas, cuadros o esculturas.<\/p>\n<p style=\"margin-bottom: 30px;\">Como ves, acudiendo al <strong>mercado<\/strong> te empapar\u00e1s de la cultura de estos pa\u00edses. Para recrearte en otros escenarios comerciales de <strong>Centroam\u00e9rica<\/strong>, consulta en <strong><a href=\"http:\/\/www.visitcentroamerica.com\/\">nuestra web<\/a><\/strong>. Comprar puede resultar un pasatiempo inolvidable.<\/p>\n<p><img decoding=\"async\" src=\"http:\/\/www.visitcentroamerica.com\/wp-content\/uploads\/2019\/01\/mercado-modelo.jpg\" alt=\"Mercado Modelo, en Santo Domingo\" width=\"100%\" \/><\/p>\n<p style=\"text-align: right;\">Fotograf\u00eda: Lorenzo Foto.<\/p>\n","protected":false},"excerpt":{"rendered":"<p>Un mercado es un reflejo de la cultura y costumbres de un lugar. Zamb\u00fallete en los m\u00e1s populares de Panam\u00e1 y Rep\u00fablica Dominicana. Encontrar\u00e1s elementos de artesan\u00eda o delicias gastron\u00f3micas. Te invito a experimentar una vivencia \u00fanica m\u00e1s all\u00e1 de los monumentos y las playas. \u00bfPreparado para hacer la compra? La arteria comercial de Panam\u00e1 [&hellip;]<\/p>\n","protected":false},"author":5,"featured_media":9768,"comment_status":"open","ping_status":"closed","sticky":false,"template":"","format":"standard","meta":{"footnotes":""},"categories":[29,39,25],"tags":[],"class_list":{"0":"post-7415","1":"post","2":"type-post","3":"status-publish","4":"format-standard","5":"has-post-thumbnail","7":"category-cultura","8":"category-gastronomia","9":"category-viajar"},"yoast_head":"<!-- This site is optimized with the Yoast SEO plugin v27.3 - https:\/\/yoast.com\/product\/yoast-seo-wordpress\/ -->\n<title>La cultura de Panam\u00e1 y Rep\u00fablica Dominicana a trav\u00e9s de un mercado<\/title>\n<meta name=\"description\" content=\"Conoce la cultura, la gastronom\u00eda o las costumbres de Panam\u00e1 y Rep\u00fablica Dominicana a trav\u00e9s de dos ejemplos de mercado popular callejero y cubierto\" \/>\n<meta name=\"robots\" content=\"index, follow, max-snippet:-1, max-image-preview:large, max-video-preview:-1\" \/>\n<link rel=\"canonical\" href=\"https:\/\/www.visitcentroamerica.com\/sala-prensa\/viajar\/preparate-sumergirte-la-cultura-panama-santo-domingo-traves-mercado-popular\/\" \/>\n<meta property=\"og:locale\" content=\"es_ES\" \/>\n<meta property=\"og:type\" content=\"article\" \/>\n<meta property=\"og:title\" content=\"La cultura de Panam\u00e1 y Rep\u00fablica Dominicana a trav\u00e9s de un mercado\" \/>\n<meta property=\"og:description\" content=\"Conoce la cultura, la gastronom\u00eda o las costumbres de Panam\u00e1 y Rep\u00fablica Dominicana a trav\u00e9s de dos ejemplos de mercado popular callejero y cubierto\" \/>\n<meta property=\"og:url\" content=\"https:\/\/www.visitcentroamerica.com\/sala-prensa\/viajar\/preparate-sumergirte-la-cultura-panama-santo-domingo-traves-mercado-popular\/\" \/>\n<meta property=\"og:site_name\" content=\"Sala de prensa\" \/>\n<meta property=\"article:published_time\" content=\"2019-01-26T07:09:00+00:00\" \/>\n<meta property=\"article:modified_time\" content=\"2020-06-08T07:47:58+00:00\" \/>\n<meta property=\"og:image\" content=\"https:\/\/www.visitcentroamerica.com\/sala-prensa\/wp-content\/uploads\/2019\/01\/mercado-panama-1.jpg\" \/>\n\t<meta property=\"og:image:width\" content=\"376\" \/>\n\t<meta property=\"og:image:height\" content=\"282\" \/>\n\t<meta property=\"og:image:type\" content=\"image\/jpeg\" \/>\n<meta name=\"author\" content=\"Denis Alvarado\" \/>\n<meta name=\"twitter:card\" content=\"summary_large_image\" \/>\n<meta name=\"twitter:label1\" content=\"Escrito por\" \/>\n\t<meta name=\"twitter:data1\" content=\"Denis Alvarado\" \/>\n\t<meta name=\"twitter:label2\" content=\"Tiempo de lectura\" \/>\n\t<meta name=\"twitter:data2\" content=\"1 minuto\" \/>\n<script type=\"application\/ld+json\" class=\"yoast-schema-graph\">{\"@context\":\"https:\\\/\\\/schema.org\",\"@graph\":[{\"@type\":\"Article\",\"@id\":\"https:\\\/\\\/www.visitcentroamerica.com\\\/sala-prensa\\\/viajar\\\/preparate-sumergirte-la-cultura-panama-santo-domingo-traves-mercado-popular\\\/#article\",\"isPartOf\":{\"@id\":\"https:\\\/\\\/www.visitcentroamerica.com\\\/sala-prensa\\\/viajar\\\/preparate-sumergirte-la-cultura-panama-santo-domingo-traves-mercado-popular\\\/\"},\"author\":{\"name\":\"Denis Alvarado\",\"@id\":\"https:\\\/\\\/www.visitcentroamerica.com\\\/sala-prensa\\\/#\\\/schema\\\/person\\\/0aa3bd0dbaabaead6089ee3dd0cd7ae5\"},\"headline\":\"Prep\u00e1rate para sumergirte en la cultura de Panam\u00e1 y Santo Domingo a trav\u00e9s de un mercado popular\",\"datePublished\":\"2019-01-26T07:09:00+00:00\",\"dateModified\":\"2020-06-08T07:47:58+00:00\",\"mainEntityOfPage\":{\"@id\":\"https:\\\/\\\/www.visitcentroamerica.com\\\/sala-prensa\\\/viajar\\\/preparate-sumergirte-la-cultura-panama-santo-domingo-traves-mercado-popular\\\/\"},\"wordCount\":280,\"commentCount\":0,\"image\":{\"@id\":\"https:\\\/\\\/www.visitcentroamerica.com\\\/sala-prensa\\\/viajar\\\/preparate-sumergirte-la-cultura-panama-santo-domingo-traves-mercado-popular\\\/#primaryimage\"},\"thumbnailUrl\":\"https:\\\/\\\/www.visitcentroamerica.com\\\/sala-prensa\\\/wp-content\\\/uploads\\\/2019\\\/01\\\/mercado-panama-1.jpg\",\"articleSection\":[\"Cultura\",\"Gastronom\u00eda\",\"Viajar\"],\"inLanguage\":\"es\",\"potentialAction\":[{\"@type\":\"CommentAction\",\"name\":\"Comment\",\"target\":[\"https:\\\/\\\/www.visitcentroamerica.com\\\/sala-prensa\\\/viajar\\\/preparate-sumergirte-la-cultura-panama-santo-domingo-traves-mercado-popular\\\/#respond\"]}]},{\"@type\":\"WebPage\",\"@id\":\"https:\\\/\\\/www.visitcentroamerica.com\\\/sala-prensa\\\/viajar\\\/preparate-sumergirte-la-cultura-panama-santo-domingo-traves-mercado-popular\\\/\",\"url\":\"https:\\\/\\\/www.visitcentroamerica.com\\\/sala-prensa\\\/viajar\\\/preparate-sumergirte-la-cultura-panama-santo-domingo-traves-mercado-popular\\\/\",\"name\":\"La cultura de Panam\u00e1 y Rep\u00fablica Dominicana a trav\u00e9s de un mercado\",\"isPartOf\":{\"@id\":\"https:\\\/\\\/www.visitcentroamerica.com\\\/sala-prensa\\\/#website\"},\"primaryImageOfPage\":{\"@id\":\"https:\\\/\\\/www.visitcentroamerica.com\\\/sala-prensa\\\/viajar\\\/preparate-sumergirte-la-cultura-panama-santo-domingo-traves-mercado-popular\\\/#primaryimage\"},\"image\":{\"@id\":\"https:\\\/\\\/www.visitcentroamerica.com\\\/sala-prensa\\\/viajar\\\/preparate-sumergirte-la-cultura-panama-santo-domingo-traves-mercado-popular\\\/#primaryimage\"},\"thumbnailUrl\":\"https:\\\/\\\/www.visitcentroamerica.com\\\/sala-prensa\\\/wp-content\\\/uploads\\\/2019\\\/01\\\/mercado-panama-1.jpg\",\"datePublished\":\"2019-01-26T07:09:00+00:00\",\"dateModified\":\"2020-06-08T07:47:58+00:00\",\"author\":{\"@id\":\"https:\\\/\\\/www.visitcentroamerica.com\\\/sala-prensa\\\/#\\\/schema\\\/person\\\/0aa3bd0dbaabaead6089ee3dd0cd7ae5\"},\"description\":\"Conoce la cultura, la gastronom\u00eda o las costumbres de Panam\u00e1 y Rep\u00fablica Dominicana a trav\u00e9s de dos ejemplos de mercado popular callejero y cubierto\",\"breadcrumb\":{\"@id\":\"https:\\\/\\\/www.visitcentroamerica.com\\\/sala-prensa\\\/viajar\\\/preparate-sumergirte-la-cultura-panama-santo-domingo-traves-mercado-popular\\\/#breadcrumb\"},\"inLanguage\":\"es\",\"potentialAction\":[{\"@type\":\"ReadAction\",\"target\":[\"https:\\\/\\\/www.visitcentroamerica.com\\\/sala-prensa\\\/viajar\\\/preparate-sumergirte-la-cultura-panama-santo-domingo-traves-mercado-popular\\\/\"]}]},{\"@type\":\"ImageObject\",\"inLanguage\":\"es\",\"@id\":\"https:\\\/\\\/www.visitcentroamerica.com\\\/sala-prensa\\\/viajar\\\/preparate-sumergirte-la-cultura-panama-santo-domingo-traves-mercado-popular\\\/#primaryimage\",\"url\":\"https:\\\/\\\/www.visitcentroamerica.com\\\/sala-prensa\\\/wp-content\\\/uploads\\\/2019\\\/01\\\/mercado-panama-1.jpg\",\"contentUrl\":\"https:\\\/\\\/www.visitcentroamerica.com\\\/sala-prensa\\\/wp-content\\\/uploads\\\/2019\\\/01\\\/mercado-panama-1.jpg\",\"width\":376,\"height\":282,\"caption\":\"Souvenirs - Panam\u00e1 - Centroam\u00e9rica\"},{\"@type\":\"BreadcrumbList\",\"@id\":\"https:\\\/\\\/www.visitcentroamerica.com\\\/sala-prensa\\\/viajar\\\/preparate-sumergirte-la-cultura-panama-santo-domingo-traves-mercado-popular\\\/#breadcrumb\",\"itemListElement\":[{\"@type\":\"ListItem\",\"position\":1,\"name\":\"Portada\",\"item\":\"https:\\\/\\\/www.visitcentroamerica.com\\\/sala-prensa\\\/\"},{\"@type\":\"ListItem\",\"position\":2,\"name\":\"Prep\u00e1rate para sumergirte en la cultura de Panam\u00e1 y Santo Domingo a trav\u00e9s de un mercado popular\"}]},{\"@type\":\"WebSite\",\"@id\":\"https:\\\/\\\/www.visitcentroamerica.com\\\/sala-prensa\\\/#website\",\"url\":\"https:\\\/\\\/www.visitcentroamerica.com\\\/sala-prensa\\\/\",\"name\":\"Sala de prensa\",\"description\":\"\",\"potentialAction\":[{\"@type\":\"SearchAction\",\"target\":{\"@type\":\"EntryPoint\",\"urlTemplate\":\"https:\\\/\\\/www.visitcentroamerica.com\\\/sala-prensa\\\/?s={search_term_string}\"},\"query-input\":{\"@type\":\"PropertyValueSpecification\",\"valueRequired\":true,\"valueName\":\"search_term_string\"}}],\"inLanguage\":\"es\"},{\"@type\":\"Person\",\"@id\":\"https:\\\/\\\/www.visitcentroamerica.com\\\/sala-prensa\\\/#\\\/schema\\\/person\\\/0aa3bd0dbaabaead6089ee3dd0cd7ae5\",\"name\":\"Denis Alvarado\",\"image\":{\"@type\":\"ImageObject\",\"inLanguage\":\"es\",\"@id\":\"https:\\\/\\\/secure.gravatar.com\\\/avatar\\\/c31f0697f6edb7c68d5dedc2ccbd548d2a9f73aa293e81c6a1425229ec4c9135?s=96&d=mm&r=g\",\"url\":\"https:\\\/\\\/secure.gravatar.com\\\/avatar\\\/c31f0697f6edb7c68d5dedc2ccbd548d2a9f73aa293e81c6a1425229ec4c9135?s=96&d=mm&r=g\",\"contentUrl\":\"https:\\\/\\\/secure.gravatar.com\\\/avatar\\\/c31f0697f6edb7c68d5dedc2ccbd548d2a9f73aa293e81c6a1425229ec4c9135?s=96&d=mm&r=g\",\"caption\":\"Denis Alvarado\"},\"url\":\"https:\\\/\\\/www.visitcentroamerica.com\\\/sala-prensa\\\/author\\\/denis\\\/\"}]}<\/script>\n<!-- \/ Yoast SEO plugin. -->","yoast_head_json":{"title":"La cultura de Panam\u00e1 y Rep\u00fablica Dominicana a trav\u00e9s de un mercado","description":"Conoce la cultura, la gastronom\u00eda o las costumbres de Panam\u00e1 y Rep\u00fablica Dominicana a trav\u00e9s de dos ejemplos de mercado popular callejero y cubierto","robots":{"index":"index","follow":"follow","max-snippet":"max-snippet:-1","max-image-preview":"max-image-preview:large","max-video-preview":"max-video-preview:-1"},"canonical":"https:\/\/www.visitcentroamerica.com\/sala-prensa\/viajar\/preparate-sumergirte-la-cultura-panama-santo-domingo-traves-mercado-popular\/","og_locale":"es_ES","og_type":"article","og_title":"La cultura de Panam\u00e1 y Rep\u00fablica Dominicana a trav\u00e9s de un mercado","og_description":"Conoce la cultura, la gastronom\u00eda o las costumbres de Panam\u00e1 y Rep\u00fablica Dominicana a trav\u00e9s de dos ejemplos de mercado popular callejero y cubierto","og_url":"https:\/\/www.visitcentroamerica.com\/sala-prensa\/viajar\/preparate-sumergirte-la-cultura-panama-santo-domingo-traves-mercado-popular\/","og_site_name":"Sala de prensa","article_published_time":"2019-01-26T07:09:00+00:00","article_modified_time":"2020-06-08T07:47:58+00:00","og_image":[{"width":376,"height":282,"url":"https:\/\/www.visitcentroamerica.com\/sala-prensa\/wp-content\/uploads\/2019\/01\/mercado-panama-1.jpg","type":"image\/jpeg"}],"author":"Denis Alvarado","twitter_card":"summary_large_image","twitter_misc":{"Escrito por":"Denis Alvarado","Tiempo de lectura":"1 minuto"},"schema":{"@context":"https:\/\/schema.org","@graph":[{"@type":"Article","@id":"https:\/\/www.visitcentroamerica.com\/sala-prensa\/viajar\/preparate-sumergirte-la-cultura-panama-santo-domingo-traves-mercado-popular\/#article","isPartOf":{"@id":"https:\/\/www.visitcentroamerica.com\/sala-prensa\/viajar\/preparate-sumergirte-la-cultura-panama-santo-domingo-traves-mercado-popular\/"},"author":{"name":"Denis Alvarado","@id":"https:\/\/www.visitcentroamerica.com\/sala-prensa\/#\/schema\/person\/0aa3bd0dbaabaead6089ee3dd0cd7ae5"},"headline":"Prep\u00e1rate para sumergirte en la cultura de Panam\u00e1 y Santo Domingo a trav\u00e9s de un mercado popular","datePublished":"2019-01-26T07:09:00+00:00","dateModified":"2020-06-08T07:47:58+00:00","mainEntityOfPage":{"@id":"https:\/\/www.visitcentroamerica.com\/sala-prensa\/viajar\/preparate-sumergirte-la-cultura-panama-santo-domingo-traves-mercado-popular\/"},"wordCount":280,"commentCount":0,"image":{"@id":"https:\/\/www.visitcentroamerica.com\/sala-prensa\/viajar\/preparate-sumergirte-la-cultura-panama-santo-domingo-traves-mercado-popular\/#primaryimage"},"thumbnailUrl":"https:\/\/www.visitcentroamerica.com\/sala-prensa\/wp-content\/uploads\/2019\/01\/mercado-panama-1.jpg","articleSection":["Cultura","Gastronom\u00eda","Viajar"],"inLanguage":"es","potentialAction":[{"@type":"CommentAction","name":"Comment","target":["https:\/\/www.visitcentroamerica.com\/sala-prensa\/viajar\/preparate-sumergirte-la-cultura-panama-santo-domingo-traves-mercado-popular\/#respond"]}]},{"@type":"WebPage","@id":"https:\/\/www.visitcentroamerica.com\/sala-prensa\/viajar\/preparate-sumergirte-la-cultura-panama-santo-domingo-traves-mercado-popular\/","url":"https:\/\/www.visitcentroamerica.com\/sala-prensa\/viajar\/preparate-sumergirte-la-cultura-panama-santo-domingo-traves-mercado-popular\/","name":"La cultura de Panam\u00e1 y Rep\u00fablica Dominicana a trav\u00e9s de un mercado","isPartOf":{"@id":"https:\/\/www.visitcentroamerica.com\/sala-prensa\/#website"},"primaryImageOfPage":{"@id":"https:\/\/www.visitcentroamerica.com\/sala-prensa\/viajar\/preparate-sumergirte-la-cultura-panama-santo-domingo-traves-mercado-popular\/#primaryimage"},"image":{"@id":"https:\/\/www.visitcentroamerica.com\/sala-prensa\/viajar\/preparate-sumergirte-la-cultura-panama-santo-domingo-traves-mercado-popular\/#primaryimage"},"thumbnailUrl":"https:\/\/www.visitcentroamerica.com\/sala-prensa\/wp-content\/uploads\/2019\/01\/mercado-panama-1.jpg","datePublished":"2019-01-26T07:09:00+00:00","dateModified":"2020-06-08T07:47:58+00:00","author":{"@id":"https:\/\/www.visitcentroamerica.com\/sala-prensa\/#\/schema\/person\/0aa3bd0dbaabaead6089ee3dd0cd7ae5"},"description":"Conoce la cultura, la gastronom\u00eda o las costumbres de Panam\u00e1 y Rep\u00fablica Dominicana a trav\u00e9s de dos ejemplos de mercado popular callejero y cubierto","breadcrumb":{"@id":"https:\/\/www.visitcentroamerica.com\/sala-prensa\/viajar\/preparate-sumergirte-la-cultura-panama-santo-domingo-traves-mercado-popular\/#breadcrumb"},"inLanguage":"es","potentialAction":[{"@type":"ReadAction","target":["https:\/\/www.visitcentroamerica.com\/sala-prensa\/viajar\/preparate-sumergirte-la-cultura-panama-santo-domingo-traves-mercado-popular\/"]}]},{"@type":"ImageObject","inLanguage":"es","@id":"https:\/\/www.visitcentroamerica.com\/sala-prensa\/viajar\/preparate-sumergirte-la-cultura-panama-santo-domingo-traves-mercado-popular\/#primaryimage","url":"https:\/\/www.visitcentroamerica.com\/sala-prensa\/wp-content\/uploads\/2019\/01\/mercado-panama-1.jpg","contentUrl":"https:\/\/www.visitcentroamerica.com\/sala-prensa\/wp-content\/uploads\/2019\/01\/mercado-panama-1.jpg","width":376,"height":282,"caption":"Souvenirs - Panam\u00e1 - Centroam\u00e9rica"},{"@type":"BreadcrumbList","@id":"https:\/\/www.visitcentroamerica.com\/sala-prensa\/viajar\/preparate-sumergirte-la-cultura-panama-santo-domingo-traves-mercado-popular\/#breadcrumb","itemListElement":[{"@type":"ListItem","position":1,"name":"Portada","item":"https:\/\/www.visitcentroamerica.com\/sala-prensa\/"},{"@type":"ListItem","position":2,"name":"Prep\u00e1rate para sumergirte en la cultura de Panam\u00e1 y Santo Domingo a trav\u00e9s de un mercado popular"}]},{"@type":"WebSite","@id":"https:\/\/www.visitcentroamerica.com\/sala-prensa\/#website","url":"https:\/\/www.visitcentroamerica.com\/sala-prensa\/","name":"Sala de prensa","description":"","potentialAction":[{"@type":"SearchAction","target":{"@type":"EntryPoint","urlTemplate":"https:\/\/www.visitcentroamerica.com\/sala-prensa\/?s={search_term_string}"},"query-input":{"@type":"PropertyValueSpecification","valueRequired":true,"valueName":"search_term_string"}}],"inLanguage":"es"},{"@type":"Person","@id":"https:\/\/www.visitcentroamerica.com\/sala-prensa\/#\/schema\/person\/0aa3bd0dbaabaead6089ee3dd0cd7ae5","name":"Denis Alvarado","image":{"@type":"ImageObject","inLanguage":"es","@id":"https:\/\/secure.gravatar.com\/avatar\/c31f0697f6edb7c68d5dedc2ccbd548d2a9f73aa293e81c6a1425229ec4c9135?s=96&d=mm&r=g","url":"https:\/\/secure.gravatar.com\/avatar\/c31f0697f6edb7c68d5dedc2ccbd548d2a9f73aa293e81c6a1425229ec4c9135?s=96&d=mm&r=g","contentUrl":"https:\/\/secure.gravatar.com\/avatar\/c31f0697f6edb7c68d5dedc2ccbd548d2a9f73aa293e81c6a1425229ec4c9135?s=96&d=mm&r=g","caption":"Denis Alvarado"},"url":"https:\/\/www.visitcentroamerica.com\/sala-prensa\/author\/denis\/"}]}},"_links":{"self":[{"href":"https:\/\/www.visitcentroamerica.com\/sala-prensa\/wp-json\/wp\/v2\/posts\/7415","targetHints":{"allow":["GET"]}}],"collection":[{"href":"https:\/\/www.visitcentroamerica.com\/sala-prensa\/wp-json\/wp\/v2\/posts"}],"about":[{"href":"https:\/\/www.visitcentroamerica.com\/sala-prensa\/wp-json\/wp\/v2\/types\/post"}],"author":[{"embeddable":true,"href":"https:\/\/www.visitcentroamerica.com\/sala-prensa\/wp-json\/wp\/v2\/users\/5"}],"replies":[{"embeddable":true,"href":"https:\/\/www.visitcentroamerica.com\/sala-prensa\/wp-json\/wp\/v2\/comments?post=7415"}],"version-history":[{"count":2,"href":"https:\/\/www.visitcentroamerica.com\/sala-prensa\/wp-json\/wp\/v2\/posts\/7415\/revisions"}],"predecessor-version":[{"id":9978,"href":"https:\/\/www.visitcentroamerica.com\/sala-prensa\/wp-json\/wp\/v2\/posts\/7415\/revisions\/9978"}],"wp:featuredmedia":[{"embeddable":true,"href":"https:\/\/www.visitcentroamerica.com\/sala-prensa\/wp-json\/wp\/v2\/media\/9768"}],"wp:attachment":[{"href":"https:\/\/www.visitcentroamerica.com\/sala-prensa\/wp-json\/wp\/v2\/media?parent=7415"}],"wp:term":[{"taxonomy":"category","embeddable":true,"href":"https:\/\/www.visitcentroamerica.com\/sala-prensa\/wp-json\/wp\/v2\/categories?post=7415"},{"taxonomy":"post_tag","embeddable":true,"href":"https:\/\/www.visitcentroamerica.com\/sala-prensa\/wp-json\/wp\/v2\/tags?post=7415"}],"curies":[{"name":"wp","href":"https:\/\/api.w.org\/{rel}","templated":true}]}}