{"id":7413,"date":"2019-01-20T07:19:01","date_gmt":"2019-01-20T07:19:01","guid":{"rendered":"http:\/\/www.visitcentroamerica.com\/?p=7413"},"modified":"2020-06-08T07:49:01","modified_gmt":"2020-06-08T07:49:01","slug":"sentimiento-diferentes-formas-vivirlo-la-semana-santa-panama-costa-rica-unica","status":"publish","type":"post","link":"https:\/\/www.visitcentroamerica.com\/sala-prensa\/viajar\/sentimiento-diferentes-formas-vivirlo-la-semana-santa-panama-costa-rica-unica\/","title":{"rendered":"Un mismo sentimiento pero diferentes formas de vivirlo; la Semana Santa en Panam\u00e1 y Costa Rica es \u00fanica"},"content":{"rendered":"<p>Acercarte a la <strong>Semana Santa<\/strong> centroamericana, supone una experiencia inolvidable. Comprobar la devoci\u00f3n con la que viven la <strong>religi\u00f3n<\/strong> en Panam\u00e1 y Costa Rica transformar\u00e1 tu viaje multidestino en una aventura inigualable.<\/p>\n<p>Te invito a conocer algunas costumbres que convierten estas jornadas de<strong> procesi\u00f3n<\/strong> en una fiesta. \u00a1Enam\u00f3rate de sus ritos y de su folclore semanasantero!<\/p>\n<h3 style=\"margin-top: 30px;\">La religi\u00f3n, entre fruta fresca y postres tradicionales<\/h3>\n<p>Tu estancia en suelo paname\u00f1o constar\u00e1 de dos visitas. La primera, a <strong>Cocl\u00e9<\/strong>. Aqu\u00ed puedes desplazarte a las concurridas Iglesias Nuestra Se\u00f1ora de La Pintada de Candelaria y San Juan Bautista. La gastronom\u00eda local se adue\u00f1a de las calles principales. Prueba los huevos de leche y los panecillos.<\/p>\n<h3 style=\"margin-top: 30px;\">Semana Santa con p\u00e9talos y Papa Ch\u00fa<\/h3>\n<p>En la Provincia de <strong>Herrera<\/strong>, tu segundo destino, los p\u00e9talos inundan las calles. Los peque\u00f1os participan de la devoci\u00f3n llamando Papa Ch\u00fa a Jes\u00fas y entonando <strong>c\u00e1nticos antiguos<\/strong>. Asistir\u00e1s a <strong>representaciones<\/strong> de la Biblia como la quema de Iscariote.<br \/>\n<img decoding=\"async\" style=\"margin: 30px 0;\" src=\"http:\/\/www.visitcentroamerica.com\/wp-content\/uploads\/2019\/01\/semana-santa-costa-rica-panama-1.jpg\" alt=\"Semana Santa en Costa Rica y Panam\u00e1\" width=\"100%\" \/><\/p>\n<h3 style=\"margin-top: 30px;\">Procesi\u00f3n con cintas de colores<\/h3>\n<p>Contin\u00faa tu periplo en <strong>Cartago<\/strong> (Costa Rica). Te recomiendo acudir a la procesi\u00f3n del Cristo de las Promesas, en la que los vecinos atan sus cintas de colores a la imagen del nazareno. Esta fiesta de color se traslada a<strong> librer\u00edas y supermercados<\/strong>.<\/p>\n<p>\u00bfYa has organizado tu plan para celebrar la <strong>Semana Santa<\/strong> en Panam\u00e1 y Costa Rica? Entonces, visita <strong><a href=\"http:\/\/www.visitcentroamerica.com\/\">nuestra web<\/a><\/strong> y descubre las tradiciones de otros pa\u00edses para conocerlas el pr\u00f3ximo a\u00f1o. Porque la religi\u00f3n forma parte del turismo.<\/p>\n","protected":false},"excerpt":{"rendered":"<p>Acercarte a la Semana Santa centroamericana, supone una experiencia inolvidable. Comprobar la devoci\u00f3n con la que viven la religi\u00f3n en Panam\u00e1 y Costa Rica transformar\u00e1 tu viaje multidestino en una aventura inigualable. Te invito a conocer algunas costumbres que convierten estas jornadas de procesi\u00f3n en una fiesta. \u00a1Enam\u00f3rate de sus ritos y de su folclore [&hellip;]<\/p>\n","protected":false},"author":5,"featured_media":9772,"comment_status":"open","ping_status":"closed","sticky":false,"template":"","format":"standard","meta":{"footnotes":""},"categories":[30,38,39,25],"tags":[],"class_list":{"0":"post-7413","1":"post","2":"type-post","3":"status-publish","4":"format-standard","5":"has-post-thumbnail","7":"category-diversidad-cultural","8":"category-fiestas","9":"category-gastronomia","10":"category-viajar"},"yoast_head":"<!-- This site is optimized with the Yoast SEO plugin v27.3 - https:\/\/yoast.com\/product\/yoast-seo-wordpress\/ -->\n<title>Participa de una Semana Santa diferente en Panam\u00e1 y Costa Rica<\/title>\n<meta name=\"description\" content=\"Conoce las tradiciones y costumbres que convierten la Semana Santa en Panam\u00e1 y Costa Rica en una experiencia \u00fanica, tanto si eres cat\u00f3lico como si no\" \/>\n<meta name=\"robots\" content=\"index, follow, max-snippet:-1, max-image-preview:large, max-video-preview:-1\" \/>\n<link rel=\"canonical\" href=\"https:\/\/www.visitcentroamerica.com\/sala-prensa\/viajar\/sentimiento-diferentes-formas-vivirlo-la-semana-santa-panama-costa-rica-unica\/\" \/>\n<meta property=\"og:locale\" content=\"es_ES\" \/>\n<meta property=\"og:type\" content=\"article\" \/>\n<meta property=\"og:title\" content=\"Participa de una Semana Santa diferente en Panam\u00e1 y Costa Rica\" \/>\n<meta property=\"og:description\" content=\"Conoce las tradiciones y costumbres que convierten la Semana Santa en Panam\u00e1 y Costa Rica en una experiencia \u00fanica, tanto si eres cat\u00f3lico como si no\" \/>\n<meta property=\"og:url\" content=\"https:\/\/www.visitcentroamerica.com\/sala-prensa\/viajar\/sentimiento-diferentes-formas-vivirlo-la-semana-santa-panama-costa-rica-unica\/\" \/>\n<meta property=\"og:site_name\" content=\"Sala de prensa\" \/>\n<meta property=\"article:published_time\" content=\"2019-01-20T07:19:01+00:00\" \/>\n<meta property=\"article:modified_time\" content=\"2020-06-08T07:49:01+00:00\" \/>\n<meta property=\"og:image\" content=\"https:\/\/www.visitcentroamerica.com\/sala-prensa\/wp-content\/uploads\/2019\/01\/semana-santa-costa-rica-panama-2.jpg\" \/>\n\t<meta property=\"og:image:width\" content=\"376\" \/>\n\t<meta property=\"og:image:height\" content=\"282\" \/>\n\t<meta property=\"og:image:type\" content=\"image\/jpeg\" \/>\n<meta name=\"author\" content=\"Denis Alvarado\" \/>\n<meta name=\"twitter:card\" content=\"summary_large_image\" \/>\n<meta name=\"twitter:label1\" content=\"Escrito por\" \/>\n\t<meta name=\"twitter:data1\" content=\"Denis Alvarado\" \/>\n\t<meta name=\"twitter:label2\" content=\"Tiempo de lectura\" \/>\n\t<meta name=\"twitter:data2\" content=\"1 minuto\" \/>\n<script type=\"application\/ld+json\" class=\"yoast-schema-graph\">{\"@context\":\"https:\\\/\\\/schema.org\",\"@graph\":[{\"@type\":\"Article\",\"@id\":\"https:\\\/\\\/www.visitcentroamerica.com\\\/sala-prensa\\\/viajar\\\/sentimiento-diferentes-formas-vivirlo-la-semana-santa-panama-costa-rica-unica\\\/#article\",\"isPartOf\":{\"@id\":\"https:\\\/\\\/www.visitcentroamerica.com\\\/sala-prensa\\\/viajar\\\/sentimiento-diferentes-formas-vivirlo-la-semana-santa-panama-costa-rica-unica\\\/\"},\"author\":{\"name\":\"Denis Alvarado\",\"@id\":\"https:\\\/\\\/www.visitcentroamerica.com\\\/sala-prensa\\\/#\\\/schema\\\/person\\\/0aa3bd0dbaabaead6089ee3dd0cd7ae5\"},\"headline\":\"Un mismo sentimiento pero diferentes formas de vivirlo; la Semana Santa en Panam\u00e1 y Costa Rica es \u00fanica\",\"datePublished\":\"2019-01-20T07:19:01+00:00\",\"dateModified\":\"2020-06-08T07:49:01+00:00\",\"mainEntityOfPage\":{\"@id\":\"https:\\\/\\\/www.visitcentroamerica.com\\\/sala-prensa\\\/viajar\\\/sentimiento-diferentes-formas-vivirlo-la-semana-santa-panama-costa-rica-unica\\\/\"},\"wordCount\":286,\"commentCount\":0,\"image\":{\"@id\":\"https:\\\/\\\/www.visitcentroamerica.com\\\/sala-prensa\\\/viajar\\\/sentimiento-diferentes-formas-vivirlo-la-semana-santa-panama-costa-rica-unica\\\/#primaryimage\"},\"thumbnailUrl\":\"https:\\\/\\\/www.visitcentroamerica.com\\\/sala-prensa\\\/wp-content\\\/uploads\\\/2019\\\/01\\\/semana-santa-costa-rica-panama-2.jpg\",\"articleSection\":[\"Diversidad Cultural\",\"Fiestas\",\"Gastronom\u00eda\",\"Viajar\"],\"inLanguage\":\"es\",\"potentialAction\":[{\"@type\":\"CommentAction\",\"name\":\"Comment\",\"target\":[\"https:\\\/\\\/www.visitcentroamerica.com\\\/sala-prensa\\\/viajar\\\/sentimiento-diferentes-formas-vivirlo-la-semana-santa-panama-costa-rica-unica\\\/#respond\"]}]},{\"@type\":\"WebPage\",\"@id\":\"https:\\\/\\\/www.visitcentroamerica.com\\\/sala-prensa\\\/viajar\\\/sentimiento-diferentes-formas-vivirlo-la-semana-santa-panama-costa-rica-unica\\\/\",\"url\":\"https:\\\/\\\/www.visitcentroamerica.com\\\/sala-prensa\\\/viajar\\\/sentimiento-diferentes-formas-vivirlo-la-semana-santa-panama-costa-rica-unica\\\/\",\"name\":\"Participa de una Semana Santa diferente en Panam\u00e1 y Costa Rica\",\"isPartOf\":{\"@id\":\"https:\\\/\\\/www.visitcentroamerica.com\\\/sala-prensa\\\/#website\"},\"primaryImageOfPage\":{\"@id\":\"https:\\\/\\\/www.visitcentroamerica.com\\\/sala-prensa\\\/viajar\\\/sentimiento-diferentes-formas-vivirlo-la-semana-santa-panama-costa-rica-unica\\\/#primaryimage\"},\"image\":{\"@id\":\"https:\\\/\\\/www.visitcentroamerica.com\\\/sala-prensa\\\/viajar\\\/sentimiento-diferentes-formas-vivirlo-la-semana-santa-panama-costa-rica-unica\\\/#primaryimage\"},\"thumbnailUrl\":\"https:\\\/\\\/www.visitcentroamerica.com\\\/sala-prensa\\\/wp-content\\\/uploads\\\/2019\\\/01\\\/semana-santa-costa-rica-panama-2.jpg\",\"datePublished\":\"2019-01-20T07:19:01+00:00\",\"dateModified\":\"2020-06-08T07:49:01+00:00\",\"author\":{\"@id\":\"https:\\\/\\\/www.visitcentroamerica.com\\\/sala-prensa\\\/#\\\/schema\\\/person\\\/0aa3bd0dbaabaead6089ee3dd0cd7ae5\"},\"description\":\"Conoce las tradiciones y costumbres que convierten la Semana Santa en Panam\u00e1 y Costa Rica en una experiencia \u00fanica, tanto si eres cat\u00f3lico como si no\",\"breadcrumb\":{\"@id\":\"https:\\\/\\\/www.visitcentroamerica.com\\\/sala-prensa\\\/viajar\\\/sentimiento-diferentes-formas-vivirlo-la-semana-santa-panama-costa-rica-unica\\\/#breadcrumb\"},\"inLanguage\":\"es\",\"potentialAction\":[{\"@type\":\"ReadAction\",\"target\":[\"https:\\\/\\\/www.visitcentroamerica.com\\\/sala-prensa\\\/viajar\\\/sentimiento-diferentes-formas-vivirlo-la-semana-santa-panama-costa-rica-unica\\\/\"]}]},{\"@type\":\"ImageObject\",\"inLanguage\":\"es\",\"@id\":\"https:\\\/\\\/www.visitcentroamerica.com\\\/sala-prensa\\\/viajar\\\/sentimiento-diferentes-formas-vivirlo-la-semana-santa-panama-costa-rica-unica\\\/#primaryimage\",\"url\":\"https:\\\/\\\/www.visitcentroamerica.com\\\/sala-prensa\\\/wp-content\\\/uploads\\\/2019\\\/01\\\/semana-santa-costa-rica-panama-2.jpg\",\"contentUrl\":\"https:\\\/\\\/www.visitcentroamerica.com\\\/sala-prensa\\\/wp-content\\\/uploads\\\/2019\\\/01\\\/semana-santa-costa-rica-panama-2.jpg\",\"width\":376,\"height\":282,\"caption\":\"Semana Santa - Costa Rica y Panam\u00e1 - Centroam\u00e9rica\"},{\"@type\":\"BreadcrumbList\",\"@id\":\"https:\\\/\\\/www.visitcentroamerica.com\\\/sala-prensa\\\/viajar\\\/sentimiento-diferentes-formas-vivirlo-la-semana-santa-panama-costa-rica-unica\\\/#breadcrumb\",\"itemListElement\":[{\"@type\":\"ListItem\",\"position\":1,\"name\":\"Portada\",\"item\":\"https:\\\/\\\/www.visitcentroamerica.com\\\/sala-prensa\\\/\"},{\"@type\":\"ListItem\",\"position\":2,\"name\":\"Un mismo sentimiento pero diferentes formas de vivirlo; la Semana Santa en Panam\u00e1 y Costa Rica es \u00fanica\"}]},{\"@type\":\"WebSite\",\"@id\":\"https:\\\/\\\/www.visitcentroamerica.com\\\/sala-prensa\\\/#website\",\"url\":\"https:\\\/\\\/www.visitcentroamerica.com\\\/sala-prensa\\\/\",\"name\":\"Sala de prensa\",\"description\":\"\",\"potentialAction\":[{\"@type\":\"SearchAction\",\"target\":{\"@type\":\"EntryPoint\",\"urlTemplate\":\"https:\\\/\\\/www.visitcentroamerica.com\\\/sala-prensa\\\/?s={search_term_string}\"},\"query-input\":{\"@type\":\"PropertyValueSpecification\",\"valueRequired\":true,\"valueName\":\"search_term_string\"}}],\"inLanguage\":\"es\"},{\"@type\":\"Person\",\"@id\":\"https:\\\/\\\/www.visitcentroamerica.com\\\/sala-prensa\\\/#\\\/schema\\\/person\\\/0aa3bd0dbaabaead6089ee3dd0cd7ae5\",\"name\":\"Denis Alvarado\",\"image\":{\"@type\":\"ImageObject\",\"inLanguage\":\"es\",\"@id\":\"https:\\\/\\\/secure.gravatar.com\\\/avatar\\\/c31f0697f6edb7c68d5dedc2ccbd548d2a9f73aa293e81c6a1425229ec4c9135?s=96&d=mm&r=g\",\"url\":\"https:\\\/\\\/secure.gravatar.com\\\/avatar\\\/c31f0697f6edb7c68d5dedc2ccbd548d2a9f73aa293e81c6a1425229ec4c9135?s=96&d=mm&r=g\",\"contentUrl\":\"https:\\\/\\\/secure.gravatar.com\\\/avatar\\\/c31f0697f6edb7c68d5dedc2ccbd548d2a9f73aa293e81c6a1425229ec4c9135?s=96&d=mm&r=g\",\"caption\":\"Denis Alvarado\"},\"url\":\"https:\\\/\\\/www.visitcentroamerica.com\\\/sala-prensa\\\/author\\\/denis\\\/\"}]}<\/script>\n<!-- \/ Yoast SEO plugin. -->","yoast_head_json":{"title":"Participa de una Semana Santa diferente en Panam\u00e1 y Costa Rica","description":"Conoce las tradiciones y costumbres que convierten la Semana Santa en Panam\u00e1 y Costa Rica en una experiencia \u00fanica, tanto si eres cat\u00f3lico como si no","robots":{"index":"index","follow":"follow","max-snippet":"max-snippet:-1","max-image-preview":"max-image-preview:large","max-video-preview":"max-video-preview:-1"},"canonical":"https:\/\/www.visitcentroamerica.com\/sala-prensa\/viajar\/sentimiento-diferentes-formas-vivirlo-la-semana-santa-panama-costa-rica-unica\/","og_locale":"es_ES","og_type":"article","og_title":"Participa de una Semana Santa diferente en Panam\u00e1 y Costa Rica","og_description":"Conoce las tradiciones y costumbres que convierten la Semana Santa en Panam\u00e1 y Costa Rica en una experiencia \u00fanica, tanto si eres cat\u00f3lico como si no","og_url":"https:\/\/www.visitcentroamerica.com\/sala-prensa\/viajar\/sentimiento-diferentes-formas-vivirlo-la-semana-santa-panama-costa-rica-unica\/","og_site_name":"Sala de prensa","article_published_time":"2019-01-20T07:19:01+00:00","article_modified_time":"2020-06-08T07:49:01+00:00","og_image":[{"width":376,"height":282,"url":"https:\/\/www.visitcentroamerica.com\/sala-prensa\/wp-content\/uploads\/2019\/01\/semana-santa-costa-rica-panama-2.jpg","type":"image\/jpeg"}],"author":"Denis Alvarado","twitter_card":"summary_large_image","twitter_misc":{"Escrito por":"Denis Alvarado","Tiempo de lectura":"1 minuto"},"schema":{"@context":"https:\/\/schema.org","@graph":[{"@type":"Article","@id":"https:\/\/www.visitcentroamerica.com\/sala-prensa\/viajar\/sentimiento-diferentes-formas-vivirlo-la-semana-santa-panama-costa-rica-unica\/#article","isPartOf":{"@id":"https:\/\/www.visitcentroamerica.com\/sala-prensa\/viajar\/sentimiento-diferentes-formas-vivirlo-la-semana-santa-panama-costa-rica-unica\/"},"author":{"name":"Denis Alvarado","@id":"https:\/\/www.visitcentroamerica.com\/sala-prensa\/#\/schema\/person\/0aa3bd0dbaabaead6089ee3dd0cd7ae5"},"headline":"Un mismo sentimiento pero diferentes formas de vivirlo; la Semana Santa en Panam\u00e1 y Costa Rica es \u00fanica","datePublished":"2019-01-20T07:19:01+00:00","dateModified":"2020-06-08T07:49:01+00:00","mainEntityOfPage":{"@id":"https:\/\/www.visitcentroamerica.com\/sala-prensa\/viajar\/sentimiento-diferentes-formas-vivirlo-la-semana-santa-panama-costa-rica-unica\/"},"wordCount":286,"commentCount":0,"image":{"@id":"https:\/\/www.visitcentroamerica.com\/sala-prensa\/viajar\/sentimiento-diferentes-formas-vivirlo-la-semana-santa-panama-costa-rica-unica\/#primaryimage"},"thumbnailUrl":"https:\/\/www.visitcentroamerica.com\/sala-prensa\/wp-content\/uploads\/2019\/01\/semana-santa-costa-rica-panama-2.jpg","articleSection":["Diversidad Cultural","Fiestas","Gastronom\u00eda","Viajar"],"inLanguage":"es","potentialAction":[{"@type":"CommentAction","name":"Comment","target":["https:\/\/www.visitcentroamerica.com\/sala-prensa\/viajar\/sentimiento-diferentes-formas-vivirlo-la-semana-santa-panama-costa-rica-unica\/#respond"]}]},{"@type":"WebPage","@id":"https:\/\/www.visitcentroamerica.com\/sala-prensa\/viajar\/sentimiento-diferentes-formas-vivirlo-la-semana-santa-panama-costa-rica-unica\/","url":"https:\/\/www.visitcentroamerica.com\/sala-prensa\/viajar\/sentimiento-diferentes-formas-vivirlo-la-semana-santa-panama-costa-rica-unica\/","name":"Participa de una Semana Santa diferente en Panam\u00e1 y Costa Rica","isPartOf":{"@id":"https:\/\/www.visitcentroamerica.com\/sala-prensa\/#website"},"primaryImageOfPage":{"@id":"https:\/\/www.visitcentroamerica.com\/sala-prensa\/viajar\/sentimiento-diferentes-formas-vivirlo-la-semana-santa-panama-costa-rica-unica\/#primaryimage"},"image":{"@id":"https:\/\/www.visitcentroamerica.com\/sala-prensa\/viajar\/sentimiento-diferentes-formas-vivirlo-la-semana-santa-panama-costa-rica-unica\/#primaryimage"},"thumbnailUrl":"https:\/\/www.visitcentroamerica.com\/sala-prensa\/wp-content\/uploads\/2019\/01\/semana-santa-costa-rica-panama-2.jpg","datePublished":"2019-01-20T07:19:01+00:00","dateModified":"2020-06-08T07:49:01+00:00","author":{"@id":"https:\/\/www.visitcentroamerica.com\/sala-prensa\/#\/schema\/person\/0aa3bd0dbaabaead6089ee3dd0cd7ae5"},"description":"Conoce las tradiciones y costumbres que convierten la Semana Santa en Panam\u00e1 y Costa Rica en una experiencia \u00fanica, tanto si eres cat\u00f3lico como si no","breadcrumb":{"@id":"https:\/\/www.visitcentroamerica.com\/sala-prensa\/viajar\/sentimiento-diferentes-formas-vivirlo-la-semana-santa-panama-costa-rica-unica\/#breadcrumb"},"inLanguage":"es","potentialAction":[{"@type":"ReadAction","target":["https:\/\/www.visitcentroamerica.com\/sala-prensa\/viajar\/sentimiento-diferentes-formas-vivirlo-la-semana-santa-panama-costa-rica-unica\/"]}]},{"@type":"ImageObject","inLanguage":"es","@id":"https:\/\/www.visitcentroamerica.com\/sala-prensa\/viajar\/sentimiento-diferentes-formas-vivirlo-la-semana-santa-panama-costa-rica-unica\/#primaryimage","url":"https:\/\/www.visitcentroamerica.com\/sala-prensa\/wp-content\/uploads\/2019\/01\/semana-santa-costa-rica-panama-2.jpg","contentUrl":"https:\/\/www.visitcentroamerica.com\/sala-prensa\/wp-content\/uploads\/2019\/01\/semana-santa-costa-rica-panama-2.jpg","width":376,"height":282,"caption":"Semana Santa - Costa Rica y Panam\u00e1 - Centroam\u00e9rica"},{"@type":"BreadcrumbList","@id":"https:\/\/www.visitcentroamerica.com\/sala-prensa\/viajar\/sentimiento-diferentes-formas-vivirlo-la-semana-santa-panama-costa-rica-unica\/#breadcrumb","itemListElement":[{"@type":"ListItem","position":1,"name":"Portada","item":"https:\/\/www.visitcentroamerica.com\/sala-prensa\/"},{"@type":"ListItem","position":2,"name":"Un mismo sentimiento pero diferentes formas de vivirlo; la Semana Santa en Panam\u00e1 y Costa Rica es \u00fanica"}]},{"@type":"WebSite","@id":"https:\/\/www.visitcentroamerica.com\/sala-prensa\/#website","url":"https:\/\/www.visitcentroamerica.com\/sala-prensa\/","name":"Sala de prensa","description":"","potentialAction":[{"@type":"SearchAction","target":{"@type":"EntryPoint","urlTemplate":"https:\/\/www.visitcentroamerica.com\/sala-prensa\/?s={search_term_string}"},"query-input":{"@type":"PropertyValueSpecification","valueRequired":true,"valueName":"search_term_string"}}],"inLanguage":"es"},{"@type":"Person","@id":"https:\/\/www.visitcentroamerica.com\/sala-prensa\/#\/schema\/person\/0aa3bd0dbaabaead6089ee3dd0cd7ae5","name":"Denis Alvarado","image":{"@type":"ImageObject","inLanguage":"es","@id":"https:\/\/secure.gravatar.com\/avatar\/c31f0697f6edb7c68d5dedc2ccbd548d2a9f73aa293e81c6a1425229ec4c9135?s=96&d=mm&r=g","url":"https:\/\/secure.gravatar.com\/avatar\/c31f0697f6edb7c68d5dedc2ccbd548d2a9f73aa293e81c6a1425229ec4c9135?s=96&d=mm&r=g","contentUrl":"https:\/\/secure.gravatar.com\/avatar\/c31f0697f6edb7c68d5dedc2ccbd548d2a9f73aa293e81c6a1425229ec4c9135?s=96&d=mm&r=g","caption":"Denis Alvarado"},"url":"https:\/\/www.visitcentroamerica.com\/sala-prensa\/author\/denis\/"}]}},"_links":{"self":[{"href":"https:\/\/www.visitcentroamerica.com\/sala-prensa\/wp-json\/wp\/v2\/posts\/7413","targetHints":{"allow":["GET"]}}],"collection":[{"href":"https:\/\/www.visitcentroamerica.com\/sala-prensa\/wp-json\/wp\/v2\/posts"}],"about":[{"href":"https:\/\/www.visitcentroamerica.com\/sala-prensa\/wp-json\/wp\/v2\/types\/post"}],"author":[{"embeddable":true,"href":"https:\/\/www.visitcentroamerica.com\/sala-prensa\/wp-json\/wp\/v2\/users\/5"}],"replies":[{"embeddable":true,"href":"https:\/\/www.visitcentroamerica.com\/sala-prensa\/wp-json\/wp\/v2\/comments?post=7413"}],"version-history":[{"count":2,"href":"https:\/\/www.visitcentroamerica.com\/sala-prensa\/wp-json\/wp\/v2\/posts\/7413\/revisions"}],"predecessor-version":[{"id":9979,"href":"https:\/\/www.visitcentroamerica.com\/sala-prensa\/wp-json\/wp\/v2\/posts\/7413\/revisions\/9979"}],"wp:featuredmedia":[{"embeddable":true,"href":"https:\/\/www.visitcentroamerica.com\/sala-prensa\/wp-json\/wp\/v2\/media\/9772"}],"wp:attachment":[{"href":"https:\/\/www.visitcentroamerica.com\/sala-prensa\/wp-json\/wp\/v2\/media?parent=7413"}],"wp:term":[{"taxonomy":"category","embeddable":true,"href":"https:\/\/www.visitcentroamerica.com\/sala-prensa\/wp-json\/wp\/v2\/categories?post=7413"},{"taxonomy":"post_tag","embeddable":true,"href":"https:\/\/www.visitcentroamerica.com\/sala-prensa\/wp-json\/wp\/v2\/tags?post=7413"}],"curies":[{"name":"wp","href":"https:\/\/api.w.org\/{rel}","templated":true}]}}