{"id":7260,"date":"2018-12-13T12:13:22","date_gmt":"2018-12-13T12:13:22","guid":{"rendered":"http:\/\/www.visitcentroamerica.com\/?p=7260"},"modified":"2020-06-16T10:00:40","modified_gmt":"2020-06-16T10:00:40","slug":"centroamerica-republica-dominicana-viviras-lo-increible","status":"publish","type":"post","link":"https:\/\/www.visitcentroamerica.com\/sala-prensa\/actualidad\/centroamerica-republica-dominicana-viviras-lo-increible\/","title":{"rendered":"\u00a1Y es que en Centroam\u00e9rica y Rep\u00fablica Dominicana\u2026 vivir\u00e1s lo incre\u00edble!"},"content":{"rendered":"<p><strong>Una regi\u00f3n que combina impresionantes paisajes volc\u00e1nicos, playas de primera categor\u00eda, maravillas naturales y escenarios perfectos para actividades al aire libre y aventuras, expresiones culturales inigualables.<\/strong><\/p>\n<p>Con la incorporaci\u00f3n, desde abril del 2018, de la Rep\u00fablica Dominicana como miembro pleno de <strong>CATA<\/strong>, la oferta multidestino regional se enriquece. Desde ahora se podr\u00e1 apreciar esta uni\u00f3n bajo un novedoso prisma, pues sin lugar a dudas, Centroam\u00e9rica y Rep\u00fablica Dominicana, son el engranaje perfecto de at\u00e1vicas tradiciones y expresiones culturales, impresionantes maravillas naturales, pluralidad de vestigios arqueol\u00f3gicos legados por ancestrales civilizaciones, miles de kil\u00f3metros de playas de clase mundial y gente alegre, maravillosa, hospitalaria que siempre har\u00e1 sentir al visitante como en casa.<\/p>\n<p>El mundo est\u00e1 descubri\u00e9ndonos, y por ello el turismo se incrementa hacia nuestra regi\u00f3n. As\u00ed lo evidencian los datos estad\u00edsticos, pues al comparar los indicadores de visitaci\u00f3n tur\u00edstica del 2012 presentados por el Banco Mundial, y los resultados del 2017 publicados por los pa\u00edses miembros de <strong>CATA<\/strong> encontramos que la llegada de turistas tuvo un incremento del 27.52% durante el \u00faltimo lustro.<\/p>\n<p>Estos indicadores son prueba de que, durante el 2017, m\u00e1s de veintitr\u00e9s millones de visitantes visitaron nuestros pa\u00edses. Es decir, un 7.5% m\u00e1s de visitantes en relaci\u00f3n al 2016, se dejaron llevar por el fant\u00e1stico embrujo y el encanto de estos pueblos unidos por una ra\u00edz hist\u00f3rica \u2013 cultural com\u00fan; extraordinarios escenarios naturales en los cuales vivir experiencias inolvidables de aventura extrema, diversi\u00f3n, momentos en familia, viajando en cortas distancias desde lo alto de las monta\u00f1as y a trav\u00e9s de r\u00edos hasta llegar a cualquiera de dos mares que rodean la regi\u00f3n en donde podr\u00e1s experimentar meditaci\u00f3n, romance, una gran variedad gastron\u00f3mica y descanso.<\/p>\n<p>Es tal el inter\u00e9s que la regi\u00f3n despierta en nuestros mercados metas que los vuelos desde Europa hacia Centroam\u00e9rica han aumentado exponencialmente en los \u00faltimos a\u00f1os. Para noviembre del 2018, Avianca inaugurar\u00e1 una nueva ruta con cinco frecuencias semanales entre <strong>El Salvador<\/strong> y M\u00fanich. Air France y KLM incrementar\u00e1n un vuelo m\u00e1s en su ruta entre Europa y San Jos\u00e9 de Costa Rica, para un total de cuatro frecuencias semanales. &nbsp;A esto hay que sumar los vuelos y frecuencias que las l\u00edneas a\u00e9reas europeas tales como: Lufthansa, British Airways, Iberia, Air Europa, entre otras, operan a trav\u00e9s de <strong>Guatemala<\/strong>, <strong>Panam\u00e1<\/strong>, <strong>Honduras<\/strong>, <strong>El Salvador<\/strong> y <strong>Santo Domingo<\/strong>.<\/p>\n<p>Nuestra agencia trabaja en funci\u00f3n de promover a sus pa\u00edses miembros como un multidestino, con una diversidad de ofertas y atractivos de primera categor\u00eda. Para ello, todo est\u00e1 dispuesto para mostrar a trav\u00e9s de una novedosa campa\u00f1a digital dirigida a sus mercados metas, el por qu\u00e9 afirmamos que en Centroam\u00e9rica y Rep\u00fablica Dominicana vivir\u00e1s lo incre\u00edble&#8230; vosotros deb\u00e9is descubrirnos.<\/p>\n<p>Madrid, Espa\u00f1a, 06 de septiembre del 2018.<\/p>\n","protected":false},"excerpt":{"rendered":"<p>Una regi\u00f3n que combina impresionantes paisajes volc\u00e1nicos, playas de primera categor\u00eda, maravillas naturales y escenarios perfectos para actividades al aire libre y aventuras, expresiones culturales inigualables. Con la incorporaci\u00f3n, desde abril del 2018, de la Rep\u00fablica Dominicana como miembro pleno de CATA, la oferta multidestino regional se enriquece. Desde ahora se podr\u00e1 apreciar esta uni\u00f3n [&hellip;]<\/p>\n","protected":false},"author":5,"featured_media":10168,"comment_status":"open","ping_status":"closed","sticky":false,"template":"","format":"standard","meta":{"footnotes":""},"categories":[3,13,5,8,9,12,10,11,7,14,4],"tags":[],"class_list":{"0":"post-7260","1":"post","2":"type-post","3":"status-publish","4":"format-standard","5":"has-post-thumbnail","7":"category-actualidad","8":"category-belice","9":"category-comunicados-de-prensa","10":"category-costa-rica","11":"category-el-salvador","12":"category-guatemala","13":"category-honduras","14":"category-nicaragua","15":"category-panama","16":"category-republica-dominicana","17":"category-sica"},"yoast_head":"<!-- This site is optimized with the Yoast SEO plugin v27.3 - https:\/\/yoast.com\/product\/yoast-seo-wordpress\/ -->\n<title>\u00a1Y es que en Centroam\u00e9rica y Rep\u00fablica Dominicana\u2026 vivir\u00e1s lo incre\u00edble!<\/title>\n<meta name=\"description\" content=\"Una regi\u00f3n que combina impresionantes paisajes volc\u00e1nicos, playas de primera categor\u00eda, maravillas naturales y escenarios perfectos para aventuras\" \/>\n<meta name=\"robots\" content=\"index, follow, max-snippet:-1, max-image-preview:large, max-video-preview:-1\" \/>\n<link rel=\"canonical\" href=\"https:\/\/www.visitcentroamerica.com\/sala-prensa\/actualidad\/centroamerica-republica-dominicana-viviras-lo-increible\/\" \/>\n<meta property=\"og:locale\" content=\"es_ES\" \/>\n<meta property=\"og:type\" content=\"article\" \/>\n<meta property=\"og:title\" content=\"\u00a1Y es que en Centroam\u00e9rica y Rep\u00fablica Dominicana\u2026 vivir\u00e1s lo incre\u00edble!\" \/>\n<meta property=\"og:description\" content=\"Una regi\u00f3n que combina impresionantes paisajes volc\u00e1nicos, playas de primera categor\u00eda, maravillas naturales y escenarios perfectos para aventuras\" \/>\n<meta property=\"og:url\" content=\"https:\/\/www.visitcentroamerica.com\/sala-prensa\/actualidad\/centroamerica-republica-dominicana-viviras-lo-increible\/\" \/>\n<meta property=\"og:site_name\" content=\"Sala de prensa\" \/>\n<meta property=\"article:published_time\" content=\"2018-12-13T12:13:22+00:00\" \/>\n<meta property=\"article:modified_time\" content=\"2020-06-16T10:00:40+00:00\" \/>\n<meta property=\"og:image\" content=\"https:\/\/www.visitcentroamerica.com\/sala-prensa\/wp-content\/uploads\/2018\/12\/jaragua-bahoruco-enriquillo-republica-dominicana-1.jpg\" \/>\n\t<meta property=\"og:image:width\" content=\"600\" \/>\n\t<meta property=\"og:image:height\" content=\"600\" \/>\n\t<meta property=\"og:image:type\" content=\"image\/jpeg\" \/>\n<meta name=\"author\" content=\"Denis Alvarado\" \/>\n<meta name=\"twitter:card\" content=\"summary_large_image\" \/>\n<meta name=\"twitter:label1\" content=\"Escrito por\" \/>\n\t<meta name=\"twitter:data1\" content=\"Denis Alvarado\" \/>\n\t<meta name=\"twitter:label2\" content=\"Tiempo de lectura\" \/>\n\t<meta name=\"twitter:data2\" content=\"2 minutos\" \/>\n<script type=\"application\/ld+json\" class=\"yoast-schema-graph\">{\"@context\":\"https:\\\/\\\/schema.org\",\"@graph\":[{\"@type\":\"Article\",\"@id\":\"https:\\\/\\\/www.visitcentroamerica.com\\\/sala-prensa\\\/actualidad\\\/centroamerica-republica-dominicana-viviras-lo-increible\\\/#article\",\"isPartOf\":{\"@id\":\"https:\\\/\\\/www.visitcentroamerica.com\\\/sala-prensa\\\/actualidad\\\/centroamerica-republica-dominicana-viviras-lo-increible\\\/\"},\"author\":{\"name\":\"Denis Alvarado\",\"@id\":\"https:\\\/\\\/www.visitcentroamerica.com\\\/sala-prensa\\\/#\\\/schema\\\/person\\\/0aa3bd0dbaabaead6089ee3dd0cd7ae5\"},\"headline\":\"\u00a1Y es que en Centroam\u00e9rica y Rep\u00fablica Dominicana\u2026 vivir\u00e1s lo incre\u00edble!\",\"datePublished\":\"2018-12-13T12:13:22+00:00\",\"dateModified\":\"2020-06-16T10:00:40+00:00\",\"mainEntityOfPage\":{\"@id\":\"https:\\\/\\\/www.visitcentroamerica.com\\\/sala-prensa\\\/actualidad\\\/centroamerica-republica-dominicana-viviras-lo-increible\\\/\"},\"wordCount\":509,\"commentCount\":0,\"image\":{\"@id\":\"https:\\\/\\\/www.visitcentroamerica.com\\\/sala-prensa\\\/actualidad\\\/centroamerica-republica-dominicana-viviras-lo-increible\\\/#primaryimage\"},\"thumbnailUrl\":\"https:\\\/\\\/www.visitcentroamerica.com\\\/sala-prensa\\\/wp-content\\\/uploads\\\/2018\\\/12\\\/jaragua-bahoruco-enriquillo-republica-dominicana-1.jpg\",\"articleSection\":[\"Actualidad\",\"Belice\",\"Comunicados de Prensa\",\"Costa Rica\",\"El Salvador\",\"Guatemala\",\"Honduras\",\"Nicaragua\",\"Panam\u00e1\",\"Rep\u00fablica Dominicana\",\"SICA\"],\"inLanguage\":\"es\",\"potentialAction\":[{\"@type\":\"CommentAction\",\"name\":\"Comment\",\"target\":[\"https:\\\/\\\/www.visitcentroamerica.com\\\/sala-prensa\\\/actualidad\\\/centroamerica-republica-dominicana-viviras-lo-increible\\\/#respond\"]}]},{\"@type\":\"WebPage\",\"@id\":\"https:\\\/\\\/www.visitcentroamerica.com\\\/sala-prensa\\\/actualidad\\\/centroamerica-republica-dominicana-viviras-lo-increible\\\/\",\"url\":\"https:\\\/\\\/www.visitcentroamerica.com\\\/sala-prensa\\\/actualidad\\\/centroamerica-republica-dominicana-viviras-lo-increible\\\/\",\"name\":\"\u00a1Y es que en Centroam\u00e9rica y Rep\u00fablica Dominicana\u2026 vivir\u00e1s lo incre\u00edble!\",\"isPartOf\":{\"@id\":\"https:\\\/\\\/www.visitcentroamerica.com\\\/sala-prensa\\\/#website\"},\"primaryImageOfPage\":{\"@id\":\"https:\\\/\\\/www.visitcentroamerica.com\\\/sala-prensa\\\/actualidad\\\/centroamerica-republica-dominicana-viviras-lo-increible\\\/#primaryimage\"},\"image\":{\"@id\":\"https:\\\/\\\/www.visitcentroamerica.com\\\/sala-prensa\\\/actualidad\\\/centroamerica-republica-dominicana-viviras-lo-increible\\\/#primaryimage\"},\"thumbnailUrl\":\"https:\\\/\\\/www.visitcentroamerica.com\\\/sala-prensa\\\/wp-content\\\/uploads\\\/2018\\\/12\\\/jaragua-bahoruco-enriquillo-republica-dominicana-1.jpg\",\"datePublished\":\"2018-12-13T12:13:22+00:00\",\"dateModified\":\"2020-06-16T10:00:40+00:00\",\"author\":{\"@id\":\"https:\\\/\\\/www.visitcentroamerica.com\\\/sala-prensa\\\/#\\\/schema\\\/person\\\/0aa3bd0dbaabaead6089ee3dd0cd7ae5\"},\"description\":\"Una regi\u00f3n que combina impresionantes paisajes volc\u00e1nicos, playas de primera categor\u00eda, maravillas naturales y escenarios perfectos para aventuras\",\"breadcrumb\":{\"@id\":\"https:\\\/\\\/www.visitcentroamerica.com\\\/sala-prensa\\\/actualidad\\\/centroamerica-republica-dominicana-viviras-lo-increible\\\/#breadcrumb\"},\"inLanguage\":\"es\",\"potentialAction\":[{\"@type\":\"ReadAction\",\"target\":[\"https:\\\/\\\/www.visitcentroamerica.com\\\/sala-prensa\\\/actualidad\\\/centroamerica-republica-dominicana-viviras-lo-increible\\\/\"]}]},{\"@type\":\"ImageObject\",\"inLanguage\":\"es\",\"@id\":\"https:\\\/\\\/www.visitcentroamerica.com\\\/sala-prensa\\\/actualidad\\\/centroamerica-republica-dominicana-viviras-lo-increible\\\/#primaryimage\",\"url\":\"https:\\\/\\\/www.visitcentroamerica.com\\\/sala-prensa\\\/wp-content\\\/uploads\\\/2018\\\/12\\\/jaragua-bahoruco-enriquillo-republica-dominicana-1.jpg\",\"contentUrl\":\"https:\\\/\\\/www.visitcentroamerica.com\\\/sala-prensa\\\/wp-content\\\/uploads\\\/2018\\\/12\\\/jaragua-bahoruco-enriquillo-republica-dominicana-1.jpg\",\"width\":600,\"height\":600,\"caption\":\"La Reserva de Biosfera Jaragua-Bahoruco-Enriquillo - Rep\u00fablica Dominicana - Centroam\u00e9rica\"},{\"@type\":\"BreadcrumbList\",\"@id\":\"https:\\\/\\\/www.visitcentroamerica.com\\\/sala-prensa\\\/actualidad\\\/centroamerica-republica-dominicana-viviras-lo-increible\\\/#breadcrumb\",\"itemListElement\":[{\"@type\":\"ListItem\",\"position\":1,\"name\":\"Portada\",\"item\":\"https:\\\/\\\/www.visitcentroamerica.com\\\/sala-prensa\\\/\"},{\"@type\":\"ListItem\",\"position\":2,\"name\":\"\u00a1Y es que en Centroam\u00e9rica y Rep\u00fablica Dominicana\u2026 vivir\u00e1s lo incre\u00edble!\"}]},{\"@type\":\"WebSite\",\"@id\":\"https:\\\/\\\/www.visitcentroamerica.com\\\/sala-prensa\\\/#website\",\"url\":\"https:\\\/\\\/www.visitcentroamerica.com\\\/sala-prensa\\\/\",\"name\":\"Sala de prensa\",\"description\":\"\",\"potentialAction\":[{\"@type\":\"SearchAction\",\"target\":{\"@type\":\"EntryPoint\",\"urlTemplate\":\"https:\\\/\\\/www.visitcentroamerica.com\\\/sala-prensa\\\/?s={search_term_string}\"},\"query-input\":{\"@type\":\"PropertyValueSpecification\",\"valueRequired\":true,\"valueName\":\"search_term_string\"}}],\"inLanguage\":\"es\"},{\"@type\":\"Person\",\"@id\":\"https:\\\/\\\/www.visitcentroamerica.com\\\/sala-prensa\\\/#\\\/schema\\\/person\\\/0aa3bd0dbaabaead6089ee3dd0cd7ae5\",\"name\":\"Denis Alvarado\",\"image\":{\"@type\":\"ImageObject\",\"inLanguage\":\"es\",\"@id\":\"https:\\\/\\\/secure.gravatar.com\\\/avatar\\\/c31f0697f6edb7c68d5dedc2ccbd548d2a9f73aa293e81c6a1425229ec4c9135?s=96&d=mm&r=g\",\"url\":\"https:\\\/\\\/secure.gravatar.com\\\/avatar\\\/c31f0697f6edb7c68d5dedc2ccbd548d2a9f73aa293e81c6a1425229ec4c9135?s=96&d=mm&r=g\",\"contentUrl\":\"https:\\\/\\\/secure.gravatar.com\\\/avatar\\\/c31f0697f6edb7c68d5dedc2ccbd548d2a9f73aa293e81c6a1425229ec4c9135?s=96&d=mm&r=g\",\"caption\":\"Denis Alvarado\"},\"url\":\"https:\\\/\\\/www.visitcentroamerica.com\\\/sala-prensa\\\/author\\\/denis\\\/\"}]}<\/script>\n<!-- \/ Yoast SEO plugin. -->","yoast_head_json":{"title":"\u00a1Y es que en Centroam\u00e9rica y Rep\u00fablica Dominicana\u2026 vivir\u00e1s lo incre\u00edble!","description":"Una regi\u00f3n que combina impresionantes paisajes volc\u00e1nicos, playas de primera categor\u00eda, maravillas naturales y escenarios perfectos para aventuras","robots":{"index":"index","follow":"follow","max-snippet":"max-snippet:-1","max-image-preview":"max-image-preview:large","max-video-preview":"max-video-preview:-1"},"canonical":"https:\/\/www.visitcentroamerica.com\/sala-prensa\/actualidad\/centroamerica-republica-dominicana-viviras-lo-increible\/","og_locale":"es_ES","og_type":"article","og_title":"\u00a1Y es que en Centroam\u00e9rica y Rep\u00fablica Dominicana\u2026 vivir\u00e1s lo incre\u00edble!","og_description":"Una regi\u00f3n que combina impresionantes paisajes volc\u00e1nicos, playas de primera categor\u00eda, maravillas naturales y escenarios perfectos para aventuras","og_url":"https:\/\/www.visitcentroamerica.com\/sala-prensa\/actualidad\/centroamerica-republica-dominicana-viviras-lo-increible\/","og_site_name":"Sala de prensa","article_published_time":"2018-12-13T12:13:22+00:00","article_modified_time":"2020-06-16T10:00:40+00:00","og_image":[{"width":600,"height":600,"url":"https:\/\/www.visitcentroamerica.com\/sala-prensa\/wp-content\/uploads\/2018\/12\/jaragua-bahoruco-enriquillo-republica-dominicana-1.jpg","type":"image\/jpeg"}],"author":"Denis Alvarado","twitter_card":"summary_large_image","twitter_misc":{"Escrito por":"Denis Alvarado","Tiempo de lectura":"2 minutos"},"schema":{"@context":"https:\/\/schema.org","@graph":[{"@type":"Article","@id":"https:\/\/www.visitcentroamerica.com\/sala-prensa\/actualidad\/centroamerica-republica-dominicana-viviras-lo-increible\/#article","isPartOf":{"@id":"https:\/\/www.visitcentroamerica.com\/sala-prensa\/actualidad\/centroamerica-republica-dominicana-viviras-lo-increible\/"},"author":{"name":"Denis Alvarado","@id":"https:\/\/www.visitcentroamerica.com\/sala-prensa\/#\/schema\/person\/0aa3bd0dbaabaead6089ee3dd0cd7ae5"},"headline":"\u00a1Y es que en Centroam\u00e9rica y Rep\u00fablica Dominicana\u2026 vivir\u00e1s lo incre\u00edble!","datePublished":"2018-12-13T12:13:22+00:00","dateModified":"2020-06-16T10:00:40+00:00","mainEntityOfPage":{"@id":"https:\/\/www.visitcentroamerica.com\/sala-prensa\/actualidad\/centroamerica-republica-dominicana-viviras-lo-increible\/"},"wordCount":509,"commentCount":0,"image":{"@id":"https:\/\/www.visitcentroamerica.com\/sala-prensa\/actualidad\/centroamerica-republica-dominicana-viviras-lo-increible\/#primaryimage"},"thumbnailUrl":"https:\/\/www.visitcentroamerica.com\/sala-prensa\/wp-content\/uploads\/2018\/12\/jaragua-bahoruco-enriquillo-republica-dominicana-1.jpg","articleSection":["Actualidad","Belice","Comunicados de Prensa","Costa Rica","El Salvador","Guatemala","Honduras","Nicaragua","Panam\u00e1","Rep\u00fablica Dominicana","SICA"],"inLanguage":"es","potentialAction":[{"@type":"CommentAction","name":"Comment","target":["https:\/\/www.visitcentroamerica.com\/sala-prensa\/actualidad\/centroamerica-republica-dominicana-viviras-lo-increible\/#respond"]}]},{"@type":"WebPage","@id":"https:\/\/www.visitcentroamerica.com\/sala-prensa\/actualidad\/centroamerica-republica-dominicana-viviras-lo-increible\/","url":"https:\/\/www.visitcentroamerica.com\/sala-prensa\/actualidad\/centroamerica-republica-dominicana-viviras-lo-increible\/","name":"\u00a1Y es que en Centroam\u00e9rica y Rep\u00fablica Dominicana\u2026 vivir\u00e1s lo incre\u00edble!","isPartOf":{"@id":"https:\/\/www.visitcentroamerica.com\/sala-prensa\/#website"},"primaryImageOfPage":{"@id":"https:\/\/www.visitcentroamerica.com\/sala-prensa\/actualidad\/centroamerica-republica-dominicana-viviras-lo-increible\/#primaryimage"},"image":{"@id":"https:\/\/www.visitcentroamerica.com\/sala-prensa\/actualidad\/centroamerica-republica-dominicana-viviras-lo-increible\/#primaryimage"},"thumbnailUrl":"https:\/\/www.visitcentroamerica.com\/sala-prensa\/wp-content\/uploads\/2018\/12\/jaragua-bahoruco-enriquillo-republica-dominicana-1.jpg","datePublished":"2018-12-13T12:13:22+00:00","dateModified":"2020-06-16T10:00:40+00:00","author":{"@id":"https:\/\/www.visitcentroamerica.com\/sala-prensa\/#\/schema\/person\/0aa3bd0dbaabaead6089ee3dd0cd7ae5"},"description":"Una regi\u00f3n que combina impresionantes paisajes volc\u00e1nicos, playas de primera categor\u00eda, maravillas naturales y escenarios perfectos para aventuras","breadcrumb":{"@id":"https:\/\/www.visitcentroamerica.com\/sala-prensa\/actualidad\/centroamerica-republica-dominicana-viviras-lo-increible\/#breadcrumb"},"inLanguage":"es","potentialAction":[{"@type":"ReadAction","target":["https:\/\/www.visitcentroamerica.com\/sala-prensa\/actualidad\/centroamerica-republica-dominicana-viviras-lo-increible\/"]}]},{"@type":"ImageObject","inLanguage":"es","@id":"https:\/\/www.visitcentroamerica.com\/sala-prensa\/actualidad\/centroamerica-republica-dominicana-viviras-lo-increible\/#primaryimage","url":"https:\/\/www.visitcentroamerica.com\/sala-prensa\/wp-content\/uploads\/2018\/12\/jaragua-bahoruco-enriquillo-republica-dominicana-1.jpg","contentUrl":"https:\/\/www.visitcentroamerica.com\/sala-prensa\/wp-content\/uploads\/2018\/12\/jaragua-bahoruco-enriquillo-republica-dominicana-1.jpg","width":600,"height":600,"caption":"La Reserva de Biosfera Jaragua-Bahoruco-Enriquillo - Rep\u00fablica Dominicana - Centroam\u00e9rica"},{"@type":"BreadcrumbList","@id":"https:\/\/www.visitcentroamerica.com\/sala-prensa\/actualidad\/centroamerica-republica-dominicana-viviras-lo-increible\/#breadcrumb","itemListElement":[{"@type":"ListItem","position":1,"name":"Portada","item":"https:\/\/www.visitcentroamerica.com\/sala-prensa\/"},{"@type":"ListItem","position":2,"name":"\u00a1Y es que en Centroam\u00e9rica y Rep\u00fablica Dominicana\u2026 vivir\u00e1s lo incre\u00edble!"}]},{"@type":"WebSite","@id":"https:\/\/www.visitcentroamerica.com\/sala-prensa\/#website","url":"https:\/\/www.visitcentroamerica.com\/sala-prensa\/","name":"Sala de prensa","description":"","potentialAction":[{"@type":"SearchAction","target":{"@type":"EntryPoint","urlTemplate":"https:\/\/www.visitcentroamerica.com\/sala-prensa\/?s={search_term_string}"},"query-input":{"@type":"PropertyValueSpecification","valueRequired":true,"valueName":"search_term_string"}}],"inLanguage":"es"},{"@type":"Person","@id":"https:\/\/www.visitcentroamerica.com\/sala-prensa\/#\/schema\/person\/0aa3bd0dbaabaead6089ee3dd0cd7ae5","name":"Denis Alvarado","image":{"@type":"ImageObject","inLanguage":"es","@id":"https:\/\/secure.gravatar.com\/avatar\/c31f0697f6edb7c68d5dedc2ccbd548d2a9f73aa293e81c6a1425229ec4c9135?s=96&d=mm&r=g","url":"https:\/\/secure.gravatar.com\/avatar\/c31f0697f6edb7c68d5dedc2ccbd548d2a9f73aa293e81c6a1425229ec4c9135?s=96&d=mm&r=g","contentUrl":"https:\/\/secure.gravatar.com\/avatar\/c31f0697f6edb7c68d5dedc2ccbd548d2a9f73aa293e81c6a1425229ec4c9135?s=96&d=mm&r=g","caption":"Denis Alvarado"},"url":"https:\/\/www.visitcentroamerica.com\/sala-prensa\/author\/denis\/"}]}},"_links":{"self":[{"href":"https:\/\/www.visitcentroamerica.com\/sala-prensa\/wp-json\/wp\/v2\/posts\/7260","targetHints":{"allow":["GET"]}}],"collection":[{"href":"https:\/\/www.visitcentroamerica.com\/sala-prensa\/wp-json\/wp\/v2\/posts"}],"about":[{"href":"https:\/\/www.visitcentroamerica.com\/sala-prensa\/wp-json\/wp\/v2\/types\/post"}],"author":[{"embeddable":true,"href":"https:\/\/www.visitcentroamerica.com\/sala-prensa\/wp-json\/wp\/v2\/users\/5"}],"replies":[{"embeddable":true,"href":"https:\/\/www.visitcentroamerica.com\/sala-prensa\/wp-json\/wp\/v2\/comments?post=7260"}],"version-history":[{"count":3,"href":"https:\/\/www.visitcentroamerica.com\/sala-prensa\/wp-json\/wp\/v2\/posts\/7260\/revisions"}],"predecessor-version":[{"id":10170,"href":"https:\/\/www.visitcentroamerica.com\/sala-prensa\/wp-json\/wp\/v2\/posts\/7260\/revisions\/10170"}],"wp:featuredmedia":[{"embeddable":true,"href":"https:\/\/www.visitcentroamerica.com\/sala-prensa\/wp-json\/wp\/v2\/media\/10168"}],"wp:attachment":[{"href":"https:\/\/www.visitcentroamerica.com\/sala-prensa\/wp-json\/wp\/v2\/media?parent=7260"}],"wp:term":[{"taxonomy":"category","embeddable":true,"href":"https:\/\/www.visitcentroamerica.com\/sala-prensa\/wp-json\/wp\/v2\/categories?post=7260"},{"taxonomy":"post_tag","embeddable":true,"href":"https:\/\/www.visitcentroamerica.com\/sala-prensa\/wp-json\/wp\/v2\/tags?post=7260"}],"curies":[{"name":"wp","href":"https:\/\/api.w.org\/{rel}","templated":true}]}}