{"id":7248,"date":"2018-12-10T10:03:21","date_gmt":"2018-12-10T10:03:21","guid":{"rendered":"http:\/\/www.visitcentroamerica.com\/?p=7248"},"modified":"2020-06-16T10:05:49","modified_gmt":"2020-06-16T10:05:49","slug":"centroamerica-republica-dominicana-multidestino-boga","status":"publish","type":"post","link":"https:\/\/www.visitcentroamerica.com\/sala-prensa\/actualidad\/centroamerica-republica-dominicana-multidestino-boga\/","title":{"rendered":"Centroam\u00e9rica y Rep\u00fablica Dominicana, multidestino en boga"},"content":{"rendered":"<div class=\"wpb-content-wrapper\"><div id=\"tdi_1\" class=\"tdc-row\"><div class=\"vc_row tdi_2  wpb_row td-pb-row\" >\n<style scoped>\n\/* custom css - generated by TagDiv Composer *\/\n\n\/* custom css - generated by TagDiv Composer *\/\n.tdi_2,\r\n                .tdi_2 .tdc-columns{\r\n                    min-height: 0;\r\n                }.tdi_2,\r\n\t\t\t\t.tdi_2 .tdc-columns{\r\n\t\t\t\t    display: block;\r\n\t\t\t\t}.tdi_2 .tdc-columns{\r\n\t\t\t\t    width: 100%;\r\n\t\t\t\t}.tdi_2:before,\r\n\t\t\t\t.tdi_2:after{\r\n\t\t\t\t    display: table;\r\n\t\t\t\t}\n<\/style><div class=\"vc_column tdi_4  wpb_column vc_column_container tdc-column td-pb-span12\">\n<style scoped>\n\/* custom css - generated by TagDiv Composer *\/\n\n\/* custom css - generated by TagDiv Composer *\/\n.tdi_4{\r\n                    vertical-align: baseline;\r\n                }.tdi_4 > .wpb_wrapper,\r\n\t\t\t\t.tdi_4 > .wpb_wrapper > .tdc-elements{\r\n\t\t\t\t    display: block;\r\n\t\t\t\t}.tdi_4 > .wpb_wrapper > .tdc-elements{\r\n\t\t\t\t    width: 100%;\r\n\t\t\t\t}.tdi_4 > .wpb_wrapper > .vc_row_inner{\r\n\t\t\t\t    width: auto;\r\n\t\t\t\t}.tdi_4 > .wpb_wrapper{\r\n\t\t\t\t    width: auto;\r\n\t\t\t\t    height: auto;\r\n\t\t\t\t}\n<\/style><div class=\"wpb_wrapper\" >[vc_column_text]<strong>El incremento de visitantes durante el primer trimestre del 2018, las frecuencias de vuelos y aperturas de nuevas rutas entre Europa y la regi\u00f3n SICA, as\u00ed como las importantes inversiones para mejorar la infraestructura tur\u00edstica y oferta son claros indicadores de los espacios ganados por nuestro multidestino en los principales mercados europeos.<\/strong>[\/vc_column_text]<\/div><\/div><\/div><\/div><div id=\"tdi_5\" class=\"tdc-row\"><div class=\"vc_row tdi_6  wpb_row td-pb-row\" >\n<style scoped>\n\/* custom css - generated by TagDiv Composer *\/\n\n\/* custom css - generated by TagDiv Composer *\/\n.tdi_6,\r\n                .tdi_6 .tdc-columns{\r\n                    min-height: 0;\r\n                }.tdi_6,\r\n\t\t\t\t.tdi_6 .tdc-columns{\r\n\t\t\t\t    display: block;\r\n\t\t\t\t}.tdi_6 .tdc-columns{\r\n\t\t\t\t    width: 100%;\r\n\t\t\t\t}.tdi_6:before,\r\n\t\t\t\t.tdi_6:after{\r\n\t\t\t\t    display: table;\r\n\t\t\t\t}\n<\/style><div class=\"vc_column tdi_8  wpb_column vc_column_container tdc-column td-pb-span12\">\n<style scoped>\n\/* custom css - generated by TagDiv Composer *\/\n\n\/* custom css - generated by TagDiv Composer *\/\n.tdi_8{\r\n                    vertical-align: baseline;\r\n                }.tdi_8 > .wpb_wrapper,\r\n\t\t\t\t.tdi_8 > .wpb_wrapper > .tdc-elements{\r\n\t\t\t\t    display: block;\r\n\t\t\t\t}.tdi_8 > .wpb_wrapper > .tdc-elements{\r\n\t\t\t\t    width: 100%;\r\n\t\t\t\t}.tdi_8 > .wpb_wrapper > .vc_row_inner{\r\n\t\t\t\t    width: auto;\r\n\t\t\t\t}.tdi_8 > .wpb_wrapper{\r\n\t\t\t\t    width: auto;\r\n\t\t\t\t    height: auto;\r\n\t\t\t\t}\n<\/style><div class=\"wpb_wrapper\" >[vc_column_text]<\/p>\n<p><strong>El Salvador apuesta por el turismo sostenible:<br \/>\n<\/strong>Conforme a las declaraciones del ministro de turismo de El Salvador, Sr. Jos\u00e9 Napole\u00f3n Duarte, el pa\u00eds contin\u00faa desarrollando proyectos de infraestructura tur\u00edstica y ejecutando importantes acciones de promoci\u00f3n del destino El Salvador a nivel regional e internacional.<br \/>\nEl pa\u00eds viene avanzando de forma sostenida y apostando por un desarrollo tur\u00edstico sostenible. En t\u00e9rminos de infraestructura destacan la construcci\u00f3n de hoteles en el Parque Nacional Cerro Verde, el mejoramiento del Puerto El Triunfo y la construcci\u00f3n del Parque Ecotur\u00edstico en Jiquilisco. Por otro lado, se han incrementado la llegada de cruceros y el flujo de visitantes internacionales que ha aumentado en un 12%.<\/p>\n<p><strong>Costa Rica busca posicionarse como destino MICE:<\/strong><br \/>\nCosta Rica, bajo el liderazgo de la nueva ministra de turismo Sra. Mar\u00eda Amalia Revelo, ha implementado un nuevo plan para acrecentar el turismo en el pa\u00eds a trav\u00e9s de la promoci\u00f3n de la peque\u00f1a empresa y proyectar a Costa Rica como un destino MICE.<br \/>\nLa llegada de m\u00e1s de dos millones de turistas al a\u00f1o, permite a Costa Rica ejecutar estrategias colaborativas entre el sector p\u00fablico y privado, las cuales afianzan proyectos de desarrollo y creaci\u00f3n de nuevos productos, tales como la oferta de planes culturales y gastron\u00f3micos.<br \/>\nCosta Rica, ha logrado certificar en sostenibilidad tur\u00edstica a diversos actores tur\u00edsticos entre los que se cuenta m\u00e1s de 390 hoteles, operadores, prestadores de servicios, entre otros.<\/p>\n<p><strong>Belice logra poner a salvo el segundo arrecife m\u00e1s importante del planeta:<\/strong><br \/>\nEl trabajo desarrollado por Belice para la protecci\u00f3n de la zona mar\u00edtima y explotaci\u00f3n petrolera ha contribuido para que su barrera de coral haya sido removida el pasado mes de junio de la lista de patrimonios de la UNESCO en peligro. Este gran logro beneficia directamente a Honduras, Guatemala y M\u00e9xico quienes comparten el segundo arrecife m\u00e1s grande del planeta.<br \/>\nEn t\u00e9rminos de crecimiento de visitantes, Belice no se queda atr\u00e1s para el primer semestre del 2018 el n\u00famero de visitas aument\u00f3 en un 17.1% en relaci\u00f3n al 2017. Parte de este incremento obedece a la llegada de cruceristas en este per\u00edodo.<\/p>\n<p><strong>Rep\u00fablica Dominicana entre los tops 5 destinos de turismo de salud:<\/strong><br \/>\nLa Asociaci\u00f3n Dominicana de Turismo de Salud, a trav\u00e9s de su presidente Sr. Alejandro Cambiaso, ha informado que la Rep\u00fablica Dominicana ocupa el quinto lugar entre los pa\u00edses con mayor potencialidad de desarrollo de este tipo de turismo.<br \/>\nVale destacar que Rep\u00fablica Dominicana, miembro pleno de CATA desde abril del 2018, presenta un incremento del 5.9% en llegadas de turistas en lo que va del 2018 en comparaci\u00f3n con el 2017.<\/p>\n<p><strong>Honduras invierte en infraestructura tur\u00edstica:<\/strong><br \/>\nDe acuerdo con el Instituto Hondure\u00f1o de Turismo, en lo que va del 2018 se han invertido 350 millones de d\u00f3lares para construir obras del sector tur\u00edstico, las cuales han contribuido con la generaci\u00f3n de empleos, aumento de la oferta y mejoramiento de los productos tur\u00edsticos para el visitante.<br \/>\nActualmente se construye en San Pedro Sula un hotel de alta categor\u00eda, y en Roat\u00e1n un muelle de cruceros. Roat\u00e1n es parte del archipi\u00e9lago Islas de la Bah\u00eda donde se encuentran parte de las playas m\u00e1s paradisiacas de Centroam\u00e9rica.<\/p>\n<p><strong>Panam\u00e1 contin\u00faa desarrollando su Plan de Desarrollo Tur\u00edstico Sostenible:<\/strong><br \/>\nPanam\u00e1 contin\u00faa impulsando su Plan de Desarrollo Tur\u00edstico Sostenible para mejorar la capacidad institucional a nivel nacional y regional. Uno de los proyectos que se desarrollan dentro de este contexto de sostenibilidad tur\u00edstica es la creaci\u00f3n del circuito del caf\u00e9 de Chiriqu\u00ed como oferta tur\u00edstica que la ATP lleva a cabo con el Ministerio del Ambiente del pa\u00eds canalero y la Fundaci\u00f3n del Centro de Competitividad de la Regi\u00f3n Occidental. La oferta se espera est\u00e9 lista para su puesta en mercado para finales del 2018.<br \/>\nPanam\u00e1 espera que el aumento de la afluencia tur\u00edstica obtenida durante el 2017 se mantenga durante este a\u00f1o.<\/p>\n<p><strong>Frecuencias a\u00e9reas entre Europa y Centroam\u00e9rica aumentan en este 2018 y auguran el crecimiento de visitantes:<\/strong><\/p>\n<p>El incremento de la oferta de vuelos por parte de Iberia a Panam\u00e1, El Salvador, Guatemala y Costa Rica ha aumentado la afluencia de viajeros provenientes de Europa.<br \/>\nLufthansa tambi\u00e9n ha aumentado a 6 frecuencias semanales desde Frankfurt a Centroam\u00e9rica a trav\u00e9s de Panam\u00e1, y San Jos\u00e9; ciudades desde donde se operan conexiones hacia las diferentes capitales centroamericanas y Santo Domingo.<br \/>\nAerol\u00edneas como KLM y Air France contin\u00faan operando sus vuelos regulares a Panam\u00e1 y Costa Rica, permitiendo al viajero europeo contar con diferentes alternativas para visitar la regi\u00f3n y conocer los 8 pa\u00edses que la componen a trav\u00e9s de los diversos circuitos multidestino que ofrecen los operadores tur\u00edsticos. [\/vc_column_text]<\/div><\/div><\/div><\/div>\n<\/div>","protected":false},"excerpt":{"rendered":"[vc_column_text]El incremento de visitantes durante el primer trimestre del 2018, las frecuencias de vuelos y aperturas de nuevas rutas entre Europa y la regi\u00f3n SICA, as\u00ed como las importantes inversiones para mejorar la infraestructura tur\u00edstica y oferta son claros indicadores de los espacios ganados por nuestro multidestino en los principales mercados europeos.[\/vc_column_text] [vc_column_text] El Salvador [...]","protected":false},"author":5,"featured_media":10171,"comment_status":"open","ping_status":"closed","sticky":false,"template":"","format":"standard","meta":{"footnotes":""},"categories":[3,13,8,9,12,10,11,7,14,4],"tags":[],"class_list":{"0":"post-7248","1":"post","2":"type-post","3":"status-publish","4":"format-standard","5":"has-post-thumbnail","7":"category-actualidad","8":"category-belice","9":"category-costa-rica","10":"category-el-salvador","11":"category-guatemala","12":"category-honduras","13":"category-nicaragua","14":"category-panama","15":"category-republica-dominicana","16":"category-sica"},"yoast_head":"<!-- This site is optimized with the Yoast SEO plugin v27.3 - https:\/\/yoast.com\/product\/yoast-seo-wordpress\/ -->\n<title>Centroam\u00e9rica y Rep\u00fablica Dominicana, multidestino en boga<\/title>\n<meta name=\"description\" content=\"Centroam\u00e9rica y Rep\u00fablica Dominicana, multidestino en boga. El pa\u00eds viene avanzando de forma sostenida y apostando por un desarrollo tur\u00edstico sostenible\" \/>\n<meta name=\"robots\" content=\"index, follow, max-snippet:-1, max-image-preview:large, max-video-preview:-1\" \/>\n<link rel=\"canonical\" href=\"https:\/\/www.visitcentroamerica.com\/sala-prensa\/actualidad\/centroamerica-republica-dominicana-multidestino-boga\/\" \/>\n<meta property=\"og:locale\" content=\"es_ES\" \/>\n<meta property=\"og:type\" content=\"article\" \/>\n<meta property=\"og:title\" content=\"Centroam\u00e9rica y Rep\u00fablica Dominicana, multidestino en boga\" \/>\n<meta property=\"og:description\" content=\"Centroam\u00e9rica y Rep\u00fablica Dominicana, multidestino en boga. El pa\u00eds viene avanzando de forma sostenida y apostando por un desarrollo tur\u00edstico sostenible\" \/>\n<meta property=\"og:url\" content=\"https:\/\/www.visitcentroamerica.com\/sala-prensa\/actualidad\/centroamerica-republica-dominicana-multidestino-boga\/\" \/>\n<meta property=\"og:site_name\" content=\"Sala de prensa\" \/>\n<meta property=\"article:published_time\" content=\"2018-12-10T10:03:21+00:00\" \/>\n<meta property=\"article:modified_time\" content=\"2020-06-16T10:05:49+00:00\" \/>\n<meta property=\"og:image\" content=\"https:\/\/www.visitcentroamerica.com\/sala-prensa\/wp-content\/uploads\/2018\/12\/bahia-jiquilisco.jpg\" \/>\n\t<meta property=\"og:image:width\" content=\"600\" \/>\n\t<meta property=\"og:image:height\" content=\"600\" \/>\n\t<meta property=\"og:image:type\" content=\"image\/jpeg\" \/>\n<meta name=\"author\" content=\"Denis Alvarado\" \/>\n<meta name=\"twitter:card\" content=\"summary_large_image\" \/>\n<meta name=\"twitter:label1\" content=\"Escrito por\" \/>\n\t<meta name=\"twitter:data1\" content=\"Denis Alvarado\" \/>\n\t<meta name=\"twitter:label2\" content=\"Tiempo de lectura\" \/>\n\t<meta name=\"twitter:data2\" content=\"5 minutos\" \/>\n<script type=\"application\/ld+json\" class=\"yoast-schema-graph\">{\"@context\":\"https:\\\/\\\/schema.org\",\"@graph\":[{\"@type\":\"Article\",\"@id\":\"https:\\\/\\\/www.visitcentroamerica.com\\\/sala-prensa\\\/actualidad\\\/centroamerica-republica-dominicana-multidestino-boga\\\/#article\",\"isPartOf\":{\"@id\":\"https:\\\/\\\/www.visitcentroamerica.com\\\/sala-prensa\\\/actualidad\\\/centroamerica-republica-dominicana-multidestino-boga\\\/\"},\"author\":{\"name\":\"Denis Alvarado\",\"@id\":\"https:\\\/\\\/www.visitcentroamerica.com\\\/sala-prensa\\\/#\\\/schema\\\/person\\\/0aa3bd0dbaabaead6089ee3dd0cd7ae5\"},\"headline\":\"Centroam\u00e9rica y Rep\u00fablica Dominicana, multidestino en boga\",\"datePublished\":\"2018-12-10T10:03:21+00:00\",\"dateModified\":\"2020-06-16T10:05:49+00:00\",\"mainEntityOfPage\":{\"@id\":\"https:\\\/\\\/www.visitcentroamerica.com\\\/sala-prensa\\\/actualidad\\\/centroamerica-republica-dominicana-multidestino-boga\\\/\"},\"wordCount\":910,\"commentCount\":0,\"image\":{\"@id\":\"https:\\\/\\\/www.visitcentroamerica.com\\\/sala-prensa\\\/actualidad\\\/centroamerica-republica-dominicana-multidestino-boga\\\/#primaryimage\"},\"thumbnailUrl\":\"https:\\\/\\\/www.visitcentroamerica.com\\\/sala-prensa\\\/wp-content\\\/uploads\\\/2018\\\/12\\\/bahia-jiquilisco.jpg\",\"articleSection\":[\"Actualidad\",\"Belice\",\"Costa Rica\",\"El Salvador\",\"Guatemala\",\"Honduras\",\"Nicaragua\",\"Panam\u00e1\",\"Rep\u00fablica Dominicana\",\"SICA\"],\"inLanguage\":\"es\",\"potentialAction\":[{\"@type\":\"CommentAction\",\"name\":\"Comment\",\"target\":[\"https:\\\/\\\/www.visitcentroamerica.com\\\/sala-prensa\\\/actualidad\\\/centroamerica-republica-dominicana-multidestino-boga\\\/#respond\"]}]},{\"@type\":\"WebPage\",\"@id\":\"https:\\\/\\\/www.visitcentroamerica.com\\\/sala-prensa\\\/actualidad\\\/centroamerica-republica-dominicana-multidestino-boga\\\/\",\"url\":\"https:\\\/\\\/www.visitcentroamerica.com\\\/sala-prensa\\\/actualidad\\\/centroamerica-republica-dominicana-multidestino-boga\\\/\",\"name\":\"Centroam\u00e9rica y Rep\u00fablica Dominicana, multidestino en boga\",\"isPartOf\":{\"@id\":\"https:\\\/\\\/www.visitcentroamerica.com\\\/sala-prensa\\\/#website\"},\"primaryImageOfPage\":{\"@id\":\"https:\\\/\\\/www.visitcentroamerica.com\\\/sala-prensa\\\/actualidad\\\/centroamerica-republica-dominicana-multidestino-boga\\\/#primaryimage\"},\"image\":{\"@id\":\"https:\\\/\\\/www.visitcentroamerica.com\\\/sala-prensa\\\/actualidad\\\/centroamerica-republica-dominicana-multidestino-boga\\\/#primaryimage\"},\"thumbnailUrl\":\"https:\\\/\\\/www.visitcentroamerica.com\\\/sala-prensa\\\/wp-content\\\/uploads\\\/2018\\\/12\\\/bahia-jiquilisco.jpg\",\"datePublished\":\"2018-12-10T10:03:21+00:00\",\"dateModified\":\"2020-06-16T10:05:49+00:00\",\"author\":{\"@id\":\"https:\\\/\\\/www.visitcentroamerica.com\\\/sala-prensa\\\/#\\\/schema\\\/person\\\/0aa3bd0dbaabaead6089ee3dd0cd7ae5\"},\"description\":\"Centroam\u00e9rica y Rep\u00fablica Dominicana, multidestino en boga. El pa\u00eds viene avanzando de forma sostenida y apostando por un desarrollo tur\u00edstico sostenible\",\"breadcrumb\":{\"@id\":\"https:\\\/\\\/www.visitcentroamerica.com\\\/sala-prensa\\\/actualidad\\\/centroamerica-republica-dominicana-multidestino-boga\\\/#breadcrumb\"},\"inLanguage\":\"es\",\"potentialAction\":[{\"@type\":\"ReadAction\",\"target\":[\"https:\\\/\\\/www.visitcentroamerica.com\\\/sala-prensa\\\/actualidad\\\/centroamerica-republica-dominicana-multidestino-boga\\\/\"]}]},{\"@type\":\"ImageObject\",\"inLanguage\":\"es\",\"@id\":\"https:\\\/\\\/www.visitcentroamerica.com\\\/sala-prensa\\\/actualidad\\\/centroamerica-republica-dominicana-multidestino-boga\\\/#primaryimage\",\"url\":\"https:\\\/\\\/www.visitcentroamerica.com\\\/sala-prensa\\\/wp-content\\\/uploads\\\/2018\\\/12\\\/bahia-jiquilisco.jpg\",\"contentUrl\":\"https:\\\/\\\/www.visitcentroamerica.com\\\/sala-prensa\\\/wp-content\\\/uploads\\\/2018\\\/12\\\/bahia-jiquilisco.jpg\",\"width\":600,\"height\":600,\"caption\":\"Bah\u00eda de Jiquilisco - El Salvador - Centroam\u00e9rica\"},{\"@type\":\"BreadcrumbList\",\"@id\":\"https:\\\/\\\/www.visitcentroamerica.com\\\/sala-prensa\\\/actualidad\\\/centroamerica-republica-dominicana-multidestino-boga\\\/#breadcrumb\",\"itemListElement\":[{\"@type\":\"ListItem\",\"position\":1,\"name\":\"Portada\",\"item\":\"https:\\\/\\\/www.visitcentroamerica.com\\\/sala-prensa\\\/\"},{\"@type\":\"ListItem\",\"position\":2,\"name\":\"Centroam\u00e9rica y Rep\u00fablica Dominicana, multidestino en boga\"}]},{\"@type\":\"WebSite\",\"@id\":\"https:\\\/\\\/www.visitcentroamerica.com\\\/sala-prensa\\\/#website\",\"url\":\"https:\\\/\\\/www.visitcentroamerica.com\\\/sala-prensa\\\/\",\"name\":\"Sala de prensa\",\"description\":\"\",\"potentialAction\":[{\"@type\":\"SearchAction\",\"target\":{\"@type\":\"EntryPoint\",\"urlTemplate\":\"https:\\\/\\\/www.visitcentroamerica.com\\\/sala-prensa\\\/?s={search_term_string}\"},\"query-input\":{\"@type\":\"PropertyValueSpecification\",\"valueRequired\":true,\"valueName\":\"search_term_string\"}}],\"inLanguage\":\"es\"},{\"@type\":\"Person\",\"@id\":\"https:\\\/\\\/www.visitcentroamerica.com\\\/sala-prensa\\\/#\\\/schema\\\/person\\\/0aa3bd0dbaabaead6089ee3dd0cd7ae5\",\"name\":\"Denis Alvarado\",\"image\":{\"@type\":\"ImageObject\",\"inLanguage\":\"es\",\"@id\":\"https:\\\/\\\/secure.gravatar.com\\\/avatar\\\/c31f0697f6edb7c68d5dedc2ccbd548d2a9f73aa293e81c6a1425229ec4c9135?s=96&d=mm&r=g\",\"url\":\"https:\\\/\\\/secure.gravatar.com\\\/avatar\\\/c31f0697f6edb7c68d5dedc2ccbd548d2a9f73aa293e81c6a1425229ec4c9135?s=96&d=mm&r=g\",\"contentUrl\":\"https:\\\/\\\/secure.gravatar.com\\\/avatar\\\/c31f0697f6edb7c68d5dedc2ccbd548d2a9f73aa293e81c6a1425229ec4c9135?s=96&d=mm&r=g\",\"caption\":\"Denis Alvarado\"},\"url\":\"https:\\\/\\\/www.visitcentroamerica.com\\\/sala-prensa\\\/author\\\/denis\\\/\"}]}<\/script>\n<!-- \/ Yoast SEO plugin. -->","yoast_head_json":{"title":"Centroam\u00e9rica y Rep\u00fablica Dominicana, multidestino en boga","description":"Centroam\u00e9rica y Rep\u00fablica Dominicana, multidestino en boga. El pa\u00eds viene avanzando de forma sostenida y apostando por un desarrollo tur\u00edstico sostenible","robots":{"index":"index","follow":"follow","max-snippet":"max-snippet:-1","max-image-preview":"max-image-preview:large","max-video-preview":"max-video-preview:-1"},"canonical":"https:\/\/www.visitcentroamerica.com\/sala-prensa\/actualidad\/centroamerica-republica-dominicana-multidestino-boga\/","og_locale":"es_ES","og_type":"article","og_title":"Centroam\u00e9rica y Rep\u00fablica Dominicana, multidestino en boga","og_description":"Centroam\u00e9rica y Rep\u00fablica Dominicana, multidestino en boga. El pa\u00eds viene avanzando de forma sostenida y apostando por un desarrollo tur\u00edstico sostenible","og_url":"https:\/\/www.visitcentroamerica.com\/sala-prensa\/actualidad\/centroamerica-republica-dominicana-multidestino-boga\/","og_site_name":"Sala de prensa","article_published_time":"2018-12-10T10:03:21+00:00","article_modified_time":"2020-06-16T10:05:49+00:00","og_image":[{"width":600,"height":600,"url":"https:\/\/www.visitcentroamerica.com\/sala-prensa\/wp-content\/uploads\/2018\/12\/bahia-jiquilisco.jpg","type":"image\/jpeg"}],"author":"Denis Alvarado","twitter_card":"summary_large_image","twitter_misc":{"Escrito por":"Denis Alvarado","Tiempo de lectura":"5 minutos"},"schema":{"@context":"https:\/\/schema.org","@graph":[{"@type":"Article","@id":"https:\/\/www.visitcentroamerica.com\/sala-prensa\/actualidad\/centroamerica-republica-dominicana-multidestino-boga\/#article","isPartOf":{"@id":"https:\/\/www.visitcentroamerica.com\/sala-prensa\/actualidad\/centroamerica-republica-dominicana-multidestino-boga\/"},"author":{"name":"Denis Alvarado","@id":"https:\/\/www.visitcentroamerica.com\/sala-prensa\/#\/schema\/person\/0aa3bd0dbaabaead6089ee3dd0cd7ae5"},"headline":"Centroam\u00e9rica y Rep\u00fablica Dominicana, multidestino en boga","datePublished":"2018-12-10T10:03:21+00:00","dateModified":"2020-06-16T10:05:49+00:00","mainEntityOfPage":{"@id":"https:\/\/www.visitcentroamerica.com\/sala-prensa\/actualidad\/centroamerica-republica-dominicana-multidestino-boga\/"},"wordCount":910,"commentCount":0,"image":{"@id":"https:\/\/www.visitcentroamerica.com\/sala-prensa\/actualidad\/centroamerica-republica-dominicana-multidestino-boga\/#primaryimage"},"thumbnailUrl":"https:\/\/www.visitcentroamerica.com\/sala-prensa\/wp-content\/uploads\/2018\/12\/bahia-jiquilisco.jpg","articleSection":["Actualidad","Belice","Costa Rica","El Salvador","Guatemala","Honduras","Nicaragua","Panam\u00e1","Rep\u00fablica Dominicana","SICA"],"inLanguage":"es","potentialAction":[{"@type":"CommentAction","name":"Comment","target":["https:\/\/www.visitcentroamerica.com\/sala-prensa\/actualidad\/centroamerica-republica-dominicana-multidestino-boga\/#respond"]}]},{"@type":"WebPage","@id":"https:\/\/www.visitcentroamerica.com\/sala-prensa\/actualidad\/centroamerica-republica-dominicana-multidestino-boga\/","url":"https:\/\/www.visitcentroamerica.com\/sala-prensa\/actualidad\/centroamerica-republica-dominicana-multidestino-boga\/","name":"Centroam\u00e9rica y Rep\u00fablica Dominicana, multidestino en boga","isPartOf":{"@id":"https:\/\/www.visitcentroamerica.com\/sala-prensa\/#website"},"primaryImageOfPage":{"@id":"https:\/\/www.visitcentroamerica.com\/sala-prensa\/actualidad\/centroamerica-republica-dominicana-multidestino-boga\/#primaryimage"},"image":{"@id":"https:\/\/www.visitcentroamerica.com\/sala-prensa\/actualidad\/centroamerica-republica-dominicana-multidestino-boga\/#primaryimage"},"thumbnailUrl":"https:\/\/www.visitcentroamerica.com\/sala-prensa\/wp-content\/uploads\/2018\/12\/bahia-jiquilisco.jpg","datePublished":"2018-12-10T10:03:21+00:00","dateModified":"2020-06-16T10:05:49+00:00","author":{"@id":"https:\/\/www.visitcentroamerica.com\/sala-prensa\/#\/schema\/person\/0aa3bd0dbaabaead6089ee3dd0cd7ae5"},"description":"Centroam\u00e9rica y Rep\u00fablica Dominicana, multidestino en boga. El pa\u00eds viene avanzando de forma sostenida y apostando por un desarrollo tur\u00edstico sostenible","breadcrumb":{"@id":"https:\/\/www.visitcentroamerica.com\/sala-prensa\/actualidad\/centroamerica-republica-dominicana-multidestino-boga\/#breadcrumb"},"inLanguage":"es","potentialAction":[{"@type":"ReadAction","target":["https:\/\/www.visitcentroamerica.com\/sala-prensa\/actualidad\/centroamerica-republica-dominicana-multidestino-boga\/"]}]},{"@type":"ImageObject","inLanguage":"es","@id":"https:\/\/www.visitcentroamerica.com\/sala-prensa\/actualidad\/centroamerica-republica-dominicana-multidestino-boga\/#primaryimage","url":"https:\/\/www.visitcentroamerica.com\/sala-prensa\/wp-content\/uploads\/2018\/12\/bahia-jiquilisco.jpg","contentUrl":"https:\/\/www.visitcentroamerica.com\/sala-prensa\/wp-content\/uploads\/2018\/12\/bahia-jiquilisco.jpg","width":600,"height":600,"caption":"Bah\u00eda de Jiquilisco - El Salvador - Centroam\u00e9rica"},{"@type":"BreadcrumbList","@id":"https:\/\/www.visitcentroamerica.com\/sala-prensa\/actualidad\/centroamerica-republica-dominicana-multidestino-boga\/#breadcrumb","itemListElement":[{"@type":"ListItem","position":1,"name":"Portada","item":"https:\/\/www.visitcentroamerica.com\/sala-prensa\/"},{"@type":"ListItem","position":2,"name":"Centroam\u00e9rica y Rep\u00fablica Dominicana, multidestino en boga"}]},{"@type":"WebSite","@id":"https:\/\/www.visitcentroamerica.com\/sala-prensa\/#website","url":"https:\/\/www.visitcentroamerica.com\/sala-prensa\/","name":"Sala de prensa","description":"","potentialAction":[{"@type":"SearchAction","target":{"@type":"EntryPoint","urlTemplate":"https:\/\/www.visitcentroamerica.com\/sala-prensa\/?s={search_term_string}"},"query-input":{"@type":"PropertyValueSpecification","valueRequired":true,"valueName":"search_term_string"}}],"inLanguage":"es"},{"@type":"Person","@id":"https:\/\/www.visitcentroamerica.com\/sala-prensa\/#\/schema\/person\/0aa3bd0dbaabaead6089ee3dd0cd7ae5","name":"Denis Alvarado","image":{"@type":"ImageObject","inLanguage":"es","@id":"https:\/\/secure.gravatar.com\/avatar\/c31f0697f6edb7c68d5dedc2ccbd548d2a9f73aa293e81c6a1425229ec4c9135?s=96&d=mm&r=g","url":"https:\/\/secure.gravatar.com\/avatar\/c31f0697f6edb7c68d5dedc2ccbd548d2a9f73aa293e81c6a1425229ec4c9135?s=96&d=mm&r=g","contentUrl":"https:\/\/secure.gravatar.com\/avatar\/c31f0697f6edb7c68d5dedc2ccbd548d2a9f73aa293e81c6a1425229ec4c9135?s=96&d=mm&r=g","caption":"Denis Alvarado"},"url":"https:\/\/www.visitcentroamerica.com\/sala-prensa\/author\/denis\/"}]}},"_links":{"self":[{"href":"https:\/\/www.visitcentroamerica.com\/sala-prensa\/wp-json\/wp\/v2\/posts\/7248","targetHints":{"allow":["GET"]}}],"collection":[{"href":"https:\/\/www.visitcentroamerica.com\/sala-prensa\/wp-json\/wp\/v2\/posts"}],"about":[{"href":"https:\/\/www.visitcentroamerica.com\/sala-prensa\/wp-json\/wp\/v2\/types\/post"}],"author":[{"embeddable":true,"href":"https:\/\/www.visitcentroamerica.com\/sala-prensa\/wp-json\/wp\/v2\/users\/5"}],"replies":[{"embeddable":true,"href":"https:\/\/www.visitcentroamerica.com\/sala-prensa\/wp-json\/wp\/v2\/comments?post=7248"}],"version-history":[{"count":3,"href":"https:\/\/www.visitcentroamerica.com\/sala-prensa\/wp-json\/wp\/v2\/posts\/7248\/revisions"}],"predecessor-version":[{"id":9996,"href":"https:\/\/www.visitcentroamerica.com\/sala-prensa\/wp-json\/wp\/v2\/posts\/7248\/revisions\/9996"}],"wp:featuredmedia":[{"embeddable":true,"href":"https:\/\/www.visitcentroamerica.com\/sala-prensa\/wp-json\/wp\/v2\/media\/10171"}],"wp:attachment":[{"href":"https:\/\/www.visitcentroamerica.com\/sala-prensa\/wp-json\/wp\/v2\/media?parent=7248"}],"wp:term":[{"taxonomy":"category","embeddable":true,"href":"https:\/\/www.visitcentroamerica.com\/sala-prensa\/wp-json\/wp\/v2\/categories?post=7248"},{"taxonomy":"post_tag","embeddable":true,"href":"https:\/\/www.visitcentroamerica.com\/sala-prensa\/wp-json\/wp\/v2\/tags?post=7248"}],"curies":[{"name":"wp","href":"https:\/\/api.w.org\/{rel}","templated":true}]}}