{"id":7102,"date":"2018-11-16T11:00:46","date_gmt":"2018-11-16T11:00:46","guid":{"rendered":"http:\/\/www.visitcentroamerica.com\/?p=7102"},"modified":"2020-06-08T08:32:13","modified_gmt":"2020-06-08T08:32:13","slug":"no-autentico-foddie-no-probado-estos-cafes","status":"publish","type":"post","link":"https:\/\/www.visitcentroamerica.com\/sala-prensa\/viajar\/no-autentico-foddie-no-probado-estos-cafes\/","title":{"rendered":"No eres un aut\u00e9ntico foddie si no has probado estos caf\u00e9s"},"content":{"rendered":"<p>Centroam\u00e9rica es la cuna del caf\u00e9 <strong>gourmet<\/strong> para sibaritas. Degusta\u00a0un grano de alta gama en un <strong>restaurante<\/strong> en Nicaragua o conoce una variedad ex\u00f3tica en una <strong>cafeter\u00eda<\/strong> dominicana. \u00a1Ap\u00fantate a este viaje de aroma intenso!<\/p>\n<p><strong>Aut\u00e9ntica f\u00e1brica del caf\u00e9 premium<\/strong><br \/>\nEl clima subtropical y los suelos f\u00e9rtiles del\u00a0<strong>Gullon Jug Estate <\/strong>avivan el cultivo de la variedad <strong>Ar\u00e1bica fina<\/strong>. Los bosques de Belice muestran sus credenciales para arropar semillas de un sabor m\u00e1s potente y con m\u00e1s nutrientes que anta\u00f1o.<\/p>\n<p><strong>Prueba el tesoro nicarag\u00fcense en cualquier restaurante<\/strong><br \/>\nSi existe una ciudad que desprende olor a caf\u00e9 es<strong> Estel\u00ed<\/strong>. Su clima fresco se considera propicio para el crecimiento de los cafetos. Es una de las paradas en la ruta del caf\u00e9 en <strong>Nicaragua<\/strong>, donde saborear\u00e1s una alta acidez.<\/p>\n<p><strong>Sabor dulce en una cafeter\u00eda dominicana<\/strong><br \/>\nLa regi\u00f3n cafetalera de<strong> Valdesia\u00a0<\/strong>supone la sede de un caf\u00e9 que crece bajo sombra natural. Estos granos de la Rep\u00fablica Dominicana contienen notas arom\u00e1ticas a chocolate y nueces. Mientras, el <strong>Valle de Tarraz\u00fa<\/strong> (Costa Rica) es la tierra del grano duro de sabor fresco. Sus suelos volc\u00e1nicos propician ese aroma penetrante.<\/p>\n<p>Como ves, Centroam\u00e9rica es una aut\u00e9ntica<strong>\u00a0f\u00e1brica<\/strong> de caf\u00e9 <strong>gourmet<\/strong>. Incluso puedes deleitarte con este producto de \u00e9lite sobre ruedas, al m\u00e1s puro estilo<em> <strong>food<\/strong> truck<\/em>. Profundiza en el atractivo de este alimento en <a href=\"http:\/\/visitcentroamerica.com\"><strong>nuestra web<\/strong><\/a>.<\/p>\n<p>Conocer\u00e1s otras rutas \u00fanicas donde se cultiva este placer.<\/p>\n","protected":false},"excerpt":{"rendered":"<p>Centroam\u00e9rica es la cuna del caf\u00e9 gourmet para sibaritas. Degusta\u00a0un grano de alta gama en un restaurante en Nicaragua o conoce una variedad ex\u00f3tica en una cafeter\u00eda dominicana. \u00a1Ap\u00fantate a este viaje de aroma intenso! Aut\u00e9ntica f\u00e1brica del caf\u00e9 premium El clima subtropical y los suelos f\u00e9rtiles del\u00a0Gullon Jug Estate avivan el cultivo de la [&hellip;]<\/p>\n","protected":false},"author":5,"featured_media":9835,"comment_status":"open","ping_status":"closed","sticky":false,"template":"","format":"standard","meta":{"footnotes":""},"categories":[26,30,39,25],"tags":[],"class_list":{"0":"post-7102","1":"post","2":"type-post","3":"status-publish","4":"format-standard","5":"has-post-thumbnail","7":"category-agroturismo","8":"category-diversidad-cultural","9":"category-gastronomia","10":"category-viajar"},"yoast_head":"<!-- This site is optimized with the Yoast SEO plugin v27.3 - https:\/\/yoast.com\/product\/yoast-seo-wordpress\/ -->\n<title>Centroam\u00e9rica, la cuna del caf\u00e9 gourmet para paladares sibaritas<\/title>\n<meta name=\"description\" content=\"Los bosques de Gullon Jug Estate, el clima fresco de Estel\u00ed o los suelos volc\u00e1nicos de Terraz\u00fa generan sabrosas variedades de caf\u00e9 gourmet en Centroam\u00e9rica\" \/>\n<meta name=\"robots\" content=\"index, follow, max-snippet:-1, max-image-preview:large, max-video-preview:-1\" \/>\n<link rel=\"canonical\" href=\"https:\/\/www.visitcentroamerica.com\/sala-prensa\/viajar\/no-autentico-foddie-no-probado-estos-cafes\/\" \/>\n<meta property=\"og:locale\" content=\"es_ES\" \/>\n<meta property=\"og:type\" content=\"article\" \/>\n<meta property=\"og:title\" content=\"Centroam\u00e9rica, la cuna del caf\u00e9 gourmet para paladares sibaritas\" \/>\n<meta property=\"og:description\" content=\"Los bosques de Gullon Jug Estate, el clima fresco de Estel\u00ed o los suelos volc\u00e1nicos de Terraz\u00fa generan sabrosas variedades de caf\u00e9 gourmet en Centroam\u00e9rica\" \/>\n<meta property=\"og:url\" content=\"https:\/\/www.visitcentroamerica.com\/sala-prensa\/viajar\/no-autentico-foddie-no-probado-estos-cafes\/\" \/>\n<meta property=\"og:site_name\" content=\"Sala de prensa\" \/>\n<meta property=\"article:published_time\" content=\"2018-11-16T11:00:46+00:00\" \/>\n<meta property=\"article:modified_time\" content=\"2020-06-08T08:32:13+00:00\" \/>\n<meta property=\"og:image\" content=\"https:\/\/www.visitcentroamerica.com\/sala-prensa\/wp-content\/uploads\/2018\/11\/cafe-centroamerica.jpg\" \/>\n\t<meta property=\"og:image:width\" content=\"376\" \/>\n\t<meta property=\"og:image:height\" content=\"282\" \/>\n\t<meta property=\"og:image:type\" content=\"image\/jpeg\" \/>\n<meta name=\"author\" content=\"Denis Alvarado\" \/>\n<meta name=\"twitter:card\" content=\"summary_large_image\" \/>\n<meta name=\"twitter:label1\" content=\"Escrito por\" \/>\n\t<meta name=\"twitter:data1\" content=\"Denis Alvarado\" \/>\n\t<meta name=\"twitter:label2\" content=\"Tiempo de lectura\" \/>\n\t<meta name=\"twitter:data2\" content=\"1 minuto\" \/>\n<script type=\"application\/ld+json\" class=\"yoast-schema-graph\">{\"@context\":\"https:\\\/\\\/schema.org\",\"@graph\":[{\"@type\":\"Article\",\"@id\":\"https:\\\/\\\/www.visitcentroamerica.com\\\/sala-prensa\\\/viajar\\\/no-autentico-foddie-no-probado-estos-cafes\\\/#article\",\"isPartOf\":{\"@id\":\"https:\\\/\\\/www.visitcentroamerica.com\\\/sala-prensa\\\/viajar\\\/no-autentico-foddie-no-probado-estos-cafes\\\/\"},\"author\":{\"name\":\"Denis Alvarado\",\"@id\":\"https:\\\/\\\/www.visitcentroamerica.com\\\/sala-prensa\\\/#\\\/schema\\\/person\\\/0aa3bd0dbaabaead6089ee3dd0cd7ae5\"},\"headline\":\"No eres un aut\u00e9ntico foddie si no has probado estos caf\u00e9s\",\"datePublished\":\"2018-11-16T11:00:46+00:00\",\"dateModified\":\"2020-06-08T08:32:13+00:00\",\"mainEntityOfPage\":{\"@id\":\"https:\\\/\\\/www.visitcentroamerica.com\\\/sala-prensa\\\/viajar\\\/no-autentico-foddie-no-probado-estos-cafes\\\/\"},\"wordCount\":267,\"commentCount\":0,\"image\":{\"@id\":\"https:\\\/\\\/www.visitcentroamerica.com\\\/sala-prensa\\\/viajar\\\/no-autentico-foddie-no-probado-estos-cafes\\\/#primaryimage\"},\"thumbnailUrl\":\"https:\\\/\\\/www.visitcentroamerica.com\\\/sala-prensa\\\/wp-content\\\/uploads\\\/2018\\\/11\\\/cafe-centroamerica.jpg\",\"articleSection\":[\"Agroturismo\",\"Diversidad Cultural\",\"Gastronom\u00eda\",\"Viajar\"],\"inLanguage\":\"es\",\"potentialAction\":[{\"@type\":\"CommentAction\",\"name\":\"Comment\",\"target\":[\"https:\\\/\\\/www.visitcentroamerica.com\\\/sala-prensa\\\/viajar\\\/no-autentico-foddie-no-probado-estos-cafes\\\/#respond\"]}]},{\"@type\":\"WebPage\",\"@id\":\"https:\\\/\\\/www.visitcentroamerica.com\\\/sala-prensa\\\/viajar\\\/no-autentico-foddie-no-probado-estos-cafes\\\/\",\"url\":\"https:\\\/\\\/www.visitcentroamerica.com\\\/sala-prensa\\\/viajar\\\/no-autentico-foddie-no-probado-estos-cafes\\\/\",\"name\":\"Centroam\u00e9rica, la cuna del caf\u00e9 gourmet para paladares sibaritas\",\"isPartOf\":{\"@id\":\"https:\\\/\\\/www.visitcentroamerica.com\\\/sala-prensa\\\/#website\"},\"primaryImageOfPage\":{\"@id\":\"https:\\\/\\\/www.visitcentroamerica.com\\\/sala-prensa\\\/viajar\\\/no-autentico-foddie-no-probado-estos-cafes\\\/#primaryimage\"},\"image\":{\"@id\":\"https:\\\/\\\/www.visitcentroamerica.com\\\/sala-prensa\\\/viajar\\\/no-autentico-foddie-no-probado-estos-cafes\\\/#primaryimage\"},\"thumbnailUrl\":\"https:\\\/\\\/www.visitcentroamerica.com\\\/sala-prensa\\\/wp-content\\\/uploads\\\/2018\\\/11\\\/cafe-centroamerica.jpg\",\"datePublished\":\"2018-11-16T11:00:46+00:00\",\"dateModified\":\"2020-06-08T08:32:13+00:00\",\"author\":{\"@id\":\"https:\\\/\\\/www.visitcentroamerica.com\\\/sala-prensa\\\/#\\\/schema\\\/person\\\/0aa3bd0dbaabaead6089ee3dd0cd7ae5\"},\"description\":\"Los bosques de Gullon Jug Estate, el clima fresco de Estel\u00ed o los suelos volc\u00e1nicos de Terraz\u00fa generan sabrosas variedades de caf\u00e9 gourmet en Centroam\u00e9rica\",\"breadcrumb\":{\"@id\":\"https:\\\/\\\/www.visitcentroamerica.com\\\/sala-prensa\\\/viajar\\\/no-autentico-foddie-no-probado-estos-cafes\\\/#breadcrumb\"},\"inLanguage\":\"es\",\"potentialAction\":[{\"@type\":\"ReadAction\",\"target\":[\"https:\\\/\\\/www.visitcentroamerica.com\\\/sala-prensa\\\/viajar\\\/no-autentico-foddie-no-probado-estos-cafes\\\/\"]}]},{\"@type\":\"ImageObject\",\"inLanguage\":\"es\",\"@id\":\"https:\\\/\\\/www.visitcentroamerica.com\\\/sala-prensa\\\/viajar\\\/no-autentico-foddie-no-probado-estos-cafes\\\/#primaryimage\",\"url\":\"https:\\\/\\\/www.visitcentroamerica.com\\\/sala-prensa\\\/wp-content\\\/uploads\\\/2018\\\/11\\\/cafe-centroamerica.jpg\",\"contentUrl\":\"https:\\\/\\\/www.visitcentroamerica.com\\\/sala-prensa\\\/wp-content\\\/uploads\\\/2018\\\/11\\\/cafe-centroamerica.jpg\",\"width\":376,\"height\":282,\"caption\":\"Caf\u00e9 en Centroam\u00e9rica - Centroam\u00e9rica\"},{\"@type\":\"BreadcrumbList\",\"@id\":\"https:\\\/\\\/www.visitcentroamerica.com\\\/sala-prensa\\\/viajar\\\/no-autentico-foddie-no-probado-estos-cafes\\\/#breadcrumb\",\"itemListElement\":[{\"@type\":\"ListItem\",\"position\":1,\"name\":\"Portada\",\"item\":\"https:\\\/\\\/www.visitcentroamerica.com\\\/sala-prensa\\\/\"},{\"@type\":\"ListItem\",\"position\":2,\"name\":\"No eres un aut\u00e9ntico foddie si no has probado estos caf\u00e9s\"}]},{\"@type\":\"WebSite\",\"@id\":\"https:\\\/\\\/www.visitcentroamerica.com\\\/sala-prensa\\\/#website\",\"url\":\"https:\\\/\\\/www.visitcentroamerica.com\\\/sala-prensa\\\/\",\"name\":\"Sala de prensa\",\"description\":\"\",\"potentialAction\":[{\"@type\":\"SearchAction\",\"target\":{\"@type\":\"EntryPoint\",\"urlTemplate\":\"https:\\\/\\\/www.visitcentroamerica.com\\\/sala-prensa\\\/?s={search_term_string}\"},\"query-input\":{\"@type\":\"PropertyValueSpecification\",\"valueRequired\":true,\"valueName\":\"search_term_string\"}}],\"inLanguage\":\"es\"},{\"@type\":\"Person\",\"@id\":\"https:\\\/\\\/www.visitcentroamerica.com\\\/sala-prensa\\\/#\\\/schema\\\/person\\\/0aa3bd0dbaabaead6089ee3dd0cd7ae5\",\"name\":\"Denis Alvarado\",\"image\":{\"@type\":\"ImageObject\",\"inLanguage\":\"es\",\"@id\":\"https:\\\/\\\/secure.gravatar.com\\\/avatar\\\/c31f0697f6edb7c68d5dedc2ccbd548d2a9f73aa293e81c6a1425229ec4c9135?s=96&d=mm&r=g\",\"url\":\"https:\\\/\\\/secure.gravatar.com\\\/avatar\\\/c31f0697f6edb7c68d5dedc2ccbd548d2a9f73aa293e81c6a1425229ec4c9135?s=96&d=mm&r=g\",\"contentUrl\":\"https:\\\/\\\/secure.gravatar.com\\\/avatar\\\/c31f0697f6edb7c68d5dedc2ccbd548d2a9f73aa293e81c6a1425229ec4c9135?s=96&d=mm&r=g\",\"caption\":\"Denis Alvarado\"},\"url\":\"https:\\\/\\\/www.visitcentroamerica.com\\\/sala-prensa\\\/author\\\/denis\\\/\"}]}<\/script>\n<!-- \/ Yoast SEO plugin. -->","yoast_head_json":{"title":"Centroam\u00e9rica, la cuna del caf\u00e9 gourmet para paladares sibaritas","description":"Los bosques de Gullon Jug Estate, el clima fresco de Estel\u00ed o los suelos volc\u00e1nicos de Terraz\u00fa generan sabrosas variedades de caf\u00e9 gourmet en Centroam\u00e9rica","robots":{"index":"index","follow":"follow","max-snippet":"max-snippet:-1","max-image-preview":"max-image-preview:large","max-video-preview":"max-video-preview:-1"},"canonical":"https:\/\/www.visitcentroamerica.com\/sala-prensa\/viajar\/no-autentico-foddie-no-probado-estos-cafes\/","og_locale":"es_ES","og_type":"article","og_title":"Centroam\u00e9rica, la cuna del caf\u00e9 gourmet para paladares sibaritas","og_description":"Los bosques de Gullon Jug Estate, el clima fresco de Estel\u00ed o los suelos volc\u00e1nicos de Terraz\u00fa generan sabrosas variedades de caf\u00e9 gourmet en Centroam\u00e9rica","og_url":"https:\/\/www.visitcentroamerica.com\/sala-prensa\/viajar\/no-autentico-foddie-no-probado-estos-cafes\/","og_site_name":"Sala de prensa","article_published_time":"2018-11-16T11:00:46+00:00","article_modified_time":"2020-06-08T08:32:13+00:00","og_image":[{"width":376,"height":282,"url":"https:\/\/www.visitcentroamerica.com\/sala-prensa\/wp-content\/uploads\/2018\/11\/cafe-centroamerica.jpg","type":"image\/jpeg"}],"author":"Denis Alvarado","twitter_card":"summary_large_image","twitter_misc":{"Escrito por":"Denis Alvarado","Tiempo de lectura":"1 minuto"},"schema":{"@context":"https:\/\/schema.org","@graph":[{"@type":"Article","@id":"https:\/\/www.visitcentroamerica.com\/sala-prensa\/viajar\/no-autentico-foddie-no-probado-estos-cafes\/#article","isPartOf":{"@id":"https:\/\/www.visitcentroamerica.com\/sala-prensa\/viajar\/no-autentico-foddie-no-probado-estos-cafes\/"},"author":{"name":"Denis Alvarado","@id":"https:\/\/www.visitcentroamerica.com\/sala-prensa\/#\/schema\/person\/0aa3bd0dbaabaead6089ee3dd0cd7ae5"},"headline":"No eres un aut\u00e9ntico foddie si no has probado estos caf\u00e9s","datePublished":"2018-11-16T11:00:46+00:00","dateModified":"2020-06-08T08:32:13+00:00","mainEntityOfPage":{"@id":"https:\/\/www.visitcentroamerica.com\/sala-prensa\/viajar\/no-autentico-foddie-no-probado-estos-cafes\/"},"wordCount":267,"commentCount":0,"image":{"@id":"https:\/\/www.visitcentroamerica.com\/sala-prensa\/viajar\/no-autentico-foddie-no-probado-estos-cafes\/#primaryimage"},"thumbnailUrl":"https:\/\/www.visitcentroamerica.com\/sala-prensa\/wp-content\/uploads\/2018\/11\/cafe-centroamerica.jpg","articleSection":["Agroturismo","Diversidad Cultural","Gastronom\u00eda","Viajar"],"inLanguage":"es","potentialAction":[{"@type":"CommentAction","name":"Comment","target":["https:\/\/www.visitcentroamerica.com\/sala-prensa\/viajar\/no-autentico-foddie-no-probado-estos-cafes\/#respond"]}]},{"@type":"WebPage","@id":"https:\/\/www.visitcentroamerica.com\/sala-prensa\/viajar\/no-autentico-foddie-no-probado-estos-cafes\/","url":"https:\/\/www.visitcentroamerica.com\/sala-prensa\/viajar\/no-autentico-foddie-no-probado-estos-cafes\/","name":"Centroam\u00e9rica, la cuna del caf\u00e9 gourmet para paladares sibaritas","isPartOf":{"@id":"https:\/\/www.visitcentroamerica.com\/sala-prensa\/#website"},"primaryImageOfPage":{"@id":"https:\/\/www.visitcentroamerica.com\/sala-prensa\/viajar\/no-autentico-foddie-no-probado-estos-cafes\/#primaryimage"},"image":{"@id":"https:\/\/www.visitcentroamerica.com\/sala-prensa\/viajar\/no-autentico-foddie-no-probado-estos-cafes\/#primaryimage"},"thumbnailUrl":"https:\/\/www.visitcentroamerica.com\/sala-prensa\/wp-content\/uploads\/2018\/11\/cafe-centroamerica.jpg","datePublished":"2018-11-16T11:00:46+00:00","dateModified":"2020-06-08T08:32:13+00:00","author":{"@id":"https:\/\/www.visitcentroamerica.com\/sala-prensa\/#\/schema\/person\/0aa3bd0dbaabaead6089ee3dd0cd7ae5"},"description":"Los bosques de Gullon Jug Estate, el clima fresco de Estel\u00ed o los suelos volc\u00e1nicos de Terraz\u00fa generan sabrosas variedades de caf\u00e9 gourmet en Centroam\u00e9rica","breadcrumb":{"@id":"https:\/\/www.visitcentroamerica.com\/sala-prensa\/viajar\/no-autentico-foddie-no-probado-estos-cafes\/#breadcrumb"},"inLanguage":"es","potentialAction":[{"@type":"ReadAction","target":["https:\/\/www.visitcentroamerica.com\/sala-prensa\/viajar\/no-autentico-foddie-no-probado-estos-cafes\/"]}]},{"@type":"ImageObject","inLanguage":"es","@id":"https:\/\/www.visitcentroamerica.com\/sala-prensa\/viajar\/no-autentico-foddie-no-probado-estos-cafes\/#primaryimage","url":"https:\/\/www.visitcentroamerica.com\/sala-prensa\/wp-content\/uploads\/2018\/11\/cafe-centroamerica.jpg","contentUrl":"https:\/\/www.visitcentroamerica.com\/sala-prensa\/wp-content\/uploads\/2018\/11\/cafe-centroamerica.jpg","width":376,"height":282,"caption":"Caf\u00e9 en Centroam\u00e9rica - Centroam\u00e9rica"},{"@type":"BreadcrumbList","@id":"https:\/\/www.visitcentroamerica.com\/sala-prensa\/viajar\/no-autentico-foddie-no-probado-estos-cafes\/#breadcrumb","itemListElement":[{"@type":"ListItem","position":1,"name":"Portada","item":"https:\/\/www.visitcentroamerica.com\/sala-prensa\/"},{"@type":"ListItem","position":2,"name":"No eres un aut\u00e9ntico foddie si no has probado estos caf\u00e9s"}]},{"@type":"WebSite","@id":"https:\/\/www.visitcentroamerica.com\/sala-prensa\/#website","url":"https:\/\/www.visitcentroamerica.com\/sala-prensa\/","name":"Sala de prensa","description":"","potentialAction":[{"@type":"SearchAction","target":{"@type":"EntryPoint","urlTemplate":"https:\/\/www.visitcentroamerica.com\/sala-prensa\/?s={search_term_string}"},"query-input":{"@type":"PropertyValueSpecification","valueRequired":true,"valueName":"search_term_string"}}],"inLanguage":"es"},{"@type":"Person","@id":"https:\/\/www.visitcentroamerica.com\/sala-prensa\/#\/schema\/person\/0aa3bd0dbaabaead6089ee3dd0cd7ae5","name":"Denis Alvarado","image":{"@type":"ImageObject","inLanguage":"es","@id":"https:\/\/secure.gravatar.com\/avatar\/c31f0697f6edb7c68d5dedc2ccbd548d2a9f73aa293e81c6a1425229ec4c9135?s=96&d=mm&r=g","url":"https:\/\/secure.gravatar.com\/avatar\/c31f0697f6edb7c68d5dedc2ccbd548d2a9f73aa293e81c6a1425229ec4c9135?s=96&d=mm&r=g","contentUrl":"https:\/\/secure.gravatar.com\/avatar\/c31f0697f6edb7c68d5dedc2ccbd548d2a9f73aa293e81c6a1425229ec4c9135?s=96&d=mm&r=g","caption":"Denis Alvarado"},"url":"https:\/\/www.visitcentroamerica.com\/sala-prensa\/author\/denis\/"}]}},"_links":{"self":[{"href":"https:\/\/www.visitcentroamerica.com\/sala-prensa\/wp-json\/wp\/v2\/posts\/7102","targetHints":{"allow":["GET"]}}],"collection":[{"href":"https:\/\/www.visitcentroamerica.com\/sala-prensa\/wp-json\/wp\/v2\/posts"}],"about":[{"href":"https:\/\/www.visitcentroamerica.com\/sala-prensa\/wp-json\/wp\/v2\/types\/post"}],"author":[{"embeddable":true,"href":"https:\/\/www.visitcentroamerica.com\/sala-prensa\/wp-json\/wp\/v2\/users\/5"}],"replies":[{"embeddable":true,"href":"https:\/\/www.visitcentroamerica.com\/sala-prensa\/wp-json\/wp\/v2\/comments?post=7102"}],"version-history":[{"count":2,"href":"https:\/\/www.visitcentroamerica.com\/sala-prensa\/wp-json\/wp\/v2\/posts\/7102\/revisions"}],"predecessor-version":[{"id":10006,"href":"https:\/\/www.visitcentroamerica.com\/sala-prensa\/wp-json\/wp\/v2\/posts\/7102\/revisions\/10006"}],"wp:featuredmedia":[{"embeddable":true,"href":"https:\/\/www.visitcentroamerica.com\/sala-prensa\/wp-json\/wp\/v2\/media\/9835"}],"wp:attachment":[{"href":"https:\/\/www.visitcentroamerica.com\/sala-prensa\/wp-json\/wp\/v2\/media?parent=7102"}],"wp:term":[{"taxonomy":"category","embeddable":true,"href":"https:\/\/www.visitcentroamerica.com\/sala-prensa\/wp-json\/wp\/v2\/categories?post=7102"},{"taxonomy":"post_tag","embeddable":true,"href":"https:\/\/www.visitcentroamerica.com\/sala-prensa\/wp-json\/wp\/v2\/tags?post=7102"}],"curies":[{"name":"wp","href":"https:\/\/api.w.org\/{rel}","templated":true}]}}