{"id":7093,"date":"2018-11-07T10:00:52","date_gmt":"2018-11-07T10:00:52","guid":{"rendered":"http:\/\/www.visitcentroamerica.com\/?p=7093"},"modified":"2020-06-08T08:36:00","modified_gmt":"2020-06-08T08:36:00","slug":"post-tradiciones-fin-ano-centro-america","status":"publish","type":"post","link":"https:\/\/www.visitcentroamerica.com\/sala-prensa\/viajar\/post-tradiciones-fin-ano-centro-america\/","title":{"rendered":"POST: Tradiciones de fin de a\u00f1o en Centro Am\u00e9rica"},"content":{"rendered":"<p>\u00bfTodas tus Nocheviejas son id\u00e9nticas? Ubica tu \u00faltimo brindis del a\u00f1o en un destino diferente. \u00bfQu\u00e9 tal Centroam\u00e9rica? En cualquiera de sus pa\u00edses podr\u00e1s vivir momentos m\u00e1gicos<strong> siendo part\u00edcipe de sus tradiciones<\/strong>. \u00a1Elige entre estas alternativas que te traigo y recibe el 1 de enero de la manera m\u00e1s ex\u00f3tica!<\/p>\n<p><strong>Bailes aut\u00f3ctonos, velas y huevos rotos para observar el futuro<\/strong><\/p>\n<p><strong>1. Guatemala<\/strong><br \/>\nLa Navidad guatemalteca <strong>huele a ponche y a tamales<\/strong>. Eso s\u00ed, el pavo es la estrella sobre el mantel el 31 de diciembre, noche en la que se preparan las doce uvas para tomar en cada campanada. Si eres supersticioso, te invito a que te apuntes a las costumbres de los m\u00e1s cr\u00e9dulos de los ritos: <strong>coloca tus maletas en la entrada o b\u00e1rrela<\/strong>. \u00a1La buena suerte est\u00e1 de tu lado!<\/p>\n<p><strong>2. Belice<\/strong><br \/>\n<strong>Bucear en\u00a0Cayo Ambergris<\/strong>, la isla m\u00e1s extensa del pa\u00eds, mientras te ba\u00f1a el sol se antoja un plan deslumbrante si quieres alejarte del mundanal ruido. No obstante, te recomiendo imbuirte en el esp\u00edritu m\u00e1s navide\u00f1o del pa\u00eds. Sus habitantes tambi\u00e9n se apuntan a las uvas y a los fuegos artificiales, pero\u00a0adem\u00e1s, bailan. \u00a1Es hora de que aprendas<strong> la Cha-Ri-Ka-Na-Ri, una danza t\u00edpica <\/strong>gar\u00edfuna! \u00bfQu\u00e9 necesitas? Una careta de vaca y muy poca verg\u00fcenza.<\/p>\n<p><strong>3. Honduras<\/strong><br \/>\nA las ya mencionadas uvas y la ropa interior roja para llamar a la suerte, los hondure\u00f1os suman <strong>las velas<\/strong>. Esparcen por la casa cirios de colores diversos y los prenden durante la noche. Cada tono invoca a una fortuna. \u00bfBuscas el \u00e9xito profesional? Enciende una vela azul. \u00bfQue quieres que se consolide tu relaci\u00f3n sentimental? Te desvelo la inc\u00f3gnita: opta por la amarilla. La atm\u00f3sfera buc\u00f3lica y rom\u00e1ntica est\u00e1 asegurada.<\/p>\n<p><strong>4. El Salvador<\/strong><br \/>\nNo faltan los <strong>panes con pollo y salsa<\/strong>, los abrazos y los cohetes cuando el reloj marca las doce. Algunos salvadore\u00f1os<strong> rompen un huevo en un vaso con agua <\/strong>y descifran su futuro en la silueta resultante. Te invito a probar esta f\u00f3rmula. Y, si no te animas, siempre te quedar\u00e1n las uvas&#8230;<strong>Corridas de toros, quemas de mu\u00f1ecos y m\u00fasica en la playa.<\/strong><\/p>\n<p><strong>5. Nicaragua<\/strong><br \/>\n\u00abFaltan cinco minutos para las doce, el a\u00f1o va a terminar&#8230;\u00bb. Apr\u00e9ndete este tema y c\u00e1ntalo mientras bailas y escuchas de fondo la p\u00f3lvora. Salta sobre las finas arenas de <strong>playas como Hermosa, El Coco, Gigante o Popoyo<\/strong>. Sin duda, en Nicaragua \u00a1la Nochevieja est\u00e1 en la calle!<\/p>\n<p><strong>6. Costa Rica<\/strong><br \/>\nDegusta pavo y tamales\u00a0y acude a festejos populares como los del<strong> campo de Zapote<\/strong>. Aqu\u00ed se celebran corridas de toros sin sacrificio. Adem\u00e1s, puedes disfrutar con juegos mec\u00e1nicos y dejarte la garganta en los conciertos que amenizan la celebraci\u00f3n.<\/p>\n<p>Efectivamente, en A\u00f1o Nuevo no tendr\u00e1s voz, pero s\u00ed una experiencia inolvidable en tu mochila. \u00bfTe la quieres perder?<\/p>\n<p><strong>7. Panam\u00e1<\/strong><br \/>\n\u00bfHas probado <strong>la chicha de saril<\/strong>? Esta fruta tropical integra las cenas familiares en las casas paname\u00f1as. Ac\u00e9rcate a su sabor\u00a0y al del jam\u00f3n, muy t\u00edpico tambi\u00e9n en estas reuniones, a las que se va con prendas nuevas amarillas colocadas del rev\u00e9s. Antes, los propietarios de las residencias<strong> las limpian con esencias<\/strong> y colocan incienso para recibir al nuevo a\u00f1o. No podemos olvidar <strong>la quema de mu\u00f1ecos de trapo<\/strong> para enterrarlos en el olvido. \u00a1Algunos representan a personajes de la vida social!<\/p>\n<p>\u00bfYa has decidido d\u00f3nde pasar tu fin de a\u00f1o? El atractivo de estos pa\u00edses te dejar\u00e1 con ganas de m\u00e1s. Para saciar tus ansias, te invito a consultar\u00a0en nuestra web <strong>otras fiestas tradicionales<\/strong> de<strong> <a href=\"http:\/\/www.visitcentroamerica.com\/experiencias\/fiestas\/\">Guatemala<\/a><\/strong> o El Salvador, o<strong> rutas gastron\u00f3micas <\/strong>por <strong><a href=\"http:\/\/www.visitcentroamerica.com\/experiencias\/gastronomia\/\">Belice<\/a><\/strong> y Honduras. \u00a1No le des la espalda a este universo de placer y diversi\u00f3n! \u00a1Feliz A\u00f1o Nuevo!<\/p>\n","protected":false},"excerpt":{"rendered":"<p>\u00bfTodas tus Nocheviejas son id\u00e9nticas? Ubica tu \u00faltimo brindis del a\u00f1o en un destino diferente. \u00bfQu\u00e9 tal Centroam\u00e9rica? En cualquiera de sus pa\u00edses podr\u00e1s vivir momentos m\u00e1gicos siendo part\u00edcipe de sus tradiciones. \u00a1Elige entre estas alternativas que te traigo y recibe el 1 de enero de la manera m\u00e1s ex\u00f3tica! Bailes aut\u00f3ctonos, velas y huevos [&hellip;]<\/p>\n","protected":false},"author":5,"featured_media":9841,"comment_status":"open","ping_status":"closed","sticky":false,"template":"","format":"standard","meta":{"footnotes":""},"categories":[38,39,25],"tags":[],"class_list":{"0":"post-7093","1":"post","2":"type-post","3":"status-publish","4":"format-standard","5":"has-post-thumbnail","7":"category-fiestas","8":"category-gastronomia","9":"category-viajar"},"yoast_head":"<!-- This site is optimized with the Yoast SEO plugin v27.3 - https:\/\/yoast.com\/product\/yoast-seo-wordpress\/ -->\n<title>Vive tu Nochevieja m\u00e1s diferente e inolvidable en Centroam\u00e9rica<\/title>\n<meta name=\"description\" content=\"\u00bfQuieres celebrar un fin de a\u00f1o ex\u00f3tico y diferente? Ap\u00fantate a estas tradiciones gastron\u00f3micas y culturales en pa\u00edses como Belice, Honduras y Guatemala\" \/>\n<meta name=\"robots\" content=\"index, follow, max-snippet:-1, max-image-preview:large, max-video-preview:-1\" \/>\n<link rel=\"canonical\" href=\"https:\/\/www.visitcentroamerica.com\/sala-prensa\/viajar\/post-tradiciones-fin-ano-centro-america\/\" \/>\n<meta property=\"og:locale\" content=\"es_ES\" \/>\n<meta property=\"og:type\" content=\"article\" \/>\n<meta property=\"og:title\" content=\"Vive tu Nochevieja m\u00e1s diferente e inolvidable en Centroam\u00e9rica\" \/>\n<meta property=\"og:description\" content=\"\u00bfQuieres celebrar un fin de a\u00f1o ex\u00f3tico y diferente? Ap\u00fantate a estas tradiciones gastron\u00f3micas y culturales en pa\u00edses como Belice, Honduras y Guatemala\" \/>\n<meta property=\"og:url\" content=\"https:\/\/www.visitcentroamerica.com\/sala-prensa\/viajar\/post-tradiciones-fin-ano-centro-america\/\" \/>\n<meta property=\"og:site_name\" content=\"Sala de prensa\" \/>\n<meta property=\"article:published_time\" content=\"2018-11-07T10:00:52+00:00\" \/>\n<meta property=\"article:modified_time\" content=\"2020-06-08T08:36:00+00:00\" \/>\n<meta property=\"og:image\" content=\"https:\/\/www.visitcentroamerica.com\/sala-prensa\/wp-content\/uploads\/2018\/11\/tradiciones-fin-ano.jpg\" \/>\n\t<meta property=\"og:image:width\" content=\"376\" \/>\n\t<meta property=\"og:image:height\" content=\"282\" \/>\n\t<meta property=\"og:image:type\" content=\"image\/jpeg\" \/>\n<meta name=\"author\" content=\"Denis Alvarado\" \/>\n<meta name=\"twitter:card\" content=\"summary_large_image\" \/>\n<meta name=\"twitter:label1\" content=\"Escrito por\" \/>\n\t<meta name=\"twitter:data1\" content=\"Denis Alvarado\" \/>\n\t<meta name=\"twitter:label2\" content=\"Tiempo de lectura\" \/>\n\t<meta name=\"twitter:data2\" content=\"3 minutos\" \/>\n<script type=\"application\/ld+json\" class=\"yoast-schema-graph\">{\"@context\":\"https:\\\/\\\/schema.org\",\"@graph\":[{\"@type\":\"Article\",\"@id\":\"https:\\\/\\\/www.visitcentroamerica.com\\\/sala-prensa\\\/viajar\\\/post-tradiciones-fin-ano-centro-america\\\/#article\",\"isPartOf\":{\"@id\":\"https:\\\/\\\/www.visitcentroamerica.com\\\/sala-prensa\\\/viajar\\\/post-tradiciones-fin-ano-centro-america\\\/\"},\"author\":{\"name\":\"Denis Alvarado\",\"@id\":\"https:\\\/\\\/www.visitcentroamerica.com\\\/sala-prensa\\\/#\\\/schema\\\/person\\\/0aa3bd0dbaabaead6089ee3dd0cd7ae5\"},\"headline\":\"POST: Tradiciones de fin de a\u00f1o en Centro Am\u00e9rica\",\"datePublished\":\"2018-11-07T10:00:52+00:00\",\"dateModified\":\"2020-06-08T08:36:00+00:00\",\"mainEntityOfPage\":{\"@id\":\"https:\\\/\\\/www.visitcentroamerica.com\\\/sala-prensa\\\/viajar\\\/post-tradiciones-fin-ano-centro-america\\\/\"},\"wordCount\":670,\"commentCount\":0,\"image\":{\"@id\":\"https:\\\/\\\/www.visitcentroamerica.com\\\/sala-prensa\\\/viajar\\\/post-tradiciones-fin-ano-centro-america\\\/#primaryimage\"},\"thumbnailUrl\":\"https:\\\/\\\/www.visitcentroamerica.com\\\/sala-prensa\\\/wp-content\\\/uploads\\\/2018\\\/11\\\/tradiciones-fin-ano.jpg\",\"articleSection\":[\"Fiestas\",\"Gastronom\u00eda\",\"Viajar\"],\"inLanguage\":\"es\",\"potentialAction\":[{\"@type\":\"CommentAction\",\"name\":\"Comment\",\"target\":[\"https:\\\/\\\/www.visitcentroamerica.com\\\/sala-prensa\\\/viajar\\\/post-tradiciones-fin-ano-centro-america\\\/#respond\"]}]},{\"@type\":\"WebPage\",\"@id\":\"https:\\\/\\\/www.visitcentroamerica.com\\\/sala-prensa\\\/viajar\\\/post-tradiciones-fin-ano-centro-america\\\/\",\"url\":\"https:\\\/\\\/www.visitcentroamerica.com\\\/sala-prensa\\\/viajar\\\/post-tradiciones-fin-ano-centro-america\\\/\",\"name\":\"Vive tu Nochevieja m\u00e1s diferente e inolvidable en Centroam\u00e9rica\",\"isPartOf\":{\"@id\":\"https:\\\/\\\/www.visitcentroamerica.com\\\/sala-prensa\\\/#website\"},\"primaryImageOfPage\":{\"@id\":\"https:\\\/\\\/www.visitcentroamerica.com\\\/sala-prensa\\\/viajar\\\/post-tradiciones-fin-ano-centro-america\\\/#primaryimage\"},\"image\":{\"@id\":\"https:\\\/\\\/www.visitcentroamerica.com\\\/sala-prensa\\\/viajar\\\/post-tradiciones-fin-ano-centro-america\\\/#primaryimage\"},\"thumbnailUrl\":\"https:\\\/\\\/www.visitcentroamerica.com\\\/sala-prensa\\\/wp-content\\\/uploads\\\/2018\\\/11\\\/tradiciones-fin-ano.jpg\",\"datePublished\":\"2018-11-07T10:00:52+00:00\",\"dateModified\":\"2020-06-08T08:36:00+00:00\",\"author\":{\"@id\":\"https:\\\/\\\/www.visitcentroamerica.com\\\/sala-prensa\\\/#\\\/schema\\\/person\\\/0aa3bd0dbaabaead6089ee3dd0cd7ae5\"},\"description\":\"\u00bfQuieres celebrar un fin de a\u00f1o ex\u00f3tico y diferente? Ap\u00fantate a estas tradiciones gastron\u00f3micas y culturales en pa\u00edses como Belice, Honduras y Guatemala\",\"breadcrumb\":{\"@id\":\"https:\\\/\\\/www.visitcentroamerica.com\\\/sala-prensa\\\/viajar\\\/post-tradiciones-fin-ano-centro-america\\\/#breadcrumb\"},\"inLanguage\":\"es\",\"potentialAction\":[{\"@type\":\"ReadAction\",\"target\":[\"https:\\\/\\\/www.visitcentroamerica.com\\\/sala-prensa\\\/viajar\\\/post-tradiciones-fin-ano-centro-america\\\/\"]}]},{\"@type\":\"ImageObject\",\"inLanguage\":\"es\",\"@id\":\"https:\\\/\\\/www.visitcentroamerica.com\\\/sala-prensa\\\/viajar\\\/post-tradiciones-fin-ano-centro-america\\\/#primaryimage\",\"url\":\"https:\\\/\\\/www.visitcentroamerica.com\\\/sala-prensa\\\/wp-content\\\/uploads\\\/2018\\\/11\\\/tradiciones-fin-ano.jpg\",\"contentUrl\":\"https:\\\/\\\/www.visitcentroamerica.com\\\/sala-prensa\\\/wp-content\\\/uploads\\\/2018\\\/11\\\/tradiciones-fin-ano.jpg\",\"width\":376,\"height\":282,\"caption\":\"Tradiciones fin de a\u00f1o - Centroam\u00e9rica\"},{\"@type\":\"BreadcrumbList\",\"@id\":\"https:\\\/\\\/www.visitcentroamerica.com\\\/sala-prensa\\\/viajar\\\/post-tradiciones-fin-ano-centro-america\\\/#breadcrumb\",\"itemListElement\":[{\"@type\":\"ListItem\",\"position\":1,\"name\":\"Portada\",\"item\":\"https:\\\/\\\/www.visitcentroamerica.com\\\/sala-prensa\\\/\"},{\"@type\":\"ListItem\",\"position\":2,\"name\":\"POST: Tradiciones de fin de a\u00f1o en Centro Am\u00e9rica\"}]},{\"@type\":\"WebSite\",\"@id\":\"https:\\\/\\\/www.visitcentroamerica.com\\\/sala-prensa\\\/#website\",\"url\":\"https:\\\/\\\/www.visitcentroamerica.com\\\/sala-prensa\\\/\",\"name\":\"Sala de prensa\",\"description\":\"\",\"potentialAction\":[{\"@type\":\"SearchAction\",\"target\":{\"@type\":\"EntryPoint\",\"urlTemplate\":\"https:\\\/\\\/www.visitcentroamerica.com\\\/sala-prensa\\\/?s={search_term_string}\"},\"query-input\":{\"@type\":\"PropertyValueSpecification\",\"valueRequired\":true,\"valueName\":\"search_term_string\"}}],\"inLanguage\":\"es\"},{\"@type\":\"Person\",\"@id\":\"https:\\\/\\\/www.visitcentroamerica.com\\\/sala-prensa\\\/#\\\/schema\\\/person\\\/0aa3bd0dbaabaead6089ee3dd0cd7ae5\",\"name\":\"Denis Alvarado\",\"image\":{\"@type\":\"ImageObject\",\"inLanguage\":\"es\",\"@id\":\"https:\\\/\\\/secure.gravatar.com\\\/avatar\\\/c31f0697f6edb7c68d5dedc2ccbd548d2a9f73aa293e81c6a1425229ec4c9135?s=96&d=mm&r=g\",\"url\":\"https:\\\/\\\/secure.gravatar.com\\\/avatar\\\/c31f0697f6edb7c68d5dedc2ccbd548d2a9f73aa293e81c6a1425229ec4c9135?s=96&d=mm&r=g\",\"contentUrl\":\"https:\\\/\\\/secure.gravatar.com\\\/avatar\\\/c31f0697f6edb7c68d5dedc2ccbd548d2a9f73aa293e81c6a1425229ec4c9135?s=96&d=mm&r=g\",\"caption\":\"Denis Alvarado\"},\"url\":\"https:\\\/\\\/www.visitcentroamerica.com\\\/sala-prensa\\\/author\\\/denis\\\/\"}]}<\/script>\n<!-- \/ Yoast SEO plugin. -->","yoast_head_json":{"title":"Vive tu Nochevieja m\u00e1s diferente e inolvidable en Centroam\u00e9rica","description":"\u00bfQuieres celebrar un fin de a\u00f1o ex\u00f3tico y diferente? Ap\u00fantate a estas tradiciones gastron\u00f3micas y culturales en pa\u00edses como Belice, Honduras y Guatemala","robots":{"index":"index","follow":"follow","max-snippet":"max-snippet:-1","max-image-preview":"max-image-preview:large","max-video-preview":"max-video-preview:-1"},"canonical":"https:\/\/www.visitcentroamerica.com\/sala-prensa\/viajar\/post-tradiciones-fin-ano-centro-america\/","og_locale":"es_ES","og_type":"article","og_title":"Vive tu Nochevieja m\u00e1s diferente e inolvidable en Centroam\u00e9rica","og_description":"\u00bfQuieres celebrar un fin de a\u00f1o ex\u00f3tico y diferente? Ap\u00fantate a estas tradiciones gastron\u00f3micas y culturales en pa\u00edses como Belice, Honduras y Guatemala","og_url":"https:\/\/www.visitcentroamerica.com\/sala-prensa\/viajar\/post-tradiciones-fin-ano-centro-america\/","og_site_name":"Sala de prensa","article_published_time":"2018-11-07T10:00:52+00:00","article_modified_time":"2020-06-08T08:36:00+00:00","og_image":[{"width":376,"height":282,"url":"https:\/\/www.visitcentroamerica.com\/sala-prensa\/wp-content\/uploads\/2018\/11\/tradiciones-fin-ano.jpg","type":"image\/jpeg"}],"author":"Denis Alvarado","twitter_card":"summary_large_image","twitter_misc":{"Escrito por":"Denis Alvarado","Tiempo de lectura":"3 minutos"},"schema":{"@context":"https:\/\/schema.org","@graph":[{"@type":"Article","@id":"https:\/\/www.visitcentroamerica.com\/sala-prensa\/viajar\/post-tradiciones-fin-ano-centro-america\/#article","isPartOf":{"@id":"https:\/\/www.visitcentroamerica.com\/sala-prensa\/viajar\/post-tradiciones-fin-ano-centro-america\/"},"author":{"name":"Denis Alvarado","@id":"https:\/\/www.visitcentroamerica.com\/sala-prensa\/#\/schema\/person\/0aa3bd0dbaabaead6089ee3dd0cd7ae5"},"headline":"POST: Tradiciones de fin de a\u00f1o en Centro Am\u00e9rica","datePublished":"2018-11-07T10:00:52+00:00","dateModified":"2020-06-08T08:36:00+00:00","mainEntityOfPage":{"@id":"https:\/\/www.visitcentroamerica.com\/sala-prensa\/viajar\/post-tradiciones-fin-ano-centro-america\/"},"wordCount":670,"commentCount":0,"image":{"@id":"https:\/\/www.visitcentroamerica.com\/sala-prensa\/viajar\/post-tradiciones-fin-ano-centro-america\/#primaryimage"},"thumbnailUrl":"https:\/\/www.visitcentroamerica.com\/sala-prensa\/wp-content\/uploads\/2018\/11\/tradiciones-fin-ano.jpg","articleSection":["Fiestas","Gastronom\u00eda","Viajar"],"inLanguage":"es","potentialAction":[{"@type":"CommentAction","name":"Comment","target":["https:\/\/www.visitcentroamerica.com\/sala-prensa\/viajar\/post-tradiciones-fin-ano-centro-america\/#respond"]}]},{"@type":"WebPage","@id":"https:\/\/www.visitcentroamerica.com\/sala-prensa\/viajar\/post-tradiciones-fin-ano-centro-america\/","url":"https:\/\/www.visitcentroamerica.com\/sala-prensa\/viajar\/post-tradiciones-fin-ano-centro-america\/","name":"Vive tu Nochevieja m\u00e1s diferente e inolvidable en Centroam\u00e9rica","isPartOf":{"@id":"https:\/\/www.visitcentroamerica.com\/sala-prensa\/#website"},"primaryImageOfPage":{"@id":"https:\/\/www.visitcentroamerica.com\/sala-prensa\/viajar\/post-tradiciones-fin-ano-centro-america\/#primaryimage"},"image":{"@id":"https:\/\/www.visitcentroamerica.com\/sala-prensa\/viajar\/post-tradiciones-fin-ano-centro-america\/#primaryimage"},"thumbnailUrl":"https:\/\/www.visitcentroamerica.com\/sala-prensa\/wp-content\/uploads\/2018\/11\/tradiciones-fin-ano.jpg","datePublished":"2018-11-07T10:00:52+00:00","dateModified":"2020-06-08T08:36:00+00:00","author":{"@id":"https:\/\/www.visitcentroamerica.com\/sala-prensa\/#\/schema\/person\/0aa3bd0dbaabaead6089ee3dd0cd7ae5"},"description":"\u00bfQuieres celebrar un fin de a\u00f1o ex\u00f3tico y diferente? Ap\u00fantate a estas tradiciones gastron\u00f3micas y culturales en pa\u00edses como Belice, Honduras y Guatemala","breadcrumb":{"@id":"https:\/\/www.visitcentroamerica.com\/sala-prensa\/viajar\/post-tradiciones-fin-ano-centro-america\/#breadcrumb"},"inLanguage":"es","potentialAction":[{"@type":"ReadAction","target":["https:\/\/www.visitcentroamerica.com\/sala-prensa\/viajar\/post-tradiciones-fin-ano-centro-america\/"]}]},{"@type":"ImageObject","inLanguage":"es","@id":"https:\/\/www.visitcentroamerica.com\/sala-prensa\/viajar\/post-tradiciones-fin-ano-centro-america\/#primaryimage","url":"https:\/\/www.visitcentroamerica.com\/sala-prensa\/wp-content\/uploads\/2018\/11\/tradiciones-fin-ano.jpg","contentUrl":"https:\/\/www.visitcentroamerica.com\/sala-prensa\/wp-content\/uploads\/2018\/11\/tradiciones-fin-ano.jpg","width":376,"height":282,"caption":"Tradiciones fin de a\u00f1o - Centroam\u00e9rica"},{"@type":"BreadcrumbList","@id":"https:\/\/www.visitcentroamerica.com\/sala-prensa\/viajar\/post-tradiciones-fin-ano-centro-america\/#breadcrumb","itemListElement":[{"@type":"ListItem","position":1,"name":"Portada","item":"https:\/\/www.visitcentroamerica.com\/sala-prensa\/"},{"@type":"ListItem","position":2,"name":"POST: Tradiciones de fin de a\u00f1o en Centro Am\u00e9rica"}]},{"@type":"WebSite","@id":"https:\/\/www.visitcentroamerica.com\/sala-prensa\/#website","url":"https:\/\/www.visitcentroamerica.com\/sala-prensa\/","name":"Sala de prensa","description":"","potentialAction":[{"@type":"SearchAction","target":{"@type":"EntryPoint","urlTemplate":"https:\/\/www.visitcentroamerica.com\/sala-prensa\/?s={search_term_string}"},"query-input":{"@type":"PropertyValueSpecification","valueRequired":true,"valueName":"search_term_string"}}],"inLanguage":"es"},{"@type":"Person","@id":"https:\/\/www.visitcentroamerica.com\/sala-prensa\/#\/schema\/person\/0aa3bd0dbaabaead6089ee3dd0cd7ae5","name":"Denis Alvarado","image":{"@type":"ImageObject","inLanguage":"es","@id":"https:\/\/secure.gravatar.com\/avatar\/c31f0697f6edb7c68d5dedc2ccbd548d2a9f73aa293e81c6a1425229ec4c9135?s=96&d=mm&r=g","url":"https:\/\/secure.gravatar.com\/avatar\/c31f0697f6edb7c68d5dedc2ccbd548d2a9f73aa293e81c6a1425229ec4c9135?s=96&d=mm&r=g","contentUrl":"https:\/\/secure.gravatar.com\/avatar\/c31f0697f6edb7c68d5dedc2ccbd548d2a9f73aa293e81c6a1425229ec4c9135?s=96&d=mm&r=g","caption":"Denis Alvarado"},"url":"https:\/\/www.visitcentroamerica.com\/sala-prensa\/author\/denis\/"}]}},"_links":{"self":[{"href":"https:\/\/www.visitcentroamerica.com\/sala-prensa\/wp-json\/wp\/v2\/posts\/7093","targetHints":{"allow":["GET"]}}],"collection":[{"href":"https:\/\/www.visitcentroamerica.com\/sala-prensa\/wp-json\/wp\/v2\/posts"}],"about":[{"href":"https:\/\/www.visitcentroamerica.com\/sala-prensa\/wp-json\/wp\/v2\/types\/post"}],"author":[{"embeddable":true,"href":"https:\/\/www.visitcentroamerica.com\/sala-prensa\/wp-json\/wp\/v2\/users\/5"}],"replies":[{"embeddable":true,"href":"https:\/\/www.visitcentroamerica.com\/sala-prensa\/wp-json\/wp\/v2\/comments?post=7093"}],"version-history":[{"count":2,"href":"https:\/\/www.visitcentroamerica.com\/sala-prensa\/wp-json\/wp\/v2\/posts\/7093\/revisions"}],"predecessor-version":[{"id":10010,"href":"https:\/\/www.visitcentroamerica.com\/sala-prensa\/wp-json\/wp\/v2\/posts\/7093\/revisions\/10010"}],"wp:featuredmedia":[{"embeddable":true,"href":"https:\/\/www.visitcentroamerica.com\/sala-prensa\/wp-json\/wp\/v2\/media\/9841"}],"wp:attachment":[{"href":"https:\/\/www.visitcentroamerica.com\/sala-prensa\/wp-json\/wp\/v2\/media?parent=7093"}],"wp:term":[{"taxonomy":"category","embeddable":true,"href":"https:\/\/www.visitcentroamerica.com\/sala-prensa\/wp-json\/wp\/v2\/categories?post=7093"},{"taxonomy":"post_tag","embeddable":true,"href":"https:\/\/www.visitcentroamerica.com\/sala-prensa\/wp-json\/wp\/v2\/tags?post=7093"}],"curies":[{"name":"wp","href":"https:\/\/api.w.org\/{rel}","templated":true}]}}