{"id":7087,"date":"2018-11-02T08:23:29","date_gmt":"2018-11-02T08:23:29","guid":{"rendered":"http:\/\/www.visitcentroamerica.com\/?p=7087"},"modified":"2020-06-08T08:37:16","modified_gmt":"2020-06-08T08:37:16","slug":"colon-al-canal-panama-te-atreves-saber-mas-nuestra-historia-viaje-cultural","status":"publish","type":"post","link":"https:\/\/www.visitcentroamerica.com\/sala-prensa\/viajar\/colon-al-canal-panama-te-atreves-saber-mas-nuestra-historia-viaje-cultural\/","title":{"rendered":"De Col\u00f3n al Canal de Panam\u00e1 \u00bfte atreves a saber m\u00e1s de nuestra Historia con un viaje cultural?"},"content":{"rendered":"<p>\u00bfCre\u00edas que las playas y la jungla eran los \u00fanicos atractivos de Centroam\u00e9rica? Te recomiendo acercarte a su <strong>cultura viva<\/strong> a trav\u00e9s del <strong>arte <\/strong>que homenajea a Col\u00f3n. Tambi\u00e9n, a conocer los entresijos de una de las mayores infraestructuras del planeta, el Canal de Panam\u00e1. Visita los escenarios que enumero y nunca olvidar\u00e1s este viaje. \u00a1Prometido!<\/p>\n<p><strong>El estreno de Col\u00f3n en Costa Rica\u00a0<\/strong><br \/>\n\u00bfSab\u00edas que Uvita fue<strong> la isla donde arrib\u00f3 Col\u00f3n en Costa Rica<\/strong>? Al parecer,\u00a0se trata de la actual<strong> Quiribr\u00ed<\/strong>. Te aconsejo pasear por sus playas blancas inundadas de cocoteros. Atiende a sus acantilados escarpados y a <strong>su peque\u00f1o faro<\/strong>.<\/p>\n<p><strong>Tributo al descubridor del Nuevo Mundo<\/strong><br \/>\nQuien tambi\u00e9n homenajea al navegante es Santo Domingo. Lo hace con<strong>\u00a0el Faro a Col\u00f3n<\/strong>,\u00a0aut\u00e9ntico museo dedicado al descubridor. Se dice que en esta <strong>construcci\u00f3n de casi 37 metros<\/strong> se hallan sus restos.<\/p>\n<p><strong>El arte de la ruta interoce\u00e1nica<\/strong><br \/>\nNo eludas el\u00a0<strong>Museo del Canal Interoce\u00e1nico de Panam\u00e1<\/strong>. Aqu\u00ed se difunde la historia de esta popular v\u00eda de navegaci\u00f3n. Descubrir\u00e1s objetos m\u00edticos de su construcci\u00f3n, instrumentos de medici\u00f3n o im\u00e1genes de diversas \u00e9pocas.<\/p>\n<p>Este centro abri\u00f3 sus puertas en los\u00a090 y\u00a0se ubica en el <strong>casco antiguo de Panam\u00e1<\/strong>.\u00a1Aprovecha para visitar sus edificios hist\u00f3ricos!<\/p>\n<p>Sigue explorando la <strong>cultura viva<\/strong> de Centroam\u00e9rica en otras rutas que te proponemos en <strong><a href=\"http:\/\/visitcentroamerica.com\">nuestra web<\/a><\/strong>. \u00a1Emp\u00e1pate de la historia de una tierra con pasado y presente de navegaci\u00f3n mar\u00edtima!<\/p>\n","protected":false},"excerpt":{"rendered":"<p>\u00bfCre\u00edas que las playas y la jungla eran los \u00fanicos atractivos de Centroam\u00e9rica? Te recomiendo acercarte a su cultura viva a trav\u00e9s del arte que homenajea a Col\u00f3n. Tambi\u00e9n, a conocer los entresijos de una de las mayores infraestructuras del planeta, el Canal de Panam\u00e1. Visita los escenarios que enumero y nunca olvidar\u00e1s este viaje. [&hellip;]<\/p>\n","protected":false},"author":5,"featured_media":9844,"comment_status":"open","ping_status":"closed","sticky":false,"template":"","format":"standard","meta":{"footnotes":""},"categories":[29,30,25],"tags":[],"class_list":{"0":"post-7087","1":"post","2":"type-post","3":"status-publish","4":"format-standard","5":"has-post-thumbnail","7":"category-cultura","8":"category-diversidad-cultural","9":"category-viajar"},"yoast_head":"<!-- This site is optimized with the Yoast SEO plugin v27.3 - https:\/\/yoast.com\/product\/yoast-seo-wordpress\/ -->\n<title>De Col\u00f3n al Canal de Panam\u00e1 \u00bfte atreves a saber m\u00e1s de nuestra Historia con un viaje cultural? - Sala de prensa<\/title>\n<meta name=\"robots\" content=\"index, follow, max-snippet:-1, max-image-preview:large, max-video-preview:-1\" \/>\n<link rel=\"canonical\" href=\"https:\/\/www.visitcentroamerica.com\/sala-prensa\/viajar\/colon-al-canal-panama-te-atreves-saber-mas-nuestra-historia-viaje-cultural\/\" \/>\n<meta property=\"og:locale\" content=\"es_ES\" \/>\n<meta property=\"og:type\" content=\"article\" \/>\n<meta property=\"og:title\" content=\"De Col\u00f3n al Canal de Panam\u00e1 \u00bfte atreves a saber m\u00e1s de nuestra Historia con un viaje cultural? - Sala de prensa\" \/>\n<meta property=\"og:description\" content=\"\u00bfCre\u00edas que las playas y la jungla eran los \u00fanicos atractivos de Centroam\u00e9rica? Te recomiendo acercarte a su cultura viva a trav\u00e9s del arte que homenajea a Col\u00f3n. Tambi\u00e9n, a conocer los entresijos de una de las mayores infraestructuras del planeta, el Canal de Panam\u00e1. Visita los escenarios que enumero y nunca olvidar\u00e1s este viaje. [&hellip;]\" \/>\n<meta property=\"og:url\" content=\"https:\/\/www.visitcentroamerica.com\/sala-prensa\/viajar\/colon-al-canal-panama-te-atreves-saber-mas-nuestra-historia-viaje-cultural\/\" \/>\n<meta property=\"og:site_name\" content=\"Sala de prensa\" \/>\n<meta property=\"article:published_time\" content=\"2018-11-02T08:23:29+00:00\" \/>\n<meta property=\"article:modified_time\" content=\"2020-06-08T08:37:16+00:00\" \/>\n<meta property=\"og:image\" content=\"https:\/\/www.visitcentroamerica.com\/sala-prensa\/wp-content\/uploads\/2018\/11\/centroamerica-canal-panama.jpg\" \/>\n\t<meta property=\"og:image:width\" content=\"376\" \/>\n\t<meta property=\"og:image:height\" content=\"282\" \/>\n\t<meta property=\"og:image:type\" content=\"image\/jpeg\" \/>\n<meta name=\"author\" content=\"Denis Alvarado\" \/>\n<meta name=\"twitter:card\" content=\"summary_large_image\" \/>\n<meta name=\"twitter:label1\" content=\"Escrito por\" \/>\n\t<meta name=\"twitter:data1\" content=\"Denis Alvarado\" \/>\n\t<meta name=\"twitter:label2\" content=\"Tiempo de lectura\" \/>\n\t<meta name=\"twitter:data2\" content=\"1 minuto\" \/>\n<script type=\"application\/ld+json\" class=\"yoast-schema-graph\">{\"@context\":\"https:\\\/\\\/schema.org\",\"@graph\":[{\"@type\":\"Article\",\"@id\":\"https:\\\/\\\/www.visitcentroamerica.com\\\/sala-prensa\\\/viajar\\\/colon-al-canal-panama-te-atreves-saber-mas-nuestra-historia-viaje-cultural\\\/#article\",\"isPartOf\":{\"@id\":\"https:\\\/\\\/www.visitcentroamerica.com\\\/sala-prensa\\\/viajar\\\/colon-al-canal-panama-te-atreves-saber-mas-nuestra-historia-viaje-cultural\\\/\"},\"author\":{\"name\":\"Denis Alvarado\",\"@id\":\"https:\\\/\\\/www.visitcentroamerica.com\\\/sala-prensa\\\/#\\\/schema\\\/person\\\/0aa3bd0dbaabaead6089ee3dd0cd7ae5\"},\"headline\":\"De Col\u00f3n al Canal de Panam\u00e1 \u00bfte atreves a saber m\u00e1s de nuestra Historia con un viaje cultural?\",\"datePublished\":\"2018-11-02T08:23:29+00:00\",\"dateModified\":\"2020-06-08T08:37:16+00:00\",\"mainEntityOfPage\":{\"@id\":\"https:\\\/\\\/www.visitcentroamerica.com\\\/sala-prensa\\\/viajar\\\/colon-al-canal-panama-te-atreves-saber-mas-nuestra-historia-viaje-cultural\\\/\"},\"wordCount\":282,\"commentCount\":0,\"image\":{\"@id\":\"https:\\\/\\\/www.visitcentroamerica.com\\\/sala-prensa\\\/viajar\\\/colon-al-canal-panama-te-atreves-saber-mas-nuestra-historia-viaje-cultural\\\/#primaryimage\"},\"thumbnailUrl\":\"https:\\\/\\\/www.visitcentroamerica.com\\\/sala-prensa\\\/wp-content\\\/uploads\\\/2018\\\/11\\\/centroamerica-canal-panama.jpg\",\"articleSection\":[\"Cultura\",\"Diversidad Cultural\",\"Viajar\"],\"inLanguage\":\"es\",\"potentialAction\":[{\"@type\":\"CommentAction\",\"name\":\"Comment\",\"target\":[\"https:\\\/\\\/www.visitcentroamerica.com\\\/sala-prensa\\\/viajar\\\/colon-al-canal-panama-te-atreves-saber-mas-nuestra-historia-viaje-cultural\\\/#respond\"]}]},{\"@type\":\"WebPage\",\"@id\":\"https:\\\/\\\/www.visitcentroamerica.com\\\/sala-prensa\\\/viajar\\\/colon-al-canal-panama-te-atreves-saber-mas-nuestra-historia-viaje-cultural\\\/\",\"url\":\"https:\\\/\\\/www.visitcentroamerica.com\\\/sala-prensa\\\/viajar\\\/colon-al-canal-panama-te-atreves-saber-mas-nuestra-historia-viaje-cultural\\\/\",\"name\":\"De Col\u00f3n al Canal de Panam\u00e1 \u00bfte atreves a saber m\u00e1s de nuestra Historia con un viaje cultural? - Sala de prensa\",\"isPartOf\":{\"@id\":\"https:\\\/\\\/www.visitcentroamerica.com\\\/sala-prensa\\\/#website\"},\"primaryImageOfPage\":{\"@id\":\"https:\\\/\\\/www.visitcentroamerica.com\\\/sala-prensa\\\/viajar\\\/colon-al-canal-panama-te-atreves-saber-mas-nuestra-historia-viaje-cultural\\\/#primaryimage\"},\"image\":{\"@id\":\"https:\\\/\\\/www.visitcentroamerica.com\\\/sala-prensa\\\/viajar\\\/colon-al-canal-panama-te-atreves-saber-mas-nuestra-historia-viaje-cultural\\\/#primaryimage\"},\"thumbnailUrl\":\"https:\\\/\\\/www.visitcentroamerica.com\\\/sala-prensa\\\/wp-content\\\/uploads\\\/2018\\\/11\\\/centroamerica-canal-panama.jpg\",\"datePublished\":\"2018-11-02T08:23:29+00:00\",\"dateModified\":\"2020-06-08T08:37:16+00:00\",\"author\":{\"@id\":\"https:\\\/\\\/www.visitcentroamerica.com\\\/sala-prensa\\\/#\\\/schema\\\/person\\\/0aa3bd0dbaabaead6089ee3dd0cd7ae5\"},\"breadcrumb\":{\"@id\":\"https:\\\/\\\/www.visitcentroamerica.com\\\/sala-prensa\\\/viajar\\\/colon-al-canal-panama-te-atreves-saber-mas-nuestra-historia-viaje-cultural\\\/#breadcrumb\"},\"inLanguage\":\"es\",\"potentialAction\":[{\"@type\":\"ReadAction\",\"target\":[\"https:\\\/\\\/www.visitcentroamerica.com\\\/sala-prensa\\\/viajar\\\/colon-al-canal-panama-te-atreves-saber-mas-nuestra-historia-viaje-cultural\\\/\"]}]},{\"@type\":\"ImageObject\",\"inLanguage\":\"es\",\"@id\":\"https:\\\/\\\/www.visitcentroamerica.com\\\/sala-prensa\\\/viajar\\\/colon-al-canal-panama-te-atreves-saber-mas-nuestra-historia-viaje-cultural\\\/#primaryimage\",\"url\":\"https:\\\/\\\/www.visitcentroamerica.com\\\/sala-prensa\\\/wp-content\\\/uploads\\\/2018\\\/11\\\/centroamerica-canal-panama.jpg\",\"contentUrl\":\"https:\\\/\\\/www.visitcentroamerica.com\\\/sala-prensa\\\/wp-content\\\/uploads\\\/2018\\\/11\\\/centroamerica-canal-panama.jpg\",\"width\":376,\"height\":282,\"caption\":\"Centroam\u00e9rica - Canal de Panam\u00e1\"},{\"@type\":\"BreadcrumbList\",\"@id\":\"https:\\\/\\\/www.visitcentroamerica.com\\\/sala-prensa\\\/viajar\\\/colon-al-canal-panama-te-atreves-saber-mas-nuestra-historia-viaje-cultural\\\/#breadcrumb\",\"itemListElement\":[{\"@type\":\"ListItem\",\"position\":1,\"name\":\"Portada\",\"item\":\"https:\\\/\\\/www.visitcentroamerica.com\\\/sala-prensa\\\/\"},{\"@type\":\"ListItem\",\"position\":2,\"name\":\"De Col\u00f3n al Canal de Panam\u00e1 \u00bfte atreves a saber m\u00e1s de nuestra Historia con un viaje cultural?\"}]},{\"@type\":\"WebSite\",\"@id\":\"https:\\\/\\\/www.visitcentroamerica.com\\\/sala-prensa\\\/#website\",\"url\":\"https:\\\/\\\/www.visitcentroamerica.com\\\/sala-prensa\\\/\",\"name\":\"Sala de prensa\",\"description\":\"\",\"potentialAction\":[{\"@type\":\"SearchAction\",\"target\":{\"@type\":\"EntryPoint\",\"urlTemplate\":\"https:\\\/\\\/www.visitcentroamerica.com\\\/sala-prensa\\\/?s={search_term_string}\"},\"query-input\":{\"@type\":\"PropertyValueSpecification\",\"valueRequired\":true,\"valueName\":\"search_term_string\"}}],\"inLanguage\":\"es\"},{\"@type\":\"Person\",\"@id\":\"https:\\\/\\\/www.visitcentroamerica.com\\\/sala-prensa\\\/#\\\/schema\\\/person\\\/0aa3bd0dbaabaead6089ee3dd0cd7ae5\",\"name\":\"Denis Alvarado\",\"image\":{\"@type\":\"ImageObject\",\"inLanguage\":\"es\",\"@id\":\"https:\\\/\\\/secure.gravatar.com\\\/avatar\\\/c31f0697f6edb7c68d5dedc2ccbd548d2a9f73aa293e81c6a1425229ec4c9135?s=96&d=mm&r=g\",\"url\":\"https:\\\/\\\/secure.gravatar.com\\\/avatar\\\/c31f0697f6edb7c68d5dedc2ccbd548d2a9f73aa293e81c6a1425229ec4c9135?s=96&d=mm&r=g\",\"contentUrl\":\"https:\\\/\\\/secure.gravatar.com\\\/avatar\\\/c31f0697f6edb7c68d5dedc2ccbd548d2a9f73aa293e81c6a1425229ec4c9135?s=96&d=mm&r=g\",\"caption\":\"Denis Alvarado\"},\"url\":\"https:\\\/\\\/www.visitcentroamerica.com\\\/sala-prensa\\\/author\\\/denis\\\/\"}]}<\/script>\n<!-- \/ Yoast SEO plugin. -->","yoast_head_json":{"title":"De Col\u00f3n al Canal de Panam\u00e1 \u00bfte atreves a saber m\u00e1s de nuestra Historia con un viaje cultural? - Sala de prensa","robots":{"index":"index","follow":"follow","max-snippet":"max-snippet:-1","max-image-preview":"max-image-preview:large","max-video-preview":"max-video-preview:-1"},"canonical":"https:\/\/www.visitcentroamerica.com\/sala-prensa\/viajar\/colon-al-canal-panama-te-atreves-saber-mas-nuestra-historia-viaje-cultural\/","og_locale":"es_ES","og_type":"article","og_title":"De Col\u00f3n al Canal de Panam\u00e1 \u00bfte atreves a saber m\u00e1s de nuestra Historia con un viaje cultural? - Sala de prensa","og_description":"\u00bfCre\u00edas que las playas y la jungla eran los \u00fanicos atractivos de Centroam\u00e9rica? Te recomiendo acercarte a su cultura viva a trav\u00e9s del arte que homenajea a Col\u00f3n. Tambi\u00e9n, a conocer los entresijos de una de las mayores infraestructuras del planeta, el Canal de Panam\u00e1. Visita los escenarios que enumero y nunca olvidar\u00e1s este viaje. [&hellip;]","og_url":"https:\/\/www.visitcentroamerica.com\/sala-prensa\/viajar\/colon-al-canal-panama-te-atreves-saber-mas-nuestra-historia-viaje-cultural\/","og_site_name":"Sala de prensa","article_published_time":"2018-11-02T08:23:29+00:00","article_modified_time":"2020-06-08T08:37:16+00:00","og_image":[{"width":376,"height":282,"url":"https:\/\/www.visitcentroamerica.com\/sala-prensa\/wp-content\/uploads\/2018\/11\/centroamerica-canal-panama.jpg","type":"image\/jpeg"}],"author":"Denis Alvarado","twitter_card":"summary_large_image","twitter_misc":{"Escrito por":"Denis Alvarado","Tiempo de lectura":"1 minuto"},"schema":{"@context":"https:\/\/schema.org","@graph":[{"@type":"Article","@id":"https:\/\/www.visitcentroamerica.com\/sala-prensa\/viajar\/colon-al-canal-panama-te-atreves-saber-mas-nuestra-historia-viaje-cultural\/#article","isPartOf":{"@id":"https:\/\/www.visitcentroamerica.com\/sala-prensa\/viajar\/colon-al-canal-panama-te-atreves-saber-mas-nuestra-historia-viaje-cultural\/"},"author":{"name":"Denis Alvarado","@id":"https:\/\/www.visitcentroamerica.com\/sala-prensa\/#\/schema\/person\/0aa3bd0dbaabaead6089ee3dd0cd7ae5"},"headline":"De Col\u00f3n al Canal de Panam\u00e1 \u00bfte atreves a saber m\u00e1s de nuestra Historia con un viaje cultural?","datePublished":"2018-11-02T08:23:29+00:00","dateModified":"2020-06-08T08:37:16+00:00","mainEntityOfPage":{"@id":"https:\/\/www.visitcentroamerica.com\/sala-prensa\/viajar\/colon-al-canal-panama-te-atreves-saber-mas-nuestra-historia-viaje-cultural\/"},"wordCount":282,"commentCount":0,"image":{"@id":"https:\/\/www.visitcentroamerica.com\/sala-prensa\/viajar\/colon-al-canal-panama-te-atreves-saber-mas-nuestra-historia-viaje-cultural\/#primaryimage"},"thumbnailUrl":"https:\/\/www.visitcentroamerica.com\/sala-prensa\/wp-content\/uploads\/2018\/11\/centroamerica-canal-panama.jpg","articleSection":["Cultura","Diversidad Cultural","Viajar"],"inLanguage":"es","potentialAction":[{"@type":"CommentAction","name":"Comment","target":["https:\/\/www.visitcentroamerica.com\/sala-prensa\/viajar\/colon-al-canal-panama-te-atreves-saber-mas-nuestra-historia-viaje-cultural\/#respond"]}]},{"@type":"WebPage","@id":"https:\/\/www.visitcentroamerica.com\/sala-prensa\/viajar\/colon-al-canal-panama-te-atreves-saber-mas-nuestra-historia-viaje-cultural\/","url":"https:\/\/www.visitcentroamerica.com\/sala-prensa\/viajar\/colon-al-canal-panama-te-atreves-saber-mas-nuestra-historia-viaje-cultural\/","name":"De Col\u00f3n al Canal de Panam\u00e1 \u00bfte atreves a saber m\u00e1s de nuestra Historia con un viaje cultural? - Sala de prensa","isPartOf":{"@id":"https:\/\/www.visitcentroamerica.com\/sala-prensa\/#website"},"primaryImageOfPage":{"@id":"https:\/\/www.visitcentroamerica.com\/sala-prensa\/viajar\/colon-al-canal-panama-te-atreves-saber-mas-nuestra-historia-viaje-cultural\/#primaryimage"},"image":{"@id":"https:\/\/www.visitcentroamerica.com\/sala-prensa\/viajar\/colon-al-canal-panama-te-atreves-saber-mas-nuestra-historia-viaje-cultural\/#primaryimage"},"thumbnailUrl":"https:\/\/www.visitcentroamerica.com\/sala-prensa\/wp-content\/uploads\/2018\/11\/centroamerica-canal-panama.jpg","datePublished":"2018-11-02T08:23:29+00:00","dateModified":"2020-06-08T08:37:16+00:00","author":{"@id":"https:\/\/www.visitcentroamerica.com\/sala-prensa\/#\/schema\/person\/0aa3bd0dbaabaead6089ee3dd0cd7ae5"},"breadcrumb":{"@id":"https:\/\/www.visitcentroamerica.com\/sala-prensa\/viajar\/colon-al-canal-panama-te-atreves-saber-mas-nuestra-historia-viaje-cultural\/#breadcrumb"},"inLanguage":"es","potentialAction":[{"@type":"ReadAction","target":["https:\/\/www.visitcentroamerica.com\/sala-prensa\/viajar\/colon-al-canal-panama-te-atreves-saber-mas-nuestra-historia-viaje-cultural\/"]}]},{"@type":"ImageObject","inLanguage":"es","@id":"https:\/\/www.visitcentroamerica.com\/sala-prensa\/viajar\/colon-al-canal-panama-te-atreves-saber-mas-nuestra-historia-viaje-cultural\/#primaryimage","url":"https:\/\/www.visitcentroamerica.com\/sala-prensa\/wp-content\/uploads\/2018\/11\/centroamerica-canal-panama.jpg","contentUrl":"https:\/\/www.visitcentroamerica.com\/sala-prensa\/wp-content\/uploads\/2018\/11\/centroamerica-canal-panama.jpg","width":376,"height":282,"caption":"Centroam\u00e9rica - Canal de Panam\u00e1"},{"@type":"BreadcrumbList","@id":"https:\/\/www.visitcentroamerica.com\/sala-prensa\/viajar\/colon-al-canal-panama-te-atreves-saber-mas-nuestra-historia-viaje-cultural\/#breadcrumb","itemListElement":[{"@type":"ListItem","position":1,"name":"Portada","item":"https:\/\/www.visitcentroamerica.com\/sala-prensa\/"},{"@type":"ListItem","position":2,"name":"De Col\u00f3n al Canal de Panam\u00e1 \u00bfte atreves a saber m\u00e1s de nuestra Historia con un viaje cultural?"}]},{"@type":"WebSite","@id":"https:\/\/www.visitcentroamerica.com\/sala-prensa\/#website","url":"https:\/\/www.visitcentroamerica.com\/sala-prensa\/","name":"Sala de prensa","description":"","potentialAction":[{"@type":"SearchAction","target":{"@type":"EntryPoint","urlTemplate":"https:\/\/www.visitcentroamerica.com\/sala-prensa\/?s={search_term_string}"},"query-input":{"@type":"PropertyValueSpecification","valueRequired":true,"valueName":"search_term_string"}}],"inLanguage":"es"},{"@type":"Person","@id":"https:\/\/www.visitcentroamerica.com\/sala-prensa\/#\/schema\/person\/0aa3bd0dbaabaead6089ee3dd0cd7ae5","name":"Denis Alvarado","image":{"@type":"ImageObject","inLanguage":"es","@id":"https:\/\/secure.gravatar.com\/avatar\/c31f0697f6edb7c68d5dedc2ccbd548d2a9f73aa293e81c6a1425229ec4c9135?s=96&d=mm&r=g","url":"https:\/\/secure.gravatar.com\/avatar\/c31f0697f6edb7c68d5dedc2ccbd548d2a9f73aa293e81c6a1425229ec4c9135?s=96&d=mm&r=g","contentUrl":"https:\/\/secure.gravatar.com\/avatar\/c31f0697f6edb7c68d5dedc2ccbd548d2a9f73aa293e81c6a1425229ec4c9135?s=96&d=mm&r=g","caption":"Denis Alvarado"},"url":"https:\/\/www.visitcentroamerica.com\/sala-prensa\/author\/denis\/"}]}},"_links":{"self":[{"href":"https:\/\/www.visitcentroamerica.com\/sala-prensa\/wp-json\/wp\/v2\/posts\/7087","targetHints":{"allow":["GET"]}}],"collection":[{"href":"https:\/\/www.visitcentroamerica.com\/sala-prensa\/wp-json\/wp\/v2\/posts"}],"about":[{"href":"https:\/\/www.visitcentroamerica.com\/sala-prensa\/wp-json\/wp\/v2\/types\/post"}],"author":[{"embeddable":true,"href":"https:\/\/www.visitcentroamerica.com\/sala-prensa\/wp-json\/wp\/v2\/users\/5"}],"replies":[{"embeddable":true,"href":"https:\/\/www.visitcentroamerica.com\/sala-prensa\/wp-json\/wp\/v2\/comments?post=7087"}],"version-history":[{"count":2,"href":"https:\/\/www.visitcentroamerica.com\/sala-prensa\/wp-json\/wp\/v2\/posts\/7087\/revisions"}],"predecessor-version":[{"id":10012,"href":"https:\/\/www.visitcentroamerica.com\/sala-prensa\/wp-json\/wp\/v2\/posts\/7087\/revisions\/10012"}],"wp:featuredmedia":[{"embeddable":true,"href":"https:\/\/www.visitcentroamerica.com\/sala-prensa\/wp-json\/wp\/v2\/media\/9844"}],"wp:attachment":[{"href":"https:\/\/www.visitcentroamerica.com\/sala-prensa\/wp-json\/wp\/v2\/media?parent=7087"}],"wp:term":[{"taxonomy":"category","embeddable":true,"href":"https:\/\/www.visitcentroamerica.com\/sala-prensa\/wp-json\/wp\/v2\/categories?post=7087"},{"taxonomy":"post_tag","embeddable":true,"href":"https:\/\/www.visitcentroamerica.com\/sala-prensa\/wp-json\/wp\/v2\/tags?post=7087"}],"curies":[{"name":"wp","href":"https:\/\/api.w.org\/{rel}","templated":true}]}}