{"id":16977,"date":"2026-04-30T01:48:28","date_gmt":"2026-04-29T23:48:28","guid":{"rendered":"https:\/\/www.visitcentroamerica.com\/sala-prensa\/?p=16977"},"modified":"2026-04-30T01:48:28","modified_gmt":"2026-04-29T23:48:28","slug":"belice-convierte-la-sostenibilidad-en-experiencia-con-recorridos-inmersivos-en-tierra-mar-y-cultura","status":"publish","type":"post","link":"https:\/\/www.visitcentroamerica.com\/sala-prensa\/otros\/belice-convierte-la-sostenibilidad-en-experiencia-con-recorridos-inmersivos-en-tierra-mar-y-cultura\/","title":{"rendered":"Belice convierte la sostenibilidad en experiencia con recorridos inmersivos en tierra, mar y cultura"},"content":{"rendered":"<p>En el marco de la 17\u00aa Conferencia del Caribe sobre el Desarrollo del Turismo Sostenible, Belice traslada la conversaci\u00f3n m\u00e1s all\u00e1 de las salas de conferencias con una serie de visitas de campo dise\u00f1adas para mostrar, en la pr\u00e1ctica, su enfoque integral hacia la sostenibilidad.<\/p>\n<p>Bajo el concepto de \u201csostenibilidad en acci\u00f3n\u201d, los delegados participan en experiencias inmersivas que conectan las econom\u00edas azul, verde y naranja a trav\u00e9s de iniciativas reales que fortalecen la resiliencia ambiental, cultural y comunitaria del destino.<\/p>\n<p>Entre los recorridos destacados se encuentra la experiencia en la Reserva Chaa Creek, referente del ecoturismo en el pa\u00eds, donde la conservaci\u00f3n de la selva tropical y la operaci\u00f3n de un eco-lodge pionero conviven como modelo de turismo responsable. A nivel marino, la Hol Chan Marine Reserve ofrece una mirada directa a la gesti\u00f3n sostenible de ecosistemas costeros, incluyendo arrecifes coralinos, manglares y praderas marinas protegidas.<\/p>\n<p>La dimensi\u00f3n cultural y comunitaria cobra vida a trav\u00e9s de la experiencia gar\u00edfuna en Palmento Grove, complementada con el recorrido por el chocolate maya de Che\u2019il y la visita al Cockscomb Basin Wildlife Sanctuary, reconocido como la primera reserva de jaguares del mundo. Este circuito integra tradici\u00f3n, identidad y biodiversidad como pilares del desarrollo tur\u00edstico sostenible.<\/p>\n<p>Finalmente, el sitio arqueol\u00f3gico de Lamanai, accesible a trav\u00e9s de un recorrido fluvial por el r\u00edo Nuevo, conecta a los participantes con el legado ancestral de Belice, combinando patrimonio cultural y riqueza natural en una experiencia que refleja la profundidad hist\u00f3rica del destino.<\/p>\n<p>A trav\u00e9s de estas visitas, Belice no solo presenta casos de \u00e9xito, sino que reafirma su posici\u00f3n como un destino donde la sostenibilidad se vive, se gestiona y se proyecta como eje central del desarrollo tur\u00edstico.<\/p>\n","protected":false},"excerpt":{"rendered":"<p>En el marco de la 17\u00aa Conferencia del Caribe sobre el Desarrollo del Turismo Sostenible, Belice traslada la conversaci\u00f3n m\u00e1s all\u00e1 de las salas de conferencias con una serie de visitas de campo dise\u00f1adas para mostrar, en la pr\u00e1ctica, su enfoque integral hacia la sostenibilidad. Bajo el concepto de \u201csostenibilidad en acci\u00f3n\u201d, los delegados participan [&hellip;]<\/p>\n","protected":false},"author":6,"featured_media":16978,"comment_status":"open","ping_status":"closed","sticky":false,"template":"","format":"standard","meta":{"footnotes":""},"categories":[1],"tags":[],"class_list":{"0":"post-16977","1":"post","2":"type-post","3":"status-publish","4":"format-standard","5":"has-post-thumbnail","7":"category-otros"},"yoast_head":"<!-- This site is optimized with the Yoast SEO plugin v27.3 - https:\/\/yoast.com\/product\/yoast-seo-wordpress\/ -->\n<title>Belice convierte la sostenibilidad en experiencia con recorridos inmersivos en tierra, mar y cultura - Sala de prensa<\/title>\n<meta name=\"robots\" content=\"index, follow, max-snippet:-1, max-image-preview:large, max-video-preview:-1\" \/>\n<link rel=\"canonical\" href=\"https:\/\/www.visitcentroamerica.com\/sala-prensa\/otros\/belice-convierte-la-sostenibilidad-en-experiencia-con-recorridos-inmersivos-en-tierra-mar-y-cultura\/\" \/>\n<meta property=\"og:locale\" content=\"es_ES\" \/>\n<meta property=\"og:type\" content=\"article\" \/>\n<meta property=\"og:title\" content=\"Belice convierte la sostenibilidad en experiencia con recorridos inmersivos en tierra, mar y cultura - Sala de prensa\" \/>\n<meta property=\"og:description\" content=\"En el marco de la 17\u00aa Conferencia del Caribe sobre el Desarrollo del Turismo Sostenible, Belice traslada la conversaci\u00f3n m\u00e1s all\u00e1 de las salas de conferencias con una serie de visitas de campo dise\u00f1adas para mostrar, en la pr\u00e1ctica, su enfoque integral hacia la sostenibilidad. Bajo el concepto de \u201csostenibilidad en acci\u00f3n\u201d, los delegados participan [&hellip;]\" \/>\n<meta property=\"og:url\" content=\"https:\/\/www.visitcentroamerica.com\/sala-prensa\/otros\/belice-convierte-la-sostenibilidad-en-experiencia-con-recorridos-inmersivos-en-tierra-mar-y-cultura\/\" \/>\n<meta property=\"og:site_name\" content=\"Sala de prensa\" \/>\n<meta property=\"article:published_time\" content=\"2026-04-29T23:48:28+00:00\" \/>\n<meta property=\"og:image\" content=\"https:\/\/www.visitcentroamerica.com\/sala-prensa\/wp-content\/uploads\/2026\/04\/WhatsApp-Image-2026-04-29-at-4.20.29-PM-scaled.jpeg\" \/>\n\t<meta property=\"og:image:width\" content=\"1600\" \/>\n\t<meta property=\"og:image:height\" content=\"1200\" \/>\n\t<meta property=\"og:image:type\" content=\"image\/jpeg\" \/>\n<meta name=\"author\" content=\"Dafne Franco\" \/>\n<meta name=\"twitter:card\" content=\"summary_large_image\" \/>\n<meta name=\"twitter:label1\" content=\"Escrito por\" \/>\n\t<meta name=\"twitter:data1\" content=\"Dafne Franco\" \/>\n\t<meta name=\"twitter:label2\" content=\"Tiempo de lectura\" \/>\n\t<meta name=\"twitter:data2\" content=\"2 minutos\" \/>\n<script type=\"application\/ld+json\" class=\"yoast-schema-graph\">{\"@context\":\"https:\\\/\\\/schema.org\",\"@graph\":[{\"@type\":\"Article\",\"@id\":\"https:\\\/\\\/www.visitcentroamerica.com\\\/sala-prensa\\\/otros\\\/belice-convierte-la-sostenibilidad-en-experiencia-con-recorridos-inmersivos-en-tierra-mar-y-cultura\\\/#article\",\"isPartOf\":{\"@id\":\"https:\\\/\\\/www.visitcentroamerica.com\\\/sala-prensa\\\/otros\\\/belice-convierte-la-sostenibilidad-en-experiencia-con-recorridos-inmersivos-en-tierra-mar-y-cultura\\\/\"},\"author\":{\"name\":\"Dafne Franco\",\"@id\":\"https:\\\/\\\/www.visitcentroamerica.com\\\/sala-prensa\\\/#\\\/schema\\\/person\\\/59be6d1215b91f3615c1bd403f512f60\"},\"headline\":\"Belice convierte la sostenibilidad en experiencia con recorridos inmersivos en tierra, mar y cultura\",\"datePublished\":\"2026-04-29T23:48:28+00:00\",\"mainEntityOfPage\":{\"@id\":\"https:\\\/\\\/www.visitcentroamerica.com\\\/sala-prensa\\\/otros\\\/belice-convierte-la-sostenibilidad-en-experiencia-con-recorridos-inmersivos-en-tierra-mar-y-cultura\\\/\"},\"wordCount\":319,\"commentCount\":0,\"image\":{\"@id\":\"https:\\\/\\\/www.visitcentroamerica.com\\\/sala-prensa\\\/otros\\\/belice-convierte-la-sostenibilidad-en-experiencia-con-recorridos-inmersivos-en-tierra-mar-y-cultura\\\/#primaryimage\"},\"thumbnailUrl\":\"https:\\\/\\\/www.visitcentroamerica.com\\\/sala-prensa\\\/wp-content\\\/uploads\\\/2026\\\/04\\\/WhatsApp-Image-2026-04-29-at-4.20.29-PM-scaled.jpeg\",\"articleSection\":[\"Otros\"],\"inLanguage\":\"es\",\"potentialAction\":[{\"@type\":\"CommentAction\",\"name\":\"Comment\",\"target\":[\"https:\\\/\\\/www.visitcentroamerica.com\\\/sala-prensa\\\/otros\\\/belice-convierte-la-sostenibilidad-en-experiencia-con-recorridos-inmersivos-en-tierra-mar-y-cultura\\\/#respond\"]}]},{\"@type\":\"WebPage\",\"@id\":\"https:\\\/\\\/www.visitcentroamerica.com\\\/sala-prensa\\\/otros\\\/belice-convierte-la-sostenibilidad-en-experiencia-con-recorridos-inmersivos-en-tierra-mar-y-cultura\\\/\",\"url\":\"https:\\\/\\\/www.visitcentroamerica.com\\\/sala-prensa\\\/otros\\\/belice-convierte-la-sostenibilidad-en-experiencia-con-recorridos-inmersivos-en-tierra-mar-y-cultura\\\/\",\"name\":\"Belice convierte la sostenibilidad en experiencia con recorridos inmersivos en tierra, mar y cultura - Sala de prensa\",\"isPartOf\":{\"@id\":\"https:\\\/\\\/www.visitcentroamerica.com\\\/sala-prensa\\\/#website\"},\"primaryImageOfPage\":{\"@id\":\"https:\\\/\\\/www.visitcentroamerica.com\\\/sala-prensa\\\/otros\\\/belice-convierte-la-sostenibilidad-en-experiencia-con-recorridos-inmersivos-en-tierra-mar-y-cultura\\\/#primaryimage\"},\"image\":{\"@id\":\"https:\\\/\\\/www.visitcentroamerica.com\\\/sala-prensa\\\/otros\\\/belice-convierte-la-sostenibilidad-en-experiencia-con-recorridos-inmersivos-en-tierra-mar-y-cultura\\\/#primaryimage\"},\"thumbnailUrl\":\"https:\\\/\\\/www.visitcentroamerica.com\\\/sala-prensa\\\/wp-content\\\/uploads\\\/2026\\\/04\\\/WhatsApp-Image-2026-04-29-at-4.20.29-PM-scaled.jpeg\",\"datePublished\":\"2026-04-29T23:48:28+00:00\",\"author\":{\"@id\":\"https:\\\/\\\/www.visitcentroamerica.com\\\/sala-prensa\\\/#\\\/schema\\\/person\\\/59be6d1215b91f3615c1bd403f512f60\"},\"breadcrumb\":{\"@id\":\"https:\\\/\\\/www.visitcentroamerica.com\\\/sala-prensa\\\/otros\\\/belice-convierte-la-sostenibilidad-en-experiencia-con-recorridos-inmersivos-en-tierra-mar-y-cultura\\\/#breadcrumb\"},\"inLanguage\":\"es\",\"potentialAction\":[{\"@type\":\"ReadAction\",\"target\":[\"https:\\\/\\\/www.visitcentroamerica.com\\\/sala-prensa\\\/otros\\\/belice-convierte-la-sostenibilidad-en-experiencia-con-recorridos-inmersivos-en-tierra-mar-y-cultura\\\/\"]}]},{\"@type\":\"ImageObject\",\"inLanguage\":\"es\",\"@id\":\"https:\\\/\\\/www.visitcentroamerica.com\\\/sala-prensa\\\/otros\\\/belice-convierte-la-sostenibilidad-en-experiencia-con-recorridos-inmersivos-en-tierra-mar-y-cultura\\\/#primaryimage\",\"url\":\"https:\\\/\\\/www.visitcentroamerica.com\\\/sala-prensa\\\/wp-content\\\/uploads\\\/2026\\\/04\\\/WhatsApp-Image-2026-04-29-at-4.20.29-PM-scaled.jpeg\",\"contentUrl\":\"https:\\\/\\\/www.visitcentroamerica.com\\\/sala-prensa\\\/wp-content\\\/uploads\\\/2026\\\/04\\\/WhatsApp-Image-2026-04-29-at-4.20.29-PM-scaled.jpeg\",\"width\":1600,\"height\":1200},{\"@type\":\"BreadcrumbList\",\"@id\":\"https:\\\/\\\/www.visitcentroamerica.com\\\/sala-prensa\\\/otros\\\/belice-convierte-la-sostenibilidad-en-experiencia-con-recorridos-inmersivos-en-tierra-mar-y-cultura\\\/#breadcrumb\",\"itemListElement\":[{\"@type\":\"ListItem\",\"position\":1,\"name\":\"Portada\",\"item\":\"https:\\\/\\\/www.visitcentroamerica.com\\\/sala-prensa\\\/\"},{\"@type\":\"ListItem\",\"position\":2,\"name\":\"Belice convierte la sostenibilidad en experiencia con recorridos inmersivos en tierra, mar y cultura\"}]},{\"@type\":\"WebSite\",\"@id\":\"https:\\\/\\\/www.visitcentroamerica.com\\\/sala-prensa\\\/#website\",\"url\":\"https:\\\/\\\/www.visitcentroamerica.com\\\/sala-prensa\\\/\",\"name\":\"Sala de prensa\",\"description\":\"\",\"potentialAction\":[{\"@type\":\"SearchAction\",\"target\":{\"@type\":\"EntryPoint\",\"urlTemplate\":\"https:\\\/\\\/www.visitcentroamerica.com\\\/sala-prensa\\\/?s={search_term_string}\"},\"query-input\":{\"@type\":\"PropertyValueSpecification\",\"valueRequired\":true,\"valueName\":\"search_term_string\"}}],\"inLanguage\":\"es\"},{\"@type\":\"Person\",\"@id\":\"https:\\\/\\\/www.visitcentroamerica.com\\\/sala-prensa\\\/#\\\/schema\\\/person\\\/59be6d1215b91f3615c1bd403f512f60\",\"name\":\"Dafne Franco\",\"image\":{\"@type\":\"ImageObject\",\"inLanguage\":\"es\",\"@id\":\"https:\\\/\\\/secure.gravatar.com\\\/avatar\\\/9d1ca1e4cce23c82e292f528a3ad52052d3fa1e03aabdb0af820d1980e40a8b2?s=96&d=mm&r=g\",\"url\":\"https:\\\/\\\/secure.gravatar.com\\\/avatar\\\/9d1ca1e4cce23c82e292f528a3ad52052d3fa1e03aabdb0af820d1980e40a8b2?s=96&d=mm&r=g\",\"contentUrl\":\"https:\\\/\\\/secure.gravatar.com\\\/avatar\\\/9d1ca1e4cce23c82e292f528a3ad52052d3fa1e03aabdb0af820d1980e40a8b2?s=96&d=mm&r=g\",\"caption\":\"Dafne Franco\"},\"url\":\"https:\\\/\\\/www.visitcentroamerica.com\\\/sala-prensa\\\/author\\\/dafne\\\/\"}]}<\/script>\n<!-- \/ Yoast SEO plugin. -->","yoast_head_json":{"title":"Belice convierte la sostenibilidad en experiencia con recorridos inmersivos en tierra, mar y cultura - Sala de prensa","robots":{"index":"index","follow":"follow","max-snippet":"max-snippet:-1","max-image-preview":"max-image-preview:large","max-video-preview":"max-video-preview:-1"},"canonical":"https:\/\/www.visitcentroamerica.com\/sala-prensa\/otros\/belice-convierte-la-sostenibilidad-en-experiencia-con-recorridos-inmersivos-en-tierra-mar-y-cultura\/","og_locale":"es_ES","og_type":"article","og_title":"Belice convierte la sostenibilidad en experiencia con recorridos inmersivos en tierra, mar y cultura - Sala de prensa","og_description":"En el marco de la 17\u00aa Conferencia del Caribe sobre el Desarrollo del Turismo Sostenible, Belice traslada la conversaci\u00f3n m\u00e1s all\u00e1 de las salas de conferencias con una serie de visitas de campo dise\u00f1adas para mostrar, en la pr\u00e1ctica, su enfoque integral hacia la sostenibilidad. Bajo el concepto de \u201csostenibilidad en acci\u00f3n\u201d, los delegados participan [&hellip;]","og_url":"https:\/\/www.visitcentroamerica.com\/sala-prensa\/otros\/belice-convierte-la-sostenibilidad-en-experiencia-con-recorridos-inmersivos-en-tierra-mar-y-cultura\/","og_site_name":"Sala de prensa","article_published_time":"2026-04-29T23:48:28+00:00","og_image":[{"width":1600,"height":1200,"url":"https:\/\/www.visitcentroamerica.com\/sala-prensa\/wp-content\/uploads\/2026\/04\/WhatsApp-Image-2026-04-29-at-4.20.29-PM-scaled.jpeg","type":"image\/jpeg"}],"author":"Dafne Franco","twitter_card":"summary_large_image","twitter_misc":{"Escrito por":"Dafne Franco","Tiempo de lectura":"2 minutos"},"schema":{"@context":"https:\/\/schema.org","@graph":[{"@type":"Article","@id":"https:\/\/www.visitcentroamerica.com\/sala-prensa\/otros\/belice-convierte-la-sostenibilidad-en-experiencia-con-recorridos-inmersivos-en-tierra-mar-y-cultura\/#article","isPartOf":{"@id":"https:\/\/www.visitcentroamerica.com\/sala-prensa\/otros\/belice-convierte-la-sostenibilidad-en-experiencia-con-recorridos-inmersivos-en-tierra-mar-y-cultura\/"},"author":{"name":"Dafne Franco","@id":"https:\/\/www.visitcentroamerica.com\/sala-prensa\/#\/schema\/person\/59be6d1215b91f3615c1bd403f512f60"},"headline":"Belice convierte la sostenibilidad en experiencia con recorridos inmersivos en tierra, mar y cultura","datePublished":"2026-04-29T23:48:28+00:00","mainEntityOfPage":{"@id":"https:\/\/www.visitcentroamerica.com\/sala-prensa\/otros\/belice-convierte-la-sostenibilidad-en-experiencia-con-recorridos-inmersivos-en-tierra-mar-y-cultura\/"},"wordCount":319,"commentCount":0,"image":{"@id":"https:\/\/www.visitcentroamerica.com\/sala-prensa\/otros\/belice-convierte-la-sostenibilidad-en-experiencia-con-recorridos-inmersivos-en-tierra-mar-y-cultura\/#primaryimage"},"thumbnailUrl":"https:\/\/www.visitcentroamerica.com\/sala-prensa\/wp-content\/uploads\/2026\/04\/WhatsApp-Image-2026-04-29-at-4.20.29-PM-scaled.jpeg","articleSection":["Otros"],"inLanguage":"es","potentialAction":[{"@type":"CommentAction","name":"Comment","target":["https:\/\/www.visitcentroamerica.com\/sala-prensa\/otros\/belice-convierte-la-sostenibilidad-en-experiencia-con-recorridos-inmersivos-en-tierra-mar-y-cultura\/#respond"]}]},{"@type":"WebPage","@id":"https:\/\/www.visitcentroamerica.com\/sala-prensa\/otros\/belice-convierte-la-sostenibilidad-en-experiencia-con-recorridos-inmersivos-en-tierra-mar-y-cultura\/","url":"https:\/\/www.visitcentroamerica.com\/sala-prensa\/otros\/belice-convierte-la-sostenibilidad-en-experiencia-con-recorridos-inmersivos-en-tierra-mar-y-cultura\/","name":"Belice convierte la sostenibilidad en experiencia con recorridos inmersivos en tierra, mar y cultura - Sala de prensa","isPartOf":{"@id":"https:\/\/www.visitcentroamerica.com\/sala-prensa\/#website"},"primaryImageOfPage":{"@id":"https:\/\/www.visitcentroamerica.com\/sala-prensa\/otros\/belice-convierte-la-sostenibilidad-en-experiencia-con-recorridos-inmersivos-en-tierra-mar-y-cultura\/#primaryimage"},"image":{"@id":"https:\/\/www.visitcentroamerica.com\/sala-prensa\/otros\/belice-convierte-la-sostenibilidad-en-experiencia-con-recorridos-inmersivos-en-tierra-mar-y-cultura\/#primaryimage"},"thumbnailUrl":"https:\/\/www.visitcentroamerica.com\/sala-prensa\/wp-content\/uploads\/2026\/04\/WhatsApp-Image-2026-04-29-at-4.20.29-PM-scaled.jpeg","datePublished":"2026-04-29T23:48:28+00:00","author":{"@id":"https:\/\/www.visitcentroamerica.com\/sala-prensa\/#\/schema\/person\/59be6d1215b91f3615c1bd403f512f60"},"breadcrumb":{"@id":"https:\/\/www.visitcentroamerica.com\/sala-prensa\/otros\/belice-convierte-la-sostenibilidad-en-experiencia-con-recorridos-inmersivos-en-tierra-mar-y-cultura\/#breadcrumb"},"inLanguage":"es","potentialAction":[{"@type":"ReadAction","target":["https:\/\/www.visitcentroamerica.com\/sala-prensa\/otros\/belice-convierte-la-sostenibilidad-en-experiencia-con-recorridos-inmersivos-en-tierra-mar-y-cultura\/"]}]},{"@type":"ImageObject","inLanguage":"es","@id":"https:\/\/www.visitcentroamerica.com\/sala-prensa\/otros\/belice-convierte-la-sostenibilidad-en-experiencia-con-recorridos-inmersivos-en-tierra-mar-y-cultura\/#primaryimage","url":"https:\/\/www.visitcentroamerica.com\/sala-prensa\/wp-content\/uploads\/2026\/04\/WhatsApp-Image-2026-04-29-at-4.20.29-PM-scaled.jpeg","contentUrl":"https:\/\/www.visitcentroamerica.com\/sala-prensa\/wp-content\/uploads\/2026\/04\/WhatsApp-Image-2026-04-29-at-4.20.29-PM-scaled.jpeg","width":1600,"height":1200},{"@type":"BreadcrumbList","@id":"https:\/\/www.visitcentroamerica.com\/sala-prensa\/otros\/belice-convierte-la-sostenibilidad-en-experiencia-con-recorridos-inmersivos-en-tierra-mar-y-cultura\/#breadcrumb","itemListElement":[{"@type":"ListItem","position":1,"name":"Portada","item":"https:\/\/www.visitcentroamerica.com\/sala-prensa\/"},{"@type":"ListItem","position":2,"name":"Belice convierte la sostenibilidad en experiencia con recorridos inmersivos en tierra, mar y cultura"}]},{"@type":"WebSite","@id":"https:\/\/www.visitcentroamerica.com\/sala-prensa\/#website","url":"https:\/\/www.visitcentroamerica.com\/sala-prensa\/","name":"Sala de prensa","description":"","potentialAction":[{"@type":"SearchAction","target":{"@type":"EntryPoint","urlTemplate":"https:\/\/www.visitcentroamerica.com\/sala-prensa\/?s={search_term_string}"},"query-input":{"@type":"PropertyValueSpecification","valueRequired":true,"valueName":"search_term_string"}}],"inLanguage":"es"},{"@type":"Person","@id":"https:\/\/www.visitcentroamerica.com\/sala-prensa\/#\/schema\/person\/59be6d1215b91f3615c1bd403f512f60","name":"Dafne Franco","image":{"@type":"ImageObject","inLanguage":"es","@id":"https:\/\/secure.gravatar.com\/avatar\/9d1ca1e4cce23c82e292f528a3ad52052d3fa1e03aabdb0af820d1980e40a8b2?s=96&d=mm&r=g","url":"https:\/\/secure.gravatar.com\/avatar\/9d1ca1e4cce23c82e292f528a3ad52052d3fa1e03aabdb0af820d1980e40a8b2?s=96&d=mm&r=g","contentUrl":"https:\/\/secure.gravatar.com\/avatar\/9d1ca1e4cce23c82e292f528a3ad52052d3fa1e03aabdb0af820d1980e40a8b2?s=96&d=mm&r=g","caption":"Dafne Franco"},"url":"https:\/\/www.visitcentroamerica.com\/sala-prensa\/author\/dafne\/"}]}},"_links":{"self":[{"href":"https:\/\/www.visitcentroamerica.com\/sala-prensa\/wp-json\/wp\/v2\/posts\/16977","targetHints":{"allow":["GET"]}}],"collection":[{"href":"https:\/\/www.visitcentroamerica.com\/sala-prensa\/wp-json\/wp\/v2\/posts"}],"about":[{"href":"https:\/\/www.visitcentroamerica.com\/sala-prensa\/wp-json\/wp\/v2\/types\/post"}],"author":[{"embeddable":true,"href":"https:\/\/www.visitcentroamerica.com\/sala-prensa\/wp-json\/wp\/v2\/users\/6"}],"replies":[{"embeddable":true,"href":"https:\/\/www.visitcentroamerica.com\/sala-prensa\/wp-json\/wp\/v2\/comments?post=16977"}],"version-history":[{"count":1,"href":"https:\/\/www.visitcentroamerica.com\/sala-prensa\/wp-json\/wp\/v2\/posts\/16977\/revisions"}],"predecessor-version":[{"id":16980,"href":"https:\/\/www.visitcentroamerica.com\/sala-prensa\/wp-json\/wp\/v2\/posts\/16977\/revisions\/16980"}],"wp:featuredmedia":[{"embeddable":true,"href":"https:\/\/www.visitcentroamerica.com\/sala-prensa\/wp-json\/wp\/v2\/media\/16978"}],"wp:attachment":[{"href":"https:\/\/www.visitcentroamerica.com\/sala-prensa\/wp-json\/wp\/v2\/media?parent=16977"}],"wp:term":[{"taxonomy":"category","embeddable":true,"href":"https:\/\/www.visitcentroamerica.com\/sala-prensa\/wp-json\/wp\/v2\/categories?post=16977"},{"taxonomy":"post_tag","embeddable":true,"href":"https:\/\/www.visitcentroamerica.com\/sala-prensa\/wp-json\/wp\/v2\/tags?post=16977"}],"curies":[{"name":"wp","href":"https:\/\/api.w.org\/{rel}","templated":true}]}}