{"id":16973,"date":"2026-04-30T01:15:05","date_gmt":"2026-04-29T23:15:05","guid":{"rendered":"https:\/\/www.visitcentroamerica.com\/sala-prensa\/?p=16973"},"modified":"2026-04-30T01:15:05","modified_gmt":"2026-04-29T23:15:05","slug":"belice-reune-a-29-paises-y-lidera-la-conversacion-sobre-el-futuro-del-turismo-sostenible-en-el-caribe","status":"publish","type":"post","link":"https:\/\/www.visitcentroamerica.com\/sala-prensa\/actualidad\/belice\/belice-reune-a-29-paises-y-lidera-la-conversacion-sobre-el-futuro-del-turismo-sostenible-en-el-caribe\/","title":{"rendered":"Belice re\u00fane a 29 pa\u00edses y lidera la conversaci\u00f3n \ufeffsobre el futuro del turismo sostenible en el Caribe"},"content":{"rendered":"<p>Belice acoge esta semana a m\u00e1s de 300 delegados de 29 pa\u00edses en el marco de la 17\u00aa Conferencia del Caribe sobre el Desarrollo del Turismo Sostenible, la cual se realiza del 27 al 30 de abril de 2026 en Cayo Ambergris, consolid\u00e1ndose como punto de encuentro para el di\u00e1logo regional y global sobre el futuro del turismo.<\/p>\n<p>El evento, organizado por la Belize Tourism Board (BTB) junto a la Caribbean Tourism Organization, re\u00fane a ministros, responsables de pol\u00edticas p\u00fablicas y expertos internacionales bajo el lema \u201cTurismo a todo color\u201d, una propuesta que integra las econom\u00edas azul, verde, naranja y m\u00e1s all\u00e1 en un modelo de desarrollo sostenible y hol\u00edstico.<\/p>\n<p>Durante la inauguraci\u00f3n, el ministro de Turismo de Belice, Anthony Mahler, destac\u00f3 la riqueza natural y cultural del pa\u00eds, desde la barrera de coral m\u00e1s grande del hemisferio occidental hasta sus bosques tropicales y diversidad cultural, como pilares de una industria tur\u00edstica que, en el Caribe, representa en promedio el 32% del PIB, superando incluso el 90% en algunos peque\u00f1os estados insulares.<\/p>\n<p>El programa de la conferencia se desarrolla a lo largo de tres d\u00edas y medio con una agenda que incluye di\u00e1logos ministeriales, sesiones plenarias, clases magistrales y espacios de intercambio enfocados en temas clave como la resiliencia clim\u00e1tica, el financiamiento azul y verde, el turismo regenerativo y el fortalecimiento de las industrias culturales y creativas.<\/p>\n<p>En este espacio, la Agencia de Promoci\u00f3n Tur\u00edstica de Centroam\u00e9rica (CATA) participa como actor regional, impulsando el intercambio de experiencias y la identificaci\u00f3n de oportunidades de articulaci\u00f3n entre el Caribe y Centroam\u00e9rica en torno a modelos de turismo m\u00e1s sostenibles, resilientes e inclusivos.<\/p>\n<p>En este contexto, las denominadas econom\u00edas azul, verde y naranja hacen referencia a distintos motores del desarrollo sostenible: la econom\u00eda azul, vinculada al aprovechamiento responsable de los recursos marinos y costeros; la econom\u00eda verde, centrada en la conservaci\u00f3n de los ecosistemas y la gesti\u00f3n sostenible de los recursos naturales; y la econom\u00eda naranja, que pone en valor las industrias culturales y creativas como generadoras de identidad, innovaci\u00f3n y desarrollo econ\u00f3mico. Su integraci\u00f3n plantea una visi\u00f3n m\u00e1s completa y articulada del turismo en la regi\u00f3n.<\/p>\n<p>M\u00e1s all\u00e1 de las salas de conferencias, Belice proyecta su liderazgo a trav\u00e9s de experiencias de campo que permiten a los delegados conocer de primera mano iniciativas de turismo sostenible en acci\u00f3n. Desde la Reserva Marina Hol Chan hasta el santuario de vida silvestre de Cockscomb Basin, pasando por experiencias culturales gar\u00edfunas y recorridos vinculados al cacao y la herencia maya, el pa\u00eds se presenta como un laboratorio vivo donde la sostenibilidad se traduce en pr\u00e1cticas concretas.<\/p>\n<p>Con este encuentro, Belice no solo convoca a la regi\u00f3n y al mundo, sino que reafirma su papel como referente en la construcci\u00f3n de un turismo m\u00e1s consciente, competitivo y centrado en las comunidades, impulsando adem\u00e1s una mayor colaboraci\u00f3n entre el Caribe y Centroam\u00e9rica para afrontar los desaf\u00edos y oportunidades del sector.<\/p>\n","protected":false},"excerpt":{"rendered":"<p>Belice acoge esta semana a m\u00e1s de 300 delegados de 29 pa\u00edses en el marco de la 17\u00aa Conferencia del Caribe sobre el Desarrollo del Turismo Sostenible, la cual se realiza del 27 al 30 de abril de 2026 en Cayo Ambergris, consolid\u00e1ndose como punto de encuentro para el di\u00e1logo regional y global sobre el [&hellip;]<\/p>\n","protected":false},"author":6,"featured_media":16974,"comment_status":"open","ping_status":"closed","sticky":false,"template":"","format":"standard","meta":{"footnotes":""},"categories":[13],"tags":[],"class_list":{"0":"post-16973","1":"post","2":"type-post","3":"status-publish","4":"format-standard","5":"has-post-thumbnail","7":"category-belice"},"yoast_head":"<!-- This site is optimized with the Yoast SEO plugin v27.3 - https:\/\/yoast.com\/product\/yoast-seo-wordpress\/ -->\n<title>Belice re\u00fane a 29 pa\u00edses y lidera la conversaci\u00f3n \ufeffsobre el futuro del turismo sostenible en el Caribe - Sala de prensa<\/title>\n<meta name=\"robots\" content=\"index, follow, max-snippet:-1, max-image-preview:large, max-video-preview:-1\" \/>\n<link rel=\"canonical\" href=\"https:\/\/www.visitcentroamerica.com\/sala-prensa\/actualidad\/belice\/belice-reune-a-29-paises-y-lidera-la-conversacion-sobre-el-futuro-del-turismo-sostenible-en-el-caribe\/\" \/>\n<meta property=\"og:locale\" content=\"es_ES\" \/>\n<meta property=\"og:type\" content=\"article\" \/>\n<meta property=\"og:title\" content=\"Belice re\u00fane a 29 pa\u00edses y lidera la conversaci\u00f3n \ufeffsobre el futuro del turismo sostenible en el Caribe - Sala de prensa\" \/>\n<meta property=\"og:description\" content=\"Belice acoge esta semana a m\u00e1s de 300 delegados de 29 pa\u00edses en el marco de la 17\u00aa Conferencia del Caribe sobre el Desarrollo del Turismo Sostenible, la cual se realiza del 27 al 30 de abril de 2026 en Cayo Ambergris, consolid\u00e1ndose como punto de encuentro para el di\u00e1logo regional y global sobre el [&hellip;]\" \/>\n<meta property=\"og:url\" content=\"https:\/\/www.visitcentroamerica.com\/sala-prensa\/actualidad\/belice\/belice-reune-a-29-paises-y-lidera-la-conversacion-sobre-el-futuro-del-turismo-sostenible-en-el-caribe\/\" \/>\n<meta property=\"og:site_name\" content=\"Sala de prensa\" \/>\n<meta property=\"article:published_time\" content=\"2026-04-29T23:15:05+00:00\" \/>\n<meta property=\"og:image\" content=\"https:\/\/www.visitcentroamerica.com\/sala-prensa\/wp-content\/uploads\/2026\/04\/WhatsApp-Image-2026-04-28-at-2.41.55-PM.jpeg\" \/>\n\t<meta property=\"og:image:width\" content=\"1280\" \/>\n\t<meta property=\"og:image:height\" content=\"960\" \/>\n\t<meta property=\"og:image:type\" content=\"image\/jpeg\" \/>\n<meta name=\"author\" content=\"Dafne Franco\" \/>\n<meta name=\"twitter:card\" content=\"summary_large_image\" \/>\n<meta name=\"twitter:label1\" content=\"Escrito por\" \/>\n\t<meta name=\"twitter:data1\" content=\"Dafne Franco\" \/>\n\t<meta name=\"twitter:label2\" content=\"Tiempo de lectura\" \/>\n\t<meta name=\"twitter:data2\" content=\"3 minutos\" \/>\n<script type=\"application\/ld+json\" class=\"yoast-schema-graph\">{\"@context\":\"https:\\\/\\\/schema.org\",\"@graph\":[{\"@type\":\"Article\",\"@id\":\"https:\\\/\\\/www.visitcentroamerica.com\\\/sala-prensa\\\/actualidad\\\/belice\\\/belice-reune-a-29-paises-y-lidera-la-conversacion-sobre-el-futuro-del-turismo-sostenible-en-el-caribe\\\/#article\",\"isPartOf\":{\"@id\":\"https:\\\/\\\/www.visitcentroamerica.com\\\/sala-prensa\\\/actualidad\\\/belice\\\/belice-reune-a-29-paises-y-lidera-la-conversacion-sobre-el-futuro-del-turismo-sostenible-en-el-caribe\\\/\"},\"author\":{\"name\":\"Dafne Franco\",\"@id\":\"https:\\\/\\\/www.visitcentroamerica.com\\\/sala-prensa\\\/#\\\/schema\\\/person\\\/59be6d1215b91f3615c1bd403f512f60\"},\"headline\":\"Belice re\u00fane a 29 pa\u00edses y lidera la conversaci\u00f3n \ufeffsobre el futuro del turismo sostenible en el Caribe\",\"datePublished\":\"2026-04-29T23:15:05+00:00\",\"mainEntityOfPage\":{\"@id\":\"https:\\\/\\\/www.visitcentroamerica.com\\\/sala-prensa\\\/actualidad\\\/belice\\\/belice-reune-a-29-paises-y-lidera-la-conversacion-sobre-el-futuro-del-turismo-sostenible-en-el-caribe\\\/\"},\"wordCount\":545,\"commentCount\":0,\"image\":{\"@id\":\"https:\\\/\\\/www.visitcentroamerica.com\\\/sala-prensa\\\/actualidad\\\/belice\\\/belice-reune-a-29-paises-y-lidera-la-conversacion-sobre-el-futuro-del-turismo-sostenible-en-el-caribe\\\/#primaryimage\"},\"thumbnailUrl\":\"https:\\\/\\\/www.visitcentroamerica.com\\\/sala-prensa\\\/wp-content\\\/uploads\\\/2026\\\/04\\\/WhatsApp-Image-2026-04-28-at-2.41.55-PM.jpeg\",\"articleSection\":[\"Belice\"],\"inLanguage\":\"es\",\"potentialAction\":[{\"@type\":\"CommentAction\",\"name\":\"Comment\",\"target\":[\"https:\\\/\\\/www.visitcentroamerica.com\\\/sala-prensa\\\/actualidad\\\/belice\\\/belice-reune-a-29-paises-y-lidera-la-conversacion-sobre-el-futuro-del-turismo-sostenible-en-el-caribe\\\/#respond\"]}]},{\"@type\":\"WebPage\",\"@id\":\"https:\\\/\\\/www.visitcentroamerica.com\\\/sala-prensa\\\/actualidad\\\/belice\\\/belice-reune-a-29-paises-y-lidera-la-conversacion-sobre-el-futuro-del-turismo-sostenible-en-el-caribe\\\/\",\"url\":\"https:\\\/\\\/www.visitcentroamerica.com\\\/sala-prensa\\\/actualidad\\\/belice\\\/belice-reune-a-29-paises-y-lidera-la-conversacion-sobre-el-futuro-del-turismo-sostenible-en-el-caribe\\\/\",\"name\":\"Belice re\u00fane a 29 pa\u00edses y lidera la conversaci\u00f3n \ufeffsobre el futuro del turismo sostenible en el Caribe - Sala de prensa\",\"isPartOf\":{\"@id\":\"https:\\\/\\\/www.visitcentroamerica.com\\\/sala-prensa\\\/#website\"},\"primaryImageOfPage\":{\"@id\":\"https:\\\/\\\/www.visitcentroamerica.com\\\/sala-prensa\\\/actualidad\\\/belice\\\/belice-reune-a-29-paises-y-lidera-la-conversacion-sobre-el-futuro-del-turismo-sostenible-en-el-caribe\\\/#primaryimage\"},\"image\":{\"@id\":\"https:\\\/\\\/www.visitcentroamerica.com\\\/sala-prensa\\\/actualidad\\\/belice\\\/belice-reune-a-29-paises-y-lidera-la-conversacion-sobre-el-futuro-del-turismo-sostenible-en-el-caribe\\\/#primaryimage\"},\"thumbnailUrl\":\"https:\\\/\\\/www.visitcentroamerica.com\\\/sala-prensa\\\/wp-content\\\/uploads\\\/2026\\\/04\\\/WhatsApp-Image-2026-04-28-at-2.41.55-PM.jpeg\",\"datePublished\":\"2026-04-29T23:15:05+00:00\",\"author\":{\"@id\":\"https:\\\/\\\/www.visitcentroamerica.com\\\/sala-prensa\\\/#\\\/schema\\\/person\\\/59be6d1215b91f3615c1bd403f512f60\"},\"breadcrumb\":{\"@id\":\"https:\\\/\\\/www.visitcentroamerica.com\\\/sala-prensa\\\/actualidad\\\/belice\\\/belice-reune-a-29-paises-y-lidera-la-conversacion-sobre-el-futuro-del-turismo-sostenible-en-el-caribe\\\/#breadcrumb\"},\"inLanguage\":\"es\",\"potentialAction\":[{\"@type\":\"ReadAction\",\"target\":[\"https:\\\/\\\/www.visitcentroamerica.com\\\/sala-prensa\\\/actualidad\\\/belice\\\/belice-reune-a-29-paises-y-lidera-la-conversacion-sobre-el-futuro-del-turismo-sostenible-en-el-caribe\\\/\"]}]},{\"@type\":\"ImageObject\",\"inLanguage\":\"es\",\"@id\":\"https:\\\/\\\/www.visitcentroamerica.com\\\/sala-prensa\\\/actualidad\\\/belice\\\/belice-reune-a-29-paises-y-lidera-la-conversacion-sobre-el-futuro-del-turismo-sostenible-en-el-caribe\\\/#primaryimage\",\"url\":\"https:\\\/\\\/www.visitcentroamerica.com\\\/sala-prensa\\\/wp-content\\\/uploads\\\/2026\\\/04\\\/WhatsApp-Image-2026-04-28-at-2.41.55-PM.jpeg\",\"contentUrl\":\"https:\\\/\\\/www.visitcentroamerica.com\\\/sala-prensa\\\/wp-content\\\/uploads\\\/2026\\\/04\\\/WhatsApp-Image-2026-04-28-at-2.41.55-PM.jpeg\",\"width\":1280,\"height\":960},{\"@type\":\"BreadcrumbList\",\"@id\":\"https:\\\/\\\/www.visitcentroamerica.com\\\/sala-prensa\\\/actualidad\\\/belice\\\/belice-reune-a-29-paises-y-lidera-la-conversacion-sobre-el-futuro-del-turismo-sostenible-en-el-caribe\\\/#breadcrumb\",\"itemListElement\":[{\"@type\":\"ListItem\",\"position\":1,\"name\":\"Portada\",\"item\":\"https:\\\/\\\/www.visitcentroamerica.com\\\/sala-prensa\\\/\"},{\"@type\":\"ListItem\",\"position\":2,\"name\":\"Belice re\u00fane a 29 pa\u00edses y lidera la conversaci\u00f3n \ufeffsobre el futuro del turismo sostenible en el Caribe\"}]},{\"@type\":\"WebSite\",\"@id\":\"https:\\\/\\\/www.visitcentroamerica.com\\\/sala-prensa\\\/#website\",\"url\":\"https:\\\/\\\/www.visitcentroamerica.com\\\/sala-prensa\\\/\",\"name\":\"Sala de prensa\",\"description\":\"\",\"potentialAction\":[{\"@type\":\"SearchAction\",\"target\":{\"@type\":\"EntryPoint\",\"urlTemplate\":\"https:\\\/\\\/www.visitcentroamerica.com\\\/sala-prensa\\\/?s={search_term_string}\"},\"query-input\":{\"@type\":\"PropertyValueSpecification\",\"valueRequired\":true,\"valueName\":\"search_term_string\"}}],\"inLanguage\":\"es\"},{\"@type\":\"Person\",\"@id\":\"https:\\\/\\\/www.visitcentroamerica.com\\\/sala-prensa\\\/#\\\/schema\\\/person\\\/59be6d1215b91f3615c1bd403f512f60\",\"name\":\"Dafne Franco\",\"image\":{\"@type\":\"ImageObject\",\"inLanguage\":\"es\",\"@id\":\"https:\\\/\\\/secure.gravatar.com\\\/avatar\\\/9d1ca1e4cce23c82e292f528a3ad52052d3fa1e03aabdb0af820d1980e40a8b2?s=96&d=mm&r=g\",\"url\":\"https:\\\/\\\/secure.gravatar.com\\\/avatar\\\/9d1ca1e4cce23c82e292f528a3ad52052d3fa1e03aabdb0af820d1980e40a8b2?s=96&d=mm&r=g\",\"contentUrl\":\"https:\\\/\\\/secure.gravatar.com\\\/avatar\\\/9d1ca1e4cce23c82e292f528a3ad52052d3fa1e03aabdb0af820d1980e40a8b2?s=96&d=mm&r=g\",\"caption\":\"Dafne Franco\"},\"url\":\"https:\\\/\\\/www.visitcentroamerica.com\\\/sala-prensa\\\/author\\\/dafne\\\/\"}]}<\/script>\n<!-- \/ Yoast SEO plugin. -->","yoast_head_json":{"title":"Belice re\u00fane a 29 pa\u00edses y lidera la conversaci\u00f3n \ufeffsobre el futuro del turismo sostenible en el Caribe - Sala de prensa","robots":{"index":"index","follow":"follow","max-snippet":"max-snippet:-1","max-image-preview":"max-image-preview:large","max-video-preview":"max-video-preview:-1"},"canonical":"https:\/\/www.visitcentroamerica.com\/sala-prensa\/actualidad\/belice\/belice-reune-a-29-paises-y-lidera-la-conversacion-sobre-el-futuro-del-turismo-sostenible-en-el-caribe\/","og_locale":"es_ES","og_type":"article","og_title":"Belice re\u00fane a 29 pa\u00edses y lidera la conversaci\u00f3n \ufeffsobre el futuro del turismo sostenible en el Caribe - Sala de prensa","og_description":"Belice acoge esta semana a m\u00e1s de 300 delegados de 29 pa\u00edses en el marco de la 17\u00aa Conferencia del Caribe sobre el Desarrollo del Turismo Sostenible, la cual se realiza del 27 al 30 de abril de 2026 en Cayo Ambergris, consolid\u00e1ndose como punto de encuentro para el di\u00e1logo regional y global sobre el [&hellip;]","og_url":"https:\/\/www.visitcentroamerica.com\/sala-prensa\/actualidad\/belice\/belice-reune-a-29-paises-y-lidera-la-conversacion-sobre-el-futuro-del-turismo-sostenible-en-el-caribe\/","og_site_name":"Sala de prensa","article_published_time":"2026-04-29T23:15:05+00:00","og_image":[{"width":1280,"height":960,"url":"https:\/\/www.visitcentroamerica.com\/sala-prensa\/wp-content\/uploads\/2026\/04\/WhatsApp-Image-2026-04-28-at-2.41.55-PM.jpeg","type":"image\/jpeg"}],"author":"Dafne Franco","twitter_card":"summary_large_image","twitter_misc":{"Escrito por":"Dafne Franco","Tiempo de lectura":"3 minutos"},"schema":{"@context":"https:\/\/schema.org","@graph":[{"@type":"Article","@id":"https:\/\/www.visitcentroamerica.com\/sala-prensa\/actualidad\/belice\/belice-reune-a-29-paises-y-lidera-la-conversacion-sobre-el-futuro-del-turismo-sostenible-en-el-caribe\/#article","isPartOf":{"@id":"https:\/\/www.visitcentroamerica.com\/sala-prensa\/actualidad\/belice\/belice-reune-a-29-paises-y-lidera-la-conversacion-sobre-el-futuro-del-turismo-sostenible-en-el-caribe\/"},"author":{"name":"Dafne Franco","@id":"https:\/\/www.visitcentroamerica.com\/sala-prensa\/#\/schema\/person\/59be6d1215b91f3615c1bd403f512f60"},"headline":"Belice re\u00fane a 29 pa\u00edses y lidera la conversaci\u00f3n \ufeffsobre el futuro del turismo sostenible en el Caribe","datePublished":"2026-04-29T23:15:05+00:00","mainEntityOfPage":{"@id":"https:\/\/www.visitcentroamerica.com\/sala-prensa\/actualidad\/belice\/belice-reune-a-29-paises-y-lidera-la-conversacion-sobre-el-futuro-del-turismo-sostenible-en-el-caribe\/"},"wordCount":545,"commentCount":0,"image":{"@id":"https:\/\/www.visitcentroamerica.com\/sala-prensa\/actualidad\/belice\/belice-reune-a-29-paises-y-lidera-la-conversacion-sobre-el-futuro-del-turismo-sostenible-en-el-caribe\/#primaryimage"},"thumbnailUrl":"https:\/\/www.visitcentroamerica.com\/sala-prensa\/wp-content\/uploads\/2026\/04\/WhatsApp-Image-2026-04-28-at-2.41.55-PM.jpeg","articleSection":["Belice"],"inLanguage":"es","potentialAction":[{"@type":"CommentAction","name":"Comment","target":["https:\/\/www.visitcentroamerica.com\/sala-prensa\/actualidad\/belice\/belice-reune-a-29-paises-y-lidera-la-conversacion-sobre-el-futuro-del-turismo-sostenible-en-el-caribe\/#respond"]}]},{"@type":"WebPage","@id":"https:\/\/www.visitcentroamerica.com\/sala-prensa\/actualidad\/belice\/belice-reune-a-29-paises-y-lidera-la-conversacion-sobre-el-futuro-del-turismo-sostenible-en-el-caribe\/","url":"https:\/\/www.visitcentroamerica.com\/sala-prensa\/actualidad\/belice\/belice-reune-a-29-paises-y-lidera-la-conversacion-sobre-el-futuro-del-turismo-sostenible-en-el-caribe\/","name":"Belice re\u00fane a 29 pa\u00edses y lidera la conversaci\u00f3n \ufeffsobre el futuro del turismo sostenible en el Caribe - Sala de prensa","isPartOf":{"@id":"https:\/\/www.visitcentroamerica.com\/sala-prensa\/#website"},"primaryImageOfPage":{"@id":"https:\/\/www.visitcentroamerica.com\/sala-prensa\/actualidad\/belice\/belice-reune-a-29-paises-y-lidera-la-conversacion-sobre-el-futuro-del-turismo-sostenible-en-el-caribe\/#primaryimage"},"image":{"@id":"https:\/\/www.visitcentroamerica.com\/sala-prensa\/actualidad\/belice\/belice-reune-a-29-paises-y-lidera-la-conversacion-sobre-el-futuro-del-turismo-sostenible-en-el-caribe\/#primaryimage"},"thumbnailUrl":"https:\/\/www.visitcentroamerica.com\/sala-prensa\/wp-content\/uploads\/2026\/04\/WhatsApp-Image-2026-04-28-at-2.41.55-PM.jpeg","datePublished":"2026-04-29T23:15:05+00:00","author":{"@id":"https:\/\/www.visitcentroamerica.com\/sala-prensa\/#\/schema\/person\/59be6d1215b91f3615c1bd403f512f60"},"breadcrumb":{"@id":"https:\/\/www.visitcentroamerica.com\/sala-prensa\/actualidad\/belice\/belice-reune-a-29-paises-y-lidera-la-conversacion-sobre-el-futuro-del-turismo-sostenible-en-el-caribe\/#breadcrumb"},"inLanguage":"es","potentialAction":[{"@type":"ReadAction","target":["https:\/\/www.visitcentroamerica.com\/sala-prensa\/actualidad\/belice\/belice-reune-a-29-paises-y-lidera-la-conversacion-sobre-el-futuro-del-turismo-sostenible-en-el-caribe\/"]}]},{"@type":"ImageObject","inLanguage":"es","@id":"https:\/\/www.visitcentroamerica.com\/sala-prensa\/actualidad\/belice\/belice-reune-a-29-paises-y-lidera-la-conversacion-sobre-el-futuro-del-turismo-sostenible-en-el-caribe\/#primaryimage","url":"https:\/\/www.visitcentroamerica.com\/sala-prensa\/wp-content\/uploads\/2026\/04\/WhatsApp-Image-2026-04-28-at-2.41.55-PM.jpeg","contentUrl":"https:\/\/www.visitcentroamerica.com\/sala-prensa\/wp-content\/uploads\/2026\/04\/WhatsApp-Image-2026-04-28-at-2.41.55-PM.jpeg","width":1280,"height":960},{"@type":"BreadcrumbList","@id":"https:\/\/www.visitcentroamerica.com\/sala-prensa\/actualidad\/belice\/belice-reune-a-29-paises-y-lidera-la-conversacion-sobre-el-futuro-del-turismo-sostenible-en-el-caribe\/#breadcrumb","itemListElement":[{"@type":"ListItem","position":1,"name":"Portada","item":"https:\/\/www.visitcentroamerica.com\/sala-prensa\/"},{"@type":"ListItem","position":2,"name":"Belice re\u00fane a 29 pa\u00edses y lidera la conversaci\u00f3n \ufeffsobre el futuro del turismo sostenible en el Caribe"}]},{"@type":"WebSite","@id":"https:\/\/www.visitcentroamerica.com\/sala-prensa\/#website","url":"https:\/\/www.visitcentroamerica.com\/sala-prensa\/","name":"Sala de prensa","description":"","potentialAction":[{"@type":"SearchAction","target":{"@type":"EntryPoint","urlTemplate":"https:\/\/www.visitcentroamerica.com\/sala-prensa\/?s={search_term_string}"},"query-input":{"@type":"PropertyValueSpecification","valueRequired":true,"valueName":"search_term_string"}}],"inLanguage":"es"},{"@type":"Person","@id":"https:\/\/www.visitcentroamerica.com\/sala-prensa\/#\/schema\/person\/59be6d1215b91f3615c1bd403f512f60","name":"Dafne Franco","image":{"@type":"ImageObject","inLanguage":"es","@id":"https:\/\/secure.gravatar.com\/avatar\/9d1ca1e4cce23c82e292f528a3ad52052d3fa1e03aabdb0af820d1980e40a8b2?s=96&d=mm&r=g","url":"https:\/\/secure.gravatar.com\/avatar\/9d1ca1e4cce23c82e292f528a3ad52052d3fa1e03aabdb0af820d1980e40a8b2?s=96&d=mm&r=g","contentUrl":"https:\/\/secure.gravatar.com\/avatar\/9d1ca1e4cce23c82e292f528a3ad52052d3fa1e03aabdb0af820d1980e40a8b2?s=96&d=mm&r=g","caption":"Dafne Franco"},"url":"https:\/\/www.visitcentroamerica.com\/sala-prensa\/author\/dafne\/"}]}},"_links":{"self":[{"href":"https:\/\/www.visitcentroamerica.com\/sala-prensa\/wp-json\/wp\/v2\/posts\/16973","targetHints":{"allow":["GET"]}}],"collection":[{"href":"https:\/\/www.visitcentroamerica.com\/sala-prensa\/wp-json\/wp\/v2\/posts"}],"about":[{"href":"https:\/\/www.visitcentroamerica.com\/sala-prensa\/wp-json\/wp\/v2\/types\/post"}],"author":[{"embeddable":true,"href":"https:\/\/www.visitcentroamerica.com\/sala-prensa\/wp-json\/wp\/v2\/users\/6"}],"replies":[{"embeddable":true,"href":"https:\/\/www.visitcentroamerica.com\/sala-prensa\/wp-json\/wp\/v2\/comments?post=16973"}],"version-history":[{"count":1,"href":"https:\/\/www.visitcentroamerica.com\/sala-prensa\/wp-json\/wp\/v2\/posts\/16973\/revisions"}],"predecessor-version":[{"id":16976,"href":"https:\/\/www.visitcentroamerica.com\/sala-prensa\/wp-json\/wp\/v2\/posts\/16973\/revisions\/16976"}],"wp:featuredmedia":[{"embeddable":true,"href":"https:\/\/www.visitcentroamerica.com\/sala-prensa\/wp-json\/wp\/v2\/media\/16974"}],"wp:attachment":[{"href":"https:\/\/www.visitcentroamerica.com\/sala-prensa\/wp-json\/wp\/v2\/media?parent=16973"}],"wp:term":[{"taxonomy":"category","embeddable":true,"href":"https:\/\/www.visitcentroamerica.com\/sala-prensa\/wp-json\/wp\/v2\/categories?post=16973"},{"taxonomy":"post_tag","embeddable":true,"href":"https:\/\/www.visitcentroamerica.com\/sala-prensa\/wp-json\/wp\/v2\/tags?post=16973"}],"curies":[{"name":"wp","href":"https:\/\/api.w.org\/{rel}","templated":true}]}}