{"id":16799,"date":"2025-11-12T21:50:14","date_gmt":"2025-11-12T20:50:14","guid":{"rendered":"https:\/\/www.visitcentroamerica.com\/sala-prensa\/?p=16799"},"modified":"2025-11-12T21:50:14","modified_gmt":"2025-11-12T20:50:14","slug":"centroamerica-un-destino-que-redefine-la-distancia-y-el-tiempo","status":"publish","type":"post","link":"https:\/\/www.visitcentroamerica.com\/sala-prensa\/otros\/centroamerica-un-destino-que-redefine-la-distancia-y-el-tiempo\/","title":{"rendered":"Centroam\u00e9rica, un destino que redefine la distancia  y el tiempo"},"content":{"rendered":"<p><em>Entre dos oc\u00e9anos y decenas de culturas, el istmo m\u00e1s diverso del mundo invita a abrir una puerta hacia experiencias transformadoras.<\/em><\/p>\n<p>El viaje no empieza cuando el avi\u00f3n despega. Comienza cuando el deseo de escapar de la rutina se transforma en curiosidad por lo desconocido. A veces, esa curiosidad se dirige hacia un punto en el mapa que parece distante, pero que, en realidad, est\u00e1 mucho m\u00e1s cerca de lo que imaginamos.<\/p>\n<p>A doce horas de vuelo desde Europa, <strong>Centroam\u00e9rica<\/strong> se revela como una puerta abierta al otro lado del tiempo. Una franja de tierra suspendida entre dos oc\u00e9anos, donde el amanecer puede pertenecer al Caribe y el atardecer al Pac\u00edfico. Aqu\u00ed, cada kil\u00f3metro recorrido ofrece un rostro diferente del mundo: el aroma del caf\u00e9, el sonido del mar, la silueta de un volc\u00e1n que respira, el color de un mercado o el vuelo de un colibr\u00ed sobre una flor tropical. Viajar a esta regi\u00f3n no es cruzar el mapa: es <strong>abrir una puerta a lo inesperado<\/strong>.<\/p>\n<p><strong>Siete pa\u00edses, una sola esencia<\/strong><\/p>\n<p>Belice, Guatemala, El Salvador, Honduras, Nicaragua, Panam\u00e1 y Rep\u00fablica Dominicana conforman un peque\u00f1o universo compartido. Cada pa\u00eds tiene una voz propia, pero juntos componen una sinfon\u00eda de paisajes, culturas y tradiciones que fluyen como los r\u00edos que unen sus monta\u00f1as.<\/p>\n<p>En <strong>Belice<\/strong>, el Caribe se sumerge en el segundo arrecife de coral m\u00e1s grande del planeta. En <strong>Guatemala<\/strong>, los volcanes enmarcan los templos mayas y las ciudades coloniales respiran historia viva. <strong>El Salvador<\/strong>, el m\u00e1s peque\u00f1o, condensa una energ\u00eda volc\u00e1nica que se siente en cada ola y en cada taza de caf\u00e9 reci\u00e9n tostado.<\/p>\n<p><strong>Honduras<\/strong> es un puente entre el Caribe y la selva, donde el tiempo parece detenerse en los muros de Cop\u00e1n o en las profundidades de Roat\u00e1n. En <strong>Nicaragua<\/strong>, los lagos y volcanes dialogan con el arte y la poes\u00eda, mientras que <strong>Panam\u00e1<\/strong> es el punto donde el mundo se cruza: un lugar donde los barcos y las culturas confluyen entre dos mares. Finalmente, <strong>Rep\u00fablica Dominicana<\/strong> pone ritmo al coraz\u00f3n del Caribe con su calidez, su m\u00fasica y su sonrisa inconfundible.<\/p>\n<p>Cada pa\u00eds es una <strong>llave<\/strong> que abre una dimensi\u00f3n distinta del viaje, pero todos comparten algo esencial: la autenticidad.<\/p>\n<p>Centroam\u00e9rica invita a <strong>resignificar la distancia<\/strong>. Lo que en el mapa puede parecer lejano, en la experiencia se transforma en cercan\u00eda.<\/p>\n<p>En un mismo d\u00eda, un viajero puede pasar de una ma\u00f1ana fr\u00eda en uno de sus puntos m\u00e1s altos a un atardecer tibio frente a sus costas, con los pies descalzos sobre la arena. Doce horas separan la rutina del descubrimiento; doce horas que lo cambian todo.<\/p>\n<p>El tiempo no siempre se mide en minutos, sino en emociones. En Centroam\u00e9rica, el reloj se detiene para dar paso a otra cadencia: la del oleaje, el canto de las aves, la vida que transcurre sin prisa, pero con intensidad.<\/p>\n<p>Viajar a esta parte del mundo es una experiencia de <strong>alta recompensa<\/strong>. No se trata de lujo ostentoso, sino de <strong>lujo emocional<\/strong>: autenticidad, cercan\u00eda y diversidad.<\/p>\n<p>Aqu\u00ed, la naturaleza no se visita, se habita. El viajero se sumerge en selvas que respiran, bucea entre corales, recorre senderos tropicales o se deja llevar por la brisa de bosques. Cada rinc\u00f3n ofrece una promesa distinta: la aventura, la calma o la introspecci\u00f3n.<\/p>\n<p>La cultura se vive en las manos que tejen, en las risas que acompa\u00f1an un saludo, en los acordes de una marimba o en la cadencia del merengue. Y la gastronom\u00eda, una joya a\u00fan poco explorada, mezcla herencia ind\u00edgena, afrocaribe\u00f1a y europea, transformando ingredientes como el <strong>cacao, el ron, el ma\u00edz o el coco<\/strong> en experiencias sensoriales.<\/p>\n<p>Centroam\u00e9rica no es un destino: es un tr\u00e1nsito entre dimensiones. Un lugar donde los oc\u00e9anos se tocan y los d\u00edas parecen m\u00e1s largos porque cada uno contiene muchas vidas. Quien cruza esta puerta descubre que no hay distancias imposibles, sino formas distintas de medir el tiempo.<\/p>\n<p>Aqu\u00ed, el viajero deja de correr detr\u00e1s de los relojes y empieza a escuchar el pulso de la Tierra. Entre volcanes y arrecifes, entre la selva y el mar, Centroam\u00e9rica ense\u00f1a que viajar no es moverse, sino transformarse. Y que a veces, la puerta que se abre no est\u00e1 en el mapa, sino dentro de uno mismo.<\/p>\n","protected":false},"excerpt":{"rendered":"<p>Entre dos oc\u00e9anos y decenas de culturas, el istmo m\u00e1s diverso del mundo invita a abrir una puerta hacia experiencias transformadoras. El viaje no empieza cuando el avi\u00f3n despega. Comienza cuando el deseo de escapar de la rutina se transforma en curiosidad por lo desconocido. A veces, esa curiosidad se dirige hacia un punto en [&hellip;]<\/p>\n","protected":false},"author":6,"featured_media":16800,"comment_status":"open","ping_status":"closed","sticky":false,"template":"","format":"standard","meta":{"footnotes":""},"categories":[1],"tags":[],"class_list":{"0":"post-16799","1":"post","2":"type-post","3":"status-publish","4":"format-standard","5":"has-post-thumbnail","7":"category-otros"},"yoast_head":"<!-- This site is optimized with the Yoast SEO plugin v27.3 - https:\/\/yoast.com\/product\/yoast-seo-wordpress\/ -->\n<title>Centroam\u00e9rica, un destino que redefine la distancia y el tiempo - Sala de prensa<\/title>\n<meta name=\"robots\" content=\"index, follow, max-snippet:-1, max-image-preview:large, max-video-preview:-1\" \/>\n<link rel=\"canonical\" href=\"https:\/\/www.visitcentroamerica.com\/sala-prensa\/otros\/centroamerica-un-destino-que-redefine-la-distancia-y-el-tiempo\/\" \/>\n<meta property=\"og:locale\" content=\"es_ES\" \/>\n<meta property=\"og:type\" content=\"article\" \/>\n<meta property=\"og:title\" content=\"Centroam\u00e9rica, un destino que redefine la distancia y el tiempo - Sala de prensa\" \/>\n<meta property=\"og:description\" content=\"Entre dos oc\u00e9anos y decenas de culturas, el istmo m\u00e1s diverso del mundo invita a abrir una puerta hacia experiencias transformadoras. El viaje no empieza cuando el avi\u00f3n despega. Comienza cuando el deseo de escapar de la rutina se transforma en curiosidad por lo desconocido. A veces, esa curiosidad se dirige hacia un punto en [&hellip;]\" \/>\n<meta property=\"og:url\" content=\"https:\/\/www.visitcentroamerica.com\/sala-prensa\/otros\/centroamerica-un-destino-que-redefine-la-distancia-y-el-tiempo\/\" \/>\n<meta property=\"og:site_name\" content=\"Sala de prensa\" \/>\n<meta property=\"article:published_time\" content=\"2025-11-12T20:50:14+00:00\" \/>\n<meta property=\"og:image\" content=\"https:\/\/www.visitcentroamerica.com\/sala-prensa\/wp-content\/uploads\/2025\/11\/Sin-titulo-1024-x-600-px-2025-11-10T143842.165.jpg\" \/>\n\t<meta property=\"og:image:width\" content=\"1024\" \/>\n\t<meta property=\"og:image:height\" content=\"600\" \/>\n\t<meta property=\"og:image:type\" content=\"image\/jpeg\" \/>\n<meta name=\"author\" content=\"Dafne Franco\" \/>\n<meta name=\"twitter:card\" content=\"summary_large_image\" \/>\n<meta name=\"twitter:label1\" content=\"Escrito por\" \/>\n\t<meta name=\"twitter:data1\" content=\"Dafne Franco\" \/>\n\t<meta name=\"twitter:label2\" content=\"Tiempo de lectura\" \/>\n\t<meta name=\"twitter:data2\" content=\"4 minutos\" \/>\n<script type=\"application\/ld+json\" class=\"yoast-schema-graph\">{\"@context\":\"https:\\\/\\\/schema.org\",\"@graph\":[{\"@type\":\"Article\",\"@id\":\"https:\\\/\\\/www.visitcentroamerica.com\\\/sala-prensa\\\/otros\\\/centroamerica-un-destino-que-redefine-la-distancia-y-el-tiempo\\\/#article\",\"isPartOf\":{\"@id\":\"https:\\\/\\\/www.visitcentroamerica.com\\\/sala-prensa\\\/otros\\\/centroamerica-un-destino-que-redefine-la-distancia-y-el-tiempo\\\/\"},\"author\":{\"name\":\"Dafne Franco\",\"@id\":\"https:\\\/\\\/www.visitcentroamerica.com\\\/sala-prensa\\\/#\\\/schema\\\/person\\\/59be6d1215b91f3615c1bd403f512f60\"},\"headline\":\"Centroam\u00e9rica, un destino que redefine la distancia y el tiempo\",\"datePublished\":\"2025-11-12T20:50:14+00:00\",\"mainEntityOfPage\":{\"@id\":\"https:\\\/\\\/www.visitcentroamerica.com\\\/sala-prensa\\\/otros\\\/centroamerica-un-destino-que-redefine-la-distancia-y-el-tiempo\\\/\"},\"wordCount\":769,\"commentCount\":0,\"image\":{\"@id\":\"https:\\\/\\\/www.visitcentroamerica.com\\\/sala-prensa\\\/otros\\\/centroamerica-un-destino-que-redefine-la-distancia-y-el-tiempo\\\/#primaryimage\"},\"thumbnailUrl\":\"https:\\\/\\\/www.visitcentroamerica.com\\\/sala-prensa\\\/wp-content\\\/uploads\\\/2025\\\/11\\\/Sin-titulo-1024-x-600-px-2025-11-10T143842.165.jpg\",\"articleSection\":[\"Otros\"],\"inLanguage\":\"es\",\"potentialAction\":[{\"@type\":\"CommentAction\",\"name\":\"Comment\",\"target\":[\"https:\\\/\\\/www.visitcentroamerica.com\\\/sala-prensa\\\/otros\\\/centroamerica-un-destino-que-redefine-la-distancia-y-el-tiempo\\\/#respond\"]}]},{\"@type\":\"WebPage\",\"@id\":\"https:\\\/\\\/www.visitcentroamerica.com\\\/sala-prensa\\\/otros\\\/centroamerica-un-destino-que-redefine-la-distancia-y-el-tiempo\\\/\",\"url\":\"https:\\\/\\\/www.visitcentroamerica.com\\\/sala-prensa\\\/otros\\\/centroamerica-un-destino-que-redefine-la-distancia-y-el-tiempo\\\/\",\"name\":\"Centroam\u00e9rica, un destino que redefine la distancia y el tiempo - Sala de prensa\",\"isPartOf\":{\"@id\":\"https:\\\/\\\/www.visitcentroamerica.com\\\/sala-prensa\\\/#website\"},\"primaryImageOfPage\":{\"@id\":\"https:\\\/\\\/www.visitcentroamerica.com\\\/sala-prensa\\\/otros\\\/centroamerica-un-destino-que-redefine-la-distancia-y-el-tiempo\\\/#primaryimage\"},\"image\":{\"@id\":\"https:\\\/\\\/www.visitcentroamerica.com\\\/sala-prensa\\\/otros\\\/centroamerica-un-destino-que-redefine-la-distancia-y-el-tiempo\\\/#primaryimage\"},\"thumbnailUrl\":\"https:\\\/\\\/www.visitcentroamerica.com\\\/sala-prensa\\\/wp-content\\\/uploads\\\/2025\\\/11\\\/Sin-titulo-1024-x-600-px-2025-11-10T143842.165.jpg\",\"datePublished\":\"2025-11-12T20:50:14+00:00\",\"author\":{\"@id\":\"https:\\\/\\\/www.visitcentroamerica.com\\\/sala-prensa\\\/#\\\/schema\\\/person\\\/59be6d1215b91f3615c1bd403f512f60\"},\"breadcrumb\":{\"@id\":\"https:\\\/\\\/www.visitcentroamerica.com\\\/sala-prensa\\\/otros\\\/centroamerica-un-destino-que-redefine-la-distancia-y-el-tiempo\\\/#breadcrumb\"},\"inLanguage\":\"es\",\"potentialAction\":[{\"@type\":\"ReadAction\",\"target\":[\"https:\\\/\\\/www.visitcentroamerica.com\\\/sala-prensa\\\/otros\\\/centroamerica-un-destino-que-redefine-la-distancia-y-el-tiempo\\\/\"]}]},{\"@type\":\"ImageObject\",\"inLanguage\":\"es\",\"@id\":\"https:\\\/\\\/www.visitcentroamerica.com\\\/sala-prensa\\\/otros\\\/centroamerica-un-destino-que-redefine-la-distancia-y-el-tiempo\\\/#primaryimage\",\"url\":\"https:\\\/\\\/www.visitcentroamerica.com\\\/sala-prensa\\\/wp-content\\\/uploads\\\/2025\\\/11\\\/Sin-titulo-1024-x-600-px-2025-11-10T143842.165.jpg\",\"contentUrl\":\"https:\\\/\\\/www.visitcentroamerica.com\\\/sala-prensa\\\/wp-content\\\/uploads\\\/2025\\\/11\\\/Sin-titulo-1024-x-600-px-2025-11-10T143842.165.jpg\",\"width\":1024,\"height\":600},{\"@type\":\"BreadcrumbList\",\"@id\":\"https:\\\/\\\/www.visitcentroamerica.com\\\/sala-prensa\\\/otros\\\/centroamerica-un-destino-que-redefine-la-distancia-y-el-tiempo\\\/#breadcrumb\",\"itemListElement\":[{\"@type\":\"ListItem\",\"position\":1,\"name\":\"Portada\",\"item\":\"https:\\\/\\\/www.visitcentroamerica.com\\\/sala-prensa\\\/\"},{\"@type\":\"ListItem\",\"position\":2,\"name\":\"Centroam\u00e9rica, un destino que redefine la distancia y el tiempo\"}]},{\"@type\":\"WebSite\",\"@id\":\"https:\\\/\\\/www.visitcentroamerica.com\\\/sala-prensa\\\/#website\",\"url\":\"https:\\\/\\\/www.visitcentroamerica.com\\\/sala-prensa\\\/\",\"name\":\"Sala de prensa\",\"description\":\"\",\"potentialAction\":[{\"@type\":\"SearchAction\",\"target\":{\"@type\":\"EntryPoint\",\"urlTemplate\":\"https:\\\/\\\/www.visitcentroamerica.com\\\/sala-prensa\\\/?s={search_term_string}\"},\"query-input\":{\"@type\":\"PropertyValueSpecification\",\"valueRequired\":true,\"valueName\":\"search_term_string\"}}],\"inLanguage\":\"es\"},{\"@type\":\"Person\",\"@id\":\"https:\\\/\\\/www.visitcentroamerica.com\\\/sala-prensa\\\/#\\\/schema\\\/person\\\/59be6d1215b91f3615c1bd403f512f60\",\"name\":\"Dafne Franco\",\"image\":{\"@type\":\"ImageObject\",\"inLanguage\":\"es\",\"@id\":\"https:\\\/\\\/secure.gravatar.com\\\/avatar\\\/9d1ca1e4cce23c82e292f528a3ad52052d3fa1e03aabdb0af820d1980e40a8b2?s=96&d=mm&r=g\",\"url\":\"https:\\\/\\\/secure.gravatar.com\\\/avatar\\\/9d1ca1e4cce23c82e292f528a3ad52052d3fa1e03aabdb0af820d1980e40a8b2?s=96&d=mm&r=g\",\"contentUrl\":\"https:\\\/\\\/secure.gravatar.com\\\/avatar\\\/9d1ca1e4cce23c82e292f528a3ad52052d3fa1e03aabdb0af820d1980e40a8b2?s=96&d=mm&r=g\",\"caption\":\"Dafne Franco\"},\"url\":\"https:\\\/\\\/www.visitcentroamerica.com\\\/sala-prensa\\\/author\\\/dafne\\\/\"}]}<\/script>\n<!-- \/ Yoast SEO plugin. -->","yoast_head_json":{"title":"Centroam\u00e9rica, un destino que redefine la distancia y el tiempo - Sala de prensa","robots":{"index":"index","follow":"follow","max-snippet":"max-snippet:-1","max-image-preview":"max-image-preview:large","max-video-preview":"max-video-preview:-1"},"canonical":"https:\/\/www.visitcentroamerica.com\/sala-prensa\/otros\/centroamerica-un-destino-que-redefine-la-distancia-y-el-tiempo\/","og_locale":"es_ES","og_type":"article","og_title":"Centroam\u00e9rica, un destino que redefine la distancia y el tiempo - Sala de prensa","og_description":"Entre dos oc\u00e9anos y decenas de culturas, el istmo m\u00e1s diverso del mundo invita a abrir una puerta hacia experiencias transformadoras. El viaje no empieza cuando el avi\u00f3n despega. Comienza cuando el deseo de escapar de la rutina se transforma en curiosidad por lo desconocido. A veces, esa curiosidad se dirige hacia un punto en [&hellip;]","og_url":"https:\/\/www.visitcentroamerica.com\/sala-prensa\/otros\/centroamerica-un-destino-que-redefine-la-distancia-y-el-tiempo\/","og_site_name":"Sala de prensa","article_published_time":"2025-11-12T20:50:14+00:00","og_image":[{"width":1024,"height":600,"url":"https:\/\/www.visitcentroamerica.com\/sala-prensa\/wp-content\/uploads\/2025\/11\/Sin-titulo-1024-x-600-px-2025-11-10T143842.165.jpg","type":"image\/jpeg"}],"author":"Dafne Franco","twitter_card":"summary_large_image","twitter_misc":{"Escrito por":"Dafne Franco","Tiempo de lectura":"4 minutos"},"schema":{"@context":"https:\/\/schema.org","@graph":[{"@type":"Article","@id":"https:\/\/www.visitcentroamerica.com\/sala-prensa\/otros\/centroamerica-un-destino-que-redefine-la-distancia-y-el-tiempo\/#article","isPartOf":{"@id":"https:\/\/www.visitcentroamerica.com\/sala-prensa\/otros\/centroamerica-un-destino-que-redefine-la-distancia-y-el-tiempo\/"},"author":{"name":"Dafne Franco","@id":"https:\/\/www.visitcentroamerica.com\/sala-prensa\/#\/schema\/person\/59be6d1215b91f3615c1bd403f512f60"},"headline":"Centroam\u00e9rica, un destino que redefine la distancia y el tiempo","datePublished":"2025-11-12T20:50:14+00:00","mainEntityOfPage":{"@id":"https:\/\/www.visitcentroamerica.com\/sala-prensa\/otros\/centroamerica-un-destino-que-redefine-la-distancia-y-el-tiempo\/"},"wordCount":769,"commentCount":0,"image":{"@id":"https:\/\/www.visitcentroamerica.com\/sala-prensa\/otros\/centroamerica-un-destino-que-redefine-la-distancia-y-el-tiempo\/#primaryimage"},"thumbnailUrl":"https:\/\/www.visitcentroamerica.com\/sala-prensa\/wp-content\/uploads\/2025\/11\/Sin-titulo-1024-x-600-px-2025-11-10T143842.165.jpg","articleSection":["Otros"],"inLanguage":"es","potentialAction":[{"@type":"CommentAction","name":"Comment","target":["https:\/\/www.visitcentroamerica.com\/sala-prensa\/otros\/centroamerica-un-destino-que-redefine-la-distancia-y-el-tiempo\/#respond"]}]},{"@type":"WebPage","@id":"https:\/\/www.visitcentroamerica.com\/sala-prensa\/otros\/centroamerica-un-destino-que-redefine-la-distancia-y-el-tiempo\/","url":"https:\/\/www.visitcentroamerica.com\/sala-prensa\/otros\/centroamerica-un-destino-que-redefine-la-distancia-y-el-tiempo\/","name":"Centroam\u00e9rica, un destino que redefine la distancia y el tiempo - Sala de prensa","isPartOf":{"@id":"https:\/\/www.visitcentroamerica.com\/sala-prensa\/#website"},"primaryImageOfPage":{"@id":"https:\/\/www.visitcentroamerica.com\/sala-prensa\/otros\/centroamerica-un-destino-que-redefine-la-distancia-y-el-tiempo\/#primaryimage"},"image":{"@id":"https:\/\/www.visitcentroamerica.com\/sala-prensa\/otros\/centroamerica-un-destino-que-redefine-la-distancia-y-el-tiempo\/#primaryimage"},"thumbnailUrl":"https:\/\/www.visitcentroamerica.com\/sala-prensa\/wp-content\/uploads\/2025\/11\/Sin-titulo-1024-x-600-px-2025-11-10T143842.165.jpg","datePublished":"2025-11-12T20:50:14+00:00","author":{"@id":"https:\/\/www.visitcentroamerica.com\/sala-prensa\/#\/schema\/person\/59be6d1215b91f3615c1bd403f512f60"},"breadcrumb":{"@id":"https:\/\/www.visitcentroamerica.com\/sala-prensa\/otros\/centroamerica-un-destino-que-redefine-la-distancia-y-el-tiempo\/#breadcrumb"},"inLanguage":"es","potentialAction":[{"@type":"ReadAction","target":["https:\/\/www.visitcentroamerica.com\/sala-prensa\/otros\/centroamerica-un-destino-que-redefine-la-distancia-y-el-tiempo\/"]}]},{"@type":"ImageObject","inLanguage":"es","@id":"https:\/\/www.visitcentroamerica.com\/sala-prensa\/otros\/centroamerica-un-destino-que-redefine-la-distancia-y-el-tiempo\/#primaryimage","url":"https:\/\/www.visitcentroamerica.com\/sala-prensa\/wp-content\/uploads\/2025\/11\/Sin-titulo-1024-x-600-px-2025-11-10T143842.165.jpg","contentUrl":"https:\/\/www.visitcentroamerica.com\/sala-prensa\/wp-content\/uploads\/2025\/11\/Sin-titulo-1024-x-600-px-2025-11-10T143842.165.jpg","width":1024,"height":600},{"@type":"BreadcrumbList","@id":"https:\/\/www.visitcentroamerica.com\/sala-prensa\/otros\/centroamerica-un-destino-que-redefine-la-distancia-y-el-tiempo\/#breadcrumb","itemListElement":[{"@type":"ListItem","position":1,"name":"Portada","item":"https:\/\/www.visitcentroamerica.com\/sala-prensa\/"},{"@type":"ListItem","position":2,"name":"Centroam\u00e9rica, un destino que redefine la distancia y el tiempo"}]},{"@type":"WebSite","@id":"https:\/\/www.visitcentroamerica.com\/sala-prensa\/#website","url":"https:\/\/www.visitcentroamerica.com\/sala-prensa\/","name":"Sala de prensa","description":"","potentialAction":[{"@type":"SearchAction","target":{"@type":"EntryPoint","urlTemplate":"https:\/\/www.visitcentroamerica.com\/sala-prensa\/?s={search_term_string}"},"query-input":{"@type":"PropertyValueSpecification","valueRequired":true,"valueName":"search_term_string"}}],"inLanguage":"es"},{"@type":"Person","@id":"https:\/\/www.visitcentroamerica.com\/sala-prensa\/#\/schema\/person\/59be6d1215b91f3615c1bd403f512f60","name":"Dafne Franco","image":{"@type":"ImageObject","inLanguage":"es","@id":"https:\/\/secure.gravatar.com\/avatar\/9d1ca1e4cce23c82e292f528a3ad52052d3fa1e03aabdb0af820d1980e40a8b2?s=96&d=mm&r=g","url":"https:\/\/secure.gravatar.com\/avatar\/9d1ca1e4cce23c82e292f528a3ad52052d3fa1e03aabdb0af820d1980e40a8b2?s=96&d=mm&r=g","contentUrl":"https:\/\/secure.gravatar.com\/avatar\/9d1ca1e4cce23c82e292f528a3ad52052d3fa1e03aabdb0af820d1980e40a8b2?s=96&d=mm&r=g","caption":"Dafne Franco"},"url":"https:\/\/www.visitcentroamerica.com\/sala-prensa\/author\/dafne\/"}]}},"_links":{"self":[{"href":"https:\/\/www.visitcentroamerica.com\/sala-prensa\/wp-json\/wp\/v2\/posts\/16799","targetHints":{"allow":["GET"]}}],"collection":[{"href":"https:\/\/www.visitcentroamerica.com\/sala-prensa\/wp-json\/wp\/v2\/posts"}],"about":[{"href":"https:\/\/www.visitcentroamerica.com\/sala-prensa\/wp-json\/wp\/v2\/types\/post"}],"author":[{"embeddable":true,"href":"https:\/\/www.visitcentroamerica.com\/sala-prensa\/wp-json\/wp\/v2\/users\/6"}],"replies":[{"embeddable":true,"href":"https:\/\/www.visitcentroamerica.com\/sala-prensa\/wp-json\/wp\/v2\/comments?post=16799"}],"version-history":[{"count":1,"href":"https:\/\/www.visitcentroamerica.com\/sala-prensa\/wp-json\/wp\/v2\/posts\/16799\/revisions"}],"predecessor-version":[{"id":16802,"href":"https:\/\/www.visitcentroamerica.com\/sala-prensa\/wp-json\/wp\/v2\/posts\/16799\/revisions\/16802"}],"wp:featuredmedia":[{"embeddable":true,"href":"https:\/\/www.visitcentroamerica.com\/sala-prensa\/wp-json\/wp\/v2\/media\/16800"}],"wp:attachment":[{"href":"https:\/\/www.visitcentroamerica.com\/sala-prensa\/wp-json\/wp\/v2\/media?parent=16799"}],"wp:term":[{"taxonomy":"category","embeddable":true,"href":"https:\/\/www.visitcentroamerica.com\/sala-prensa\/wp-json\/wp\/v2\/categories?post=16799"},{"taxonomy":"post_tag","embeddable":true,"href":"https:\/\/www.visitcentroamerica.com\/sala-prensa\/wp-json\/wp\/v2\/tags?post=16799"}],"curies":[{"name":"wp","href":"https:\/\/api.w.org\/{rel}","templated":true}]}}