{"id":16777,"date":"2025-10-22T16:23:22","date_gmt":"2025-10-22T14:23:22","guid":{"rendered":"https:\/\/www.visitcentroamerica.com\/sala-prensa\/?p=16777"},"modified":"2025-10-22T16:23:22","modified_gmt":"2025-10-22T14:23:22","slug":"honduras-abre-sus-puertas-al-mundo-con-catm-2025-la-gran-vitrina-del-turismo-centroamericano","status":"publish","type":"post","link":"https:\/\/www.visitcentroamerica.com\/sala-prensa\/catam-2025\/honduras-abre-sus-puertas-al-mundo-con-catm-2025-la-gran-vitrina-del-turismo-centroamericano\/","title":{"rendered":"Honduras abre sus puertas al mundo con CATM 2025: la gran vitrina del turismo centroamericano"},"content":{"rendered":"<ul>\n<li><em>San Pedro Sula recibe a m\u00e1s de 80 compradores internacionales, 150 expositores y 2,000 citas de negocios en una edici\u00f3n que impulsa la promoci\u00f3n y comercializaci\u00f3n del turismo del istmo<\/em><\/li>\n<\/ul>\n<h2><strong><em>San Pedro Sula, Honduras, 21 de octubre de 2025.<\/em><\/strong><\/h2>\n<p><em><br \/>\n<\/em>Con la presencia de autoridades nacionales e internacionales, Honduras inaugura oficialmente el <strong>Centroam\u00e9rica Travel Market (CATM 2025)<\/strong>, la feria tur\u00edstica m\u00e1s importante de la regi\u00f3n, que se celebra del <strong>21 al 23 de octubre en San Pedro Sula <\/strong><\/p>\n<p>En la mesa principal del acto inaugural participaron la viceministra de Turismo de Honduras, Reizel Vilorio; el secretario general de la Agencia de Promoci\u00f3n Tur\u00edstica de Centroam\u00e9rica (CATA), Boris Iraheta; el presidente de la Federaci\u00f3n de C\u00e1maras de Turismo de Centroam\u00e9rica (FEDECATUR), Efr\u00e9n P\u00e9rez; y la vicepresidenta de la C\u00e1mara Nacional de Turismo de Honduras (CANATURH), Nicole Marrder, todos miembros del Comit\u00e9 Organizador de CATM.<\/p>\n<p>Organizado por FEDECATUR y CATA, con el liderazgo del Instituto Hondure\u00f1o de Turismo (IHT) y CANATURH, <strong>CATM 2025<\/strong> re\u00fane a m\u00e1s de 80 mayoristas internacionales de Europa, Am\u00e9rica del Norte, Asia y Am\u00e9rica del Sur; 150 expositores regionales y m\u00e1s de 2,000 citas de negocios B2B, consolid\u00e1ndose como una plataforma clave para la promoci\u00f3n del turismo multidestino de Centroam\u00e9rica bajo una marca regional unificada.<\/p>\n<h2><strong><em>Honduras, Naturalmente Tuya<\/em><\/strong><\/h2>\n<p>Honduras, que vuelve a ser sede de <strong>CATM<\/strong> doce a\u00f1os despu\u00e9s, se distingue por su riqueza natural y cultural, con 93 \u00e1reas protegidas y dos sitios declarados Patrimonio Mundial por la UNESCO: el Parque Arqueol\u00f3gico de Cop\u00e1n Ruinas y la Reserva de la Biosfera del R\u00edo Pl\u00e1tano. Adem\u00e1s, alberga nueve culturas vivas, entre ellas la etnia Gar\u00edfuna, reconocida como Patrimonio Intangible de la Humanidad.<\/p>\n<p>Durante 2024, el pa\u00eds registr\u00f3 un ingreso de divisas de 802.4 millones de d\u00f3lares y un aumento del 17.8 % en llegadas de visitantes, alcanzando cerca de 2.8 millones. Actualmente, Honduras cuenta con 5,703 establecimientos tur\u00edsticos y 325,257 empleos vinculados a actividades caracter\u00edsticas del sector. Con cuatro aeropuertos internacionales, 19 aerol\u00edneas operando y conexiones con 11 pa\u00edses y 23 ciudades, Honduras fortalece su posici\u00f3n como un destino competitivo a nivel mundial.<\/p>\n<h2><strong><em>San Pedro Sula: epicentro del turismo centroamericano<\/em><\/strong><\/h2>\n<p>Reconocida como el principal centro industrial y de negocios del pa\u00eds, San Pedro Sula se convierte esta semana en el punto de encuentro del turismo regional. Con tres centros de convenciones de gran capacidad, m\u00e1s de 4,000 habitaciones hoteleras y excelente conectividad a\u00e9rea, la ciudad ofrece una infraestructura ideal para acoger una feria que impulsa la comercializaci\u00f3n del turismo centroamericano ante los principales mercados emisores del mundo.<\/p>\n<h2><strong><em>Un evento que une a Centroam\u00e9rica<\/em><\/strong><\/h2>\n<p><strong>CATM 2025<\/strong> alberg\u00f3 previo los pre-tours con compradores y prensa internacional en destinos hermosos como Comayagua, Lago de Yojoa, La Ceiba, Cop\u00e1n, Utila y Roat\u00e1n y tambi\u00e9n habr\u00e1 post-tour en la regi\u00f3n.<\/p>\n<p>Por dos d\u00edas, delegaciones oficiales, compradores internacionales, operadores tur\u00edsticos, aerol\u00edneas y medios de comunicaci\u00f3n de todo el mundo se dar\u00e1n cita en San Pedro Sula, reafirmando a Centroam\u00e9rica como un destino atractivo para turistas de Norteam\u00e9rica, Asia y Europa.<\/p>\n<p>En ese a\u00f1o, m\u00e1s de 26 millones de visitantes internacionales recorrieron la regi\u00f3n, generando m\u00e1s de US$20,000 millones en ingresos y creando alrededor de 2.9 millones de empleos. <strong>CATM 2025<\/strong> promete ser una gran celebraci\u00f3n del turismo centroamericano, donde la hospitalidad hondure\u00f1a y la diversidad cultural de la regi\u00f3n brillar\u00e1n ante los ojos del mundo.<\/p>\n<p>El Comit\u00e9 Organizador destaca el valioso respaldo de Televicentro, Emisoras Unidas y TuNota, a trav\u00e9s de su marca Canal 5 y asimismo, a las empresas y organizaciones que hicieron posible el desarrollo del CATM 2025, entre ellas: Publimovil, Avianca, Espresso Americano, Tropic Air, TAG Airlines, La 20, Incontacto, Transportes del Sol, la Secretar\u00eda de las Culturas, las Artes y los Patrimonios de los Pueblos de Honduras, Glifos, el Bur\u00f3 de Convenciones de San Pedro Sula, el Instituto Hondure\u00f1o del Caf\u00e9 (IHCAFE), Danilos, Craftbartender, la Alcald\u00eda Municipal de San Pedro Sula y Kerti.<\/p>\n","protected":false},"excerpt":{"rendered":"<p>San Pedro Sula recibe a m\u00e1s de 80 compradores internacionales, 150 expositores y 2,000 citas de negocios en una edici\u00f3n que impulsa la promoci\u00f3n y comercializaci\u00f3n del turismo del istmo San Pedro Sula, Honduras, 21 de octubre de 2025. Con la presencia de autoridades nacionales e internacionales, Honduras inaugura oficialmente el Centroam\u00e9rica Travel Market (CATM [&hellip;]<\/p>\n","protected":false},"author":6,"featured_media":16778,"comment_status":"open","ping_status":"closed","sticky":false,"template":"","format":"standard","meta":{"footnotes":""},"categories":[3210],"tags":[],"class_list":{"0":"post-16777","1":"post","2":"type-post","3":"status-publish","4":"format-standard","5":"has-post-thumbnail","7":"category-catam-2025"},"yoast_head":"<!-- This site is optimized with the Yoast SEO plugin v27.3 - https:\/\/yoast.com\/product\/yoast-seo-wordpress\/ -->\n<title>Honduras abre sus puertas al mundo con CATM 2025: la gran vitrina del turismo centroamericano - Sala de prensa<\/title>\n<meta name=\"robots\" content=\"index, follow, max-snippet:-1, max-image-preview:large, max-video-preview:-1\" \/>\n<link rel=\"canonical\" href=\"https:\/\/www.visitcentroamerica.com\/sala-prensa\/catam-2025\/honduras-abre-sus-puertas-al-mundo-con-catm-2025-la-gran-vitrina-del-turismo-centroamericano\/\" \/>\n<meta property=\"og:locale\" content=\"es_ES\" \/>\n<meta property=\"og:type\" content=\"article\" \/>\n<meta property=\"og:title\" content=\"Honduras abre sus puertas al mundo con CATM 2025: la gran vitrina del turismo centroamericano - Sala de prensa\" \/>\n<meta property=\"og:description\" content=\"San Pedro Sula recibe a m\u00e1s de 80 compradores internacionales, 150 expositores y 2,000 citas de negocios en una edici\u00f3n que impulsa la promoci\u00f3n y comercializaci\u00f3n del turismo del istmo San Pedro Sula, Honduras, 21 de octubre de 2025. Con la presencia de autoridades nacionales e internacionales, Honduras inaugura oficialmente el Centroam\u00e9rica Travel Market (CATM [&hellip;]\" \/>\n<meta property=\"og:url\" content=\"https:\/\/www.visitcentroamerica.com\/sala-prensa\/catam-2025\/honduras-abre-sus-puertas-al-mundo-con-catm-2025-la-gran-vitrina-del-turismo-centroamericano\/\" \/>\n<meta property=\"og:site_name\" content=\"Sala de prensa\" \/>\n<meta property=\"article:published_time\" content=\"2025-10-22T14:23:22+00:00\" \/>\n<meta property=\"og:image\" content=\"https:\/\/www.visitcentroamerica.com\/sala-prensa\/wp-content\/uploads\/2025\/10\/WhatsApp-Image-2025-10-22-at-7.56.48-AM.jpeg\" \/>\n\t<meta property=\"og:image:width\" content=\"960\" \/>\n\t<meta property=\"og:image:height\" content=\"1200\" \/>\n\t<meta property=\"og:image:type\" content=\"image\/jpeg\" \/>\n<meta name=\"author\" content=\"Dafne Franco\" \/>\n<meta name=\"twitter:card\" content=\"summary_large_image\" \/>\n<meta name=\"twitter:label1\" content=\"Escrito por\" \/>\n\t<meta name=\"twitter:data1\" content=\"Dafne Franco\" \/>\n\t<meta name=\"twitter:label2\" content=\"Tiempo de lectura\" \/>\n\t<meta name=\"twitter:data2\" content=\"4 minutos\" \/>\n<script type=\"application\/ld+json\" class=\"yoast-schema-graph\">{\"@context\":\"https:\\\/\\\/schema.org\",\"@graph\":[{\"@type\":\"Article\",\"@id\":\"https:\\\/\\\/www.visitcentroamerica.com\\\/sala-prensa\\\/catam-2025\\\/honduras-abre-sus-puertas-al-mundo-con-catm-2025-la-gran-vitrina-del-turismo-centroamericano\\\/#article\",\"isPartOf\":{\"@id\":\"https:\\\/\\\/www.visitcentroamerica.com\\\/sala-prensa\\\/catam-2025\\\/honduras-abre-sus-puertas-al-mundo-con-catm-2025-la-gran-vitrina-del-turismo-centroamericano\\\/\"},\"author\":{\"name\":\"Dafne Franco\",\"@id\":\"https:\\\/\\\/www.visitcentroamerica.com\\\/sala-prensa\\\/#\\\/schema\\\/person\\\/59be6d1215b91f3615c1bd403f512f60\"},\"headline\":\"Honduras abre sus puertas al mundo con CATM 2025: la gran vitrina del turismo centroamericano\",\"datePublished\":\"2025-10-22T14:23:22+00:00\",\"mainEntityOfPage\":{\"@id\":\"https:\\\/\\\/www.visitcentroamerica.com\\\/sala-prensa\\\/catam-2025\\\/honduras-abre-sus-puertas-al-mundo-con-catm-2025-la-gran-vitrina-del-turismo-centroamericano\\\/\"},\"wordCount\":695,\"commentCount\":0,\"image\":{\"@id\":\"https:\\\/\\\/www.visitcentroamerica.com\\\/sala-prensa\\\/catam-2025\\\/honduras-abre-sus-puertas-al-mundo-con-catm-2025-la-gran-vitrina-del-turismo-centroamericano\\\/#primaryimage\"},\"thumbnailUrl\":\"https:\\\/\\\/www.visitcentroamerica.com\\\/sala-prensa\\\/wp-content\\\/uploads\\\/2025\\\/10\\\/WhatsApp-Image-2025-10-22-at-7.56.48-AM.jpeg\",\"articleSection\":[\"CATAM 2025\"],\"inLanguage\":\"es\",\"potentialAction\":[{\"@type\":\"CommentAction\",\"name\":\"Comment\",\"target\":[\"https:\\\/\\\/www.visitcentroamerica.com\\\/sala-prensa\\\/catam-2025\\\/honduras-abre-sus-puertas-al-mundo-con-catm-2025-la-gran-vitrina-del-turismo-centroamericano\\\/#respond\"]}]},{\"@type\":\"WebPage\",\"@id\":\"https:\\\/\\\/www.visitcentroamerica.com\\\/sala-prensa\\\/catam-2025\\\/honduras-abre-sus-puertas-al-mundo-con-catm-2025-la-gran-vitrina-del-turismo-centroamericano\\\/\",\"url\":\"https:\\\/\\\/www.visitcentroamerica.com\\\/sala-prensa\\\/catam-2025\\\/honduras-abre-sus-puertas-al-mundo-con-catm-2025-la-gran-vitrina-del-turismo-centroamericano\\\/\",\"name\":\"Honduras abre sus puertas al mundo con CATM 2025: la gran vitrina del turismo centroamericano - Sala de prensa\",\"isPartOf\":{\"@id\":\"https:\\\/\\\/www.visitcentroamerica.com\\\/sala-prensa\\\/#website\"},\"primaryImageOfPage\":{\"@id\":\"https:\\\/\\\/www.visitcentroamerica.com\\\/sala-prensa\\\/catam-2025\\\/honduras-abre-sus-puertas-al-mundo-con-catm-2025-la-gran-vitrina-del-turismo-centroamericano\\\/#primaryimage\"},\"image\":{\"@id\":\"https:\\\/\\\/www.visitcentroamerica.com\\\/sala-prensa\\\/catam-2025\\\/honduras-abre-sus-puertas-al-mundo-con-catm-2025-la-gran-vitrina-del-turismo-centroamericano\\\/#primaryimage\"},\"thumbnailUrl\":\"https:\\\/\\\/www.visitcentroamerica.com\\\/sala-prensa\\\/wp-content\\\/uploads\\\/2025\\\/10\\\/WhatsApp-Image-2025-10-22-at-7.56.48-AM.jpeg\",\"datePublished\":\"2025-10-22T14:23:22+00:00\",\"author\":{\"@id\":\"https:\\\/\\\/www.visitcentroamerica.com\\\/sala-prensa\\\/#\\\/schema\\\/person\\\/59be6d1215b91f3615c1bd403f512f60\"},\"breadcrumb\":{\"@id\":\"https:\\\/\\\/www.visitcentroamerica.com\\\/sala-prensa\\\/catam-2025\\\/honduras-abre-sus-puertas-al-mundo-con-catm-2025-la-gran-vitrina-del-turismo-centroamericano\\\/#breadcrumb\"},\"inLanguage\":\"es\",\"potentialAction\":[{\"@type\":\"ReadAction\",\"target\":[\"https:\\\/\\\/www.visitcentroamerica.com\\\/sala-prensa\\\/catam-2025\\\/honduras-abre-sus-puertas-al-mundo-con-catm-2025-la-gran-vitrina-del-turismo-centroamericano\\\/\"]}]},{\"@type\":\"ImageObject\",\"inLanguage\":\"es\",\"@id\":\"https:\\\/\\\/www.visitcentroamerica.com\\\/sala-prensa\\\/catam-2025\\\/honduras-abre-sus-puertas-al-mundo-con-catm-2025-la-gran-vitrina-del-turismo-centroamericano\\\/#primaryimage\",\"url\":\"https:\\\/\\\/www.visitcentroamerica.com\\\/sala-prensa\\\/wp-content\\\/uploads\\\/2025\\\/10\\\/WhatsApp-Image-2025-10-22-at-7.56.48-AM.jpeg\",\"contentUrl\":\"https:\\\/\\\/www.visitcentroamerica.com\\\/sala-prensa\\\/wp-content\\\/uploads\\\/2025\\\/10\\\/WhatsApp-Image-2025-10-22-at-7.56.48-AM.jpeg\",\"width\":960,\"height\":1200},{\"@type\":\"BreadcrumbList\",\"@id\":\"https:\\\/\\\/www.visitcentroamerica.com\\\/sala-prensa\\\/catam-2025\\\/honduras-abre-sus-puertas-al-mundo-con-catm-2025-la-gran-vitrina-del-turismo-centroamericano\\\/#breadcrumb\",\"itemListElement\":[{\"@type\":\"ListItem\",\"position\":1,\"name\":\"Portada\",\"item\":\"https:\\\/\\\/www.visitcentroamerica.com\\\/sala-prensa\\\/\"},{\"@type\":\"ListItem\",\"position\":2,\"name\":\"Honduras abre sus puertas al mundo con CATM 2025: la gran vitrina del turismo centroamericano\"}]},{\"@type\":\"WebSite\",\"@id\":\"https:\\\/\\\/www.visitcentroamerica.com\\\/sala-prensa\\\/#website\",\"url\":\"https:\\\/\\\/www.visitcentroamerica.com\\\/sala-prensa\\\/\",\"name\":\"Sala de prensa\",\"description\":\"\",\"potentialAction\":[{\"@type\":\"SearchAction\",\"target\":{\"@type\":\"EntryPoint\",\"urlTemplate\":\"https:\\\/\\\/www.visitcentroamerica.com\\\/sala-prensa\\\/?s={search_term_string}\"},\"query-input\":{\"@type\":\"PropertyValueSpecification\",\"valueRequired\":true,\"valueName\":\"search_term_string\"}}],\"inLanguage\":\"es\"},{\"@type\":\"Person\",\"@id\":\"https:\\\/\\\/www.visitcentroamerica.com\\\/sala-prensa\\\/#\\\/schema\\\/person\\\/59be6d1215b91f3615c1bd403f512f60\",\"name\":\"Dafne Franco\",\"image\":{\"@type\":\"ImageObject\",\"inLanguage\":\"es\",\"@id\":\"https:\\\/\\\/secure.gravatar.com\\\/avatar\\\/9d1ca1e4cce23c82e292f528a3ad52052d3fa1e03aabdb0af820d1980e40a8b2?s=96&d=mm&r=g\",\"url\":\"https:\\\/\\\/secure.gravatar.com\\\/avatar\\\/9d1ca1e4cce23c82e292f528a3ad52052d3fa1e03aabdb0af820d1980e40a8b2?s=96&d=mm&r=g\",\"contentUrl\":\"https:\\\/\\\/secure.gravatar.com\\\/avatar\\\/9d1ca1e4cce23c82e292f528a3ad52052d3fa1e03aabdb0af820d1980e40a8b2?s=96&d=mm&r=g\",\"caption\":\"Dafne Franco\"},\"url\":\"https:\\\/\\\/www.visitcentroamerica.com\\\/sala-prensa\\\/author\\\/dafne\\\/\"}]}<\/script>\n<!-- \/ Yoast SEO plugin. -->","yoast_head_json":{"title":"Honduras abre sus puertas al mundo con CATM 2025: la gran vitrina del turismo centroamericano - Sala de prensa","robots":{"index":"index","follow":"follow","max-snippet":"max-snippet:-1","max-image-preview":"max-image-preview:large","max-video-preview":"max-video-preview:-1"},"canonical":"https:\/\/www.visitcentroamerica.com\/sala-prensa\/catam-2025\/honduras-abre-sus-puertas-al-mundo-con-catm-2025-la-gran-vitrina-del-turismo-centroamericano\/","og_locale":"es_ES","og_type":"article","og_title":"Honduras abre sus puertas al mundo con CATM 2025: la gran vitrina del turismo centroamericano - Sala de prensa","og_description":"San Pedro Sula recibe a m\u00e1s de 80 compradores internacionales, 150 expositores y 2,000 citas de negocios en una edici\u00f3n que impulsa la promoci\u00f3n y comercializaci\u00f3n del turismo del istmo San Pedro Sula, Honduras, 21 de octubre de 2025. Con la presencia de autoridades nacionales e internacionales, Honduras inaugura oficialmente el Centroam\u00e9rica Travel Market (CATM [&hellip;]","og_url":"https:\/\/www.visitcentroamerica.com\/sala-prensa\/catam-2025\/honduras-abre-sus-puertas-al-mundo-con-catm-2025-la-gran-vitrina-del-turismo-centroamericano\/","og_site_name":"Sala de prensa","article_published_time":"2025-10-22T14:23:22+00:00","og_image":[{"width":960,"height":1200,"url":"https:\/\/www.visitcentroamerica.com\/sala-prensa\/wp-content\/uploads\/2025\/10\/WhatsApp-Image-2025-10-22-at-7.56.48-AM.jpeg","type":"image\/jpeg"}],"author":"Dafne Franco","twitter_card":"summary_large_image","twitter_misc":{"Escrito por":"Dafne Franco","Tiempo de lectura":"4 minutos"},"schema":{"@context":"https:\/\/schema.org","@graph":[{"@type":"Article","@id":"https:\/\/www.visitcentroamerica.com\/sala-prensa\/catam-2025\/honduras-abre-sus-puertas-al-mundo-con-catm-2025-la-gran-vitrina-del-turismo-centroamericano\/#article","isPartOf":{"@id":"https:\/\/www.visitcentroamerica.com\/sala-prensa\/catam-2025\/honduras-abre-sus-puertas-al-mundo-con-catm-2025-la-gran-vitrina-del-turismo-centroamericano\/"},"author":{"name":"Dafne Franco","@id":"https:\/\/www.visitcentroamerica.com\/sala-prensa\/#\/schema\/person\/59be6d1215b91f3615c1bd403f512f60"},"headline":"Honduras abre sus puertas al mundo con CATM 2025: la gran vitrina del turismo centroamericano","datePublished":"2025-10-22T14:23:22+00:00","mainEntityOfPage":{"@id":"https:\/\/www.visitcentroamerica.com\/sala-prensa\/catam-2025\/honduras-abre-sus-puertas-al-mundo-con-catm-2025-la-gran-vitrina-del-turismo-centroamericano\/"},"wordCount":695,"commentCount":0,"image":{"@id":"https:\/\/www.visitcentroamerica.com\/sala-prensa\/catam-2025\/honduras-abre-sus-puertas-al-mundo-con-catm-2025-la-gran-vitrina-del-turismo-centroamericano\/#primaryimage"},"thumbnailUrl":"https:\/\/www.visitcentroamerica.com\/sala-prensa\/wp-content\/uploads\/2025\/10\/WhatsApp-Image-2025-10-22-at-7.56.48-AM.jpeg","articleSection":["CATAM 2025"],"inLanguage":"es","potentialAction":[{"@type":"CommentAction","name":"Comment","target":["https:\/\/www.visitcentroamerica.com\/sala-prensa\/catam-2025\/honduras-abre-sus-puertas-al-mundo-con-catm-2025-la-gran-vitrina-del-turismo-centroamericano\/#respond"]}]},{"@type":"WebPage","@id":"https:\/\/www.visitcentroamerica.com\/sala-prensa\/catam-2025\/honduras-abre-sus-puertas-al-mundo-con-catm-2025-la-gran-vitrina-del-turismo-centroamericano\/","url":"https:\/\/www.visitcentroamerica.com\/sala-prensa\/catam-2025\/honduras-abre-sus-puertas-al-mundo-con-catm-2025-la-gran-vitrina-del-turismo-centroamericano\/","name":"Honduras abre sus puertas al mundo con CATM 2025: la gran vitrina del turismo centroamericano - Sala de prensa","isPartOf":{"@id":"https:\/\/www.visitcentroamerica.com\/sala-prensa\/#website"},"primaryImageOfPage":{"@id":"https:\/\/www.visitcentroamerica.com\/sala-prensa\/catam-2025\/honduras-abre-sus-puertas-al-mundo-con-catm-2025-la-gran-vitrina-del-turismo-centroamericano\/#primaryimage"},"image":{"@id":"https:\/\/www.visitcentroamerica.com\/sala-prensa\/catam-2025\/honduras-abre-sus-puertas-al-mundo-con-catm-2025-la-gran-vitrina-del-turismo-centroamericano\/#primaryimage"},"thumbnailUrl":"https:\/\/www.visitcentroamerica.com\/sala-prensa\/wp-content\/uploads\/2025\/10\/WhatsApp-Image-2025-10-22-at-7.56.48-AM.jpeg","datePublished":"2025-10-22T14:23:22+00:00","author":{"@id":"https:\/\/www.visitcentroamerica.com\/sala-prensa\/#\/schema\/person\/59be6d1215b91f3615c1bd403f512f60"},"breadcrumb":{"@id":"https:\/\/www.visitcentroamerica.com\/sala-prensa\/catam-2025\/honduras-abre-sus-puertas-al-mundo-con-catm-2025-la-gran-vitrina-del-turismo-centroamericano\/#breadcrumb"},"inLanguage":"es","potentialAction":[{"@type":"ReadAction","target":["https:\/\/www.visitcentroamerica.com\/sala-prensa\/catam-2025\/honduras-abre-sus-puertas-al-mundo-con-catm-2025-la-gran-vitrina-del-turismo-centroamericano\/"]}]},{"@type":"ImageObject","inLanguage":"es","@id":"https:\/\/www.visitcentroamerica.com\/sala-prensa\/catam-2025\/honduras-abre-sus-puertas-al-mundo-con-catm-2025-la-gran-vitrina-del-turismo-centroamericano\/#primaryimage","url":"https:\/\/www.visitcentroamerica.com\/sala-prensa\/wp-content\/uploads\/2025\/10\/WhatsApp-Image-2025-10-22-at-7.56.48-AM.jpeg","contentUrl":"https:\/\/www.visitcentroamerica.com\/sala-prensa\/wp-content\/uploads\/2025\/10\/WhatsApp-Image-2025-10-22-at-7.56.48-AM.jpeg","width":960,"height":1200},{"@type":"BreadcrumbList","@id":"https:\/\/www.visitcentroamerica.com\/sala-prensa\/catam-2025\/honduras-abre-sus-puertas-al-mundo-con-catm-2025-la-gran-vitrina-del-turismo-centroamericano\/#breadcrumb","itemListElement":[{"@type":"ListItem","position":1,"name":"Portada","item":"https:\/\/www.visitcentroamerica.com\/sala-prensa\/"},{"@type":"ListItem","position":2,"name":"Honduras abre sus puertas al mundo con CATM 2025: la gran vitrina del turismo centroamericano"}]},{"@type":"WebSite","@id":"https:\/\/www.visitcentroamerica.com\/sala-prensa\/#website","url":"https:\/\/www.visitcentroamerica.com\/sala-prensa\/","name":"Sala de prensa","description":"","potentialAction":[{"@type":"SearchAction","target":{"@type":"EntryPoint","urlTemplate":"https:\/\/www.visitcentroamerica.com\/sala-prensa\/?s={search_term_string}"},"query-input":{"@type":"PropertyValueSpecification","valueRequired":true,"valueName":"search_term_string"}}],"inLanguage":"es"},{"@type":"Person","@id":"https:\/\/www.visitcentroamerica.com\/sala-prensa\/#\/schema\/person\/59be6d1215b91f3615c1bd403f512f60","name":"Dafne Franco","image":{"@type":"ImageObject","inLanguage":"es","@id":"https:\/\/secure.gravatar.com\/avatar\/9d1ca1e4cce23c82e292f528a3ad52052d3fa1e03aabdb0af820d1980e40a8b2?s=96&d=mm&r=g","url":"https:\/\/secure.gravatar.com\/avatar\/9d1ca1e4cce23c82e292f528a3ad52052d3fa1e03aabdb0af820d1980e40a8b2?s=96&d=mm&r=g","contentUrl":"https:\/\/secure.gravatar.com\/avatar\/9d1ca1e4cce23c82e292f528a3ad52052d3fa1e03aabdb0af820d1980e40a8b2?s=96&d=mm&r=g","caption":"Dafne Franco"},"url":"https:\/\/www.visitcentroamerica.com\/sala-prensa\/author\/dafne\/"}]}},"_links":{"self":[{"href":"https:\/\/www.visitcentroamerica.com\/sala-prensa\/wp-json\/wp\/v2\/posts\/16777","targetHints":{"allow":["GET"]}}],"collection":[{"href":"https:\/\/www.visitcentroamerica.com\/sala-prensa\/wp-json\/wp\/v2\/posts"}],"about":[{"href":"https:\/\/www.visitcentroamerica.com\/sala-prensa\/wp-json\/wp\/v2\/types\/post"}],"author":[{"embeddable":true,"href":"https:\/\/www.visitcentroamerica.com\/sala-prensa\/wp-json\/wp\/v2\/users\/6"}],"replies":[{"embeddable":true,"href":"https:\/\/www.visitcentroamerica.com\/sala-prensa\/wp-json\/wp\/v2\/comments?post=16777"}],"version-history":[{"count":1,"href":"https:\/\/www.visitcentroamerica.com\/sala-prensa\/wp-json\/wp\/v2\/posts\/16777\/revisions"}],"predecessor-version":[{"id":16780,"href":"https:\/\/www.visitcentroamerica.com\/sala-prensa\/wp-json\/wp\/v2\/posts\/16777\/revisions\/16780"}],"wp:featuredmedia":[{"embeddable":true,"href":"https:\/\/www.visitcentroamerica.com\/sala-prensa\/wp-json\/wp\/v2\/media\/16778"}],"wp:attachment":[{"href":"https:\/\/www.visitcentroamerica.com\/sala-prensa\/wp-json\/wp\/v2\/media?parent=16777"}],"wp:term":[{"taxonomy":"category","embeddable":true,"href":"https:\/\/www.visitcentroamerica.com\/sala-prensa\/wp-json\/wp\/v2\/categories?post=16777"},{"taxonomy":"post_tag","embeddable":true,"href":"https:\/\/www.visitcentroamerica.com\/sala-prensa\/wp-json\/wp\/v2\/tags?post=16777"}],"curies":[{"name":"wp","href":"https:\/\/api.w.org\/{rel}","templated":true}]}}