{"id":16772,"date":"2025-10-22T00:21:00","date_gmt":"2025-10-21T22:21:00","guid":{"rendered":"https:\/\/www.visitcentroamerica.com\/sala-prensa\/?p=16772"},"modified":"2025-10-22T00:21:00","modified_gmt":"2025-10-21T22:21:00","slug":"centroamerica-fortalece-la-colaboracion-empresarial-intrarregional-en-el-marco-de-catm-2025","status":"publish","type":"post","link":"https:\/\/www.visitcentroamerica.com\/sala-prensa\/catam-2025\/centroamerica-fortalece-la-colaboracion-empresarial-intrarregional-en-el-marco-de-catm-2025\/","title":{"rendered":"Centroam\u00e9rica fortalece la colaboraci\u00f3n empresarial intrarregional en el marco de CATM 2025"},"content":{"rendered":"<p>Antes del inicio de las rondas de negocios internacionales de la Centroam\u00e9rica Travel Market (CATM 2025), empresarios del sector tur\u00edstico de los pa\u00edses de la regi\u00f3n participaron en una jornada de networking intrarregional organizada por la Federaci\u00f3n de C\u00e1maras de Turismo de Centroam\u00e9rica (FEDECATUR).<\/p>\n<p>El encuentro reuni\u00f3 a representantes del sector privado de Belice, Guatemala, El Salvador y Honduras con el prop\u00f3sito de fortalecer la cooperaci\u00f3n empresarial, identificar nuevas oportunidades de alianzas y promover la articulaci\u00f3n de productos tur\u00edsticos complementarios que impulsen el desarrollo del turismo regional.<\/p>\n<p>Esta actividad se consolida como un espacio estrat\u00e9gico previo a la feria, donde 150 expositores centroamericanos se preparan para conectar con m\u00e1s de un centenar de mayoristas y medios internacionales en las jornadas oficiales de citas de negocios. El networking intrarregional permiti\u00f3 al empresariado afinar estrategias conjuntas y explorar mecanismos de comercializaci\u00f3n que potencien la competitividad del istmo como multidestino.<\/p>\n<p>Durante el evento, se destac\u00f3 la importancia de mantener la unidad del sector privado regional para enfrentar los retos y aprovechar las oportunidades del mercado global, reafirmando el compromiso de FEDECATUR con la integraci\u00f3n tur\u00edstica centroamericana.<\/p>\n<p>El acto cont\u00f3 con la participaci\u00f3n de Andr\u00e9s Ehrler, presidente de la C\u00e1mara Nacional de Turismo de Honduras (CANATURH); Boris Iraheta, secretario general de la Agencia de Promoci\u00f3n Tur\u00edstica de Centroam\u00e9rica (CATA); Efr\u00e9n P\u00e9rez, presidente de FEDECATUR; y Reizel Vilorio, viceministra de Turismo de Honduras, quien inaugur\u00f3 oficialmente el Networking Intraregional.<\/p>\n","protected":false},"excerpt":{"rendered":"<p>Antes del inicio de las rondas de negocios internacionales de la Centroam\u00e9rica Travel Market (CATM 2025), empresarios del sector tur\u00edstico de los pa\u00edses de la regi\u00f3n participaron en una jornada de networking intrarregional organizada por la Federaci\u00f3n de C\u00e1maras de Turismo de Centroam\u00e9rica (FEDECATUR). El encuentro reuni\u00f3 a representantes del sector privado de Belice, Guatemala, [&hellip;]<\/p>\n","protected":false},"author":6,"featured_media":16773,"comment_status":"open","ping_status":"closed","sticky":false,"template":"","format":"standard","meta":{"footnotes":""},"categories":[3210],"tags":[],"class_list":{"0":"post-16772","1":"post","2":"type-post","3":"status-publish","4":"format-standard","5":"has-post-thumbnail","7":"category-catam-2025"},"yoast_head":"<!-- This site is optimized with the Yoast SEO plugin v27.3 - https:\/\/yoast.com\/product\/yoast-seo-wordpress\/ -->\n<title>Centroam\u00e9rica fortalece la colaboraci\u00f3n empresarial intrarregional en el marco de CATM 2025 - Sala de prensa<\/title>\n<meta name=\"robots\" content=\"index, follow, max-snippet:-1, max-image-preview:large, max-video-preview:-1\" \/>\n<link rel=\"canonical\" href=\"https:\/\/www.visitcentroamerica.com\/sala-prensa\/catam-2025\/centroamerica-fortalece-la-colaboracion-empresarial-intrarregional-en-el-marco-de-catm-2025\/\" \/>\n<meta property=\"og:locale\" content=\"es_ES\" \/>\n<meta property=\"og:type\" content=\"article\" \/>\n<meta property=\"og:title\" content=\"Centroam\u00e9rica fortalece la colaboraci\u00f3n empresarial intrarregional en el marco de CATM 2025 - Sala de prensa\" \/>\n<meta property=\"og:description\" content=\"Antes del inicio de las rondas de negocios internacionales de la Centroam\u00e9rica Travel Market (CATM 2025), empresarios del sector tur\u00edstico de los pa\u00edses de la regi\u00f3n participaron en una jornada de networking intrarregional organizada por la Federaci\u00f3n de C\u00e1maras de Turismo de Centroam\u00e9rica (FEDECATUR). El encuentro reuni\u00f3 a representantes del sector privado de Belice, Guatemala, [&hellip;]\" \/>\n<meta property=\"og:url\" content=\"https:\/\/www.visitcentroamerica.com\/sala-prensa\/catam-2025\/centroamerica-fortalece-la-colaboracion-empresarial-intrarregional-en-el-marco-de-catm-2025\/\" \/>\n<meta property=\"og:site_name\" content=\"Sala de prensa\" \/>\n<meta property=\"article:published_time\" content=\"2025-10-21T22:21:00+00:00\" \/>\n<meta property=\"og:image\" content=\"https:\/\/www.visitcentroamerica.com\/sala-prensa\/wp-content\/uploads\/2025\/10\/WhatsApp-Image-2025-10-21-at-3.47.02-PM.jpeg\" \/>\n\t<meta property=\"og:image:width\" content=\"1280\" \/>\n\t<meta property=\"og:image:height\" content=\"960\" \/>\n\t<meta property=\"og:image:type\" content=\"image\/jpeg\" \/>\n<meta name=\"author\" content=\"Dafne Franco\" \/>\n<meta name=\"twitter:card\" content=\"summary_large_image\" \/>\n<meta name=\"twitter:label1\" content=\"Escrito por\" \/>\n\t<meta name=\"twitter:data1\" content=\"Dafne Franco\" \/>\n\t<meta name=\"twitter:label2\" content=\"Tiempo de lectura\" \/>\n\t<meta name=\"twitter:data2\" content=\"2 minutos\" \/>\n<script type=\"application\/ld+json\" class=\"yoast-schema-graph\">{\"@context\":\"https:\\\/\\\/schema.org\",\"@graph\":[{\"@type\":\"Article\",\"@id\":\"https:\\\/\\\/www.visitcentroamerica.com\\\/sala-prensa\\\/catam-2025\\\/centroamerica-fortalece-la-colaboracion-empresarial-intrarregional-en-el-marco-de-catm-2025\\\/#article\",\"isPartOf\":{\"@id\":\"https:\\\/\\\/www.visitcentroamerica.com\\\/sala-prensa\\\/catam-2025\\\/centroamerica-fortalece-la-colaboracion-empresarial-intrarregional-en-el-marco-de-catm-2025\\\/\"},\"author\":{\"name\":\"Dafne Franco\",\"@id\":\"https:\\\/\\\/www.visitcentroamerica.com\\\/sala-prensa\\\/#\\\/schema\\\/person\\\/59be6d1215b91f3615c1bd403f512f60\"},\"headline\":\"Centroam\u00e9rica fortalece la colaboraci\u00f3n empresarial intrarregional en el marco de CATM 2025\",\"datePublished\":\"2025-10-21T22:21:00+00:00\",\"mainEntityOfPage\":{\"@id\":\"https:\\\/\\\/www.visitcentroamerica.com\\\/sala-prensa\\\/catam-2025\\\/centroamerica-fortalece-la-colaboracion-empresarial-intrarregional-en-el-marco-de-catm-2025\\\/\"},\"wordCount\":269,\"commentCount\":0,\"image\":{\"@id\":\"https:\\\/\\\/www.visitcentroamerica.com\\\/sala-prensa\\\/catam-2025\\\/centroamerica-fortalece-la-colaboracion-empresarial-intrarregional-en-el-marco-de-catm-2025\\\/#primaryimage\"},\"thumbnailUrl\":\"https:\\\/\\\/www.visitcentroamerica.com\\\/sala-prensa\\\/wp-content\\\/uploads\\\/2025\\\/10\\\/WhatsApp-Image-2025-10-21-at-3.47.02-PM.jpeg\",\"articleSection\":[\"CATAM 2025\"],\"inLanguage\":\"es\",\"potentialAction\":[{\"@type\":\"CommentAction\",\"name\":\"Comment\",\"target\":[\"https:\\\/\\\/www.visitcentroamerica.com\\\/sala-prensa\\\/catam-2025\\\/centroamerica-fortalece-la-colaboracion-empresarial-intrarregional-en-el-marco-de-catm-2025\\\/#respond\"]}]},{\"@type\":\"WebPage\",\"@id\":\"https:\\\/\\\/www.visitcentroamerica.com\\\/sala-prensa\\\/catam-2025\\\/centroamerica-fortalece-la-colaboracion-empresarial-intrarregional-en-el-marco-de-catm-2025\\\/\",\"url\":\"https:\\\/\\\/www.visitcentroamerica.com\\\/sala-prensa\\\/catam-2025\\\/centroamerica-fortalece-la-colaboracion-empresarial-intrarregional-en-el-marco-de-catm-2025\\\/\",\"name\":\"Centroam\u00e9rica fortalece la colaboraci\u00f3n empresarial intrarregional en el marco de CATM 2025 - Sala de prensa\",\"isPartOf\":{\"@id\":\"https:\\\/\\\/www.visitcentroamerica.com\\\/sala-prensa\\\/#website\"},\"primaryImageOfPage\":{\"@id\":\"https:\\\/\\\/www.visitcentroamerica.com\\\/sala-prensa\\\/catam-2025\\\/centroamerica-fortalece-la-colaboracion-empresarial-intrarregional-en-el-marco-de-catm-2025\\\/#primaryimage\"},\"image\":{\"@id\":\"https:\\\/\\\/www.visitcentroamerica.com\\\/sala-prensa\\\/catam-2025\\\/centroamerica-fortalece-la-colaboracion-empresarial-intrarregional-en-el-marco-de-catm-2025\\\/#primaryimage\"},\"thumbnailUrl\":\"https:\\\/\\\/www.visitcentroamerica.com\\\/sala-prensa\\\/wp-content\\\/uploads\\\/2025\\\/10\\\/WhatsApp-Image-2025-10-21-at-3.47.02-PM.jpeg\",\"datePublished\":\"2025-10-21T22:21:00+00:00\",\"author\":{\"@id\":\"https:\\\/\\\/www.visitcentroamerica.com\\\/sala-prensa\\\/#\\\/schema\\\/person\\\/59be6d1215b91f3615c1bd403f512f60\"},\"breadcrumb\":{\"@id\":\"https:\\\/\\\/www.visitcentroamerica.com\\\/sala-prensa\\\/catam-2025\\\/centroamerica-fortalece-la-colaboracion-empresarial-intrarregional-en-el-marco-de-catm-2025\\\/#breadcrumb\"},\"inLanguage\":\"es\",\"potentialAction\":[{\"@type\":\"ReadAction\",\"target\":[\"https:\\\/\\\/www.visitcentroamerica.com\\\/sala-prensa\\\/catam-2025\\\/centroamerica-fortalece-la-colaboracion-empresarial-intrarregional-en-el-marco-de-catm-2025\\\/\"]}]},{\"@type\":\"ImageObject\",\"inLanguage\":\"es\",\"@id\":\"https:\\\/\\\/www.visitcentroamerica.com\\\/sala-prensa\\\/catam-2025\\\/centroamerica-fortalece-la-colaboracion-empresarial-intrarregional-en-el-marco-de-catm-2025\\\/#primaryimage\",\"url\":\"https:\\\/\\\/www.visitcentroamerica.com\\\/sala-prensa\\\/wp-content\\\/uploads\\\/2025\\\/10\\\/WhatsApp-Image-2025-10-21-at-3.47.02-PM.jpeg\",\"contentUrl\":\"https:\\\/\\\/www.visitcentroamerica.com\\\/sala-prensa\\\/wp-content\\\/uploads\\\/2025\\\/10\\\/WhatsApp-Image-2025-10-21-at-3.47.02-PM.jpeg\",\"width\":1280,\"height\":960},{\"@type\":\"BreadcrumbList\",\"@id\":\"https:\\\/\\\/www.visitcentroamerica.com\\\/sala-prensa\\\/catam-2025\\\/centroamerica-fortalece-la-colaboracion-empresarial-intrarregional-en-el-marco-de-catm-2025\\\/#breadcrumb\",\"itemListElement\":[{\"@type\":\"ListItem\",\"position\":1,\"name\":\"Portada\",\"item\":\"https:\\\/\\\/www.visitcentroamerica.com\\\/sala-prensa\\\/\"},{\"@type\":\"ListItem\",\"position\":2,\"name\":\"Centroam\u00e9rica fortalece la colaboraci\u00f3n empresarial intrarregional en el marco de CATM 2025\"}]},{\"@type\":\"WebSite\",\"@id\":\"https:\\\/\\\/www.visitcentroamerica.com\\\/sala-prensa\\\/#website\",\"url\":\"https:\\\/\\\/www.visitcentroamerica.com\\\/sala-prensa\\\/\",\"name\":\"Sala de prensa\",\"description\":\"\",\"potentialAction\":[{\"@type\":\"SearchAction\",\"target\":{\"@type\":\"EntryPoint\",\"urlTemplate\":\"https:\\\/\\\/www.visitcentroamerica.com\\\/sala-prensa\\\/?s={search_term_string}\"},\"query-input\":{\"@type\":\"PropertyValueSpecification\",\"valueRequired\":true,\"valueName\":\"search_term_string\"}}],\"inLanguage\":\"es\"},{\"@type\":\"Person\",\"@id\":\"https:\\\/\\\/www.visitcentroamerica.com\\\/sala-prensa\\\/#\\\/schema\\\/person\\\/59be6d1215b91f3615c1bd403f512f60\",\"name\":\"Dafne Franco\",\"image\":{\"@type\":\"ImageObject\",\"inLanguage\":\"es\",\"@id\":\"https:\\\/\\\/secure.gravatar.com\\\/avatar\\\/9d1ca1e4cce23c82e292f528a3ad52052d3fa1e03aabdb0af820d1980e40a8b2?s=96&d=mm&r=g\",\"url\":\"https:\\\/\\\/secure.gravatar.com\\\/avatar\\\/9d1ca1e4cce23c82e292f528a3ad52052d3fa1e03aabdb0af820d1980e40a8b2?s=96&d=mm&r=g\",\"contentUrl\":\"https:\\\/\\\/secure.gravatar.com\\\/avatar\\\/9d1ca1e4cce23c82e292f528a3ad52052d3fa1e03aabdb0af820d1980e40a8b2?s=96&d=mm&r=g\",\"caption\":\"Dafne Franco\"},\"url\":\"https:\\\/\\\/www.visitcentroamerica.com\\\/sala-prensa\\\/author\\\/dafne\\\/\"}]}<\/script>\n<!-- \/ Yoast SEO plugin. -->","yoast_head_json":{"title":"Centroam\u00e9rica fortalece la colaboraci\u00f3n empresarial intrarregional en el marco de CATM 2025 - Sala de prensa","robots":{"index":"index","follow":"follow","max-snippet":"max-snippet:-1","max-image-preview":"max-image-preview:large","max-video-preview":"max-video-preview:-1"},"canonical":"https:\/\/www.visitcentroamerica.com\/sala-prensa\/catam-2025\/centroamerica-fortalece-la-colaboracion-empresarial-intrarregional-en-el-marco-de-catm-2025\/","og_locale":"es_ES","og_type":"article","og_title":"Centroam\u00e9rica fortalece la colaboraci\u00f3n empresarial intrarregional en el marco de CATM 2025 - Sala de prensa","og_description":"Antes del inicio de las rondas de negocios internacionales de la Centroam\u00e9rica Travel Market (CATM 2025), empresarios del sector tur\u00edstico de los pa\u00edses de la regi\u00f3n participaron en una jornada de networking intrarregional organizada por la Federaci\u00f3n de C\u00e1maras de Turismo de Centroam\u00e9rica (FEDECATUR). El encuentro reuni\u00f3 a representantes del sector privado de Belice, Guatemala, [&hellip;]","og_url":"https:\/\/www.visitcentroamerica.com\/sala-prensa\/catam-2025\/centroamerica-fortalece-la-colaboracion-empresarial-intrarregional-en-el-marco-de-catm-2025\/","og_site_name":"Sala de prensa","article_published_time":"2025-10-21T22:21:00+00:00","og_image":[{"width":1280,"height":960,"url":"https:\/\/www.visitcentroamerica.com\/sala-prensa\/wp-content\/uploads\/2025\/10\/WhatsApp-Image-2025-10-21-at-3.47.02-PM.jpeg","type":"image\/jpeg"}],"author":"Dafne Franco","twitter_card":"summary_large_image","twitter_misc":{"Escrito por":"Dafne Franco","Tiempo de lectura":"2 minutos"},"schema":{"@context":"https:\/\/schema.org","@graph":[{"@type":"Article","@id":"https:\/\/www.visitcentroamerica.com\/sala-prensa\/catam-2025\/centroamerica-fortalece-la-colaboracion-empresarial-intrarregional-en-el-marco-de-catm-2025\/#article","isPartOf":{"@id":"https:\/\/www.visitcentroamerica.com\/sala-prensa\/catam-2025\/centroamerica-fortalece-la-colaboracion-empresarial-intrarregional-en-el-marco-de-catm-2025\/"},"author":{"name":"Dafne Franco","@id":"https:\/\/www.visitcentroamerica.com\/sala-prensa\/#\/schema\/person\/59be6d1215b91f3615c1bd403f512f60"},"headline":"Centroam\u00e9rica fortalece la colaboraci\u00f3n empresarial intrarregional en el marco de CATM 2025","datePublished":"2025-10-21T22:21:00+00:00","mainEntityOfPage":{"@id":"https:\/\/www.visitcentroamerica.com\/sala-prensa\/catam-2025\/centroamerica-fortalece-la-colaboracion-empresarial-intrarregional-en-el-marco-de-catm-2025\/"},"wordCount":269,"commentCount":0,"image":{"@id":"https:\/\/www.visitcentroamerica.com\/sala-prensa\/catam-2025\/centroamerica-fortalece-la-colaboracion-empresarial-intrarregional-en-el-marco-de-catm-2025\/#primaryimage"},"thumbnailUrl":"https:\/\/www.visitcentroamerica.com\/sala-prensa\/wp-content\/uploads\/2025\/10\/WhatsApp-Image-2025-10-21-at-3.47.02-PM.jpeg","articleSection":["CATAM 2025"],"inLanguage":"es","potentialAction":[{"@type":"CommentAction","name":"Comment","target":["https:\/\/www.visitcentroamerica.com\/sala-prensa\/catam-2025\/centroamerica-fortalece-la-colaboracion-empresarial-intrarregional-en-el-marco-de-catm-2025\/#respond"]}]},{"@type":"WebPage","@id":"https:\/\/www.visitcentroamerica.com\/sala-prensa\/catam-2025\/centroamerica-fortalece-la-colaboracion-empresarial-intrarregional-en-el-marco-de-catm-2025\/","url":"https:\/\/www.visitcentroamerica.com\/sala-prensa\/catam-2025\/centroamerica-fortalece-la-colaboracion-empresarial-intrarregional-en-el-marco-de-catm-2025\/","name":"Centroam\u00e9rica fortalece la colaboraci\u00f3n empresarial intrarregional en el marco de CATM 2025 - Sala de prensa","isPartOf":{"@id":"https:\/\/www.visitcentroamerica.com\/sala-prensa\/#website"},"primaryImageOfPage":{"@id":"https:\/\/www.visitcentroamerica.com\/sala-prensa\/catam-2025\/centroamerica-fortalece-la-colaboracion-empresarial-intrarregional-en-el-marco-de-catm-2025\/#primaryimage"},"image":{"@id":"https:\/\/www.visitcentroamerica.com\/sala-prensa\/catam-2025\/centroamerica-fortalece-la-colaboracion-empresarial-intrarregional-en-el-marco-de-catm-2025\/#primaryimage"},"thumbnailUrl":"https:\/\/www.visitcentroamerica.com\/sala-prensa\/wp-content\/uploads\/2025\/10\/WhatsApp-Image-2025-10-21-at-3.47.02-PM.jpeg","datePublished":"2025-10-21T22:21:00+00:00","author":{"@id":"https:\/\/www.visitcentroamerica.com\/sala-prensa\/#\/schema\/person\/59be6d1215b91f3615c1bd403f512f60"},"breadcrumb":{"@id":"https:\/\/www.visitcentroamerica.com\/sala-prensa\/catam-2025\/centroamerica-fortalece-la-colaboracion-empresarial-intrarregional-en-el-marco-de-catm-2025\/#breadcrumb"},"inLanguage":"es","potentialAction":[{"@type":"ReadAction","target":["https:\/\/www.visitcentroamerica.com\/sala-prensa\/catam-2025\/centroamerica-fortalece-la-colaboracion-empresarial-intrarregional-en-el-marco-de-catm-2025\/"]}]},{"@type":"ImageObject","inLanguage":"es","@id":"https:\/\/www.visitcentroamerica.com\/sala-prensa\/catam-2025\/centroamerica-fortalece-la-colaboracion-empresarial-intrarregional-en-el-marco-de-catm-2025\/#primaryimage","url":"https:\/\/www.visitcentroamerica.com\/sala-prensa\/wp-content\/uploads\/2025\/10\/WhatsApp-Image-2025-10-21-at-3.47.02-PM.jpeg","contentUrl":"https:\/\/www.visitcentroamerica.com\/sala-prensa\/wp-content\/uploads\/2025\/10\/WhatsApp-Image-2025-10-21-at-3.47.02-PM.jpeg","width":1280,"height":960},{"@type":"BreadcrumbList","@id":"https:\/\/www.visitcentroamerica.com\/sala-prensa\/catam-2025\/centroamerica-fortalece-la-colaboracion-empresarial-intrarregional-en-el-marco-de-catm-2025\/#breadcrumb","itemListElement":[{"@type":"ListItem","position":1,"name":"Portada","item":"https:\/\/www.visitcentroamerica.com\/sala-prensa\/"},{"@type":"ListItem","position":2,"name":"Centroam\u00e9rica fortalece la colaboraci\u00f3n empresarial intrarregional en el marco de CATM 2025"}]},{"@type":"WebSite","@id":"https:\/\/www.visitcentroamerica.com\/sala-prensa\/#website","url":"https:\/\/www.visitcentroamerica.com\/sala-prensa\/","name":"Sala de prensa","description":"","potentialAction":[{"@type":"SearchAction","target":{"@type":"EntryPoint","urlTemplate":"https:\/\/www.visitcentroamerica.com\/sala-prensa\/?s={search_term_string}"},"query-input":{"@type":"PropertyValueSpecification","valueRequired":true,"valueName":"search_term_string"}}],"inLanguage":"es"},{"@type":"Person","@id":"https:\/\/www.visitcentroamerica.com\/sala-prensa\/#\/schema\/person\/59be6d1215b91f3615c1bd403f512f60","name":"Dafne Franco","image":{"@type":"ImageObject","inLanguage":"es","@id":"https:\/\/secure.gravatar.com\/avatar\/9d1ca1e4cce23c82e292f528a3ad52052d3fa1e03aabdb0af820d1980e40a8b2?s=96&d=mm&r=g","url":"https:\/\/secure.gravatar.com\/avatar\/9d1ca1e4cce23c82e292f528a3ad52052d3fa1e03aabdb0af820d1980e40a8b2?s=96&d=mm&r=g","contentUrl":"https:\/\/secure.gravatar.com\/avatar\/9d1ca1e4cce23c82e292f528a3ad52052d3fa1e03aabdb0af820d1980e40a8b2?s=96&d=mm&r=g","caption":"Dafne Franco"},"url":"https:\/\/www.visitcentroamerica.com\/sala-prensa\/author\/dafne\/"}]}},"_links":{"self":[{"href":"https:\/\/www.visitcentroamerica.com\/sala-prensa\/wp-json\/wp\/v2\/posts\/16772","targetHints":{"allow":["GET"]}}],"collection":[{"href":"https:\/\/www.visitcentroamerica.com\/sala-prensa\/wp-json\/wp\/v2\/posts"}],"about":[{"href":"https:\/\/www.visitcentroamerica.com\/sala-prensa\/wp-json\/wp\/v2\/types\/post"}],"author":[{"embeddable":true,"href":"https:\/\/www.visitcentroamerica.com\/sala-prensa\/wp-json\/wp\/v2\/users\/6"}],"replies":[{"embeddable":true,"href":"https:\/\/www.visitcentroamerica.com\/sala-prensa\/wp-json\/wp\/v2\/comments?post=16772"}],"version-history":[{"count":2,"href":"https:\/\/www.visitcentroamerica.com\/sala-prensa\/wp-json\/wp\/v2\/posts\/16772\/revisions"}],"predecessor-version":[{"id":16776,"href":"https:\/\/www.visitcentroamerica.com\/sala-prensa\/wp-json\/wp\/v2\/posts\/16772\/revisions\/16776"}],"wp:featuredmedia":[{"embeddable":true,"href":"https:\/\/www.visitcentroamerica.com\/sala-prensa\/wp-json\/wp\/v2\/media\/16773"}],"wp:attachment":[{"href":"https:\/\/www.visitcentroamerica.com\/sala-prensa\/wp-json\/wp\/v2\/media?parent=16772"}],"wp:term":[{"taxonomy":"category","embeddable":true,"href":"https:\/\/www.visitcentroamerica.com\/sala-prensa\/wp-json\/wp\/v2\/categories?post=16772"},{"taxonomy":"post_tag","embeddable":true,"href":"https:\/\/www.visitcentroamerica.com\/sala-prensa\/wp-json\/wp\/v2\/tags?post=16772"}],"curies":[{"name":"wp","href":"https:\/\/api.w.org\/{rel}","templated":true}]}}