{"id":16768,"date":"2025-10-21T21:58:21","date_gmt":"2025-10-21T19:58:21","guid":{"rendered":"https:\/\/www.visitcentroamerica.com\/sala-prensa\/?p=16768"},"modified":"2025-10-21T21:58:21","modified_gmt":"2025-10-21T19:58:21","slug":"expertas-internacionales-presentan-tendencias-de-turismo-para-centroamerica-en-el-marco-de-catm-honduras-2025","status":"publish","type":"post","link":"https:\/\/www.visitcentroamerica.com\/sala-prensa\/otros\/expertas-internacionales-presentan-tendencias-de-turismo-para-centroamerica-en-el-marco-de-catm-honduras-2025\/","title":{"rendered":"Expertas internacionales presentan tendencias de turismo para Centroam\u00e9rica en el marco de CATM \u2013 Honduras 2025"},"content":{"rendered":"<p>En el marco de la <strong>Centroam\u00e9rica Travel Market (CATM) 2025<\/strong>, la <strong>Agencia de Promoci\u00f3n Tur\u00edstica de Centroam\u00e9rica (CATA)<\/strong> crealiz\u00f3 la <strong>III Conferencia en Innovaci\u00f3n y Turismo<\/strong>, un encuentro que reuni\u00f3 a expertas, l\u00edderes empresariales y representantes del sector tur\u00edstico regional e internacional para analizar las principales <strong>tendencias globales que est\u00e1n transformando el turismo<\/strong> y las <strong>oportunidades de crecimiento para Centroam\u00e9rica.<\/strong><\/p>\n<p>El evento convoc\u00f3 a actores del \u00e1mbito p\u00fablico y privado comprometidos con la innovaci\u00f3n, la sostenibilidad y la competitividad tur\u00edstica regional, as\u00ed como mayoristas y medios de comunicaci\u00f3n internacional.<\/p>\n<p>Durante su intervenci\u00f3n inaugural, el <strong>Secretario General de CATA, Boris Iraheta<\/strong>, destac\u00f3 la importancia de fortalecer la visi\u00f3n regional a trav\u00e9s de espacios de di\u00e1logo como este:<\/p>\n<p>\u201cLa innovaci\u00f3n no es solo tecnolog\u00eda, es tambi\u00e9n colaboraci\u00f3n, estrategia y visi\u00f3n compartida. Este encuentro reafirma el compromiso de Centroam\u00e9rica por impulsar un turismo m\u00e1s integrado, sostenible y resiliente\u201d, se\u00f1al\u00f3 Iraheta.<\/p>\n<p>La conferencia cont\u00f3 con la participaci\u00f3n de <strong>Marit\u00e9 Flores<\/strong>, <em>Business Development Manager LAC de Mabrian<\/em>, quien present\u00f3 el estudio <em>\u201cOportunidades de crecimiento para el turismo en la regi\u00f3n\u201d<\/em>; <strong>Camila Corrales<\/strong>, <em>Gerente Regional de Destinos Tur\u00edsticos en Amadeus<\/em>, con la ponencia <em>\u201cTurismo con visi\u00f3n: Tendencias globales y oportunidades para Centroam\u00e9rica y Rep\u00fablica Dominicana\u201d<\/em>; y <strong>Ana Mar\u00eda Viscasillas<\/strong>, <em>Consultora Ejecutiva de Next Factor<\/em>, con la presentaci\u00f3n <em>\u201cEl rumbo de los destinos y su alineamiento comunitario.\u201d<\/em><\/p>\n<p>Adem\u00e1s, como parte del programa, se desarroll\u00f3 el <strong>panel \u201cMarcas Centroam\u00e9rica: Marcas con visi\u00f3n regional que apuestan por el turismo\u201d<\/strong>, moderado por el Secretario General de CATA, con la participaci\u00f3n de representantes de empresas l\u00edderes como <strong>Televicentro y Emisoras Unidas<\/strong>, <strong>Tropic Air Belize<\/strong>, <strong>Publimovil<\/strong> y <strong>TAG Airlines<\/strong>, quienes compartieron su experiencia sobre c\u00f3mo las alianzas estrat\u00e9gicas entre el sector privado y la institucionalidad regional fortalecen la proyecci\u00f3n internacional de Centroam\u00e9rica como multidestino.<\/p>\n<p>El encuentro form\u00f3 parte de la agenda oficial de la <strong>Centroam\u00e9rica Travel Market (CATM) 2025<\/strong>, la principal feria tur\u00edstica regional, organizada por el Instituto Hondure\u00f1o de Turismo (IHT), C\u00e1mara Nacional de Turismo de Honduras (CANATURH), junto con la Agencia de Promoci\u00f3n Tur\u00edstica de Centroam\u00e9rica (CATA) y la Federaci\u00f3n de C\u00e1maras de Turismo de Centroam\u00e9rica (FEDECATUR); evento que este a\u00f1o posiciona a Honduras como el punto de encuentro del turismo centroamericano ante compradores y medios internacionales.<\/p>\n","protected":false},"excerpt":{"rendered":"<p>En el marco de la Centroam\u00e9rica Travel Market (CATM) 2025, la Agencia de Promoci\u00f3n Tur\u00edstica de Centroam\u00e9rica (CATA) crealiz\u00f3 la III Conferencia en Innovaci\u00f3n y Turismo, un encuentro que reuni\u00f3 a expertas, l\u00edderes empresariales y representantes del sector tur\u00edstico regional e internacional para analizar las principales tendencias globales que est\u00e1n transformando el turismo y las [&hellip;]<\/p>\n","protected":false},"author":6,"featured_media":16769,"comment_status":"open","ping_status":"closed","sticky":false,"template":"","format":"standard","meta":{"footnotes":""},"categories":[1],"tags":[],"class_list":{"0":"post-16768","1":"post","2":"type-post","3":"status-publish","4":"format-standard","5":"has-post-thumbnail","7":"category-otros"},"yoast_head":"<!-- This site is optimized with the Yoast SEO plugin v27.3 - https:\/\/yoast.com\/product\/yoast-seo-wordpress\/ -->\n<title>Expertas internacionales presentan tendencias de turismo para Centroam\u00e9rica en el marco de CATM \u2013 Honduras 2025 - Sala de prensa<\/title>\n<meta name=\"robots\" content=\"index, follow, max-snippet:-1, max-image-preview:large, max-video-preview:-1\" \/>\n<link rel=\"canonical\" href=\"https:\/\/www.visitcentroamerica.com\/sala-prensa\/otros\/expertas-internacionales-presentan-tendencias-de-turismo-para-centroamerica-en-el-marco-de-catm-honduras-2025\/\" \/>\n<meta property=\"og:locale\" content=\"es_ES\" \/>\n<meta property=\"og:type\" content=\"article\" \/>\n<meta property=\"og:title\" content=\"Expertas internacionales presentan tendencias de turismo para Centroam\u00e9rica en el marco de CATM \u2013 Honduras 2025 - Sala de prensa\" \/>\n<meta property=\"og:description\" content=\"En el marco de la Centroam\u00e9rica Travel Market (CATM) 2025, la Agencia de Promoci\u00f3n Tur\u00edstica de Centroam\u00e9rica (CATA) crealiz\u00f3 la III Conferencia en Innovaci\u00f3n y Turismo, un encuentro que reuni\u00f3 a expertas, l\u00edderes empresariales y representantes del sector tur\u00edstico regional e internacional para analizar las principales tendencias globales que est\u00e1n transformando el turismo y las [&hellip;]\" \/>\n<meta property=\"og:url\" content=\"https:\/\/www.visitcentroamerica.com\/sala-prensa\/otros\/expertas-internacionales-presentan-tendencias-de-turismo-para-centroamerica-en-el-marco-de-catm-honduras-2025\/\" \/>\n<meta property=\"og:site_name\" content=\"Sala de prensa\" \/>\n<meta property=\"article:published_time\" content=\"2025-10-21T19:58:21+00:00\" \/>\n<meta property=\"og:image\" content=\"https:\/\/www.visitcentroamerica.com\/sala-prensa\/wp-content\/uploads\/2025\/10\/WhatsApp-Image-2025-10-21-at-10.41.30-AM.jpeg\" \/>\n\t<meta property=\"og:image:width\" content=\"1280\" \/>\n\t<meta property=\"og:image:height\" content=\"960\" \/>\n\t<meta property=\"og:image:type\" content=\"image\/jpeg\" \/>\n<meta name=\"author\" content=\"Dafne Franco\" \/>\n<meta name=\"twitter:card\" content=\"summary_large_image\" \/>\n<meta name=\"twitter:label1\" content=\"Escrito por\" \/>\n\t<meta name=\"twitter:data1\" content=\"Dafne Franco\" \/>\n\t<meta name=\"twitter:label2\" content=\"Tiempo de lectura\" \/>\n\t<meta name=\"twitter:data2\" content=\"2 minutos\" \/>\n<script type=\"application\/ld+json\" class=\"yoast-schema-graph\">{\"@context\":\"https:\\\/\\\/schema.org\",\"@graph\":[{\"@type\":\"Article\",\"@id\":\"https:\\\/\\\/www.visitcentroamerica.com\\\/sala-prensa\\\/otros\\\/expertas-internacionales-presentan-tendencias-de-turismo-para-centroamerica-en-el-marco-de-catm-honduras-2025\\\/#article\",\"isPartOf\":{\"@id\":\"https:\\\/\\\/www.visitcentroamerica.com\\\/sala-prensa\\\/otros\\\/expertas-internacionales-presentan-tendencias-de-turismo-para-centroamerica-en-el-marco-de-catm-honduras-2025\\\/\"},\"author\":{\"name\":\"Dafne Franco\",\"@id\":\"https:\\\/\\\/www.visitcentroamerica.com\\\/sala-prensa\\\/#\\\/schema\\\/person\\\/59be6d1215b91f3615c1bd403f512f60\"},\"headline\":\"Expertas internacionales presentan tendencias de turismo para Centroam\u00e9rica en el marco de CATM \u2013 Honduras 2025\",\"datePublished\":\"2025-10-21T19:58:21+00:00\",\"mainEntityOfPage\":{\"@id\":\"https:\\\/\\\/www.visitcentroamerica.com\\\/sala-prensa\\\/otros\\\/expertas-internacionales-presentan-tendencias-de-turismo-para-centroamerica-en-el-marco-de-catm-honduras-2025\\\/\"},\"wordCount\":433,\"commentCount\":0,\"image\":{\"@id\":\"https:\\\/\\\/www.visitcentroamerica.com\\\/sala-prensa\\\/otros\\\/expertas-internacionales-presentan-tendencias-de-turismo-para-centroamerica-en-el-marco-de-catm-honduras-2025\\\/#primaryimage\"},\"thumbnailUrl\":\"https:\\\/\\\/www.visitcentroamerica.com\\\/sala-prensa\\\/wp-content\\\/uploads\\\/2025\\\/10\\\/WhatsApp-Image-2025-10-21-at-10.41.30-AM.jpeg\",\"articleSection\":[\"Otros\"],\"inLanguage\":\"es\",\"potentialAction\":[{\"@type\":\"CommentAction\",\"name\":\"Comment\",\"target\":[\"https:\\\/\\\/www.visitcentroamerica.com\\\/sala-prensa\\\/otros\\\/expertas-internacionales-presentan-tendencias-de-turismo-para-centroamerica-en-el-marco-de-catm-honduras-2025\\\/#respond\"]}]},{\"@type\":\"WebPage\",\"@id\":\"https:\\\/\\\/www.visitcentroamerica.com\\\/sala-prensa\\\/otros\\\/expertas-internacionales-presentan-tendencias-de-turismo-para-centroamerica-en-el-marco-de-catm-honduras-2025\\\/\",\"url\":\"https:\\\/\\\/www.visitcentroamerica.com\\\/sala-prensa\\\/otros\\\/expertas-internacionales-presentan-tendencias-de-turismo-para-centroamerica-en-el-marco-de-catm-honduras-2025\\\/\",\"name\":\"Expertas internacionales presentan tendencias de turismo para Centroam\u00e9rica en el marco de CATM \u2013 Honduras 2025 - Sala de prensa\",\"isPartOf\":{\"@id\":\"https:\\\/\\\/www.visitcentroamerica.com\\\/sala-prensa\\\/#website\"},\"primaryImageOfPage\":{\"@id\":\"https:\\\/\\\/www.visitcentroamerica.com\\\/sala-prensa\\\/otros\\\/expertas-internacionales-presentan-tendencias-de-turismo-para-centroamerica-en-el-marco-de-catm-honduras-2025\\\/#primaryimage\"},\"image\":{\"@id\":\"https:\\\/\\\/www.visitcentroamerica.com\\\/sala-prensa\\\/otros\\\/expertas-internacionales-presentan-tendencias-de-turismo-para-centroamerica-en-el-marco-de-catm-honduras-2025\\\/#primaryimage\"},\"thumbnailUrl\":\"https:\\\/\\\/www.visitcentroamerica.com\\\/sala-prensa\\\/wp-content\\\/uploads\\\/2025\\\/10\\\/WhatsApp-Image-2025-10-21-at-10.41.30-AM.jpeg\",\"datePublished\":\"2025-10-21T19:58:21+00:00\",\"author\":{\"@id\":\"https:\\\/\\\/www.visitcentroamerica.com\\\/sala-prensa\\\/#\\\/schema\\\/person\\\/59be6d1215b91f3615c1bd403f512f60\"},\"breadcrumb\":{\"@id\":\"https:\\\/\\\/www.visitcentroamerica.com\\\/sala-prensa\\\/otros\\\/expertas-internacionales-presentan-tendencias-de-turismo-para-centroamerica-en-el-marco-de-catm-honduras-2025\\\/#breadcrumb\"},\"inLanguage\":\"es\",\"potentialAction\":[{\"@type\":\"ReadAction\",\"target\":[\"https:\\\/\\\/www.visitcentroamerica.com\\\/sala-prensa\\\/otros\\\/expertas-internacionales-presentan-tendencias-de-turismo-para-centroamerica-en-el-marco-de-catm-honduras-2025\\\/\"]}]},{\"@type\":\"ImageObject\",\"inLanguage\":\"es\",\"@id\":\"https:\\\/\\\/www.visitcentroamerica.com\\\/sala-prensa\\\/otros\\\/expertas-internacionales-presentan-tendencias-de-turismo-para-centroamerica-en-el-marco-de-catm-honduras-2025\\\/#primaryimage\",\"url\":\"https:\\\/\\\/www.visitcentroamerica.com\\\/sala-prensa\\\/wp-content\\\/uploads\\\/2025\\\/10\\\/WhatsApp-Image-2025-10-21-at-10.41.30-AM.jpeg\",\"contentUrl\":\"https:\\\/\\\/www.visitcentroamerica.com\\\/sala-prensa\\\/wp-content\\\/uploads\\\/2025\\\/10\\\/WhatsApp-Image-2025-10-21-at-10.41.30-AM.jpeg\",\"width\":1280,\"height\":960},{\"@type\":\"BreadcrumbList\",\"@id\":\"https:\\\/\\\/www.visitcentroamerica.com\\\/sala-prensa\\\/otros\\\/expertas-internacionales-presentan-tendencias-de-turismo-para-centroamerica-en-el-marco-de-catm-honduras-2025\\\/#breadcrumb\",\"itemListElement\":[{\"@type\":\"ListItem\",\"position\":1,\"name\":\"Portada\",\"item\":\"https:\\\/\\\/www.visitcentroamerica.com\\\/sala-prensa\\\/\"},{\"@type\":\"ListItem\",\"position\":2,\"name\":\"Expertas internacionales presentan tendencias de turismo para Centroam\u00e9rica en el marco de CATM \u2013 Honduras 2025\"}]},{\"@type\":\"WebSite\",\"@id\":\"https:\\\/\\\/www.visitcentroamerica.com\\\/sala-prensa\\\/#website\",\"url\":\"https:\\\/\\\/www.visitcentroamerica.com\\\/sala-prensa\\\/\",\"name\":\"Sala de prensa\",\"description\":\"\",\"potentialAction\":[{\"@type\":\"SearchAction\",\"target\":{\"@type\":\"EntryPoint\",\"urlTemplate\":\"https:\\\/\\\/www.visitcentroamerica.com\\\/sala-prensa\\\/?s={search_term_string}\"},\"query-input\":{\"@type\":\"PropertyValueSpecification\",\"valueRequired\":true,\"valueName\":\"search_term_string\"}}],\"inLanguage\":\"es\"},{\"@type\":\"Person\",\"@id\":\"https:\\\/\\\/www.visitcentroamerica.com\\\/sala-prensa\\\/#\\\/schema\\\/person\\\/59be6d1215b91f3615c1bd403f512f60\",\"name\":\"Dafne Franco\",\"image\":{\"@type\":\"ImageObject\",\"inLanguage\":\"es\",\"@id\":\"https:\\\/\\\/secure.gravatar.com\\\/avatar\\\/9d1ca1e4cce23c82e292f528a3ad52052d3fa1e03aabdb0af820d1980e40a8b2?s=96&d=mm&r=g\",\"url\":\"https:\\\/\\\/secure.gravatar.com\\\/avatar\\\/9d1ca1e4cce23c82e292f528a3ad52052d3fa1e03aabdb0af820d1980e40a8b2?s=96&d=mm&r=g\",\"contentUrl\":\"https:\\\/\\\/secure.gravatar.com\\\/avatar\\\/9d1ca1e4cce23c82e292f528a3ad52052d3fa1e03aabdb0af820d1980e40a8b2?s=96&d=mm&r=g\",\"caption\":\"Dafne Franco\"},\"url\":\"https:\\\/\\\/www.visitcentroamerica.com\\\/sala-prensa\\\/author\\\/dafne\\\/\"}]}<\/script>\n<!-- \/ Yoast SEO plugin. -->","yoast_head_json":{"title":"Expertas internacionales presentan tendencias de turismo para Centroam\u00e9rica en el marco de CATM \u2013 Honduras 2025 - Sala de prensa","robots":{"index":"index","follow":"follow","max-snippet":"max-snippet:-1","max-image-preview":"max-image-preview:large","max-video-preview":"max-video-preview:-1"},"canonical":"https:\/\/www.visitcentroamerica.com\/sala-prensa\/otros\/expertas-internacionales-presentan-tendencias-de-turismo-para-centroamerica-en-el-marco-de-catm-honduras-2025\/","og_locale":"es_ES","og_type":"article","og_title":"Expertas internacionales presentan tendencias de turismo para Centroam\u00e9rica en el marco de CATM \u2013 Honduras 2025 - Sala de prensa","og_description":"En el marco de la Centroam\u00e9rica Travel Market (CATM) 2025, la Agencia de Promoci\u00f3n Tur\u00edstica de Centroam\u00e9rica (CATA) crealiz\u00f3 la III Conferencia en Innovaci\u00f3n y Turismo, un encuentro que reuni\u00f3 a expertas, l\u00edderes empresariales y representantes del sector tur\u00edstico regional e internacional para analizar las principales tendencias globales que est\u00e1n transformando el turismo y las [&hellip;]","og_url":"https:\/\/www.visitcentroamerica.com\/sala-prensa\/otros\/expertas-internacionales-presentan-tendencias-de-turismo-para-centroamerica-en-el-marco-de-catm-honduras-2025\/","og_site_name":"Sala de prensa","article_published_time":"2025-10-21T19:58:21+00:00","og_image":[{"width":1280,"height":960,"url":"https:\/\/www.visitcentroamerica.com\/sala-prensa\/wp-content\/uploads\/2025\/10\/WhatsApp-Image-2025-10-21-at-10.41.30-AM.jpeg","type":"image\/jpeg"}],"author":"Dafne Franco","twitter_card":"summary_large_image","twitter_misc":{"Escrito por":"Dafne Franco","Tiempo de lectura":"2 minutos"},"schema":{"@context":"https:\/\/schema.org","@graph":[{"@type":"Article","@id":"https:\/\/www.visitcentroamerica.com\/sala-prensa\/otros\/expertas-internacionales-presentan-tendencias-de-turismo-para-centroamerica-en-el-marco-de-catm-honduras-2025\/#article","isPartOf":{"@id":"https:\/\/www.visitcentroamerica.com\/sala-prensa\/otros\/expertas-internacionales-presentan-tendencias-de-turismo-para-centroamerica-en-el-marco-de-catm-honduras-2025\/"},"author":{"name":"Dafne Franco","@id":"https:\/\/www.visitcentroamerica.com\/sala-prensa\/#\/schema\/person\/59be6d1215b91f3615c1bd403f512f60"},"headline":"Expertas internacionales presentan tendencias de turismo para Centroam\u00e9rica en el marco de CATM \u2013 Honduras 2025","datePublished":"2025-10-21T19:58:21+00:00","mainEntityOfPage":{"@id":"https:\/\/www.visitcentroamerica.com\/sala-prensa\/otros\/expertas-internacionales-presentan-tendencias-de-turismo-para-centroamerica-en-el-marco-de-catm-honduras-2025\/"},"wordCount":433,"commentCount":0,"image":{"@id":"https:\/\/www.visitcentroamerica.com\/sala-prensa\/otros\/expertas-internacionales-presentan-tendencias-de-turismo-para-centroamerica-en-el-marco-de-catm-honduras-2025\/#primaryimage"},"thumbnailUrl":"https:\/\/www.visitcentroamerica.com\/sala-prensa\/wp-content\/uploads\/2025\/10\/WhatsApp-Image-2025-10-21-at-10.41.30-AM.jpeg","articleSection":["Otros"],"inLanguage":"es","potentialAction":[{"@type":"CommentAction","name":"Comment","target":["https:\/\/www.visitcentroamerica.com\/sala-prensa\/otros\/expertas-internacionales-presentan-tendencias-de-turismo-para-centroamerica-en-el-marco-de-catm-honduras-2025\/#respond"]}]},{"@type":"WebPage","@id":"https:\/\/www.visitcentroamerica.com\/sala-prensa\/otros\/expertas-internacionales-presentan-tendencias-de-turismo-para-centroamerica-en-el-marco-de-catm-honduras-2025\/","url":"https:\/\/www.visitcentroamerica.com\/sala-prensa\/otros\/expertas-internacionales-presentan-tendencias-de-turismo-para-centroamerica-en-el-marco-de-catm-honduras-2025\/","name":"Expertas internacionales presentan tendencias de turismo para Centroam\u00e9rica en el marco de CATM \u2013 Honduras 2025 - Sala de prensa","isPartOf":{"@id":"https:\/\/www.visitcentroamerica.com\/sala-prensa\/#website"},"primaryImageOfPage":{"@id":"https:\/\/www.visitcentroamerica.com\/sala-prensa\/otros\/expertas-internacionales-presentan-tendencias-de-turismo-para-centroamerica-en-el-marco-de-catm-honduras-2025\/#primaryimage"},"image":{"@id":"https:\/\/www.visitcentroamerica.com\/sala-prensa\/otros\/expertas-internacionales-presentan-tendencias-de-turismo-para-centroamerica-en-el-marco-de-catm-honduras-2025\/#primaryimage"},"thumbnailUrl":"https:\/\/www.visitcentroamerica.com\/sala-prensa\/wp-content\/uploads\/2025\/10\/WhatsApp-Image-2025-10-21-at-10.41.30-AM.jpeg","datePublished":"2025-10-21T19:58:21+00:00","author":{"@id":"https:\/\/www.visitcentroamerica.com\/sala-prensa\/#\/schema\/person\/59be6d1215b91f3615c1bd403f512f60"},"breadcrumb":{"@id":"https:\/\/www.visitcentroamerica.com\/sala-prensa\/otros\/expertas-internacionales-presentan-tendencias-de-turismo-para-centroamerica-en-el-marco-de-catm-honduras-2025\/#breadcrumb"},"inLanguage":"es","potentialAction":[{"@type":"ReadAction","target":["https:\/\/www.visitcentroamerica.com\/sala-prensa\/otros\/expertas-internacionales-presentan-tendencias-de-turismo-para-centroamerica-en-el-marco-de-catm-honduras-2025\/"]}]},{"@type":"ImageObject","inLanguage":"es","@id":"https:\/\/www.visitcentroamerica.com\/sala-prensa\/otros\/expertas-internacionales-presentan-tendencias-de-turismo-para-centroamerica-en-el-marco-de-catm-honduras-2025\/#primaryimage","url":"https:\/\/www.visitcentroamerica.com\/sala-prensa\/wp-content\/uploads\/2025\/10\/WhatsApp-Image-2025-10-21-at-10.41.30-AM.jpeg","contentUrl":"https:\/\/www.visitcentroamerica.com\/sala-prensa\/wp-content\/uploads\/2025\/10\/WhatsApp-Image-2025-10-21-at-10.41.30-AM.jpeg","width":1280,"height":960},{"@type":"BreadcrumbList","@id":"https:\/\/www.visitcentroamerica.com\/sala-prensa\/otros\/expertas-internacionales-presentan-tendencias-de-turismo-para-centroamerica-en-el-marco-de-catm-honduras-2025\/#breadcrumb","itemListElement":[{"@type":"ListItem","position":1,"name":"Portada","item":"https:\/\/www.visitcentroamerica.com\/sala-prensa\/"},{"@type":"ListItem","position":2,"name":"Expertas internacionales presentan tendencias de turismo para Centroam\u00e9rica en el marco de CATM \u2013 Honduras 2025"}]},{"@type":"WebSite","@id":"https:\/\/www.visitcentroamerica.com\/sala-prensa\/#website","url":"https:\/\/www.visitcentroamerica.com\/sala-prensa\/","name":"Sala de prensa","description":"","potentialAction":[{"@type":"SearchAction","target":{"@type":"EntryPoint","urlTemplate":"https:\/\/www.visitcentroamerica.com\/sala-prensa\/?s={search_term_string}"},"query-input":{"@type":"PropertyValueSpecification","valueRequired":true,"valueName":"search_term_string"}}],"inLanguage":"es"},{"@type":"Person","@id":"https:\/\/www.visitcentroamerica.com\/sala-prensa\/#\/schema\/person\/59be6d1215b91f3615c1bd403f512f60","name":"Dafne Franco","image":{"@type":"ImageObject","inLanguage":"es","@id":"https:\/\/secure.gravatar.com\/avatar\/9d1ca1e4cce23c82e292f528a3ad52052d3fa1e03aabdb0af820d1980e40a8b2?s=96&d=mm&r=g","url":"https:\/\/secure.gravatar.com\/avatar\/9d1ca1e4cce23c82e292f528a3ad52052d3fa1e03aabdb0af820d1980e40a8b2?s=96&d=mm&r=g","contentUrl":"https:\/\/secure.gravatar.com\/avatar\/9d1ca1e4cce23c82e292f528a3ad52052d3fa1e03aabdb0af820d1980e40a8b2?s=96&d=mm&r=g","caption":"Dafne Franco"},"url":"https:\/\/www.visitcentroamerica.com\/sala-prensa\/author\/dafne\/"}]}},"_links":{"self":[{"href":"https:\/\/www.visitcentroamerica.com\/sala-prensa\/wp-json\/wp\/v2\/posts\/16768","targetHints":{"allow":["GET"]}}],"collection":[{"href":"https:\/\/www.visitcentroamerica.com\/sala-prensa\/wp-json\/wp\/v2\/posts"}],"about":[{"href":"https:\/\/www.visitcentroamerica.com\/sala-prensa\/wp-json\/wp\/v2\/types\/post"}],"author":[{"embeddable":true,"href":"https:\/\/www.visitcentroamerica.com\/sala-prensa\/wp-json\/wp\/v2\/users\/6"}],"replies":[{"embeddable":true,"href":"https:\/\/www.visitcentroamerica.com\/sala-prensa\/wp-json\/wp\/v2\/comments?post=16768"}],"version-history":[{"count":1,"href":"https:\/\/www.visitcentroamerica.com\/sala-prensa\/wp-json\/wp\/v2\/posts\/16768\/revisions"}],"predecessor-version":[{"id":16771,"href":"https:\/\/www.visitcentroamerica.com\/sala-prensa\/wp-json\/wp\/v2\/posts\/16768\/revisions\/16771"}],"wp:featuredmedia":[{"embeddable":true,"href":"https:\/\/www.visitcentroamerica.com\/sala-prensa\/wp-json\/wp\/v2\/media\/16769"}],"wp:attachment":[{"href":"https:\/\/www.visitcentroamerica.com\/sala-prensa\/wp-json\/wp\/v2\/media?parent=16768"}],"wp:term":[{"taxonomy":"category","embeddable":true,"href":"https:\/\/www.visitcentroamerica.com\/sala-prensa\/wp-json\/wp\/v2\/categories?post=16768"},{"taxonomy":"post_tag","embeddable":true,"href":"https:\/\/www.visitcentroamerica.com\/sala-prensa\/wp-json\/wp\/v2\/tags?post=16768"}],"curies":[{"name":"wp","href":"https:\/\/api.w.org\/{rel}","templated":true}]}}