{"id":16764,"date":"2025-10-21T05:44:38","date_gmt":"2025-10-21T03:44:38","guid":{"rendered":"https:\/\/www.visitcentroamerica.com\/sala-prensa\/?p=16764"},"modified":"2025-10-21T05:44:38","modified_gmt":"2025-10-21T03:44:38","slug":"consejo-directivo-de-cata-sesiona-en-el-marco-de-la-centroamerica-travel-market-2025","status":"publish","type":"post","link":"https:\/\/www.visitcentroamerica.com\/sala-prensa\/catam-2025\/consejo-directivo-de-cata-sesiona-en-el-marco-de-la-centroamerica-travel-market-2025\/","title":{"rendered":"Consejo Directivo de CATA sesiona  en el marco de la Centroam\u00e9rica Travel Market 2025"},"content":{"rendered":"<p>En el marco de la celebraci\u00f3n de la <em>Centroam\u00e9rica Travel Market (CATM 2025)<\/em>, los m\u00e1ximos representantes de los Ministerios de Turismo de la regi\u00f3n y los presidentes de las C\u00e1maras de Turismo agrupadas en la Federaci\u00f3n de C\u00e1maras de Turismo de Centroam\u00e9rica (FEDECATUR) sostuvieron la reuni\u00f3n del Consejo Directivo de la Agencia de Promoci\u00f3n Tur\u00edstica de Centroam\u00e9rica (CATA).<\/p>\n<p>La sesi\u00f3n, que tuvo lugar en San Pedro Sula, fue acogida por <strong>Honduras como pa\u00eds anfitri\u00f3n<\/strong> y cont\u00f3 con la participaci\u00f3n de la <strong>Sra. Nicolle Solano, CEO para Turismo, Juventud, Deportes y Relaciones con la Di\u00e1spora del Ministerio de Turismo de Belice<\/strong>, pa\u00eds que ejerce la Presidencia Pro T\u00e9mpore de CATA.<\/p>\n<p>Durante el encuentro, los miembros del Consejo Directivo abordaron los principales avances alcanzados por la Agencia durante 2025, un a\u00f1o caracterizado por la consolidaci\u00f3n de la promoci\u00f3n conjunta de la regi\u00f3n como multidestino tur\u00edstico competitivo. Entre los logros destacados se incluyen la ejecuci\u00f3n de campa\u00f1as de posicionamiento internacional, la participaci\u00f3n en ferias globales de turismo, la implementaci\u00f3n de acciones de marketing digital y la coordinaci\u00f3n de eventos estrat\u00e9gicos para el fortalecimiento de la industria regional.<\/p>\n<p>Asimismo, los directivos conocieron detalles del desarrollo de la <em>Centroam\u00e9rica Travel Market 2025<\/em>, que se realizar\u00e1 del 21 al 23 de octubre en San Pedro Sula. La feria reafirma su papel como la principal plataforma de promoci\u00f3n y comercializaci\u00f3n del turismo centroamericano ante los mercados emisores de Europa, Norteam\u00e9rica y Sudam\u00e9rica.<\/p>\n<p>La Agencia de Promoci\u00f3n Tur\u00edstica de Centroam\u00e9rica (CATA), creada por acuerdo de los Presidentes de los pa\u00edses miembros del Sistema de la Integraci\u00f3n Centroamericana (SICA), contin\u00faa posicionando a la regi\u00f3n como un destino diverso, competitivo y unido bajo la visi\u00f3n de \u201cSiete pa\u00edses, una regi\u00f3n\u201d.<\/p>\n","protected":false},"excerpt":{"rendered":"<p>En el marco de la celebraci\u00f3n de la Centroam\u00e9rica Travel Market (CATM 2025), los m\u00e1ximos representantes de los Ministerios de Turismo de la regi\u00f3n y los presidentes de las C\u00e1maras de Turismo agrupadas en la Federaci\u00f3n de C\u00e1maras de Turismo de Centroam\u00e9rica (FEDECATUR) sostuvieron la reuni\u00f3n del Consejo Directivo de la Agencia de Promoci\u00f3n Tur\u00edstica [&hellip;]<\/p>\n","protected":false},"author":6,"featured_media":16765,"comment_status":"open","ping_status":"closed","sticky":false,"template":"","format":"standard","meta":{"footnotes":""},"categories":[3210],"tags":[],"class_list":{"0":"post-16764","1":"post","2":"type-post","3":"status-publish","4":"format-standard","5":"has-post-thumbnail","7":"category-catam-2025"},"yoast_head":"<!-- This site is optimized with the Yoast SEO plugin v27.3 - https:\/\/yoast.com\/product\/yoast-seo-wordpress\/ -->\n<title>Consejo Directivo de CATA sesiona en el marco de la Centroam\u00e9rica Travel Market 2025 - Sala de prensa<\/title>\n<meta name=\"robots\" content=\"index, follow, max-snippet:-1, max-image-preview:large, max-video-preview:-1\" \/>\n<link rel=\"canonical\" href=\"https:\/\/www.visitcentroamerica.com\/sala-prensa\/catam-2025\/consejo-directivo-de-cata-sesiona-en-el-marco-de-la-centroamerica-travel-market-2025\/\" \/>\n<meta property=\"og:locale\" content=\"es_ES\" \/>\n<meta property=\"og:type\" content=\"article\" \/>\n<meta property=\"og:title\" content=\"Consejo Directivo de CATA sesiona en el marco de la Centroam\u00e9rica Travel Market 2025 - Sala de prensa\" \/>\n<meta property=\"og:description\" content=\"En el marco de la celebraci\u00f3n de la Centroam\u00e9rica Travel Market (CATM 2025), los m\u00e1ximos representantes de los Ministerios de Turismo de la regi\u00f3n y los presidentes de las C\u00e1maras de Turismo agrupadas en la Federaci\u00f3n de C\u00e1maras de Turismo de Centroam\u00e9rica (FEDECATUR) sostuvieron la reuni\u00f3n del Consejo Directivo de la Agencia de Promoci\u00f3n Tur\u00edstica [&hellip;]\" \/>\n<meta property=\"og:url\" content=\"https:\/\/www.visitcentroamerica.com\/sala-prensa\/catam-2025\/consejo-directivo-de-cata-sesiona-en-el-marco-de-la-centroamerica-travel-market-2025\/\" \/>\n<meta property=\"og:site_name\" content=\"Sala de prensa\" \/>\n<meta property=\"article:published_time\" content=\"2025-10-21T03:44:38+00:00\" \/>\n<meta property=\"og:image\" content=\"https:\/\/www.visitcentroamerica.com\/sala-prensa\/wp-content\/uploads\/2025\/10\/WhatsApp-Image-2025-10-20-at-8.52.40-PM.jpeg\" \/>\n\t<meta property=\"og:image:width\" content=\"1600\" \/>\n\t<meta property=\"og:image:height\" content=\"954\" \/>\n\t<meta property=\"og:image:type\" content=\"image\/jpeg\" \/>\n<meta name=\"author\" content=\"Dafne Franco\" \/>\n<meta name=\"twitter:card\" content=\"summary_large_image\" \/>\n<meta name=\"twitter:label1\" content=\"Escrito por\" \/>\n\t<meta name=\"twitter:data1\" content=\"Dafne Franco\" \/>\n\t<meta name=\"twitter:label2\" content=\"Tiempo de lectura\" \/>\n\t<meta name=\"twitter:data2\" content=\"2 minutos\" \/>\n<script type=\"application\/ld+json\" class=\"yoast-schema-graph\">{\"@context\":\"https:\\\/\\\/schema.org\",\"@graph\":[{\"@type\":\"Article\",\"@id\":\"https:\\\/\\\/www.visitcentroamerica.com\\\/sala-prensa\\\/catam-2025\\\/consejo-directivo-de-cata-sesiona-en-el-marco-de-la-centroamerica-travel-market-2025\\\/#article\",\"isPartOf\":{\"@id\":\"https:\\\/\\\/www.visitcentroamerica.com\\\/sala-prensa\\\/catam-2025\\\/consejo-directivo-de-cata-sesiona-en-el-marco-de-la-centroamerica-travel-market-2025\\\/\"},\"author\":{\"name\":\"Dafne Franco\",\"@id\":\"https:\\\/\\\/www.visitcentroamerica.com\\\/sala-prensa\\\/#\\\/schema\\\/person\\\/59be6d1215b91f3615c1bd403f512f60\"},\"headline\":\"Consejo Directivo de CATA sesiona en el marco de la Centroam\u00e9rica Travel Market 2025\",\"datePublished\":\"2025-10-21T03:44:38+00:00\",\"mainEntityOfPage\":{\"@id\":\"https:\\\/\\\/www.visitcentroamerica.com\\\/sala-prensa\\\/catam-2025\\\/consejo-directivo-de-cata-sesiona-en-el-marco-de-la-centroamerica-travel-market-2025\\\/\"},\"wordCount\":334,\"commentCount\":0,\"image\":{\"@id\":\"https:\\\/\\\/www.visitcentroamerica.com\\\/sala-prensa\\\/catam-2025\\\/consejo-directivo-de-cata-sesiona-en-el-marco-de-la-centroamerica-travel-market-2025\\\/#primaryimage\"},\"thumbnailUrl\":\"https:\\\/\\\/www.visitcentroamerica.com\\\/sala-prensa\\\/wp-content\\\/uploads\\\/2025\\\/10\\\/WhatsApp-Image-2025-10-20-at-8.52.40-PM.jpeg\",\"articleSection\":[\"CATAM 2025\"],\"inLanguage\":\"es\",\"potentialAction\":[{\"@type\":\"CommentAction\",\"name\":\"Comment\",\"target\":[\"https:\\\/\\\/www.visitcentroamerica.com\\\/sala-prensa\\\/catam-2025\\\/consejo-directivo-de-cata-sesiona-en-el-marco-de-la-centroamerica-travel-market-2025\\\/#respond\"]}]},{\"@type\":\"WebPage\",\"@id\":\"https:\\\/\\\/www.visitcentroamerica.com\\\/sala-prensa\\\/catam-2025\\\/consejo-directivo-de-cata-sesiona-en-el-marco-de-la-centroamerica-travel-market-2025\\\/\",\"url\":\"https:\\\/\\\/www.visitcentroamerica.com\\\/sala-prensa\\\/catam-2025\\\/consejo-directivo-de-cata-sesiona-en-el-marco-de-la-centroamerica-travel-market-2025\\\/\",\"name\":\"Consejo Directivo de CATA sesiona en el marco de la Centroam\u00e9rica Travel Market 2025 - Sala de prensa\",\"isPartOf\":{\"@id\":\"https:\\\/\\\/www.visitcentroamerica.com\\\/sala-prensa\\\/#website\"},\"primaryImageOfPage\":{\"@id\":\"https:\\\/\\\/www.visitcentroamerica.com\\\/sala-prensa\\\/catam-2025\\\/consejo-directivo-de-cata-sesiona-en-el-marco-de-la-centroamerica-travel-market-2025\\\/#primaryimage\"},\"image\":{\"@id\":\"https:\\\/\\\/www.visitcentroamerica.com\\\/sala-prensa\\\/catam-2025\\\/consejo-directivo-de-cata-sesiona-en-el-marco-de-la-centroamerica-travel-market-2025\\\/#primaryimage\"},\"thumbnailUrl\":\"https:\\\/\\\/www.visitcentroamerica.com\\\/sala-prensa\\\/wp-content\\\/uploads\\\/2025\\\/10\\\/WhatsApp-Image-2025-10-20-at-8.52.40-PM.jpeg\",\"datePublished\":\"2025-10-21T03:44:38+00:00\",\"author\":{\"@id\":\"https:\\\/\\\/www.visitcentroamerica.com\\\/sala-prensa\\\/#\\\/schema\\\/person\\\/59be6d1215b91f3615c1bd403f512f60\"},\"breadcrumb\":{\"@id\":\"https:\\\/\\\/www.visitcentroamerica.com\\\/sala-prensa\\\/catam-2025\\\/consejo-directivo-de-cata-sesiona-en-el-marco-de-la-centroamerica-travel-market-2025\\\/#breadcrumb\"},\"inLanguage\":\"es\",\"potentialAction\":[{\"@type\":\"ReadAction\",\"target\":[\"https:\\\/\\\/www.visitcentroamerica.com\\\/sala-prensa\\\/catam-2025\\\/consejo-directivo-de-cata-sesiona-en-el-marco-de-la-centroamerica-travel-market-2025\\\/\"]}]},{\"@type\":\"ImageObject\",\"inLanguage\":\"es\",\"@id\":\"https:\\\/\\\/www.visitcentroamerica.com\\\/sala-prensa\\\/catam-2025\\\/consejo-directivo-de-cata-sesiona-en-el-marco-de-la-centroamerica-travel-market-2025\\\/#primaryimage\",\"url\":\"https:\\\/\\\/www.visitcentroamerica.com\\\/sala-prensa\\\/wp-content\\\/uploads\\\/2025\\\/10\\\/WhatsApp-Image-2025-10-20-at-8.52.40-PM.jpeg\",\"contentUrl\":\"https:\\\/\\\/www.visitcentroamerica.com\\\/sala-prensa\\\/wp-content\\\/uploads\\\/2025\\\/10\\\/WhatsApp-Image-2025-10-20-at-8.52.40-PM.jpeg\",\"width\":1600,\"height\":954},{\"@type\":\"BreadcrumbList\",\"@id\":\"https:\\\/\\\/www.visitcentroamerica.com\\\/sala-prensa\\\/catam-2025\\\/consejo-directivo-de-cata-sesiona-en-el-marco-de-la-centroamerica-travel-market-2025\\\/#breadcrumb\",\"itemListElement\":[{\"@type\":\"ListItem\",\"position\":1,\"name\":\"Portada\",\"item\":\"https:\\\/\\\/www.visitcentroamerica.com\\\/sala-prensa\\\/\"},{\"@type\":\"ListItem\",\"position\":2,\"name\":\"Consejo Directivo de CATA sesiona en el marco de la Centroam\u00e9rica Travel Market 2025\"}]},{\"@type\":\"WebSite\",\"@id\":\"https:\\\/\\\/www.visitcentroamerica.com\\\/sala-prensa\\\/#website\",\"url\":\"https:\\\/\\\/www.visitcentroamerica.com\\\/sala-prensa\\\/\",\"name\":\"Sala de prensa\",\"description\":\"\",\"potentialAction\":[{\"@type\":\"SearchAction\",\"target\":{\"@type\":\"EntryPoint\",\"urlTemplate\":\"https:\\\/\\\/www.visitcentroamerica.com\\\/sala-prensa\\\/?s={search_term_string}\"},\"query-input\":{\"@type\":\"PropertyValueSpecification\",\"valueRequired\":true,\"valueName\":\"search_term_string\"}}],\"inLanguage\":\"es\"},{\"@type\":\"Person\",\"@id\":\"https:\\\/\\\/www.visitcentroamerica.com\\\/sala-prensa\\\/#\\\/schema\\\/person\\\/59be6d1215b91f3615c1bd403f512f60\",\"name\":\"Dafne Franco\",\"image\":{\"@type\":\"ImageObject\",\"inLanguage\":\"es\",\"@id\":\"https:\\\/\\\/secure.gravatar.com\\\/avatar\\\/9d1ca1e4cce23c82e292f528a3ad52052d3fa1e03aabdb0af820d1980e40a8b2?s=96&d=mm&r=g\",\"url\":\"https:\\\/\\\/secure.gravatar.com\\\/avatar\\\/9d1ca1e4cce23c82e292f528a3ad52052d3fa1e03aabdb0af820d1980e40a8b2?s=96&d=mm&r=g\",\"contentUrl\":\"https:\\\/\\\/secure.gravatar.com\\\/avatar\\\/9d1ca1e4cce23c82e292f528a3ad52052d3fa1e03aabdb0af820d1980e40a8b2?s=96&d=mm&r=g\",\"caption\":\"Dafne Franco\"},\"url\":\"https:\\\/\\\/www.visitcentroamerica.com\\\/sala-prensa\\\/author\\\/dafne\\\/\"}]}<\/script>\n<!-- \/ Yoast SEO plugin. -->","yoast_head_json":{"title":"Consejo Directivo de CATA sesiona en el marco de la Centroam\u00e9rica Travel Market 2025 - Sala de prensa","robots":{"index":"index","follow":"follow","max-snippet":"max-snippet:-1","max-image-preview":"max-image-preview:large","max-video-preview":"max-video-preview:-1"},"canonical":"https:\/\/www.visitcentroamerica.com\/sala-prensa\/catam-2025\/consejo-directivo-de-cata-sesiona-en-el-marco-de-la-centroamerica-travel-market-2025\/","og_locale":"es_ES","og_type":"article","og_title":"Consejo Directivo de CATA sesiona en el marco de la Centroam\u00e9rica Travel Market 2025 - Sala de prensa","og_description":"En el marco de la celebraci\u00f3n de la Centroam\u00e9rica Travel Market (CATM 2025), los m\u00e1ximos representantes de los Ministerios de Turismo de la regi\u00f3n y los presidentes de las C\u00e1maras de Turismo agrupadas en la Federaci\u00f3n de C\u00e1maras de Turismo de Centroam\u00e9rica (FEDECATUR) sostuvieron la reuni\u00f3n del Consejo Directivo de la Agencia de Promoci\u00f3n Tur\u00edstica [&hellip;]","og_url":"https:\/\/www.visitcentroamerica.com\/sala-prensa\/catam-2025\/consejo-directivo-de-cata-sesiona-en-el-marco-de-la-centroamerica-travel-market-2025\/","og_site_name":"Sala de prensa","article_published_time":"2025-10-21T03:44:38+00:00","og_image":[{"width":1600,"height":954,"url":"https:\/\/www.visitcentroamerica.com\/sala-prensa\/wp-content\/uploads\/2025\/10\/WhatsApp-Image-2025-10-20-at-8.52.40-PM.jpeg","type":"image\/jpeg"}],"author":"Dafne Franco","twitter_card":"summary_large_image","twitter_misc":{"Escrito por":"Dafne Franco","Tiempo de lectura":"2 minutos"},"schema":{"@context":"https:\/\/schema.org","@graph":[{"@type":"Article","@id":"https:\/\/www.visitcentroamerica.com\/sala-prensa\/catam-2025\/consejo-directivo-de-cata-sesiona-en-el-marco-de-la-centroamerica-travel-market-2025\/#article","isPartOf":{"@id":"https:\/\/www.visitcentroamerica.com\/sala-prensa\/catam-2025\/consejo-directivo-de-cata-sesiona-en-el-marco-de-la-centroamerica-travel-market-2025\/"},"author":{"name":"Dafne Franco","@id":"https:\/\/www.visitcentroamerica.com\/sala-prensa\/#\/schema\/person\/59be6d1215b91f3615c1bd403f512f60"},"headline":"Consejo Directivo de CATA sesiona en el marco de la Centroam\u00e9rica Travel Market 2025","datePublished":"2025-10-21T03:44:38+00:00","mainEntityOfPage":{"@id":"https:\/\/www.visitcentroamerica.com\/sala-prensa\/catam-2025\/consejo-directivo-de-cata-sesiona-en-el-marco-de-la-centroamerica-travel-market-2025\/"},"wordCount":334,"commentCount":0,"image":{"@id":"https:\/\/www.visitcentroamerica.com\/sala-prensa\/catam-2025\/consejo-directivo-de-cata-sesiona-en-el-marco-de-la-centroamerica-travel-market-2025\/#primaryimage"},"thumbnailUrl":"https:\/\/www.visitcentroamerica.com\/sala-prensa\/wp-content\/uploads\/2025\/10\/WhatsApp-Image-2025-10-20-at-8.52.40-PM.jpeg","articleSection":["CATAM 2025"],"inLanguage":"es","potentialAction":[{"@type":"CommentAction","name":"Comment","target":["https:\/\/www.visitcentroamerica.com\/sala-prensa\/catam-2025\/consejo-directivo-de-cata-sesiona-en-el-marco-de-la-centroamerica-travel-market-2025\/#respond"]}]},{"@type":"WebPage","@id":"https:\/\/www.visitcentroamerica.com\/sala-prensa\/catam-2025\/consejo-directivo-de-cata-sesiona-en-el-marco-de-la-centroamerica-travel-market-2025\/","url":"https:\/\/www.visitcentroamerica.com\/sala-prensa\/catam-2025\/consejo-directivo-de-cata-sesiona-en-el-marco-de-la-centroamerica-travel-market-2025\/","name":"Consejo Directivo de CATA sesiona en el marco de la Centroam\u00e9rica Travel Market 2025 - Sala de prensa","isPartOf":{"@id":"https:\/\/www.visitcentroamerica.com\/sala-prensa\/#website"},"primaryImageOfPage":{"@id":"https:\/\/www.visitcentroamerica.com\/sala-prensa\/catam-2025\/consejo-directivo-de-cata-sesiona-en-el-marco-de-la-centroamerica-travel-market-2025\/#primaryimage"},"image":{"@id":"https:\/\/www.visitcentroamerica.com\/sala-prensa\/catam-2025\/consejo-directivo-de-cata-sesiona-en-el-marco-de-la-centroamerica-travel-market-2025\/#primaryimage"},"thumbnailUrl":"https:\/\/www.visitcentroamerica.com\/sala-prensa\/wp-content\/uploads\/2025\/10\/WhatsApp-Image-2025-10-20-at-8.52.40-PM.jpeg","datePublished":"2025-10-21T03:44:38+00:00","author":{"@id":"https:\/\/www.visitcentroamerica.com\/sala-prensa\/#\/schema\/person\/59be6d1215b91f3615c1bd403f512f60"},"breadcrumb":{"@id":"https:\/\/www.visitcentroamerica.com\/sala-prensa\/catam-2025\/consejo-directivo-de-cata-sesiona-en-el-marco-de-la-centroamerica-travel-market-2025\/#breadcrumb"},"inLanguage":"es","potentialAction":[{"@type":"ReadAction","target":["https:\/\/www.visitcentroamerica.com\/sala-prensa\/catam-2025\/consejo-directivo-de-cata-sesiona-en-el-marco-de-la-centroamerica-travel-market-2025\/"]}]},{"@type":"ImageObject","inLanguage":"es","@id":"https:\/\/www.visitcentroamerica.com\/sala-prensa\/catam-2025\/consejo-directivo-de-cata-sesiona-en-el-marco-de-la-centroamerica-travel-market-2025\/#primaryimage","url":"https:\/\/www.visitcentroamerica.com\/sala-prensa\/wp-content\/uploads\/2025\/10\/WhatsApp-Image-2025-10-20-at-8.52.40-PM.jpeg","contentUrl":"https:\/\/www.visitcentroamerica.com\/sala-prensa\/wp-content\/uploads\/2025\/10\/WhatsApp-Image-2025-10-20-at-8.52.40-PM.jpeg","width":1600,"height":954},{"@type":"BreadcrumbList","@id":"https:\/\/www.visitcentroamerica.com\/sala-prensa\/catam-2025\/consejo-directivo-de-cata-sesiona-en-el-marco-de-la-centroamerica-travel-market-2025\/#breadcrumb","itemListElement":[{"@type":"ListItem","position":1,"name":"Portada","item":"https:\/\/www.visitcentroamerica.com\/sala-prensa\/"},{"@type":"ListItem","position":2,"name":"Consejo Directivo de CATA sesiona en el marco de la Centroam\u00e9rica Travel Market 2025"}]},{"@type":"WebSite","@id":"https:\/\/www.visitcentroamerica.com\/sala-prensa\/#website","url":"https:\/\/www.visitcentroamerica.com\/sala-prensa\/","name":"Sala de prensa","description":"","potentialAction":[{"@type":"SearchAction","target":{"@type":"EntryPoint","urlTemplate":"https:\/\/www.visitcentroamerica.com\/sala-prensa\/?s={search_term_string}"},"query-input":{"@type":"PropertyValueSpecification","valueRequired":true,"valueName":"search_term_string"}}],"inLanguage":"es"},{"@type":"Person","@id":"https:\/\/www.visitcentroamerica.com\/sala-prensa\/#\/schema\/person\/59be6d1215b91f3615c1bd403f512f60","name":"Dafne Franco","image":{"@type":"ImageObject","inLanguage":"es","@id":"https:\/\/secure.gravatar.com\/avatar\/9d1ca1e4cce23c82e292f528a3ad52052d3fa1e03aabdb0af820d1980e40a8b2?s=96&d=mm&r=g","url":"https:\/\/secure.gravatar.com\/avatar\/9d1ca1e4cce23c82e292f528a3ad52052d3fa1e03aabdb0af820d1980e40a8b2?s=96&d=mm&r=g","contentUrl":"https:\/\/secure.gravatar.com\/avatar\/9d1ca1e4cce23c82e292f528a3ad52052d3fa1e03aabdb0af820d1980e40a8b2?s=96&d=mm&r=g","caption":"Dafne Franco"},"url":"https:\/\/www.visitcentroamerica.com\/sala-prensa\/author\/dafne\/"}]}},"_links":{"self":[{"href":"https:\/\/www.visitcentroamerica.com\/sala-prensa\/wp-json\/wp\/v2\/posts\/16764","targetHints":{"allow":["GET"]}}],"collection":[{"href":"https:\/\/www.visitcentroamerica.com\/sala-prensa\/wp-json\/wp\/v2\/posts"}],"about":[{"href":"https:\/\/www.visitcentroamerica.com\/sala-prensa\/wp-json\/wp\/v2\/types\/post"}],"author":[{"embeddable":true,"href":"https:\/\/www.visitcentroamerica.com\/sala-prensa\/wp-json\/wp\/v2\/users\/6"}],"replies":[{"embeddable":true,"href":"https:\/\/www.visitcentroamerica.com\/sala-prensa\/wp-json\/wp\/v2\/comments?post=16764"}],"version-history":[{"count":1,"href":"https:\/\/www.visitcentroamerica.com\/sala-prensa\/wp-json\/wp\/v2\/posts\/16764\/revisions"}],"predecessor-version":[{"id":16767,"href":"https:\/\/www.visitcentroamerica.com\/sala-prensa\/wp-json\/wp\/v2\/posts\/16764\/revisions\/16767"}],"wp:featuredmedia":[{"embeddable":true,"href":"https:\/\/www.visitcentroamerica.com\/sala-prensa\/wp-json\/wp\/v2\/media\/16765"}],"wp:attachment":[{"href":"https:\/\/www.visitcentroamerica.com\/sala-prensa\/wp-json\/wp\/v2\/media?parent=16764"}],"wp:term":[{"taxonomy":"category","embeddable":true,"href":"https:\/\/www.visitcentroamerica.com\/sala-prensa\/wp-json\/wp\/v2\/categories?post=16764"},{"taxonomy":"post_tag","embeddable":true,"href":"https:\/\/www.visitcentroamerica.com\/sala-prensa\/wp-json\/wp\/v2\/tags?post=16764"}],"curies":[{"name":"wp","href":"https:\/\/api.w.org\/{rel}","templated":true}]}}