{"id":16681,"date":"2025-09-05T05:11:53","date_gmt":"2025-09-05T03:11:53","guid":{"rendered":"https:\/\/www.visitcentroamerica.com\/sala-prensa\/?p=16681"},"modified":"2025-09-05T05:11:53","modified_gmt":"2025-09-05T03:11:53","slug":"honduras-se-prepara-para-recibir-catm-2025-12-anos-despues-el-pais-vuelve-a-ser-anfitrion-del-evento-turistico-mas-importante-de-centroamerica","status":"publish","type":"post","link":"https:\/\/www.visitcentroamerica.com\/sala-prensa\/internacional\/ferias\/honduras-se-prepara-para-recibir-catm-2025-12-anos-despues-el-pais-vuelve-a-ser-anfitrion-del-evento-turistico-mas-importante-de-centroamerica\/","title":{"rendered":"Honduras se prepara para recibir CATM 2025: 12 a\u00f1os despu\u00e9s, el pa\u00eds vuelve a ser anfitri\u00f3n del evento tur\u00edstico m\u00e1s importante de Centroam\u00e9rica"},"content":{"rendered":"<p><img loading=\"lazy\" decoding=\"async\" class=\"alignnone wp-image-16682 size-full\" src=\"https:\/\/www.visitcentroamerica.com\/sala-prensa\/wp-content\/uploads\/2025\/09\/WhatsApp-Image-2025-09-04-at-8.52.18-PM-scaled.jpeg\" alt=\"\" width=\"2560\" height=\"1706\" srcset=\"https:\/\/www.visitcentroamerica.com\/sala-prensa\/wp-content\/uploads\/2025\/09\/WhatsApp-Image-2025-09-04-at-8.52.18-PM-scaled.jpeg 1801w, https:\/\/www.visitcentroamerica.com\/sala-prensa\/wp-content\/uploads\/2025\/09\/WhatsApp-Image-2025-09-04-at-8.52.18-PM-300x200.jpeg 300w, https:\/\/www.visitcentroamerica.com\/sala-prensa\/wp-content\/uploads\/2025\/09\/WhatsApp-Image-2025-09-04-at-8.52.18-PM-1024x683.jpeg 1024w, https:\/\/www.visitcentroamerica.com\/sala-prensa\/wp-content\/uploads\/2025\/09\/WhatsApp-Image-2025-09-04-at-8.52.18-PM-768x512.jpeg 768w, https:\/\/www.visitcentroamerica.com\/sala-prensa\/wp-content\/uploads\/2025\/09\/WhatsApp-Image-2025-09-04-at-8.52.18-PM-1536x1024.jpeg 1536w, https:\/\/www.visitcentroamerica.com\/sala-prensa\/wp-content\/uploads\/2025\/09\/WhatsApp-Image-2025-09-04-at-8.52.18-PM-1920x1280.jpeg 1800w, https:\/\/www.visitcentroamerica.com\/sala-prensa\/wp-content\/uploads\/2025\/09\/WhatsApp-Image-2025-09-04-at-8.52.18-PM-630x420.jpeg 630w, https:\/\/www.visitcentroamerica.com\/sala-prensa\/wp-content\/uploads\/2025\/09\/WhatsApp-Image-2025-09-04-at-8.52.18-PM-696x464.jpeg 696w, https:\/\/www.visitcentroamerica.com\/sala-prensa\/wp-content\/uploads\/2025\/09\/WhatsApp-Image-2025-09-04-at-8.52.18-PM-1068x712.jpeg 1068w, https:\/\/www.visitcentroamerica.com\/sala-prensa\/wp-content\/uploads\/2025\/09\/WhatsApp-Image-2025-09-04-at-8.52.18-PM-1200x800.jpeg 1200w, https:\/\/www.visitcentroamerica.com\/sala-prensa\/wp-content\/uploads\/2025\/09\/WhatsApp-Image-2025-09-04-at-8.52.18-PM-500x333.jpeg 500w\" sizes=\"auto, (max-width: 2560px) 100vw, 2560px\" \/><\/p>\n<p><strong><em>Tegucigalpa, jueves 4 de septiembre de 2025. <\/em><\/strong>Honduras celebr\u00f3 un foro especial con representantes del cuerpo diplom\u00e1tico, medios de comunicaci\u00f3n, aliados estrat\u00e9gicos y l\u00edderes del sector p\u00fablico y privado tur\u00edstico, cuyo prop\u00f3sito fue abrir un espacio de di\u00e1logo sobre la importancia de la <strong>Centroam\u00e9rica Travel Market (CATM 2025),<\/strong> el evento de promoci\u00f3n tur\u00edstica m\u00e1s relevante de la regi\u00f3n, que regresa al pa\u00eds despu\u00e9s de 12 a\u00f1os.<\/p>\n<p>En un ambiente participativo, los panelistas conversaron sobre el valor que tendr\u00e1 la sede en <strong>San Pedro Sula del 21 al 23 de octubre de 2025<\/strong>, destacando la oportunidad de proyectar a Honduras y al resto de Centroam\u00e9rica como un multidestino competitivo, sostenible y culturalmente diverso. El foro permiti\u00f3 discutir de manera abierta el impacto esperado en el mediano y largo plazo, tanto en la atracci\u00f3n de visitantes como en la dinamizaci\u00f3n de la oferta regional.<\/p>\n<p>Entre los protagonistas del intercambio estuvieron la Secretaria de Estado en el Despacho de Turismo, Yadira G\u00f3mez, y la subsecretaria de Promoci\u00f3n y Mercadeo, Reizel Vilorio; el secretario general de la Agencia de Promoci\u00f3n Tur\u00edstica de Centroam\u00e9rica (CATA), Boris Iraheta; el presidente de la Federaci\u00f3n de C\u00e1maras de Turismo de Centroam\u00e9rica y Rep\u00fablica Dominicana (FEDECATUR), Efr\u00e9n P\u00e9rez; el presidente de la C\u00e1mara Nacional de Turismo de Honduras (CANATURH), Andr\u00e9s Ehrler, y la vicepresidenta Nicole Marrder.<\/p>\n<p>Durante la conversaci\u00f3n, los l\u00edderes coincidieron en que el regreso de <strong>CATM<\/strong> a Honduras constituye una oportunidad \u00fanica para fortalecer la imagen del pa\u00eds como anfitri\u00f3n de clase mundial y para posicionar a San Pedro Sula como un hub tur\u00edstico y de negocios con ventajas en conectividad a\u00e9rea, infraestructura de eventos de primer nivel y cercan\u00eda a destinos como Tela, La Ceiba y el Caribe hondure\u00f1o. Asimismo, se resalt\u00f3 la importancia de los patrocinadores y aliados estrat\u00e9gicos que hacen posible la organizaci\u00f3n de este evento regional.<\/p>\n<p>Asimismo, se present\u00f3 la campa\u00f1a de CATM 2025: <em>\u201cTodo lo que necesitas es Centroam\u00e9rica\u201d<\/em>, concebida como una oportunidad sin precedentes para fortalecer la imagen de la regi\u00f3n como un multidestino tur\u00edstico integrado, atractivo y diverso.<\/p>\n<p>En l\u00ednea con este concepto, se llevar\u00e1n a cabo <strong>pre-tours en distintos destinos de Honduras<\/strong>, que permitir\u00e1n a mayoristas y periodistas internacionales descubrir de primera mano la riqueza natural, cultural y de aventura del pa\u00eds anfitri\u00f3n. Posteriormente, los asistentes participar\u00e1n en <strong>post-tours en otros pa\u00edses de Centroam\u00e9rica<\/strong>, reforzando la complementariedad regional y mostrando que en un mismo viaje es posible combinar experiencias \u00fanicas en dos o m\u00e1s pa\u00edses, promoviendo el multidestino de la regi\u00f3n. De esta forma, la campa\u00f1a trasciende el plano comunicacional y se convierte en una vivencia tangible de la diversidad y conectividad centroamericana.<\/p>\n<p>La realizaci\u00f3n de CATM \u2013 Honduras 2025 es organizado por CATA, IHT, CANATURH Y FEDECATURH y, gracias al respaldo de <strong>aliados estrat\u00e9gicos y patrocinadores<\/strong>, cuyo compromiso ha sido fundamental para consolidar este encuentro como la principal plataforma de promoci\u00f3n tur\u00edstica de la regi\u00f3n. Entre ellos destacan: Televicentro, BAC, Avianca, Espresso Americano, Publimovil, Tropic Air, TAG Airlines, Cervecer\u00eda La 20, Xplore Rent a Car, Incontacto, Transportes del Sol, SECAPPH, Glifos, Bur\u00f3 de Convenciones de San Pedro Sula, IHCAFE entre otros.<\/p>\n<p><strong>CATM 2025<\/strong> es una plataforma regional de promoci\u00f3n y comercializaci\u00f3n tur\u00edstica que re\u00fane a empresarios centroamericanos con mayoristas internacionales. En esta edici\u00f3n se prev\u00e9 la participaci\u00f3n de m\u00e1s de 100 mayoristas internacionales de Europa, Norteam\u00e9rica, Asia y Sudam\u00e9rica, alrededor de 150 expositores regionales, incluyendo cadenas hoteleras, aerol\u00edneas, operadores tur\u00edsticos y agencias receptivas, m\u00e1s de 2,000 citas de negocios B2B y la cobertura de m\u00e1s de 50 medios de comunicaci\u00f3n internacionales.<\/p>\n","protected":false},"excerpt":{"rendered":"<p>Tegucigalpa, jueves 4 de septiembre de 2025. Honduras celebr\u00f3 un foro especial con representantes del cuerpo diplom\u00e1tico, medios de comunicaci\u00f3n, aliados estrat\u00e9gicos y l\u00edderes del sector p\u00fablico y privado tur\u00edstico, cuyo prop\u00f3sito fue abrir un espacio de di\u00e1logo sobre la importancia de la Centroam\u00e9rica Travel Market (CATM 2025), el evento de promoci\u00f3n tur\u00edstica m\u00e1s relevante [&hellip;]<\/p>\n","protected":false},"author":6,"featured_media":16682,"comment_status":"open","ping_status":"closed","sticky":false,"template":"","format":"standard","meta":{"footnotes":""},"categories":[17],"tags":[],"class_list":{"0":"post-16681","1":"post","2":"type-post","3":"status-publish","4":"format-standard","5":"has-post-thumbnail","7":"category-ferias"},"yoast_head":"<!-- This site is optimized with the Yoast SEO plugin v27.3 - https:\/\/yoast.com\/product\/yoast-seo-wordpress\/ -->\n<title>Honduras se prepara para recibir CATM 2025: 12 a\u00f1os despu\u00e9s, el pa\u00eds vuelve a ser anfitri\u00f3n del evento tur\u00edstico m\u00e1s importante de Centroam\u00e9rica - Sala de prensa<\/title>\n<meta name=\"robots\" content=\"index, follow, max-snippet:-1, max-image-preview:large, max-video-preview:-1\" \/>\n<link rel=\"canonical\" href=\"https:\/\/www.visitcentroamerica.com\/sala-prensa\/internacional\/ferias\/honduras-se-prepara-para-recibir-catm-2025-12-anos-despues-el-pais-vuelve-a-ser-anfitrion-del-evento-turistico-mas-importante-de-centroamerica\/\" \/>\n<meta property=\"og:locale\" content=\"es_ES\" \/>\n<meta property=\"og:type\" content=\"article\" \/>\n<meta property=\"og:title\" content=\"Honduras se prepara para recibir CATM 2025: 12 a\u00f1os despu\u00e9s, el pa\u00eds vuelve a ser anfitri\u00f3n del evento tur\u00edstico m\u00e1s importante de Centroam\u00e9rica - Sala de prensa\" \/>\n<meta property=\"og:description\" content=\"Tegucigalpa, jueves 4 de septiembre de 2025. Honduras celebr\u00f3 un foro especial con representantes del cuerpo diplom\u00e1tico, medios de comunicaci\u00f3n, aliados estrat\u00e9gicos y l\u00edderes del sector p\u00fablico y privado tur\u00edstico, cuyo prop\u00f3sito fue abrir un espacio de di\u00e1logo sobre la importancia de la Centroam\u00e9rica Travel Market (CATM 2025), el evento de promoci\u00f3n tur\u00edstica m\u00e1s relevante [&hellip;]\" \/>\n<meta property=\"og:url\" content=\"https:\/\/www.visitcentroamerica.com\/sala-prensa\/internacional\/ferias\/honduras-se-prepara-para-recibir-catm-2025-12-anos-despues-el-pais-vuelve-a-ser-anfitrion-del-evento-turistico-mas-importante-de-centroamerica\/\" \/>\n<meta property=\"og:site_name\" content=\"Sala de prensa\" \/>\n<meta property=\"article:published_time\" content=\"2025-09-05T03:11:53+00:00\" \/>\n<meta property=\"og:image\" content=\"https:\/\/www.visitcentroamerica.com\/sala-prensa\/wp-content\/uploads\/2025\/09\/WhatsApp-Image-2025-09-04-at-8.52.18-PM-scaled.jpeg\" \/>\n\t<meta property=\"og:image:width\" content=\"1801\" \/>\n\t<meta property=\"og:image:height\" content=\"1200\" \/>\n\t<meta property=\"og:image:type\" content=\"image\/jpeg\" \/>\n<meta name=\"author\" content=\"Dafne Franco\" \/>\n<meta name=\"twitter:card\" content=\"summary_large_image\" \/>\n<meta name=\"twitter:label1\" content=\"Escrito por\" \/>\n\t<meta name=\"twitter:data1\" content=\"Dafne Franco\" \/>\n\t<meta name=\"twitter:label2\" content=\"Tiempo de lectura\" \/>\n\t<meta name=\"twitter:data2\" content=\"4 minutos\" \/>\n<script type=\"application\/ld+json\" class=\"yoast-schema-graph\">{\"@context\":\"https:\\\/\\\/schema.org\",\"@graph\":[{\"@type\":\"Article\",\"@id\":\"https:\\\/\\\/www.visitcentroamerica.com\\\/sala-prensa\\\/internacional\\\/ferias\\\/honduras-se-prepara-para-recibir-catm-2025-12-anos-despues-el-pais-vuelve-a-ser-anfitrion-del-evento-turistico-mas-importante-de-centroamerica\\\/#article\",\"isPartOf\":{\"@id\":\"https:\\\/\\\/www.visitcentroamerica.com\\\/sala-prensa\\\/internacional\\\/ferias\\\/honduras-se-prepara-para-recibir-catm-2025-12-anos-despues-el-pais-vuelve-a-ser-anfitrion-del-evento-turistico-mas-importante-de-centroamerica\\\/\"},\"author\":{\"name\":\"Dafne Franco\",\"@id\":\"https:\\\/\\\/www.visitcentroamerica.com\\\/sala-prensa\\\/#\\\/schema\\\/person\\\/59be6d1215b91f3615c1bd403f512f60\"},\"headline\":\"Honduras se prepara para recibir CATM 2025: 12 a\u00f1os despu\u00e9s, el pa\u00eds vuelve a ser anfitri\u00f3n del evento tur\u00edstico m\u00e1s importante de Centroam\u00e9rica\",\"datePublished\":\"2025-09-05T03:11:53+00:00\",\"mainEntityOfPage\":{\"@id\":\"https:\\\/\\\/www.visitcentroamerica.com\\\/sala-prensa\\\/internacional\\\/ferias\\\/honduras-se-prepara-para-recibir-catm-2025-12-anos-despues-el-pais-vuelve-a-ser-anfitrion-del-evento-turistico-mas-importante-de-centroamerica\\\/\"},\"wordCount\":674,\"commentCount\":0,\"image\":{\"@id\":\"https:\\\/\\\/www.visitcentroamerica.com\\\/sala-prensa\\\/internacional\\\/ferias\\\/honduras-se-prepara-para-recibir-catm-2025-12-anos-despues-el-pais-vuelve-a-ser-anfitrion-del-evento-turistico-mas-importante-de-centroamerica\\\/#primaryimage\"},\"thumbnailUrl\":\"https:\\\/\\\/www.visitcentroamerica.com\\\/sala-prensa\\\/wp-content\\\/uploads\\\/2025\\\/09\\\/WhatsApp-Image-2025-09-04-at-8.52.18-PM-scaled.jpeg\",\"articleSection\":[\"Ferias\"],\"inLanguage\":\"es\",\"potentialAction\":[{\"@type\":\"CommentAction\",\"name\":\"Comment\",\"target\":[\"https:\\\/\\\/www.visitcentroamerica.com\\\/sala-prensa\\\/internacional\\\/ferias\\\/honduras-se-prepara-para-recibir-catm-2025-12-anos-despues-el-pais-vuelve-a-ser-anfitrion-del-evento-turistico-mas-importante-de-centroamerica\\\/#respond\"]}]},{\"@type\":\"WebPage\",\"@id\":\"https:\\\/\\\/www.visitcentroamerica.com\\\/sala-prensa\\\/internacional\\\/ferias\\\/honduras-se-prepara-para-recibir-catm-2025-12-anos-despues-el-pais-vuelve-a-ser-anfitrion-del-evento-turistico-mas-importante-de-centroamerica\\\/\",\"url\":\"https:\\\/\\\/www.visitcentroamerica.com\\\/sala-prensa\\\/internacional\\\/ferias\\\/honduras-se-prepara-para-recibir-catm-2025-12-anos-despues-el-pais-vuelve-a-ser-anfitrion-del-evento-turistico-mas-importante-de-centroamerica\\\/\",\"name\":\"Honduras se prepara para recibir CATM 2025: 12 a\u00f1os despu\u00e9s, el pa\u00eds vuelve a ser anfitri\u00f3n del evento tur\u00edstico m\u00e1s importante de Centroam\u00e9rica - Sala de prensa\",\"isPartOf\":{\"@id\":\"https:\\\/\\\/www.visitcentroamerica.com\\\/sala-prensa\\\/#website\"},\"primaryImageOfPage\":{\"@id\":\"https:\\\/\\\/www.visitcentroamerica.com\\\/sala-prensa\\\/internacional\\\/ferias\\\/honduras-se-prepara-para-recibir-catm-2025-12-anos-despues-el-pais-vuelve-a-ser-anfitrion-del-evento-turistico-mas-importante-de-centroamerica\\\/#primaryimage\"},\"image\":{\"@id\":\"https:\\\/\\\/www.visitcentroamerica.com\\\/sala-prensa\\\/internacional\\\/ferias\\\/honduras-se-prepara-para-recibir-catm-2025-12-anos-despues-el-pais-vuelve-a-ser-anfitrion-del-evento-turistico-mas-importante-de-centroamerica\\\/#primaryimage\"},\"thumbnailUrl\":\"https:\\\/\\\/www.visitcentroamerica.com\\\/sala-prensa\\\/wp-content\\\/uploads\\\/2025\\\/09\\\/WhatsApp-Image-2025-09-04-at-8.52.18-PM-scaled.jpeg\",\"datePublished\":\"2025-09-05T03:11:53+00:00\",\"author\":{\"@id\":\"https:\\\/\\\/www.visitcentroamerica.com\\\/sala-prensa\\\/#\\\/schema\\\/person\\\/59be6d1215b91f3615c1bd403f512f60\"},\"breadcrumb\":{\"@id\":\"https:\\\/\\\/www.visitcentroamerica.com\\\/sala-prensa\\\/internacional\\\/ferias\\\/honduras-se-prepara-para-recibir-catm-2025-12-anos-despues-el-pais-vuelve-a-ser-anfitrion-del-evento-turistico-mas-importante-de-centroamerica\\\/#breadcrumb\"},\"inLanguage\":\"es\",\"potentialAction\":[{\"@type\":\"ReadAction\",\"target\":[\"https:\\\/\\\/www.visitcentroamerica.com\\\/sala-prensa\\\/internacional\\\/ferias\\\/honduras-se-prepara-para-recibir-catm-2025-12-anos-despues-el-pais-vuelve-a-ser-anfitrion-del-evento-turistico-mas-importante-de-centroamerica\\\/\"]}]},{\"@type\":\"ImageObject\",\"inLanguage\":\"es\",\"@id\":\"https:\\\/\\\/www.visitcentroamerica.com\\\/sala-prensa\\\/internacional\\\/ferias\\\/honduras-se-prepara-para-recibir-catm-2025-12-anos-despues-el-pais-vuelve-a-ser-anfitrion-del-evento-turistico-mas-importante-de-centroamerica\\\/#primaryimage\",\"url\":\"https:\\\/\\\/www.visitcentroamerica.com\\\/sala-prensa\\\/wp-content\\\/uploads\\\/2025\\\/09\\\/WhatsApp-Image-2025-09-04-at-8.52.18-PM-scaled.jpeg\",\"contentUrl\":\"https:\\\/\\\/www.visitcentroamerica.com\\\/sala-prensa\\\/wp-content\\\/uploads\\\/2025\\\/09\\\/WhatsApp-Image-2025-09-04-at-8.52.18-PM-scaled.jpeg\",\"width\":1801,\"height\":1200},{\"@type\":\"BreadcrumbList\",\"@id\":\"https:\\\/\\\/www.visitcentroamerica.com\\\/sala-prensa\\\/internacional\\\/ferias\\\/honduras-se-prepara-para-recibir-catm-2025-12-anos-despues-el-pais-vuelve-a-ser-anfitrion-del-evento-turistico-mas-importante-de-centroamerica\\\/#breadcrumb\",\"itemListElement\":[{\"@type\":\"ListItem\",\"position\":1,\"name\":\"Portada\",\"item\":\"https:\\\/\\\/www.visitcentroamerica.com\\\/sala-prensa\\\/\"},{\"@type\":\"ListItem\",\"position\":2,\"name\":\"Honduras se prepara para recibir CATM 2025: 12 a\u00f1os despu\u00e9s, el pa\u00eds vuelve a ser anfitri\u00f3n del evento tur\u00edstico m\u00e1s importante de Centroam\u00e9rica\"}]},{\"@type\":\"WebSite\",\"@id\":\"https:\\\/\\\/www.visitcentroamerica.com\\\/sala-prensa\\\/#website\",\"url\":\"https:\\\/\\\/www.visitcentroamerica.com\\\/sala-prensa\\\/\",\"name\":\"Sala de prensa\",\"description\":\"\",\"potentialAction\":[{\"@type\":\"SearchAction\",\"target\":{\"@type\":\"EntryPoint\",\"urlTemplate\":\"https:\\\/\\\/www.visitcentroamerica.com\\\/sala-prensa\\\/?s={search_term_string}\"},\"query-input\":{\"@type\":\"PropertyValueSpecification\",\"valueRequired\":true,\"valueName\":\"search_term_string\"}}],\"inLanguage\":\"es\"},{\"@type\":\"Person\",\"@id\":\"https:\\\/\\\/www.visitcentroamerica.com\\\/sala-prensa\\\/#\\\/schema\\\/person\\\/59be6d1215b91f3615c1bd403f512f60\",\"name\":\"Dafne Franco\",\"image\":{\"@type\":\"ImageObject\",\"inLanguage\":\"es\",\"@id\":\"https:\\\/\\\/secure.gravatar.com\\\/avatar\\\/9d1ca1e4cce23c82e292f528a3ad52052d3fa1e03aabdb0af820d1980e40a8b2?s=96&d=mm&r=g\",\"url\":\"https:\\\/\\\/secure.gravatar.com\\\/avatar\\\/9d1ca1e4cce23c82e292f528a3ad52052d3fa1e03aabdb0af820d1980e40a8b2?s=96&d=mm&r=g\",\"contentUrl\":\"https:\\\/\\\/secure.gravatar.com\\\/avatar\\\/9d1ca1e4cce23c82e292f528a3ad52052d3fa1e03aabdb0af820d1980e40a8b2?s=96&d=mm&r=g\",\"caption\":\"Dafne Franco\"},\"url\":\"https:\\\/\\\/www.visitcentroamerica.com\\\/sala-prensa\\\/author\\\/dafne\\\/\"}]}<\/script>\n<!-- \/ Yoast SEO plugin. -->","yoast_head_json":{"title":"Honduras se prepara para recibir CATM 2025: 12 a\u00f1os despu\u00e9s, el pa\u00eds vuelve a ser anfitri\u00f3n del evento tur\u00edstico m\u00e1s importante de Centroam\u00e9rica - Sala de prensa","robots":{"index":"index","follow":"follow","max-snippet":"max-snippet:-1","max-image-preview":"max-image-preview:large","max-video-preview":"max-video-preview:-1"},"canonical":"https:\/\/www.visitcentroamerica.com\/sala-prensa\/internacional\/ferias\/honduras-se-prepara-para-recibir-catm-2025-12-anos-despues-el-pais-vuelve-a-ser-anfitrion-del-evento-turistico-mas-importante-de-centroamerica\/","og_locale":"es_ES","og_type":"article","og_title":"Honduras se prepara para recibir CATM 2025: 12 a\u00f1os despu\u00e9s, el pa\u00eds vuelve a ser anfitri\u00f3n del evento tur\u00edstico m\u00e1s importante de Centroam\u00e9rica - Sala de prensa","og_description":"Tegucigalpa, jueves 4 de septiembre de 2025. Honduras celebr\u00f3 un foro especial con representantes del cuerpo diplom\u00e1tico, medios de comunicaci\u00f3n, aliados estrat\u00e9gicos y l\u00edderes del sector p\u00fablico y privado tur\u00edstico, cuyo prop\u00f3sito fue abrir un espacio de di\u00e1logo sobre la importancia de la Centroam\u00e9rica Travel Market (CATM 2025), el evento de promoci\u00f3n tur\u00edstica m\u00e1s relevante [&hellip;]","og_url":"https:\/\/www.visitcentroamerica.com\/sala-prensa\/internacional\/ferias\/honduras-se-prepara-para-recibir-catm-2025-12-anos-despues-el-pais-vuelve-a-ser-anfitrion-del-evento-turistico-mas-importante-de-centroamerica\/","og_site_name":"Sala de prensa","article_published_time":"2025-09-05T03:11:53+00:00","og_image":[{"width":1801,"height":1200,"url":"https:\/\/www.visitcentroamerica.com\/sala-prensa\/wp-content\/uploads\/2025\/09\/WhatsApp-Image-2025-09-04-at-8.52.18-PM-scaled.jpeg","type":"image\/jpeg"}],"author":"Dafne Franco","twitter_card":"summary_large_image","twitter_misc":{"Escrito por":"Dafne Franco","Tiempo de lectura":"4 minutos"},"schema":{"@context":"https:\/\/schema.org","@graph":[{"@type":"Article","@id":"https:\/\/www.visitcentroamerica.com\/sala-prensa\/internacional\/ferias\/honduras-se-prepara-para-recibir-catm-2025-12-anos-despues-el-pais-vuelve-a-ser-anfitrion-del-evento-turistico-mas-importante-de-centroamerica\/#article","isPartOf":{"@id":"https:\/\/www.visitcentroamerica.com\/sala-prensa\/internacional\/ferias\/honduras-se-prepara-para-recibir-catm-2025-12-anos-despues-el-pais-vuelve-a-ser-anfitrion-del-evento-turistico-mas-importante-de-centroamerica\/"},"author":{"name":"Dafne Franco","@id":"https:\/\/www.visitcentroamerica.com\/sala-prensa\/#\/schema\/person\/59be6d1215b91f3615c1bd403f512f60"},"headline":"Honduras se prepara para recibir CATM 2025: 12 a\u00f1os despu\u00e9s, el pa\u00eds vuelve a ser anfitri\u00f3n del evento tur\u00edstico m\u00e1s importante de Centroam\u00e9rica","datePublished":"2025-09-05T03:11:53+00:00","mainEntityOfPage":{"@id":"https:\/\/www.visitcentroamerica.com\/sala-prensa\/internacional\/ferias\/honduras-se-prepara-para-recibir-catm-2025-12-anos-despues-el-pais-vuelve-a-ser-anfitrion-del-evento-turistico-mas-importante-de-centroamerica\/"},"wordCount":674,"commentCount":0,"image":{"@id":"https:\/\/www.visitcentroamerica.com\/sala-prensa\/internacional\/ferias\/honduras-se-prepara-para-recibir-catm-2025-12-anos-despues-el-pais-vuelve-a-ser-anfitrion-del-evento-turistico-mas-importante-de-centroamerica\/#primaryimage"},"thumbnailUrl":"https:\/\/www.visitcentroamerica.com\/sala-prensa\/wp-content\/uploads\/2025\/09\/WhatsApp-Image-2025-09-04-at-8.52.18-PM-scaled.jpeg","articleSection":["Ferias"],"inLanguage":"es","potentialAction":[{"@type":"CommentAction","name":"Comment","target":["https:\/\/www.visitcentroamerica.com\/sala-prensa\/internacional\/ferias\/honduras-se-prepara-para-recibir-catm-2025-12-anos-despues-el-pais-vuelve-a-ser-anfitrion-del-evento-turistico-mas-importante-de-centroamerica\/#respond"]}]},{"@type":"WebPage","@id":"https:\/\/www.visitcentroamerica.com\/sala-prensa\/internacional\/ferias\/honduras-se-prepara-para-recibir-catm-2025-12-anos-despues-el-pais-vuelve-a-ser-anfitrion-del-evento-turistico-mas-importante-de-centroamerica\/","url":"https:\/\/www.visitcentroamerica.com\/sala-prensa\/internacional\/ferias\/honduras-se-prepara-para-recibir-catm-2025-12-anos-despues-el-pais-vuelve-a-ser-anfitrion-del-evento-turistico-mas-importante-de-centroamerica\/","name":"Honduras se prepara para recibir CATM 2025: 12 a\u00f1os despu\u00e9s, el pa\u00eds vuelve a ser anfitri\u00f3n del evento tur\u00edstico m\u00e1s importante de Centroam\u00e9rica - Sala de prensa","isPartOf":{"@id":"https:\/\/www.visitcentroamerica.com\/sala-prensa\/#website"},"primaryImageOfPage":{"@id":"https:\/\/www.visitcentroamerica.com\/sala-prensa\/internacional\/ferias\/honduras-se-prepara-para-recibir-catm-2025-12-anos-despues-el-pais-vuelve-a-ser-anfitrion-del-evento-turistico-mas-importante-de-centroamerica\/#primaryimage"},"image":{"@id":"https:\/\/www.visitcentroamerica.com\/sala-prensa\/internacional\/ferias\/honduras-se-prepara-para-recibir-catm-2025-12-anos-despues-el-pais-vuelve-a-ser-anfitrion-del-evento-turistico-mas-importante-de-centroamerica\/#primaryimage"},"thumbnailUrl":"https:\/\/www.visitcentroamerica.com\/sala-prensa\/wp-content\/uploads\/2025\/09\/WhatsApp-Image-2025-09-04-at-8.52.18-PM-scaled.jpeg","datePublished":"2025-09-05T03:11:53+00:00","author":{"@id":"https:\/\/www.visitcentroamerica.com\/sala-prensa\/#\/schema\/person\/59be6d1215b91f3615c1bd403f512f60"},"breadcrumb":{"@id":"https:\/\/www.visitcentroamerica.com\/sala-prensa\/internacional\/ferias\/honduras-se-prepara-para-recibir-catm-2025-12-anos-despues-el-pais-vuelve-a-ser-anfitrion-del-evento-turistico-mas-importante-de-centroamerica\/#breadcrumb"},"inLanguage":"es","potentialAction":[{"@type":"ReadAction","target":["https:\/\/www.visitcentroamerica.com\/sala-prensa\/internacional\/ferias\/honduras-se-prepara-para-recibir-catm-2025-12-anos-despues-el-pais-vuelve-a-ser-anfitrion-del-evento-turistico-mas-importante-de-centroamerica\/"]}]},{"@type":"ImageObject","inLanguage":"es","@id":"https:\/\/www.visitcentroamerica.com\/sala-prensa\/internacional\/ferias\/honduras-se-prepara-para-recibir-catm-2025-12-anos-despues-el-pais-vuelve-a-ser-anfitrion-del-evento-turistico-mas-importante-de-centroamerica\/#primaryimage","url":"https:\/\/www.visitcentroamerica.com\/sala-prensa\/wp-content\/uploads\/2025\/09\/WhatsApp-Image-2025-09-04-at-8.52.18-PM-scaled.jpeg","contentUrl":"https:\/\/www.visitcentroamerica.com\/sala-prensa\/wp-content\/uploads\/2025\/09\/WhatsApp-Image-2025-09-04-at-8.52.18-PM-scaled.jpeg","width":1801,"height":1200},{"@type":"BreadcrumbList","@id":"https:\/\/www.visitcentroamerica.com\/sala-prensa\/internacional\/ferias\/honduras-se-prepara-para-recibir-catm-2025-12-anos-despues-el-pais-vuelve-a-ser-anfitrion-del-evento-turistico-mas-importante-de-centroamerica\/#breadcrumb","itemListElement":[{"@type":"ListItem","position":1,"name":"Portada","item":"https:\/\/www.visitcentroamerica.com\/sala-prensa\/"},{"@type":"ListItem","position":2,"name":"Honduras se prepara para recibir CATM 2025: 12 a\u00f1os despu\u00e9s, el pa\u00eds vuelve a ser anfitri\u00f3n del evento tur\u00edstico m\u00e1s importante de Centroam\u00e9rica"}]},{"@type":"WebSite","@id":"https:\/\/www.visitcentroamerica.com\/sala-prensa\/#website","url":"https:\/\/www.visitcentroamerica.com\/sala-prensa\/","name":"Sala de prensa","description":"","potentialAction":[{"@type":"SearchAction","target":{"@type":"EntryPoint","urlTemplate":"https:\/\/www.visitcentroamerica.com\/sala-prensa\/?s={search_term_string}"},"query-input":{"@type":"PropertyValueSpecification","valueRequired":true,"valueName":"search_term_string"}}],"inLanguage":"es"},{"@type":"Person","@id":"https:\/\/www.visitcentroamerica.com\/sala-prensa\/#\/schema\/person\/59be6d1215b91f3615c1bd403f512f60","name":"Dafne Franco","image":{"@type":"ImageObject","inLanguage":"es","@id":"https:\/\/secure.gravatar.com\/avatar\/9d1ca1e4cce23c82e292f528a3ad52052d3fa1e03aabdb0af820d1980e40a8b2?s=96&d=mm&r=g","url":"https:\/\/secure.gravatar.com\/avatar\/9d1ca1e4cce23c82e292f528a3ad52052d3fa1e03aabdb0af820d1980e40a8b2?s=96&d=mm&r=g","contentUrl":"https:\/\/secure.gravatar.com\/avatar\/9d1ca1e4cce23c82e292f528a3ad52052d3fa1e03aabdb0af820d1980e40a8b2?s=96&d=mm&r=g","caption":"Dafne Franco"},"url":"https:\/\/www.visitcentroamerica.com\/sala-prensa\/author\/dafne\/"}]}},"_links":{"self":[{"href":"https:\/\/www.visitcentroamerica.com\/sala-prensa\/wp-json\/wp\/v2\/posts\/16681","targetHints":{"allow":["GET"]}}],"collection":[{"href":"https:\/\/www.visitcentroamerica.com\/sala-prensa\/wp-json\/wp\/v2\/posts"}],"about":[{"href":"https:\/\/www.visitcentroamerica.com\/sala-prensa\/wp-json\/wp\/v2\/types\/post"}],"author":[{"embeddable":true,"href":"https:\/\/www.visitcentroamerica.com\/sala-prensa\/wp-json\/wp\/v2\/users\/6"}],"replies":[{"embeddable":true,"href":"https:\/\/www.visitcentroamerica.com\/sala-prensa\/wp-json\/wp\/v2\/comments?post=16681"}],"version-history":[{"count":1,"href":"https:\/\/www.visitcentroamerica.com\/sala-prensa\/wp-json\/wp\/v2\/posts\/16681\/revisions"}],"predecessor-version":[{"id":16684,"href":"https:\/\/www.visitcentroamerica.com\/sala-prensa\/wp-json\/wp\/v2\/posts\/16681\/revisions\/16684"}],"wp:featuredmedia":[{"embeddable":true,"href":"https:\/\/www.visitcentroamerica.com\/sala-prensa\/wp-json\/wp\/v2\/media\/16682"}],"wp:attachment":[{"href":"https:\/\/www.visitcentroamerica.com\/sala-prensa\/wp-json\/wp\/v2\/media?parent=16681"}],"wp:term":[{"taxonomy":"category","embeddable":true,"href":"https:\/\/www.visitcentroamerica.com\/sala-prensa\/wp-json\/wp\/v2\/categories?post=16681"},{"taxonomy":"post_tag","embeddable":true,"href":"https:\/\/www.visitcentroamerica.com\/sala-prensa\/wp-json\/wp\/v2\/tags?post=16681"}],"curies":[{"name":"wp","href":"https:\/\/api.w.org\/{rel}","templated":true}]}}