{"id":16676,"date":"2025-08-28T00:07:06","date_gmt":"2025-08-27T22:07:06","guid":{"rendered":"https:\/\/www.visitcentroamerica.com\/sala-prensa\/?p=16676"},"modified":"2025-08-28T00:07:06","modified_gmt":"2025-08-27T22:07:06","slug":"centroamerica-innovation-tourism-talk-celebra-su-sexta-edicion-en-el-salvador","status":"publish","type":"post","link":"https:\/\/www.visitcentroamerica.com\/sala-prensa\/internacional\/eventos-internacional\/centroamerica-innovation-tourism-talk-celebra-su-sexta-edicion-en-el-salvador\/","title":{"rendered":"Centroam\u00e9rica Innovation Tourism + Talk  celebra su sexta edici\u00f3n en El Salvador"},"content":{"rendered":"<p><img loading=\"lazy\" decoding=\"async\" class=\"alignnone wp-image-16677 size-full\" src=\"https:\/\/www.visitcentroamerica.com\/sala-prensa\/wp-content\/uploads\/2025\/08\/WhatsApp-Image-2025-08-27-at-3.41.45-PM-scaled.jpeg\" alt=\"\" width=\"2560\" height=\"1730\" srcset=\"https:\/\/www.visitcentroamerica.com\/sala-prensa\/wp-content\/uploads\/2025\/08\/WhatsApp-Image-2025-08-27-at-3.41.45-PM-scaled.jpeg 1776w, https:\/\/www.visitcentroamerica.com\/sala-prensa\/wp-content\/uploads\/2025\/08\/WhatsApp-Image-2025-08-27-at-3.41.45-PM-300x203.jpeg 300w, https:\/\/www.visitcentroamerica.com\/sala-prensa\/wp-content\/uploads\/2025\/08\/WhatsApp-Image-2025-08-27-at-3.41.45-PM-1024x692.jpeg 1024w, https:\/\/www.visitcentroamerica.com\/sala-prensa\/wp-content\/uploads\/2025\/08\/WhatsApp-Image-2025-08-27-at-3.41.45-PM-768x519.jpeg 768w, https:\/\/www.visitcentroamerica.com\/sala-prensa\/wp-content\/uploads\/2025\/08\/WhatsApp-Image-2025-08-27-at-3.41.45-PM-1536x1038.jpeg 1536w, https:\/\/www.visitcentroamerica.com\/sala-prensa\/wp-content\/uploads\/2025\/08\/WhatsApp-Image-2025-08-27-at-3.41.45-PM-622x420.jpeg 622w, https:\/\/www.visitcentroamerica.com\/sala-prensa\/wp-content\/uploads\/2025\/08\/WhatsApp-Image-2025-08-27-at-3.41.45-PM-696x470.jpeg 696w, https:\/\/www.visitcentroamerica.com\/sala-prensa\/wp-content\/uploads\/2025\/08\/WhatsApp-Image-2025-08-27-at-3.41.45-PM-1068x722.jpeg 1068w, https:\/\/www.visitcentroamerica.com\/sala-prensa\/wp-content\/uploads\/2025\/08\/WhatsApp-Image-2025-08-27-at-3.41.45-PM-500x338.jpeg 500w\" sizes=\"auto, (max-width: 2560px) 100vw, 2560px\" \/>La Agencia de Promoci\u00f3n Tur\u00edstica de Centroam\u00e9rica (CATA) celebra en El Salvador la sexta edici\u00f3n del <strong>Centroam\u00e9rica Innovation Tourism + Talk<\/strong>, un evento que, desde su creaci\u00f3n en 2018, ha logrado consolidarse como el principal espacio de referencia para la innovaci\u00f3n tur\u00edstica en la regi\u00f3n y un punto de encuentro obligado para los actores del sector.<\/p>\n<p>El Innovation Tourism + Talk es un espacio \u00fanico de formaci\u00f3n, reflexi\u00f3n y networking, que ha contado con la participaci\u00f3n de <strong>m\u00e1s de 700 participantes de siete pa\u00edses de Centroam\u00e9rica donde se ha realizado<\/strong>, la impartici\u00f3n de <strong>m\u00e1s de 60 conferencias<\/strong> por referentes internacionales y una amplia cobertura medi\u00e1tica que proyecta a Centroam\u00e9rica en el mundo.<\/p>\n<p>La sexta edici\u00f3n busca dar continuidad a este legado, ofreciendo un programa enfocado en <strong>accesibilidad, inteligencia artificial, sostenibilidad, branding digital y tendencias de viaje<\/strong>, con el objetivo de <strong>fortalecer las capacidades del sector p\u00fablico y privado<\/strong>, e impulsar a Centroam\u00e9rica y Rep\u00fablica Dominicana como un multidestino competitivo, inclusivo y sostenible.<\/p>\n<p>\u201cCon el Innovation Tourism + Talk seguimos demostrando que Centroam\u00e9rica es un laboratorio vivo de innovaci\u00f3n tur\u00edstica. Este encuentro nos permite compartir experiencias, aprender de los mejores referentes internacionales y avanzar juntos hacia el futuro del turismo en la regi\u00f3n\u201d, afirm\u00f3 Boris Iraheta, Secretario General de CATA.<\/p>\n<p>\u201cPara El Salvador es un honor ser sede de la sexta edici\u00f3n del Innovation Tourism + Talk. Este evento confirma nuestra apuesta por un turismo innovador y sostenible, y nos permite mostrar al mundo la riqueza y diversidad de nuestra oferta. Al recibir a los actores del sector de toda la regi\u00f3n, abrimos nuevas oportunidades de colaboraci\u00f3n y fortalecemos el posicionamiento de Centroam\u00e9rica como un multidestino competitivo\u201d, afirm\u00f3 la ministra de Turismo de El Salvador, Morena Valdez.<\/p>\n<p>Como parte de las actividades, El Salvador, en su calidad de pa\u00eds anfitri\u00f3n, ofrece un viaje de familiarizaci\u00f3n dirigido a empresarios tur\u00edsticos centroamericanos, con el prop\u00f3sito de dar a conocer de primera mano la riqueza y diversidad de su oferta. Esta iniciativa busca potenciar nuevas oportunidades de comercializaci\u00f3n, estrechar la cooperaci\u00f3n empresarial y posicionar al pa\u00eds como un destino estrat\u00e9gico dentro del multidestino regional.<\/p>\n<p>El <strong>Innovation Tourism + Talk 2025<\/strong> ratifica su papel como <strong>modelo de vanguardia tur\u00edstica reconocido a nivel internacional<\/strong>, consolidando un espacio donde las ideas se convierten en acci\u00f3n y el turismo regional en una oportunidad de desarrollo para miles de actores.<\/p>\n","protected":false},"excerpt":{"rendered":"<p>La Agencia de Promoci\u00f3n Tur\u00edstica de Centroam\u00e9rica (CATA) celebra en El Salvador la sexta edici\u00f3n del Centroam\u00e9rica Innovation Tourism + Talk, un evento que, desde su creaci\u00f3n en 2018, ha logrado consolidarse como el principal espacio de referencia para la innovaci\u00f3n tur\u00edstica en la regi\u00f3n y un punto de encuentro obligado para los actores del [&hellip;]<\/p>\n","protected":false},"author":6,"featured_media":16677,"comment_status":"open","ping_status":"closed","sticky":false,"template":"","format":"standard","meta":{"footnotes":""},"categories":[18],"tags":[],"class_list":{"0":"post-16676","1":"post","2":"type-post","3":"status-publish","4":"format-standard","5":"has-post-thumbnail","7":"category-eventos-internacional"},"yoast_head":"<!-- This site is optimized with the Yoast SEO plugin v27.3 - https:\/\/yoast.com\/product\/yoast-seo-wordpress\/ -->\n<title>Centroam\u00e9rica Innovation Tourism + Talk celebra su sexta edici\u00f3n en El Salvador - Sala de prensa<\/title>\n<meta name=\"robots\" content=\"index, follow, max-snippet:-1, max-image-preview:large, max-video-preview:-1\" \/>\n<link rel=\"canonical\" href=\"https:\/\/www.visitcentroamerica.com\/sala-prensa\/internacional\/eventos-internacional\/centroamerica-innovation-tourism-talk-celebra-su-sexta-edicion-en-el-salvador\/\" \/>\n<meta property=\"og:locale\" content=\"es_ES\" \/>\n<meta property=\"og:type\" content=\"article\" \/>\n<meta property=\"og:title\" content=\"Centroam\u00e9rica Innovation Tourism + Talk celebra su sexta edici\u00f3n en El Salvador - Sala de prensa\" \/>\n<meta property=\"og:description\" content=\"La Agencia de Promoci\u00f3n Tur\u00edstica de Centroam\u00e9rica (CATA) celebra en El Salvador la sexta edici\u00f3n del Centroam\u00e9rica Innovation Tourism + Talk, un evento que, desde su creaci\u00f3n en 2018, ha logrado consolidarse como el principal espacio de referencia para la innovaci\u00f3n tur\u00edstica en la regi\u00f3n y un punto de encuentro obligado para los actores del [&hellip;]\" \/>\n<meta property=\"og:url\" content=\"https:\/\/www.visitcentroamerica.com\/sala-prensa\/internacional\/eventos-internacional\/centroamerica-innovation-tourism-talk-celebra-su-sexta-edicion-en-el-salvador\/\" \/>\n<meta property=\"og:site_name\" content=\"Sala de prensa\" \/>\n<meta property=\"article:published_time\" content=\"2025-08-27T22:07:06+00:00\" \/>\n<meta property=\"og:image\" content=\"https:\/\/www.visitcentroamerica.com\/sala-prensa\/wp-content\/uploads\/2025\/08\/WhatsApp-Image-2025-08-27-at-3.41.45-PM-scaled.jpeg\" \/>\n\t<meta property=\"og:image:width\" content=\"1776\" \/>\n\t<meta property=\"og:image:height\" content=\"1200\" \/>\n\t<meta property=\"og:image:type\" content=\"image\/jpeg\" \/>\n<meta name=\"author\" content=\"Dafne Franco\" \/>\n<meta name=\"twitter:card\" content=\"summary_large_image\" \/>\n<meta name=\"twitter:label1\" content=\"Escrito por\" \/>\n\t<meta name=\"twitter:data1\" content=\"Dafne Franco\" \/>\n\t<meta name=\"twitter:label2\" content=\"Tiempo de lectura\" \/>\n\t<meta name=\"twitter:data2\" content=\"3 minutos\" \/>\n<script type=\"application\/ld+json\" class=\"yoast-schema-graph\">{\"@context\":\"https:\\\/\\\/schema.org\",\"@graph\":[{\"@type\":\"Article\",\"@id\":\"https:\\\/\\\/www.visitcentroamerica.com\\\/sala-prensa\\\/internacional\\\/eventos-internacional\\\/centroamerica-innovation-tourism-talk-celebra-su-sexta-edicion-en-el-salvador\\\/#article\",\"isPartOf\":{\"@id\":\"https:\\\/\\\/www.visitcentroamerica.com\\\/sala-prensa\\\/internacional\\\/eventos-internacional\\\/centroamerica-innovation-tourism-talk-celebra-su-sexta-edicion-en-el-salvador\\\/\"},\"author\":{\"name\":\"Dafne Franco\",\"@id\":\"https:\\\/\\\/www.visitcentroamerica.com\\\/sala-prensa\\\/#\\\/schema\\\/person\\\/59be6d1215b91f3615c1bd403f512f60\"},\"headline\":\"Centroam\u00e9rica Innovation Tourism + Talk celebra su sexta edici\u00f3n en El Salvador\",\"datePublished\":\"2025-08-27T22:07:06+00:00\",\"mainEntityOfPage\":{\"@id\":\"https:\\\/\\\/www.visitcentroamerica.com\\\/sala-prensa\\\/internacional\\\/eventos-internacional\\\/centroamerica-innovation-tourism-talk-celebra-su-sexta-edicion-en-el-salvador\\\/\"},\"wordCount\":437,\"commentCount\":0,\"image\":{\"@id\":\"https:\\\/\\\/www.visitcentroamerica.com\\\/sala-prensa\\\/internacional\\\/eventos-internacional\\\/centroamerica-innovation-tourism-talk-celebra-su-sexta-edicion-en-el-salvador\\\/#primaryimage\"},\"thumbnailUrl\":\"https:\\\/\\\/www.visitcentroamerica.com\\\/sala-prensa\\\/wp-content\\\/uploads\\\/2025\\\/08\\\/WhatsApp-Image-2025-08-27-at-3.41.45-PM-scaled.jpeg\",\"articleSection\":[\"Eventos\"],\"inLanguage\":\"es\",\"potentialAction\":[{\"@type\":\"CommentAction\",\"name\":\"Comment\",\"target\":[\"https:\\\/\\\/www.visitcentroamerica.com\\\/sala-prensa\\\/internacional\\\/eventos-internacional\\\/centroamerica-innovation-tourism-talk-celebra-su-sexta-edicion-en-el-salvador\\\/#respond\"]}]},{\"@type\":\"WebPage\",\"@id\":\"https:\\\/\\\/www.visitcentroamerica.com\\\/sala-prensa\\\/internacional\\\/eventos-internacional\\\/centroamerica-innovation-tourism-talk-celebra-su-sexta-edicion-en-el-salvador\\\/\",\"url\":\"https:\\\/\\\/www.visitcentroamerica.com\\\/sala-prensa\\\/internacional\\\/eventos-internacional\\\/centroamerica-innovation-tourism-talk-celebra-su-sexta-edicion-en-el-salvador\\\/\",\"name\":\"Centroam\u00e9rica Innovation Tourism + Talk celebra su sexta edici\u00f3n en El Salvador - Sala de prensa\",\"isPartOf\":{\"@id\":\"https:\\\/\\\/www.visitcentroamerica.com\\\/sala-prensa\\\/#website\"},\"primaryImageOfPage\":{\"@id\":\"https:\\\/\\\/www.visitcentroamerica.com\\\/sala-prensa\\\/internacional\\\/eventos-internacional\\\/centroamerica-innovation-tourism-talk-celebra-su-sexta-edicion-en-el-salvador\\\/#primaryimage\"},\"image\":{\"@id\":\"https:\\\/\\\/www.visitcentroamerica.com\\\/sala-prensa\\\/internacional\\\/eventos-internacional\\\/centroamerica-innovation-tourism-talk-celebra-su-sexta-edicion-en-el-salvador\\\/#primaryimage\"},\"thumbnailUrl\":\"https:\\\/\\\/www.visitcentroamerica.com\\\/sala-prensa\\\/wp-content\\\/uploads\\\/2025\\\/08\\\/WhatsApp-Image-2025-08-27-at-3.41.45-PM-scaled.jpeg\",\"datePublished\":\"2025-08-27T22:07:06+00:00\",\"author\":{\"@id\":\"https:\\\/\\\/www.visitcentroamerica.com\\\/sala-prensa\\\/#\\\/schema\\\/person\\\/59be6d1215b91f3615c1bd403f512f60\"},\"breadcrumb\":{\"@id\":\"https:\\\/\\\/www.visitcentroamerica.com\\\/sala-prensa\\\/internacional\\\/eventos-internacional\\\/centroamerica-innovation-tourism-talk-celebra-su-sexta-edicion-en-el-salvador\\\/#breadcrumb\"},\"inLanguage\":\"es\",\"potentialAction\":[{\"@type\":\"ReadAction\",\"target\":[\"https:\\\/\\\/www.visitcentroamerica.com\\\/sala-prensa\\\/internacional\\\/eventos-internacional\\\/centroamerica-innovation-tourism-talk-celebra-su-sexta-edicion-en-el-salvador\\\/\"]}]},{\"@type\":\"ImageObject\",\"inLanguage\":\"es\",\"@id\":\"https:\\\/\\\/www.visitcentroamerica.com\\\/sala-prensa\\\/internacional\\\/eventos-internacional\\\/centroamerica-innovation-tourism-talk-celebra-su-sexta-edicion-en-el-salvador\\\/#primaryimage\",\"url\":\"https:\\\/\\\/www.visitcentroamerica.com\\\/sala-prensa\\\/wp-content\\\/uploads\\\/2025\\\/08\\\/WhatsApp-Image-2025-08-27-at-3.41.45-PM-scaled.jpeg\",\"contentUrl\":\"https:\\\/\\\/www.visitcentroamerica.com\\\/sala-prensa\\\/wp-content\\\/uploads\\\/2025\\\/08\\\/WhatsApp-Image-2025-08-27-at-3.41.45-PM-scaled.jpeg\",\"width\":1776,\"height\":1200},{\"@type\":\"BreadcrumbList\",\"@id\":\"https:\\\/\\\/www.visitcentroamerica.com\\\/sala-prensa\\\/internacional\\\/eventos-internacional\\\/centroamerica-innovation-tourism-talk-celebra-su-sexta-edicion-en-el-salvador\\\/#breadcrumb\",\"itemListElement\":[{\"@type\":\"ListItem\",\"position\":1,\"name\":\"Portada\",\"item\":\"https:\\\/\\\/www.visitcentroamerica.com\\\/sala-prensa\\\/\"},{\"@type\":\"ListItem\",\"position\":2,\"name\":\"Centroam\u00e9rica Innovation Tourism + Talk celebra su sexta edici\u00f3n en El Salvador\"}]},{\"@type\":\"WebSite\",\"@id\":\"https:\\\/\\\/www.visitcentroamerica.com\\\/sala-prensa\\\/#website\",\"url\":\"https:\\\/\\\/www.visitcentroamerica.com\\\/sala-prensa\\\/\",\"name\":\"Sala de prensa\",\"description\":\"\",\"potentialAction\":[{\"@type\":\"SearchAction\",\"target\":{\"@type\":\"EntryPoint\",\"urlTemplate\":\"https:\\\/\\\/www.visitcentroamerica.com\\\/sala-prensa\\\/?s={search_term_string}\"},\"query-input\":{\"@type\":\"PropertyValueSpecification\",\"valueRequired\":true,\"valueName\":\"search_term_string\"}}],\"inLanguage\":\"es\"},{\"@type\":\"Person\",\"@id\":\"https:\\\/\\\/www.visitcentroamerica.com\\\/sala-prensa\\\/#\\\/schema\\\/person\\\/59be6d1215b91f3615c1bd403f512f60\",\"name\":\"Dafne Franco\",\"image\":{\"@type\":\"ImageObject\",\"inLanguage\":\"es\",\"@id\":\"https:\\\/\\\/secure.gravatar.com\\\/avatar\\\/9d1ca1e4cce23c82e292f528a3ad52052d3fa1e03aabdb0af820d1980e40a8b2?s=96&d=mm&r=g\",\"url\":\"https:\\\/\\\/secure.gravatar.com\\\/avatar\\\/9d1ca1e4cce23c82e292f528a3ad52052d3fa1e03aabdb0af820d1980e40a8b2?s=96&d=mm&r=g\",\"contentUrl\":\"https:\\\/\\\/secure.gravatar.com\\\/avatar\\\/9d1ca1e4cce23c82e292f528a3ad52052d3fa1e03aabdb0af820d1980e40a8b2?s=96&d=mm&r=g\",\"caption\":\"Dafne Franco\"},\"url\":\"https:\\\/\\\/www.visitcentroamerica.com\\\/sala-prensa\\\/author\\\/dafne\\\/\"}]}<\/script>\n<!-- \/ Yoast SEO plugin. -->","yoast_head_json":{"title":"Centroam\u00e9rica Innovation Tourism + Talk celebra su sexta edici\u00f3n en El Salvador - Sala de prensa","robots":{"index":"index","follow":"follow","max-snippet":"max-snippet:-1","max-image-preview":"max-image-preview:large","max-video-preview":"max-video-preview:-1"},"canonical":"https:\/\/www.visitcentroamerica.com\/sala-prensa\/internacional\/eventos-internacional\/centroamerica-innovation-tourism-talk-celebra-su-sexta-edicion-en-el-salvador\/","og_locale":"es_ES","og_type":"article","og_title":"Centroam\u00e9rica Innovation Tourism + Talk celebra su sexta edici\u00f3n en El Salvador - Sala de prensa","og_description":"La Agencia de Promoci\u00f3n Tur\u00edstica de Centroam\u00e9rica (CATA) celebra en El Salvador la sexta edici\u00f3n del Centroam\u00e9rica Innovation Tourism + Talk, un evento que, desde su creaci\u00f3n en 2018, ha logrado consolidarse como el principal espacio de referencia para la innovaci\u00f3n tur\u00edstica en la regi\u00f3n y un punto de encuentro obligado para los actores del [&hellip;]","og_url":"https:\/\/www.visitcentroamerica.com\/sala-prensa\/internacional\/eventos-internacional\/centroamerica-innovation-tourism-talk-celebra-su-sexta-edicion-en-el-salvador\/","og_site_name":"Sala de prensa","article_published_time":"2025-08-27T22:07:06+00:00","og_image":[{"width":1776,"height":1200,"url":"https:\/\/www.visitcentroamerica.com\/sala-prensa\/wp-content\/uploads\/2025\/08\/WhatsApp-Image-2025-08-27-at-3.41.45-PM-scaled.jpeg","type":"image\/jpeg"}],"author":"Dafne Franco","twitter_card":"summary_large_image","twitter_misc":{"Escrito por":"Dafne Franco","Tiempo de lectura":"3 minutos"},"schema":{"@context":"https:\/\/schema.org","@graph":[{"@type":"Article","@id":"https:\/\/www.visitcentroamerica.com\/sala-prensa\/internacional\/eventos-internacional\/centroamerica-innovation-tourism-talk-celebra-su-sexta-edicion-en-el-salvador\/#article","isPartOf":{"@id":"https:\/\/www.visitcentroamerica.com\/sala-prensa\/internacional\/eventos-internacional\/centroamerica-innovation-tourism-talk-celebra-su-sexta-edicion-en-el-salvador\/"},"author":{"name":"Dafne Franco","@id":"https:\/\/www.visitcentroamerica.com\/sala-prensa\/#\/schema\/person\/59be6d1215b91f3615c1bd403f512f60"},"headline":"Centroam\u00e9rica Innovation Tourism + Talk celebra su sexta edici\u00f3n en El Salvador","datePublished":"2025-08-27T22:07:06+00:00","mainEntityOfPage":{"@id":"https:\/\/www.visitcentroamerica.com\/sala-prensa\/internacional\/eventos-internacional\/centroamerica-innovation-tourism-talk-celebra-su-sexta-edicion-en-el-salvador\/"},"wordCount":437,"commentCount":0,"image":{"@id":"https:\/\/www.visitcentroamerica.com\/sala-prensa\/internacional\/eventos-internacional\/centroamerica-innovation-tourism-talk-celebra-su-sexta-edicion-en-el-salvador\/#primaryimage"},"thumbnailUrl":"https:\/\/www.visitcentroamerica.com\/sala-prensa\/wp-content\/uploads\/2025\/08\/WhatsApp-Image-2025-08-27-at-3.41.45-PM-scaled.jpeg","articleSection":["Eventos"],"inLanguage":"es","potentialAction":[{"@type":"CommentAction","name":"Comment","target":["https:\/\/www.visitcentroamerica.com\/sala-prensa\/internacional\/eventos-internacional\/centroamerica-innovation-tourism-talk-celebra-su-sexta-edicion-en-el-salvador\/#respond"]}]},{"@type":"WebPage","@id":"https:\/\/www.visitcentroamerica.com\/sala-prensa\/internacional\/eventos-internacional\/centroamerica-innovation-tourism-talk-celebra-su-sexta-edicion-en-el-salvador\/","url":"https:\/\/www.visitcentroamerica.com\/sala-prensa\/internacional\/eventos-internacional\/centroamerica-innovation-tourism-talk-celebra-su-sexta-edicion-en-el-salvador\/","name":"Centroam\u00e9rica Innovation Tourism + Talk celebra su sexta edici\u00f3n en El Salvador - Sala de prensa","isPartOf":{"@id":"https:\/\/www.visitcentroamerica.com\/sala-prensa\/#website"},"primaryImageOfPage":{"@id":"https:\/\/www.visitcentroamerica.com\/sala-prensa\/internacional\/eventos-internacional\/centroamerica-innovation-tourism-talk-celebra-su-sexta-edicion-en-el-salvador\/#primaryimage"},"image":{"@id":"https:\/\/www.visitcentroamerica.com\/sala-prensa\/internacional\/eventos-internacional\/centroamerica-innovation-tourism-talk-celebra-su-sexta-edicion-en-el-salvador\/#primaryimage"},"thumbnailUrl":"https:\/\/www.visitcentroamerica.com\/sala-prensa\/wp-content\/uploads\/2025\/08\/WhatsApp-Image-2025-08-27-at-3.41.45-PM-scaled.jpeg","datePublished":"2025-08-27T22:07:06+00:00","author":{"@id":"https:\/\/www.visitcentroamerica.com\/sala-prensa\/#\/schema\/person\/59be6d1215b91f3615c1bd403f512f60"},"breadcrumb":{"@id":"https:\/\/www.visitcentroamerica.com\/sala-prensa\/internacional\/eventos-internacional\/centroamerica-innovation-tourism-talk-celebra-su-sexta-edicion-en-el-salvador\/#breadcrumb"},"inLanguage":"es","potentialAction":[{"@type":"ReadAction","target":["https:\/\/www.visitcentroamerica.com\/sala-prensa\/internacional\/eventos-internacional\/centroamerica-innovation-tourism-talk-celebra-su-sexta-edicion-en-el-salvador\/"]}]},{"@type":"ImageObject","inLanguage":"es","@id":"https:\/\/www.visitcentroamerica.com\/sala-prensa\/internacional\/eventos-internacional\/centroamerica-innovation-tourism-talk-celebra-su-sexta-edicion-en-el-salvador\/#primaryimage","url":"https:\/\/www.visitcentroamerica.com\/sala-prensa\/wp-content\/uploads\/2025\/08\/WhatsApp-Image-2025-08-27-at-3.41.45-PM-scaled.jpeg","contentUrl":"https:\/\/www.visitcentroamerica.com\/sala-prensa\/wp-content\/uploads\/2025\/08\/WhatsApp-Image-2025-08-27-at-3.41.45-PM-scaled.jpeg","width":1776,"height":1200},{"@type":"BreadcrumbList","@id":"https:\/\/www.visitcentroamerica.com\/sala-prensa\/internacional\/eventos-internacional\/centroamerica-innovation-tourism-talk-celebra-su-sexta-edicion-en-el-salvador\/#breadcrumb","itemListElement":[{"@type":"ListItem","position":1,"name":"Portada","item":"https:\/\/www.visitcentroamerica.com\/sala-prensa\/"},{"@type":"ListItem","position":2,"name":"Centroam\u00e9rica Innovation Tourism + Talk celebra su sexta edici\u00f3n en El Salvador"}]},{"@type":"WebSite","@id":"https:\/\/www.visitcentroamerica.com\/sala-prensa\/#website","url":"https:\/\/www.visitcentroamerica.com\/sala-prensa\/","name":"Sala de prensa","description":"","potentialAction":[{"@type":"SearchAction","target":{"@type":"EntryPoint","urlTemplate":"https:\/\/www.visitcentroamerica.com\/sala-prensa\/?s={search_term_string}"},"query-input":{"@type":"PropertyValueSpecification","valueRequired":true,"valueName":"search_term_string"}}],"inLanguage":"es"},{"@type":"Person","@id":"https:\/\/www.visitcentroamerica.com\/sala-prensa\/#\/schema\/person\/59be6d1215b91f3615c1bd403f512f60","name":"Dafne Franco","image":{"@type":"ImageObject","inLanguage":"es","@id":"https:\/\/secure.gravatar.com\/avatar\/9d1ca1e4cce23c82e292f528a3ad52052d3fa1e03aabdb0af820d1980e40a8b2?s=96&d=mm&r=g","url":"https:\/\/secure.gravatar.com\/avatar\/9d1ca1e4cce23c82e292f528a3ad52052d3fa1e03aabdb0af820d1980e40a8b2?s=96&d=mm&r=g","contentUrl":"https:\/\/secure.gravatar.com\/avatar\/9d1ca1e4cce23c82e292f528a3ad52052d3fa1e03aabdb0af820d1980e40a8b2?s=96&d=mm&r=g","caption":"Dafne Franco"},"url":"https:\/\/www.visitcentroamerica.com\/sala-prensa\/author\/dafne\/"}]}},"_links":{"self":[{"href":"https:\/\/www.visitcentroamerica.com\/sala-prensa\/wp-json\/wp\/v2\/posts\/16676","targetHints":{"allow":["GET"]}}],"collection":[{"href":"https:\/\/www.visitcentroamerica.com\/sala-prensa\/wp-json\/wp\/v2\/posts"}],"about":[{"href":"https:\/\/www.visitcentroamerica.com\/sala-prensa\/wp-json\/wp\/v2\/types\/post"}],"author":[{"embeddable":true,"href":"https:\/\/www.visitcentroamerica.com\/sala-prensa\/wp-json\/wp\/v2\/users\/6"}],"replies":[{"embeddable":true,"href":"https:\/\/www.visitcentroamerica.com\/sala-prensa\/wp-json\/wp\/v2\/comments?post=16676"}],"version-history":[{"count":1,"href":"https:\/\/www.visitcentroamerica.com\/sala-prensa\/wp-json\/wp\/v2\/posts\/16676\/revisions"}],"predecessor-version":[{"id":16679,"href":"https:\/\/www.visitcentroamerica.com\/sala-prensa\/wp-json\/wp\/v2\/posts\/16676\/revisions\/16679"}],"wp:featuredmedia":[{"embeddable":true,"href":"https:\/\/www.visitcentroamerica.com\/sala-prensa\/wp-json\/wp\/v2\/media\/16677"}],"wp:attachment":[{"href":"https:\/\/www.visitcentroamerica.com\/sala-prensa\/wp-json\/wp\/v2\/media?parent=16676"}],"wp:term":[{"taxonomy":"category","embeddable":true,"href":"https:\/\/www.visitcentroamerica.com\/sala-prensa\/wp-json\/wp\/v2\/categories?post=16676"},{"taxonomy":"post_tag","embeddable":true,"href":"https:\/\/www.visitcentroamerica.com\/sala-prensa\/wp-json\/wp\/v2\/tags?post=16676"}],"curies":[{"name":"wp","href":"https:\/\/api.w.org\/{rel}","templated":true}]}}