{"id":16657,"date":"2025-07-24T23:37:46","date_gmt":"2025-07-24T21:37:46","guid":{"rendered":"https:\/\/www.visitcentroamerica.com\/sala-prensa\/?p=16657"},"modified":"2025-07-24T23:40:55","modified_gmt":"2025-07-24T21:40:55","slug":"premios-juventud-2025-en-panama-todo-lo-que-debes-saber-sobre-el-esperado-evento","status":"publish","type":"post","link":"https:\/\/www.visitcentroamerica.com\/sala-prensa\/actualidad\/panama\/premios-juventud-2025-en-panama-todo-lo-que-debes-saber-sobre-el-esperado-evento\/","title":{"rendered":"Premios Juventud 2025 en Panam\u00e1: Todo lo que debes saber sobre el esperado evento"},"content":{"rendered":"<p><img loading=\"lazy\" decoding=\"async\" class=\"alignnone wp-image-16658 size-full\" src=\"https:\/\/www.visitcentroamerica.com\/sala-prensa\/wp-content\/uploads\/2025\/07\/premiosjuventud2025.webp\" alt=\"\" width=\"855\" height=\"570\" srcset=\"https:\/\/www.visitcentroamerica.com\/sala-prensa\/wp-content\/uploads\/2025\/07\/premiosjuventud2025.webp 855w, https:\/\/www.visitcentroamerica.com\/sala-prensa\/wp-content\/uploads\/2025\/07\/premiosjuventud2025-300x200.webp 300w, https:\/\/www.visitcentroamerica.com\/sala-prensa\/wp-content\/uploads\/2025\/07\/premiosjuventud2025-768x512.webp 768w, https:\/\/www.visitcentroamerica.com\/sala-prensa\/wp-content\/uploads\/2025\/07\/premiosjuventud2025-630x420.webp 630w, https:\/\/www.visitcentroamerica.com\/sala-prensa\/wp-content\/uploads\/2025\/07\/premiosjuventud2025-696x464.webp 696w, https:\/\/www.visitcentroamerica.com\/sala-prensa\/wp-content\/uploads\/2025\/07\/premiosjuventud2025-500x333.webp 500w\" sizes=\"auto, (max-width: 855px) 100vw, 855px\" \/><\/p>\n<p>El jueves 25 de septiembre se celebrar\u00e1n los\u00a0<strong>Premios Juventud 2025<\/strong>\u00a0en la ciudad de Panam\u00e1, con el objetivo de resaltar el reconocimiento del pa\u00eds por su cultura, identidad, biodiversidad y riqueza art\u00edstica, incluyendo su aporte en el origen de los ritmos urbanos.<\/p>\n<p>Ignacio Meyer, presidente de la cadena internacional Univisi\u00f3n, destac\u00f3 que realizar este evento fuera de Estados Unidos, pa\u00eds donde se ha llevado a cabo desde su creaci\u00f3n, representa un gesto de agradecimiento a las ra\u00edces latinas, donde nacen las tradiciones y se reconoce el talento de los artistas latinoamericanos.<\/p>\n<p>La edici\u00f3n N\u00b0 22 de los Premios Juventud ser\u00e1 transmitida en vivo a trav\u00e9s de Telemetro y por Univisi\u00f3n. Los nominados de las distintas categor\u00edas se dar\u00e1n a conocer el pr\u00f3ximo 19 de agosto.<\/p>\n<p>El artista urbano Boza, quien ha sido nominado en ediciones anteriores, ha sido designado como el anfitri\u00f3n del evento.<\/p>\n<p data-start=\"431\" data-end=\"741\">Para el Ministerio de Cultura, la celebraci\u00f3n de los premios tiene como objetivo exponer el acervo cultural del pa\u00eds. Por su parte, la Autoridad de Turismo ha indicado que trabaja en conjunto con las asociaciones de hoteles para preparar el impacto econ\u00f3mico que este evento generar\u00e1 en el sector de servicios.<\/p>\n<p data-start=\"431\" data-end=\"741\">Por\u00a0<a href=\"https:\/\/www.telemetro.com\/perfil\/2000152-ana-canto\" target=\"_blank\" rel=\"noopener\" data-mrf-link=\"https:\/\/www.telemetro.com\/perfil\/2000152-ana-canto\">Ana Canto<\/a><\/p>\n","protected":false},"excerpt":{"rendered":"<p>El jueves 25 de septiembre se celebrar\u00e1n los\u00a0Premios Juventud 2025\u00a0en la ciudad de Panam\u00e1, con el objetivo de resaltar el reconocimiento del pa\u00eds por su cultura, identidad, biodiversidad y riqueza art\u00edstica, incluyendo su aporte en el origen de los ritmos urbanos. Ignacio Meyer, presidente de la cadena internacional Univisi\u00f3n, destac\u00f3 que realizar este evento fuera [&hellip;]<\/p>\n","protected":false},"author":6,"featured_media":16658,"comment_status":"open","ping_status":"closed","sticky":false,"template":"","format":"standard","meta":{"footnotes":""},"categories":[7],"tags":[],"class_list":{"0":"post-16657","1":"post","2":"type-post","3":"status-publish","4":"format-standard","5":"has-post-thumbnail","7":"category-panama"},"yoast_head":"<!-- This site is optimized with the Yoast SEO plugin v27.3 - https:\/\/yoast.com\/product\/yoast-seo-wordpress\/ -->\n<title>Premios Juventud 2025 en Panam\u00e1: Todo lo que debes saber sobre el esperado evento - Sala de prensa<\/title>\n<meta name=\"robots\" content=\"index, follow, max-snippet:-1, max-image-preview:large, max-video-preview:-1\" \/>\n<link rel=\"canonical\" href=\"https:\/\/www.visitcentroamerica.com\/sala-prensa\/actualidad\/panama\/premios-juventud-2025-en-panama-todo-lo-que-debes-saber-sobre-el-esperado-evento\/\" \/>\n<meta property=\"og:locale\" content=\"es_ES\" \/>\n<meta property=\"og:type\" content=\"article\" \/>\n<meta property=\"og:title\" content=\"Premios Juventud 2025 en Panam\u00e1: Todo lo que debes saber sobre el esperado evento - Sala de prensa\" \/>\n<meta property=\"og:description\" content=\"El jueves 25 de septiembre se celebrar\u00e1n los\u00a0Premios Juventud 2025\u00a0en la ciudad de Panam\u00e1, con el objetivo de resaltar el reconocimiento del pa\u00eds por su cultura, identidad, biodiversidad y riqueza art\u00edstica, incluyendo su aporte en el origen de los ritmos urbanos. Ignacio Meyer, presidente de la cadena internacional Univisi\u00f3n, destac\u00f3 que realizar este evento fuera [&hellip;]\" \/>\n<meta property=\"og:url\" content=\"https:\/\/www.visitcentroamerica.com\/sala-prensa\/actualidad\/panama\/premios-juventud-2025-en-panama-todo-lo-que-debes-saber-sobre-el-esperado-evento\/\" \/>\n<meta property=\"og:site_name\" content=\"Sala de prensa\" \/>\n<meta property=\"article:published_time\" content=\"2025-07-24T21:37:46+00:00\" \/>\n<meta property=\"article:modified_time\" content=\"2025-07-24T21:40:55+00:00\" \/>\n<meta property=\"og:image\" content=\"https:\/\/www.visitcentroamerica.com\/sala-prensa\/wp-content\/uploads\/2025\/07\/premiosjuventud2025.webp\" \/>\n\t<meta property=\"og:image:width\" content=\"855\" \/>\n\t<meta property=\"og:image:height\" content=\"570\" \/>\n\t<meta property=\"og:image:type\" content=\"image\/webp\" \/>\n<meta name=\"author\" content=\"Dafne Franco\" \/>\n<meta name=\"twitter:card\" content=\"summary_large_image\" \/>\n<meta name=\"twitter:label1\" content=\"Escrito por\" \/>\n\t<meta name=\"twitter:data1\" content=\"Dafne Franco\" \/>\n\t<meta name=\"twitter:label2\" content=\"Tiempo de lectura\" \/>\n\t<meta name=\"twitter:data2\" content=\"2 minutos\" \/>\n<script type=\"application\/ld+json\" class=\"yoast-schema-graph\">{\"@context\":\"https:\\\/\\\/schema.org\",\"@graph\":[{\"@type\":\"Article\",\"@id\":\"https:\\\/\\\/www.visitcentroamerica.com\\\/sala-prensa\\\/actualidad\\\/panama\\\/premios-juventud-2025-en-panama-todo-lo-que-debes-saber-sobre-el-esperado-evento\\\/#article\",\"isPartOf\":{\"@id\":\"https:\\\/\\\/www.visitcentroamerica.com\\\/sala-prensa\\\/actualidad\\\/panama\\\/premios-juventud-2025-en-panama-todo-lo-que-debes-saber-sobre-el-esperado-evento\\\/\"},\"author\":{\"name\":\"Dafne Franco\",\"@id\":\"https:\\\/\\\/www.visitcentroamerica.com\\\/sala-prensa\\\/#\\\/schema\\\/person\\\/59be6d1215b91f3615c1bd403f512f60\"},\"headline\":\"Premios Juventud 2025 en Panam\u00e1: Todo lo que debes saber sobre el esperado evento\",\"datePublished\":\"2025-07-24T21:37:46+00:00\",\"dateModified\":\"2025-07-24T21:40:55+00:00\",\"mainEntityOfPage\":{\"@id\":\"https:\\\/\\\/www.visitcentroamerica.com\\\/sala-prensa\\\/actualidad\\\/panama\\\/premios-juventud-2025-en-panama-todo-lo-que-debes-saber-sobre-el-esperado-evento\\\/\"},\"wordCount\":225,\"commentCount\":0,\"image\":{\"@id\":\"https:\\\/\\\/www.visitcentroamerica.com\\\/sala-prensa\\\/actualidad\\\/panama\\\/premios-juventud-2025-en-panama-todo-lo-que-debes-saber-sobre-el-esperado-evento\\\/#primaryimage\"},\"thumbnailUrl\":\"https:\\\/\\\/www.visitcentroamerica.com\\\/sala-prensa\\\/wp-content\\\/uploads\\\/2025\\\/07\\\/premiosjuventud2025.webp\",\"articleSection\":[\"Panam\u00e1\"],\"inLanguage\":\"es\",\"potentialAction\":[{\"@type\":\"CommentAction\",\"name\":\"Comment\",\"target\":[\"https:\\\/\\\/www.visitcentroamerica.com\\\/sala-prensa\\\/actualidad\\\/panama\\\/premios-juventud-2025-en-panama-todo-lo-que-debes-saber-sobre-el-esperado-evento\\\/#respond\"]}]},{\"@type\":\"WebPage\",\"@id\":\"https:\\\/\\\/www.visitcentroamerica.com\\\/sala-prensa\\\/actualidad\\\/panama\\\/premios-juventud-2025-en-panama-todo-lo-que-debes-saber-sobre-el-esperado-evento\\\/\",\"url\":\"https:\\\/\\\/www.visitcentroamerica.com\\\/sala-prensa\\\/actualidad\\\/panama\\\/premios-juventud-2025-en-panama-todo-lo-que-debes-saber-sobre-el-esperado-evento\\\/\",\"name\":\"Premios Juventud 2025 en Panam\u00e1: Todo lo que debes saber sobre el esperado evento - Sala de prensa\",\"isPartOf\":{\"@id\":\"https:\\\/\\\/www.visitcentroamerica.com\\\/sala-prensa\\\/#website\"},\"primaryImageOfPage\":{\"@id\":\"https:\\\/\\\/www.visitcentroamerica.com\\\/sala-prensa\\\/actualidad\\\/panama\\\/premios-juventud-2025-en-panama-todo-lo-que-debes-saber-sobre-el-esperado-evento\\\/#primaryimage\"},\"image\":{\"@id\":\"https:\\\/\\\/www.visitcentroamerica.com\\\/sala-prensa\\\/actualidad\\\/panama\\\/premios-juventud-2025-en-panama-todo-lo-que-debes-saber-sobre-el-esperado-evento\\\/#primaryimage\"},\"thumbnailUrl\":\"https:\\\/\\\/www.visitcentroamerica.com\\\/sala-prensa\\\/wp-content\\\/uploads\\\/2025\\\/07\\\/premiosjuventud2025.webp\",\"datePublished\":\"2025-07-24T21:37:46+00:00\",\"dateModified\":\"2025-07-24T21:40:55+00:00\",\"author\":{\"@id\":\"https:\\\/\\\/www.visitcentroamerica.com\\\/sala-prensa\\\/#\\\/schema\\\/person\\\/59be6d1215b91f3615c1bd403f512f60\"},\"breadcrumb\":{\"@id\":\"https:\\\/\\\/www.visitcentroamerica.com\\\/sala-prensa\\\/actualidad\\\/panama\\\/premios-juventud-2025-en-panama-todo-lo-que-debes-saber-sobre-el-esperado-evento\\\/#breadcrumb\"},\"inLanguage\":\"es\",\"potentialAction\":[{\"@type\":\"ReadAction\",\"target\":[\"https:\\\/\\\/www.visitcentroamerica.com\\\/sala-prensa\\\/actualidad\\\/panama\\\/premios-juventud-2025-en-panama-todo-lo-que-debes-saber-sobre-el-esperado-evento\\\/\"]}]},{\"@type\":\"ImageObject\",\"inLanguage\":\"es\",\"@id\":\"https:\\\/\\\/www.visitcentroamerica.com\\\/sala-prensa\\\/actualidad\\\/panama\\\/premios-juventud-2025-en-panama-todo-lo-que-debes-saber-sobre-el-esperado-evento\\\/#primaryimage\",\"url\":\"https:\\\/\\\/www.visitcentroamerica.com\\\/sala-prensa\\\/wp-content\\\/uploads\\\/2025\\\/07\\\/premiosjuventud2025.webp\",\"contentUrl\":\"https:\\\/\\\/www.visitcentroamerica.com\\\/sala-prensa\\\/wp-content\\\/uploads\\\/2025\\\/07\\\/premiosjuventud2025.webp\",\"width\":855,\"height\":570},{\"@type\":\"BreadcrumbList\",\"@id\":\"https:\\\/\\\/www.visitcentroamerica.com\\\/sala-prensa\\\/actualidad\\\/panama\\\/premios-juventud-2025-en-panama-todo-lo-que-debes-saber-sobre-el-esperado-evento\\\/#breadcrumb\",\"itemListElement\":[{\"@type\":\"ListItem\",\"position\":1,\"name\":\"Portada\",\"item\":\"https:\\\/\\\/www.visitcentroamerica.com\\\/sala-prensa\\\/\"},{\"@type\":\"ListItem\",\"position\":2,\"name\":\"Premios Juventud 2025 en Panam\u00e1: Todo lo que debes saber sobre el esperado evento\"}]},{\"@type\":\"WebSite\",\"@id\":\"https:\\\/\\\/www.visitcentroamerica.com\\\/sala-prensa\\\/#website\",\"url\":\"https:\\\/\\\/www.visitcentroamerica.com\\\/sala-prensa\\\/\",\"name\":\"Sala de prensa\",\"description\":\"\",\"potentialAction\":[{\"@type\":\"SearchAction\",\"target\":{\"@type\":\"EntryPoint\",\"urlTemplate\":\"https:\\\/\\\/www.visitcentroamerica.com\\\/sala-prensa\\\/?s={search_term_string}\"},\"query-input\":{\"@type\":\"PropertyValueSpecification\",\"valueRequired\":true,\"valueName\":\"search_term_string\"}}],\"inLanguage\":\"es\"},{\"@type\":\"Person\",\"@id\":\"https:\\\/\\\/www.visitcentroamerica.com\\\/sala-prensa\\\/#\\\/schema\\\/person\\\/59be6d1215b91f3615c1bd403f512f60\",\"name\":\"Dafne Franco\",\"image\":{\"@type\":\"ImageObject\",\"inLanguage\":\"es\",\"@id\":\"https:\\\/\\\/secure.gravatar.com\\\/avatar\\\/9d1ca1e4cce23c82e292f528a3ad52052d3fa1e03aabdb0af820d1980e40a8b2?s=96&d=mm&r=g\",\"url\":\"https:\\\/\\\/secure.gravatar.com\\\/avatar\\\/9d1ca1e4cce23c82e292f528a3ad52052d3fa1e03aabdb0af820d1980e40a8b2?s=96&d=mm&r=g\",\"contentUrl\":\"https:\\\/\\\/secure.gravatar.com\\\/avatar\\\/9d1ca1e4cce23c82e292f528a3ad52052d3fa1e03aabdb0af820d1980e40a8b2?s=96&d=mm&r=g\",\"caption\":\"Dafne Franco\"},\"url\":\"https:\\\/\\\/www.visitcentroamerica.com\\\/sala-prensa\\\/author\\\/dafne\\\/\"}]}<\/script>\n<!-- \/ Yoast SEO plugin. -->","yoast_head_json":{"title":"Premios Juventud 2025 en Panam\u00e1: Todo lo que debes saber sobre el esperado evento - Sala de prensa","robots":{"index":"index","follow":"follow","max-snippet":"max-snippet:-1","max-image-preview":"max-image-preview:large","max-video-preview":"max-video-preview:-1"},"canonical":"https:\/\/www.visitcentroamerica.com\/sala-prensa\/actualidad\/panama\/premios-juventud-2025-en-panama-todo-lo-que-debes-saber-sobre-el-esperado-evento\/","og_locale":"es_ES","og_type":"article","og_title":"Premios Juventud 2025 en Panam\u00e1: Todo lo que debes saber sobre el esperado evento - Sala de prensa","og_description":"El jueves 25 de septiembre se celebrar\u00e1n los\u00a0Premios Juventud 2025\u00a0en la ciudad de Panam\u00e1, con el objetivo de resaltar el reconocimiento del pa\u00eds por su cultura, identidad, biodiversidad y riqueza art\u00edstica, incluyendo su aporte en el origen de los ritmos urbanos. Ignacio Meyer, presidente de la cadena internacional Univisi\u00f3n, destac\u00f3 que realizar este evento fuera [&hellip;]","og_url":"https:\/\/www.visitcentroamerica.com\/sala-prensa\/actualidad\/panama\/premios-juventud-2025-en-panama-todo-lo-que-debes-saber-sobre-el-esperado-evento\/","og_site_name":"Sala de prensa","article_published_time":"2025-07-24T21:37:46+00:00","article_modified_time":"2025-07-24T21:40:55+00:00","og_image":[{"width":855,"height":570,"url":"https:\/\/www.visitcentroamerica.com\/sala-prensa\/wp-content\/uploads\/2025\/07\/premiosjuventud2025.webp","type":"image\/webp"}],"author":"Dafne Franco","twitter_card":"summary_large_image","twitter_misc":{"Escrito por":"Dafne Franco","Tiempo de lectura":"2 minutos"},"schema":{"@context":"https:\/\/schema.org","@graph":[{"@type":"Article","@id":"https:\/\/www.visitcentroamerica.com\/sala-prensa\/actualidad\/panama\/premios-juventud-2025-en-panama-todo-lo-que-debes-saber-sobre-el-esperado-evento\/#article","isPartOf":{"@id":"https:\/\/www.visitcentroamerica.com\/sala-prensa\/actualidad\/panama\/premios-juventud-2025-en-panama-todo-lo-que-debes-saber-sobre-el-esperado-evento\/"},"author":{"name":"Dafne Franco","@id":"https:\/\/www.visitcentroamerica.com\/sala-prensa\/#\/schema\/person\/59be6d1215b91f3615c1bd403f512f60"},"headline":"Premios Juventud 2025 en Panam\u00e1: Todo lo que debes saber sobre el esperado evento","datePublished":"2025-07-24T21:37:46+00:00","dateModified":"2025-07-24T21:40:55+00:00","mainEntityOfPage":{"@id":"https:\/\/www.visitcentroamerica.com\/sala-prensa\/actualidad\/panama\/premios-juventud-2025-en-panama-todo-lo-que-debes-saber-sobre-el-esperado-evento\/"},"wordCount":225,"commentCount":0,"image":{"@id":"https:\/\/www.visitcentroamerica.com\/sala-prensa\/actualidad\/panama\/premios-juventud-2025-en-panama-todo-lo-que-debes-saber-sobre-el-esperado-evento\/#primaryimage"},"thumbnailUrl":"https:\/\/www.visitcentroamerica.com\/sala-prensa\/wp-content\/uploads\/2025\/07\/premiosjuventud2025.webp","articleSection":["Panam\u00e1"],"inLanguage":"es","potentialAction":[{"@type":"CommentAction","name":"Comment","target":["https:\/\/www.visitcentroamerica.com\/sala-prensa\/actualidad\/panama\/premios-juventud-2025-en-panama-todo-lo-que-debes-saber-sobre-el-esperado-evento\/#respond"]}]},{"@type":"WebPage","@id":"https:\/\/www.visitcentroamerica.com\/sala-prensa\/actualidad\/panama\/premios-juventud-2025-en-panama-todo-lo-que-debes-saber-sobre-el-esperado-evento\/","url":"https:\/\/www.visitcentroamerica.com\/sala-prensa\/actualidad\/panama\/premios-juventud-2025-en-panama-todo-lo-que-debes-saber-sobre-el-esperado-evento\/","name":"Premios Juventud 2025 en Panam\u00e1: Todo lo que debes saber sobre el esperado evento - Sala de prensa","isPartOf":{"@id":"https:\/\/www.visitcentroamerica.com\/sala-prensa\/#website"},"primaryImageOfPage":{"@id":"https:\/\/www.visitcentroamerica.com\/sala-prensa\/actualidad\/panama\/premios-juventud-2025-en-panama-todo-lo-que-debes-saber-sobre-el-esperado-evento\/#primaryimage"},"image":{"@id":"https:\/\/www.visitcentroamerica.com\/sala-prensa\/actualidad\/panama\/premios-juventud-2025-en-panama-todo-lo-que-debes-saber-sobre-el-esperado-evento\/#primaryimage"},"thumbnailUrl":"https:\/\/www.visitcentroamerica.com\/sala-prensa\/wp-content\/uploads\/2025\/07\/premiosjuventud2025.webp","datePublished":"2025-07-24T21:37:46+00:00","dateModified":"2025-07-24T21:40:55+00:00","author":{"@id":"https:\/\/www.visitcentroamerica.com\/sala-prensa\/#\/schema\/person\/59be6d1215b91f3615c1bd403f512f60"},"breadcrumb":{"@id":"https:\/\/www.visitcentroamerica.com\/sala-prensa\/actualidad\/panama\/premios-juventud-2025-en-panama-todo-lo-que-debes-saber-sobre-el-esperado-evento\/#breadcrumb"},"inLanguage":"es","potentialAction":[{"@type":"ReadAction","target":["https:\/\/www.visitcentroamerica.com\/sala-prensa\/actualidad\/panama\/premios-juventud-2025-en-panama-todo-lo-que-debes-saber-sobre-el-esperado-evento\/"]}]},{"@type":"ImageObject","inLanguage":"es","@id":"https:\/\/www.visitcentroamerica.com\/sala-prensa\/actualidad\/panama\/premios-juventud-2025-en-panama-todo-lo-que-debes-saber-sobre-el-esperado-evento\/#primaryimage","url":"https:\/\/www.visitcentroamerica.com\/sala-prensa\/wp-content\/uploads\/2025\/07\/premiosjuventud2025.webp","contentUrl":"https:\/\/www.visitcentroamerica.com\/sala-prensa\/wp-content\/uploads\/2025\/07\/premiosjuventud2025.webp","width":855,"height":570},{"@type":"BreadcrumbList","@id":"https:\/\/www.visitcentroamerica.com\/sala-prensa\/actualidad\/panama\/premios-juventud-2025-en-panama-todo-lo-que-debes-saber-sobre-el-esperado-evento\/#breadcrumb","itemListElement":[{"@type":"ListItem","position":1,"name":"Portada","item":"https:\/\/www.visitcentroamerica.com\/sala-prensa\/"},{"@type":"ListItem","position":2,"name":"Premios Juventud 2025 en Panam\u00e1: Todo lo que debes saber sobre el esperado evento"}]},{"@type":"WebSite","@id":"https:\/\/www.visitcentroamerica.com\/sala-prensa\/#website","url":"https:\/\/www.visitcentroamerica.com\/sala-prensa\/","name":"Sala de prensa","description":"","potentialAction":[{"@type":"SearchAction","target":{"@type":"EntryPoint","urlTemplate":"https:\/\/www.visitcentroamerica.com\/sala-prensa\/?s={search_term_string}"},"query-input":{"@type":"PropertyValueSpecification","valueRequired":true,"valueName":"search_term_string"}}],"inLanguage":"es"},{"@type":"Person","@id":"https:\/\/www.visitcentroamerica.com\/sala-prensa\/#\/schema\/person\/59be6d1215b91f3615c1bd403f512f60","name":"Dafne Franco","image":{"@type":"ImageObject","inLanguage":"es","@id":"https:\/\/secure.gravatar.com\/avatar\/9d1ca1e4cce23c82e292f528a3ad52052d3fa1e03aabdb0af820d1980e40a8b2?s=96&d=mm&r=g","url":"https:\/\/secure.gravatar.com\/avatar\/9d1ca1e4cce23c82e292f528a3ad52052d3fa1e03aabdb0af820d1980e40a8b2?s=96&d=mm&r=g","contentUrl":"https:\/\/secure.gravatar.com\/avatar\/9d1ca1e4cce23c82e292f528a3ad52052d3fa1e03aabdb0af820d1980e40a8b2?s=96&d=mm&r=g","caption":"Dafne Franco"},"url":"https:\/\/www.visitcentroamerica.com\/sala-prensa\/author\/dafne\/"}]}},"_links":{"self":[{"href":"https:\/\/www.visitcentroamerica.com\/sala-prensa\/wp-json\/wp\/v2\/posts\/16657","targetHints":{"allow":["GET"]}}],"collection":[{"href":"https:\/\/www.visitcentroamerica.com\/sala-prensa\/wp-json\/wp\/v2\/posts"}],"about":[{"href":"https:\/\/www.visitcentroamerica.com\/sala-prensa\/wp-json\/wp\/v2\/types\/post"}],"author":[{"embeddable":true,"href":"https:\/\/www.visitcentroamerica.com\/sala-prensa\/wp-json\/wp\/v2\/users\/6"}],"replies":[{"embeddable":true,"href":"https:\/\/www.visitcentroamerica.com\/sala-prensa\/wp-json\/wp\/v2\/comments?post=16657"}],"version-history":[{"count":1,"href":"https:\/\/www.visitcentroamerica.com\/sala-prensa\/wp-json\/wp\/v2\/posts\/16657\/revisions"}],"predecessor-version":[{"id":16660,"href":"https:\/\/www.visitcentroamerica.com\/sala-prensa\/wp-json\/wp\/v2\/posts\/16657\/revisions\/16660"}],"wp:featuredmedia":[{"embeddable":true,"href":"https:\/\/www.visitcentroamerica.com\/sala-prensa\/wp-json\/wp\/v2\/media\/16658"}],"wp:attachment":[{"href":"https:\/\/www.visitcentroamerica.com\/sala-prensa\/wp-json\/wp\/v2\/media?parent=16657"}],"wp:term":[{"taxonomy":"category","embeddable":true,"href":"https:\/\/www.visitcentroamerica.com\/sala-prensa\/wp-json\/wp\/v2\/categories?post=16657"},{"taxonomy":"post_tag","embeddable":true,"href":"https:\/\/www.visitcentroamerica.com\/sala-prensa\/wp-json\/wp\/v2\/tags?post=16657"}],"curies":[{"name":"wp","href":"https:\/\/api.w.org\/{rel}","templated":true}]}}