{"id":16653,"date":"2025-07-24T23:16:56","date_gmt":"2025-07-24T21:16:56","guid":{"rendered":"https:\/\/www.visitcentroamerica.com\/sala-prensa\/?p=16653"},"modified":"2025-07-24T23:16:56","modified_gmt":"2025-07-24T21:16:56","slug":"atp-y-promtur-ponen-en-marcha-proyecto-para-mejorar-indicadores-hoteleros","status":"publish","type":"post","link":"https:\/\/www.visitcentroamerica.com\/sala-prensa\/actualidad\/panama\/atp-y-promtur-ponen-en-marcha-proyecto-para-mejorar-indicadores-hoteleros\/","title":{"rendered":"ATP y Promtur ponen en marcha proyecto para mejorar indicadores hoteleros"},"content":{"rendered":"<p><img loading=\"lazy\" decoding=\"async\" class=\"alignnone wp-image-16654 size-full\" src=\"https:\/\/www.visitcentroamerica.com\/sala-prensa\/wp-content\/uploads\/2025\/07\/Patricia-Boo-Directora-Regional-para-Latinoamerica-de-STR_-Gloria-De-Leon-Ministra-de-Turismo-y-Lisbeth-Britto-en-representacion-de-PROMTUR-Panama-1024x712-1.jpg\" alt=\"\" width=\"1024\" height=\"712\" srcset=\"https:\/\/www.visitcentroamerica.com\/sala-prensa\/wp-content\/uploads\/2025\/07\/Patricia-Boo-Directora-Regional-para-Latinoamerica-de-STR_-Gloria-De-Leon-Ministra-de-Turismo-y-Lisbeth-Britto-en-representacion-de-PROMTUR-Panama-1024x712-1.jpg 1024w, https:\/\/www.visitcentroamerica.com\/sala-prensa\/wp-content\/uploads\/2025\/07\/Patricia-Boo-Directora-Regional-para-Latinoamerica-de-STR_-Gloria-De-Leon-Ministra-de-Turismo-y-Lisbeth-Britto-en-representacion-de-PROMTUR-Panama-1024x712-1-300x209.jpg 300w, https:\/\/www.visitcentroamerica.com\/sala-prensa\/wp-content\/uploads\/2025\/07\/Patricia-Boo-Directora-Regional-para-Latinoamerica-de-STR_-Gloria-De-Leon-Ministra-de-Turismo-y-Lisbeth-Britto-en-representacion-de-PROMTUR-Panama-1024x712-1-768x534.jpg 768w, https:\/\/www.visitcentroamerica.com\/sala-prensa\/wp-content\/uploads\/2025\/07\/Patricia-Boo-Directora-Regional-para-Latinoamerica-de-STR_-Gloria-De-Leon-Ministra-de-Turismo-y-Lisbeth-Britto-en-representacion-de-PROMTUR-Panama-1024x712-1-604x420.jpg 604w, https:\/\/www.visitcentroamerica.com\/sala-prensa\/wp-content\/uploads\/2025\/07\/Patricia-Boo-Directora-Regional-para-Latinoamerica-de-STR_-Gloria-De-Leon-Ministra-de-Turismo-y-Lisbeth-Britto-en-representacion-de-PROMTUR-Panama-1024x712-1-696x484.jpg 696w, https:\/\/www.visitcentroamerica.com\/sala-prensa\/wp-content\/uploads\/2025\/07\/Patricia-Boo-Directora-Regional-para-Latinoamerica-de-STR_-Gloria-De-Leon-Ministra-de-Turismo-y-Lisbeth-Britto-en-representacion-de-PROMTUR-Panama-1024x712-1-100x70.jpg 100w, https:\/\/www.visitcentroamerica.com\/sala-prensa\/wp-content\/uploads\/2025\/07\/Patricia-Boo-Directora-Regional-para-Latinoamerica-de-STR_-Gloria-De-Leon-Ministra-de-Turismo-y-Lisbeth-Britto-en-representacion-de-PROMTUR-Panama-1024x712-1-500x348.jpg 500w\" sizes=\"auto, (max-width: 1024px) 100vw, 1024px\" \/><\/p>\n<p>La Autoridad de Turismo de Panam\u00e1 (ATP) y el Fondo de Promoci\u00f3n Tur\u00edstica (PROMTUR Panam\u00e1) ponen en marcha oficialmente el proyecto para mejorar los indicadores hoteleros en el pa\u00eds (STR); un hito que marca un paso clave en la consolidaci\u00f3n de un modelo de gesti\u00f3n tur\u00edstica eficiente, basada en datos, transparencia y competitividad.<\/p>\n<p>El proyecto, que pone a disposici\u00f3n de forma gratuita a los hoteles la herramienta CoStar de STR, l\u00edder en el an\u00e1lisis de datos y del rendimiento hotelero a nivel global, permitir\u00e1 a cada establecimiento visualizar su informaci\u00f3n de manera confidencial y segura, y compararla con el desempe\u00f1o de su grupo competitivo y de los mercados locales e internacionales.<\/p>\n<p>Esto brindar\u00e1 a la industria la posibilidad de identificar oportunidades de mejora, ajustar estrategias y tomar decisiones m\u00e1s informadas para optimizar su rendimiento y fortalecer su posicionamiento en un mercado cada vez m\u00e1s competitivo.<\/p>\n<p>\u201cLa implementaci\u00f3n de STR marca un antes y un despu\u00e9s en la gesti\u00f3n del turismo en Panam\u00e1. Es una herramienta transformadora que nos permitir\u00e1 medir con mayor precisi\u00f3n la realidad hotelera del pa\u00eds. No solo ofrecer\u00e1 a cada hotel datos estrat\u00e9gicos para optimizar su desempe\u00f1o, sino que tambi\u00e9n nos dar\u00e1 una base s\u00f3lida para orientar las pol\u00edticas p\u00fablicas, impulsar inversiones y fortalecer el crecimiento tur\u00edstico en cada regi\u00f3n del pa\u00eds\u201d, se\u00f1al\u00f3 Gloria De Le\u00f3n, Ministra de Turismo de Panam\u00e1.<\/p>\n<div class=\"wp-block-image\">\n<p>\u201cNos entusiasma trabajar con Panam\u00e1 en este proyecto para brindar una soluci\u00f3n de referencia a los hoteles con datos \u00fatiles que les permitan tomar decisiones y medir mejor su rendimiento\u201d, Patricia Boo, Directora Regional para Latinoam\u00e9rica de STR.<\/p>\n<p>Una herramienta para ampliar la cobertura de datos hoteleros del pa\u00eds<br \/>\nLa plataforma ofrece m\u00faltiples beneficios, incluyendo asistencia especializada por parte de profesionales capacitados, apoyo educativo sobre su uso e interpretaci\u00f3n de indicadores, as\u00ed como soporte continuo y capacitaci\u00f3n constante.<\/p>\n<p>Todo esto permitir\u00e1 contar con datos hoteleros m\u00e1s detallados para medir con mayor precisi\u00f3n el turismo en nuestro pa\u00eds.<\/p>\n<p>La ATP y PROMTUR Panam\u00e1 invitan a todos los hoteles del pa\u00eds a actualizar su informaci\u00f3n de contacto ante la Autoridad de Turismo de Panam\u00e1, para su ingreso a la plataforma CoStar. En las pr\u00f3ximas semanas se estar\u00e1n anunciando webinars introductorios y capacitaciones virtuales para facilitar su implementaci\u00f3n y responder dudas.<\/p>\n<p>La integraci\u00f3n de m\u00e1s hoteles es clave para lograr una lectura m\u00e1s representativa del mercado, y trazar estrategias conjuntas m\u00e1s efectivas entre el sector p\u00fablico y privado.<\/p>\n<\/div>\n","protected":false},"excerpt":{"rendered":"<p>La Autoridad de Turismo de Panam\u00e1 (ATP) y el Fondo de Promoci\u00f3n Tur\u00edstica (PROMTUR Panam\u00e1) ponen en marcha oficialmente el proyecto para mejorar los indicadores hoteleros en el pa\u00eds (STR); un hito que marca un paso clave en la consolidaci\u00f3n de un modelo de gesti\u00f3n tur\u00edstica eficiente, basada en datos, transparencia y competitividad. El proyecto, [&hellip;]<\/p>\n","protected":false},"author":6,"featured_media":16654,"comment_status":"open","ping_status":"closed","sticky":false,"template":"","format":"standard","meta":{"footnotes":""},"categories":[7],"tags":[],"class_list":{"0":"post-16653","1":"post","2":"type-post","3":"status-publish","4":"format-standard","5":"has-post-thumbnail","7":"category-panama"},"yoast_head":"<!-- This site is optimized with the Yoast SEO plugin v27.3 - https:\/\/yoast.com\/product\/yoast-seo-wordpress\/ -->\n<title>ATP y Promtur ponen en marcha proyecto para mejorar indicadores hoteleros - Sala de prensa<\/title>\n<meta name=\"robots\" content=\"index, follow, max-snippet:-1, max-image-preview:large, max-video-preview:-1\" \/>\n<link rel=\"canonical\" href=\"https:\/\/www.visitcentroamerica.com\/sala-prensa\/actualidad\/panama\/atp-y-promtur-ponen-en-marcha-proyecto-para-mejorar-indicadores-hoteleros\/\" \/>\n<meta property=\"og:locale\" content=\"es_ES\" \/>\n<meta property=\"og:type\" content=\"article\" \/>\n<meta property=\"og:title\" content=\"ATP y Promtur ponen en marcha proyecto para mejorar indicadores hoteleros - Sala de prensa\" \/>\n<meta property=\"og:description\" content=\"La Autoridad de Turismo de Panam\u00e1 (ATP) y el Fondo de Promoci\u00f3n Tur\u00edstica (PROMTUR Panam\u00e1) ponen en marcha oficialmente el proyecto para mejorar los indicadores hoteleros en el pa\u00eds (STR); un hito que marca un paso clave en la consolidaci\u00f3n de un modelo de gesti\u00f3n tur\u00edstica eficiente, basada en datos, transparencia y competitividad. El proyecto, [&hellip;]\" \/>\n<meta property=\"og:url\" content=\"https:\/\/www.visitcentroamerica.com\/sala-prensa\/actualidad\/panama\/atp-y-promtur-ponen-en-marcha-proyecto-para-mejorar-indicadores-hoteleros\/\" \/>\n<meta property=\"og:site_name\" content=\"Sala de prensa\" \/>\n<meta property=\"article:published_time\" content=\"2025-07-24T21:16:56+00:00\" \/>\n<meta property=\"og:image\" content=\"https:\/\/www.visitcentroamerica.com\/sala-prensa\/wp-content\/uploads\/2025\/07\/Patricia-Boo-Directora-Regional-para-Latinoamerica-de-STR_-Gloria-De-Leon-Ministra-de-Turismo-y-Lisbeth-Britto-en-representacion-de-PROMTUR-Panama-1024x712-1.jpg\" \/>\n\t<meta property=\"og:image:width\" content=\"1024\" \/>\n\t<meta property=\"og:image:height\" content=\"712\" \/>\n\t<meta property=\"og:image:type\" content=\"image\/jpeg\" \/>\n<meta name=\"author\" content=\"Dafne Franco\" \/>\n<meta name=\"twitter:card\" content=\"summary_large_image\" \/>\n<meta name=\"twitter:label1\" content=\"Escrito por\" \/>\n\t<meta name=\"twitter:data1\" content=\"Dafne Franco\" \/>\n\t<meta name=\"twitter:label2\" content=\"Tiempo de lectura\" \/>\n\t<meta name=\"twitter:data2\" content=\"3 minutos\" \/>\n<script type=\"application\/ld+json\" class=\"yoast-schema-graph\">{\"@context\":\"https:\\\/\\\/schema.org\",\"@graph\":[{\"@type\":\"Article\",\"@id\":\"https:\\\/\\\/www.visitcentroamerica.com\\\/sala-prensa\\\/actualidad\\\/panama\\\/atp-y-promtur-ponen-en-marcha-proyecto-para-mejorar-indicadores-hoteleros\\\/#article\",\"isPartOf\":{\"@id\":\"https:\\\/\\\/www.visitcentroamerica.com\\\/sala-prensa\\\/actualidad\\\/panama\\\/atp-y-promtur-ponen-en-marcha-proyecto-para-mejorar-indicadores-hoteleros\\\/\"},\"author\":{\"name\":\"Dafne Franco\",\"@id\":\"https:\\\/\\\/www.visitcentroamerica.com\\\/sala-prensa\\\/#\\\/schema\\\/person\\\/59be6d1215b91f3615c1bd403f512f60\"},\"headline\":\"ATP y Promtur ponen en marcha proyecto para mejorar indicadores hoteleros\",\"datePublished\":\"2025-07-24T21:16:56+00:00\",\"mainEntityOfPage\":{\"@id\":\"https:\\\/\\\/www.visitcentroamerica.com\\\/sala-prensa\\\/actualidad\\\/panama\\\/atp-y-promtur-ponen-en-marcha-proyecto-para-mejorar-indicadores-hoteleros\\\/\"},\"wordCount\":458,\"commentCount\":0,\"image\":{\"@id\":\"https:\\\/\\\/www.visitcentroamerica.com\\\/sala-prensa\\\/actualidad\\\/panama\\\/atp-y-promtur-ponen-en-marcha-proyecto-para-mejorar-indicadores-hoteleros\\\/#primaryimage\"},\"thumbnailUrl\":\"https:\\\/\\\/www.visitcentroamerica.com\\\/sala-prensa\\\/wp-content\\\/uploads\\\/2025\\\/07\\\/Patricia-Boo-Directora-Regional-para-Latinoamerica-de-STR_-Gloria-De-Leon-Ministra-de-Turismo-y-Lisbeth-Britto-en-representacion-de-PROMTUR-Panama-1024x712-1.jpg\",\"articleSection\":[\"Panam\u00e1\"],\"inLanguage\":\"es\",\"potentialAction\":[{\"@type\":\"CommentAction\",\"name\":\"Comment\",\"target\":[\"https:\\\/\\\/www.visitcentroamerica.com\\\/sala-prensa\\\/actualidad\\\/panama\\\/atp-y-promtur-ponen-en-marcha-proyecto-para-mejorar-indicadores-hoteleros\\\/#respond\"]}]},{\"@type\":\"WebPage\",\"@id\":\"https:\\\/\\\/www.visitcentroamerica.com\\\/sala-prensa\\\/actualidad\\\/panama\\\/atp-y-promtur-ponen-en-marcha-proyecto-para-mejorar-indicadores-hoteleros\\\/\",\"url\":\"https:\\\/\\\/www.visitcentroamerica.com\\\/sala-prensa\\\/actualidad\\\/panama\\\/atp-y-promtur-ponen-en-marcha-proyecto-para-mejorar-indicadores-hoteleros\\\/\",\"name\":\"ATP y Promtur ponen en marcha proyecto para mejorar indicadores hoteleros - Sala de prensa\",\"isPartOf\":{\"@id\":\"https:\\\/\\\/www.visitcentroamerica.com\\\/sala-prensa\\\/#website\"},\"primaryImageOfPage\":{\"@id\":\"https:\\\/\\\/www.visitcentroamerica.com\\\/sala-prensa\\\/actualidad\\\/panama\\\/atp-y-promtur-ponen-en-marcha-proyecto-para-mejorar-indicadores-hoteleros\\\/#primaryimage\"},\"image\":{\"@id\":\"https:\\\/\\\/www.visitcentroamerica.com\\\/sala-prensa\\\/actualidad\\\/panama\\\/atp-y-promtur-ponen-en-marcha-proyecto-para-mejorar-indicadores-hoteleros\\\/#primaryimage\"},\"thumbnailUrl\":\"https:\\\/\\\/www.visitcentroamerica.com\\\/sala-prensa\\\/wp-content\\\/uploads\\\/2025\\\/07\\\/Patricia-Boo-Directora-Regional-para-Latinoamerica-de-STR_-Gloria-De-Leon-Ministra-de-Turismo-y-Lisbeth-Britto-en-representacion-de-PROMTUR-Panama-1024x712-1.jpg\",\"datePublished\":\"2025-07-24T21:16:56+00:00\",\"author\":{\"@id\":\"https:\\\/\\\/www.visitcentroamerica.com\\\/sala-prensa\\\/#\\\/schema\\\/person\\\/59be6d1215b91f3615c1bd403f512f60\"},\"breadcrumb\":{\"@id\":\"https:\\\/\\\/www.visitcentroamerica.com\\\/sala-prensa\\\/actualidad\\\/panama\\\/atp-y-promtur-ponen-en-marcha-proyecto-para-mejorar-indicadores-hoteleros\\\/#breadcrumb\"},\"inLanguage\":\"es\",\"potentialAction\":[{\"@type\":\"ReadAction\",\"target\":[\"https:\\\/\\\/www.visitcentroamerica.com\\\/sala-prensa\\\/actualidad\\\/panama\\\/atp-y-promtur-ponen-en-marcha-proyecto-para-mejorar-indicadores-hoteleros\\\/\"]}]},{\"@type\":\"ImageObject\",\"inLanguage\":\"es\",\"@id\":\"https:\\\/\\\/www.visitcentroamerica.com\\\/sala-prensa\\\/actualidad\\\/panama\\\/atp-y-promtur-ponen-en-marcha-proyecto-para-mejorar-indicadores-hoteleros\\\/#primaryimage\",\"url\":\"https:\\\/\\\/www.visitcentroamerica.com\\\/sala-prensa\\\/wp-content\\\/uploads\\\/2025\\\/07\\\/Patricia-Boo-Directora-Regional-para-Latinoamerica-de-STR_-Gloria-De-Leon-Ministra-de-Turismo-y-Lisbeth-Britto-en-representacion-de-PROMTUR-Panama-1024x712-1.jpg\",\"contentUrl\":\"https:\\\/\\\/www.visitcentroamerica.com\\\/sala-prensa\\\/wp-content\\\/uploads\\\/2025\\\/07\\\/Patricia-Boo-Directora-Regional-para-Latinoamerica-de-STR_-Gloria-De-Leon-Ministra-de-Turismo-y-Lisbeth-Britto-en-representacion-de-PROMTUR-Panama-1024x712-1.jpg\",\"width\":1024,\"height\":712},{\"@type\":\"BreadcrumbList\",\"@id\":\"https:\\\/\\\/www.visitcentroamerica.com\\\/sala-prensa\\\/actualidad\\\/panama\\\/atp-y-promtur-ponen-en-marcha-proyecto-para-mejorar-indicadores-hoteleros\\\/#breadcrumb\",\"itemListElement\":[{\"@type\":\"ListItem\",\"position\":1,\"name\":\"Portada\",\"item\":\"https:\\\/\\\/www.visitcentroamerica.com\\\/sala-prensa\\\/\"},{\"@type\":\"ListItem\",\"position\":2,\"name\":\"ATP y Promtur ponen en marcha proyecto para mejorar indicadores hoteleros\"}]},{\"@type\":\"WebSite\",\"@id\":\"https:\\\/\\\/www.visitcentroamerica.com\\\/sala-prensa\\\/#website\",\"url\":\"https:\\\/\\\/www.visitcentroamerica.com\\\/sala-prensa\\\/\",\"name\":\"Sala de prensa\",\"description\":\"\",\"potentialAction\":[{\"@type\":\"SearchAction\",\"target\":{\"@type\":\"EntryPoint\",\"urlTemplate\":\"https:\\\/\\\/www.visitcentroamerica.com\\\/sala-prensa\\\/?s={search_term_string}\"},\"query-input\":{\"@type\":\"PropertyValueSpecification\",\"valueRequired\":true,\"valueName\":\"search_term_string\"}}],\"inLanguage\":\"es\"},{\"@type\":\"Person\",\"@id\":\"https:\\\/\\\/www.visitcentroamerica.com\\\/sala-prensa\\\/#\\\/schema\\\/person\\\/59be6d1215b91f3615c1bd403f512f60\",\"name\":\"Dafne Franco\",\"image\":{\"@type\":\"ImageObject\",\"inLanguage\":\"es\",\"@id\":\"https:\\\/\\\/secure.gravatar.com\\\/avatar\\\/9d1ca1e4cce23c82e292f528a3ad52052d3fa1e03aabdb0af820d1980e40a8b2?s=96&d=mm&r=g\",\"url\":\"https:\\\/\\\/secure.gravatar.com\\\/avatar\\\/9d1ca1e4cce23c82e292f528a3ad52052d3fa1e03aabdb0af820d1980e40a8b2?s=96&d=mm&r=g\",\"contentUrl\":\"https:\\\/\\\/secure.gravatar.com\\\/avatar\\\/9d1ca1e4cce23c82e292f528a3ad52052d3fa1e03aabdb0af820d1980e40a8b2?s=96&d=mm&r=g\",\"caption\":\"Dafne Franco\"},\"url\":\"https:\\\/\\\/www.visitcentroamerica.com\\\/sala-prensa\\\/author\\\/dafne\\\/\"}]}<\/script>\n<!-- \/ Yoast SEO plugin. -->","yoast_head_json":{"title":"ATP y Promtur ponen en marcha proyecto para mejorar indicadores hoteleros - Sala de prensa","robots":{"index":"index","follow":"follow","max-snippet":"max-snippet:-1","max-image-preview":"max-image-preview:large","max-video-preview":"max-video-preview:-1"},"canonical":"https:\/\/www.visitcentroamerica.com\/sala-prensa\/actualidad\/panama\/atp-y-promtur-ponen-en-marcha-proyecto-para-mejorar-indicadores-hoteleros\/","og_locale":"es_ES","og_type":"article","og_title":"ATP y Promtur ponen en marcha proyecto para mejorar indicadores hoteleros - Sala de prensa","og_description":"La Autoridad de Turismo de Panam\u00e1 (ATP) y el Fondo de Promoci\u00f3n Tur\u00edstica (PROMTUR Panam\u00e1) ponen en marcha oficialmente el proyecto para mejorar los indicadores hoteleros en el pa\u00eds (STR); un hito que marca un paso clave en la consolidaci\u00f3n de un modelo de gesti\u00f3n tur\u00edstica eficiente, basada en datos, transparencia y competitividad. El proyecto, [&hellip;]","og_url":"https:\/\/www.visitcentroamerica.com\/sala-prensa\/actualidad\/panama\/atp-y-promtur-ponen-en-marcha-proyecto-para-mejorar-indicadores-hoteleros\/","og_site_name":"Sala de prensa","article_published_time":"2025-07-24T21:16:56+00:00","og_image":[{"width":1024,"height":712,"url":"https:\/\/www.visitcentroamerica.com\/sala-prensa\/wp-content\/uploads\/2025\/07\/Patricia-Boo-Directora-Regional-para-Latinoamerica-de-STR_-Gloria-De-Leon-Ministra-de-Turismo-y-Lisbeth-Britto-en-representacion-de-PROMTUR-Panama-1024x712-1.jpg","type":"image\/jpeg"}],"author":"Dafne Franco","twitter_card":"summary_large_image","twitter_misc":{"Escrito por":"Dafne Franco","Tiempo de lectura":"3 minutos"},"schema":{"@context":"https:\/\/schema.org","@graph":[{"@type":"Article","@id":"https:\/\/www.visitcentroamerica.com\/sala-prensa\/actualidad\/panama\/atp-y-promtur-ponen-en-marcha-proyecto-para-mejorar-indicadores-hoteleros\/#article","isPartOf":{"@id":"https:\/\/www.visitcentroamerica.com\/sala-prensa\/actualidad\/panama\/atp-y-promtur-ponen-en-marcha-proyecto-para-mejorar-indicadores-hoteleros\/"},"author":{"name":"Dafne Franco","@id":"https:\/\/www.visitcentroamerica.com\/sala-prensa\/#\/schema\/person\/59be6d1215b91f3615c1bd403f512f60"},"headline":"ATP y Promtur ponen en marcha proyecto para mejorar indicadores hoteleros","datePublished":"2025-07-24T21:16:56+00:00","mainEntityOfPage":{"@id":"https:\/\/www.visitcentroamerica.com\/sala-prensa\/actualidad\/panama\/atp-y-promtur-ponen-en-marcha-proyecto-para-mejorar-indicadores-hoteleros\/"},"wordCount":458,"commentCount":0,"image":{"@id":"https:\/\/www.visitcentroamerica.com\/sala-prensa\/actualidad\/panama\/atp-y-promtur-ponen-en-marcha-proyecto-para-mejorar-indicadores-hoteleros\/#primaryimage"},"thumbnailUrl":"https:\/\/www.visitcentroamerica.com\/sala-prensa\/wp-content\/uploads\/2025\/07\/Patricia-Boo-Directora-Regional-para-Latinoamerica-de-STR_-Gloria-De-Leon-Ministra-de-Turismo-y-Lisbeth-Britto-en-representacion-de-PROMTUR-Panama-1024x712-1.jpg","articleSection":["Panam\u00e1"],"inLanguage":"es","potentialAction":[{"@type":"CommentAction","name":"Comment","target":["https:\/\/www.visitcentroamerica.com\/sala-prensa\/actualidad\/panama\/atp-y-promtur-ponen-en-marcha-proyecto-para-mejorar-indicadores-hoteleros\/#respond"]}]},{"@type":"WebPage","@id":"https:\/\/www.visitcentroamerica.com\/sala-prensa\/actualidad\/panama\/atp-y-promtur-ponen-en-marcha-proyecto-para-mejorar-indicadores-hoteleros\/","url":"https:\/\/www.visitcentroamerica.com\/sala-prensa\/actualidad\/panama\/atp-y-promtur-ponen-en-marcha-proyecto-para-mejorar-indicadores-hoteleros\/","name":"ATP y Promtur ponen en marcha proyecto para mejorar indicadores hoteleros - Sala de prensa","isPartOf":{"@id":"https:\/\/www.visitcentroamerica.com\/sala-prensa\/#website"},"primaryImageOfPage":{"@id":"https:\/\/www.visitcentroamerica.com\/sala-prensa\/actualidad\/panama\/atp-y-promtur-ponen-en-marcha-proyecto-para-mejorar-indicadores-hoteleros\/#primaryimage"},"image":{"@id":"https:\/\/www.visitcentroamerica.com\/sala-prensa\/actualidad\/panama\/atp-y-promtur-ponen-en-marcha-proyecto-para-mejorar-indicadores-hoteleros\/#primaryimage"},"thumbnailUrl":"https:\/\/www.visitcentroamerica.com\/sala-prensa\/wp-content\/uploads\/2025\/07\/Patricia-Boo-Directora-Regional-para-Latinoamerica-de-STR_-Gloria-De-Leon-Ministra-de-Turismo-y-Lisbeth-Britto-en-representacion-de-PROMTUR-Panama-1024x712-1.jpg","datePublished":"2025-07-24T21:16:56+00:00","author":{"@id":"https:\/\/www.visitcentroamerica.com\/sala-prensa\/#\/schema\/person\/59be6d1215b91f3615c1bd403f512f60"},"breadcrumb":{"@id":"https:\/\/www.visitcentroamerica.com\/sala-prensa\/actualidad\/panama\/atp-y-promtur-ponen-en-marcha-proyecto-para-mejorar-indicadores-hoteleros\/#breadcrumb"},"inLanguage":"es","potentialAction":[{"@type":"ReadAction","target":["https:\/\/www.visitcentroamerica.com\/sala-prensa\/actualidad\/panama\/atp-y-promtur-ponen-en-marcha-proyecto-para-mejorar-indicadores-hoteleros\/"]}]},{"@type":"ImageObject","inLanguage":"es","@id":"https:\/\/www.visitcentroamerica.com\/sala-prensa\/actualidad\/panama\/atp-y-promtur-ponen-en-marcha-proyecto-para-mejorar-indicadores-hoteleros\/#primaryimage","url":"https:\/\/www.visitcentroamerica.com\/sala-prensa\/wp-content\/uploads\/2025\/07\/Patricia-Boo-Directora-Regional-para-Latinoamerica-de-STR_-Gloria-De-Leon-Ministra-de-Turismo-y-Lisbeth-Britto-en-representacion-de-PROMTUR-Panama-1024x712-1.jpg","contentUrl":"https:\/\/www.visitcentroamerica.com\/sala-prensa\/wp-content\/uploads\/2025\/07\/Patricia-Boo-Directora-Regional-para-Latinoamerica-de-STR_-Gloria-De-Leon-Ministra-de-Turismo-y-Lisbeth-Britto-en-representacion-de-PROMTUR-Panama-1024x712-1.jpg","width":1024,"height":712},{"@type":"BreadcrumbList","@id":"https:\/\/www.visitcentroamerica.com\/sala-prensa\/actualidad\/panama\/atp-y-promtur-ponen-en-marcha-proyecto-para-mejorar-indicadores-hoteleros\/#breadcrumb","itemListElement":[{"@type":"ListItem","position":1,"name":"Portada","item":"https:\/\/www.visitcentroamerica.com\/sala-prensa\/"},{"@type":"ListItem","position":2,"name":"ATP y Promtur ponen en marcha proyecto para mejorar indicadores hoteleros"}]},{"@type":"WebSite","@id":"https:\/\/www.visitcentroamerica.com\/sala-prensa\/#website","url":"https:\/\/www.visitcentroamerica.com\/sala-prensa\/","name":"Sala de prensa","description":"","potentialAction":[{"@type":"SearchAction","target":{"@type":"EntryPoint","urlTemplate":"https:\/\/www.visitcentroamerica.com\/sala-prensa\/?s={search_term_string}"},"query-input":{"@type":"PropertyValueSpecification","valueRequired":true,"valueName":"search_term_string"}}],"inLanguage":"es"},{"@type":"Person","@id":"https:\/\/www.visitcentroamerica.com\/sala-prensa\/#\/schema\/person\/59be6d1215b91f3615c1bd403f512f60","name":"Dafne Franco","image":{"@type":"ImageObject","inLanguage":"es","@id":"https:\/\/secure.gravatar.com\/avatar\/9d1ca1e4cce23c82e292f528a3ad52052d3fa1e03aabdb0af820d1980e40a8b2?s=96&d=mm&r=g","url":"https:\/\/secure.gravatar.com\/avatar\/9d1ca1e4cce23c82e292f528a3ad52052d3fa1e03aabdb0af820d1980e40a8b2?s=96&d=mm&r=g","contentUrl":"https:\/\/secure.gravatar.com\/avatar\/9d1ca1e4cce23c82e292f528a3ad52052d3fa1e03aabdb0af820d1980e40a8b2?s=96&d=mm&r=g","caption":"Dafne Franco"},"url":"https:\/\/www.visitcentroamerica.com\/sala-prensa\/author\/dafne\/"}]}},"_links":{"self":[{"href":"https:\/\/www.visitcentroamerica.com\/sala-prensa\/wp-json\/wp\/v2\/posts\/16653","targetHints":{"allow":["GET"]}}],"collection":[{"href":"https:\/\/www.visitcentroamerica.com\/sala-prensa\/wp-json\/wp\/v2\/posts"}],"about":[{"href":"https:\/\/www.visitcentroamerica.com\/sala-prensa\/wp-json\/wp\/v2\/types\/post"}],"author":[{"embeddable":true,"href":"https:\/\/www.visitcentroamerica.com\/sala-prensa\/wp-json\/wp\/v2\/users\/6"}],"replies":[{"embeddable":true,"href":"https:\/\/www.visitcentroamerica.com\/sala-prensa\/wp-json\/wp\/v2\/comments?post=16653"}],"version-history":[{"count":1,"href":"https:\/\/www.visitcentroamerica.com\/sala-prensa\/wp-json\/wp\/v2\/posts\/16653\/revisions"}],"predecessor-version":[{"id":16656,"href":"https:\/\/www.visitcentroamerica.com\/sala-prensa\/wp-json\/wp\/v2\/posts\/16653\/revisions\/16656"}],"wp:featuredmedia":[{"embeddable":true,"href":"https:\/\/www.visitcentroamerica.com\/sala-prensa\/wp-json\/wp\/v2\/media\/16654"}],"wp:attachment":[{"href":"https:\/\/www.visitcentroamerica.com\/sala-prensa\/wp-json\/wp\/v2\/media?parent=16653"}],"wp:term":[{"taxonomy":"category","embeddable":true,"href":"https:\/\/www.visitcentroamerica.com\/sala-prensa\/wp-json\/wp\/v2\/categories?post=16653"},{"taxonomy":"post_tag","embeddable":true,"href":"https:\/\/www.visitcentroamerica.com\/sala-prensa\/wp-json\/wp\/v2\/tags?post=16653"}],"curies":[{"name":"wp","href":"https:\/\/api.w.org\/{rel}","templated":true}]}}