{"id":16649,"date":"2025-07-24T22:45:50","date_gmt":"2025-07-24T20:45:50","guid":{"rendered":"https:\/\/www.visitcentroamerica.com\/sala-prensa\/?p=16649"},"modified":"2025-07-24T22:45:50","modified_gmt":"2025-07-24T20:45:50","slug":"copa-airlines-inicia-nueva-ruta-internacional-en-diciembre","status":"publish","type":"post","link":"https:\/\/www.visitcentroamerica.com\/sala-prensa\/actualidad\/panama\/copa-airlines-inicia-nueva-ruta-internacional-en-diciembre\/","title":{"rendered":"Copa Airlines inicia nueva ruta internacional en Diciembre"},"content":{"rendered":"<p data-start=\"322\" data-end=\"687\"><img loading=\"lazy\" decoding=\"async\" class=\"alignnone wp-image-16647 size-full\" src=\"https:\/\/www.visitcentroamerica.com\/sala-prensa\/wp-content\/uploads\/2025\/07\/copa1-1-e1752496675294.jpg\" alt=\"\" width=\"800\" height=\"550\" srcset=\"https:\/\/www.visitcentroamerica.com\/sala-prensa\/wp-content\/uploads\/2025\/07\/copa1-1-e1752496675294.jpg 800w, https:\/\/www.visitcentroamerica.com\/sala-prensa\/wp-content\/uploads\/2025\/07\/copa1-1-e1752496675294-300x206.jpg 300w, https:\/\/www.visitcentroamerica.com\/sala-prensa\/wp-content\/uploads\/2025\/07\/copa1-1-e1752496675294-768x528.jpg 768w, https:\/\/www.visitcentroamerica.com\/sala-prensa\/wp-content\/uploads\/2025\/07\/copa1-1-e1752496675294-611x420.jpg 611w, https:\/\/www.visitcentroamerica.com\/sala-prensa\/wp-content\/uploads\/2025\/07\/copa1-1-e1752496675294-218x150.jpg 218w, https:\/\/www.visitcentroamerica.com\/sala-prensa\/wp-content\/uploads\/2025\/07\/copa1-1-e1752496675294-696x479.jpg 696w, https:\/\/www.visitcentroamerica.com\/sala-prensa\/wp-content\/uploads\/2025\/07\/copa1-1-e1752496675294-100x70.jpg 100w, https:\/\/www.visitcentroamerica.com\/sala-prensa\/wp-content\/uploads\/2025\/07\/copa1-1-e1752496675294-500x344.jpg 500w\" sizes=\"auto, (max-width: 800px) 100vw, 800px\" \/><\/p>\n<p class=\"tmzr-el aBigClassNameToAvoidCollisionInText\" data-start=\"322\" data-end=\"687\">Copa Airlines inicia nueva ruta internacional en Diciembre.<strong>Copa Airlines<\/strong>\u00a0anunci\u00f3 la apertura de una nueva ruta internacional que conectar\u00e1 la Ciudad de Panam\u00e1 con Los Cabos, M\u00e9xico, a partir del 4 de diciembre de 2025. La nueva conexi\u00f3n operar\u00e1 tres veces por semana y ser\u00e1 atendida con aviones Boeing 737-800, reforzando as\u00ed la presencia de la aerol\u00ednea en el mercado mexicano y ampliando la conectividad en Am\u00e9rica Latina.<\/p>\n<div id=\"video\">\n<p class=\"tmzr-el\" data-start=\"689\" data-end=\"1176\">Esta nueva operaci\u00f3n facilitar\u00e1 el acceso de los pasajeros a uno de los destinos tur\u00edsticos m\u00e1s importantes del Pac\u00edfico mexicano, conocido por sus playas, paisajes naturales y atractivos culturales. Seg\u00fan el sistema de data base cirum.<\/p>\n<ul>\n<li data-start=\"689\" data-end=\"1176\">El vuelo CM801 despegar\u00e1 del Aeropuerto Internacional de Tocumen (PTY) a las 9:09 a.\u202fm., llegando al Aeropuerto Internacional de Los Cabos (SJD) a las 12:27 p.\u202fm.<\/li>\n<li data-start=\"689\" data-end=\"1176\">El regreso, a trav\u00e9s del vuelo CM802, saldr\u00e1 de SJD a la 1:33 p.\u202fm. y aterrizar\u00e1 en PTY a las 8:30 p.\u202fm. (horarios locales).<\/li>\n<\/ul>\n<p>Con esta incorporaci\u00f3n, Copa Airlines contin\u00faa con su estrategia de expansi\u00f3n en la regi\u00f3n, ofreciendo m\u00e1s opciones para el turismo y los negocios. Adem\u00e1s, fortalece su hub en Ciudad de Panam\u00e1 como un centro clave de conexiones para toda Am\u00e9rica, facilitando el tr\u00e1nsito de pasajeros desde y hacia el sur de M\u00e9xico.<\/p>\n<\/div>\n","protected":false},"excerpt":{"rendered":"<p>Copa Airlines inicia nueva ruta internacional en Diciembre.Copa Airlines\u00a0anunci\u00f3 la apertura de una nueva ruta internacional que conectar\u00e1 la Ciudad de Panam\u00e1 con Los Cabos, M\u00e9xico, a partir del 4 de diciembre de 2025. La nueva conexi\u00f3n operar\u00e1 tres veces por semana y ser\u00e1 atendida con aviones Boeing 737-800, reforzando as\u00ed la presencia de la [&hellip;]<\/p>\n","protected":false},"author":6,"featured_media":16650,"comment_status":"open","ping_status":"closed","sticky":false,"template":"","format":"standard","meta":{"footnotes":""},"categories":[7],"tags":[],"class_list":{"0":"post-16649","1":"post","2":"type-post","3":"status-publish","4":"format-standard","5":"has-post-thumbnail","7":"category-panama"},"yoast_head":"<!-- This site is optimized with the Yoast SEO plugin v27.3 - https:\/\/yoast.com\/product\/yoast-seo-wordpress\/ -->\n<title>Copa Airlines inicia nueva ruta internacional en Diciembre - Sala de prensa<\/title>\n<meta name=\"robots\" content=\"index, follow, max-snippet:-1, max-image-preview:large, max-video-preview:-1\" \/>\n<link rel=\"canonical\" href=\"https:\/\/www.visitcentroamerica.com\/sala-prensa\/actualidad\/panama\/copa-airlines-inicia-nueva-ruta-internacional-en-diciembre\/\" \/>\n<meta property=\"og:locale\" content=\"es_ES\" \/>\n<meta property=\"og:type\" content=\"article\" \/>\n<meta property=\"og:title\" content=\"Copa Airlines inicia nueva ruta internacional en Diciembre - Sala de prensa\" \/>\n<meta property=\"og:description\" content=\"Copa Airlines inicia nueva ruta internacional en Diciembre.Copa Airlines\u00a0anunci\u00f3 la apertura de una nueva ruta internacional que conectar\u00e1 la Ciudad de Panam\u00e1 con Los Cabos, M\u00e9xico, a partir del 4 de diciembre de 2025. La nueva conexi\u00f3n operar\u00e1 tres veces por semana y ser\u00e1 atendida con aviones Boeing 737-800, reforzando as\u00ed la presencia de la [&hellip;]\" \/>\n<meta property=\"og:url\" content=\"https:\/\/www.visitcentroamerica.com\/sala-prensa\/actualidad\/panama\/copa-airlines-inicia-nueva-ruta-internacional-en-diciembre\/\" \/>\n<meta property=\"og:site_name\" content=\"Sala de prensa\" \/>\n<meta property=\"article:published_time\" content=\"2025-07-24T20:45:50+00:00\" \/>\n<meta property=\"og:image\" content=\"https:\/\/www.visitcentroamerica.com\/sala-prensa\/wp-content\/uploads\/2025\/07\/copa1-1-e1752496675294-1.jpg\" \/>\n\t<meta property=\"og:image:width\" content=\"800\" \/>\n\t<meta property=\"og:image:height\" content=\"550\" \/>\n\t<meta property=\"og:image:type\" content=\"image\/jpeg\" \/>\n<meta name=\"author\" content=\"Dafne Franco\" \/>\n<meta name=\"twitter:card\" content=\"summary_large_image\" \/>\n<meta name=\"twitter:label1\" content=\"Escrito por\" \/>\n\t<meta name=\"twitter:data1\" content=\"Dafne Franco\" \/>\n\t<meta name=\"twitter:label2\" content=\"Tiempo de lectura\" \/>\n\t<meta name=\"twitter:data2\" content=\"2 minutos\" \/>\n<script type=\"application\/ld+json\" class=\"yoast-schema-graph\">{\"@context\":\"https:\\\/\\\/schema.org\",\"@graph\":[{\"@type\":\"Article\",\"@id\":\"https:\\\/\\\/www.visitcentroamerica.com\\\/sala-prensa\\\/actualidad\\\/panama\\\/copa-airlines-inicia-nueva-ruta-internacional-en-diciembre\\\/#article\",\"isPartOf\":{\"@id\":\"https:\\\/\\\/www.visitcentroamerica.com\\\/sala-prensa\\\/actualidad\\\/panama\\\/copa-airlines-inicia-nueva-ruta-internacional-en-diciembre\\\/\"},\"author\":{\"name\":\"Dafne Franco\",\"@id\":\"https:\\\/\\\/www.visitcentroamerica.com\\\/sala-prensa\\\/#\\\/schema\\\/person\\\/59be6d1215b91f3615c1bd403f512f60\"},\"headline\":\"Copa Airlines inicia nueva ruta internacional en Diciembre\",\"datePublished\":\"2025-07-24T20:45:50+00:00\",\"mainEntityOfPage\":{\"@id\":\"https:\\\/\\\/www.visitcentroamerica.com\\\/sala-prensa\\\/actualidad\\\/panama\\\/copa-airlines-inicia-nueva-ruta-internacional-en-diciembre\\\/\"},\"wordCount\":232,\"commentCount\":0,\"image\":{\"@id\":\"https:\\\/\\\/www.visitcentroamerica.com\\\/sala-prensa\\\/actualidad\\\/panama\\\/copa-airlines-inicia-nueva-ruta-internacional-en-diciembre\\\/#primaryimage\"},\"thumbnailUrl\":\"https:\\\/\\\/www.visitcentroamerica.com\\\/sala-prensa\\\/wp-content\\\/uploads\\\/2025\\\/07\\\/copa1-1-e1752496675294-1.jpg\",\"articleSection\":[\"Panam\u00e1\"],\"inLanguage\":\"es\",\"potentialAction\":[{\"@type\":\"CommentAction\",\"name\":\"Comment\",\"target\":[\"https:\\\/\\\/www.visitcentroamerica.com\\\/sala-prensa\\\/actualidad\\\/panama\\\/copa-airlines-inicia-nueva-ruta-internacional-en-diciembre\\\/#respond\"]}]},{\"@type\":\"WebPage\",\"@id\":\"https:\\\/\\\/www.visitcentroamerica.com\\\/sala-prensa\\\/actualidad\\\/panama\\\/copa-airlines-inicia-nueva-ruta-internacional-en-diciembre\\\/\",\"url\":\"https:\\\/\\\/www.visitcentroamerica.com\\\/sala-prensa\\\/actualidad\\\/panama\\\/copa-airlines-inicia-nueva-ruta-internacional-en-diciembre\\\/\",\"name\":\"Copa Airlines inicia nueva ruta internacional en Diciembre - Sala de prensa\",\"isPartOf\":{\"@id\":\"https:\\\/\\\/www.visitcentroamerica.com\\\/sala-prensa\\\/#website\"},\"primaryImageOfPage\":{\"@id\":\"https:\\\/\\\/www.visitcentroamerica.com\\\/sala-prensa\\\/actualidad\\\/panama\\\/copa-airlines-inicia-nueva-ruta-internacional-en-diciembre\\\/#primaryimage\"},\"image\":{\"@id\":\"https:\\\/\\\/www.visitcentroamerica.com\\\/sala-prensa\\\/actualidad\\\/panama\\\/copa-airlines-inicia-nueva-ruta-internacional-en-diciembre\\\/#primaryimage\"},\"thumbnailUrl\":\"https:\\\/\\\/www.visitcentroamerica.com\\\/sala-prensa\\\/wp-content\\\/uploads\\\/2025\\\/07\\\/copa1-1-e1752496675294-1.jpg\",\"datePublished\":\"2025-07-24T20:45:50+00:00\",\"author\":{\"@id\":\"https:\\\/\\\/www.visitcentroamerica.com\\\/sala-prensa\\\/#\\\/schema\\\/person\\\/59be6d1215b91f3615c1bd403f512f60\"},\"breadcrumb\":{\"@id\":\"https:\\\/\\\/www.visitcentroamerica.com\\\/sala-prensa\\\/actualidad\\\/panama\\\/copa-airlines-inicia-nueva-ruta-internacional-en-diciembre\\\/#breadcrumb\"},\"inLanguage\":\"es\",\"potentialAction\":[{\"@type\":\"ReadAction\",\"target\":[\"https:\\\/\\\/www.visitcentroamerica.com\\\/sala-prensa\\\/actualidad\\\/panama\\\/copa-airlines-inicia-nueva-ruta-internacional-en-diciembre\\\/\"]}]},{\"@type\":\"ImageObject\",\"inLanguage\":\"es\",\"@id\":\"https:\\\/\\\/www.visitcentroamerica.com\\\/sala-prensa\\\/actualidad\\\/panama\\\/copa-airlines-inicia-nueva-ruta-internacional-en-diciembre\\\/#primaryimage\",\"url\":\"https:\\\/\\\/www.visitcentroamerica.com\\\/sala-prensa\\\/wp-content\\\/uploads\\\/2025\\\/07\\\/copa1-1-e1752496675294-1.jpg\",\"contentUrl\":\"https:\\\/\\\/www.visitcentroamerica.com\\\/sala-prensa\\\/wp-content\\\/uploads\\\/2025\\\/07\\\/copa1-1-e1752496675294-1.jpg\",\"width\":800,\"height\":550},{\"@type\":\"BreadcrumbList\",\"@id\":\"https:\\\/\\\/www.visitcentroamerica.com\\\/sala-prensa\\\/actualidad\\\/panama\\\/copa-airlines-inicia-nueva-ruta-internacional-en-diciembre\\\/#breadcrumb\",\"itemListElement\":[{\"@type\":\"ListItem\",\"position\":1,\"name\":\"Portada\",\"item\":\"https:\\\/\\\/www.visitcentroamerica.com\\\/sala-prensa\\\/\"},{\"@type\":\"ListItem\",\"position\":2,\"name\":\"Copa Airlines inicia nueva ruta internacional en Diciembre\"}]},{\"@type\":\"WebSite\",\"@id\":\"https:\\\/\\\/www.visitcentroamerica.com\\\/sala-prensa\\\/#website\",\"url\":\"https:\\\/\\\/www.visitcentroamerica.com\\\/sala-prensa\\\/\",\"name\":\"Sala de prensa\",\"description\":\"\",\"potentialAction\":[{\"@type\":\"SearchAction\",\"target\":{\"@type\":\"EntryPoint\",\"urlTemplate\":\"https:\\\/\\\/www.visitcentroamerica.com\\\/sala-prensa\\\/?s={search_term_string}\"},\"query-input\":{\"@type\":\"PropertyValueSpecification\",\"valueRequired\":true,\"valueName\":\"search_term_string\"}}],\"inLanguage\":\"es\"},{\"@type\":\"Person\",\"@id\":\"https:\\\/\\\/www.visitcentroamerica.com\\\/sala-prensa\\\/#\\\/schema\\\/person\\\/59be6d1215b91f3615c1bd403f512f60\",\"name\":\"Dafne Franco\",\"image\":{\"@type\":\"ImageObject\",\"inLanguage\":\"es\",\"@id\":\"https:\\\/\\\/secure.gravatar.com\\\/avatar\\\/9d1ca1e4cce23c82e292f528a3ad52052d3fa1e03aabdb0af820d1980e40a8b2?s=96&d=mm&r=g\",\"url\":\"https:\\\/\\\/secure.gravatar.com\\\/avatar\\\/9d1ca1e4cce23c82e292f528a3ad52052d3fa1e03aabdb0af820d1980e40a8b2?s=96&d=mm&r=g\",\"contentUrl\":\"https:\\\/\\\/secure.gravatar.com\\\/avatar\\\/9d1ca1e4cce23c82e292f528a3ad52052d3fa1e03aabdb0af820d1980e40a8b2?s=96&d=mm&r=g\",\"caption\":\"Dafne Franco\"},\"url\":\"https:\\\/\\\/www.visitcentroamerica.com\\\/sala-prensa\\\/author\\\/dafne\\\/\"}]}<\/script>\n<!-- \/ Yoast SEO plugin. -->","yoast_head_json":{"title":"Copa Airlines inicia nueva ruta internacional en Diciembre - Sala de prensa","robots":{"index":"index","follow":"follow","max-snippet":"max-snippet:-1","max-image-preview":"max-image-preview:large","max-video-preview":"max-video-preview:-1"},"canonical":"https:\/\/www.visitcentroamerica.com\/sala-prensa\/actualidad\/panama\/copa-airlines-inicia-nueva-ruta-internacional-en-diciembre\/","og_locale":"es_ES","og_type":"article","og_title":"Copa Airlines inicia nueva ruta internacional en Diciembre - Sala de prensa","og_description":"Copa Airlines inicia nueva ruta internacional en Diciembre.Copa Airlines\u00a0anunci\u00f3 la apertura de una nueva ruta internacional que conectar\u00e1 la Ciudad de Panam\u00e1 con Los Cabos, M\u00e9xico, a partir del 4 de diciembre de 2025. La nueva conexi\u00f3n operar\u00e1 tres veces por semana y ser\u00e1 atendida con aviones Boeing 737-800, reforzando as\u00ed la presencia de la [&hellip;]","og_url":"https:\/\/www.visitcentroamerica.com\/sala-prensa\/actualidad\/panama\/copa-airlines-inicia-nueva-ruta-internacional-en-diciembre\/","og_site_name":"Sala de prensa","article_published_time":"2025-07-24T20:45:50+00:00","og_image":[{"width":800,"height":550,"url":"https:\/\/www.visitcentroamerica.com\/sala-prensa\/wp-content\/uploads\/2025\/07\/copa1-1-e1752496675294-1.jpg","type":"image\/jpeg"}],"author":"Dafne Franco","twitter_card":"summary_large_image","twitter_misc":{"Escrito por":"Dafne Franco","Tiempo de lectura":"2 minutos"},"schema":{"@context":"https:\/\/schema.org","@graph":[{"@type":"Article","@id":"https:\/\/www.visitcentroamerica.com\/sala-prensa\/actualidad\/panama\/copa-airlines-inicia-nueva-ruta-internacional-en-diciembre\/#article","isPartOf":{"@id":"https:\/\/www.visitcentroamerica.com\/sala-prensa\/actualidad\/panama\/copa-airlines-inicia-nueva-ruta-internacional-en-diciembre\/"},"author":{"name":"Dafne Franco","@id":"https:\/\/www.visitcentroamerica.com\/sala-prensa\/#\/schema\/person\/59be6d1215b91f3615c1bd403f512f60"},"headline":"Copa Airlines inicia nueva ruta internacional en Diciembre","datePublished":"2025-07-24T20:45:50+00:00","mainEntityOfPage":{"@id":"https:\/\/www.visitcentroamerica.com\/sala-prensa\/actualidad\/panama\/copa-airlines-inicia-nueva-ruta-internacional-en-diciembre\/"},"wordCount":232,"commentCount":0,"image":{"@id":"https:\/\/www.visitcentroamerica.com\/sala-prensa\/actualidad\/panama\/copa-airlines-inicia-nueva-ruta-internacional-en-diciembre\/#primaryimage"},"thumbnailUrl":"https:\/\/www.visitcentroamerica.com\/sala-prensa\/wp-content\/uploads\/2025\/07\/copa1-1-e1752496675294-1.jpg","articleSection":["Panam\u00e1"],"inLanguage":"es","potentialAction":[{"@type":"CommentAction","name":"Comment","target":["https:\/\/www.visitcentroamerica.com\/sala-prensa\/actualidad\/panama\/copa-airlines-inicia-nueva-ruta-internacional-en-diciembre\/#respond"]}]},{"@type":"WebPage","@id":"https:\/\/www.visitcentroamerica.com\/sala-prensa\/actualidad\/panama\/copa-airlines-inicia-nueva-ruta-internacional-en-diciembre\/","url":"https:\/\/www.visitcentroamerica.com\/sala-prensa\/actualidad\/panama\/copa-airlines-inicia-nueva-ruta-internacional-en-diciembre\/","name":"Copa Airlines inicia nueva ruta internacional en Diciembre - Sala de prensa","isPartOf":{"@id":"https:\/\/www.visitcentroamerica.com\/sala-prensa\/#website"},"primaryImageOfPage":{"@id":"https:\/\/www.visitcentroamerica.com\/sala-prensa\/actualidad\/panama\/copa-airlines-inicia-nueva-ruta-internacional-en-diciembre\/#primaryimage"},"image":{"@id":"https:\/\/www.visitcentroamerica.com\/sala-prensa\/actualidad\/panama\/copa-airlines-inicia-nueva-ruta-internacional-en-diciembre\/#primaryimage"},"thumbnailUrl":"https:\/\/www.visitcentroamerica.com\/sala-prensa\/wp-content\/uploads\/2025\/07\/copa1-1-e1752496675294-1.jpg","datePublished":"2025-07-24T20:45:50+00:00","author":{"@id":"https:\/\/www.visitcentroamerica.com\/sala-prensa\/#\/schema\/person\/59be6d1215b91f3615c1bd403f512f60"},"breadcrumb":{"@id":"https:\/\/www.visitcentroamerica.com\/sala-prensa\/actualidad\/panama\/copa-airlines-inicia-nueva-ruta-internacional-en-diciembre\/#breadcrumb"},"inLanguage":"es","potentialAction":[{"@type":"ReadAction","target":["https:\/\/www.visitcentroamerica.com\/sala-prensa\/actualidad\/panama\/copa-airlines-inicia-nueva-ruta-internacional-en-diciembre\/"]}]},{"@type":"ImageObject","inLanguage":"es","@id":"https:\/\/www.visitcentroamerica.com\/sala-prensa\/actualidad\/panama\/copa-airlines-inicia-nueva-ruta-internacional-en-diciembre\/#primaryimage","url":"https:\/\/www.visitcentroamerica.com\/sala-prensa\/wp-content\/uploads\/2025\/07\/copa1-1-e1752496675294-1.jpg","contentUrl":"https:\/\/www.visitcentroamerica.com\/sala-prensa\/wp-content\/uploads\/2025\/07\/copa1-1-e1752496675294-1.jpg","width":800,"height":550},{"@type":"BreadcrumbList","@id":"https:\/\/www.visitcentroamerica.com\/sala-prensa\/actualidad\/panama\/copa-airlines-inicia-nueva-ruta-internacional-en-diciembre\/#breadcrumb","itemListElement":[{"@type":"ListItem","position":1,"name":"Portada","item":"https:\/\/www.visitcentroamerica.com\/sala-prensa\/"},{"@type":"ListItem","position":2,"name":"Copa Airlines inicia nueva ruta internacional en Diciembre"}]},{"@type":"WebSite","@id":"https:\/\/www.visitcentroamerica.com\/sala-prensa\/#website","url":"https:\/\/www.visitcentroamerica.com\/sala-prensa\/","name":"Sala de prensa","description":"","potentialAction":[{"@type":"SearchAction","target":{"@type":"EntryPoint","urlTemplate":"https:\/\/www.visitcentroamerica.com\/sala-prensa\/?s={search_term_string}"},"query-input":{"@type":"PropertyValueSpecification","valueRequired":true,"valueName":"search_term_string"}}],"inLanguage":"es"},{"@type":"Person","@id":"https:\/\/www.visitcentroamerica.com\/sala-prensa\/#\/schema\/person\/59be6d1215b91f3615c1bd403f512f60","name":"Dafne Franco","image":{"@type":"ImageObject","inLanguage":"es","@id":"https:\/\/secure.gravatar.com\/avatar\/9d1ca1e4cce23c82e292f528a3ad52052d3fa1e03aabdb0af820d1980e40a8b2?s=96&d=mm&r=g","url":"https:\/\/secure.gravatar.com\/avatar\/9d1ca1e4cce23c82e292f528a3ad52052d3fa1e03aabdb0af820d1980e40a8b2?s=96&d=mm&r=g","contentUrl":"https:\/\/secure.gravatar.com\/avatar\/9d1ca1e4cce23c82e292f528a3ad52052d3fa1e03aabdb0af820d1980e40a8b2?s=96&d=mm&r=g","caption":"Dafne Franco"},"url":"https:\/\/www.visitcentroamerica.com\/sala-prensa\/author\/dafne\/"}]}},"_links":{"self":[{"href":"https:\/\/www.visitcentroamerica.com\/sala-prensa\/wp-json\/wp\/v2\/posts\/16649","targetHints":{"allow":["GET"]}}],"collection":[{"href":"https:\/\/www.visitcentroamerica.com\/sala-prensa\/wp-json\/wp\/v2\/posts"}],"about":[{"href":"https:\/\/www.visitcentroamerica.com\/sala-prensa\/wp-json\/wp\/v2\/types\/post"}],"author":[{"embeddable":true,"href":"https:\/\/www.visitcentroamerica.com\/sala-prensa\/wp-json\/wp\/v2\/users\/6"}],"replies":[{"embeddable":true,"href":"https:\/\/www.visitcentroamerica.com\/sala-prensa\/wp-json\/wp\/v2\/comments?post=16649"}],"version-history":[{"count":1,"href":"https:\/\/www.visitcentroamerica.com\/sala-prensa\/wp-json\/wp\/v2\/posts\/16649\/revisions"}],"predecessor-version":[{"id":16652,"href":"https:\/\/www.visitcentroamerica.com\/sala-prensa\/wp-json\/wp\/v2\/posts\/16649\/revisions\/16652"}],"wp:featuredmedia":[{"embeddable":true,"href":"https:\/\/www.visitcentroamerica.com\/sala-prensa\/wp-json\/wp\/v2\/media\/16650"}],"wp:attachment":[{"href":"https:\/\/www.visitcentroamerica.com\/sala-prensa\/wp-json\/wp\/v2\/media?parent=16649"}],"wp:term":[{"taxonomy":"category","embeddable":true,"href":"https:\/\/www.visitcentroamerica.com\/sala-prensa\/wp-json\/wp\/v2\/categories?post=16649"},{"taxonomy":"post_tag","embeddable":true,"href":"https:\/\/www.visitcentroamerica.com\/sala-prensa\/wp-json\/wp\/v2\/tags?post=16649"}],"curies":[{"name":"wp","href":"https:\/\/api.w.org\/{rel}","templated":true}]}}