{"id":16640,"date":"2025-07-24T19:48:22","date_gmt":"2025-07-24T17:48:22","guid":{"rendered":"https:\/\/www.visitcentroamerica.com\/sala-prensa\/?p=16640"},"modified":"2025-07-24T19:54:07","modified_gmt":"2025-07-24T17:54:07","slug":"faranda-hotels-resorts-celebra-primera-edicion-de-expo-congresos-en-panama","status":"publish","type":"post","link":"https:\/\/www.visitcentroamerica.com\/sala-prensa\/actualidad\/panama\/faranda-hotels-resorts-celebra-primera-edicion-de-expo-congresos-en-panama\/","title":{"rendered":"Faranda Hotels &#038; Resorts celebra primera edici\u00f3n de Expo Congresos en Panam\u00e1"},"content":{"rendered":"<p><img loading=\"lazy\" decoding=\"async\" class=\"alignnone wp-image-16641 size-full\" src=\"https:\/\/www.visitcentroamerica.com\/sala-prensa\/wp-content\/uploads\/2025\/07\/WhatsApp-Image-2025-07-13-at-5.11.38-PM.jpeg\" alt=\"\" width=\"719\" height=\"466\" srcset=\"https:\/\/www.visitcentroamerica.com\/sala-prensa\/wp-content\/uploads\/2025\/07\/WhatsApp-Image-2025-07-13-at-5.11.38-PM.jpeg 719w, https:\/\/www.visitcentroamerica.com\/sala-prensa\/wp-content\/uploads\/2025\/07\/WhatsApp-Image-2025-07-13-at-5.11.38-PM-300x194.jpeg 300w, https:\/\/www.visitcentroamerica.com\/sala-prensa\/wp-content\/uploads\/2025\/07\/WhatsApp-Image-2025-07-13-at-5.11.38-PM-648x420.jpeg 648w, https:\/\/www.visitcentroamerica.com\/sala-prensa\/wp-content\/uploads\/2025\/07\/WhatsApp-Image-2025-07-13-at-5.11.38-PM-696x451.jpeg 696w, https:\/\/www.visitcentroamerica.com\/sala-prensa\/wp-content\/uploads\/2025\/07\/WhatsApp-Image-2025-07-13-at-5.11.38-PM-500x324.jpeg 500w\" sizes=\"auto, (max-width: 719px) 100vw, 719px\" \/><\/p>\n<p>Faranda Hotels &amp; Resorts agradece profundamente a todos los proveedores, aliados estrat\u00e9gicos, invitados especiales y visitantes que hicieron posible el \u00e9xito rotundo de la primera edici\u00f3n de Faranda ExpoCongresos, celebrada el d\u00eda 10 de julio de 2025 en el Centro de Convenciones Vasco N\u00fa\u00f1ez de Balboa, en el ic\u00f3nico Hotel El Panam\u00e1 by Faranda Grand member of Radisson Individuals.<\/p>\n<p>Este evento marc\u00f3 un hito en la industria de reuniones, eventos y banquetes en<br \/>\nPanam\u00e1, al reunir en un solo lugar a los principales actores del sector MICE (Meetings,<br \/>\nIncentives, Conferences and Exhibitions), as\u00ed como a marcas l\u00edderes en tecnolog\u00eda,<br \/>\ncatering, decoraci\u00f3n, producci\u00f3n, planificaci\u00f3n y servicios integrales para eventos.<\/p>\n<p>Faranda ExpoCongresos fue concebido como un espacio de conexi\u00f3n, inspiraci\u00f3n y<br \/>\nnegocio, y en esta primera edici\u00f3n logr\u00f3 consolidarse como una plataforma \u00fanica<br \/>\npara el networking y el descubrimiento de tendencias.<\/p>\n<p>\u201cNos sentimos muy agradecidos por la respuesta positiva del p\u00fablico y la participaci\u00f3n<br \/>\nde cada expositor. Esta primera edici\u00f3n ha superado nuestras expectativas y confirma que existe una comunidad vibrante de profesionales deseosos de innovar y crecer en el mundo de los eventos\u201d, coment\u00f3 el equipo organizador de Faranda Hotels &amp; Resorts.<\/p>\n<p>La jornada se extendi\u00f3 desde las 10:00 a.m. hasta las 8:00 p.m., con experiencias<br \/>\npersonalizadas, asesor\u00edas, demostraciones en vivo y espacios para generar alianzas<br \/>\nestrat\u00e9gicas.<\/p>\n<p>Faranda Hotels &amp; Resort, reafirma su compromiso con el desarrollo del sector<br \/>\nhotelero y de eventos en Panam\u00e1, y proyecta mantener ExpoCongresos como una<br \/>\ncita anual para profesionales y empresas que buscan hacer de sus eventos una<br \/>\nexperiencia memorable.<\/p>\n","protected":false},"excerpt":{"rendered":"<p>Faranda Hotels &amp; Resorts agradece profundamente a todos los proveedores, aliados estrat\u00e9gicos, invitados especiales y visitantes que hicieron posible el \u00e9xito rotundo de la primera edici\u00f3n de Faranda ExpoCongresos, celebrada el d\u00eda 10 de julio de 2025 en el Centro de Convenciones Vasco N\u00fa\u00f1ez de Balboa, en el ic\u00f3nico Hotel El Panam\u00e1 by Faranda Grand [&hellip;]<\/p>\n","protected":false},"author":6,"featured_media":16641,"comment_status":"open","ping_status":"closed","sticky":false,"template":"","format":"standard","meta":{"footnotes":""},"categories":[7],"tags":[],"class_list":{"0":"post-16640","1":"post","2":"type-post","3":"status-publish","4":"format-standard","5":"has-post-thumbnail","7":"category-panama"},"yoast_head":"<!-- This site is optimized with the Yoast SEO plugin v27.3 - https:\/\/yoast.com\/product\/yoast-seo-wordpress\/ -->\n<title>Faranda Hotels &amp; Resorts celebra primera edici\u00f3n de Expo Congresos en Panam\u00e1 - Sala de prensa<\/title>\n<meta name=\"robots\" content=\"index, follow, max-snippet:-1, max-image-preview:large, max-video-preview:-1\" \/>\n<link rel=\"canonical\" href=\"https:\/\/www.visitcentroamerica.com\/sala-prensa\/actualidad\/panama\/faranda-hotels-resorts-celebra-primera-edicion-de-expo-congresos-en-panama\/\" \/>\n<meta property=\"og:locale\" content=\"es_ES\" \/>\n<meta property=\"og:type\" content=\"article\" \/>\n<meta property=\"og:title\" content=\"Faranda Hotels &amp; Resorts celebra primera edici\u00f3n de Expo Congresos en Panam\u00e1 - Sala de prensa\" \/>\n<meta property=\"og:description\" content=\"Faranda Hotels &amp; Resorts agradece profundamente a todos los proveedores, aliados estrat\u00e9gicos, invitados especiales y visitantes que hicieron posible el \u00e9xito rotundo de la primera edici\u00f3n de Faranda ExpoCongresos, celebrada el d\u00eda 10 de julio de 2025 en el Centro de Convenciones Vasco N\u00fa\u00f1ez de Balboa, en el ic\u00f3nico Hotel El Panam\u00e1 by Faranda Grand [&hellip;]\" \/>\n<meta property=\"og:url\" content=\"https:\/\/www.visitcentroamerica.com\/sala-prensa\/actualidad\/panama\/faranda-hotels-resorts-celebra-primera-edicion-de-expo-congresos-en-panama\/\" \/>\n<meta property=\"og:site_name\" content=\"Sala de prensa\" \/>\n<meta property=\"article:published_time\" content=\"2025-07-24T17:48:22+00:00\" \/>\n<meta property=\"article:modified_time\" content=\"2025-07-24T17:54:07+00:00\" \/>\n<meta property=\"og:image\" content=\"https:\/\/www.visitcentroamerica.com\/sala-prensa\/wp-content\/uploads\/2025\/07\/WhatsApp-Image-2025-07-13-at-5.11.38-PM.jpeg\" \/>\n\t<meta property=\"og:image:width\" content=\"719\" \/>\n\t<meta property=\"og:image:height\" content=\"466\" \/>\n\t<meta property=\"og:image:type\" content=\"image\/jpeg\" \/>\n<meta name=\"author\" content=\"Dafne Franco\" \/>\n<meta name=\"twitter:card\" content=\"summary_large_image\" \/>\n<meta name=\"twitter:label1\" content=\"Escrito por\" \/>\n\t<meta name=\"twitter:data1\" content=\"Dafne Franco\" \/>\n\t<meta name=\"twitter:label2\" content=\"Tiempo de lectura\" \/>\n\t<meta name=\"twitter:data2\" content=\"2 minutos\" \/>\n<script type=\"application\/ld+json\" class=\"yoast-schema-graph\">{\"@context\":\"https:\\\/\\\/schema.org\",\"@graph\":[{\"@type\":\"Article\",\"@id\":\"https:\\\/\\\/www.visitcentroamerica.com\\\/sala-prensa\\\/actualidad\\\/panama\\\/faranda-hotels-resorts-celebra-primera-edicion-de-expo-congresos-en-panama\\\/#article\",\"isPartOf\":{\"@id\":\"https:\\\/\\\/www.visitcentroamerica.com\\\/sala-prensa\\\/actualidad\\\/panama\\\/faranda-hotels-resorts-celebra-primera-edicion-de-expo-congresos-en-panama\\\/\"},\"author\":{\"name\":\"Dafne Franco\",\"@id\":\"https:\\\/\\\/www.visitcentroamerica.com\\\/sala-prensa\\\/#\\\/schema\\\/person\\\/59be6d1215b91f3615c1bd403f512f60\"},\"headline\":\"Faranda Hotels &#038; Resorts celebra primera edici\u00f3n de Expo Congresos en Panam\u00e1\",\"datePublished\":\"2025-07-24T17:48:22+00:00\",\"dateModified\":\"2025-07-24T17:54:07+00:00\",\"mainEntityOfPage\":{\"@id\":\"https:\\\/\\\/www.visitcentroamerica.com\\\/sala-prensa\\\/actualidad\\\/panama\\\/faranda-hotels-resorts-celebra-primera-edicion-de-expo-congresos-en-panama\\\/\"},\"wordCount\":283,\"commentCount\":0,\"image\":{\"@id\":\"https:\\\/\\\/www.visitcentroamerica.com\\\/sala-prensa\\\/actualidad\\\/panama\\\/faranda-hotels-resorts-celebra-primera-edicion-de-expo-congresos-en-panama\\\/#primaryimage\"},\"thumbnailUrl\":\"https:\\\/\\\/www.visitcentroamerica.com\\\/sala-prensa\\\/wp-content\\\/uploads\\\/2025\\\/07\\\/WhatsApp-Image-2025-07-13-at-5.11.38-PM.jpeg\",\"articleSection\":[\"Panam\u00e1\"],\"inLanguage\":\"es\",\"potentialAction\":[{\"@type\":\"CommentAction\",\"name\":\"Comment\",\"target\":[\"https:\\\/\\\/www.visitcentroamerica.com\\\/sala-prensa\\\/actualidad\\\/panama\\\/faranda-hotels-resorts-celebra-primera-edicion-de-expo-congresos-en-panama\\\/#respond\"]}]},{\"@type\":\"WebPage\",\"@id\":\"https:\\\/\\\/www.visitcentroamerica.com\\\/sala-prensa\\\/actualidad\\\/panama\\\/faranda-hotels-resorts-celebra-primera-edicion-de-expo-congresos-en-panama\\\/\",\"url\":\"https:\\\/\\\/www.visitcentroamerica.com\\\/sala-prensa\\\/actualidad\\\/panama\\\/faranda-hotels-resorts-celebra-primera-edicion-de-expo-congresos-en-panama\\\/\",\"name\":\"Faranda Hotels & Resorts celebra primera edici\u00f3n de Expo Congresos en Panam\u00e1 - Sala de prensa\",\"isPartOf\":{\"@id\":\"https:\\\/\\\/www.visitcentroamerica.com\\\/sala-prensa\\\/#website\"},\"primaryImageOfPage\":{\"@id\":\"https:\\\/\\\/www.visitcentroamerica.com\\\/sala-prensa\\\/actualidad\\\/panama\\\/faranda-hotels-resorts-celebra-primera-edicion-de-expo-congresos-en-panama\\\/#primaryimage\"},\"image\":{\"@id\":\"https:\\\/\\\/www.visitcentroamerica.com\\\/sala-prensa\\\/actualidad\\\/panama\\\/faranda-hotels-resorts-celebra-primera-edicion-de-expo-congresos-en-panama\\\/#primaryimage\"},\"thumbnailUrl\":\"https:\\\/\\\/www.visitcentroamerica.com\\\/sala-prensa\\\/wp-content\\\/uploads\\\/2025\\\/07\\\/WhatsApp-Image-2025-07-13-at-5.11.38-PM.jpeg\",\"datePublished\":\"2025-07-24T17:48:22+00:00\",\"dateModified\":\"2025-07-24T17:54:07+00:00\",\"author\":{\"@id\":\"https:\\\/\\\/www.visitcentroamerica.com\\\/sala-prensa\\\/#\\\/schema\\\/person\\\/59be6d1215b91f3615c1bd403f512f60\"},\"breadcrumb\":{\"@id\":\"https:\\\/\\\/www.visitcentroamerica.com\\\/sala-prensa\\\/actualidad\\\/panama\\\/faranda-hotels-resorts-celebra-primera-edicion-de-expo-congresos-en-panama\\\/#breadcrumb\"},\"inLanguage\":\"es\",\"potentialAction\":[{\"@type\":\"ReadAction\",\"target\":[\"https:\\\/\\\/www.visitcentroamerica.com\\\/sala-prensa\\\/actualidad\\\/panama\\\/faranda-hotels-resorts-celebra-primera-edicion-de-expo-congresos-en-panama\\\/\"]}]},{\"@type\":\"ImageObject\",\"inLanguage\":\"es\",\"@id\":\"https:\\\/\\\/www.visitcentroamerica.com\\\/sala-prensa\\\/actualidad\\\/panama\\\/faranda-hotels-resorts-celebra-primera-edicion-de-expo-congresos-en-panama\\\/#primaryimage\",\"url\":\"https:\\\/\\\/www.visitcentroamerica.com\\\/sala-prensa\\\/wp-content\\\/uploads\\\/2025\\\/07\\\/WhatsApp-Image-2025-07-13-at-5.11.38-PM.jpeg\",\"contentUrl\":\"https:\\\/\\\/www.visitcentroamerica.com\\\/sala-prensa\\\/wp-content\\\/uploads\\\/2025\\\/07\\\/WhatsApp-Image-2025-07-13-at-5.11.38-PM.jpeg\",\"width\":719,\"height\":466},{\"@type\":\"BreadcrumbList\",\"@id\":\"https:\\\/\\\/www.visitcentroamerica.com\\\/sala-prensa\\\/actualidad\\\/panama\\\/faranda-hotels-resorts-celebra-primera-edicion-de-expo-congresos-en-panama\\\/#breadcrumb\",\"itemListElement\":[{\"@type\":\"ListItem\",\"position\":1,\"name\":\"Portada\",\"item\":\"https:\\\/\\\/www.visitcentroamerica.com\\\/sala-prensa\\\/\"},{\"@type\":\"ListItem\",\"position\":2,\"name\":\"Faranda Hotels &#038; Resorts celebra primera edici\u00f3n de Expo Congresos en Panam\u00e1\"}]},{\"@type\":\"WebSite\",\"@id\":\"https:\\\/\\\/www.visitcentroamerica.com\\\/sala-prensa\\\/#website\",\"url\":\"https:\\\/\\\/www.visitcentroamerica.com\\\/sala-prensa\\\/\",\"name\":\"Sala de prensa\",\"description\":\"\",\"potentialAction\":[{\"@type\":\"SearchAction\",\"target\":{\"@type\":\"EntryPoint\",\"urlTemplate\":\"https:\\\/\\\/www.visitcentroamerica.com\\\/sala-prensa\\\/?s={search_term_string}\"},\"query-input\":{\"@type\":\"PropertyValueSpecification\",\"valueRequired\":true,\"valueName\":\"search_term_string\"}}],\"inLanguage\":\"es\"},{\"@type\":\"Person\",\"@id\":\"https:\\\/\\\/www.visitcentroamerica.com\\\/sala-prensa\\\/#\\\/schema\\\/person\\\/59be6d1215b91f3615c1bd403f512f60\",\"name\":\"Dafne Franco\",\"image\":{\"@type\":\"ImageObject\",\"inLanguage\":\"es\",\"@id\":\"https:\\\/\\\/secure.gravatar.com\\\/avatar\\\/9d1ca1e4cce23c82e292f528a3ad52052d3fa1e03aabdb0af820d1980e40a8b2?s=96&d=mm&r=g\",\"url\":\"https:\\\/\\\/secure.gravatar.com\\\/avatar\\\/9d1ca1e4cce23c82e292f528a3ad52052d3fa1e03aabdb0af820d1980e40a8b2?s=96&d=mm&r=g\",\"contentUrl\":\"https:\\\/\\\/secure.gravatar.com\\\/avatar\\\/9d1ca1e4cce23c82e292f528a3ad52052d3fa1e03aabdb0af820d1980e40a8b2?s=96&d=mm&r=g\",\"caption\":\"Dafne Franco\"},\"url\":\"https:\\\/\\\/www.visitcentroamerica.com\\\/sala-prensa\\\/author\\\/dafne\\\/\"}]}<\/script>\n<!-- \/ Yoast SEO plugin. -->","yoast_head_json":{"title":"Faranda Hotels & Resorts celebra primera edici\u00f3n de Expo Congresos en Panam\u00e1 - Sala de prensa","robots":{"index":"index","follow":"follow","max-snippet":"max-snippet:-1","max-image-preview":"max-image-preview:large","max-video-preview":"max-video-preview:-1"},"canonical":"https:\/\/www.visitcentroamerica.com\/sala-prensa\/actualidad\/panama\/faranda-hotels-resorts-celebra-primera-edicion-de-expo-congresos-en-panama\/","og_locale":"es_ES","og_type":"article","og_title":"Faranda Hotels & Resorts celebra primera edici\u00f3n de Expo Congresos en Panam\u00e1 - Sala de prensa","og_description":"Faranda Hotels &amp; Resorts agradece profundamente a todos los proveedores, aliados estrat\u00e9gicos, invitados especiales y visitantes que hicieron posible el \u00e9xito rotundo de la primera edici\u00f3n de Faranda ExpoCongresos, celebrada el d\u00eda 10 de julio de 2025 en el Centro de Convenciones Vasco N\u00fa\u00f1ez de Balboa, en el ic\u00f3nico Hotel El Panam\u00e1 by Faranda Grand [&hellip;]","og_url":"https:\/\/www.visitcentroamerica.com\/sala-prensa\/actualidad\/panama\/faranda-hotels-resorts-celebra-primera-edicion-de-expo-congresos-en-panama\/","og_site_name":"Sala de prensa","article_published_time":"2025-07-24T17:48:22+00:00","article_modified_time":"2025-07-24T17:54:07+00:00","og_image":[{"width":719,"height":466,"url":"https:\/\/www.visitcentroamerica.com\/sala-prensa\/wp-content\/uploads\/2025\/07\/WhatsApp-Image-2025-07-13-at-5.11.38-PM.jpeg","type":"image\/jpeg"}],"author":"Dafne Franco","twitter_card":"summary_large_image","twitter_misc":{"Escrito por":"Dafne Franco","Tiempo de lectura":"2 minutos"},"schema":{"@context":"https:\/\/schema.org","@graph":[{"@type":"Article","@id":"https:\/\/www.visitcentroamerica.com\/sala-prensa\/actualidad\/panama\/faranda-hotels-resorts-celebra-primera-edicion-de-expo-congresos-en-panama\/#article","isPartOf":{"@id":"https:\/\/www.visitcentroamerica.com\/sala-prensa\/actualidad\/panama\/faranda-hotels-resorts-celebra-primera-edicion-de-expo-congresos-en-panama\/"},"author":{"name":"Dafne Franco","@id":"https:\/\/www.visitcentroamerica.com\/sala-prensa\/#\/schema\/person\/59be6d1215b91f3615c1bd403f512f60"},"headline":"Faranda Hotels &#038; Resorts celebra primera edici\u00f3n de Expo Congresos en Panam\u00e1","datePublished":"2025-07-24T17:48:22+00:00","dateModified":"2025-07-24T17:54:07+00:00","mainEntityOfPage":{"@id":"https:\/\/www.visitcentroamerica.com\/sala-prensa\/actualidad\/panama\/faranda-hotels-resorts-celebra-primera-edicion-de-expo-congresos-en-panama\/"},"wordCount":283,"commentCount":0,"image":{"@id":"https:\/\/www.visitcentroamerica.com\/sala-prensa\/actualidad\/panama\/faranda-hotels-resorts-celebra-primera-edicion-de-expo-congresos-en-panama\/#primaryimage"},"thumbnailUrl":"https:\/\/www.visitcentroamerica.com\/sala-prensa\/wp-content\/uploads\/2025\/07\/WhatsApp-Image-2025-07-13-at-5.11.38-PM.jpeg","articleSection":["Panam\u00e1"],"inLanguage":"es","potentialAction":[{"@type":"CommentAction","name":"Comment","target":["https:\/\/www.visitcentroamerica.com\/sala-prensa\/actualidad\/panama\/faranda-hotels-resorts-celebra-primera-edicion-de-expo-congresos-en-panama\/#respond"]}]},{"@type":"WebPage","@id":"https:\/\/www.visitcentroamerica.com\/sala-prensa\/actualidad\/panama\/faranda-hotels-resorts-celebra-primera-edicion-de-expo-congresos-en-panama\/","url":"https:\/\/www.visitcentroamerica.com\/sala-prensa\/actualidad\/panama\/faranda-hotels-resorts-celebra-primera-edicion-de-expo-congresos-en-panama\/","name":"Faranda Hotels & Resorts celebra primera edici\u00f3n de Expo Congresos en Panam\u00e1 - Sala de prensa","isPartOf":{"@id":"https:\/\/www.visitcentroamerica.com\/sala-prensa\/#website"},"primaryImageOfPage":{"@id":"https:\/\/www.visitcentroamerica.com\/sala-prensa\/actualidad\/panama\/faranda-hotels-resorts-celebra-primera-edicion-de-expo-congresos-en-panama\/#primaryimage"},"image":{"@id":"https:\/\/www.visitcentroamerica.com\/sala-prensa\/actualidad\/panama\/faranda-hotels-resorts-celebra-primera-edicion-de-expo-congresos-en-panama\/#primaryimage"},"thumbnailUrl":"https:\/\/www.visitcentroamerica.com\/sala-prensa\/wp-content\/uploads\/2025\/07\/WhatsApp-Image-2025-07-13-at-5.11.38-PM.jpeg","datePublished":"2025-07-24T17:48:22+00:00","dateModified":"2025-07-24T17:54:07+00:00","author":{"@id":"https:\/\/www.visitcentroamerica.com\/sala-prensa\/#\/schema\/person\/59be6d1215b91f3615c1bd403f512f60"},"breadcrumb":{"@id":"https:\/\/www.visitcentroamerica.com\/sala-prensa\/actualidad\/panama\/faranda-hotels-resorts-celebra-primera-edicion-de-expo-congresos-en-panama\/#breadcrumb"},"inLanguage":"es","potentialAction":[{"@type":"ReadAction","target":["https:\/\/www.visitcentroamerica.com\/sala-prensa\/actualidad\/panama\/faranda-hotels-resorts-celebra-primera-edicion-de-expo-congresos-en-panama\/"]}]},{"@type":"ImageObject","inLanguage":"es","@id":"https:\/\/www.visitcentroamerica.com\/sala-prensa\/actualidad\/panama\/faranda-hotels-resorts-celebra-primera-edicion-de-expo-congresos-en-panama\/#primaryimage","url":"https:\/\/www.visitcentroamerica.com\/sala-prensa\/wp-content\/uploads\/2025\/07\/WhatsApp-Image-2025-07-13-at-5.11.38-PM.jpeg","contentUrl":"https:\/\/www.visitcentroamerica.com\/sala-prensa\/wp-content\/uploads\/2025\/07\/WhatsApp-Image-2025-07-13-at-5.11.38-PM.jpeg","width":719,"height":466},{"@type":"BreadcrumbList","@id":"https:\/\/www.visitcentroamerica.com\/sala-prensa\/actualidad\/panama\/faranda-hotels-resorts-celebra-primera-edicion-de-expo-congresos-en-panama\/#breadcrumb","itemListElement":[{"@type":"ListItem","position":1,"name":"Portada","item":"https:\/\/www.visitcentroamerica.com\/sala-prensa\/"},{"@type":"ListItem","position":2,"name":"Faranda Hotels &#038; Resorts celebra primera edici\u00f3n de Expo Congresos en Panam\u00e1"}]},{"@type":"WebSite","@id":"https:\/\/www.visitcentroamerica.com\/sala-prensa\/#website","url":"https:\/\/www.visitcentroamerica.com\/sala-prensa\/","name":"Sala de prensa","description":"","potentialAction":[{"@type":"SearchAction","target":{"@type":"EntryPoint","urlTemplate":"https:\/\/www.visitcentroamerica.com\/sala-prensa\/?s={search_term_string}"},"query-input":{"@type":"PropertyValueSpecification","valueRequired":true,"valueName":"search_term_string"}}],"inLanguage":"es"},{"@type":"Person","@id":"https:\/\/www.visitcentroamerica.com\/sala-prensa\/#\/schema\/person\/59be6d1215b91f3615c1bd403f512f60","name":"Dafne Franco","image":{"@type":"ImageObject","inLanguage":"es","@id":"https:\/\/secure.gravatar.com\/avatar\/9d1ca1e4cce23c82e292f528a3ad52052d3fa1e03aabdb0af820d1980e40a8b2?s=96&d=mm&r=g","url":"https:\/\/secure.gravatar.com\/avatar\/9d1ca1e4cce23c82e292f528a3ad52052d3fa1e03aabdb0af820d1980e40a8b2?s=96&d=mm&r=g","contentUrl":"https:\/\/secure.gravatar.com\/avatar\/9d1ca1e4cce23c82e292f528a3ad52052d3fa1e03aabdb0af820d1980e40a8b2?s=96&d=mm&r=g","caption":"Dafne Franco"},"url":"https:\/\/www.visitcentroamerica.com\/sala-prensa\/author\/dafne\/"}]}},"_links":{"self":[{"href":"https:\/\/www.visitcentroamerica.com\/sala-prensa\/wp-json\/wp\/v2\/posts\/16640","targetHints":{"allow":["GET"]}}],"collection":[{"href":"https:\/\/www.visitcentroamerica.com\/sala-prensa\/wp-json\/wp\/v2\/posts"}],"about":[{"href":"https:\/\/www.visitcentroamerica.com\/sala-prensa\/wp-json\/wp\/v2\/types\/post"}],"author":[{"embeddable":true,"href":"https:\/\/www.visitcentroamerica.com\/sala-prensa\/wp-json\/wp\/v2\/users\/6"}],"replies":[{"embeddable":true,"href":"https:\/\/www.visitcentroamerica.com\/sala-prensa\/wp-json\/wp\/v2\/comments?post=16640"}],"version-history":[{"count":4,"href":"https:\/\/www.visitcentroamerica.com\/sala-prensa\/wp-json\/wp\/v2\/posts\/16640\/revisions"}],"predecessor-version":[{"id":16644,"href":"https:\/\/www.visitcentroamerica.com\/sala-prensa\/wp-json\/wp\/v2\/posts\/16640\/revisions\/16644"}],"wp:featuredmedia":[{"embeddable":true,"href":"https:\/\/www.visitcentroamerica.com\/sala-prensa\/wp-json\/wp\/v2\/media\/16641"}],"wp:attachment":[{"href":"https:\/\/www.visitcentroamerica.com\/sala-prensa\/wp-json\/wp\/v2\/media?parent=16640"}],"wp:term":[{"taxonomy":"category","embeddable":true,"href":"https:\/\/www.visitcentroamerica.com\/sala-prensa\/wp-json\/wp\/v2\/categories?post=16640"},{"taxonomy":"post_tag","embeddable":true,"href":"https:\/\/www.visitcentroamerica.com\/sala-prensa\/wp-json\/wp\/v2\/tags?post=16640"}],"curies":[{"name":"wp","href":"https:\/\/api.w.org\/{rel}","templated":true}]}}