{"id":16636,"date":"2025-07-24T19:22:48","date_gmt":"2025-07-24T17:22:48","guid":{"rendered":"https:\/\/www.visitcentroamerica.com\/sala-prensa\/?p=16636"},"modified":"2025-07-24T19:22:48","modified_gmt":"2025-07-24T17:22:48","slug":"panama-se-muestra-como-destino-lider-en-aviturismo","status":"publish","type":"post","link":"https:\/\/www.visitcentroamerica.com\/sala-prensa\/actualidad\/panama\/panama-se-muestra-como-destino-lider-en-aviturismo\/","title":{"rendered":"Panam\u00e1 se muestra como destino l\u00edder en aviturismo"},"content":{"rendered":"<p><img loading=\"lazy\" decoding=\"async\" class=\"alignnone wp-image-16637 size-full\" src=\"https:\/\/www.visitcentroamerica.com\/sala-prensa\/wp-content\/uploads\/2025\/07\/Panama_BOCAS_DEL_TORO1.jpg\" alt=\"\" width=\"1152\" height=\"640\" srcset=\"https:\/\/www.visitcentroamerica.com\/sala-prensa\/wp-content\/uploads\/2025\/07\/Panama_BOCAS_DEL_TORO1.jpg 1152w, https:\/\/www.visitcentroamerica.com\/sala-prensa\/wp-content\/uploads\/2025\/07\/Panama_BOCAS_DEL_TORO1-300x167.jpg 300w, https:\/\/www.visitcentroamerica.com\/sala-prensa\/wp-content\/uploads\/2025\/07\/Panama_BOCAS_DEL_TORO1-1024x569.jpg 1024w, https:\/\/www.visitcentroamerica.com\/sala-prensa\/wp-content\/uploads\/2025\/07\/Panama_BOCAS_DEL_TORO1-768x427.jpg 768w, https:\/\/www.visitcentroamerica.com\/sala-prensa\/wp-content\/uploads\/2025\/07\/Panama_BOCAS_DEL_TORO1-756x420.jpg 756w, https:\/\/www.visitcentroamerica.com\/sala-prensa\/wp-content\/uploads\/2025\/07\/Panama_BOCAS_DEL_TORO1-696x387.jpg 696w, https:\/\/www.visitcentroamerica.com\/sala-prensa\/wp-content\/uploads\/2025\/07\/Panama_BOCAS_DEL_TORO1-1068x593.jpg 1068w, https:\/\/www.visitcentroamerica.com\/sala-prensa\/wp-content\/uploads\/2025\/07\/Panama_BOCAS_DEL_TORO1-500x278.jpg 500w\" sizes=\"auto, (max-width: 1152px) 100vw, 1152px\" \/><\/p>\n<p class=\"text-align-justify\">Panam\u00e1 se ha presentado en la\u00a0<em>Global Bird Fair<\/em>\u00a0como destino l\u00edder en aviturismo, con m\u00e1s de 1,000 especies de aves y ecosistemas \u00fanicos.<\/p>\n<p class=\"text-align-justify\">Por primera vez, Panam\u00e1 ha tenido presencia oficial en la\u00a0<em>Global Bird Fair<\/em>, la feria internacional m\u00e1s relevante de observaci\u00f3n de aves, que se celebr\u00f3 del 11 al 13 de julio en Rutland, Inglaterra.<\/p>\n<p class=\"text-align-justify\">Esta participaci\u00f3n, organizada por PROMTUR Panam\u00e1 en conjunto con la Fundaci\u00f3n Alada, representa un hito en el posicionamiento del pa\u00eds dentro del segmento del aviturismo.<\/p>\n<p class=\"text-align-justify\">Panam\u00e1 present\u00f3 su oferta tur\u00edstica especializada bajo la identidad\u00a0<em>Panama\u2019s Birds Team<\/em>, una propuesta unificada que refleja la riqueza ornitol\u00f3gica del pa\u00eds y su compromiso con un turismo sostenible, de naturaleza y conservaci\u00f3n.<\/p>\n<p class=\"text-align-justify\">Un para\u00edso para los amantes de las aves<\/p>\n<p class=\"text-align-justify\">Con m\u00e1s de un millar de especies de aves registradas, siete sitios Ramsar y cerca de 120 parques nacionales y \u00e1reas protegidas, Panam\u00e1 se consolida como un destino verde de alto valor para el turismo ornitol\u00f3gico. A esto se suma su estrat\u00e9gica conectividad a\u00e9rea internacional, que facilita la llegada de viajeros desde Am\u00e9rica y Europa.<\/p>\n<p class=\"text-align-justify\">Durante la feria, la delegaci\u00f3n paname\u00f1a ha ofrecido cuatro conferencias tem\u00e1ticas centradas en la biodiversidad y conservaci\u00f3n, las experiencias sostenibles de turismo de aves, rutas ornitol\u00f3gicas en Panam\u00e1 y el impacto positivo del aviturismo en comunidades locales.<\/p>\n<p class=\"text-align-justify\">Estas actividades buscan despertar el inter\u00e9s de operadores, expertos y medios especializados en viajes de naturaleza.<\/p>\n<p class=\"text-align-justify\">Proyecci\u00f3n global y oportunidades de negocio<\/p>\n<p class=\"text-align-justify\">La participaci\u00f3n en la\u00a0<em>Global Bird Fair<\/em>\u00a0abre la puerta a alianzas estrat\u00e9gicas con operadores tur\u00edsticos, organizaciones conservacionistas y medios internacionales. Adem\u00e1s, refuerza la imagen de Panam\u00e1 como un destino aut\u00e9ntico y diverso, preparado para recibir a viajeros responsables provenientes de Europa, Estados Unidos e Iberoam\u00e9rica.<\/p>\n<p class=\"text-align-justify\">Este evento tambi\u00e9n representa una oportunidad clave para fortalecer el posicionamiento digital del pa\u00eds en nichos de turismo especializado, donde la b\u00fasqueda de experiencias \u00fanicas y sostenibles va en aumento.<\/p>\n<p class=\"text-align-justify\">Una estrategia para diversificar el turismo<\/p>\n<p class=\"text-align-justify\">La acci\u00f3n forma parte de la estrategia de diversificaci\u00f3n tur\u00edstica liderada por la Autoridad de Turismo de Panam\u00e1 y PROMTUR Panam\u00e1, que busca desarrollar productos basados en la riqueza natural y cultural del pa\u00eds.<\/p>\n<p class=\"text-align-justify\">Con todo, Panam\u00e1 avanza as\u00ed en su consolidaci\u00f3n como uno de los destinos m\u00e1s atractivos del neotr\u00f3pico para el aviturismo, ofreciendo experiencias que combinan conservaci\u00f3n, sostenibilidad y contacto directo con la naturaleza.<\/p>\n","protected":false},"excerpt":{"rendered":"<p>Panam\u00e1 se ha presentado en la\u00a0Global Bird Fair\u00a0como destino l\u00edder en aviturismo, con m\u00e1s de 1,000 especies de aves y ecosistemas \u00fanicos. Por primera vez, Panam\u00e1 ha tenido presencia oficial en la\u00a0Global Bird Fair, la feria internacional m\u00e1s relevante de observaci\u00f3n de aves, que se celebr\u00f3 del 11 al 13 de julio en Rutland, Inglaterra. [&hellip;]<\/p>\n","protected":false},"author":6,"featured_media":16637,"comment_status":"open","ping_status":"closed","sticky":false,"template":"","format":"standard","meta":{"footnotes":""},"categories":[7],"tags":[],"class_list":{"0":"post-16636","1":"post","2":"type-post","3":"status-publish","4":"format-standard","5":"has-post-thumbnail","7":"category-panama"},"yoast_head":"<!-- This site is optimized with the Yoast SEO plugin v27.3 - https:\/\/yoast.com\/product\/yoast-seo-wordpress\/ -->\n<title>Panam\u00e1 se muestra como destino l\u00edder en aviturismo - Sala de prensa<\/title>\n<meta name=\"robots\" content=\"index, follow, max-snippet:-1, max-image-preview:large, max-video-preview:-1\" \/>\n<link rel=\"canonical\" href=\"https:\/\/www.visitcentroamerica.com\/sala-prensa\/actualidad\/panama\/panama-se-muestra-como-destino-lider-en-aviturismo\/\" \/>\n<meta property=\"og:locale\" content=\"es_ES\" \/>\n<meta property=\"og:type\" content=\"article\" \/>\n<meta property=\"og:title\" content=\"Panam\u00e1 se muestra como destino l\u00edder en aviturismo - Sala de prensa\" \/>\n<meta property=\"og:description\" content=\"Panam\u00e1 se ha presentado en la\u00a0Global Bird Fair\u00a0como destino l\u00edder en aviturismo, con m\u00e1s de 1,000 especies de aves y ecosistemas \u00fanicos. Por primera vez, Panam\u00e1 ha tenido presencia oficial en la\u00a0Global Bird Fair, la feria internacional m\u00e1s relevante de observaci\u00f3n de aves, que se celebr\u00f3 del 11 al 13 de julio en Rutland, Inglaterra. [&hellip;]\" \/>\n<meta property=\"og:url\" content=\"https:\/\/www.visitcentroamerica.com\/sala-prensa\/actualidad\/panama\/panama-se-muestra-como-destino-lider-en-aviturismo\/\" \/>\n<meta property=\"og:site_name\" content=\"Sala de prensa\" \/>\n<meta property=\"article:published_time\" content=\"2025-07-24T17:22:48+00:00\" \/>\n<meta property=\"og:image\" content=\"https:\/\/www.visitcentroamerica.com\/sala-prensa\/wp-content\/uploads\/2025\/07\/Panama_BOCAS_DEL_TORO1.jpg\" \/>\n\t<meta property=\"og:image:width\" content=\"1152\" \/>\n\t<meta property=\"og:image:height\" content=\"640\" \/>\n\t<meta property=\"og:image:type\" content=\"image\/jpeg\" \/>\n<meta name=\"author\" content=\"Dafne Franco\" \/>\n<meta name=\"twitter:card\" content=\"summary_large_image\" \/>\n<meta name=\"twitter:label1\" content=\"Escrito por\" \/>\n\t<meta name=\"twitter:data1\" content=\"Dafne Franco\" \/>\n\t<meta name=\"twitter:label2\" content=\"Tiempo de lectura\" \/>\n\t<meta name=\"twitter:data2\" content=\"3 minutos\" \/>\n<script type=\"application\/ld+json\" class=\"yoast-schema-graph\">{\"@context\":\"https:\\\/\\\/schema.org\",\"@graph\":[{\"@type\":\"Article\",\"@id\":\"https:\\\/\\\/www.visitcentroamerica.com\\\/sala-prensa\\\/actualidad\\\/panama\\\/panama-se-muestra-como-destino-lider-en-aviturismo\\\/#article\",\"isPartOf\":{\"@id\":\"https:\\\/\\\/www.visitcentroamerica.com\\\/sala-prensa\\\/actualidad\\\/panama\\\/panama-se-muestra-como-destino-lider-en-aviturismo\\\/\"},\"author\":{\"name\":\"Dafne Franco\",\"@id\":\"https:\\\/\\\/www.visitcentroamerica.com\\\/sala-prensa\\\/#\\\/schema\\\/person\\\/59be6d1215b91f3615c1bd403f512f60\"},\"headline\":\"Panam\u00e1 se muestra como destino l\u00edder en aviturismo\",\"datePublished\":\"2025-07-24T17:22:48+00:00\",\"mainEntityOfPage\":{\"@id\":\"https:\\\/\\\/www.visitcentroamerica.com\\\/sala-prensa\\\/actualidad\\\/panama\\\/panama-se-muestra-como-destino-lider-en-aviturismo\\\/\"},\"wordCount\":433,\"commentCount\":0,\"image\":{\"@id\":\"https:\\\/\\\/www.visitcentroamerica.com\\\/sala-prensa\\\/actualidad\\\/panama\\\/panama-se-muestra-como-destino-lider-en-aviturismo\\\/#primaryimage\"},\"thumbnailUrl\":\"https:\\\/\\\/www.visitcentroamerica.com\\\/sala-prensa\\\/wp-content\\\/uploads\\\/2025\\\/07\\\/Panama_BOCAS_DEL_TORO1.jpg\",\"articleSection\":[\"Panam\u00e1\"],\"inLanguage\":\"es\",\"potentialAction\":[{\"@type\":\"CommentAction\",\"name\":\"Comment\",\"target\":[\"https:\\\/\\\/www.visitcentroamerica.com\\\/sala-prensa\\\/actualidad\\\/panama\\\/panama-se-muestra-como-destino-lider-en-aviturismo\\\/#respond\"]}]},{\"@type\":\"WebPage\",\"@id\":\"https:\\\/\\\/www.visitcentroamerica.com\\\/sala-prensa\\\/actualidad\\\/panama\\\/panama-se-muestra-como-destino-lider-en-aviturismo\\\/\",\"url\":\"https:\\\/\\\/www.visitcentroamerica.com\\\/sala-prensa\\\/actualidad\\\/panama\\\/panama-se-muestra-como-destino-lider-en-aviturismo\\\/\",\"name\":\"Panam\u00e1 se muestra como destino l\u00edder en aviturismo - Sala de prensa\",\"isPartOf\":{\"@id\":\"https:\\\/\\\/www.visitcentroamerica.com\\\/sala-prensa\\\/#website\"},\"primaryImageOfPage\":{\"@id\":\"https:\\\/\\\/www.visitcentroamerica.com\\\/sala-prensa\\\/actualidad\\\/panama\\\/panama-se-muestra-como-destino-lider-en-aviturismo\\\/#primaryimage\"},\"image\":{\"@id\":\"https:\\\/\\\/www.visitcentroamerica.com\\\/sala-prensa\\\/actualidad\\\/panama\\\/panama-se-muestra-como-destino-lider-en-aviturismo\\\/#primaryimage\"},\"thumbnailUrl\":\"https:\\\/\\\/www.visitcentroamerica.com\\\/sala-prensa\\\/wp-content\\\/uploads\\\/2025\\\/07\\\/Panama_BOCAS_DEL_TORO1.jpg\",\"datePublished\":\"2025-07-24T17:22:48+00:00\",\"author\":{\"@id\":\"https:\\\/\\\/www.visitcentroamerica.com\\\/sala-prensa\\\/#\\\/schema\\\/person\\\/59be6d1215b91f3615c1bd403f512f60\"},\"breadcrumb\":{\"@id\":\"https:\\\/\\\/www.visitcentroamerica.com\\\/sala-prensa\\\/actualidad\\\/panama\\\/panama-se-muestra-como-destino-lider-en-aviturismo\\\/#breadcrumb\"},\"inLanguage\":\"es\",\"potentialAction\":[{\"@type\":\"ReadAction\",\"target\":[\"https:\\\/\\\/www.visitcentroamerica.com\\\/sala-prensa\\\/actualidad\\\/panama\\\/panama-se-muestra-como-destino-lider-en-aviturismo\\\/\"]}]},{\"@type\":\"ImageObject\",\"inLanguage\":\"es\",\"@id\":\"https:\\\/\\\/www.visitcentroamerica.com\\\/sala-prensa\\\/actualidad\\\/panama\\\/panama-se-muestra-como-destino-lider-en-aviturismo\\\/#primaryimage\",\"url\":\"https:\\\/\\\/www.visitcentroamerica.com\\\/sala-prensa\\\/wp-content\\\/uploads\\\/2025\\\/07\\\/Panama_BOCAS_DEL_TORO1.jpg\",\"contentUrl\":\"https:\\\/\\\/www.visitcentroamerica.com\\\/sala-prensa\\\/wp-content\\\/uploads\\\/2025\\\/07\\\/Panama_BOCAS_DEL_TORO1.jpg\",\"width\":1152,\"height\":640},{\"@type\":\"BreadcrumbList\",\"@id\":\"https:\\\/\\\/www.visitcentroamerica.com\\\/sala-prensa\\\/actualidad\\\/panama\\\/panama-se-muestra-como-destino-lider-en-aviturismo\\\/#breadcrumb\",\"itemListElement\":[{\"@type\":\"ListItem\",\"position\":1,\"name\":\"Portada\",\"item\":\"https:\\\/\\\/www.visitcentroamerica.com\\\/sala-prensa\\\/\"},{\"@type\":\"ListItem\",\"position\":2,\"name\":\"Panam\u00e1 se muestra como destino l\u00edder en aviturismo\"}]},{\"@type\":\"WebSite\",\"@id\":\"https:\\\/\\\/www.visitcentroamerica.com\\\/sala-prensa\\\/#website\",\"url\":\"https:\\\/\\\/www.visitcentroamerica.com\\\/sala-prensa\\\/\",\"name\":\"Sala de prensa\",\"description\":\"\",\"potentialAction\":[{\"@type\":\"SearchAction\",\"target\":{\"@type\":\"EntryPoint\",\"urlTemplate\":\"https:\\\/\\\/www.visitcentroamerica.com\\\/sala-prensa\\\/?s={search_term_string}\"},\"query-input\":{\"@type\":\"PropertyValueSpecification\",\"valueRequired\":true,\"valueName\":\"search_term_string\"}}],\"inLanguage\":\"es\"},{\"@type\":\"Person\",\"@id\":\"https:\\\/\\\/www.visitcentroamerica.com\\\/sala-prensa\\\/#\\\/schema\\\/person\\\/59be6d1215b91f3615c1bd403f512f60\",\"name\":\"Dafne Franco\",\"image\":{\"@type\":\"ImageObject\",\"inLanguage\":\"es\",\"@id\":\"https:\\\/\\\/secure.gravatar.com\\\/avatar\\\/9d1ca1e4cce23c82e292f528a3ad52052d3fa1e03aabdb0af820d1980e40a8b2?s=96&d=mm&r=g\",\"url\":\"https:\\\/\\\/secure.gravatar.com\\\/avatar\\\/9d1ca1e4cce23c82e292f528a3ad52052d3fa1e03aabdb0af820d1980e40a8b2?s=96&d=mm&r=g\",\"contentUrl\":\"https:\\\/\\\/secure.gravatar.com\\\/avatar\\\/9d1ca1e4cce23c82e292f528a3ad52052d3fa1e03aabdb0af820d1980e40a8b2?s=96&d=mm&r=g\",\"caption\":\"Dafne Franco\"},\"url\":\"https:\\\/\\\/www.visitcentroamerica.com\\\/sala-prensa\\\/author\\\/dafne\\\/\"}]}<\/script>\n<!-- \/ Yoast SEO plugin. -->","yoast_head_json":{"title":"Panam\u00e1 se muestra como destino l\u00edder en aviturismo - Sala de prensa","robots":{"index":"index","follow":"follow","max-snippet":"max-snippet:-1","max-image-preview":"max-image-preview:large","max-video-preview":"max-video-preview:-1"},"canonical":"https:\/\/www.visitcentroamerica.com\/sala-prensa\/actualidad\/panama\/panama-se-muestra-como-destino-lider-en-aviturismo\/","og_locale":"es_ES","og_type":"article","og_title":"Panam\u00e1 se muestra como destino l\u00edder en aviturismo - Sala de prensa","og_description":"Panam\u00e1 se ha presentado en la\u00a0Global Bird Fair\u00a0como destino l\u00edder en aviturismo, con m\u00e1s de 1,000 especies de aves y ecosistemas \u00fanicos. Por primera vez, Panam\u00e1 ha tenido presencia oficial en la\u00a0Global Bird Fair, la feria internacional m\u00e1s relevante de observaci\u00f3n de aves, que se celebr\u00f3 del 11 al 13 de julio en Rutland, Inglaterra. [&hellip;]","og_url":"https:\/\/www.visitcentroamerica.com\/sala-prensa\/actualidad\/panama\/panama-se-muestra-como-destino-lider-en-aviturismo\/","og_site_name":"Sala de prensa","article_published_time":"2025-07-24T17:22:48+00:00","og_image":[{"width":1152,"height":640,"url":"https:\/\/www.visitcentroamerica.com\/sala-prensa\/wp-content\/uploads\/2025\/07\/Panama_BOCAS_DEL_TORO1.jpg","type":"image\/jpeg"}],"author":"Dafne Franco","twitter_card":"summary_large_image","twitter_misc":{"Escrito por":"Dafne Franco","Tiempo de lectura":"3 minutos"},"schema":{"@context":"https:\/\/schema.org","@graph":[{"@type":"Article","@id":"https:\/\/www.visitcentroamerica.com\/sala-prensa\/actualidad\/panama\/panama-se-muestra-como-destino-lider-en-aviturismo\/#article","isPartOf":{"@id":"https:\/\/www.visitcentroamerica.com\/sala-prensa\/actualidad\/panama\/panama-se-muestra-como-destino-lider-en-aviturismo\/"},"author":{"name":"Dafne Franco","@id":"https:\/\/www.visitcentroamerica.com\/sala-prensa\/#\/schema\/person\/59be6d1215b91f3615c1bd403f512f60"},"headline":"Panam\u00e1 se muestra como destino l\u00edder en aviturismo","datePublished":"2025-07-24T17:22:48+00:00","mainEntityOfPage":{"@id":"https:\/\/www.visitcentroamerica.com\/sala-prensa\/actualidad\/panama\/panama-se-muestra-como-destino-lider-en-aviturismo\/"},"wordCount":433,"commentCount":0,"image":{"@id":"https:\/\/www.visitcentroamerica.com\/sala-prensa\/actualidad\/panama\/panama-se-muestra-como-destino-lider-en-aviturismo\/#primaryimage"},"thumbnailUrl":"https:\/\/www.visitcentroamerica.com\/sala-prensa\/wp-content\/uploads\/2025\/07\/Panama_BOCAS_DEL_TORO1.jpg","articleSection":["Panam\u00e1"],"inLanguage":"es","potentialAction":[{"@type":"CommentAction","name":"Comment","target":["https:\/\/www.visitcentroamerica.com\/sala-prensa\/actualidad\/panama\/panama-se-muestra-como-destino-lider-en-aviturismo\/#respond"]}]},{"@type":"WebPage","@id":"https:\/\/www.visitcentroamerica.com\/sala-prensa\/actualidad\/panama\/panama-se-muestra-como-destino-lider-en-aviturismo\/","url":"https:\/\/www.visitcentroamerica.com\/sala-prensa\/actualidad\/panama\/panama-se-muestra-como-destino-lider-en-aviturismo\/","name":"Panam\u00e1 se muestra como destino l\u00edder en aviturismo - Sala de prensa","isPartOf":{"@id":"https:\/\/www.visitcentroamerica.com\/sala-prensa\/#website"},"primaryImageOfPage":{"@id":"https:\/\/www.visitcentroamerica.com\/sala-prensa\/actualidad\/panama\/panama-se-muestra-como-destino-lider-en-aviturismo\/#primaryimage"},"image":{"@id":"https:\/\/www.visitcentroamerica.com\/sala-prensa\/actualidad\/panama\/panama-se-muestra-como-destino-lider-en-aviturismo\/#primaryimage"},"thumbnailUrl":"https:\/\/www.visitcentroamerica.com\/sala-prensa\/wp-content\/uploads\/2025\/07\/Panama_BOCAS_DEL_TORO1.jpg","datePublished":"2025-07-24T17:22:48+00:00","author":{"@id":"https:\/\/www.visitcentroamerica.com\/sala-prensa\/#\/schema\/person\/59be6d1215b91f3615c1bd403f512f60"},"breadcrumb":{"@id":"https:\/\/www.visitcentroamerica.com\/sala-prensa\/actualidad\/panama\/panama-se-muestra-como-destino-lider-en-aviturismo\/#breadcrumb"},"inLanguage":"es","potentialAction":[{"@type":"ReadAction","target":["https:\/\/www.visitcentroamerica.com\/sala-prensa\/actualidad\/panama\/panama-se-muestra-como-destino-lider-en-aviturismo\/"]}]},{"@type":"ImageObject","inLanguage":"es","@id":"https:\/\/www.visitcentroamerica.com\/sala-prensa\/actualidad\/panama\/panama-se-muestra-como-destino-lider-en-aviturismo\/#primaryimage","url":"https:\/\/www.visitcentroamerica.com\/sala-prensa\/wp-content\/uploads\/2025\/07\/Panama_BOCAS_DEL_TORO1.jpg","contentUrl":"https:\/\/www.visitcentroamerica.com\/sala-prensa\/wp-content\/uploads\/2025\/07\/Panama_BOCAS_DEL_TORO1.jpg","width":1152,"height":640},{"@type":"BreadcrumbList","@id":"https:\/\/www.visitcentroamerica.com\/sala-prensa\/actualidad\/panama\/panama-se-muestra-como-destino-lider-en-aviturismo\/#breadcrumb","itemListElement":[{"@type":"ListItem","position":1,"name":"Portada","item":"https:\/\/www.visitcentroamerica.com\/sala-prensa\/"},{"@type":"ListItem","position":2,"name":"Panam\u00e1 se muestra como destino l\u00edder en aviturismo"}]},{"@type":"WebSite","@id":"https:\/\/www.visitcentroamerica.com\/sala-prensa\/#website","url":"https:\/\/www.visitcentroamerica.com\/sala-prensa\/","name":"Sala de prensa","description":"","potentialAction":[{"@type":"SearchAction","target":{"@type":"EntryPoint","urlTemplate":"https:\/\/www.visitcentroamerica.com\/sala-prensa\/?s={search_term_string}"},"query-input":{"@type":"PropertyValueSpecification","valueRequired":true,"valueName":"search_term_string"}}],"inLanguage":"es"},{"@type":"Person","@id":"https:\/\/www.visitcentroamerica.com\/sala-prensa\/#\/schema\/person\/59be6d1215b91f3615c1bd403f512f60","name":"Dafne Franco","image":{"@type":"ImageObject","inLanguage":"es","@id":"https:\/\/secure.gravatar.com\/avatar\/9d1ca1e4cce23c82e292f528a3ad52052d3fa1e03aabdb0af820d1980e40a8b2?s=96&d=mm&r=g","url":"https:\/\/secure.gravatar.com\/avatar\/9d1ca1e4cce23c82e292f528a3ad52052d3fa1e03aabdb0af820d1980e40a8b2?s=96&d=mm&r=g","contentUrl":"https:\/\/secure.gravatar.com\/avatar\/9d1ca1e4cce23c82e292f528a3ad52052d3fa1e03aabdb0af820d1980e40a8b2?s=96&d=mm&r=g","caption":"Dafne Franco"},"url":"https:\/\/www.visitcentroamerica.com\/sala-prensa\/author\/dafne\/"}]}},"_links":{"self":[{"href":"https:\/\/www.visitcentroamerica.com\/sala-prensa\/wp-json\/wp\/v2\/posts\/16636","targetHints":{"allow":["GET"]}}],"collection":[{"href":"https:\/\/www.visitcentroamerica.com\/sala-prensa\/wp-json\/wp\/v2\/posts"}],"about":[{"href":"https:\/\/www.visitcentroamerica.com\/sala-prensa\/wp-json\/wp\/v2\/types\/post"}],"author":[{"embeddable":true,"href":"https:\/\/www.visitcentroamerica.com\/sala-prensa\/wp-json\/wp\/v2\/users\/6"}],"replies":[{"embeddable":true,"href":"https:\/\/www.visitcentroamerica.com\/sala-prensa\/wp-json\/wp\/v2\/comments?post=16636"}],"version-history":[{"count":1,"href":"https:\/\/www.visitcentroamerica.com\/sala-prensa\/wp-json\/wp\/v2\/posts\/16636\/revisions"}],"predecessor-version":[{"id":16639,"href":"https:\/\/www.visitcentroamerica.com\/sala-prensa\/wp-json\/wp\/v2\/posts\/16636\/revisions\/16639"}],"wp:featuredmedia":[{"embeddable":true,"href":"https:\/\/www.visitcentroamerica.com\/sala-prensa\/wp-json\/wp\/v2\/media\/16637"}],"wp:attachment":[{"href":"https:\/\/www.visitcentroamerica.com\/sala-prensa\/wp-json\/wp\/v2\/media?parent=16636"}],"wp:term":[{"taxonomy":"category","embeddable":true,"href":"https:\/\/www.visitcentroamerica.com\/sala-prensa\/wp-json\/wp\/v2\/categories?post=16636"},{"taxonomy":"post_tag","embeddable":true,"href":"https:\/\/www.visitcentroamerica.com\/sala-prensa\/wp-json\/wp\/v2\/tags?post=16636"}],"curies":[{"name":"wp","href":"https:\/\/api.w.org\/{rel}","templated":true}]}}