{"id":16632,"date":"2025-07-22T20:47:46","date_gmt":"2025-07-22T18:47:46","guid":{"rendered":"https:\/\/www.visitcentroamerica.com\/sala-prensa\/?p=16632"},"modified":"2025-07-22T20:47:46","modified_gmt":"2025-07-22T18:47:46","slug":"guatemala-impulsa-su-oferta-turistica-en-el-salvador-de-cara-a-las-fiestas-agostinas","status":"publish","type":"post","link":"https:\/\/www.visitcentroamerica.com\/sala-prensa\/actualidad\/guatemala\/guatemala-impulsa-su-oferta-turistica-en-el-salvador-de-cara-a-las-fiestas-agostinas\/","title":{"rendered":"Guatemala impulsa su oferta tur\u00edstica en El Salvador de cara a las fiestas agostinas"},"content":{"rendered":"<p><img loading=\"lazy\" decoding=\"async\" class=\"alignnone wp-image-16633 size-full\" src=\"https:\/\/www.visitcentroamerica.com\/sala-prensa\/wp-content\/uploads\/2025\/07\/WhatsApp-Image-2025-07-22-at-12.43.39-PM-scaled.jpeg\" alt=\"Rueda de negocios y presentaci\u00f3n de pa\u00eds GT Y SV\" width=\"2560\" height=\"1920\" srcset=\"https:\/\/www.visitcentroamerica.com\/sala-prensa\/wp-content\/uploads\/2025\/07\/WhatsApp-Image-2025-07-22-at-12.43.39-PM-scaled.jpeg 1600w, https:\/\/www.visitcentroamerica.com\/sala-prensa\/wp-content\/uploads\/2025\/07\/WhatsApp-Image-2025-07-22-at-12.43.39-PM-300x225.jpeg 300w, https:\/\/www.visitcentroamerica.com\/sala-prensa\/wp-content\/uploads\/2025\/07\/WhatsApp-Image-2025-07-22-at-12.43.39-PM-1024x768.jpeg 1024w, https:\/\/www.visitcentroamerica.com\/sala-prensa\/wp-content\/uploads\/2025\/07\/WhatsApp-Image-2025-07-22-at-12.43.39-PM-768x576.jpeg 768w, https:\/\/www.visitcentroamerica.com\/sala-prensa\/wp-content\/uploads\/2025\/07\/WhatsApp-Image-2025-07-22-at-12.43.39-PM-1536x1152.jpeg 1536w, https:\/\/www.visitcentroamerica.com\/sala-prensa\/wp-content\/uploads\/2025\/07\/WhatsApp-Image-2025-07-22-at-12.43.39-PM-560x420.jpeg 560w, https:\/\/www.visitcentroamerica.com\/sala-prensa\/wp-content\/uploads\/2025\/07\/WhatsApp-Image-2025-07-22-at-12.43.39-PM-80x60.jpeg 80w, https:\/\/www.visitcentroamerica.com\/sala-prensa\/wp-content\/uploads\/2025\/07\/WhatsApp-Image-2025-07-22-at-12.43.39-PM-696x522.jpeg 696w, https:\/\/www.visitcentroamerica.com\/sala-prensa\/wp-content\/uploads\/2025\/07\/WhatsApp-Image-2025-07-22-at-12.43.39-PM-1068x801.jpeg 1068w, https:\/\/www.visitcentroamerica.com\/sala-prensa\/wp-content\/uploads\/2025\/07\/WhatsApp-Image-2025-07-22-at-12.43.39-PM-265x198.jpeg 265w, https:\/\/www.visitcentroamerica.com\/sala-prensa\/wp-content\/uploads\/2025\/07\/WhatsApp-Image-2025-07-22-at-12.43.39-PM-500x375.jpeg 500w\" sizes=\"auto, (max-width: 2560px) 100vw, 2560px\" \/><\/p>\n<p>En el marco de las pr\u00f3ximas fiestas agostinas, el Instituto Guatemalteco de Turismo (INGUAT), en conjunto con una delegaci\u00f3n de empresarios guatemaltecos del sector, entre hoteles, touroperadores y parques tem\u00e1ticos, realiz\u00f3 una rueda de negocios en San Salvador con empresarios salvadore\u00f1os, con el fin de promover los atractivos tur\u00edsticos de Guatemala y fortalecer el flujo de visitantes entre ambos pa\u00edses.<\/p>\n<p>El evento cont\u00f3 con la participaci\u00f3n de la Encargada de Negocios a.i. de Guatemala en El Salvador, Embajadora Lissette Ord\u00f3\u00f1ez, quien reiter\u00f3 el compromiso de continuar estrechando los lazos de cooperaci\u00f3n tur\u00edstica entre ambas naciones.<\/p>\n<p>Durante la jornada, las Oficinas de Informaci\u00f3n Tur\u00edstica del INGUAT brindaron asistencia personalizada sobre los principales destinos del pa\u00eds, opciones de transporte, alimentaci\u00f3n, hospedaje y servicios tur\u00edsticos registrados oficialmente. Los asistentes tambi\u00e9n pudieron acceder a mapas, folletos y material impreso actualizado sobre la oferta tur\u00edstica nacional.<\/p>\n<p>El Salvador es el principal mercado emisor de turistas hacia Guatemala. Para esta temporada, se espera recibir a m\u00e1s de 98,000 visitantes salvadore\u00f1os, atra\u00eddos por la cercan\u00eda geogr\u00e1fica, la riqueza cultural y la amplia variedad de experiencias que Guatemala ofrece.<\/p>\n<p>La actividad cont\u00f3 adem\u00e1s con el acompa\u00f1amiento de Boris Iraheta, secretario general de la Agencia de Promoci\u00f3n Tur\u00edstica de Centroam\u00e9rica (CATA), quien destac\u00f3 el impulso al turismo intrarregional como una estrategia clave para el desarrollo sostenible del sector. \u201cLos pa\u00edses de Centroam\u00e9rica no compiten, se complementan. Nuestra diversidad es nuestra fortaleza\u201d, subray\u00f3.<\/p>\n<p>Tambi\u00e9n estuvo presente la aerol\u00ednea Volaris, aliada clave en la conectividad entre ambas naciones, que actualmente opera con cuatro frecuencias semanales entre El Salvador y Guatemala, facilitando los viajes para quienes buscan aprovechar el feriado para explorar nuevos destinos.<\/p>\n<p>Con este tipo de acciones, Guatemala reafirma su compromiso con la integraci\u00f3n regional y la promoci\u00f3n de un turismo sostenible, cercano y lleno de autenticidad.<\/p>\n","protected":false},"excerpt":{"rendered":"<p>En el marco de las pr\u00f3ximas fiestas agostinas, el Instituto Guatemalteco de Turismo (INGUAT), en conjunto con una delegaci\u00f3n de empresarios guatemaltecos del sector, entre hoteles, touroperadores y parques tem\u00e1ticos, realiz\u00f3 una rueda de negocios en San Salvador con empresarios salvadore\u00f1os, con el fin de promover los atractivos tur\u00edsticos de Guatemala y fortalecer el flujo [&hellip;]<\/p>\n","protected":false},"author":6,"featured_media":16633,"comment_status":"open","ping_status":"closed","sticky":false,"template":"","format":"standard","meta":{"footnotes":""},"categories":[9,12],"tags":[],"class_list":{"0":"post-16632","1":"post","2":"type-post","3":"status-publish","4":"format-standard","5":"has-post-thumbnail","7":"category-el-salvador","8":"category-guatemala"},"yoast_head":"<!-- This site is optimized with the Yoast SEO plugin v27.3 - https:\/\/yoast.com\/product\/yoast-seo-wordpress\/ -->\n<title>Guatemala impulsa su oferta tur\u00edstica en El Salvador de cara a las fiestas agostinas - Sala de prensa<\/title>\n<meta name=\"robots\" content=\"index, follow, max-snippet:-1, max-image-preview:large, max-video-preview:-1\" \/>\n<link rel=\"canonical\" href=\"https:\/\/www.visitcentroamerica.com\/sala-prensa\/actualidad\/guatemala\/guatemala-impulsa-su-oferta-turistica-en-el-salvador-de-cara-a-las-fiestas-agostinas\/\" \/>\n<meta property=\"og:locale\" content=\"es_ES\" \/>\n<meta property=\"og:type\" content=\"article\" \/>\n<meta property=\"og:title\" content=\"Guatemala impulsa su oferta tur\u00edstica en El Salvador de cara a las fiestas agostinas - Sala de prensa\" \/>\n<meta property=\"og:description\" content=\"En el marco de las pr\u00f3ximas fiestas agostinas, el Instituto Guatemalteco de Turismo (INGUAT), en conjunto con una delegaci\u00f3n de empresarios guatemaltecos del sector, entre hoteles, touroperadores y parques tem\u00e1ticos, realiz\u00f3 una rueda de negocios en San Salvador con empresarios salvadore\u00f1os, con el fin de promover los atractivos tur\u00edsticos de Guatemala y fortalecer el flujo [&hellip;]\" \/>\n<meta property=\"og:url\" content=\"https:\/\/www.visitcentroamerica.com\/sala-prensa\/actualidad\/guatemala\/guatemala-impulsa-su-oferta-turistica-en-el-salvador-de-cara-a-las-fiestas-agostinas\/\" \/>\n<meta property=\"og:site_name\" content=\"Sala de prensa\" \/>\n<meta property=\"article:published_time\" content=\"2025-07-22T18:47:46+00:00\" \/>\n<meta property=\"og:image\" content=\"https:\/\/www.visitcentroamerica.com\/sala-prensa\/wp-content\/uploads\/2025\/07\/WhatsApp-Image-2025-07-22-at-12.43.39-PM-scaled.jpeg\" \/>\n\t<meta property=\"og:image:width\" content=\"1600\" \/>\n\t<meta property=\"og:image:height\" content=\"1200\" \/>\n\t<meta property=\"og:image:type\" content=\"image\/jpeg\" \/>\n<meta name=\"author\" content=\"Dafne Franco\" \/>\n<meta name=\"twitter:card\" content=\"summary_large_image\" \/>\n<meta name=\"twitter:label1\" content=\"Escrito por\" \/>\n\t<meta name=\"twitter:data1\" content=\"Dafne Franco\" \/>\n\t<meta name=\"twitter:label2\" content=\"Tiempo de lectura\" \/>\n\t<meta name=\"twitter:data2\" content=\"2 minutos\" \/>\n<script type=\"application\/ld+json\" class=\"yoast-schema-graph\">{\"@context\":\"https:\\\/\\\/schema.org\",\"@graph\":[{\"@type\":\"Article\",\"@id\":\"https:\\\/\\\/www.visitcentroamerica.com\\\/sala-prensa\\\/actualidad\\\/guatemala\\\/guatemala-impulsa-su-oferta-turistica-en-el-salvador-de-cara-a-las-fiestas-agostinas\\\/#article\",\"isPartOf\":{\"@id\":\"https:\\\/\\\/www.visitcentroamerica.com\\\/sala-prensa\\\/actualidad\\\/guatemala\\\/guatemala-impulsa-su-oferta-turistica-en-el-salvador-de-cara-a-las-fiestas-agostinas\\\/\"},\"author\":{\"name\":\"Dafne Franco\",\"@id\":\"https:\\\/\\\/www.visitcentroamerica.com\\\/sala-prensa\\\/#\\\/schema\\\/person\\\/59be6d1215b91f3615c1bd403f512f60\"},\"headline\":\"Guatemala impulsa su oferta tur\u00edstica en El Salvador de cara a las fiestas agostinas\",\"datePublished\":\"2025-07-22T18:47:46+00:00\",\"mainEntityOfPage\":{\"@id\":\"https:\\\/\\\/www.visitcentroamerica.com\\\/sala-prensa\\\/actualidad\\\/guatemala\\\/guatemala-impulsa-su-oferta-turistica-en-el-salvador-de-cara-a-las-fiestas-agostinas\\\/\"},\"wordCount\":345,\"commentCount\":0,\"image\":{\"@id\":\"https:\\\/\\\/www.visitcentroamerica.com\\\/sala-prensa\\\/actualidad\\\/guatemala\\\/guatemala-impulsa-su-oferta-turistica-en-el-salvador-de-cara-a-las-fiestas-agostinas\\\/#primaryimage\"},\"thumbnailUrl\":\"https:\\\/\\\/www.visitcentroamerica.com\\\/sala-prensa\\\/wp-content\\\/uploads\\\/2025\\\/07\\\/WhatsApp-Image-2025-07-22-at-12.43.39-PM-scaled.jpeg\",\"articleSection\":[\"El Salvador\",\"Guatemala\"],\"inLanguage\":\"es\",\"potentialAction\":[{\"@type\":\"CommentAction\",\"name\":\"Comment\",\"target\":[\"https:\\\/\\\/www.visitcentroamerica.com\\\/sala-prensa\\\/actualidad\\\/guatemala\\\/guatemala-impulsa-su-oferta-turistica-en-el-salvador-de-cara-a-las-fiestas-agostinas\\\/#respond\"]}]},{\"@type\":\"WebPage\",\"@id\":\"https:\\\/\\\/www.visitcentroamerica.com\\\/sala-prensa\\\/actualidad\\\/guatemala\\\/guatemala-impulsa-su-oferta-turistica-en-el-salvador-de-cara-a-las-fiestas-agostinas\\\/\",\"url\":\"https:\\\/\\\/www.visitcentroamerica.com\\\/sala-prensa\\\/actualidad\\\/guatemala\\\/guatemala-impulsa-su-oferta-turistica-en-el-salvador-de-cara-a-las-fiestas-agostinas\\\/\",\"name\":\"Guatemala impulsa su oferta tur\u00edstica en El Salvador de cara a las fiestas agostinas - Sala de prensa\",\"isPartOf\":{\"@id\":\"https:\\\/\\\/www.visitcentroamerica.com\\\/sala-prensa\\\/#website\"},\"primaryImageOfPage\":{\"@id\":\"https:\\\/\\\/www.visitcentroamerica.com\\\/sala-prensa\\\/actualidad\\\/guatemala\\\/guatemala-impulsa-su-oferta-turistica-en-el-salvador-de-cara-a-las-fiestas-agostinas\\\/#primaryimage\"},\"image\":{\"@id\":\"https:\\\/\\\/www.visitcentroamerica.com\\\/sala-prensa\\\/actualidad\\\/guatemala\\\/guatemala-impulsa-su-oferta-turistica-en-el-salvador-de-cara-a-las-fiestas-agostinas\\\/#primaryimage\"},\"thumbnailUrl\":\"https:\\\/\\\/www.visitcentroamerica.com\\\/sala-prensa\\\/wp-content\\\/uploads\\\/2025\\\/07\\\/WhatsApp-Image-2025-07-22-at-12.43.39-PM-scaled.jpeg\",\"datePublished\":\"2025-07-22T18:47:46+00:00\",\"author\":{\"@id\":\"https:\\\/\\\/www.visitcentroamerica.com\\\/sala-prensa\\\/#\\\/schema\\\/person\\\/59be6d1215b91f3615c1bd403f512f60\"},\"breadcrumb\":{\"@id\":\"https:\\\/\\\/www.visitcentroamerica.com\\\/sala-prensa\\\/actualidad\\\/guatemala\\\/guatemala-impulsa-su-oferta-turistica-en-el-salvador-de-cara-a-las-fiestas-agostinas\\\/#breadcrumb\"},\"inLanguage\":\"es\",\"potentialAction\":[{\"@type\":\"ReadAction\",\"target\":[\"https:\\\/\\\/www.visitcentroamerica.com\\\/sala-prensa\\\/actualidad\\\/guatemala\\\/guatemala-impulsa-su-oferta-turistica-en-el-salvador-de-cara-a-las-fiestas-agostinas\\\/\"]}]},{\"@type\":\"ImageObject\",\"inLanguage\":\"es\",\"@id\":\"https:\\\/\\\/www.visitcentroamerica.com\\\/sala-prensa\\\/actualidad\\\/guatemala\\\/guatemala-impulsa-su-oferta-turistica-en-el-salvador-de-cara-a-las-fiestas-agostinas\\\/#primaryimage\",\"url\":\"https:\\\/\\\/www.visitcentroamerica.com\\\/sala-prensa\\\/wp-content\\\/uploads\\\/2025\\\/07\\\/WhatsApp-Image-2025-07-22-at-12.43.39-PM-scaled.jpeg\",\"contentUrl\":\"https:\\\/\\\/www.visitcentroamerica.com\\\/sala-prensa\\\/wp-content\\\/uploads\\\/2025\\\/07\\\/WhatsApp-Image-2025-07-22-at-12.43.39-PM-scaled.jpeg\",\"width\":1600,\"height\":1200,\"caption\":\"Rueda de negocios y presentaci\u00f3n de pa\u00eds GT Y SV\"},{\"@type\":\"BreadcrumbList\",\"@id\":\"https:\\\/\\\/www.visitcentroamerica.com\\\/sala-prensa\\\/actualidad\\\/guatemala\\\/guatemala-impulsa-su-oferta-turistica-en-el-salvador-de-cara-a-las-fiestas-agostinas\\\/#breadcrumb\",\"itemListElement\":[{\"@type\":\"ListItem\",\"position\":1,\"name\":\"Portada\",\"item\":\"https:\\\/\\\/www.visitcentroamerica.com\\\/sala-prensa\\\/\"},{\"@type\":\"ListItem\",\"position\":2,\"name\":\"Guatemala impulsa su oferta tur\u00edstica en El Salvador de cara a las fiestas agostinas\"}]},{\"@type\":\"WebSite\",\"@id\":\"https:\\\/\\\/www.visitcentroamerica.com\\\/sala-prensa\\\/#website\",\"url\":\"https:\\\/\\\/www.visitcentroamerica.com\\\/sala-prensa\\\/\",\"name\":\"Sala de prensa\",\"description\":\"\",\"potentialAction\":[{\"@type\":\"SearchAction\",\"target\":{\"@type\":\"EntryPoint\",\"urlTemplate\":\"https:\\\/\\\/www.visitcentroamerica.com\\\/sala-prensa\\\/?s={search_term_string}\"},\"query-input\":{\"@type\":\"PropertyValueSpecification\",\"valueRequired\":true,\"valueName\":\"search_term_string\"}}],\"inLanguage\":\"es\"},{\"@type\":\"Person\",\"@id\":\"https:\\\/\\\/www.visitcentroamerica.com\\\/sala-prensa\\\/#\\\/schema\\\/person\\\/59be6d1215b91f3615c1bd403f512f60\",\"name\":\"Dafne Franco\",\"image\":{\"@type\":\"ImageObject\",\"inLanguage\":\"es\",\"@id\":\"https:\\\/\\\/secure.gravatar.com\\\/avatar\\\/9d1ca1e4cce23c82e292f528a3ad52052d3fa1e03aabdb0af820d1980e40a8b2?s=96&d=mm&r=g\",\"url\":\"https:\\\/\\\/secure.gravatar.com\\\/avatar\\\/9d1ca1e4cce23c82e292f528a3ad52052d3fa1e03aabdb0af820d1980e40a8b2?s=96&d=mm&r=g\",\"contentUrl\":\"https:\\\/\\\/secure.gravatar.com\\\/avatar\\\/9d1ca1e4cce23c82e292f528a3ad52052d3fa1e03aabdb0af820d1980e40a8b2?s=96&d=mm&r=g\",\"caption\":\"Dafne Franco\"},\"url\":\"https:\\\/\\\/www.visitcentroamerica.com\\\/sala-prensa\\\/author\\\/dafne\\\/\"}]}<\/script>\n<!-- \/ Yoast SEO plugin. -->","yoast_head_json":{"title":"Guatemala impulsa su oferta tur\u00edstica en El Salvador de cara a las fiestas agostinas - Sala de prensa","robots":{"index":"index","follow":"follow","max-snippet":"max-snippet:-1","max-image-preview":"max-image-preview:large","max-video-preview":"max-video-preview:-1"},"canonical":"https:\/\/www.visitcentroamerica.com\/sala-prensa\/actualidad\/guatemala\/guatemala-impulsa-su-oferta-turistica-en-el-salvador-de-cara-a-las-fiestas-agostinas\/","og_locale":"es_ES","og_type":"article","og_title":"Guatemala impulsa su oferta tur\u00edstica en El Salvador de cara a las fiestas agostinas - Sala de prensa","og_description":"En el marco de las pr\u00f3ximas fiestas agostinas, el Instituto Guatemalteco de Turismo (INGUAT), en conjunto con una delegaci\u00f3n de empresarios guatemaltecos del sector, entre hoteles, touroperadores y parques tem\u00e1ticos, realiz\u00f3 una rueda de negocios en San Salvador con empresarios salvadore\u00f1os, con el fin de promover los atractivos tur\u00edsticos de Guatemala y fortalecer el flujo [&hellip;]","og_url":"https:\/\/www.visitcentroamerica.com\/sala-prensa\/actualidad\/guatemala\/guatemala-impulsa-su-oferta-turistica-en-el-salvador-de-cara-a-las-fiestas-agostinas\/","og_site_name":"Sala de prensa","article_published_time":"2025-07-22T18:47:46+00:00","og_image":[{"width":1600,"height":1200,"url":"https:\/\/www.visitcentroamerica.com\/sala-prensa\/wp-content\/uploads\/2025\/07\/WhatsApp-Image-2025-07-22-at-12.43.39-PM-scaled.jpeg","type":"image\/jpeg"}],"author":"Dafne Franco","twitter_card":"summary_large_image","twitter_misc":{"Escrito por":"Dafne Franco","Tiempo de lectura":"2 minutos"},"schema":{"@context":"https:\/\/schema.org","@graph":[{"@type":"Article","@id":"https:\/\/www.visitcentroamerica.com\/sala-prensa\/actualidad\/guatemala\/guatemala-impulsa-su-oferta-turistica-en-el-salvador-de-cara-a-las-fiestas-agostinas\/#article","isPartOf":{"@id":"https:\/\/www.visitcentroamerica.com\/sala-prensa\/actualidad\/guatemala\/guatemala-impulsa-su-oferta-turistica-en-el-salvador-de-cara-a-las-fiestas-agostinas\/"},"author":{"name":"Dafne Franco","@id":"https:\/\/www.visitcentroamerica.com\/sala-prensa\/#\/schema\/person\/59be6d1215b91f3615c1bd403f512f60"},"headline":"Guatemala impulsa su oferta tur\u00edstica en El Salvador de cara a las fiestas agostinas","datePublished":"2025-07-22T18:47:46+00:00","mainEntityOfPage":{"@id":"https:\/\/www.visitcentroamerica.com\/sala-prensa\/actualidad\/guatemala\/guatemala-impulsa-su-oferta-turistica-en-el-salvador-de-cara-a-las-fiestas-agostinas\/"},"wordCount":345,"commentCount":0,"image":{"@id":"https:\/\/www.visitcentroamerica.com\/sala-prensa\/actualidad\/guatemala\/guatemala-impulsa-su-oferta-turistica-en-el-salvador-de-cara-a-las-fiestas-agostinas\/#primaryimage"},"thumbnailUrl":"https:\/\/www.visitcentroamerica.com\/sala-prensa\/wp-content\/uploads\/2025\/07\/WhatsApp-Image-2025-07-22-at-12.43.39-PM-scaled.jpeg","articleSection":["El Salvador","Guatemala"],"inLanguage":"es","potentialAction":[{"@type":"CommentAction","name":"Comment","target":["https:\/\/www.visitcentroamerica.com\/sala-prensa\/actualidad\/guatemala\/guatemala-impulsa-su-oferta-turistica-en-el-salvador-de-cara-a-las-fiestas-agostinas\/#respond"]}]},{"@type":"WebPage","@id":"https:\/\/www.visitcentroamerica.com\/sala-prensa\/actualidad\/guatemala\/guatemala-impulsa-su-oferta-turistica-en-el-salvador-de-cara-a-las-fiestas-agostinas\/","url":"https:\/\/www.visitcentroamerica.com\/sala-prensa\/actualidad\/guatemala\/guatemala-impulsa-su-oferta-turistica-en-el-salvador-de-cara-a-las-fiestas-agostinas\/","name":"Guatemala impulsa su oferta tur\u00edstica en El Salvador de cara a las fiestas agostinas - Sala de prensa","isPartOf":{"@id":"https:\/\/www.visitcentroamerica.com\/sala-prensa\/#website"},"primaryImageOfPage":{"@id":"https:\/\/www.visitcentroamerica.com\/sala-prensa\/actualidad\/guatemala\/guatemala-impulsa-su-oferta-turistica-en-el-salvador-de-cara-a-las-fiestas-agostinas\/#primaryimage"},"image":{"@id":"https:\/\/www.visitcentroamerica.com\/sala-prensa\/actualidad\/guatemala\/guatemala-impulsa-su-oferta-turistica-en-el-salvador-de-cara-a-las-fiestas-agostinas\/#primaryimage"},"thumbnailUrl":"https:\/\/www.visitcentroamerica.com\/sala-prensa\/wp-content\/uploads\/2025\/07\/WhatsApp-Image-2025-07-22-at-12.43.39-PM-scaled.jpeg","datePublished":"2025-07-22T18:47:46+00:00","author":{"@id":"https:\/\/www.visitcentroamerica.com\/sala-prensa\/#\/schema\/person\/59be6d1215b91f3615c1bd403f512f60"},"breadcrumb":{"@id":"https:\/\/www.visitcentroamerica.com\/sala-prensa\/actualidad\/guatemala\/guatemala-impulsa-su-oferta-turistica-en-el-salvador-de-cara-a-las-fiestas-agostinas\/#breadcrumb"},"inLanguage":"es","potentialAction":[{"@type":"ReadAction","target":["https:\/\/www.visitcentroamerica.com\/sala-prensa\/actualidad\/guatemala\/guatemala-impulsa-su-oferta-turistica-en-el-salvador-de-cara-a-las-fiestas-agostinas\/"]}]},{"@type":"ImageObject","inLanguage":"es","@id":"https:\/\/www.visitcentroamerica.com\/sala-prensa\/actualidad\/guatemala\/guatemala-impulsa-su-oferta-turistica-en-el-salvador-de-cara-a-las-fiestas-agostinas\/#primaryimage","url":"https:\/\/www.visitcentroamerica.com\/sala-prensa\/wp-content\/uploads\/2025\/07\/WhatsApp-Image-2025-07-22-at-12.43.39-PM-scaled.jpeg","contentUrl":"https:\/\/www.visitcentroamerica.com\/sala-prensa\/wp-content\/uploads\/2025\/07\/WhatsApp-Image-2025-07-22-at-12.43.39-PM-scaled.jpeg","width":1600,"height":1200,"caption":"Rueda de negocios y presentaci\u00f3n de pa\u00eds GT Y SV"},{"@type":"BreadcrumbList","@id":"https:\/\/www.visitcentroamerica.com\/sala-prensa\/actualidad\/guatemala\/guatemala-impulsa-su-oferta-turistica-en-el-salvador-de-cara-a-las-fiestas-agostinas\/#breadcrumb","itemListElement":[{"@type":"ListItem","position":1,"name":"Portada","item":"https:\/\/www.visitcentroamerica.com\/sala-prensa\/"},{"@type":"ListItem","position":2,"name":"Guatemala impulsa su oferta tur\u00edstica en El Salvador de cara a las fiestas agostinas"}]},{"@type":"WebSite","@id":"https:\/\/www.visitcentroamerica.com\/sala-prensa\/#website","url":"https:\/\/www.visitcentroamerica.com\/sala-prensa\/","name":"Sala de prensa","description":"","potentialAction":[{"@type":"SearchAction","target":{"@type":"EntryPoint","urlTemplate":"https:\/\/www.visitcentroamerica.com\/sala-prensa\/?s={search_term_string}"},"query-input":{"@type":"PropertyValueSpecification","valueRequired":true,"valueName":"search_term_string"}}],"inLanguage":"es"},{"@type":"Person","@id":"https:\/\/www.visitcentroamerica.com\/sala-prensa\/#\/schema\/person\/59be6d1215b91f3615c1bd403f512f60","name":"Dafne Franco","image":{"@type":"ImageObject","inLanguage":"es","@id":"https:\/\/secure.gravatar.com\/avatar\/9d1ca1e4cce23c82e292f528a3ad52052d3fa1e03aabdb0af820d1980e40a8b2?s=96&d=mm&r=g","url":"https:\/\/secure.gravatar.com\/avatar\/9d1ca1e4cce23c82e292f528a3ad52052d3fa1e03aabdb0af820d1980e40a8b2?s=96&d=mm&r=g","contentUrl":"https:\/\/secure.gravatar.com\/avatar\/9d1ca1e4cce23c82e292f528a3ad52052d3fa1e03aabdb0af820d1980e40a8b2?s=96&d=mm&r=g","caption":"Dafne Franco"},"url":"https:\/\/www.visitcentroamerica.com\/sala-prensa\/author\/dafne\/"}]}},"_links":{"self":[{"href":"https:\/\/www.visitcentroamerica.com\/sala-prensa\/wp-json\/wp\/v2\/posts\/16632","targetHints":{"allow":["GET"]}}],"collection":[{"href":"https:\/\/www.visitcentroamerica.com\/sala-prensa\/wp-json\/wp\/v2\/posts"}],"about":[{"href":"https:\/\/www.visitcentroamerica.com\/sala-prensa\/wp-json\/wp\/v2\/types\/post"}],"author":[{"embeddable":true,"href":"https:\/\/www.visitcentroamerica.com\/sala-prensa\/wp-json\/wp\/v2\/users\/6"}],"replies":[{"embeddable":true,"href":"https:\/\/www.visitcentroamerica.com\/sala-prensa\/wp-json\/wp\/v2\/comments?post=16632"}],"version-history":[{"count":1,"href":"https:\/\/www.visitcentroamerica.com\/sala-prensa\/wp-json\/wp\/v2\/posts\/16632\/revisions"}],"predecessor-version":[{"id":16635,"href":"https:\/\/www.visitcentroamerica.com\/sala-prensa\/wp-json\/wp\/v2\/posts\/16632\/revisions\/16635"}],"wp:featuredmedia":[{"embeddable":true,"href":"https:\/\/www.visitcentroamerica.com\/sala-prensa\/wp-json\/wp\/v2\/media\/16633"}],"wp:attachment":[{"href":"https:\/\/www.visitcentroamerica.com\/sala-prensa\/wp-json\/wp\/v2\/media?parent=16632"}],"wp:term":[{"taxonomy":"category","embeddable":true,"href":"https:\/\/www.visitcentroamerica.com\/sala-prensa\/wp-json\/wp\/v2\/categories?post=16632"},{"taxonomy":"post_tag","embeddable":true,"href":"https:\/\/www.visitcentroamerica.com\/sala-prensa\/wp-json\/wp\/v2\/tags?post=16632"}],"curies":[{"name":"wp","href":"https:\/\/api.w.org\/{rel}","templated":true}]}}