{"id":16623,"date":"2025-07-18T18:40:39","date_gmt":"2025-07-18T16:40:39","guid":{"rendered":"https:\/\/www.visitcentroamerica.com\/sala-prensa\/?p=16623"},"modified":"2025-07-18T18:43:43","modified_gmt":"2025-07-18T16:43:43","slug":"centroamerica-celebra-20-anos-de-promocion-turistica-multidestino-a-traves-de-cata","status":"publish","type":"post","link":"https:\/\/www.visitcentroamerica.com\/sala-prensa\/actualidad\/eventos\/centroamerica-celebra-20-anos-de-promocion-turistica-multidestino-a-traves-de-cata\/","title":{"rendered":"Centroam\u00e9rica celebra 20 a\u00f1os de promoci\u00f3n tur\u00edstica multidestino a trav\u00e9s de CATA"},"content":{"rendered":"<p><img loading=\"lazy\" decoding=\"async\" class=\"alignnone wp-image-16626 size-full\" src=\"https:\/\/www.visitcentroamerica.com\/sala-prensa\/wp-content\/uploads\/2025\/07\/WhatsApp-Image-2025-07-18-at-9.45.30-AM.jpeg\" alt=\"\" width=\"1600\" height=\"710\" srcset=\"https:\/\/www.visitcentroamerica.com\/sala-prensa\/wp-content\/uploads\/2025\/07\/WhatsApp-Image-2025-07-18-at-9.45.30-AM.jpeg 1600w, https:\/\/www.visitcentroamerica.com\/sala-prensa\/wp-content\/uploads\/2025\/07\/WhatsApp-Image-2025-07-18-at-9.45.30-AM-300x133.jpeg 300w, https:\/\/www.visitcentroamerica.com\/sala-prensa\/wp-content\/uploads\/2025\/07\/WhatsApp-Image-2025-07-18-at-9.45.30-AM-1024x454.jpeg 1024w, https:\/\/www.visitcentroamerica.com\/sala-prensa\/wp-content\/uploads\/2025\/07\/WhatsApp-Image-2025-07-18-at-9.45.30-AM-768x341.jpeg 768w, https:\/\/www.visitcentroamerica.com\/sala-prensa\/wp-content\/uploads\/2025\/07\/WhatsApp-Image-2025-07-18-at-9.45.30-AM-1536x682.jpeg 1536w, https:\/\/www.visitcentroamerica.com\/sala-prensa\/wp-content\/uploads\/2025\/07\/WhatsApp-Image-2025-07-18-at-9.45.30-AM-946x420.jpeg 946w, https:\/\/www.visitcentroamerica.com\/sala-prensa\/wp-content\/uploads\/2025\/07\/WhatsApp-Image-2025-07-18-at-9.45.30-AM-696x309.jpeg 696w, https:\/\/www.visitcentroamerica.com\/sala-prensa\/wp-content\/uploads\/2025\/07\/WhatsApp-Image-2025-07-18-at-9.45.30-AM-1068x474.jpeg 1068w, https:\/\/www.visitcentroamerica.com\/sala-prensa\/wp-content\/uploads\/2025\/07\/WhatsApp-Image-2025-07-18-at-9.45.30-AM-500x222.jpeg 500w\" sizes=\"auto, (max-width: 1600px) 100vw, 1600px\" \/><\/p>\n<p>La Agencia de Promoci\u00f3n Tur\u00edstica de Centroam\u00e9rica (CATA, por sus siglas en ingl\u00e9s) celebr\u00f3 su vig\u00e9simo aniversario destacando dos d\u00e9cadas de trabajo continuo en la proyecci\u00f3n de la regi\u00f3n como un multidestino competitivo y sostenible.<\/p>\n<p>El evento conmemorativo fue encabezado por el Secretario General de CATA, Boris Iraheta, quien subray\u00f3 el impacto de la Agencia en el posicionamiento de Centroam\u00e9rica y Rep\u00fablica Dominicana en los mercados europeos y, m\u00e1s recientemente, en el mercado intrarregional. Tambi\u00e9n participaron autoridades del cuerpo diplom\u00e1tico, como la Sra. Cherie Nisbet, Embajadora de Belice en El Salvador, en representaci\u00f3n de la Presidencia Pro Tempore de CATA.<\/p>\n<p>Como parte del programa, se desarroll\u00f3 el panel \u201cCATA 20 a\u00f1os: La historia de un modelo exitoso de promoci\u00f3n tur\u00edstica multidestino\u201d, en el que participaron actores clave en la evoluci\u00f3n de la Agencia: Carolina Cerna, representante del Ministerio de Turismo de El Salvador; Nancy Mej\u00eda, Directora Ejecutiva de la C\u00e1mara de Turismo de Guatemala y miembro de FEDECATUR; y Rosario de Mena, ex secretaria ejecutiva de SITCA.<\/p>\n<p>Tambi\u00e9n se cont\u00f3 con la intervenci\u00f3n de representantes de socios para el desarrollo de CATA, como Olga del Pino, Asesora Principal del Fondo Espa\u00f1a SICA, y el Sr. Oscar Liang, Asesor de Proyectos de la Rep\u00fablica de China (Taiw\u00e1n) para el SICA, quienes destacaron la trayectoria de colaboraci\u00f3n y el impacto regional de las iniciativas conjuntas.<\/p>\n<p>Como cierre festivo de la jornada, se llev\u00f3 a cabo una rifa de boletos para visitar destinos centroamericanos, cortes\u00eda de Transportes del Sol y Shuttle Centroam\u00e9rica, fortaleciendo as\u00ed el mensaje de integraci\u00f3n y conectividad regional que CATA ha promovido desde su fundaci\u00f3n.<\/p>\n<p>Con este aniversario, CATA reafirma su compromiso con el desarrollo tur\u00edstico sostenible, la integraci\u00f3n regional y la promoci\u00f3n de una Centroam\u00e9rica vibrante, diversa y llena de oportunidades.<\/p>\n","protected":false},"excerpt":{"rendered":"<p>La Agencia de Promoci\u00f3n Tur\u00edstica de Centroam\u00e9rica (CATA, por sus siglas en ingl\u00e9s) celebr\u00f3 su vig\u00e9simo aniversario destacando dos d\u00e9cadas de trabajo continuo en la proyecci\u00f3n de la regi\u00f3n como un multidestino competitivo y sostenible. El evento conmemorativo fue encabezado por el Secretario General de CATA, Boris Iraheta, quien subray\u00f3 el impacto de la Agencia [&hellip;]<\/p>\n","protected":false},"author":6,"featured_media":16624,"comment_status":"open","ping_status":"closed","sticky":false,"template":"","format":"standard","meta":{"footnotes":""},"categories":[6],"tags":[],"class_list":{"0":"post-16623","1":"post","2":"type-post","3":"status-publish","4":"format-standard","5":"has-post-thumbnail","7":"category-eventos"},"yoast_head":"<!-- This site is optimized with the Yoast SEO plugin v27.3 - https:\/\/yoast.com\/product\/yoast-seo-wordpress\/ -->\n<title>Centroam\u00e9rica celebra 20 a\u00f1os de promoci\u00f3n tur\u00edstica multidestino a trav\u00e9s de CATA - Sala de prensa<\/title>\n<meta name=\"robots\" content=\"index, follow, max-snippet:-1, max-image-preview:large, max-video-preview:-1\" \/>\n<link rel=\"canonical\" href=\"https:\/\/www.visitcentroamerica.com\/sala-prensa\/actualidad\/eventos\/centroamerica-celebra-20-anos-de-promocion-turistica-multidestino-a-traves-de-cata\/\" \/>\n<meta property=\"og:locale\" content=\"es_ES\" \/>\n<meta property=\"og:type\" content=\"article\" \/>\n<meta property=\"og:title\" content=\"Centroam\u00e9rica celebra 20 a\u00f1os de promoci\u00f3n tur\u00edstica multidestino a trav\u00e9s de CATA - Sala de prensa\" \/>\n<meta property=\"og:description\" content=\"La Agencia de Promoci\u00f3n Tur\u00edstica de Centroam\u00e9rica (CATA, por sus siglas en ingl\u00e9s) celebr\u00f3 su vig\u00e9simo aniversario destacando dos d\u00e9cadas de trabajo continuo en la proyecci\u00f3n de la regi\u00f3n como un multidestino competitivo y sostenible. El evento conmemorativo fue encabezado por el Secretario General de CATA, Boris Iraheta, quien subray\u00f3 el impacto de la Agencia [&hellip;]\" \/>\n<meta property=\"og:url\" content=\"https:\/\/www.visitcentroamerica.com\/sala-prensa\/actualidad\/eventos\/centroamerica-celebra-20-anos-de-promocion-turistica-multidestino-a-traves-de-cata\/\" \/>\n<meta property=\"og:site_name\" content=\"Sala de prensa\" \/>\n<meta property=\"article:published_time\" content=\"2025-07-18T16:40:39+00:00\" \/>\n<meta property=\"article:modified_time\" content=\"2025-07-18T16:43:43+00:00\" \/>\n<meta property=\"og:image\" content=\"https:\/\/www.visitcentroamerica.com\/sala-prensa\/wp-content\/uploads\/2025\/07\/WhatsApp-Image-2025-07-17-at-6.22.32-PM.jpeg\" \/>\n\t<meta property=\"og:image:width\" content=\"1600\" \/>\n\t<meta property=\"og:image:height\" content=\"1067\" \/>\n\t<meta property=\"og:image:type\" content=\"image\/jpeg\" \/>\n<meta name=\"author\" content=\"Dafne Franco\" \/>\n<meta name=\"twitter:card\" content=\"summary_large_image\" \/>\n<meta name=\"twitter:label1\" content=\"Escrito por\" \/>\n\t<meta name=\"twitter:data1\" content=\"Dafne Franco\" \/>\n\t<meta name=\"twitter:label2\" content=\"Tiempo de lectura\" \/>\n\t<meta name=\"twitter:data2\" content=\"2 minutos\" \/>\n<script type=\"application\/ld+json\" class=\"yoast-schema-graph\">{\"@context\":\"https:\\\/\\\/schema.org\",\"@graph\":[{\"@type\":\"Article\",\"@id\":\"https:\\\/\\\/www.visitcentroamerica.com\\\/sala-prensa\\\/actualidad\\\/eventos\\\/centroamerica-celebra-20-anos-de-promocion-turistica-multidestino-a-traves-de-cata\\\/#article\",\"isPartOf\":{\"@id\":\"https:\\\/\\\/www.visitcentroamerica.com\\\/sala-prensa\\\/actualidad\\\/eventos\\\/centroamerica-celebra-20-anos-de-promocion-turistica-multidestino-a-traves-de-cata\\\/\"},\"author\":{\"name\":\"Dafne Franco\",\"@id\":\"https:\\\/\\\/www.visitcentroamerica.com\\\/sala-prensa\\\/#\\\/schema\\\/person\\\/59be6d1215b91f3615c1bd403f512f60\"},\"headline\":\"Centroam\u00e9rica celebra 20 a\u00f1os de promoci\u00f3n tur\u00edstica multidestino a trav\u00e9s de CATA\",\"datePublished\":\"2025-07-18T16:40:39+00:00\",\"dateModified\":\"2025-07-18T16:43:43+00:00\",\"mainEntityOfPage\":{\"@id\":\"https:\\\/\\\/www.visitcentroamerica.com\\\/sala-prensa\\\/actualidad\\\/eventos\\\/centroamerica-celebra-20-anos-de-promocion-turistica-multidestino-a-traves-de-cata\\\/\"},\"wordCount\":341,\"commentCount\":0,\"image\":{\"@id\":\"https:\\\/\\\/www.visitcentroamerica.com\\\/sala-prensa\\\/actualidad\\\/eventos\\\/centroamerica-celebra-20-anos-de-promocion-turistica-multidestino-a-traves-de-cata\\\/#primaryimage\"},\"thumbnailUrl\":\"https:\\\/\\\/www.visitcentroamerica.com\\\/sala-prensa\\\/wp-content\\\/uploads\\\/2025\\\/07\\\/WhatsApp-Image-2025-07-17-at-6.22.32-PM.jpeg\",\"articleSection\":[\"Eventos\"],\"inLanguage\":\"es\",\"potentialAction\":[{\"@type\":\"CommentAction\",\"name\":\"Comment\",\"target\":[\"https:\\\/\\\/www.visitcentroamerica.com\\\/sala-prensa\\\/actualidad\\\/eventos\\\/centroamerica-celebra-20-anos-de-promocion-turistica-multidestino-a-traves-de-cata\\\/#respond\"]}]},{\"@type\":\"WebPage\",\"@id\":\"https:\\\/\\\/www.visitcentroamerica.com\\\/sala-prensa\\\/actualidad\\\/eventos\\\/centroamerica-celebra-20-anos-de-promocion-turistica-multidestino-a-traves-de-cata\\\/\",\"url\":\"https:\\\/\\\/www.visitcentroamerica.com\\\/sala-prensa\\\/actualidad\\\/eventos\\\/centroamerica-celebra-20-anos-de-promocion-turistica-multidestino-a-traves-de-cata\\\/\",\"name\":\"Centroam\u00e9rica celebra 20 a\u00f1os de promoci\u00f3n tur\u00edstica multidestino a trav\u00e9s de CATA - Sala de prensa\",\"isPartOf\":{\"@id\":\"https:\\\/\\\/www.visitcentroamerica.com\\\/sala-prensa\\\/#website\"},\"primaryImageOfPage\":{\"@id\":\"https:\\\/\\\/www.visitcentroamerica.com\\\/sala-prensa\\\/actualidad\\\/eventos\\\/centroamerica-celebra-20-anos-de-promocion-turistica-multidestino-a-traves-de-cata\\\/#primaryimage\"},\"image\":{\"@id\":\"https:\\\/\\\/www.visitcentroamerica.com\\\/sala-prensa\\\/actualidad\\\/eventos\\\/centroamerica-celebra-20-anos-de-promocion-turistica-multidestino-a-traves-de-cata\\\/#primaryimage\"},\"thumbnailUrl\":\"https:\\\/\\\/www.visitcentroamerica.com\\\/sala-prensa\\\/wp-content\\\/uploads\\\/2025\\\/07\\\/WhatsApp-Image-2025-07-17-at-6.22.32-PM.jpeg\",\"datePublished\":\"2025-07-18T16:40:39+00:00\",\"dateModified\":\"2025-07-18T16:43:43+00:00\",\"author\":{\"@id\":\"https:\\\/\\\/www.visitcentroamerica.com\\\/sala-prensa\\\/#\\\/schema\\\/person\\\/59be6d1215b91f3615c1bd403f512f60\"},\"breadcrumb\":{\"@id\":\"https:\\\/\\\/www.visitcentroamerica.com\\\/sala-prensa\\\/actualidad\\\/eventos\\\/centroamerica-celebra-20-anos-de-promocion-turistica-multidestino-a-traves-de-cata\\\/#breadcrumb\"},\"inLanguage\":\"es\",\"potentialAction\":[{\"@type\":\"ReadAction\",\"target\":[\"https:\\\/\\\/www.visitcentroamerica.com\\\/sala-prensa\\\/actualidad\\\/eventos\\\/centroamerica-celebra-20-anos-de-promocion-turistica-multidestino-a-traves-de-cata\\\/\"]}]},{\"@type\":\"ImageObject\",\"inLanguage\":\"es\",\"@id\":\"https:\\\/\\\/www.visitcentroamerica.com\\\/sala-prensa\\\/actualidad\\\/eventos\\\/centroamerica-celebra-20-anos-de-promocion-turistica-multidestino-a-traves-de-cata\\\/#primaryimage\",\"url\":\"https:\\\/\\\/www.visitcentroamerica.com\\\/sala-prensa\\\/wp-content\\\/uploads\\\/2025\\\/07\\\/WhatsApp-Image-2025-07-17-at-6.22.32-PM.jpeg\",\"contentUrl\":\"https:\\\/\\\/www.visitcentroamerica.com\\\/sala-prensa\\\/wp-content\\\/uploads\\\/2025\\\/07\\\/WhatsApp-Image-2025-07-17-at-6.22.32-PM.jpeg\",\"width\":1600,\"height\":1067},{\"@type\":\"BreadcrumbList\",\"@id\":\"https:\\\/\\\/www.visitcentroamerica.com\\\/sala-prensa\\\/actualidad\\\/eventos\\\/centroamerica-celebra-20-anos-de-promocion-turistica-multidestino-a-traves-de-cata\\\/#breadcrumb\",\"itemListElement\":[{\"@type\":\"ListItem\",\"position\":1,\"name\":\"Portada\",\"item\":\"https:\\\/\\\/www.visitcentroamerica.com\\\/sala-prensa\\\/\"},{\"@type\":\"ListItem\",\"position\":2,\"name\":\"Centroam\u00e9rica celebra 20 a\u00f1os de promoci\u00f3n tur\u00edstica multidestino a trav\u00e9s de CATA\"}]},{\"@type\":\"WebSite\",\"@id\":\"https:\\\/\\\/www.visitcentroamerica.com\\\/sala-prensa\\\/#website\",\"url\":\"https:\\\/\\\/www.visitcentroamerica.com\\\/sala-prensa\\\/\",\"name\":\"Sala de prensa\",\"description\":\"\",\"potentialAction\":[{\"@type\":\"SearchAction\",\"target\":{\"@type\":\"EntryPoint\",\"urlTemplate\":\"https:\\\/\\\/www.visitcentroamerica.com\\\/sala-prensa\\\/?s={search_term_string}\"},\"query-input\":{\"@type\":\"PropertyValueSpecification\",\"valueRequired\":true,\"valueName\":\"search_term_string\"}}],\"inLanguage\":\"es\"},{\"@type\":\"Person\",\"@id\":\"https:\\\/\\\/www.visitcentroamerica.com\\\/sala-prensa\\\/#\\\/schema\\\/person\\\/59be6d1215b91f3615c1bd403f512f60\",\"name\":\"Dafne Franco\",\"image\":{\"@type\":\"ImageObject\",\"inLanguage\":\"es\",\"@id\":\"https:\\\/\\\/secure.gravatar.com\\\/avatar\\\/9d1ca1e4cce23c82e292f528a3ad52052d3fa1e03aabdb0af820d1980e40a8b2?s=96&d=mm&r=g\",\"url\":\"https:\\\/\\\/secure.gravatar.com\\\/avatar\\\/9d1ca1e4cce23c82e292f528a3ad52052d3fa1e03aabdb0af820d1980e40a8b2?s=96&d=mm&r=g\",\"contentUrl\":\"https:\\\/\\\/secure.gravatar.com\\\/avatar\\\/9d1ca1e4cce23c82e292f528a3ad52052d3fa1e03aabdb0af820d1980e40a8b2?s=96&d=mm&r=g\",\"caption\":\"Dafne Franco\"},\"url\":\"https:\\\/\\\/www.visitcentroamerica.com\\\/sala-prensa\\\/author\\\/dafne\\\/\"}]}<\/script>\n<!-- \/ Yoast SEO plugin. -->","yoast_head_json":{"title":"Centroam\u00e9rica celebra 20 a\u00f1os de promoci\u00f3n tur\u00edstica multidestino a trav\u00e9s de CATA - Sala de prensa","robots":{"index":"index","follow":"follow","max-snippet":"max-snippet:-1","max-image-preview":"max-image-preview:large","max-video-preview":"max-video-preview:-1"},"canonical":"https:\/\/www.visitcentroamerica.com\/sala-prensa\/actualidad\/eventos\/centroamerica-celebra-20-anos-de-promocion-turistica-multidestino-a-traves-de-cata\/","og_locale":"es_ES","og_type":"article","og_title":"Centroam\u00e9rica celebra 20 a\u00f1os de promoci\u00f3n tur\u00edstica multidestino a trav\u00e9s de CATA - Sala de prensa","og_description":"La Agencia de Promoci\u00f3n Tur\u00edstica de Centroam\u00e9rica (CATA, por sus siglas en ingl\u00e9s) celebr\u00f3 su vig\u00e9simo aniversario destacando dos d\u00e9cadas de trabajo continuo en la proyecci\u00f3n de la regi\u00f3n como un multidestino competitivo y sostenible. El evento conmemorativo fue encabezado por el Secretario General de CATA, Boris Iraheta, quien subray\u00f3 el impacto de la Agencia [&hellip;]","og_url":"https:\/\/www.visitcentroamerica.com\/sala-prensa\/actualidad\/eventos\/centroamerica-celebra-20-anos-de-promocion-turistica-multidestino-a-traves-de-cata\/","og_site_name":"Sala de prensa","article_published_time":"2025-07-18T16:40:39+00:00","article_modified_time":"2025-07-18T16:43:43+00:00","og_image":[{"width":1600,"height":1067,"url":"https:\/\/www.visitcentroamerica.com\/sala-prensa\/wp-content\/uploads\/2025\/07\/WhatsApp-Image-2025-07-17-at-6.22.32-PM.jpeg","type":"image\/jpeg"}],"author":"Dafne Franco","twitter_card":"summary_large_image","twitter_misc":{"Escrito por":"Dafne Franco","Tiempo de lectura":"2 minutos"},"schema":{"@context":"https:\/\/schema.org","@graph":[{"@type":"Article","@id":"https:\/\/www.visitcentroamerica.com\/sala-prensa\/actualidad\/eventos\/centroamerica-celebra-20-anos-de-promocion-turistica-multidestino-a-traves-de-cata\/#article","isPartOf":{"@id":"https:\/\/www.visitcentroamerica.com\/sala-prensa\/actualidad\/eventos\/centroamerica-celebra-20-anos-de-promocion-turistica-multidestino-a-traves-de-cata\/"},"author":{"name":"Dafne Franco","@id":"https:\/\/www.visitcentroamerica.com\/sala-prensa\/#\/schema\/person\/59be6d1215b91f3615c1bd403f512f60"},"headline":"Centroam\u00e9rica celebra 20 a\u00f1os de promoci\u00f3n tur\u00edstica multidestino a trav\u00e9s de CATA","datePublished":"2025-07-18T16:40:39+00:00","dateModified":"2025-07-18T16:43:43+00:00","mainEntityOfPage":{"@id":"https:\/\/www.visitcentroamerica.com\/sala-prensa\/actualidad\/eventos\/centroamerica-celebra-20-anos-de-promocion-turistica-multidestino-a-traves-de-cata\/"},"wordCount":341,"commentCount":0,"image":{"@id":"https:\/\/www.visitcentroamerica.com\/sala-prensa\/actualidad\/eventos\/centroamerica-celebra-20-anos-de-promocion-turistica-multidestino-a-traves-de-cata\/#primaryimage"},"thumbnailUrl":"https:\/\/www.visitcentroamerica.com\/sala-prensa\/wp-content\/uploads\/2025\/07\/WhatsApp-Image-2025-07-17-at-6.22.32-PM.jpeg","articleSection":["Eventos"],"inLanguage":"es","potentialAction":[{"@type":"CommentAction","name":"Comment","target":["https:\/\/www.visitcentroamerica.com\/sala-prensa\/actualidad\/eventos\/centroamerica-celebra-20-anos-de-promocion-turistica-multidestino-a-traves-de-cata\/#respond"]}]},{"@type":"WebPage","@id":"https:\/\/www.visitcentroamerica.com\/sala-prensa\/actualidad\/eventos\/centroamerica-celebra-20-anos-de-promocion-turistica-multidestino-a-traves-de-cata\/","url":"https:\/\/www.visitcentroamerica.com\/sala-prensa\/actualidad\/eventos\/centroamerica-celebra-20-anos-de-promocion-turistica-multidestino-a-traves-de-cata\/","name":"Centroam\u00e9rica celebra 20 a\u00f1os de promoci\u00f3n tur\u00edstica multidestino a trav\u00e9s de CATA - Sala de prensa","isPartOf":{"@id":"https:\/\/www.visitcentroamerica.com\/sala-prensa\/#website"},"primaryImageOfPage":{"@id":"https:\/\/www.visitcentroamerica.com\/sala-prensa\/actualidad\/eventos\/centroamerica-celebra-20-anos-de-promocion-turistica-multidestino-a-traves-de-cata\/#primaryimage"},"image":{"@id":"https:\/\/www.visitcentroamerica.com\/sala-prensa\/actualidad\/eventos\/centroamerica-celebra-20-anos-de-promocion-turistica-multidestino-a-traves-de-cata\/#primaryimage"},"thumbnailUrl":"https:\/\/www.visitcentroamerica.com\/sala-prensa\/wp-content\/uploads\/2025\/07\/WhatsApp-Image-2025-07-17-at-6.22.32-PM.jpeg","datePublished":"2025-07-18T16:40:39+00:00","dateModified":"2025-07-18T16:43:43+00:00","author":{"@id":"https:\/\/www.visitcentroamerica.com\/sala-prensa\/#\/schema\/person\/59be6d1215b91f3615c1bd403f512f60"},"breadcrumb":{"@id":"https:\/\/www.visitcentroamerica.com\/sala-prensa\/actualidad\/eventos\/centroamerica-celebra-20-anos-de-promocion-turistica-multidestino-a-traves-de-cata\/#breadcrumb"},"inLanguage":"es","potentialAction":[{"@type":"ReadAction","target":["https:\/\/www.visitcentroamerica.com\/sala-prensa\/actualidad\/eventos\/centroamerica-celebra-20-anos-de-promocion-turistica-multidestino-a-traves-de-cata\/"]}]},{"@type":"ImageObject","inLanguage":"es","@id":"https:\/\/www.visitcentroamerica.com\/sala-prensa\/actualidad\/eventos\/centroamerica-celebra-20-anos-de-promocion-turistica-multidestino-a-traves-de-cata\/#primaryimage","url":"https:\/\/www.visitcentroamerica.com\/sala-prensa\/wp-content\/uploads\/2025\/07\/WhatsApp-Image-2025-07-17-at-6.22.32-PM.jpeg","contentUrl":"https:\/\/www.visitcentroamerica.com\/sala-prensa\/wp-content\/uploads\/2025\/07\/WhatsApp-Image-2025-07-17-at-6.22.32-PM.jpeg","width":1600,"height":1067},{"@type":"BreadcrumbList","@id":"https:\/\/www.visitcentroamerica.com\/sala-prensa\/actualidad\/eventos\/centroamerica-celebra-20-anos-de-promocion-turistica-multidestino-a-traves-de-cata\/#breadcrumb","itemListElement":[{"@type":"ListItem","position":1,"name":"Portada","item":"https:\/\/www.visitcentroamerica.com\/sala-prensa\/"},{"@type":"ListItem","position":2,"name":"Centroam\u00e9rica celebra 20 a\u00f1os de promoci\u00f3n tur\u00edstica multidestino a trav\u00e9s de CATA"}]},{"@type":"WebSite","@id":"https:\/\/www.visitcentroamerica.com\/sala-prensa\/#website","url":"https:\/\/www.visitcentroamerica.com\/sala-prensa\/","name":"Sala de prensa","description":"","potentialAction":[{"@type":"SearchAction","target":{"@type":"EntryPoint","urlTemplate":"https:\/\/www.visitcentroamerica.com\/sala-prensa\/?s={search_term_string}"},"query-input":{"@type":"PropertyValueSpecification","valueRequired":true,"valueName":"search_term_string"}}],"inLanguage":"es"},{"@type":"Person","@id":"https:\/\/www.visitcentroamerica.com\/sala-prensa\/#\/schema\/person\/59be6d1215b91f3615c1bd403f512f60","name":"Dafne Franco","image":{"@type":"ImageObject","inLanguage":"es","@id":"https:\/\/secure.gravatar.com\/avatar\/9d1ca1e4cce23c82e292f528a3ad52052d3fa1e03aabdb0af820d1980e40a8b2?s=96&d=mm&r=g","url":"https:\/\/secure.gravatar.com\/avatar\/9d1ca1e4cce23c82e292f528a3ad52052d3fa1e03aabdb0af820d1980e40a8b2?s=96&d=mm&r=g","contentUrl":"https:\/\/secure.gravatar.com\/avatar\/9d1ca1e4cce23c82e292f528a3ad52052d3fa1e03aabdb0af820d1980e40a8b2?s=96&d=mm&r=g","caption":"Dafne Franco"},"url":"https:\/\/www.visitcentroamerica.com\/sala-prensa\/author\/dafne\/"}]}},"_links":{"self":[{"href":"https:\/\/www.visitcentroamerica.com\/sala-prensa\/wp-json\/wp\/v2\/posts\/16623","targetHints":{"allow":["GET"]}}],"collection":[{"href":"https:\/\/www.visitcentroamerica.com\/sala-prensa\/wp-json\/wp\/v2\/posts"}],"about":[{"href":"https:\/\/www.visitcentroamerica.com\/sala-prensa\/wp-json\/wp\/v2\/types\/post"}],"author":[{"embeddable":true,"href":"https:\/\/www.visitcentroamerica.com\/sala-prensa\/wp-json\/wp\/v2\/users\/6"}],"replies":[{"embeddable":true,"href":"https:\/\/www.visitcentroamerica.com\/sala-prensa\/wp-json\/wp\/v2\/comments?post=16623"}],"version-history":[{"count":3,"href":"https:\/\/www.visitcentroamerica.com\/sala-prensa\/wp-json\/wp\/v2\/posts\/16623\/revisions"}],"predecessor-version":[{"id":16630,"href":"https:\/\/www.visitcentroamerica.com\/sala-prensa\/wp-json\/wp\/v2\/posts\/16623\/revisions\/16630"}],"wp:featuredmedia":[{"embeddable":true,"href":"https:\/\/www.visitcentroamerica.com\/sala-prensa\/wp-json\/wp\/v2\/media\/16624"}],"wp:attachment":[{"href":"https:\/\/www.visitcentroamerica.com\/sala-prensa\/wp-json\/wp\/v2\/media?parent=16623"}],"wp:term":[{"taxonomy":"category","embeddable":true,"href":"https:\/\/www.visitcentroamerica.com\/sala-prensa\/wp-json\/wp\/v2\/categories?post=16623"},{"taxonomy":"post_tag","embeddable":true,"href":"https:\/\/www.visitcentroamerica.com\/sala-prensa\/wp-json\/wp\/v2\/tags?post=16623"}],"curies":[{"name":"wp","href":"https:\/\/api.w.org\/{rel}","templated":true}]}}