{"id":16566,"date":"2025-07-01T23:55:02","date_gmt":"2025-07-01T21:55:02","guid":{"rendered":"https:\/\/www.visitcentroamerica.com\/sala-prensa\/?p=16566"},"modified":"2025-07-01T23:55:02","modified_gmt":"2025-07-01T21:55:02","slug":"guatemala-y-el-salvador-reunen-50-empresas-para-el-intercambio-turistico-binacional","status":"publish","type":"post","link":"https:\/\/www.visitcentroamerica.com\/sala-prensa\/actualidad\/el-salvador\/guatemala-y-el-salvador-reunen-50-empresas-para-el-intercambio-turistico-binacional\/","title":{"rendered":"Guatemala y El Salvador re\u00fanen 50 empresas para el intercambio tur\u00edstico binacional"},"content":{"rendered":"<p><img loading=\"lazy\" decoding=\"async\" class=\"alignnone wp-image-16567 size-full\" src=\"https:\/\/www.visitcentroamerica.com\/sala-prensa\/wp-content\/uploads\/2025\/07\/WhatsApp-Image-2025-07-01-at-3.52.18-PM-scaled.jpeg\" alt=\"B2B  GT SHUTTLE CA\" width=\"2560\" height=\"1920\" srcset=\"https:\/\/www.visitcentroamerica.com\/sala-prensa\/wp-content\/uploads\/2025\/07\/WhatsApp-Image-2025-07-01-at-3.52.18-PM-scaled.jpeg 1600w, https:\/\/www.visitcentroamerica.com\/sala-prensa\/wp-content\/uploads\/2025\/07\/WhatsApp-Image-2025-07-01-at-3.52.18-PM-300x225.jpeg 300w, https:\/\/www.visitcentroamerica.com\/sala-prensa\/wp-content\/uploads\/2025\/07\/WhatsApp-Image-2025-07-01-at-3.52.18-PM-1024x768.jpeg 1024w, https:\/\/www.visitcentroamerica.com\/sala-prensa\/wp-content\/uploads\/2025\/07\/WhatsApp-Image-2025-07-01-at-3.52.18-PM-768x576.jpeg 768w, https:\/\/www.visitcentroamerica.com\/sala-prensa\/wp-content\/uploads\/2025\/07\/WhatsApp-Image-2025-07-01-at-3.52.18-PM-1536x1152.jpeg 1536w, https:\/\/www.visitcentroamerica.com\/sala-prensa\/wp-content\/uploads\/2025\/07\/WhatsApp-Image-2025-07-01-at-3.52.18-PM-560x420.jpeg 560w, https:\/\/www.visitcentroamerica.com\/sala-prensa\/wp-content\/uploads\/2025\/07\/WhatsApp-Image-2025-07-01-at-3.52.18-PM-80x60.jpeg 80w, https:\/\/www.visitcentroamerica.com\/sala-prensa\/wp-content\/uploads\/2025\/07\/WhatsApp-Image-2025-07-01-at-3.52.18-PM-696x522.jpeg 696w, https:\/\/www.visitcentroamerica.com\/sala-prensa\/wp-content\/uploads\/2025\/07\/WhatsApp-Image-2025-07-01-at-3.52.18-PM-1068x801.jpeg 1068w, https:\/\/www.visitcentroamerica.com\/sala-prensa\/wp-content\/uploads\/2025\/07\/WhatsApp-Image-2025-07-01-at-3.52.18-PM-265x198.jpeg 265w, https:\/\/www.visitcentroamerica.com\/sala-prensa\/wp-content\/uploads\/2025\/07\/WhatsApp-Image-2025-07-01-at-3.52.18-PM-500x375.jpeg 500w\" sizes=\"auto, (max-width: 2560px) 100vw, 2560px\" \/><\/p>\n<p>M\u00e1s de 50 empresarios del sector tur\u00edstico de Guatemala y El Salvador se dieron cita en el Hotel Camino Real Antigua en el marco de una rueda de negocios binacional, con el prop\u00f3sito de ampliar oportunidades de colaboraci\u00f3n, fomentar alianzas estrat\u00e9gicas y promover la integraci\u00f3n regional.<\/p>\n<p>La actividad convoc\u00f3 a destacadas empresas salvadore\u00f1as como\u00a0Acantilados, Cuzca Tours Centroam\u00e9rica, Eco Suites El Zonte, El Salvador Aventuras, Ernesto Mochilero, Hotel Suites Las Palmas, Ipan Noya, L\u00ednea Ejecutiva, Litos hotel y restaurante, Lucrecia Acosta Meetings, Mayan Escapes, Papayas Lodge, Puro Surf Hotel + Performance Academy y Tropic Turismo, entre otras.<\/p>\n<p>Por parte de Guatemala participaron empresas como\u00a0Direct Adventure Guatemala, CA Travelers, Mundo Spanish School, Finca San Cayetano (Grupo RRD), Soleil Antigua, Simoon Tours, Old Town, Porta Hotels, Sin Fronteras Viajes y Turismo, Grupo Alta &#8211; Villa Bokeh, Cocori Lodge, Correcaminos SA, Pappys BBQ, Adra Hostel, Experience Markers Antigua y Aventulust, quienes compartieron su oferta con el fin de establecer alianzas que impulsen el turismo multidestino en la regi\u00f3n.<\/p>\n<p>Este encuentro cobra especial relevancia al celebrarse en el contexto del lanzamiento de la nueva conexi\u00f3n directa entre dos joyas del turismo centroamericano:\u00a0La Antigua Guatemala y Surf City El Salvador, a trav\u00e9s del\u00a0Centroam\u00e9rica Shuttle, una ruta dise\u00f1ada para facilitar la movilidad segura, eficiente y directa entre estos dos destinos ic\u00f3nicos.<\/p>\n<p>La rueda de negocios fue organizada de forma conjunta por la\u00a0C\u00e1mara Salvadore\u00f1a de Turismo (CASATUR)\u00a0y la\u00a0C\u00e1mara de Turismo de Guatemala (CAMTUR), con el respaldo del\u00a0Ministerio de Turismo de El Salvador (MITUR), el\u00a0Instituto Guatemalteco de Turismo (INGUAT)\u00a0y el acompa\u00f1amiento de la\u00a0Agencia de Promoci\u00f3n Tur\u00edstica de Centroam\u00e9rica (CATA).<\/p>\n<p>Con esta iniciativa,\u00a0Centroam\u00e9rica reafirma su compromiso de avanzar como una regi\u00f3n unida, conectada y lista para recibir al mundo con experiencias aut\u00e9nticas, sostenibles y profundamente humanas.<\/p>\n","protected":false},"excerpt":{"rendered":"<p>M\u00e1s de 50 empresarios del sector tur\u00edstico de Guatemala y El Salvador se dieron cita en el Hotel Camino Real Antigua en el marco de una rueda de negocios binacional, con el prop\u00f3sito de ampliar oportunidades de colaboraci\u00f3n, fomentar alianzas estrat\u00e9gicas y promover la integraci\u00f3n regional. La actividad convoc\u00f3 a destacadas empresas salvadore\u00f1as como\u00a0Acantilados, Cuzca [&hellip;]<\/p>\n","protected":false},"author":6,"featured_media":16567,"comment_status":"open","ping_status":"closed","sticky":false,"template":"","format":"standard","meta":{"footnotes":""},"categories":[9,12,25],"tags":[],"class_list":{"0":"post-16566","1":"post","2":"type-post","3":"status-publish","4":"format-standard","5":"has-post-thumbnail","7":"category-el-salvador","8":"category-guatemala","9":"category-viajar"},"yoast_head":"<!-- This site is optimized with the Yoast SEO plugin v27.3 - https:\/\/yoast.com\/product\/yoast-seo-wordpress\/ -->\n<title>Guatemala y El Salvador re\u00fanen 50 empresas para el intercambio tur\u00edstico binacional - Sala de prensa<\/title>\n<meta name=\"robots\" content=\"index, follow, max-snippet:-1, max-image-preview:large, max-video-preview:-1\" \/>\n<link rel=\"canonical\" href=\"https:\/\/www.visitcentroamerica.com\/sala-prensa\/actualidad\/el-salvador\/guatemala-y-el-salvador-reunen-50-empresas-para-el-intercambio-turistico-binacional\/\" \/>\n<meta property=\"og:locale\" content=\"es_ES\" \/>\n<meta property=\"og:type\" content=\"article\" \/>\n<meta property=\"og:title\" content=\"Guatemala y El Salvador re\u00fanen 50 empresas para el intercambio tur\u00edstico binacional - Sala de prensa\" \/>\n<meta property=\"og:description\" content=\"M\u00e1s de 50 empresarios del sector tur\u00edstico de Guatemala y El Salvador se dieron cita en el Hotel Camino Real Antigua en el marco de una rueda de negocios binacional, con el prop\u00f3sito de ampliar oportunidades de colaboraci\u00f3n, fomentar alianzas estrat\u00e9gicas y promover la integraci\u00f3n regional. La actividad convoc\u00f3 a destacadas empresas salvadore\u00f1as como\u00a0Acantilados, Cuzca [&hellip;]\" \/>\n<meta property=\"og:url\" content=\"https:\/\/www.visitcentroamerica.com\/sala-prensa\/actualidad\/el-salvador\/guatemala-y-el-salvador-reunen-50-empresas-para-el-intercambio-turistico-binacional\/\" \/>\n<meta property=\"og:site_name\" content=\"Sala de prensa\" \/>\n<meta property=\"article:published_time\" content=\"2025-07-01T21:55:02+00:00\" \/>\n<meta property=\"og:image\" content=\"https:\/\/www.visitcentroamerica.com\/sala-prensa\/wp-content\/uploads\/2025\/07\/WhatsApp-Image-2025-07-01-at-3.52.18-PM-scaled.jpeg\" \/>\n\t<meta property=\"og:image:width\" content=\"1600\" \/>\n\t<meta property=\"og:image:height\" content=\"1200\" \/>\n\t<meta property=\"og:image:type\" content=\"image\/jpeg\" \/>\n<meta name=\"author\" content=\"Dafne Franco\" \/>\n<meta name=\"twitter:card\" content=\"summary_large_image\" \/>\n<meta name=\"twitter:label1\" content=\"Escrito por\" \/>\n\t<meta name=\"twitter:data1\" content=\"Dafne Franco\" \/>\n\t<meta name=\"twitter:label2\" content=\"Tiempo de lectura\" \/>\n\t<meta name=\"twitter:data2\" content=\"2 minutos\" \/>\n<script type=\"application\/ld+json\" class=\"yoast-schema-graph\">{\"@context\":\"https:\\\/\\\/schema.org\",\"@graph\":[{\"@type\":\"Article\",\"@id\":\"https:\\\/\\\/www.visitcentroamerica.com\\\/sala-prensa\\\/actualidad\\\/el-salvador\\\/guatemala-y-el-salvador-reunen-50-empresas-para-el-intercambio-turistico-binacional\\\/#article\",\"isPartOf\":{\"@id\":\"https:\\\/\\\/www.visitcentroamerica.com\\\/sala-prensa\\\/actualidad\\\/el-salvador\\\/guatemala-y-el-salvador-reunen-50-empresas-para-el-intercambio-turistico-binacional\\\/\"},\"author\":{\"name\":\"Dafne Franco\",\"@id\":\"https:\\\/\\\/www.visitcentroamerica.com\\\/sala-prensa\\\/#\\\/schema\\\/person\\\/59be6d1215b91f3615c1bd403f512f60\"},\"headline\":\"Guatemala y El Salvador re\u00fanen 50 empresas para el intercambio tur\u00edstico binacional\",\"datePublished\":\"2025-07-01T21:55:02+00:00\",\"mainEntityOfPage\":{\"@id\":\"https:\\\/\\\/www.visitcentroamerica.com\\\/sala-prensa\\\/actualidad\\\/el-salvador\\\/guatemala-y-el-salvador-reunen-50-empresas-para-el-intercambio-turistico-binacional\\\/\"},\"wordCount\":334,\"commentCount\":0,\"image\":{\"@id\":\"https:\\\/\\\/www.visitcentroamerica.com\\\/sala-prensa\\\/actualidad\\\/el-salvador\\\/guatemala-y-el-salvador-reunen-50-empresas-para-el-intercambio-turistico-binacional\\\/#primaryimage\"},\"thumbnailUrl\":\"https:\\\/\\\/www.visitcentroamerica.com\\\/sala-prensa\\\/wp-content\\\/uploads\\\/2025\\\/07\\\/WhatsApp-Image-2025-07-01-at-3.52.18-PM-scaled.jpeg\",\"articleSection\":[\"El Salvador\",\"Guatemala\",\"Viajar\"],\"inLanguage\":\"es\",\"potentialAction\":[{\"@type\":\"CommentAction\",\"name\":\"Comment\",\"target\":[\"https:\\\/\\\/www.visitcentroamerica.com\\\/sala-prensa\\\/actualidad\\\/el-salvador\\\/guatemala-y-el-salvador-reunen-50-empresas-para-el-intercambio-turistico-binacional\\\/#respond\"]}]},{\"@type\":\"WebPage\",\"@id\":\"https:\\\/\\\/www.visitcentroamerica.com\\\/sala-prensa\\\/actualidad\\\/el-salvador\\\/guatemala-y-el-salvador-reunen-50-empresas-para-el-intercambio-turistico-binacional\\\/\",\"url\":\"https:\\\/\\\/www.visitcentroamerica.com\\\/sala-prensa\\\/actualidad\\\/el-salvador\\\/guatemala-y-el-salvador-reunen-50-empresas-para-el-intercambio-turistico-binacional\\\/\",\"name\":\"Guatemala y El Salvador re\u00fanen 50 empresas para el intercambio tur\u00edstico binacional - Sala de prensa\",\"isPartOf\":{\"@id\":\"https:\\\/\\\/www.visitcentroamerica.com\\\/sala-prensa\\\/#website\"},\"primaryImageOfPage\":{\"@id\":\"https:\\\/\\\/www.visitcentroamerica.com\\\/sala-prensa\\\/actualidad\\\/el-salvador\\\/guatemala-y-el-salvador-reunen-50-empresas-para-el-intercambio-turistico-binacional\\\/#primaryimage\"},\"image\":{\"@id\":\"https:\\\/\\\/www.visitcentroamerica.com\\\/sala-prensa\\\/actualidad\\\/el-salvador\\\/guatemala-y-el-salvador-reunen-50-empresas-para-el-intercambio-turistico-binacional\\\/#primaryimage\"},\"thumbnailUrl\":\"https:\\\/\\\/www.visitcentroamerica.com\\\/sala-prensa\\\/wp-content\\\/uploads\\\/2025\\\/07\\\/WhatsApp-Image-2025-07-01-at-3.52.18-PM-scaled.jpeg\",\"datePublished\":\"2025-07-01T21:55:02+00:00\",\"author\":{\"@id\":\"https:\\\/\\\/www.visitcentroamerica.com\\\/sala-prensa\\\/#\\\/schema\\\/person\\\/59be6d1215b91f3615c1bd403f512f60\"},\"breadcrumb\":{\"@id\":\"https:\\\/\\\/www.visitcentroamerica.com\\\/sala-prensa\\\/actualidad\\\/el-salvador\\\/guatemala-y-el-salvador-reunen-50-empresas-para-el-intercambio-turistico-binacional\\\/#breadcrumb\"},\"inLanguage\":\"es\",\"potentialAction\":[{\"@type\":\"ReadAction\",\"target\":[\"https:\\\/\\\/www.visitcentroamerica.com\\\/sala-prensa\\\/actualidad\\\/el-salvador\\\/guatemala-y-el-salvador-reunen-50-empresas-para-el-intercambio-turistico-binacional\\\/\"]}]},{\"@type\":\"ImageObject\",\"inLanguage\":\"es\",\"@id\":\"https:\\\/\\\/www.visitcentroamerica.com\\\/sala-prensa\\\/actualidad\\\/el-salvador\\\/guatemala-y-el-salvador-reunen-50-empresas-para-el-intercambio-turistico-binacional\\\/#primaryimage\",\"url\":\"https:\\\/\\\/www.visitcentroamerica.com\\\/sala-prensa\\\/wp-content\\\/uploads\\\/2025\\\/07\\\/WhatsApp-Image-2025-07-01-at-3.52.18-PM-scaled.jpeg\",\"contentUrl\":\"https:\\\/\\\/www.visitcentroamerica.com\\\/sala-prensa\\\/wp-content\\\/uploads\\\/2025\\\/07\\\/WhatsApp-Image-2025-07-01-at-3.52.18-PM-scaled.jpeg\",\"width\":1600,\"height\":1200,\"caption\":\"B2B GT SHUTTLE CA\"},{\"@type\":\"BreadcrumbList\",\"@id\":\"https:\\\/\\\/www.visitcentroamerica.com\\\/sala-prensa\\\/actualidad\\\/el-salvador\\\/guatemala-y-el-salvador-reunen-50-empresas-para-el-intercambio-turistico-binacional\\\/#breadcrumb\",\"itemListElement\":[{\"@type\":\"ListItem\",\"position\":1,\"name\":\"Portada\",\"item\":\"https:\\\/\\\/www.visitcentroamerica.com\\\/sala-prensa\\\/\"},{\"@type\":\"ListItem\",\"position\":2,\"name\":\"Guatemala y El Salvador re\u00fanen 50 empresas para el intercambio tur\u00edstico binacional\"}]},{\"@type\":\"WebSite\",\"@id\":\"https:\\\/\\\/www.visitcentroamerica.com\\\/sala-prensa\\\/#website\",\"url\":\"https:\\\/\\\/www.visitcentroamerica.com\\\/sala-prensa\\\/\",\"name\":\"Sala de prensa\",\"description\":\"\",\"potentialAction\":[{\"@type\":\"SearchAction\",\"target\":{\"@type\":\"EntryPoint\",\"urlTemplate\":\"https:\\\/\\\/www.visitcentroamerica.com\\\/sala-prensa\\\/?s={search_term_string}\"},\"query-input\":{\"@type\":\"PropertyValueSpecification\",\"valueRequired\":true,\"valueName\":\"search_term_string\"}}],\"inLanguage\":\"es\"},{\"@type\":\"Person\",\"@id\":\"https:\\\/\\\/www.visitcentroamerica.com\\\/sala-prensa\\\/#\\\/schema\\\/person\\\/59be6d1215b91f3615c1bd403f512f60\",\"name\":\"Dafne Franco\",\"image\":{\"@type\":\"ImageObject\",\"inLanguage\":\"es\",\"@id\":\"https:\\\/\\\/secure.gravatar.com\\\/avatar\\\/9d1ca1e4cce23c82e292f528a3ad52052d3fa1e03aabdb0af820d1980e40a8b2?s=96&d=mm&r=g\",\"url\":\"https:\\\/\\\/secure.gravatar.com\\\/avatar\\\/9d1ca1e4cce23c82e292f528a3ad52052d3fa1e03aabdb0af820d1980e40a8b2?s=96&d=mm&r=g\",\"contentUrl\":\"https:\\\/\\\/secure.gravatar.com\\\/avatar\\\/9d1ca1e4cce23c82e292f528a3ad52052d3fa1e03aabdb0af820d1980e40a8b2?s=96&d=mm&r=g\",\"caption\":\"Dafne Franco\"},\"url\":\"https:\\\/\\\/www.visitcentroamerica.com\\\/sala-prensa\\\/author\\\/dafne\\\/\"}]}<\/script>\n<!-- \/ Yoast SEO plugin. -->","yoast_head_json":{"title":"Guatemala y El Salvador re\u00fanen 50 empresas para el intercambio tur\u00edstico binacional - Sala de prensa","robots":{"index":"index","follow":"follow","max-snippet":"max-snippet:-1","max-image-preview":"max-image-preview:large","max-video-preview":"max-video-preview:-1"},"canonical":"https:\/\/www.visitcentroamerica.com\/sala-prensa\/actualidad\/el-salvador\/guatemala-y-el-salvador-reunen-50-empresas-para-el-intercambio-turistico-binacional\/","og_locale":"es_ES","og_type":"article","og_title":"Guatemala y El Salvador re\u00fanen 50 empresas para el intercambio tur\u00edstico binacional - Sala de prensa","og_description":"M\u00e1s de 50 empresarios del sector tur\u00edstico de Guatemala y El Salvador se dieron cita en el Hotel Camino Real Antigua en el marco de una rueda de negocios binacional, con el prop\u00f3sito de ampliar oportunidades de colaboraci\u00f3n, fomentar alianzas estrat\u00e9gicas y promover la integraci\u00f3n regional. La actividad convoc\u00f3 a destacadas empresas salvadore\u00f1as como\u00a0Acantilados, Cuzca [&hellip;]","og_url":"https:\/\/www.visitcentroamerica.com\/sala-prensa\/actualidad\/el-salvador\/guatemala-y-el-salvador-reunen-50-empresas-para-el-intercambio-turistico-binacional\/","og_site_name":"Sala de prensa","article_published_time":"2025-07-01T21:55:02+00:00","og_image":[{"width":1600,"height":1200,"url":"https:\/\/www.visitcentroamerica.com\/sala-prensa\/wp-content\/uploads\/2025\/07\/WhatsApp-Image-2025-07-01-at-3.52.18-PM-scaled.jpeg","type":"image\/jpeg"}],"author":"Dafne Franco","twitter_card":"summary_large_image","twitter_misc":{"Escrito por":"Dafne Franco","Tiempo de lectura":"2 minutos"},"schema":{"@context":"https:\/\/schema.org","@graph":[{"@type":"Article","@id":"https:\/\/www.visitcentroamerica.com\/sala-prensa\/actualidad\/el-salvador\/guatemala-y-el-salvador-reunen-50-empresas-para-el-intercambio-turistico-binacional\/#article","isPartOf":{"@id":"https:\/\/www.visitcentroamerica.com\/sala-prensa\/actualidad\/el-salvador\/guatemala-y-el-salvador-reunen-50-empresas-para-el-intercambio-turistico-binacional\/"},"author":{"name":"Dafne Franco","@id":"https:\/\/www.visitcentroamerica.com\/sala-prensa\/#\/schema\/person\/59be6d1215b91f3615c1bd403f512f60"},"headline":"Guatemala y El Salvador re\u00fanen 50 empresas para el intercambio tur\u00edstico binacional","datePublished":"2025-07-01T21:55:02+00:00","mainEntityOfPage":{"@id":"https:\/\/www.visitcentroamerica.com\/sala-prensa\/actualidad\/el-salvador\/guatemala-y-el-salvador-reunen-50-empresas-para-el-intercambio-turistico-binacional\/"},"wordCount":334,"commentCount":0,"image":{"@id":"https:\/\/www.visitcentroamerica.com\/sala-prensa\/actualidad\/el-salvador\/guatemala-y-el-salvador-reunen-50-empresas-para-el-intercambio-turistico-binacional\/#primaryimage"},"thumbnailUrl":"https:\/\/www.visitcentroamerica.com\/sala-prensa\/wp-content\/uploads\/2025\/07\/WhatsApp-Image-2025-07-01-at-3.52.18-PM-scaled.jpeg","articleSection":["El Salvador","Guatemala","Viajar"],"inLanguage":"es","potentialAction":[{"@type":"CommentAction","name":"Comment","target":["https:\/\/www.visitcentroamerica.com\/sala-prensa\/actualidad\/el-salvador\/guatemala-y-el-salvador-reunen-50-empresas-para-el-intercambio-turistico-binacional\/#respond"]}]},{"@type":"WebPage","@id":"https:\/\/www.visitcentroamerica.com\/sala-prensa\/actualidad\/el-salvador\/guatemala-y-el-salvador-reunen-50-empresas-para-el-intercambio-turistico-binacional\/","url":"https:\/\/www.visitcentroamerica.com\/sala-prensa\/actualidad\/el-salvador\/guatemala-y-el-salvador-reunen-50-empresas-para-el-intercambio-turistico-binacional\/","name":"Guatemala y El Salvador re\u00fanen 50 empresas para el intercambio tur\u00edstico binacional - Sala de prensa","isPartOf":{"@id":"https:\/\/www.visitcentroamerica.com\/sala-prensa\/#website"},"primaryImageOfPage":{"@id":"https:\/\/www.visitcentroamerica.com\/sala-prensa\/actualidad\/el-salvador\/guatemala-y-el-salvador-reunen-50-empresas-para-el-intercambio-turistico-binacional\/#primaryimage"},"image":{"@id":"https:\/\/www.visitcentroamerica.com\/sala-prensa\/actualidad\/el-salvador\/guatemala-y-el-salvador-reunen-50-empresas-para-el-intercambio-turistico-binacional\/#primaryimage"},"thumbnailUrl":"https:\/\/www.visitcentroamerica.com\/sala-prensa\/wp-content\/uploads\/2025\/07\/WhatsApp-Image-2025-07-01-at-3.52.18-PM-scaled.jpeg","datePublished":"2025-07-01T21:55:02+00:00","author":{"@id":"https:\/\/www.visitcentroamerica.com\/sala-prensa\/#\/schema\/person\/59be6d1215b91f3615c1bd403f512f60"},"breadcrumb":{"@id":"https:\/\/www.visitcentroamerica.com\/sala-prensa\/actualidad\/el-salvador\/guatemala-y-el-salvador-reunen-50-empresas-para-el-intercambio-turistico-binacional\/#breadcrumb"},"inLanguage":"es","potentialAction":[{"@type":"ReadAction","target":["https:\/\/www.visitcentroamerica.com\/sala-prensa\/actualidad\/el-salvador\/guatemala-y-el-salvador-reunen-50-empresas-para-el-intercambio-turistico-binacional\/"]}]},{"@type":"ImageObject","inLanguage":"es","@id":"https:\/\/www.visitcentroamerica.com\/sala-prensa\/actualidad\/el-salvador\/guatemala-y-el-salvador-reunen-50-empresas-para-el-intercambio-turistico-binacional\/#primaryimage","url":"https:\/\/www.visitcentroamerica.com\/sala-prensa\/wp-content\/uploads\/2025\/07\/WhatsApp-Image-2025-07-01-at-3.52.18-PM-scaled.jpeg","contentUrl":"https:\/\/www.visitcentroamerica.com\/sala-prensa\/wp-content\/uploads\/2025\/07\/WhatsApp-Image-2025-07-01-at-3.52.18-PM-scaled.jpeg","width":1600,"height":1200,"caption":"B2B GT SHUTTLE CA"},{"@type":"BreadcrumbList","@id":"https:\/\/www.visitcentroamerica.com\/sala-prensa\/actualidad\/el-salvador\/guatemala-y-el-salvador-reunen-50-empresas-para-el-intercambio-turistico-binacional\/#breadcrumb","itemListElement":[{"@type":"ListItem","position":1,"name":"Portada","item":"https:\/\/www.visitcentroamerica.com\/sala-prensa\/"},{"@type":"ListItem","position":2,"name":"Guatemala y El Salvador re\u00fanen 50 empresas para el intercambio tur\u00edstico binacional"}]},{"@type":"WebSite","@id":"https:\/\/www.visitcentroamerica.com\/sala-prensa\/#website","url":"https:\/\/www.visitcentroamerica.com\/sala-prensa\/","name":"Sala de prensa","description":"","potentialAction":[{"@type":"SearchAction","target":{"@type":"EntryPoint","urlTemplate":"https:\/\/www.visitcentroamerica.com\/sala-prensa\/?s={search_term_string}"},"query-input":{"@type":"PropertyValueSpecification","valueRequired":true,"valueName":"search_term_string"}}],"inLanguage":"es"},{"@type":"Person","@id":"https:\/\/www.visitcentroamerica.com\/sala-prensa\/#\/schema\/person\/59be6d1215b91f3615c1bd403f512f60","name":"Dafne Franco","image":{"@type":"ImageObject","inLanguage":"es","@id":"https:\/\/secure.gravatar.com\/avatar\/9d1ca1e4cce23c82e292f528a3ad52052d3fa1e03aabdb0af820d1980e40a8b2?s=96&d=mm&r=g","url":"https:\/\/secure.gravatar.com\/avatar\/9d1ca1e4cce23c82e292f528a3ad52052d3fa1e03aabdb0af820d1980e40a8b2?s=96&d=mm&r=g","contentUrl":"https:\/\/secure.gravatar.com\/avatar\/9d1ca1e4cce23c82e292f528a3ad52052d3fa1e03aabdb0af820d1980e40a8b2?s=96&d=mm&r=g","caption":"Dafne Franco"},"url":"https:\/\/www.visitcentroamerica.com\/sala-prensa\/author\/dafne\/"}]}},"_links":{"self":[{"href":"https:\/\/www.visitcentroamerica.com\/sala-prensa\/wp-json\/wp\/v2\/posts\/16566","targetHints":{"allow":["GET"]}}],"collection":[{"href":"https:\/\/www.visitcentroamerica.com\/sala-prensa\/wp-json\/wp\/v2\/posts"}],"about":[{"href":"https:\/\/www.visitcentroamerica.com\/sala-prensa\/wp-json\/wp\/v2\/types\/post"}],"author":[{"embeddable":true,"href":"https:\/\/www.visitcentroamerica.com\/sala-prensa\/wp-json\/wp\/v2\/users\/6"}],"replies":[{"embeddable":true,"href":"https:\/\/www.visitcentroamerica.com\/sala-prensa\/wp-json\/wp\/v2\/comments?post=16566"}],"version-history":[{"count":1,"href":"https:\/\/www.visitcentroamerica.com\/sala-prensa\/wp-json\/wp\/v2\/posts\/16566\/revisions"}],"predecessor-version":[{"id":16569,"href":"https:\/\/www.visitcentroamerica.com\/sala-prensa\/wp-json\/wp\/v2\/posts\/16566\/revisions\/16569"}],"wp:featuredmedia":[{"embeddable":true,"href":"https:\/\/www.visitcentroamerica.com\/sala-prensa\/wp-json\/wp\/v2\/media\/16567"}],"wp:attachment":[{"href":"https:\/\/www.visitcentroamerica.com\/sala-prensa\/wp-json\/wp\/v2\/media?parent=16566"}],"wp:term":[{"taxonomy":"category","embeddable":true,"href":"https:\/\/www.visitcentroamerica.com\/sala-prensa\/wp-json\/wp\/v2\/categories?post=16566"},{"taxonomy":"post_tag","embeddable":true,"href":"https:\/\/www.visitcentroamerica.com\/sala-prensa\/wp-json\/wp\/v2\/tags?post=16566"}],"curies":[{"name":"wp","href":"https:\/\/api.w.org\/{rel}","templated":true}]}}