{"id":16034,"date":"2025-05-30T01:53:42","date_gmt":"2025-05-29T23:53:42","guid":{"rendered":"https:\/\/www.visitcentroamerica.com\/sala-prensa\/?p=16034"},"modified":"2025-05-30T01:53:42","modified_gmt":"2025-05-29T23:53:42","slug":"cata-impulsa-la-inclusion-y-accesibilidad-en-el-turismo-regional-durante-el-3er-encuentro-internacional-lets-meet-panama-2025","status":"publish","type":"post","link":"https:\/\/www.visitcentroamerica.com\/sala-prensa\/actualidad\/panama\/cata-impulsa-la-inclusion-y-accesibilidad-en-el-turismo-regional-durante-el-3er-encuentro-internacional-lets-meet-panama-2025\/","title":{"rendered":"CATA impulsa la inclusi\u00f3n y accesibilidad en el turismo regional durante el 3er Encuentro Internacional Let&#8217;s Meet Panam\u00e1 2025"},"content":{"rendered":"<p>&nbsp;<\/p>\n<p><img loading=\"lazy\" decoding=\"async\" class=\"alignnone size-full wp-image-16037\" src=\"https:\/\/www.visitcentroamerica.com\/sala-prensa\/wp-content\/uploads\/2025\/05\/Sin-titulo-1024-x-600-px-2025-05-29T162737.299.png\" alt=\"Meeting panama\" width=\"1024\" height=\"600\" srcset=\"https:\/\/www.visitcentroamerica.com\/sala-prensa\/wp-content\/uploads\/2025\/05\/Sin-titulo-1024-x-600-px-2025-05-29T162737.299.png 1024w, https:\/\/www.visitcentroamerica.com\/sala-prensa\/wp-content\/uploads\/2025\/05\/Sin-titulo-1024-x-600-px-2025-05-29T162737.299-300x176.png 300w, https:\/\/www.visitcentroamerica.com\/sala-prensa\/wp-content\/uploads\/2025\/05\/Sin-titulo-1024-x-600-px-2025-05-29T162737.299-768x450.png 768w, https:\/\/www.visitcentroamerica.com\/sala-prensa\/wp-content\/uploads\/2025\/05\/Sin-titulo-1024-x-600-px-2025-05-29T162737.299-717x420.png 717w, https:\/\/www.visitcentroamerica.com\/sala-prensa\/wp-content\/uploads\/2025\/05\/Sin-titulo-1024-x-600-px-2025-05-29T162737.299-696x408.png 696w, https:\/\/www.visitcentroamerica.com\/sala-prensa\/wp-content\/uploads\/2025\/05\/Sin-titulo-1024-x-600-px-2025-05-29T162737.299-500x293.png 500w\" sizes=\"auto, (max-width: 1024px) 100vw, 1024px\" \/><\/p>\n<p>La Agencia de Promoci\u00f3n Tur\u00edstica de Centroam\u00e9rica (CATA) particip\u00f3 en el 3er Encuentro Internacional Let\u2019s Meet Panam\u00e1 2025: Conectando Inclusi\u00f3n Social y Accesibilidad. Este evento, se ha consolidado como un referente en la industria del turismo accesible, tiene como objetivo posicionar a Panam\u00e1 como un destino l\u00edder en accesibilidad e inclusi\u00f3n social.<\/p>\n<p>Durante el evento, el Secretario General de CATA, Boris Iraheta, integr\u00f3 el panel \u201cCamino hacia un turismo inclusivo y accesible: oportunidades de negocio y crecimiento para la industria tur\u00edstica regional\u201d, junto a: Demetrio Maduro, Presidente de la Junta Directiva de PROMTUR Panam\u00e1; Jorge Correa, Subadministrador de la Autoridad de Turismo de Panam\u00e1 (ATP); y Ana Gra\u00e7a, Coordinadora Residente del Sistema de Naciones Unidas en Panam\u00e1.<\/p>\n<p>Este espacio permiti\u00f3 el intercambio de experiencias y enfoques para fortalecer pol\u00edticas p\u00fablicas que promuevan la inclusi\u00f3n en el turismo y generen nuevas oportunidades de desarrollo para la regi\u00f3n centroamericana.<\/p>\n<p>Posteriormente, CATA particip\u00f3 en la conferencia \u201cC\u00f3mo desarrollar productos y servicios accesibles: el dise\u00f1o universal en la infraestructura y la capacitaci\u00f3n del personal de turismo\u201d, donde Boris Iraheta comparti\u00f3 escenario con expertos como Sandra Osorio, Directora Ejecutiva de Turismo Inclusivo de Chile, y Publio Arjona, Jefe de la Oficina de Innovaci\u00f3n Asistiva de SENADIS Panam\u00e1.<\/p>\n<p>Durante esta conferencia se abordaron herramientas clave como gu\u00edas pr\u00e1cticas, m\u00e9tricas de accesibilidad, estudios de caso y estrategias de implementaci\u00f3n de infraestructura inclusiva. Chile, Panam\u00e1 y Centroam\u00e9rica fueron destacados como casos exitosos en la implementaci\u00f3n de pol\u00edticas tur\u00edsticas inclusivas.<\/p>\n<p>El evento, organizado por Meetings\u00aePanama en colaboraci\u00f3n con la Autoridad de Turismo de Panam\u00e1, SENADIS y m\u00faltiples aliados institucionales, congreg\u00f3 a m\u00e1s de 350 participantes presenciales y 500 compradores internacionales virtuales, generando m\u00e1s de 3,000 citas de negocios. Adem\u00e1s, plante\u00f3 como objetivo capacitar a m\u00e1s de 2,000 profesionales del sector para el a\u00f1o 2025, con el fin de consolidar una red de agentes de cambio en el \u00e1mbito del turismo inclusivo.<\/p>\n<p>Para CATA, este tipo de espacios resultan fundamentales para continuar consolidando su rol como un actor estrat\u00e9gico en la regi\u00f3n, promoviendo un turismo sostenible e inclusivo. A trav\u00e9s de estas iniciativas, impulsamos acciones que integran la sostenibilidad, la accesibilidad y la innovaci\u00f3n como pilares clave para el desarrollo y crecimiento del sector tur\u00edstico en Centroam\u00e9rica y Rep\u00fablica Dominicana.<\/p>\n","protected":false},"excerpt":{"rendered":"<p>&nbsp; La Agencia de Promoci\u00f3n Tur\u00edstica de Centroam\u00e9rica (CATA) particip\u00f3 en el 3er Encuentro Internacional Let\u2019s Meet Panam\u00e1 2025: Conectando Inclusi\u00f3n Social y Accesibilidad. Este evento, se ha consolidado como un referente en la industria del turismo accesible, tiene como objetivo posicionar a Panam\u00e1 como un destino l\u00edder en accesibilidad e inclusi\u00f3n social. Durante el [&hellip;]<\/p>\n","protected":false},"author":5,"featured_media":16037,"comment_status":"open","ping_status":"closed","sticky":false,"template":"","format":"standard","meta":{"footnotes":""},"categories":[7],"tags":[],"class_list":{"0":"post-16034","1":"post","2":"type-post","3":"status-publish","4":"format-standard","5":"has-post-thumbnail","7":"category-panama"},"yoast_head":"<!-- This site is optimized with the Yoast SEO plugin v27.3 - https:\/\/yoast.com\/product\/yoast-seo-wordpress\/ -->\n<title>CATA impulsa la inclusi\u00f3n y accesibilidad en el turismo regional durante el 3er Encuentro Internacional Let&#039;s Meet Panam\u00e1 2025 - Sala de prensa<\/title>\n<meta name=\"robots\" content=\"index, follow, max-snippet:-1, max-image-preview:large, max-video-preview:-1\" \/>\n<link rel=\"canonical\" href=\"https:\/\/www.visitcentroamerica.com\/sala-prensa\/actualidad\/panama\/cata-impulsa-la-inclusion-y-accesibilidad-en-el-turismo-regional-durante-el-3er-encuentro-internacional-lets-meet-panama-2025\/\" \/>\n<meta property=\"og:locale\" content=\"es_ES\" \/>\n<meta property=\"og:type\" content=\"article\" \/>\n<meta property=\"og:title\" content=\"CATA impulsa la inclusi\u00f3n y accesibilidad en el turismo regional durante el 3er Encuentro Internacional Let&#039;s Meet Panam\u00e1 2025 - Sala de prensa\" \/>\n<meta property=\"og:description\" content=\"&nbsp; La Agencia de Promoci\u00f3n Tur\u00edstica de Centroam\u00e9rica (CATA) particip\u00f3 en el 3er Encuentro Internacional Let\u2019s Meet Panam\u00e1 2025: Conectando Inclusi\u00f3n Social y Accesibilidad. Este evento, se ha consolidado como un referente en la industria del turismo accesible, tiene como objetivo posicionar a Panam\u00e1 como un destino l\u00edder en accesibilidad e inclusi\u00f3n social. Durante el [&hellip;]\" \/>\n<meta property=\"og:url\" content=\"https:\/\/www.visitcentroamerica.com\/sala-prensa\/actualidad\/panama\/cata-impulsa-la-inclusion-y-accesibilidad-en-el-turismo-regional-durante-el-3er-encuentro-internacional-lets-meet-panama-2025\/\" \/>\n<meta property=\"og:site_name\" content=\"Sala de prensa\" \/>\n<meta property=\"article:published_time\" content=\"2025-05-29T23:53:42+00:00\" \/>\n<meta property=\"og:image\" content=\"https:\/\/www.visitcentroamerica.com\/sala-prensa\/wp-content\/uploads\/2025\/05\/Sin-titulo-1024-x-600-px-2025-05-29T162737.299.png\" \/>\n\t<meta property=\"og:image:width\" content=\"1024\" \/>\n\t<meta property=\"og:image:height\" content=\"600\" \/>\n\t<meta property=\"og:image:type\" content=\"image\/png\" \/>\n<meta name=\"author\" content=\"Denis Alvarado\" \/>\n<meta name=\"twitter:card\" content=\"summary_large_image\" \/>\n<meta name=\"twitter:label1\" content=\"Escrito por\" \/>\n\t<meta name=\"twitter:data1\" content=\"Denis Alvarado\" \/>\n\t<meta name=\"twitter:label2\" content=\"Tiempo de lectura\" \/>\n\t<meta name=\"twitter:data2\" content=\"3 minutos\" \/>\n<script type=\"application\/ld+json\" class=\"yoast-schema-graph\">{\"@context\":\"https:\\\/\\\/schema.org\",\"@graph\":[{\"@type\":\"Article\",\"@id\":\"https:\\\/\\\/www.visitcentroamerica.com\\\/sala-prensa\\\/actualidad\\\/panama\\\/cata-impulsa-la-inclusion-y-accesibilidad-en-el-turismo-regional-durante-el-3er-encuentro-internacional-lets-meet-panama-2025\\\/#article\",\"isPartOf\":{\"@id\":\"https:\\\/\\\/www.visitcentroamerica.com\\\/sala-prensa\\\/actualidad\\\/panama\\\/cata-impulsa-la-inclusion-y-accesibilidad-en-el-turismo-regional-durante-el-3er-encuentro-internacional-lets-meet-panama-2025\\\/\"},\"author\":{\"name\":\"Denis Alvarado\",\"@id\":\"https:\\\/\\\/www.visitcentroamerica.com\\\/sala-prensa\\\/#\\\/schema\\\/person\\\/0aa3bd0dbaabaead6089ee3dd0cd7ae5\"},\"headline\":\"CATA impulsa la inclusi\u00f3n y accesibilidad en el turismo regional durante el 3er Encuentro Internacional Let&#8217;s Meet Panam\u00e1 2025\",\"datePublished\":\"2025-05-29T23:53:42+00:00\",\"mainEntityOfPage\":{\"@id\":\"https:\\\/\\\/www.visitcentroamerica.com\\\/sala-prensa\\\/actualidad\\\/panama\\\/cata-impulsa-la-inclusion-y-accesibilidad-en-el-turismo-regional-durante-el-3er-encuentro-internacional-lets-meet-panama-2025\\\/\"},\"wordCount\":425,\"commentCount\":0,\"image\":{\"@id\":\"https:\\\/\\\/www.visitcentroamerica.com\\\/sala-prensa\\\/actualidad\\\/panama\\\/cata-impulsa-la-inclusion-y-accesibilidad-en-el-turismo-regional-durante-el-3er-encuentro-internacional-lets-meet-panama-2025\\\/#primaryimage\"},\"thumbnailUrl\":\"https:\\\/\\\/www.visitcentroamerica.com\\\/sala-prensa\\\/wp-content\\\/uploads\\\/2025\\\/05\\\/Sin-titulo-1024-x-600-px-2025-05-29T162737.299.png\",\"articleSection\":[\"Panam\u00e1\"],\"inLanguage\":\"es\",\"potentialAction\":[{\"@type\":\"CommentAction\",\"name\":\"Comment\",\"target\":[\"https:\\\/\\\/www.visitcentroamerica.com\\\/sala-prensa\\\/actualidad\\\/panama\\\/cata-impulsa-la-inclusion-y-accesibilidad-en-el-turismo-regional-durante-el-3er-encuentro-internacional-lets-meet-panama-2025\\\/#respond\"]}]},{\"@type\":\"WebPage\",\"@id\":\"https:\\\/\\\/www.visitcentroamerica.com\\\/sala-prensa\\\/actualidad\\\/panama\\\/cata-impulsa-la-inclusion-y-accesibilidad-en-el-turismo-regional-durante-el-3er-encuentro-internacional-lets-meet-panama-2025\\\/\",\"url\":\"https:\\\/\\\/www.visitcentroamerica.com\\\/sala-prensa\\\/actualidad\\\/panama\\\/cata-impulsa-la-inclusion-y-accesibilidad-en-el-turismo-regional-durante-el-3er-encuentro-internacional-lets-meet-panama-2025\\\/\",\"name\":\"CATA impulsa la inclusi\u00f3n y accesibilidad en el turismo regional durante el 3er Encuentro Internacional Let's Meet Panam\u00e1 2025 - Sala de prensa\",\"isPartOf\":{\"@id\":\"https:\\\/\\\/www.visitcentroamerica.com\\\/sala-prensa\\\/#website\"},\"primaryImageOfPage\":{\"@id\":\"https:\\\/\\\/www.visitcentroamerica.com\\\/sala-prensa\\\/actualidad\\\/panama\\\/cata-impulsa-la-inclusion-y-accesibilidad-en-el-turismo-regional-durante-el-3er-encuentro-internacional-lets-meet-panama-2025\\\/#primaryimage\"},\"image\":{\"@id\":\"https:\\\/\\\/www.visitcentroamerica.com\\\/sala-prensa\\\/actualidad\\\/panama\\\/cata-impulsa-la-inclusion-y-accesibilidad-en-el-turismo-regional-durante-el-3er-encuentro-internacional-lets-meet-panama-2025\\\/#primaryimage\"},\"thumbnailUrl\":\"https:\\\/\\\/www.visitcentroamerica.com\\\/sala-prensa\\\/wp-content\\\/uploads\\\/2025\\\/05\\\/Sin-titulo-1024-x-600-px-2025-05-29T162737.299.png\",\"datePublished\":\"2025-05-29T23:53:42+00:00\",\"author\":{\"@id\":\"https:\\\/\\\/www.visitcentroamerica.com\\\/sala-prensa\\\/#\\\/schema\\\/person\\\/0aa3bd0dbaabaead6089ee3dd0cd7ae5\"},\"breadcrumb\":{\"@id\":\"https:\\\/\\\/www.visitcentroamerica.com\\\/sala-prensa\\\/actualidad\\\/panama\\\/cata-impulsa-la-inclusion-y-accesibilidad-en-el-turismo-regional-durante-el-3er-encuentro-internacional-lets-meet-panama-2025\\\/#breadcrumb\"},\"inLanguage\":\"es\",\"potentialAction\":[{\"@type\":\"ReadAction\",\"target\":[\"https:\\\/\\\/www.visitcentroamerica.com\\\/sala-prensa\\\/actualidad\\\/panama\\\/cata-impulsa-la-inclusion-y-accesibilidad-en-el-turismo-regional-durante-el-3er-encuentro-internacional-lets-meet-panama-2025\\\/\"]}]},{\"@type\":\"ImageObject\",\"inLanguage\":\"es\",\"@id\":\"https:\\\/\\\/www.visitcentroamerica.com\\\/sala-prensa\\\/actualidad\\\/panama\\\/cata-impulsa-la-inclusion-y-accesibilidad-en-el-turismo-regional-durante-el-3er-encuentro-internacional-lets-meet-panama-2025\\\/#primaryimage\",\"url\":\"https:\\\/\\\/www.visitcentroamerica.com\\\/sala-prensa\\\/wp-content\\\/uploads\\\/2025\\\/05\\\/Sin-titulo-1024-x-600-px-2025-05-29T162737.299.png\",\"contentUrl\":\"https:\\\/\\\/www.visitcentroamerica.com\\\/sala-prensa\\\/wp-content\\\/uploads\\\/2025\\\/05\\\/Sin-titulo-1024-x-600-px-2025-05-29T162737.299.png\",\"width\":1024,\"height\":600},{\"@type\":\"BreadcrumbList\",\"@id\":\"https:\\\/\\\/www.visitcentroamerica.com\\\/sala-prensa\\\/actualidad\\\/panama\\\/cata-impulsa-la-inclusion-y-accesibilidad-en-el-turismo-regional-durante-el-3er-encuentro-internacional-lets-meet-panama-2025\\\/#breadcrumb\",\"itemListElement\":[{\"@type\":\"ListItem\",\"position\":1,\"name\":\"Portada\",\"item\":\"https:\\\/\\\/www.visitcentroamerica.com\\\/sala-prensa\\\/\"},{\"@type\":\"ListItem\",\"position\":2,\"name\":\"CATA impulsa la inclusi\u00f3n y accesibilidad en el turismo regional durante el 3er Encuentro Internacional Let&#8217;s Meet Panam\u00e1 2025\"}]},{\"@type\":\"WebSite\",\"@id\":\"https:\\\/\\\/www.visitcentroamerica.com\\\/sala-prensa\\\/#website\",\"url\":\"https:\\\/\\\/www.visitcentroamerica.com\\\/sala-prensa\\\/\",\"name\":\"Sala de prensa\",\"description\":\"\",\"potentialAction\":[{\"@type\":\"SearchAction\",\"target\":{\"@type\":\"EntryPoint\",\"urlTemplate\":\"https:\\\/\\\/www.visitcentroamerica.com\\\/sala-prensa\\\/?s={search_term_string}\"},\"query-input\":{\"@type\":\"PropertyValueSpecification\",\"valueRequired\":true,\"valueName\":\"search_term_string\"}}],\"inLanguage\":\"es\"},{\"@type\":\"Person\",\"@id\":\"https:\\\/\\\/www.visitcentroamerica.com\\\/sala-prensa\\\/#\\\/schema\\\/person\\\/0aa3bd0dbaabaead6089ee3dd0cd7ae5\",\"name\":\"Denis Alvarado\",\"image\":{\"@type\":\"ImageObject\",\"inLanguage\":\"es\",\"@id\":\"https:\\\/\\\/secure.gravatar.com\\\/avatar\\\/c31f0697f6edb7c68d5dedc2ccbd548d2a9f73aa293e81c6a1425229ec4c9135?s=96&d=mm&r=g\",\"url\":\"https:\\\/\\\/secure.gravatar.com\\\/avatar\\\/c31f0697f6edb7c68d5dedc2ccbd548d2a9f73aa293e81c6a1425229ec4c9135?s=96&d=mm&r=g\",\"contentUrl\":\"https:\\\/\\\/secure.gravatar.com\\\/avatar\\\/c31f0697f6edb7c68d5dedc2ccbd548d2a9f73aa293e81c6a1425229ec4c9135?s=96&d=mm&r=g\",\"caption\":\"Denis Alvarado\"},\"url\":\"https:\\\/\\\/www.visitcentroamerica.com\\\/sala-prensa\\\/author\\\/denis\\\/\"}]}<\/script>\n<!-- \/ Yoast SEO plugin. -->","yoast_head_json":{"title":"CATA impulsa la inclusi\u00f3n y accesibilidad en el turismo regional durante el 3er Encuentro Internacional Let's Meet Panam\u00e1 2025 - Sala de prensa","robots":{"index":"index","follow":"follow","max-snippet":"max-snippet:-1","max-image-preview":"max-image-preview:large","max-video-preview":"max-video-preview:-1"},"canonical":"https:\/\/www.visitcentroamerica.com\/sala-prensa\/actualidad\/panama\/cata-impulsa-la-inclusion-y-accesibilidad-en-el-turismo-regional-durante-el-3er-encuentro-internacional-lets-meet-panama-2025\/","og_locale":"es_ES","og_type":"article","og_title":"CATA impulsa la inclusi\u00f3n y accesibilidad en el turismo regional durante el 3er Encuentro Internacional Let's Meet Panam\u00e1 2025 - Sala de prensa","og_description":"&nbsp; La Agencia de Promoci\u00f3n Tur\u00edstica de Centroam\u00e9rica (CATA) particip\u00f3 en el 3er Encuentro Internacional Let\u2019s Meet Panam\u00e1 2025: Conectando Inclusi\u00f3n Social y Accesibilidad. Este evento, se ha consolidado como un referente en la industria del turismo accesible, tiene como objetivo posicionar a Panam\u00e1 como un destino l\u00edder en accesibilidad e inclusi\u00f3n social. Durante el [&hellip;]","og_url":"https:\/\/www.visitcentroamerica.com\/sala-prensa\/actualidad\/panama\/cata-impulsa-la-inclusion-y-accesibilidad-en-el-turismo-regional-durante-el-3er-encuentro-internacional-lets-meet-panama-2025\/","og_site_name":"Sala de prensa","article_published_time":"2025-05-29T23:53:42+00:00","og_image":[{"width":1024,"height":600,"url":"https:\/\/www.visitcentroamerica.com\/sala-prensa\/wp-content\/uploads\/2025\/05\/Sin-titulo-1024-x-600-px-2025-05-29T162737.299.png","type":"image\/png"}],"author":"Denis Alvarado","twitter_card":"summary_large_image","twitter_misc":{"Escrito por":"Denis Alvarado","Tiempo de lectura":"3 minutos"},"schema":{"@context":"https:\/\/schema.org","@graph":[{"@type":"Article","@id":"https:\/\/www.visitcentroamerica.com\/sala-prensa\/actualidad\/panama\/cata-impulsa-la-inclusion-y-accesibilidad-en-el-turismo-regional-durante-el-3er-encuentro-internacional-lets-meet-panama-2025\/#article","isPartOf":{"@id":"https:\/\/www.visitcentroamerica.com\/sala-prensa\/actualidad\/panama\/cata-impulsa-la-inclusion-y-accesibilidad-en-el-turismo-regional-durante-el-3er-encuentro-internacional-lets-meet-panama-2025\/"},"author":{"name":"Denis Alvarado","@id":"https:\/\/www.visitcentroamerica.com\/sala-prensa\/#\/schema\/person\/0aa3bd0dbaabaead6089ee3dd0cd7ae5"},"headline":"CATA impulsa la inclusi\u00f3n y accesibilidad en el turismo regional durante el 3er Encuentro Internacional Let&#8217;s Meet Panam\u00e1 2025","datePublished":"2025-05-29T23:53:42+00:00","mainEntityOfPage":{"@id":"https:\/\/www.visitcentroamerica.com\/sala-prensa\/actualidad\/panama\/cata-impulsa-la-inclusion-y-accesibilidad-en-el-turismo-regional-durante-el-3er-encuentro-internacional-lets-meet-panama-2025\/"},"wordCount":425,"commentCount":0,"image":{"@id":"https:\/\/www.visitcentroamerica.com\/sala-prensa\/actualidad\/panama\/cata-impulsa-la-inclusion-y-accesibilidad-en-el-turismo-regional-durante-el-3er-encuentro-internacional-lets-meet-panama-2025\/#primaryimage"},"thumbnailUrl":"https:\/\/www.visitcentroamerica.com\/sala-prensa\/wp-content\/uploads\/2025\/05\/Sin-titulo-1024-x-600-px-2025-05-29T162737.299.png","articleSection":["Panam\u00e1"],"inLanguage":"es","potentialAction":[{"@type":"CommentAction","name":"Comment","target":["https:\/\/www.visitcentroamerica.com\/sala-prensa\/actualidad\/panama\/cata-impulsa-la-inclusion-y-accesibilidad-en-el-turismo-regional-durante-el-3er-encuentro-internacional-lets-meet-panama-2025\/#respond"]}]},{"@type":"WebPage","@id":"https:\/\/www.visitcentroamerica.com\/sala-prensa\/actualidad\/panama\/cata-impulsa-la-inclusion-y-accesibilidad-en-el-turismo-regional-durante-el-3er-encuentro-internacional-lets-meet-panama-2025\/","url":"https:\/\/www.visitcentroamerica.com\/sala-prensa\/actualidad\/panama\/cata-impulsa-la-inclusion-y-accesibilidad-en-el-turismo-regional-durante-el-3er-encuentro-internacional-lets-meet-panama-2025\/","name":"CATA impulsa la inclusi\u00f3n y accesibilidad en el turismo regional durante el 3er Encuentro Internacional Let's Meet Panam\u00e1 2025 - Sala de prensa","isPartOf":{"@id":"https:\/\/www.visitcentroamerica.com\/sala-prensa\/#website"},"primaryImageOfPage":{"@id":"https:\/\/www.visitcentroamerica.com\/sala-prensa\/actualidad\/panama\/cata-impulsa-la-inclusion-y-accesibilidad-en-el-turismo-regional-durante-el-3er-encuentro-internacional-lets-meet-panama-2025\/#primaryimage"},"image":{"@id":"https:\/\/www.visitcentroamerica.com\/sala-prensa\/actualidad\/panama\/cata-impulsa-la-inclusion-y-accesibilidad-en-el-turismo-regional-durante-el-3er-encuentro-internacional-lets-meet-panama-2025\/#primaryimage"},"thumbnailUrl":"https:\/\/www.visitcentroamerica.com\/sala-prensa\/wp-content\/uploads\/2025\/05\/Sin-titulo-1024-x-600-px-2025-05-29T162737.299.png","datePublished":"2025-05-29T23:53:42+00:00","author":{"@id":"https:\/\/www.visitcentroamerica.com\/sala-prensa\/#\/schema\/person\/0aa3bd0dbaabaead6089ee3dd0cd7ae5"},"breadcrumb":{"@id":"https:\/\/www.visitcentroamerica.com\/sala-prensa\/actualidad\/panama\/cata-impulsa-la-inclusion-y-accesibilidad-en-el-turismo-regional-durante-el-3er-encuentro-internacional-lets-meet-panama-2025\/#breadcrumb"},"inLanguage":"es","potentialAction":[{"@type":"ReadAction","target":["https:\/\/www.visitcentroamerica.com\/sala-prensa\/actualidad\/panama\/cata-impulsa-la-inclusion-y-accesibilidad-en-el-turismo-regional-durante-el-3er-encuentro-internacional-lets-meet-panama-2025\/"]}]},{"@type":"ImageObject","inLanguage":"es","@id":"https:\/\/www.visitcentroamerica.com\/sala-prensa\/actualidad\/panama\/cata-impulsa-la-inclusion-y-accesibilidad-en-el-turismo-regional-durante-el-3er-encuentro-internacional-lets-meet-panama-2025\/#primaryimage","url":"https:\/\/www.visitcentroamerica.com\/sala-prensa\/wp-content\/uploads\/2025\/05\/Sin-titulo-1024-x-600-px-2025-05-29T162737.299.png","contentUrl":"https:\/\/www.visitcentroamerica.com\/sala-prensa\/wp-content\/uploads\/2025\/05\/Sin-titulo-1024-x-600-px-2025-05-29T162737.299.png","width":1024,"height":600},{"@type":"BreadcrumbList","@id":"https:\/\/www.visitcentroamerica.com\/sala-prensa\/actualidad\/panama\/cata-impulsa-la-inclusion-y-accesibilidad-en-el-turismo-regional-durante-el-3er-encuentro-internacional-lets-meet-panama-2025\/#breadcrumb","itemListElement":[{"@type":"ListItem","position":1,"name":"Portada","item":"https:\/\/www.visitcentroamerica.com\/sala-prensa\/"},{"@type":"ListItem","position":2,"name":"CATA impulsa la inclusi\u00f3n y accesibilidad en el turismo regional durante el 3er Encuentro Internacional Let&#8217;s Meet Panam\u00e1 2025"}]},{"@type":"WebSite","@id":"https:\/\/www.visitcentroamerica.com\/sala-prensa\/#website","url":"https:\/\/www.visitcentroamerica.com\/sala-prensa\/","name":"Sala de prensa","description":"","potentialAction":[{"@type":"SearchAction","target":{"@type":"EntryPoint","urlTemplate":"https:\/\/www.visitcentroamerica.com\/sala-prensa\/?s={search_term_string}"},"query-input":{"@type":"PropertyValueSpecification","valueRequired":true,"valueName":"search_term_string"}}],"inLanguage":"es"},{"@type":"Person","@id":"https:\/\/www.visitcentroamerica.com\/sala-prensa\/#\/schema\/person\/0aa3bd0dbaabaead6089ee3dd0cd7ae5","name":"Denis Alvarado","image":{"@type":"ImageObject","inLanguage":"es","@id":"https:\/\/secure.gravatar.com\/avatar\/c31f0697f6edb7c68d5dedc2ccbd548d2a9f73aa293e81c6a1425229ec4c9135?s=96&d=mm&r=g","url":"https:\/\/secure.gravatar.com\/avatar\/c31f0697f6edb7c68d5dedc2ccbd548d2a9f73aa293e81c6a1425229ec4c9135?s=96&d=mm&r=g","contentUrl":"https:\/\/secure.gravatar.com\/avatar\/c31f0697f6edb7c68d5dedc2ccbd548d2a9f73aa293e81c6a1425229ec4c9135?s=96&d=mm&r=g","caption":"Denis Alvarado"},"url":"https:\/\/www.visitcentroamerica.com\/sala-prensa\/author\/denis\/"}]}},"_links":{"self":[{"href":"https:\/\/www.visitcentroamerica.com\/sala-prensa\/wp-json\/wp\/v2\/posts\/16034","targetHints":{"allow":["GET"]}}],"collection":[{"href":"https:\/\/www.visitcentroamerica.com\/sala-prensa\/wp-json\/wp\/v2\/posts"}],"about":[{"href":"https:\/\/www.visitcentroamerica.com\/sala-prensa\/wp-json\/wp\/v2\/types\/post"}],"author":[{"embeddable":true,"href":"https:\/\/www.visitcentroamerica.com\/sala-prensa\/wp-json\/wp\/v2\/users\/5"}],"replies":[{"embeddable":true,"href":"https:\/\/www.visitcentroamerica.com\/sala-prensa\/wp-json\/wp\/v2\/comments?post=16034"}],"version-history":[{"count":2,"href":"https:\/\/www.visitcentroamerica.com\/sala-prensa\/wp-json\/wp\/v2\/posts\/16034\/revisions"}],"predecessor-version":[{"id":16040,"href":"https:\/\/www.visitcentroamerica.com\/sala-prensa\/wp-json\/wp\/v2\/posts\/16034\/revisions\/16040"}],"wp:featuredmedia":[{"embeddable":true,"href":"https:\/\/www.visitcentroamerica.com\/sala-prensa\/wp-json\/wp\/v2\/media\/16037"}],"wp:attachment":[{"href":"https:\/\/www.visitcentroamerica.com\/sala-prensa\/wp-json\/wp\/v2\/media?parent=16034"}],"wp:term":[{"taxonomy":"category","embeddable":true,"href":"https:\/\/www.visitcentroamerica.com\/sala-prensa\/wp-json\/wp\/v2\/categories?post=16034"},{"taxonomy":"post_tag","embeddable":true,"href":"https:\/\/www.visitcentroamerica.com\/sala-prensa\/wp-json\/wp\/v2\/tags?post=16034"}],"curies":[{"name":"wp","href":"https:\/\/api.w.org\/{rel}","templated":true}]}}