{"id":16030,"date":"2025-05-28T20:36:53","date_gmt":"2025-05-28T18:36:53","guid":{"rendered":"https:\/\/www.visitcentroamerica.com\/sala-prensa\/?p=16030"},"modified":"2025-05-28T20:36:53","modified_gmt":"2025-05-28T18:36:53","slug":"atp-sostiene-conversatorio-con-el-sector-turistico-para-fortalecer-la-industria-nacional","status":"publish","type":"post","link":"https:\/\/www.visitcentroamerica.com\/sala-prensa\/actualidad\/panama\/atp-sostiene-conversatorio-con-el-sector-turistico-para-fortalecer-la-industria-nacional\/","title":{"rendered":"ATP sostiene conversatorio con el sector tur\u00edstico para fortalecer la industria nacional"},"content":{"rendered":"<div class=\"evo-screen evo-full-container evo-equal\">\n<article class=\"evo-post evo-single-post evo-post-centered evo-full-post evo-lazy-thumb post-3813 post type-post status-publish format-standard has-post-thumbnail hentry category-travel tag-atp tag-autoridad-de-turismo-de-panama tag-camara-nacional-de-turismo tag-camtur tag-turismo tag-turismo-nacional evo-lazy-show\">\n<figure class=\"evo-post-thumb evo-single-ov-image evo-single-center\">\n<div class=\"evo-single-overlay\">\n<div class=\"evo-single-overlay-inner\">\n<div class=\"evo-single-header\">\n<div class=\"evo-post-meta top\">\n<div class=\"evo-post-category evo-cat-bg\"><strong><img loading=\"lazy\" decoding=\"async\" class=\"alignnone wp-image-16031 size-full\" src=\"https:\/\/www.visitcentroamerica.com\/sala-prensa\/wp-content\/uploads\/2025\/05\/Sin-titulo-1024-x-600-px-2025-05-28T123209.630.png\" alt=\"\" width=\"1024\" height=\"600\" srcset=\"https:\/\/www.visitcentroamerica.com\/sala-prensa\/wp-content\/uploads\/2025\/05\/Sin-titulo-1024-x-600-px-2025-05-28T123209.630.png 1024w, https:\/\/www.visitcentroamerica.com\/sala-prensa\/wp-content\/uploads\/2025\/05\/Sin-titulo-1024-x-600-px-2025-05-28T123209.630-300x176.png 300w, https:\/\/www.visitcentroamerica.com\/sala-prensa\/wp-content\/uploads\/2025\/05\/Sin-titulo-1024-x-600-px-2025-05-28T123209.630-768x450.png 768w, https:\/\/www.visitcentroamerica.com\/sala-prensa\/wp-content\/uploads\/2025\/05\/Sin-titulo-1024-x-600-px-2025-05-28T123209.630-717x420.png 717w, https:\/\/www.visitcentroamerica.com\/sala-prensa\/wp-content\/uploads\/2025\/05\/Sin-titulo-1024-x-600-px-2025-05-28T123209.630-696x408.png 696w, https:\/\/www.visitcentroamerica.com\/sala-prensa\/wp-content\/uploads\/2025\/05\/Sin-titulo-1024-x-600-px-2025-05-28T123209.630-500x293.png 500w\" sizes=\"auto, (max-width: 1024px) 100vw, 1024px\" \/>\u00a0\u00a0<\/strong><\/div>\n<\/div>\n<\/div>\n<\/div>\n<\/div>\n<\/figure>\n<\/article>\n<\/div>\n<div class=\"container\">\n<div class=\"row\">\n<div class=\"col-md-8 col-sm-12 col-xs-12\">\n<article class=\"evo-post evo-single-post post-3813 post type-post status-publish format-standard has-post-thumbnail hentry category-travel tag-atp tag-autoridad-de-turismo-de-panama tag-camara-nacional-de-turismo tag-camtur tag-turismo tag-turismo-nacional\">\n<div class=\"evo-entry-content entry-content\">\n<p><strong>Panam\u00e1, mayo de 2025 \u2014<\/strong>\u00a0La Autoridad de Turismo de Panam\u00e1 (ATP) llev\u00f3 a cabo hoy un importante conversatorio con representantes de los gremios del sector tur\u00edstico del pa\u00eds, en un esfuerzo conjunto por evaluar los avances, identificar oportunidades y afrontar los desaf\u00edos que enfrenta la industria tur\u00edstica en Panam\u00e1. La reuni\u00f3n sirvi\u00f3 como una plataforma para fortalecer la colaboraci\u00f3n entre el sector p\u00fablico y privado, y para trazar estrategias que impulsen el crecimiento sostenible del turismo nacional.<\/p>\n<p>Durante el encuentro, los participantes tuvieron la oportunidad de dialogar sobre temas clave, entre ellos, la conectividad interna, la mejora de la oferta tur\u00edstica, la expansi\u00f3n de centros de convenciones, la promoci\u00f3n de la oferta, y la profesionalizaci\u00f3n de los profesionales del sector, incluyendo certificaciones de gu\u00edas y l\u00edderes tur\u00edsticos (Tour Leaders). Adem\u00e1s, se abordaron iniciativas para fortalecer la organizaci\u00f3n de los gremios, potenciar la capacidad de los destinos y mejorar la estructuraci\u00f3n de los DMC (Destination Management Companies).<\/p>\n<p>La Administradora General de la ATP, Gloria De Le\u00f3n, manifest\u00f3 su compromiso con el fortalecimiento del sector: \u00abNuestro objetivo es seguir impulsando un turismo de calidad, que sea inclusivo y sostenible. La colaboraci\u00f3n con los gremios y los profesionales del sector es fundamental para optimizar nuestra oferta, mejorar la conectividad y promover Panam\u00e1 como un destino de clase mundial.\u00bb<\/p>\n<p>Por su parte, presidente de Ecocircuitos Panam\u00e1, Jos\u00e9 Rodolfo De la Guardia, destac\u00f3 la importancia de la capacitaci\u00f3n: \u00abFue una reuni\u00f3n muy positiva, pudimos comentarle a la ministra sobre algunas preocupaciones que hay en el sector, cosas que podemos mejorar y que podemos recibir el apoyo de la ATP, por ejemplo, en temas de la conectividad interna que es un reto grande que tenemos que afrontar.\u00bb<\/p>\n<p>En tanto, Shahid Patel, Gerente de Style Travel Panam\u00e1, coment\u00f3: \u00abFue un conversatorio muy productivo y estamos muy agradecidos por que se nos ha permitido expresar todas las cosas que podamos mejorar en el turismo nacional.\u00bb<\/p>\n<p>Este conversatorio reafirma el compromiso de la Autoridad de Turismo de Panam\u00e1 en trabajar de la mano con los gremios y profesionales del sector para potenciar el turismo interno y externo, fortalecer la infraestructura, y promover la diversidad de nuestra oferta tur\u00edstica, que incluye cultura, naturaleza, convenciones y aventura.<\/p>\n<\/div>\n<\/article>\n<\/div>\n<\/div>\n<p><strong>Fuente: RRPP Autoridad de Turismo de Panam\u00e1<\/strong><\/p>\n<\/div>\n","protected":false},"excerpt":{"rendered":"<p>\u00a0\u00a0 Panam\u00e1, mayo de 2025 \u2014\u00a0La Autoridad de Turismo de Panam\u00e1 (ATP) llev\u00f3 a cabo hoy un importante conversatorio con representantes de los gremios del sector tur\u00edstico del pa\u00eds, en un esfuerzo conjunto por evaluar los avances, identificar oportunidades y afrontar los desaf\u00edos que enfrenta la industria tur\u00edstica en Panam\u00e1. La reuni\u00f3n sirvi\u00f3 como una [&hellip;]<\/p>\n","protected":false},"author":5,"featured_media":16031,"comment_status":"open","ping_status":"closed","sticky":false,"template":"","format":"standard","meta":{"footnotes":""},"categories":[7],"tags":[],"class_list":{"0":"post-16030","1":"post","2":"type-post","3":"status-publish","4":"format-standard","5":"has-post-thumbnail","7":"category-panama"},"yoast_head":"<!-- This site is optimized with the Yoast SEO plugin v27.3 - https:\/\/yoast.com\/product\/yoast-seo-wordpress\/ -->\n<title>ATP sostiene conversatorio con el sector tur\u00edstico para fortalecer la industria nacional - Sala de prensa<\/title>\n<meta name=\"robots\" content=\"index, follow, max-snippet:-1, max-image-preview:large, max-video-preview:-1\" \/>\n<link rel=\"canonical\" href=\"https:\/\/www.visitcentroamerica.com\/sala-prensa\/actualidad\/panama\/atp-sostiene-conversatorio-con-el-sector-turistico-para-fortalecer-la-industria-nacional\/\" \/>\n<meta property=\"og:locale\" content=\"es_ES\" \/>\n<meta property=\"og:type\" content=\"article\" \/>\n<meta property=\"og:title\" content=\"ATP sostiene conversatorio con el sector tur\u00edstico para fortalecer la industria nacional - Sala de prensa\" \/>\n<meta property=\"og:description\" content=\"\u00a0\u00a0 Panam\u00e1, mayo de 2025 \u2014\u00a0La Autoridad de Turismo de Panam\u00e1 (ATP) llev\u00f3 a cabo hoy un importante conversatorio con representantes de los gremios del sector tur\u00edstico del pa\u00eds, en un esfuerzo conjunto por evaluar los avances, identificar oportunidades y afrontar los desaf\u00edos que enfrenta la industria tur\u00edstica en Panam\u00e1. La reuni\u00f3n sirvi\u00f3 como una [&hellip;]\" \/>\n<meta property=\"og:url\" content=\"https:\/\/www.visitcentroamerica.com\/sala-prensa\/actualidad\/panama\/atp-sostiene-conversatorio-con-el-sector-turistico-para-fortalecer-la-industria-nacional\/\" \/>\n<meta property=\"og:site_name\" content=\"Sala de prensa\" \/>\n<meta property=\"article:published_time\" content=\"2025-05-28T18:36:53+00:00\" \/>\n<meta property=\"og:image\" content=\"https:\/\/www.visitcentroamerica.com\/sala-prensa\/wp-content\/uploads\/2025\/05\/Sin-titulo-1024-x-600-px-2025-05-28T123209.630.png\" \/>\n\t<meta property=\"og:image:width\" content=\"1024\" \/>\n\t<meta property=\"og:image:height\" content=\"600\" \/>\n\t<meta property=\"og:image:type\" content=\"image\/png\" \/>\n<meta name=\"author\" content=\"Denis Alvarado\" \/>\n<meta name=\"twitter:card\" content=\"summary_large_image\" \/>\n<meta name=\"twitter:label1\" content=\"Escrito por\" \/>\n\t<meta name=\"twitter:data1\" content=\"Denis Alvarado\" \/>\n\t<meta name=\"twitter:label2\" content=\"Tiempo de lectura\" \/>\n\t<meta name=\"twitter:data2\" content=\"3 minutos\" \/>\n<script type=\"application\/ld+json\" class=\"yoast-schema-graph\">{\"@context\":\"https:\\\/\\\/schema.org\",\"@graph\":[{\"@type\":\"Article\",\"@id\":\"https:\\\/\\\/www.visitcentroamerica.com\\\/sala-prensa\\\/actualidad\\\/panama\\\/atp-sostiene-conversatorio-con-el-sector-turistico-para-fortalecer-la-industria-nacional\\\/#article\",\"isPartOf\":{\"@id\":\"https:\\\/\\\/www.visitcentroamerica.com\\\/sala-prensa\\\/actualidad\\\/panama\\\/atp-sostiene-conversatorio-con-el-sector-turistico-para-fortalecer-la-industria-nacional\\\/\"},\"author\":{\"name\":\"Denis Alvarado\",\"@id\":\"https:\\\/\\\/www.visitcentroamerica.com\\\/sala-prensa\\\/#\\\/schema\\\/person\\\/0aa3bd0dbaabaead6089ee3dd0cd7ae5\"},\"headline\":\"ATP sostiene conversatorio con el sector tur\u00edstico para fortalecer la industria nacional\",\"datePublished\":\"2025-05-28T18:36:53+00:00\",\"mainEntityOfPage\":{\"@id\":\"https:\\\/\\\/www.visitcentroamerica.com\\\/sala-prensa\\\/actualidad\\\/panama\\\/atp-sostiene-conversatorio-con-el-sector-turistico-para-fortalecer-la-industria-nacional\\\/\"},\"wordCount\":407,\"commentCount\":0,\"image\":{\"@id\":\"https:\\\/\\\/www.visitcentroamerica.com\\\/sala-prensa\\\/actualidad\\\/panama\\\/atp-sostiene-conversatorio-con-el-sector-turistico-para-fortalecer-la-industria-nacional\\\/#primaryimage\"},\"thumbnailUrl\":\"https:\\\/\\\/www.visitcentroamerica.com\\\/sala-prensa\\\/wp-content\\\/uploads\\\/2025\\\/05\\\/Sin-titulo-1024-x-600-px-2025-05-28T123209.630.png\",\"articleSection\":[\"Panam\u00e1\"],\"inLanguage\":\"es\",\"potentialAction\":[{\"@type\":\"CommentAction\",\"name\":\"Comment\",\"target\":[\"https:\\\/\\\/www.visitcentroamerica.com\\\/sala-prensa\\\/actualidad\\\/panama\\\/atp-sostiene-conversatorio-con-el-sector-turistico-para-fortalecer-la-industria-nacional\\\/#respond\"]}]},{\"@type\":\"WebPage\",\"@id\":\"https:\\\/\\\/www.visitcentroamerica.com\\\/sala-prensa\\\/actualidad\\\/panama\\\/atp-sostiene-conversatorio-con-el-sector-turistico-para-fortalecer-la-industria-nacional\\\/\",\"url\":\"https:\\\/\\\/www.visitcentroamerica.com\\\/sala-prensa\\\/actualidad\\\/panama\\\/atp-sostiene-conversatorio-con-el-sector-turistico-para-fortalecer-la-industria-nacional\\\/\",\"name\":\"ATP sostiene conversatorio con el sector tur\u00edstico para fortalecer la industria nacional - Sala de prensa\",\"isPartOf\":{\"@id\":\"https:\\\/\\\/www.visitcentroamerica.com\\\/sala-prensa\\\/#website\"},\"primaryImageOfPage\":{\"@id\":\"https:\\\/\\\/www.visitcentroamerica.com\\\/sala-prensa\\\/actualidad\\\/panama\\\/atp-sostiene-conversatorio-con-el-sector-turistico-para-fortalecer-la-industria-nacional\\\/#primaryimage\"},\"image\":{\"@id\":\"https:\\\/\\\/www.visitcentroamerica.com\\\/sala-prensa\\\/actualidad\\\/panama\\\/atp-sostiene-conversatorio-con-el-sector-turistico-para-fortalecer-la-industria-nacional\\\/#primaryimage\"},\"thumbnailUrl\":\"https:\\\/\\\/www.visitcentroamerica.com\\\/sala-prensa\\\/wp-content\\\/uploads\\\/2025\\\/05\\\/Sin-titulo-1024-x-600-px-2025-05-28T123209.630.png\",\"datePublished\":\"2025-05-28T18:36:53+00:00\",\"author\":{\"@id\":\"https:\\\/\\\/www.visitcentroamerica.com\\\/sala-prensa\\\/#\\\/schema\\\/person\\\/0aa3bd0dbaabaead6089ee3dd0cd7ae5\"},\"breadcrumb\":{\"@id\":\"https:\\\/\\\/www.visitcentroamerica.com\\\/sala-prensa\\\/actualidad\\\/panama\\\/atp-sostiene-conversatorio-con-el-sector-turistico-para-fortalecer-la-industria-nacional\\\/#breadcrumb\"},\"inLanguage\":\"es\",\"potentialAction\":[{\"@type\":\"ReadAction\",\"target\":[\"https:\\\/\\\/www.visitcentroamerica.com\\\/sala-prensa\\\/actualidad\\\/panama\\\/atp-sostiene-conversatorio-con-el-sector-turistico-para-fortalecer-la-industria-nacional\\\/\"]}]},{\"@type\":\"ImageObject\",\"inLanguage\":\"es\",\"@id\":\"https:\\\/\\\/www.visitcentroamerica.com\\\/sala-prensa\\\/actualidad\\\/panama\\\/atp-sostiene-conversatorio-con-el-sector-turistico-para-fortalecer-la-industria-nacional\\\/#primaryimage\",\"url\":\"https:\\\/\\\/www.visitcentroamerica.com\\\/sala-prensa\\\/wp-content\\\/uploads\\\/2025\\\/05\\\/Sin-titulo-1024-x-600-px-2025-05-28T123209.630.png\",\"contentUrl\":\"https:\\\/\\\/www.visitcentroamerica.com\\\/sala-prensa\\\/wp-content\\\/uploads\\\/2025\\\/05\\\/Sin-titulo-1024-x-600-px-2025-05-28T123209.630.png\",\"width\":1024,\"height\":600},{\"@type\":\"BreadcrumbList\",\"@id\":\"https:\\\/\\\/www.visitcentroamerica.com\\\/sala-prensa\\\/actualidad\\\/panama\\\/atp-sostiene-conversatorio-con-el-sector-turistico-para-fortalecer-la-industria-nacional\\\/#breadcrumb\",\"itemListElement\":[{\"@type\":\"ListItem\",\"position\":1,\"name\":\"Portada\",\"item\":\"https:\\\/\\\/www.visitcentroamerica.com\\\/sala-prensa\\\/\"},{\"@type\":\"ListItem\",\"position\":2,\"name\":\"ATP sostiene conversatorio con el sector tur\u00edstico para fortalecer la industria nacional\"}]},{\"@type\":\"WebSite\",\"@id\":\"https:\\\/\\\/www.visitcentroamerica.com\\\/sala-prensa\\\/#website\",\"url\":\"https:\\\/\\\/www.visitcentroamerica.com\\\/sala-prensa\\\/\",\"name\":\"Sala de prensa\",\"description\":\"\",\"potentialAction\":[{\"@type\":\"SearchAction\",\"target\":{\"@type\":\"EntryPoint\",\"urlTemplate\":\"https:\\\/\\\/www.visitcentroamerica.com\\\/sala-prensa\\\/?s={search_term_string}\"},\"query-input\":{\"@type\":\"PropertyValueSpecification\",\"valueRequired\":true,\"valueName\":\"search_term_string\"}}],\"inLanguage\":\"es\"},{\"@type\":\"Person\",\"@id\":\"https:\\\/\\\/www.visitcentroamerica.com\\\/sala-prensa\\\/#\\\/schema\\\/person\\\/0aa3bd0dbaabaead6089ee3dd0cd7ae5\",\"name\":\"Denis Alvarado\",\"image\":{\"@type\":\"ImageObject\",\"inLanguage\":\"es\",\"@id\":\"https:\\\/\\\/secure.gravatar.com\\\/avatar\\\/c31f0697f6edb7c68d5dedc2ccbd548d2a9f73aa293e81c6a1425229ec4c9135?s=96&d=mm&r=g\",\"url\":\"https:\\\/\\\/secure.gravatar.com\\\/avatar\\\/c31f0697f6edb7c68d5dedc2ccbd548d2a9f73aa293e81c6a1425229ec4c9135?s=96&d=mm&r=g\",\"contentUrl\":\"https:\\\/\\\/secure.gravatar.com\\\/avatar\\\/c31f0697f6edb7c68d5dedc2ccbd548d2a9f73aa293e81c6a1425229ec4c9135?s=96&d=mm&r=g\",\"caption\":\"Denis Alvarado\"},\"url\":\"https:\\\/\\\/www.visitcentroamerica.com\\\/sala-prensa\\\/author\\\/denis\\\/\"}]}<\/script>\n<!-- \/ Yoast SEO plugin. -->","yoast_head_json":{"title":"ATP sostiene conversatorio con el sector tur\u00edstico para fortalecer la industria nacional - Sala de prensa","robots":{"index":"index","follow":"follow","max-snippet":"max-snippet:-1","max-image-preview":"max-image-preview:large","max-video-preview":"max-video-preview:-1"},"canonical":"https:\/\/www.visitcentroamerica.com\/sala-prensa\/actualidad\/panama\/atp-sostiene-conversatorio-con-el-sector-turistico-para-fortalecer-la-industria-nacional\/","og_locale":"es_ES","og_type":"article","og_title":"ATP sostiene conversatorio con el sector tur\u00edstico para fortalecer la industria nacional - Sala de prensa","og_description":"\u00a0\u00a0 Panam\u00e1, mayo de 2025 \u2014\u00a0La Autoridad de Turismo de Panam\u00e1 (ATP) llev\u00f3 a cabo hoy un importante conversatorio con representantes de los gremios del sector tur\u00edstico del pa\u00eds, en un esfuerzo conjunto por evaluar los avances, identificar oportunidades y afrontar los desaf\u00edos que enfrenta la industria tur\u00edstica en Panam\u00e1. La reuni\u00f3n sirvi\u00f3 como una [&hellip;]","og_url":"https:\/\/www.visitcentroamerica.com\/sala-prensa\/actualidad\/panama\/atp-sostiene-conversatorio-con-el-sector-turistico-para-fortalecer-la-industria-nacional\/","og_site_name":"Sala de prensa","article_published_time":"2025-05-28T18:36:53+00:00","og_image":[{"width":1024,"height":600,"url":"https:\/\/www.visitcentroamerica.com\/sala-prensa\/wp-content\/uploads\/2025\/05\/Sin-titulo-1024-x-600-px-2025-05-28T123209.630.png","type":"image\/png"}],"author":"Denis Alvarado","twitter_card":"summary_large_image","twitter_misc":{"Escrito por":"Denis Alvarado","Tiempo de lectura":"3 minutos"},"schema":{"@context":"https:\/\/schema.org","@graph":[{"@type":"Article","@id":"https:\/\/www.visitcentroamerica.com\/sala-prensa\/actualidad\/panama\/atp-sostiene-conversatorio-con-el-sector-turistico-para-fortalecer-la-industria-nacional\/#article","isPartOf":{"@id":"https:\/\/www.visitcentroamerica.com\/sala-prensa\/actualidad\/panama\/atp-sostiene-conversatorio-con-el-sector-turistico-para-fortalecer-la-industria-nacional\/"},"author":{"name":"Denis Alvarado","@id":"https:\/\/www.visitcentroamerica.com\/sala-prensa\/#\/schema\/person\/0aa3bd0dbaabaead6089ee3dd0cd7ae5"},"headline":"ATP sostiene conversatorio con el sector tur\u00edstico para fortalecer la industria nacional","datePublished":"2025-05-28T18:36:53+00:00","mainEntityOfPage":{"@id":"https:\/\/www.visitcentroamerica.com\/sala-prensa\/actualidad\/panama\/atp-sostiene-conversatorio-con-el-sector-turistico-para-fortalecer-la-industria-nacional\/"},"wordCount":407,"commentCount":0,"image":{"@id":"https:\/\/www.visitcentroamerica.com\/sala-prensa\/actualidad\/panama\/atp-sostiene-conversatorio-con-el-sector-turistico-para-fortalecer-la-industria-nacional\/#primaryimage"},"thumbnailUrl":"https:\/\/www.visitcentroamerica.com\/sala-prensa\/wp-content\/uploads\/2025\/05\/Sin-titulo-1024-x-600-px-2025-05-28T123209.630.png","articleSection":["Panam\u00e1"],"inLanguage":"es","potentialAction":[{"@type":"CommentAction","name":"Comment","target":["https:\/\/www.visitcentroamerica.com\/sala-prensa\/actualidad\/panama\/atp-sostiene-conversatorio-con-el-sector-turistico-para-fortalecer-la-industria-nacional\/#respond"]}]},{"@type":"WebPage","@id":"https:\/\/www.visitcentroamerica.com\/sala-prensa\/actualidad\/panama\/atp-sostiene-conversatorio-con-el-sector-turistico-para-fortalecer-la-industria-nacional\/","url":"https:\/\/www.visitcentroamerica.com\/sala-prensa\/actualidad\/panama\/atp-sostiene-conversatorio-con-el-sector-turistico-para-fortalecer-la-industria-nacional\/","name":"ATP sostiene conversatorio con el sector tur\u00edstico para fortalecer la industria nacional - Sala de prensa","isPartOf":{"@id":"https:\/\/www.visitcentroamerica.com\/sala-prensa\/#website"},"primaryImageOfPage":{"@id":"https:\/\/www.visitcentroamerica.com\/sala-prensa\/actualidad\/panama\/atp-sostiene-conversatorio-con-el-sector-turistico-para-fortalecer-la-industria-nacional\/#primaryimage"},"image":{"@id":"https:\/\/www.visitcentroamerica.com\/sala-prensa\/actualidad\/panama\/atp-sostiene-conversatorio-con-el-sector-turistico-para-fortalecer-la-industria-nacional\/#primaryimage"},"thumbnailUrl":"https:\/\/www.visitcentroamerica.com\/sala-prensa\/wp-content\/uploads\/2025\/05\/Sin-titulo-1024-x-600-px-2025-05-28T123209.630.png","datePublished":"2025-05-28T18:36:53+00:00","author":{"@id":"https:\/\/www.visitcentroamerica.com\/sala-prensa\/#\/schema\/person\/0aa3bd0dbaabaead6089ee3dd0cd7ae5"},"breadcrumb":{"@id":"https:\/\/www.visitcentroamerica.com\/sala-prensa\/actualidad\/panama\/atp-sostiene-conversatorio-con-el-sector-turistico-para-fortalecer-la-industria-nacional\/#breadcrumb"},"inLanguage":"es","potentialAction":[{"@type":"ReadAction","target":["https:\/\/www.visitcentroamerica.com\/sala-prensa\/actualidad\/panama\/atp-sostiene-conversatorio-con-el-sector-turistico-para-fortalecer-la-industria-nacional\/"]}]},{"@type":"ImageObject","inLanguage":"es","@id":"https:\/\/www.visitcentroamerica.com\/sala-prensa\/actualidad\/panama\/atp-sostiene-conversatorio-con-el-sector-turistico-para-fortalecer-la-industria-nacional\/#primaryimage","url":"https:\/\/www.visitcentroamerica.com\/sala-prensa\/wp-content\/uploads\/2025\/05\/Sin-titulo-1024-x-600-px-2025-05-28T123209.630.png","contentUrl":"https:\/\/www.visitcentroamerica.com\/sala-prensa\/wp-content\/uploads\/2025\/05\/Sin-titulo-1024-x-600-px-2025-05-28T123209.630.png","width":1024,"height":600},{"@type":"BreadcrumbList","@id":"https:\/\/www.visitcentroamerica.com\/sala-prensa\/actualidad\/panama\/atp-sostiene-conversatorio-con-el-sector-turistico-para-fortalecer-la-industria-nacional\/#breadcrumb","itemListElement":[{"@type":"ListItem","position":1,"name":"Portada","item":"https:\/\/www.visitcentroamerica.com\/sala-prensa\/"},{"@type":"ListItem","position":2,"name":"ATP sostiene conversatorio con el sector tur\u00edstico para fortalecer la industria nacional"}]},{"@type":"WebSite","@id":"https:\/\/www.visitcentroamerica.com\/sala-prensa\/#website","url":"https:\/\/www.visitcentroamerica.com\/sala-prensa\/","name":"Sala de prensa","description":"","potentialAction":[{"@type":"SearchAction","target":{"@type":"EntryPoint","urlTemplate":"https:\/\/www.visitcentroamerica.com\/sala-prensa\/?s={search_term_string}"},"query-input":{"@type":"PropertyValueSpecification","valueRequired":true,"valueName":"search_term_string"}}],"inLanguage":"es"},{"@type":"Person","@id":"https:\/\/www.visitcentroamerica.com\/sala-prensa\/#\/schema\/person\/0aa3bd0dbaabaead6089ee3dd0cd7ae5","name":"Denis Alvarado","image":{"@type":"ImageObject","inLanguage":"es","@id":"https:\/\/secure.gravatar.com\/avatar\/c31f0697f6edb7c68d5dedc2ccbd548d2a9f73aa293e81c6a1425229ec4c9135?s=96&d=mm&r=g","url":"https:\/\/secure.gravatar.com\/avatar\/c31f0697f6edb7c68d5dedc2ccbd548d2a9f73aa293e81c6a1425229ec4c9135?s=96&d=mm&r=g","contentUrl":"https:\/\/secure.gravatar.com\/avatar\/c31f0697f6edb7c68d5dedc2ccbd548d2a9f73aa293e81c6a1425229ec4c9135?s=96&d=mm&r=g","caption":"Denis Alvarado"},"url":"https:\/\/www.visitcentroamerica.com\/sala-prensa\/author\/denis\/"}]}},"_links":{"self":[{"href":"https:\/\/www.visitcentroamerica.com\/sala-prensa\/wp-json\/wp\/v2\/posts\/16030","targetHints":{"allow":["GET"]}}],"collection":[{"href":"https:\/\/www.visitcentroamerica.com\/sala-prensa\/wp-json\/wp\/v2\/posts"}],"about":[{"href":"https:\/\/www.visitcentroamerica.com\/sala-prensa\/wp-json\/wp\/v2\/types\/post"}],"author":[{"embeddable":true,"href":"https:\/\/www.visitcentroamerica.com\/sala-prensa\/wp-json\/wp\/v2\/users\/5"}],"replies":[{"embeddable":true,"href":"https:\/\/www.visitcentroamerica.com\/sala-prensa\/wp-json\/wp\/v2\/comments?post=16030"}],"version-history":[{"count":1,"href":"https:\/\/www.visitcentroamerica.com\/sala-prensa\/wp-json\/wp\/v2\/posts\/16030\/revisions"}],"predecessor-version":[{"id":16033,"href":"https:\/\/www.visitcentroamerica.com\/sala-prensa\/wp-json\/wp\/v2\/posts\/16030\/revisions\/16033"}],"wp:featuredmedia":[{"embeddable":true,"href":"https:\/\/www.visitcentroamerica.com\/sala-prensa\/wp-json\/wp\/v2\/media\/16031"}],"wp:attachment":[{"href":"https:\/\/www.visitcentroamerica.com\/sala-prensa\/wp-json\/wp\/v2\/media?parent=16030"}],"wp:term":[{"taxonomy":"category","embeddable":true,"href":"https:\/\/www.visitcentroamerica.com\/sala-prensa\/wp-json\/wp\/v2\/categories?post=16030"},{"taxonomy":"post_tag","embeddable":true,"href":"https:\/\/www.visitcentroamerica.com\/sala-prensa\/wp-json\/wp\/v2\/tags?post=16030"}],"curies":[{"name":"wp","href":"https:\/\/api.w.org\/{rel}","templated":true}]}}