{"id":16026,"date":"2025-05-28T20:24:05","date_gmt":"2025-05-28T18:24:05","guid":{"rendered":"https:\/\/www.visitcentroamerica.com\/sala-prensa\/?p=16026"},"modified":"2025-05-28T20:24:05","modified_gmt":"2025-05-28T18:24:05","slug":"panama-logra-record-en-observacion-de-aves-en-el-global-big-day","status":"publish","type":"post","link":"https:\/\/www.visitcentroamerica.com\/sala-prensa\/actualidad\/panama\/panama-logra-record-en-observacion-de-aves-en-el-global-big-day\/","title":{"rendered":"Panam\u00e1 logra r\u00e9cord en observaci\u00f3n de aves en el Global Big Day"},"content":{"rendered":"<p><img loading=\"lazy\" decoding=\"async\" class=\"alignnone size-full wp-image-16027\" src=\"https:\/\/www.visitcentroamerica.com\/sala-prensa\/wp-content\/uploads\/2025\/05\/Sin-titulo-1024-x-600-px-2025-05-28T121900.355.png\" alt=\"Global Big Day\" width=\"1024\" height=\"600\" srcset=\"https:\/\/www.visitcentroamerica.com\/sala-prensa\/wp-content\/uploads\/2025\/05\/Sin-titulo-1024-x-600-px-2025-05-28T121900.355.png 1024w, https:\/\/www.visitcentroamerica.com\/sala-prensa\/wp-content\/uploads\/2025\/05\/Sin-titulo-1024-x-600-px-2025-05-28T121900.355-300x176.png 300w, https:\/\/www.visitcentroamerica.com\/sala-prensa\/wp-content\/uploads\/2025\/05\/Sin-titulo-1024-x-600-px-2025-05-28T121900.355-768x450.png 768w, https:\/\/www.visitcentroamerica.com\/sala-prensa\/wp-content\/uploads\/2025\/05\/Sin-titulo-1024-x-600-px-2025-05-28T121900.355-717x420.png 717w, https:\/\/www.visitcentroamerica.com\/sala-prensa\/wp-content\/uploads\/2025\/05\/Sin-titulo-1024-x-600-px-2025-05-28T121900.355-696x408.png 696w, https:\/\/www.visitcentroamerica.com\/sala-prensa\/wp-content\/uploads\/2025\/05\/Sin-titulo-1024-x-600-px-2025-05-28T121900.355-500x293.png 500w\" sizes=\"auto, (max-width: 1024px) 100vw, 1024px\" \/><\/p>\n<h2>Fue el pa\u00eds con mayor n\u00famero de especies de aves registradas en todo el mundo en proporci\u00f3n a nuestra poblaci\u00f3n y extensi\u00f3n territorial<\/h2>\n<div>Panam\u00e1 registr\u00f3 771 especies de aves en un periodo de 24 horas en el Global Big Day (GBD) 2025,un nuevo r\u00e9cord nacional, consolidando al pa\u00eds en el s\u00e9ptimo lugar a nivel mundial y posicion\u00e1ndose como n\u00famero uno en Norte y Centroam\u00e9rica, inform\u00f3 este lunes el Ministerio de Ambiente (MIAMBIENTE).<\/div>\n<div><\/div>\n<div>\n<p>Adem\u00e1s, destaca que Panam\u00e1 fue el pa\u00eds con mayor n\u00famero de especies de aves registradas en todo el mundo en proporci\u00f3n a nuestra poblaci\u00f3n y extensi\u00f3n territorial.<\/p>\n<h2>Se registr\u00f3 la cifra r\u00e9cord de 4,563 listas de aves en eBird, el pa\u00eds con mayor aumento de listas en el mundo\u201d, indic\u00f3 MIAMBIENTE.<\/h2>\n<\/div>\n<div>\n<p>La entidad indica que observadores de aves, cient\u00edficos, grupos comunitarios y c\u00edvicos, oeneg\u00e9s, OBC, grupos ambientalistas y estudiantes universitarios y de centros educativos, de empresas, autoridades locales e instituciones se unieron no solo para disfrutar de la naturaleza y conocer m\u00e1s sobre la diversidad de aves que alberga el pa\u00eds, sino tambi\u00e9n para conectarse con los sonidos, los colores y la riqueza del patrimonio natural paname\u00f1o, en el GBD 2025, un evento realizado el pasado 10 de mayo.<\/p>\n<\/div>\n<div>Al respecto, Juan Carlos Navarro, ministro de Ambiente afirm\u00f3 que \u201ceste evento no solo contribuy\u00f3 a la base de datos global de aves, sino que tambi\u00e9n impuls\u00f3 el posicionamiento de Panam\u00e1 como un destino l\u00edder de observaci\u00f3n de aves, por ello es importante definir nuestros pr\u00f3ximos pasos. Agradezco a todos los que hicieron posible este gran logro: gracias por levantar los binoculares y por registrar cada especie con pasi\u00f3n y rigurosidad\u201d.<\/div>\n<div><\/div>\n<div>\n<p>El GBD 2025 represent\u00f3 una oportunidad para la actualizaci\u00f3n de datos sobre la distribuci\u00f3n de las aves del pa\u00eds, informaci\u00f3n valiosa para dise\u00f1ar estrategias de conservaci\u00f3n, monitoreo e investigaci\u00f3n. Para el Ministerio de Ambiente (MiAMBIENTE) fue importante el respaldo brindado a trav\u00e9s de las sedes regionales a todos los grupos interesados en sumarse a esta actividad.<\/p>\n<p>Navarro, durante su intervenci\u00f3n adelant\u00f3 algunas acciones para mantener el \u00e9xito de estos resultados, entre los que destac\u00f3: la Instalaci\u00f3n de mesas de trabajo interinstitucionales y comunitarias, enfocadas en fortalecer la planificaci\u00f3n del Global Big Day; Capacitaci\u00f3n continua para j\u00f3venes y gu\u00edas locales en el uso de herramientas tecnol\u00f3gicas como eBird y Merlin; fortalecimiento de alianzas, que permitan a Panam\u00e1 seguir siendo un referente en conservaci\u00f3n y turismo de naturaleza, entre otras enfocadas a la sostenibilidad, inclusi\u00f3n y beneficio comunitario.<\/p>\n<p>De acuerdo con datos de la plataforma eBird, a nivel nacional m\u00e1s de 3,500 personas de todas las edades se volcaron a las \u00e1reas protegidas con binoculares en mano para explorar y observar la diversidad de aves; las formas de sus anatom\u00edas; los colores de sus plumajes; la majestuosidad de sus cantos; y el n\u00famero de individuos de cada especie que fueron avistados, as\u00ed como el estado del bosque y ecosistema natural en el lugar donde las vieron.<\/p>\n<p>La oportunidad fue propicia para reconocer la labor de 37 agrupaciones, cient\u00edficos, ambientalistas y comunidades que participaron en el Global Big Day 2025, sumando esfuerzos por la conservaci\u00f3n de nuestras aves y la promoci\u00f3n del conocimiento cient\u00edfico y ciudadano sobre la biodiversidad de Panam\u00e1.<\/p>\n<p>Algunos de estos son Asociaci\u00f3n de Biol\u00f3gica de Panam\u00e1 (ABIOPA), Cruz Roja, Asociaci\u00f3n Nacional para la Conservaci\u00f3n de la Naturaleza (ANC\u00d3N), Adopta Bosque, Naturaleza y Ciencia, Team Dacnis, OBC cruces Trail, Fundaci\u00f3n Rapaces y Bosques de Panam\u00e1, Eufonias, Avifauna, entre otros.<\/p>\n<\/div>\n","protected":false},"excerpt":{"rendered":"<p>Fue el pa\u00eds con mayor n\u00famero de especies de aves registradas en todo el mundo en proporci\u00f3n a nuestra poblaci\u00f3n y extensi\u00f3n territorial Panam\u00e1 registr\u00f3 771 especies de aves en un periodo de 24 horas en el Global Big Day (GBD) 2025,un nuevo r\u00e9cord nacional, consolidando al pa\u00eds en el s\u00e9ptimo lugar a nivel mundial [&hellip;]<\/p>\n","protected":false},"author":5,"featured_media":16027,"comment_status":"open","ping_status":"closed","sticky":false,"template":"","format":"standard","meta":{"footnotes":""},"categories":[7],"tags":[],"class_list":{"0":"post-16026","1":"post","2":"type-post","3":"status-publish","4":"format-standard","5":"has-post-thumbnail","7":"category-panama"},"yoast_head":"<!-- This site is optimized with the Yoast SEO plugin v27.3 - https:\/\/yoast.com\/product\/yoast-seo-wordpress\/ -->\n<title>Panam\u00e1 logra r\u00e9cord en observaci\u00f3n de aves en el Global Big Day - Sala de prensa<\/title>\n<meta name=\"robots\" content=\"index, follow, max-snippet:-1, max-image-preview:large, max-video-preview:-1\" \/>\n<link rel=\"canonical\" href=\"https:\/\/www.visitcentroamerica.com\/sala-prensa\/actualidad\/panama\/panama-logra-record-en-observacion-de-aves-en-el-global-big-day\/\" \/>\n<meta property=\"og:locale\" content=\"es_ES\" \/>\n<meta property=\"og:type\" content=\"article\" \/>\n<meta property=\"og:title\" content=\"Panam\u00e1 logra r\u00e9cord en observaci\u00f3n de aves en el Global Big Day - Sala de prensa\" \/>\n<meta property=\"og:description\" content=\"Fue el pa\u00eds con mayor n\u00famero de especies de aves registradas en todo el mundo en proporci\u00f3n a nuestra poblaci\u00f3n y extensi\u00f3n territorial Panam\u00e1 registr\u00f3 771 especies de aves en un periodo de 24 horas en el Global Big Day (GBD) 2025,un nuevo r\u00e9cord nacional, consolidando al pa\u00eds en el s\u00e9ptimo lugar a nivel mundial [&hellip;]\" \/>\n<meta property=\"og:url\" content=\"https:\/\/www.visitcentroamerica.com\/sala-prensa\/actualidad\/panama\/panama-logra-record-en-observacion-de-aves-en-el-global-big-day\/\" \/>\n<meta property=\"og:site_name\" content=\"Sala de prensa\" \/>\n<meta property=\"article:published_time\" content=\"2025-05-28T18:24:05+00:00\" \/>\n<meta property=\"og:image\" content=\"https:\/\/www.visitcentroamerica.com\/sala-prensa\/wp-content\/uploads\/2025\/05\/Sin-titulo-1024-x-600-px-2025-05-28T121900.355.png\" \/>\n\t<meta property=\"og:image:width\" content=\"1024\" \/>\n\t<meta property=\"og:image:height\" content=\"600\" \/>\n\t<meta property=\"og:image:type\" content=\"image\/png\" \/>\n<meta name=\"author\" content=\"Denis Alvarado\" \/>\n<meta name=\"twitter:card\" content=\"summary_large_image\" \/>\n<meta name=\"twitter:label1\" content=\"Escrito por\" \/>\n\t<meta name=\"twitter:data1\" content=\"Denis Alvarado\" \/>\n\t<meta name=\"twitter:label2\" content=\"Tiempo de lectura\" \/>\n\t<meta name=\"twitter:data2\" content=\"4 minutos\" \/>\n<script type=\"application\/ld+json\" class=\"yoast-schema-graph\">{\"@context\":\"https:\\\/\\\/schema.org\",\"@graph\":[{\"@type\":\"Article\",\"@id\":\"https:\\\/\\\/www.visitcentroamerica.com\\\/sala-prensa\\\/actualidad\\\/panama\\\/panama-logra-record-en-observacion-de-aves-en-el-global-big-day\\\/#article\",\"isPartOf\":{\"@id\":\"https:\\\/\\\/www.visitcentroamerica.com\\\/sala-prensa\\\/actualidad\\\/panama\\\/panama-logra-record-en-observacion-de-aves-en-el-global-big-day\\\/\"},\"author\":{\"name\":\"Denis Alvarado\",\"@id\":\"https:\\\/\\\/www.visitcentroamerica.com\\\/sala-prensa\\\/#\\\/schema\\\/person\\\/0aa3bd0dbaabaead6089ee3dd0cd7ae5\"},\"headline\":\"Panam\u00e1 logra r\u00e9cord en observaci\u00f3n de aves en el Global Big Day\",\"datePublished\":\"2025-05-28T18:24:05+00:00\",\"mainEntityOfPage\":{\"@id\":\"https:\\\/\\\/www.visitcentroamerica.com\\\/sala-prensa\\\/actualidad\\\/panama\\\/panama-logra-record-en-observacion-de-aves-en-el-global-big-day\\\/\"},\"wordCount\":637,\"commentCount\":0,\"image\":{\"@id\":\"https:\\\/\\\/www.visitcentroamerica.com\\\/sala-prensa\\\/actualidad\\\/panama\\\/panama-logra-record-en-observacion-de-aves-en-el-global-big-day\\\/#primaryimage\"},\"thumbnailUrl\":\"https:\\\/\\\/www.visitcentroamerica.com\\\/sala-prensa\\\/wp-content\\\/uploads\\\/2025\\\/05\\\/Sin-titulo-1024-x-600-px-2025-05-28T121900.355.png\",\"articleSection\":[\"Panam\u00e1\"],\"inLanguage\":\"es\",\"potentialAction\":[{\"@type\":\"CommentAction\",\"name\":\"Comment\",\"target\":[\"https:\\\/\\\/www.visitcentroamerica.com\\\/sala-prensa\\\/actualidad\\\/panama\\\/panama-logra-record-en-observacion-de-aves-en-el-global-big-day\\\/#respond\"]}]},{\"@type\":\"WebPage\",\"@id\":\"https:\\\/\\\/www.visitcentroamerica.com\\\/sala-prensa\\\/actualidad\\\/panama\\\/panama-logra-record-en-observacion-de-aves-en-el-global-big-day\\\/\",\"url\":\"https:\\\/\\\/www.visitcentroamerica.com\\\/sala-prensa\\\/actualidad\\\/panama\\\/panama-logra-record-en-observacion-de-aves-en-el-global-big-day\\\/\",\"name\":\"Panam\u00e1 logra r\u00e9cord en observaci\u00f3n de aves en el Global Big Day - Sala de prensa\",\"isPartOf\":{\"@id\":\"https:\\\/\\\/www.visitcentroamerica.com\\\/sala-prensa\\\/#website\"},\"primaryImageOfPage\":{\"@id\":\"https:\\\/\\\/www.visitcentroamerica.com\\\/sala-prensa\\\/actualidad\\\/panama\\\/panama-logra-record-en-observacion-de-aves-en-el-global-big-day\\\/#primaryimage\"},\"image\":{\"@id\":\"https:\\\/\\\/www.visitcentroamerica.com\\\/sala-prensa\\\/actualidad\\\/panama\\\/panama-logra-record-en-observacion-de-aves-en-el-global-big-day\\\/#primaryimage\"},\"thumbnailUrl\":\"https:\\\/\\\/www.visitcentroamerica.com\\\/sala-prensa\\\/wp-content\\\/uploads\\\/2025\\\/05\\\/Sin-titulo-1024-x-600-px-2025-05-28T121900.355.png\",\"datePublished\":\"2025-05-28T18:24:05+00:00\",\"author\":{\"@id\":\"https:\\\/\\\/www.visitcentroamerica.com\\\/sala-prensa\\\/#\\\/schema\\\/person\\\/0aa3bd0dbaabaead6089ee3dd0cd7ae5\"},\"breadcrumb\":{\"@id\":\"https:\\\/\\\/www.visitcentroamerica.com\\\/sala-prensa\\\/actualidad\\\/panama\\\/panama-logra-record-en-observacion-de-aves-en-el-global-big-day\\\/#breadcrumb\"},\"inLanguage\":\"es\",\"potentialAction\":[{\"@type\":\"ReadAction\",\"target\":[\"https:\\\/\\\/www.visitcentroamerica.com\\\/sala-prensa\\\/actualidad\\\/panama\\\/panama-logra-record-en-observacion-de-aves-en-el-global-big-day\\\/\"]}]},{\"@type\":\"ImageObject\",\"inLanguage\":\"es\",\"@id\":\"https:\\\/\\\/www.visitcentroamerica.com\\\/sala-prensa\\\/actualidad\\\/panama\\\/panama-logra-record-en-observacion-de-aves-en-el-global-big-day\\\/#primaryimage\",\"url\":\"https:\\\/\\\/www.visitcentroamerica.com\\\/sala-prensa\\\/wp-content\\\/uploads\\\/2025\\\/05\\\/Sin-titulo-1024-x-600-px-2025-05-28T121900.355.png\",\"contentUrl\":\"https:\\\/\\\/www.visitcentroamerica.com\\\/sala-prensa\\\/wp-content\\\/uploads\\\/2025\\\/05\\\/Sin-titulo-1024-x-600-px-2025-05-28T121900.355.png\",\"width\":1024,\"height\":600,\"caption\":\"Global Big Day\"},{\"@type\":\"BreadcrumbList\",\"@id\":\"https:\\\/\\\/www.visitcentroamerica.com\\\/sala-prensa\\\/actualidad\\\/panama\\\/panama-logra-record-en-observacion-de-aves-en-el-global-big-day\\\/#breadcrumb\",\"itemListElement\":[{\"@type\":\"ListItem\",\"position\":1,\"name\":\"Portada\",\"item\":\"https:\\\/\\\/www.visitcentroamerica.com\\\/sala-prensa\\\/\"},{\"@type\":\"ListItem\",\"position\":2,\"name\":\"Panam\u00e1 logra r\u00e9cord en observaci\u00f3n de aves en el Global Big Day\"}]},{\"@type\":\"WebSite\",\"@id\":\"https:\\\/\\\/www.visitcentroamerica.com\\\/sala-prensa\\\/#website\",\"url\":\"https:\\\/\\\/www.visitcentroamerica.com\\\/sala-prensa\\\/\",\"name\":\"Sala de prensa\",\"description\":\"\",\"potentialAction\":[{\"@type\":\"SearchAction\",\"target\":{\"@type\":\"EntryPoint\",\"urlTemplate\":\"https:\\\/\\\/www.visitcentroamerica.com\\\/sala-prensa\\\/?s={search_term_string}\"},\"query-input\":{\"@type\":\"PropertyValueSpecification\",\"valueRequired\":true,\"valueName\":\"search_term_string\"}}],\"inLanguage\":\"es\"},{\"@type\":\"Person\",\"@id\":\"https:\\\/\\\/www.visitcentroamerica.com\\\/sala-prensa\\\/#\\\/schema\\\/person\\\/0aa3bd0dbaabaead6089ee3dd0cd7ae5\",\"name\":\"Denis Alvarado\",\"image\":{\"@type\":\"ImageObject\",\"inLanguage\":\"es\",\"@id\":\"https:\\\/\\\/secure.gravatar.com\\\/avatar\\\/c31f0697f6edb7c68d5dedc2ccbd548d2a9f73aa293e81c6a1425229ec4c9135?s=96&d=mm&r=g\",\"url\":\"https:\\\/\\\/secure.gravatar.com\\\/avatar\\\/c31f0697f6edb7c68d5dedc2ccbd548d2a9f73aa293e81c6a1425229ec4c9135?s=96&d=mm&r=g\",\"contentUrl\":\"https:\\\/\\\/secure.gravatar.com\\\/avatar\\\/c31f0697f6edb7c68d5dedc2ccbd548d2a9f73aa293e81c6a1425229ec4c9135?s=96&d=mm&r=g\",\"caption\":\"Denis Alvarado\"},\"url\":\"https:\\\/\\\/www.visitcentroamerica.com\\\/sala-prensa\\\/author\\\/denis\\\/\"}]}<\/script>\n<!-- \/ Yoast SEO plugin. -->","yoast_head_json":{"title":"Panam\u00e1 logra r\u00e9cord en observaci\u00f3n de aves en el Global Big Day - Sala de prensa","robots":{"index":"index","follow":"follow","max-snippet":"max-snippet:-1","max-image-preview":"max-image-preview:large","max-video-preview":"max-video-preview:-1"},"canonical":"https:\/\/www.visitcentroamerica.com\/sala-prensa\/actualidad\/panama\/panama-logra-record-en-observacion-de-aves-en-el-global-big-day\/","og_locale":"es_ES","og_type":"article","og_title":"Panam\u00e1 logra r\u00e9cord en observaci\u00f3n de aves en el Global Big Day - Sala de prensa","og_description":"Fue el pa\u00eds con mayor n\u00famero de especies de aves registradas en todo el mundo en proporci\u00f3n a nuestra poblaci\u00f3n y extensi\u00f3n territorial Panam\u00e1 registr\u00f3 771 especies de aves en un periodo de 24 horas en el Global Big Day (GBD) 2025,un nuevo r\u00e9cord nacional, consolidando al pa\u00eds en el s\u00e9ptimo lugar a nivel mundial [&hellip;]","og_url":"https:\/\/www.visitcentroamerica.com\/sala-prensa\/actualidad\/panama\/panama-logra-record-en-observacion-de-aves-en-el-global-big-day\/","og_site_name":"Sala de prensa","article_published_time":"2025-05-28T18:24:05+00:00","og_image":[{"width":1024,"height":600,"url":"https:\/\/www.visitcentroamerica.com\/sala-prensa\/wp-content\/uploads\/2025\/05\/Sin-titulo-1024-x-600-px-2025-05-28T121900.355.png","type":"image\/png"}],"author":"Denis Alvarado","twitter_card":"summary_large_image","twitter_misc":{"Escrito por":"Denis Alvarado","Tiempo de lectura":"4 minutos"},"schema":{"@context":"https:\/\/schema.org","@graph":[{"@type":"Article","@id":"https:\/\/www.visitcentroamerica.com\/sala-prensa\/actualidad\/panama\/panama-logra-record-en-observacion-de-aves-en-el-global-big-day\/#article","isPartOf":{"@id":"https:\/\/www.visitcentroamerica.com\/sala-prensa\/actualidad\/panama\/panama-logra-record-en-observacion-de-aves-en-el-global-big-day\/"},"author":{"name":"Denis Alvarado","@id":"https:\/\/www.visitcentroamerica.com\/sala-prensa\/#\/schema\/person\/0aa3bd0dbaabaead6089ee3dd0cd7ae5"},"headline":"Panam\u00e1 logra r\u00e9cord en observaci\u00f3n de aves en el Global Big Day","datePublished":"2025-05-28T18:24:05+00:00","mainEntityOfPage":{"@id":"https:\/\/www.visitcentroamerica.com\/sala-prensa\/actualidad\/panama\/panama-logra-record-en-observacion-de-aves-en-el-global-big-day\/"},"wordCount":637,"commentCount":0,"image":{"@id":"https:\/\/www.visitcentroamerica.com\/sala-prensa\/actualidad\/panama\/panama-logra-record-en-observacion-de-aves-en-el-global-big-day\/#primaryimage"},"thumbnailUrl":"https:\/\/www.visitcentroamerica.com\/sala-prensa\/wp-content\/uploads\/2025\/05\/Sin-titulo-1024-x-600-px-2025-05-28T121900.355.png","articleSection":["Panam\u00e1"],"inLanguage":"es","potentialAction":[{"@type":"CommentAction","name":"Comment","target":["https:\/\/www.visitcentroamerica.com\/sala-prensa\/actualidad\/panama\/panama-logra-record-en-observacion-de-aves-en-el-global-big-day\/#respond"]}]},{"@type":"WebPage","@id":"https:\/\/www.visitcentroamerica.com\/sala-prensa\/actualidad\/panama\/panama-logra-record-en-observacion-de-aves-en-el-global-big-day\/","url":"https:\/\/www.visitcentroamerica.com\/sala-prensa\/actualidad\/panama\/panama-logra-record-en-observacion-de-aves-en-el-global-big-day\/","name":"Panam\u00e1 logra r\u00e9cord en observaci\u00f3n de aves en el Global Big Day - Sala de prensa","isPartOf":{"@id":"https:\/\/www.visitcentroamerica.com\/sala-prensa\/#website"},"primaryImageOfPage":{"@id":"https:\/\/www.visitcentroamerica.com\/sala-prensa\/actualidad\/panama\/panama-logra-record-en-observacion-de-aves-en-el-global-big-day\/#primaryimage"},"image":{"@id":"https:\/\/www.visitcentroamerica.com\/sala-prensa\/actualidad\/panama\/panama-logra-record-en-observacion-de-aves-en-el-global-big-day\/#primaryimage"},"thumbnailUrl":"https:\/\/www.visitcentroamerica.com\/sala-prensa\/wp-content\/uploads\/2025\/05\/Sin-titulo-1024-x-600-px-2025-05-28T121900.355.png","datePublished":"2025-05-28T18:24:05+00:00","author":{"@id":"https:\/\/www.visitcentroamerica.com\/sala-prensa\/#\/schema\/person\/0aa3bd0dbaabaead6089ee3dd0cd7ae5"},"breadcrumb":{"@id":"https:\/\/www.visitcentroamerica.com\/sala-prensa\/actualidad\/panama\/panama-logra-record-en-observacion-de-aves-en-el-global-big-day\/#breadcrumb"},"inLanguage":"es","potentialAction":[{"@type":"ReadAction","target":["https:\/\/www.visitcentroamerica.com\/sala-prensa\/actualidad\/panama\/panama-logra-record-en-observacion-de-aves-en-el-global-big-day\/"]}]},{"@type":"ImageObject","inLanguage":"es","@id":"https:\/\/www.visitcentroamerica.com\/sala-prensa\/actualidad\/panama\/panama-logra-record-en-observacion-de-aves-en-el-global-big-day\/#primaryimage","url":"https:\/\/www.visitcentroamerica.com\/sala-prensa\/wp-content\/uploads\/2025\/05\/Sin-titulo-1024-x-600-px-2025-05-28T121900.355.png","contentUrl":"https:\/\/www.visitcentroamerica.com\/sala-prensa\/wp-content\/uploads\/2025\/05\/Sin-titulo-1024-x-600-px-2025-05-28T121900.355.png","width":1024,"height":600,"caption":"Global Big Day"},{"@type":"BreadcrumbList","@id":"https:\/\/www.visitcentroamerica.com\/sala-prensa\/actualidad\/panama\/panama-logra-record-en-observacion-de-aves-en-el-global-big-day\/#breadcrumb","itemListElement":[{"@type":"ListItem","position":1,"name":"Portada","item":"https:\/\/www.visitcentroamerica.com\/sala-prensa\/"},{"@type":"ListItem","position":2,"name":"Panam\u00e1 logra r\u00e9cord en observaci\u00f3n de aves en el Global Big Day"}]},{"@type":"WebSite","@id":"https:\/\/www.visitcentroamerica.com\/sala-prensa\/#website","url":"https:\/\/www.visitcentroamerica.com\/sala-prensa\/","name":"Sala de prensa","description":"","potentialAction":[{"@type":"SearchAction","target":{"@type":"EntryPoint","urlTemplate":"https:\/\/www.visitcentroamerica.com\/sala-prensa\/?s={search_term_string}"},"query-input":{"@type":"PropertyValueSpecification","valueRequired":true,"valueName":"search_term_string"}}],"inLanguage":"es"},{"@type":"Person","@id":"https:\/\/www.visitcentroamerica.com\/sala-prensa\/#\/schema\/person\/0aa3bd0dbaabaead6089ee3dd0cd7ae5","name":"Denis Alvarado","image":{"@type":"ImageObject","inLanguage":"es","@id":"https:\/\/secure.gravatar.com\/avatar\/c31f0697f6edb7c68d5dedc2ccbd548d2a9f73aa293e81c6a1425229ec4c9135?s=96&d=mm&r=g","url":"https:\/\/secure.gravatar.com\/avatar\/c31f0697f6edb7c68d5dedc2ccbd548d2a9f73aa293e81c6a1425229ec4c9135?s=96&d=mm&r=g","contentUrl":"https:\/\/secure.gravatar.com\/avatar\/c31f0697f6edb7c68d5dedc2ccbd548d2a9f73aa293e81c6a1425229ec4c9135?s=96&d=mm&r=g","caption":"Denis Alvarado"},"url":"https:\/\/www.visitcentroamerica.com\/sala-prensa\/author\/denis\/"}]}},"_links":{"self":[{"href":"https:\/\/www.visitcentroamerica.com\/sala-prensa\/wp-json\/wp\/v2\/posts\/16026","targetHints":{"allow":["GET"]}}],"collection":[{"href":"https:\/\/www.visitcentroamerica.com\/sala-prensa\/wp-json\/wp\/v2\/posts"}],"about":[{"href":"https:\/\/www.visitcentroamerica.com\/sala-prensa\/wp-json\/wp\/v2\/types\/post"}],"author":[{"embeddable":true,"href":"https:\/\/www.visitcentroamerica.com\/sala-prensa\/wp-json\/wp\/v2\/users\/5"}],"replies":[{"embeddable":true,"href":"https:\/\/www.visitcentroamerica.com\/sala-prensa\/wp-json\/wp\/v2\/comments?post=16026"}],"version-history":[{"count":1,"href":"https:\/\/www.visitcentroamerica.com\/sala-prensa\/wp-json\/wp\/v2\/posts\/16026\/revisions"}],"predecessor-version":[{"id":16029,"href":"https:\/\/www.visitcentroamerica.com\/sala-prensa\/wp-json\/wp\/v2\/posts\/16026\/revisions\/16029"}],"wp:featuredmedia":[{"embeddable":true,"href":"https:\/\/www.visitcentroamerica.com\/sala-prensa\/wp-json\/wp\/v2\/media\/16027"}],"wp:attachment":[{"href":"https:\/\/www.visitcentroamerica.com\/sala-prensa\/wp-json\/wp\/v2\/media?parent=16026"}],"wp:term":[{"taxonomy":"category","embeddable":true,"href":"https:\/\/www.visitcentroamerica.com\/sala-prensa\/wp-json\/wp\/v2\/categories?post=16026"},{"taxonomy":"post_tag","embeddable":true,"href":"https:\/\/www.visitcentroamerica.com\/sala-prensa\/wp-json\/wp\/v2\/tags?post=16026"}],"curies":[{"name":"wp","href":"https:\/\/api.w.org\/{rel}","templated":true}]}}