{"id":15992,"date":"2025-05-13T17:30:54","date_gmt":"2025-05-13T15:30:54","guid":{"rendered":"https:\/\/www.visitcentroamerica.com\/sala-prensa\/?p=15992"},"modified":"2025-05-13T17:30:54","modified_gmt":"2025-05-13T15:30:54","slug":"panama-ofrece-su-oferta-maritima-y-comercial-en-exposicion-de-dubai","status":"publish","type":"post","link":"https:\/\/www.visitcentroamerica.com\/sala-prensa\/internacional\/panama-ofrece-su-oferta-maritima-y-comercial-en-exposicion-de-dubai\/","title":{"rendered":"Panam\u00e1 ofrece su oferta mar\u00edtima y comercial en exposici\u00f3n de Dubai"},"content":{"rendered":"<p><img loading=\"lazy\" decoding=\"async\" class=\"alignnone size-full wp-image-15995\" src=\"https:\/\/www.visitcentroamerica.com\/sala-prensa\/wp-content\/uploads\/2025\/05\/Sin-titulo-1024-x-600-px-2025-05-13T091516.254.png\" alt=\"\" width=\"1024\" height=\"600\" srcset=\"https:\/\/www.visitcentroamerica.com\/sala-prensa\/wp-content\/uploads\/2025\/05\/Sin-titulo-1024-x-600-px-2025-05-13T091516.254.png 1024w, https:\/\/www.visitcentroamerica.com\/sala-prensa\/wp-content\/uploads\/2025\/05\/Sin-titulo-1024-x-600-px-2025-05-13T091516.254-300x176.png 300w, https:\/\/www.visitcentroamerica.com\/sala-prensa\/wp-content\/uploads\/2025\/05\/Sin-titulo-1024-x-600-px-2025-05-13T091516.254-768x450.png 768w, https:\/\/www.visitcentroamerica.com\/sala-prensa\/wp-content\/uploads\/2025\/05\/Sin-titulo-1024-x-600-px-2025-05-13T091516.254-717x420.png 717w, https:\/\/www.visitcentroamerica.com\/sala-prensa\/wp-content\/uploads\/2025\/05\/Sin-titulo-1024-x-600-px-2025-05-13T091516.254-696x408.png 696w, https:\/\/www.visitcentroamerica.com\/sala-prensa\/wp-content\/uploads\/2025\/05\/Sin-titulo-1024-x-600-px-2025-05-13T091516.254-500x293.png 500w\" sizes=\"auto, (max-width: 1024px) 100vw, 1024px\" \/><\/p>\n<p>Una delegaci\u00f3n paname\u00f1a particip\u00f3 de un encuentro internacional en Emiratos \u00c1rabes Unidos que congreg\u00f3 a expositores del<strong>\u00a0transporte mar\u00edtimo y log\u00edstico en Oriente Medio<\/strong>, inform\u00f3 una fuente oficial.<\/p>\n<p>Se trata de la\u00a0<em>\u00abSeatrade Maritime Logistics Middle East 2025<\/em>\u00ab, que se celebr\u00f3 en el Dub\u00e1i World Trade Center, cita que permiti\u00f3 consolidar el liderazgo del pa\u00eds en la industria mar\u00edtima global, indic\u00f3 la Autoridad Mar\u00edtima de Panam\u00e1 (AMP).<\/p>\n<p>En el marco de la feria, el director general de Puertos e Industrias Mar\u00edtimas Auxiliares de la AMP, Max Florez mantuvo encuentros de alto nivel con\u00a0<strong>l\u00edderes portuarios y clientes estrat\u00e9gicos<\/strong>\u00a0para fortalecer lazos con empresas e inversores interesados en los puertos paname\u00f1os y su Registro de Buques, el m\u00e1s grande del mundo con cerca de 9,000 embarcaciones abanderadas.<\/p>\n<p>\u201cEste importante evento ofrece una valiosa oportunidad para conocer las nuevas tendencias e innovaciones que est\u00e1n transformando la industria mar\u00edtima global\u201d, se\u00f1al\u00f3 el director de Puertos e IMA.<\/p>\n<p>Seatrade Maritime Logistics Middle East es una\u00a0<strong>feria clave en la regi\u00f3n de Oriente Medio y Norte de \u00c1frica<\/strong>\u00a0(MENA), que re\u00fane a figuras destacadas, autoridades portuarias y operadores log\u00edsticos globales. La activa participaci\u00f3n de Panam\u00e1 reafirm\u00f3 su rol esencial en el comercio mar\u00edtimo internacional y su compromiso con el crecimiento y la innovaci\u00f3n log\u00edstica.<\/p>\n<p>El evento sirvi\u00f3 como plataforma clave para que l\u00edderes del sector, expertos y legisladores debatieran el futuro de la log\u00edstica mar\u00edtima en la regi\u00f3n.<\/p>\n","protected":false},"excerpt":{"rendered":"<p>Una delegaci\u00f3n paname\u00f1a particip\u00f3 de un encuentro internacional en Emiratos \u00c1rabes Unidos que congreg\u00f3 a expositores del\u00a0transporte mar\u00edtimo y log\u00edstico en Oriente Medio, inform\u00f3 una fuente oficial. Se trata de la\u00a0\u00abSeatrade Maritime Logistics Middle East 2025\u00ab, que se celebr\u00f3 en el Dub\u00e1i World Trade Center, cita que permiti\u00f3 consolidar el liderazgo del pa\u00eds en la [&hellip;]<\/p>\n","protected":false},"author":5,"featured_media":15995,"comment_status":"open","ping_status":"closed","sticky":false,"template":"","format":"standard","meta":{"footnotes":""},"categories":[15],"tags":[],"class_list":{"0":"post-15992","1":"post","2":"type-post","3":"status-publish","4":"format-standard","5":"has-post-thumbnail","7":"category-internacional"},"yoast_head":"<!-- This site is optimized with the Yoast SEO plugin v27.3 - https:\/\/yoast.com\/product\/yoast-seo-wordpress\/ -->\n<title>Panam\u00e1 ofrece su oferta mar\u00edtima y comercial en exposici\u00f3n de Dubai - Sala de prensa<\/title>\n<meta name=\"robots\" content=\"index, follow, max-snippet:-1, max-image-preview:large, max-video-preview:-1\" \/>\n<link rel=\"canonical\" href=\"https:\/\/www.visitcentroamerica.com\/sala-prensa\/internacional\/panama-ofrece-su-oferta-maritima-y-comercial-en-exposicion-de-dubai\/\" \/>\n<meta property=\"og:locale\" content=\"es_ES\" \/>\n<meta property=\"og:type\" content=\"article\" \/>\n<meta property=\"og:title\" content=\"Panam\u00e1 ofrece su oferta mar\u00edtima y comercial en exposici\u00f3n de Dubai - Sala de prensa\" \/>\n<meta property=\"og:description\" content=\"Una delegaci\u00f3n paname\u00f1a particip\u00f3 de un encuentro internacional en Emiratos \u00c1rabes Unidos que congreg\u00f3 a expositores del\u00a0transporte mar\u00edtimo y log\u00edstico en Oriente Medio, inform\u00f3 una fuente oficial. Se trata de la\u00a0\u00abSeatrade Maritime Logistics Middle East 2025\u00ab, que se celebr\u00f3 en el Dub\u00e1i World Trade Center, cita que permiti\u00f3 consolidar el liderazgo del pa\u00eds en la [&hellip;]\" \/>\n<meta property=\"og:url\" content=\"https:\/\/www.visitcentroamerica.com\/sala-prensa\/internacional\/panama-ofrece-su-oferta-maritima-y-comercial-en-exposicion-de-dubai\/\" \/>\n<meta property=\"og:site_name\" content=\"Sala de prensa\" \/>\n<meta property=\"article:published_time\" content=\"2025-05-13T15:30:54+00:00\" \/>\n<meta property=\"og:image\" content=\"https:\/\/www.visitcentroamerica.com\/sala-prensa\/wp-content\/uploads\/2025\/05\/Sin-titulo-1024-x-600-px-2025-05-13T091516.254.png\" \/>\n\t<meta property=\"og:image:width\" content=\"1024\" \/>\n\t<meta property=\"og:image:height\" content=\"600\" \/>\n\t<meta property=\"og:image:type\" content=\"image\/png\" \/>\n<meta name=\"author\" content=\"Denis Alvarado\" \/>\n<meta name=\"twitter:card\" content=\"summary_large_image\" \/>\n<meta name=\"twitter:label1\" content=\"Escrito por\" \/>\n\t<meta name=\"twitter:data1\" content=\"Denis Alvarado\" \/>\n\t<meta name=\"twitter:label2\" content=\"Tiempo de lectura\" \/>\n\t<meta name=\"twitter:data2\" content=\"2 minutos\" \/>\n<script type=\"application\/ld+json\" class=\"yoast-schema-graph\">{\"@context\":\"https:\\\/\\\/schema.org\",\"@graph\":[{\"@type\":\"Article\",\"@id\":\"https:\\\/\\\/www.visitcentroamerica.com\\\/sala-prensa\\\/internacional\\\/panama-ofrece-su-oferta-maritima-y-comercial-en-exposicion-de-dubai\\\/#article\",\"isPartOf\":{\"@id\":\"https:\\\/\\\/www.visitcentroamerica.com\\\/sala-prensa\\\/internacional\\\/panama-ofrece-su-oferta-maritima-y-comercial-en-exposicion-de-dubai\\\/\"},\"author\":{\"name\":\"Denis Alvarado\",\"@id\":\"https:\\\/\\\/www.visitcentroamerica.com\\\/sala-prensa\\\/#\\\/schema\\\/person\\\/0aa3bd0dbaabaead6089ee3dd0cd7ae5\"},\"headline\":\"Panam\u00e1 ofrece su oferta mar\u00edtima y comercial en exposici\u00f3n de Dubai\",\"datePublished\":\"2025-05-13T15:30:54+00:00\",\"mainEntityOfPage\":{\"@id\":\"https:\\\/\\\/www.visitcentroamerica.com\\\/sala-prensa\\\/internacional\\\/panama-ofrece-su-oferta-maritima-y-comercial-en-exposicion-de-dubai\\\/\"},\"wordCount\":271,\"commentCount\":0,\"image\":{\"@id\":\"https:\\\/\\\/www.visitcentroamerica.com\\\/sala-prensa\\\/internacional\\\/panama-ofrece-su-oferta-maritima-y-comercial-en-exposicion-de-dubai\\\/#primaryimage\"},\"thumbnailUrl\":\"https:\\\/\\\/www.visitcentroamerica.com\\\/sala-prensa\\\/wp-content\\\/uploads\\\/2025\\\/05\\\/Sin-titulo-1024-x-600-px-2025-05-13T091516.254.png\",\"articleSection\":[\"Internacional\"],\"inLanguage\":\"es\",\"potentialAction\":[{\"@type\":\"CommentAction\",\"name\":\"Comment\",\"target\":[\"https:\\\/\\\/www.visitcentroamerica.com\\\/sala-prensa\\\/internacional\\\/panama-ofrece-su-oferta-maritima-y-comercial-en-exposicion-de-dubai\\\/#respond\"]}]},{\"@type\":\"WebPage\",\"@id\":\"https:\\\/\\\/www.visitcentroamerica.com\\\/sala-prensa\\\/internacional\\\/panama-ofrece-su-oferta-maritima-y-comercial-en-exposicion-de-dubai\\\/\",\"url\":\"https:\\\/\\\/www.visitcentroamerica.com\\\/sala-prensa\\\/internacional\\\/panama-ofrece-su-oferta-maritima-y-comercial-en-exposicion-de-dubai\\\/\",\"name\":\"Panam\u00e1 ofrece su oferta mar\u00edtima y comercial en exposici\u00f3n de Dubai - Sala de prensa\",\"isPartOf\":{\"@id\":\"https:\\\/\\\/www.visitcentroamerica.com\\\/sala-prensa\\\/#website\"},\"primaryImageOfPage\":{\"@id\":\"https:\\\/\\\/www.visitcentroamerica.com\\\/sala-prensa\\\/internacional\\\/panama-ofrece-su-oferta-maritima-y-comercial-en-exposicion-de-dubai\\\/#primaryimage\"},\"image\":{\"@id\":\"https:\\\/\\\/www.visitcentroamerica.com\\\/sala-prensa\\\/internacional\\\/panama-ofrece-su-oferta-maritima-y-comercial-en-exposicion-de-dubai\\\/#primaryimage\"},\"thumbnailUrl\":\"https:\\\/\\\/www.visitcentroamerica.com\\\/sala-prensa\\\/wp-content\\\/uploads\\\/2025\\\/05\\\/Sin-titulo-1024-x-600-px-2025-05-13T091516.254.png\",\"datePublished\":\"2025-05-13T15:30:54+00:00\",\"author\":{\"@id\":\"https:\\\/\\\/www.visitcentroamerica.com\\\/sala-prensa\\\/#\\\/schema\\\/person\\\/0aa3bd0dbaabaead6089ee3dd0cd7ae5\"},\"breadcrumb\":{\"@id\":\"https:\\\/\\\/www.visitcentroamerica.com\\\/sala-prensa\\\/internacional\\\/panama-ofrece-su-oferta-maritima-y-comercial-en-exposicion-de-dubai\\\/#breadcrumb\"},\"inLanguage\":\"es\",\"potentialAction\":[{\"@type\":\"ReadAction\",\"target\":[\"https:\\\/\\\/www.visitcentroamerica.com\\\/sala-prensa\\\/internacional\\\/panama-ofrece-su-oferta-maritima-y-comercial-en-exposicion-de-dubai\\\/\"]}]},{\"@type\":\"ImageObject\",\"inLanguage\":\"es\",\"@id\":\"https:\\\/\\\/www.visitcentroamerica.com\\\/sala-prensa\\\/internacional\\\/panama-ofrece-su-oferta-maritima-y-comercial-en-exposicion-de-dubai\\\/#primaryimage\",\"url\":\"https:\\\/\\\/www.visitcentroamerica.com\\\/sala-prensa\\\/wp-content\\\/uploads\\\/2025\\\/05\\\/Sin-titulo-1024-x-600-px-2025-05-13T091516.254.png\",\"contentUrl\":\"https:\\\/\\\/www.visitcentroamerica.com\\\/sala-prensa\\\/wp-content\\\/uploads\\\/2025\\\/05\\\/Sin-titulo-1024-x-600-px-2025-05-13T091516.254.png\",\"width\":1024,\"height\":600},{\"@type\":\"BreadcrumbList\",\"@id\":\"https:\\\/\\\/www.visitcentroamerica.com\\\/sala-prensa\\\/internacional\\\/panama-ofrece-su-oferta-maritima-y-comercial-en-exposicion-de-dubai\\\/#breadcrumb\",\"itemListElement\":[{\"@type\":\"ListItem\",\"position\":1,\"name\":\"Portada\",\"item\":\"https:\\\/\\\/www.visitcentroamerica.com\\\/sala-prensa\\\/\"},{\"@type\":\"ListItem\",\"position\":2,\"name\":\"Panam\u00e1 ofrece su oferta mar\u00edtima y comercial en exposici\u00f3n de Dubai\"}]},{\"@type\":\"WebSite\",\"@id\":\"https:\\\/\\\/www.visitcentroamerica.com\\\/sala-prensa\\\/#website\",\"url\":\"https:\\\/\\\/www.visitcentroamerica.com\\\/sala-prensa\\\/\",\"name\":\"Sala de prensa\",\"description\":\"\",\"potentialAction\":[{\"@type\":\"SearchAction\",\"target\":{\"@type\":\"EntryPoint\",\"urlTemplate\":\"https:\\\/\\\/www.visitcentroamerica.com\\\/sala-prensa\\\/?s={search_term_string}\"},\"query-input\":{\"@type\":\"PropertyValueSpecification\",\"valueRequired\":true,\"valueName\":\"search_term_string\"}}],\"inLanguage\":\"es\"},{\"@type\":\"Person\",\"@id\":\"https:\\\/\\\/www.visitcentroamerica.com\\\/sala-prensa\\\/#\\\/schema\\\/person\\\/0aa3bd0dbaabaead6089ee3dd0cd7ae5\",\"name\":\"Denis Alvarado\",\"image\":{\"@type\":\"ImageObject\",\"inLanguage\":\"es\",\"@id\":\"https:\\\/\\\/secure.gravatar.com\\\/avatar\\\/c31f0697f6edb7c68d5dedc2ccbd548d2a9f73aa293e81c6a1425229ec4c9135?s=96&d=mm&r=g\",\"url\":\"https:\\\/\\\/secure.gravatar.com\\\/avatar\\\/c31f0697f6edb7c68d5dedc2ccbd548d2a9f73aa293e81c6a1425229ec4c9135?s=96&d=mm&r=g\",\"contentUrl\":\"https:\\\/\\\/secure.gravatar.com\\\/avatar\\\/c31f0697f6edb7c68d5dedc2ccbd548d2a9f73aa293e81c6a1425229ec4c9135?s=96&d=mm&r=g\",\"caption\":\"Denis Alvarado\"},\"url\":\"https:\\\/\\\/www.visitcentroamerica.com\\\/sala-prensa\\\/author\\\/denis\\\/\"}]}<\/script>\n<!-- \/ Yoast SEO plugin. -->","yoast_head_json":{"title":"Panam\u00e1 ofrece su oferta mar\u00edtima y comercial en exposici\u00f3n de Dubai - Sala de prensa","robots":{"index":"index","follow":"follow","max-snippet":"max-snippet:-1","max-image-preview":"max-image-preview:large","max-video-preview":"max-video-preview:-1"},"canonical":"https:\/\/www.visitcentroamerica.com\/sala-prensa\/internacional\/panama-ofrece-su-oferta-maritima-y-comercial-en-exposicion-de-dubai\/","og_locale":"es_ES","og_type":"article","og_title":"Panam\u00e1 ofrece su oferta mar\u00edtima y comercial en exposici\u00f3n de Dubai - Sala de prensa","og_description":"Una delegaci\u00f3n paname\u00f1a particip\u00f3 de un encuentro internacional en Emiratos \u00c1rabes Unidos que congreg\u00f3 a expositores del\u00a0transporte mar\u00edtimo y log\u00edstico en Oriente Medio, inform\u00f3 una fuente oficial. Se trata de la\u00a0\u00abSeatrade Maritime Logistics Middle East 2025\u00ab, que se celebr\u00f3 en el Dub\u00e1i World Trade Center, cita que permiti\u00f3 consolidar el liderazgo del pa\u00eds en la [&hellip;]","og_url":"https:\/\/www.visitcentroamerica.com\/sala-prensa\/internacional\/panama-ofrece-su-oferta-maritima-y-comercial-en-exposicion-de-dubai\/","og_site_name":"Sala de prensa","article_published_time":"2025-05-13T15:30:54+00:00","og_image":[{"width":1024,"height":600,"url":"https:\/\/www.visitcentroamerica.com\/sala-prensa\/wp-content\/uploads\/2025\/05\/Sin-titulo-1024-x-600-px-2025-05-13T091516.254.png","type":"image\/png"}],"author":"Denis Alvarado","twitter_card":"summary_large_image","twitter_misc":{"Escrito por":"Denis Alvarado","Tiempo de lectura":"2 minutos"},"schema":{"@context":"https:\/\/schema.org","@graph":[{"@type":"Article","@id":"https:\/\/www.visitcentroamerica.com\/sala-prensa\/internacional\/panama-ofrece-su-oferta-maritima-y-comercial-en-exposicion-de-dubai\/#article","isPartOf":{"@id":"https:\/\/www.visitcentroamerica.com\/sala-prensa\/internacional\/panama-ofrece-su-oferta-maritima-y-comercial-en-exposicion-de-dubai\/"},"author":{"name":"Denis Alvarado","@id":"https:\/\/www.visitcentroamerica.com\/sala-prensa\/#\/schema\/person\/0aa3bd0dbaabaead6089ee3dd0cd7ae5"},"headline":"Panam\u00e1 ofrece su oferta mar\u00edtima y comercial en exposici\u00f3n de Dubai","datePublished":"2025-05-13T15:30:54+00:00","mainEntityOfPage":{"@id":"https:\/\/www.visitcentroamerica.com\/sala-prensa\/internacional\/panama-ofrece-su-oferta-maritima-y-comercial-en-exposicion-de-dubai\/"},"wordCount":271,"commentCount":0,"image":{"@id":"https:\/\/www.visitcentroamerica.com\/sala-prensa\/internacional\/panama-ofrece-su-oferta-maritima-y-comercial-en-exposicion-de-dubai\/#primaryimage"},"thumbnailUrl":"https:\/\/www.visitcentroamerica.com\/sala-prensa\/wp-content\/uploads\/2025\/05\/Sin-titulo-1024-x-600-px-2025-05-13T091516.254.png","articleSection":["Internacional"],"inLanguage":"es","potentialAction":[{"@type":"CommentAction","name":"Comment","target":["https:\/\/www.visitcentroamerica.com\/sala-prensa\/internacional\/panama-ofrece-su-oferta-maritima-y-comercial-en-exposicion-de-dubai\/#respond"]}]},{"@type":"WebPage","@id":"https:\/\/www.visitcentroamerica.com\/sala-prensa\/internacional\/panama-ofrece-su-oferta-maritima-y-comercial-en-exposicion-de-dubai\/","url":"https:\/\/www.visitcentroamerica.com\/sala-prensa\/internacional\/panama-ofrece-su-oferta-maritima-y-comercial-en-exposicion-de-dubai\/","name":"Panam\u00e1 ofrece su oferta mar\u00edtima y comercial en exposici\u00f3n de Dubai - Sala de prensa","isPartOf":{"@id":"https:\/\/www.visitcentroamerica.com\/sala-prensa\/#website"},"primaryImageOfPage":{"@id":"https:\/\/www.visitcentroamerica.com\/sala-prensa\/internacional\/panama-ofrece-su-oferta-maritima-y-comercial-en-exposicion-de-dubai\/#primaryimage"},"image":{"@id":"https:\/\/www.visitcentroamerica.com\/sala-prensa\/internacional\/panama-ofrece-su-oferta-maritima-y-comercial-en-exposicion-de-dubai\/#primaryimage"},"thumbnailUrl":"https:\/\/www.visitcentroamerica.com\/sala-prensa\/wp-content\/uploads\/2025\/05\/Sin-titulo-1024-x-600-px-2025-05-13T091516.254.png","datePublished":"2025-05-13T15:30:54+00:00","author":{"@id":"https:\/\/www.visitcentroamerica.com\/sala-prensa\/#\/schema\/person\/0aa3bd0dbaabaead6089ee3dd0cd7ae5"},"breadcrumb":{"@id":"https:\/\/www.visitcentroamerica.com\/sala-prensa\/internacional\/panama-ofrece-su-oferta-maritima-y-comercial-en-exposicion-de-dubai\/#breadcrumb"},"inLanguage":"es","potentialAction":[{"@type":"ReadAction","target":["https:\/\/www.visitcentroamerica.com\/sala-prensa\/internacional\/panama-ofrece-su-oferta-maritima-y-comercial-en-exposicion-de-dubai\/"]}]},{"@type":"ImageObject","inLanguage":"es","@id":"https:\/\/www.visitcentroamerica.com\/sala-prensa\/internacional\/panama-ofrece-su-oferta-maritima-y-comercial-en-exposicion-de-dubai\/#primaryimage","url":"https:\/\/www.visitcentroamerica.com\/sala-prensa\/wp-content\/uploads\/2025\/05\/Sin-titulo-1024-x-600-px-2025-05-13T091516.254.png","contentUrl":"https:\/\/www.visitcentroamerica.com\/sala-prensa\/wp-content\/uploads\/2025\/05\/Sin-titulo-1024-x-600-px-2025-05-13T091516.254.png","width":1024,"height":600},{"@type":"BreadcrumbList","@id":"https:\/\/www.visitcentroamerica.com\/sala-prensa\/internacional\/panama-ofrece-su-oferta-maritima-y-comercial-en-exposicion-de-dubai\/#breadcrumb","itemListElement":[{"@type":"ListItem","position":1,"name":"Portada","item":"https:\/\/www.visitcentroamerica.com\/sala-prensa\/"},{"@type":"ListItem","position":2,"name":"Panam\u00e1 ofrece su oferta mar\u00edtima y comercial en exposici\u00f3n de Dubai"}]},{"@type":"WebSite","@id":"https:\/\/www.visitcentroamerica.com\/sala-prensa\/#website","url":"https:\/\/www.visitcentroamerica.com\/sala-prensa\/","name":"Sala de prensa","description":"","potentialAction":[{"@type":"SearchAction","target":{"@type":"EntryPoint","urlTemplate":"https:\/\/www.visitcentroamerica.com\/sala-prensa\/?s={search_term_string}"},"query-input":{"@type":"PropertyValueSpecification","valueRequired":true,"valueName":"search_term_string"}}],"inLanguage":"es"},{"@type":"Person","@id":"https:\/\/www.visitcentroamerica.com\/sala-prensa\/#\/schema\/person\/0aa3bd0dbaabaead6089ee3dd0cd7ae5","name":"Denis Alvarado","image":{"@type":"ImageObject","inLanguage":"es","@id":"https:\/\/secure.gravatar.com\/avatar\/c31f0697f6edb7c68d5dedc2ccbd548d2a9f73aa293e81c6a1425229ec4c9135?s=96&d=mm&r=g","url":"https:\/\/secure.gravatar.com\/avatar\/c31f0697f6edb7c68d5dedc2ccbd548d2a9f73aa293e81c6a1425229ec4c9135?s=96&d=mm&r=g","contentUrl":"https:\/\/secure.gravatar.com\/avatar\/c31f0697f6edb7c68d5dedc2ccbd548d2a9f73aa293e81c6a1425229ec4c9135?s=96&d=mm&r=g","caption":"Denis Alvarado"},"url":"https:\/\/www.visitcentroamerica.com\/sala-prensa\/author\/denis\/"}]}},"_links":{"self":[{"href":"https:\/\/www.visitcentroamerica.com\/sala-prensa\/wp-json\/wp\/v2\/posts\/15992","targetHints":{"allow":["GET"]}}],"collection":[{"href":"https:\/\/www.visitcentroamerica.com\/sala-prensa\/wp-json\/wp\/v2\/posts"}],"about":[{"href":"https:\/\/www.visitcentroamerica.com\/sala-prensa\/wp-json\/wp\/v2\/types\/post"}],"author":[{"embeddable":true,"href":"https:\/\/www.visitcentroamerica.com\/sala-prensa\/wp-json\/wp\/v2\/users\/5"}],"replies":[{"embeddable":true,"href":"https:\/\/www.visitcentroamerica.com\/sala-prensa\/wp-json\/wp\/v2\/comments?post=15992"}],"version-history":[{"count":1,"href":"https:\/\/www.visitcentroamerica.com\/sala-prensa\/wp-json\/wp\/v2\/posts\/15992\/revisions"}],"predecessor-version":[{"id":15997,"href":"https:\/\/www.visitcentroamerica.com\/sala-prensa\/wp-json\/wp\/v2\/posts\/15992\/revisions\/15997"}],"wp:featuredmedia":[{"embeddable":true,"href":"https:\/\/www.visitcentroamerica.com\/sala-prensa\/wp-json\/wp\/v2\/media\/15995"}],"wp:attachment":[{"href":"https:\/\/www.visitcentroamerica.com\/sala-prensa\/wp-json\/wp\/v2\/media?parent=15992"}],"wp:term":[{"taxonomy":"category","embeddable":true,"href":"https:\/\/www.visitcentroamerica.com\/sala-prensa\/wp-json\/wp\/v2\/categories?post=15992"},{"taxonomy":"post_tag","embeddable":true,"href":"https:\/\/www.visitcentroamerica.com\/sala-prensa\/wp-json\/wp\/v2\/tags?post=15992"}],"curies":[{"name":"wp","href":"https:\/\/api.w.org\/{rel}","templated":true}]}}