{"id":15947,"date":"2025-04-15T20:52:50","date_gmt":"2025-04-15T18:52:50","guid":{"rendered":"https:\/\/www.visitcentroamerica.com\/sala-prensa\/?p=15947"},"modified":"2025-04-16T01:06:19","modified_gmt":"2025-04-15T23:06:19","slug":"condor-airlines-abrira-nueva-ruta-entre-alemania-y-panama-para-fortalecer-el-turismo-europeo","status":"publish","type":"post","link":"https:\/\/www.visitcentroamerica.com\/sala-prensa\/otros\/condor-airlines-abrira-nueva-ruta-entre-alemania-y-panama-para-fortalecer-el-turismo-europeo\/","title":{"rendered":"Condor Airlines abrir\u00e1 nueva ruta entre Alemania y Panam\u00e1 para fortalecer el turismo europeo"},"content":{"rendered":"<p><img loading=\"lazy\" decoding=\"async\" class=\"alignnone size-full wp-image-15948\" src=\"https:\/\/www.visitcentroamerica.com\/sala-prensa\/wp-content\/uploads\/2025\/04\/Sin-titulo-1024-x-600-px-2025-04-15T124348.408.png\" alt=\"Condor reactiva ruta entre Alemania y Panam\u00e1\" width=\"1024\" height=\"600\" srcset=\"https:\/\/www.visitcentroamerica.com\/sala-prensa\/wp-content\/uploads\/2025\/04\/Sin-titulo-1024-x-600-px-2025-04-15T124348.408.png 1024w, https:\/\/www.visitcentroamerica.com\/sala-prensa\/wp-content\/uploads\/2025\/04\/Sin-titulo-1024-x-600-px-2025-04-15T124348.408-300x176.png 300w, https:\/\/www.visitcentroamerica.com\/sala-prensa\/wp-content\/uploads\/2025\/04\/Sin-titulo-1024-x-600-px-2025-04-15T124348.408-768x450.png 768w, https:\/\/www.visitcentroamerica.com\/sala-prensa\/wp-content\/uploads\/2025\/04\/Sin-titulo-1024-x-600-px-2025-04-15T124348.408-717x420.png 717w, https:\/\/www.visitcentroamerica.com\/sala-prensa\/wp-content\/uploads\/2025\/04\/Sin-titulo-1024-x-600-px-2025-04-15T124348.408-696x408.png 696w, https:\/\/www.visitcentroamerica.com\/sala-prensa\/wp-content\/uploads\/2025\/04\/Sin-titulo-1024-x-600-px-2025-04-15T124348.408-500x293.png 500w\" sizes=\"auto, (max-width: 1024px) 100vw, 1024px\" \/><\/p>\n<p>A partir de junio de este 2025, la aerol\u00ednea alemana Condor Airlines iniciar\u00e1 operaciones en la ruta entre Alemania y Panam\u00e1, marcando un paso importante en los esfuerzos del pa\u00eds por ampliar su conectividad a\u00e9rea y atraer a m\u00e1s visitantes internacionales. La decisi\u00f3n forma parte de una serie de acuerdos impulsados por el Gobierno de Panam\u00e1 para dinamizar el sector tur\u00edstico, entre ellos el fortalecimiento de la conectividad con mercados clave a trav\u00e9s de vuelos ch\u00e1rter y comerciales.<\/p>\n<p>Condor, que ya hab\u00eda operado vuelos recurrentes a Panam\u00e1 entre 2010 y 2016, regresa al pa\u00eds como parte de una estrategia coordinada por el Fondo Nacional de Promoci\u00f3n Tur\u00edstica (PROMTUR Panam\u00e1). La organizaci\u00f3n trabaja en campa\u00f1as de promoci\u00f3n y publicidad junto a mayoristas y agentes de viaje para posicionar a Panam\u00e1 como un destino atractivo para el viajero europeo, especialmente el alem\u00e1n.<\/p>\n<p>\u201cNuestras proyecciones con Condor est\u00e1n en fortalecer el mercado alem\u00e1n, que es importante para Panam\u00e1 porque estos visitantes tienen la mayor estad\u00eda por noche, la cual oscila entre 15 y 16 d\u00edas. Esto se traduce en un impacto econ\u00f3mico significativo para el sector tur\u00edstico del pa\u00eds\u201d, se\u00f1al\u00f3 Mois\u00e9s V\u00e9liz, director de Alianzas Estrat\u00e9gicas y Comercio de Viajes de PROMTUR.<\/p>\n<p>Con esta nueva ruta, Panam\u00e1 refuerza su presencia en Europa y ampl\u00eda la oferta de vuelos desde y hacia el continente, sum\u00e1ndose a las conexiones ya establecidas con cinco aerol\u00edneas. Alemania se considera un mercado prioritario dentro del Plan Maestro de Turismo Sostenible 2020-2026, junto con Estados Unidos, Canad\u00e1, Colombia, Brasil, Argentina, Espa\u00f1a y Francia.<\/p>\n<p>El mercado europeo representa una de las principales fuentes de visitantes internacionales para Centroam\u00e9rica, posicion\u00e1ndose como el tercer mercado emisor m\u00e1s importante de la regi\u00f3n. Su relevancia radica no solo en el volumen de turistas que moviliza, sino tambi\u00e9n en la calidad del gasto, la b\u00fasqueda de experiencias aut\u00e9nticas y la estad\u00eda prolongada.<\/p>\n<p>La reapertura de esta ruta tambi\u00e9n coincide con los resultados positivos del programa Panam\u00e1 Stopover, desarrollado por Copa Airlines, el cual permiti\u00f3 que m\u00e1s de 160 mil pasajeros internacionales hicieran una parada en el pa\u00eds sin costo adicional durante 2024, representando un crecimiento del 23% en comparaci\u00f3n con el a\u00f1o anterior. Esta iniciativa ha sido clave para incrementar el flujo de visitantes y promover a Panam\u00e1 como un destino tur\u00edstico de clase mundial.<\/p>\n<p>Adicionalmente, el Aeropuerto Internacional de Tocumen, que conecta al pa\u00eds con m\u00e1s de 90 destinos, moviliz\u00f3 19 millones de pasajeros y m\u00e1s de 196 mil toneladas de carga en 2024, alcanzando ingresos r\u00e9cord por 222 millones de d\u00f3lares. Las mejoras operativas implementadas por la administraci\u00f3n del aeropuerto contribuyeron a optimizar la experiencia del viajero y consolidar a Panam\u00e1 como un importante hub a\u00e9reo de la regi\u00f3n.<\/p>\n","protected":false},"excerpt":{"rendered":"<p>A partir de junio de este 2025, la aerol\u00ednea alemana Condor Airlines iniciar\u00e1 operaciones en la ruta entre Alemania y Panam\u00e1, marcando un paso importante en los esfuerzos del pa\u00eds por ampliar su conectividad a\u00e9rea y atraer a m\u00e1s visitantes internacionales. La decisi\u00f3n forma parte de una serie de acuerdos impulsados por el Gobierno de [&hellip;]<\/p>\n","protected":false},"author":5,"featured_media":15948,"comment_status":"open","ping_status":"closed","sticky":false,"template":"","format":"standard","meta":{"footnotes":""},"categories":[1],"tags":[],"class_list":{"0":"post-15947","1":"post","2":"type-post","3":"status-publish","4":"format-standard","5":"has-post-thumbnail","7":"category-otros"},"yoast_head":"<!-- This site is optimized with the Yoast SEO plugin v27.3 - https:\/\/yoast.com\/product\/yoast-seo-wordpress\/ -->\n<title>Condor Airlines abrir\u00e1 nueva ruta entre Alemania y Panam\u00e1 para fortalecer el turismo europeo - Sala de prensa<\/title>\n<meta name=\"robots\" content=\"index, follow, max-snippet:-1, max-image-preview:large, max-video-preview:-1\" \/>\n<link rel=\"canonical\" href=\"https:\/\/www.visitcentroamerica.com\/sala-prensa\/otros\/condor-airlines-abrira-nueva-ruta-entre-alemania-y-panama-para-fortalecer-el-turismo-europeo\/\" \/>\n<meta property=\"og:locale\" content=\"es_ES\" \/>\n<meta property=\"og:type\" content=\"article\" \/>\n<meta property=\"og:title\" content=\"Condor Airlines abrir\u00e1 nueva ruta entre Alemania y Panam\u00e1 para fortalecer el turismo europeo - Sala de prensa\" \/>\n<meta property=\"og:description\" content=\"A partir de junio de este 2025, la aerol\u00ednea alemana Condor Airlines iniciar\u00e1 operaciones en la ruta entre Alemania y Panam\u00e1, marcando un paso importante en los esfuerzos del pa\u00eds por ampliar su conectividad a\u00e9rea y atraer a m\u00e1s visitantes internacionales. La decisi\u00f3n forma parte de una serie de acuerdos impulsados por el Gobierno de [&hellip;]\" \/>\n<meta property=\"og:url\" content=\"https:\/\/www.visitcentroamerica.com\/sala-prensa\/otros\/condor-airlines-abrira-nueva-ruta-entre-alemania-y-panama-para-fortalecer-el-turismo-europeo\/\" \/>\n<meta property=\"og:site_name\" content=\"Sala de prensa\" \/>\n<meta property=\"article:published_time\" content=\"2025-04-15T18:52:50+00:00\" \/>\n<meta property=\"article:modified_time\" content=\"2025-04-15T23:06:19+00:00\" \/>\n<meta property=\"og:image\" content=\"https:\/\/www.visitcentroamerica.com\/sala-prensa\/wp-content\/uploads\/2025\/04\/Sin-titulo-1024-x-600-px-2025-04-15T124348.408.png\" \/>\n\t<meta property=\"og:image:width\" content=\"1024\" \/>\n\t<meta property=\"og:image:height\" content=\"600\" \/>\n\t<meta property=\"og:image:type\" content=\"image\/png\" \/>\n<meta name=\"author\" content=\"Denis Alvarado\" \/>\n<meta name=\"twitter:card\" content=\"summary_large_image\" \/>\n<meta name=\"twitter:label1\" content=\"Escrito por\" \/>\n\t<meta name=\"twitter:data1\" content=\"Denis Alvarado\" \/>\n\t<meta name=\"twitter:label2\" content=\"Tiempo de lectura\" \/>\n\t<meta name=\"twitter:data2\" content=\"3 minutos\" \/>\n<script type=\"application\/ld+json\" class=\"yoast-schema-graph\">{\"@context\":\"https:\\\/\\\/schema.org\",\"@graph\":[{\"@type\":\"Article\",\"@id\":\"https:\\\/\\\/www.visitcentroamerica.com\\\/sala-prensa\\\/otros\\\/condor-airlines-abrira-nueva-ruta-entre-alemania-y-panama-para-fortalecer-el-turismo-europeo\\\/#article\",\"isPartOf\":{\"@id\":\"https:\\\/\\\/www.visitcentroamerica.com\\\/sala-prensa\\\/otros\\\/condor-airlines-abrira-nueva-ruta-entre-alemania-y-panama-para-fortalecer-el-turismo-europeo\\\/\"},\"author\":{\"name\":\"Denis Alvarado\",\"@id\":\"https:\\\/\\\/www.visitcentroamerica.com\\\/sala-prensa\\\/#\\\/schema\\\/person\\\/0aa3bd0dbaabaead6089ee3dd0cd7ae5\"},\"headline\":\"Condor Airlines abrir\u00e1 nueva ruta entre Alemania y Panam\u00e1 para fortalecer el turismo europeo\",\"datePublished\":\"2025-04-15T18:52:50+00:00\",\"dateModified\":\"2025-04-15T23:06:19+00:00\",\"mainEntityOfPage\":{\"@id\":\"https:\\\/\\\/www.visitcentroamerica.com\\\/sala-prensa\\\/otros\\\/condor-airlines-abrira-nueva-ruta-entre-alemania-y-panama-para-fortalecer-el-turismo-europeo\\\/\"},\"wordCount\":500,\"commentCount\":0,\"image\":{\"@id\":\"https:\\\/\\\/www.visitcentroamerica.com\\\/sala-prensa\\\/otros\\\/condor-airlines-abrira-nueva-ruta-entre-alemania-y-panama-para-fortalecer-el-turismo-europeo\\\/#primaryimage\"},\"thumbnailUrl\":\"https:\\\/\\\/www.visitcentroamerica.com\\\/sala-prensa\\\/wp-content\\\/uploads\\\/2025\\\/04\\\/Sin-titulo-1024-x-600-px-2025-04-15T124348.408.png\",\"articleSection\":[\"Otros\"],\"inLanguage\":\"es\",\"potentialAction\":[{\"@type\":\"CommentAction\",\"name\":\"Comment\",\"target\":[\"https:\\\/\\\/www.visitcentroamerica.com\\\/sala-prensa\\\/otros\\\/condor-airlines-abrira-nueva-ruta-entre-alemania-y-panama-para-fortalecer-el-turismo-europeo\\\/#respond\"]}]},{\"@type\":\"WebPage\",\"@id\":\"https:\\\/\\\/www.visitcentroamerica.com\\\/sala-prensa\\\/otros\\\/condor-airlines-abrira-nueva-ruta-entre-alemania-y-panama-para-fortalecer-el-turismo-europeo\\\/\",\"url\":\"https:\\\/\\\/www.visitcentroamerica.com\\\/sala-prensa\\\/otros\\\/condor-airlines-abrira-nueva-ruta-entre-alemania-y-panama-para-fortalecer-el-turismo-europeo\\\/\",\"name\":\"Condor Airlines abrir\u00e1 nueva ruta entre Alemania y Panam\u00e1 para fortalecer el turismo europeo - Sala de prensa\",\"isPartOf\":{\"@id\":\"https:\\\/\\\/www.visitcentroamerica.com\\\/sala-prensa\\\/#website\"},\"primaryImageOfPage\":{\"@id\":\"https:\\\/\\\/www.visitcentroamerica.com\\\/sala-prensa\\\/otros\\\/condor-airlines-abrira-nueva-ruta-entre-alemania-y-panama-para-fortalecer-el-turismo-europeo\\\/#primaryimage\"},\"image\":{\"@id\":\"https:\\\/\\\/www.visitcentroamerica.com\\\/sala-prensa\\\/otros\\\/condor-airlines-abrira-nueva-ruta-entre-alemania-y-panama-para-fortalecer-el-turismo-europeo\\\/#primaryimage\"},\"thumbnailUrl\":\"https:\\\/\\\/www.visitcentroamerica.com\\\/sala-prensa\\\/wp-content\\\/uploads\\\/2025\\\/04\\\/Sin-titulo-1024-x-600-px-2025-04-15T124348.408.png\",\"datePublished\":\"2025-04-15T18:52:50+00:00\",\"dateModified\":\"2025-04-15T23:06:19+00:00\",\"author\":{\"@id\":\"https:\\\/\\\/www.visitcentroamerica.com\\\/sala-prensa\\\/#\\\/schema\\\/person\\\/0aa3bd0dbaabaead6089ee3dd0cd7ae5\"},\"breadcrumb\":{\"@id\":\"https:\\\/\\\/www.visitcentroamerica.com\\\/sala-prensa\\\/otros\\\/condor-airlines-abrira-nueva-ruta-entre-alemania-y-panama-para-fortalecer-el-turismo-europeo\\\/#breadcrumb\"},\"inLanguage\":\"es\",\"potentialAction\":[{\"@type\":\"ReadAction\",\"target\":[\"https:\\\/\\\/www.visitcentroamerica.com\\\/sala-prensa\\\/otros\\\/condor-airlines-abrira-nueva-ruta-entre-alemania-y-panama-para-fortalecer-el-turismo-europeo\\\/\"]}]},{\"@type\":\"ImageObject\",\"inLanguage\":\"es\",\"@id\":\"https:\\\/\\\/www.visitcentroamerica.com\\\/sala-prensa\\\/otros\\\/condor-airlines-abrira-nueva-ruta-entre-alemania-y-panama-para-fortalecer-el-turismo-europeo\\\/#primaryimage\",\"url\":\"https:\\\/\\\/www.visitcentroamerica.com\\\/sala-prensa\\\/wp-content\\\/uploads\\\/2025\\\/04\\\/Sin-titulo-1024-x-600-px-2025-04-15T124348.408.png\",\"contentUrl\":\"https:\\\/\\\/www.visitcentroamerica.com\\\/sala-prensa\\\/wp-content\\\/uploads\\\/2025\\\/04\\\/Sin-titulo-1024-x-600-px-2025-04-15T124348.408.png\",\"width\":1024,\"height\":600,\"caption\":\"Condor reactiva ruta entre Alemania y Panam\u00e1\"},{\"@type\":\"BreadcrumbList\",\"@id\":\"https:\\\/\\\/www.visitcentroamerica.com\\\/sala-prensa\\\/otros\\\/condor-airlines-abrira-nueva-ruta-entre-alemania-y-panama-para-fortalecer-el-turismo-europeo\\\/#breadcrumb\",\"itemListElement\":[{\"@type\":\"ListItem\",\"position\":1,\"name\":\"Portada\",\"item\":\"https:\\\/\\\/www.visitcentroamerica.com\\\/sala-prensa\\\/\"},{\"@type\":\"ListItem\",\"position\":2,\"name\":\"Condor Airlines abrir\u00e1 nueva ruta entre Alemania y Panam\u00e1 para fortalecer el turismo europeo\"}]},{\"@type\":\"WebSite\",\"@id\":\"https:\\\/\\\/www.visitcentroamerica.com\\\/sala-prensa\\\/#website\",\"url\":\"https:\\\/\\\/www.visitcentroamerica.com\\\/sala-prensa\\\/\",\"name\":\"Sala de prensa\",\"description\":\"\",\"potentialAction\":[{\"@type\":\"SearchAction\",\"target\":{\"@type\":\"EntryPoint\",\"urlTemplate\":\"https:\\\/\\\/www.visitcentroamerica.com\\\/sala-prensa\\\/?s={search_term_string}\"},\"query-input\":{\"@type\":\"PropertyValueSpecification\",\"valueRequired\":true,\"valueName\":\"search_term_string\"}}],\"inLanguage\":\"es\"},{\"@type\":\"Person\",\"@id\":\"https:\\\/\\\/www.visitcentroamerica.com\\\/sala-prensa\\\/#\\\/schema\\\/person\\\/0aa3bd0dbaabaead6089ee3dd0cd7ae5\",\"name\":\"Denis Alvarado\",\"image\":{\"@type\":\"ImageObject\",\"inLanguage\":\"es\",\"@id\":\"https:\\\/\\\/secure.gravatar.com\\\/avatar\\\/c31f0697f6edb7c68d5dedc2ccbd548d2a9f73aa293e81c6a1425229ec4c9135?s=96&d=mm&r=g\",\"url\":\"https:\\\/\\\/secure.gravatar.com\\\/avatar\\\/c31f0697f6edb7c68d5dedc2ccbd548d2a9f73aa293e81c6a1425229ec4c9135?s=96&d=mm&r=g\",\"contentUrl\":\"https:\\\/\\\/secure.gravatar.com\\\/avatar\\\/c31f0697f6edb7c68d5dedc2ccbd548d2a9f73aa293e81c6a1425229ec4c9135?s=96&d=mm&r=g\",\"caption\":\"Denis Alvarado\"},\"url\":\"https:\\\/\\\/www.visitcentroamerica.com\\\/sala-prensa\\\/author\\\/denis\\\/\"}]}<\/script>\n<!-- \/ Yoast SEO plugin. -->","yoast_head_json":{"title":"Condor Airlines abrir\u00e1 nueva ruta entre Alemania y Panam\u00e1 para fortalecer el turismo europeo - Sala de prensa","robots":{"index":"index","follow":"follow","max-snippet":"max-snippet:-1","max-image-preview":"max-image-preview:large","max-video-preview":"max-video-preview:-1"},"canonical":"https:\/\/www.visitcentroamerica.com\/sala-prensa\/otros\/condor-airlines-abrira-nueva-ruta-entre-alemania-y-panama-para-fortalecer-el-turismo-europeo\/","og_locale":"es_ES","og_type":"article","og_title":"Condor Airlines abrir\u00e1 nueva ruta entre Alemania y Panam\u00e1 para fortalecer el turismo europeo - Sala de prensa","og_description":"A partir de junio de este 2025, la aerol\u00ednea alemana Condor Airlines iniciar\u00e1 operaciones en la ruta entre Alemania y Panam\u00e1, marcando un paso importante en los esfuerzos del pa\u00eds por ampliar su conectividad a\u00e9rea y atraer a m\u00e1s visitantes internacionales. La decisi\u00f3n forma parte de una serie de acuerdos impulsados por el Gobierno de [&hellip;]","og_url":"https:\/\/www.visitcentroamerica.com\/sala-prensa\/otros\/condor-airlines-abrira-nueva-ruta-entre-alemania-y-panama-para-fortalecer-el-turismo-europeo\/","og_site_name":"Sala de prensa","article_published_time":"2025-04-15T18:52:50+00:00","article_modified_time":"2025-04-15T23:06:19+00:00","og_image":[{"width":1024,"height":600,"url":"https:\/\/www.visitcentroamerica.com\/sala-prensa\/wp-content\/uploads\/2025\/04\/Sin-titulo-1024-x-600-px-2025-04-15T124348.408.png","type":"image\/png"}],"author":"Denis Alvarado","twitter_card":"summary_large_image","twitter_misc":{"Escrito por":"Denis Alvarado","Tiempo de lectura":"3 minutos"},"schema":{"@context":"https:\/\/schema.org","@graph":[{"@type":"Article","@id":"https:\/\/www.visitcentroamerica.com\/sala-prensa\/otros\/condor-airlines-abrira-nueva-ruta-entre-alemania-y-panama-para-fortalecer-el-turismo-europeo\/#article","isPartOf":{"@id":"https:\/\/www.visitcentroamerica.com\/sala-prensa\/otros\/condor-airlines-abrira-nueva-ruta-entre-alemania-y-panama-para-fortalecer-el-turismo-europeo\/"},"author":{"name":"Denis Alvarado","@id":"https:\/\/www.visitcentroamerica.com\/sala-prensa\/#\/schema\/person\/0aa3bd0dbaabaead6089ee3dd0cd7ae5"},"headline":"Condor Airlines abrir\u00e1 nueva ruta entre Alemania y Panam\u00e1 para fortalecer el turismo europeo","datePublished":"2025-04-15T18:52:50+00:00","dateModified":"2025-04-15T23:06:19+00:00","mainEntityOfPage":{"@id":"https:\/\/www.visitcentroamerica.com\/sala-prensa\/otros\/condor-airlines-abrira-nueva-ruta-entre-alemania-y-panama-para-fortalecer-el-turismo-europeo\/"},"wordCount":500,"commentCount":0,"image":{"@id":"https:\/\/www.visitcentroamerica.com\/sala-prensa\/otros\/condor-airlines-abrira-nueva-ruta-entre-alemania-y-panama-para-fortalecer-el-turismo-europeo\/#primaryimage"},"thumbnailUrl":"https:\/\/www.visitcentroamerica.com\/sala-prensa\/wp-content\/uploads\/2025\/04\/Sin-titulo-1024-x-600-px-2025-04-15T124348.408.png","articleSection":["Otros"],"inLanguage":"es","potentialAction":[{"@type":"CommentAction","name":"Comment","target":["https:\/\/www.visitcentroamerica.com\/sala-prensa\/otros\/condor-airlines-abrira-nueva-ruta-entre-alemania-y-panama-para-fortalecer-el-turismo-europeo\/#respond"]}]},{"@type":"WebPage","@id":"https:\/\/www.visitcentroamerica.com\/sala-prensa\/otros\/condor-airlines-abrira-nueva-ruta-entre-alemania-y-panama-para-fortalecer-el-turismo-europeo\/","url":"https:\/\/www.visitcentroamerica.com\/sala-prensa\/otros\/condor-airlines-abrira-nueva-ruta-entre-alemania-y-panama-para-fortalecer-el-turismo-europeo\/","name":"Condor Airlines abrir\u00e1 nueva ruta entre Alemania y Panam\u00e1 para fortalecer el turismo europeo - Sala de prensa","isPartOf":{"@id":"https:\/\/www.visitcentroamerica.com\/sala-prensa\/#website"},"primaryImageOfPage":{"@id":"https:\/\/www.visitcentroamerica.com\/sala-prensa\/otros\/condor-airlines-abrira-nueva-ruta-entre-alemania-y-panama-para-fortalecer-el-turismo-europeo\/#primaryimage"},"image":{"@id":"https:\/\/www.visitcentroamerica.com\/sala-prensa\/otros\/condor-airlines-abrira-nueva-ruta-entre-alemania-y-panama-para-fortalecer-el-turismo-europeo\/#primaryimage"},"thumbnailUrl":"https:\/\/www.visitcentroamerica.com\/sala-prensa\/wp-content\/uploads\/2025\/04\/Sin-titulo-1024-x-600-px-2025-04-15T124348.408.png","datePublished":"2025-04-15T18:52:50+00:00","dateModified":"2025-04-15T23:06:19+00:00","author":{"@id":"https:\/\/www.visitcentroamerica.com\/sala-prensa\/#\/schema\/person\/0aa3bd0dbaabaead6089ee3dd0cd7ae5"},"breadcrumb":{"@id":"https:\/\/www.visitcentroamerica.com\/sala-prensa\/otros\/condor-airlines-abrira-nueva-ruta-entre-alemania-y-panama-para-fortalecer-el-turismo-europeo\/#breadcrumb"},"inLanguage":"es","potentialAction":[{"@type":"ReadAction","target":["https:\/\/www.visitcentroamerica.com\/sala-prensa\/otros\/condor-airlines-abrira-nueva-ruta-entre-alemania-y-panama-para-fortalecer-el-turismo-europeo\/"]}]},{"@type":"ImageObject","inLanguage":"es","@id":"https:\/\/www.visitcentroamerica.com\/sala-prensa\/otros\/condor-airlines-abrira-nueva-ruta-entre-alemania-y-panama-para-fortalecer-el-turismo-europeo\/#primaryimage","url":"https:\/\/www.visitcentroamerica.com\/sala-prensa\/wp-content\/uploads\/2025\/04\/Sin-titulo-1024-x-600-px-2025-04-15T124348.408.png","contentUrl":"https:\/\/www.visitcentroamerica.com\/sala-prensa\/wp-content\/uploads\/2025\/04\/Sin-titulo-1024-x-600-px-2025-04-15T124348.408.png","width":1024,"height":600,"caption":"Condor reactiva ruta entre Alemania y Panam\u00e1"},{"@type":"BreadcrumbList","@id":"https:\/\/www.visitcentroamerica.com\/sala-prensa\/otros\/condor-airlines-abrira-nueva-ruta-entre-alemania-y-panama-para-fortalecer-el-turismo-europeo\/#breadcrumb","itemListElement":[{"@type":"ListItem","position":1,"name":"Portada","item":"https:\/\/www.visitcentroamerica.com\/sala-prensa\/"},{"@type":"ListItem","position":2,"name":"Condor Airlines abrir\u00e1 nueva ruta entre Alemania y Panam\u00e1 para fortalecer el turismo europeo"}]},{"@type":"WebSite","@id":"https:\/\/www.visitcentroamerica.com\/sala-prensa\/#website","url":"https:\/\/www.visitcentroamerica.com\/sala-prensa\/","name":"Sala de prensa","description":"","potentialAction":[{"@type":"SearchAction","target":{"@type":"EntryPoint","urlTemplate":"https:\/\/www.visitcentroamerica.com\/sala-prensa\/?s={search_term_string}"},"query-input":{"@type":"PropertyValueSpecification","valueRequired":true,"valueName":"search_term_string"}}],"inLanguage":"es"},{"@type":"Person","@id":"https:\/\/www.visitcentroamerica.com\/sala-prensa\/#\/schema\/person\/0aa3bd0dbaabaead6089ee3dd0cd7ae5","name":"Denis Alvarado","image":{"@type":"ImageObject","inLanguage":"es","@id":"https:\/\/secure.gravatar.com\/avatar\/c31f0697f6edb7c68d5dedc2ccbd548d2a9f73aa293e81c6a1425229ec4c9135?s=96&d=mm&r=g","url":"https:\/\/secure.gravatar.com\/avatar\/c31f0697f6edb7c68d5dedc2ccbd548d2a9f73aa293e81c6a1425229ec4c9135?s=96&d=mm&r=g","contentUrl":"https:\/\/secure.gravatar.com\/avatar\/c31f0697f6edb7c68d5dedc2ccbd548d2a9f73aa293e81c6a1425229ec4c9135?s=96&d=mm&r=g","caption":"Denis Alvarado"},"url":"https:\/\/www.visitcentroamerica.com\/sala-prensa\/author\/denis\/"}]}},"_links":{"self":[{"href":"https:\/\/www.visitcentroamerica.com\/sala-prensa\/wp-json\/wp\/v2\/posts\/15947","targetHints":{"allow":["GET"]}}],"collection":[{"href":"https:\/\/www.visitcentroamerica.com\/sala-prensa\/wp-json\/wp\/v2\/posts"}],"about":[{"href":"https:\/\/www.visitcentroamerica.com\/sala-prensa\/wp-json\/wp\/v2\/types\/post"}],"author":[{"embeddable":true,"href":"https:\/\/www.visitcentroamerica.com\/sala-prensa\/wp-json\/wp\/v2\/users\/5"}],"replies":[{"embeddable":true,"href":"https:\/\/www.visitcentroamerica.com\/sala-prensa\/wp-json\/wp\/v2\/comments?post=15947"}],"version-history":[{"count":2,"href":"https:\/\/www.visitcentroamerica.com\/sala-prensa\/wp-json\/wp\/v2\/posts\/15947\/revisions"}],"predecessor-version":[{"id":15956,"href":"https:\/\/www.visitcentroamerica.com\/sala-prensa\/wp-json\/wp\/v2\/posts\/15947\/revisions\/15956"}],"wp:featuredmedia":[{"embeddable":true,"href":"https:\/\/www.visitcentroamerica.com\/sala-prensa\/wp-json\/wp\/v2\/media\/15948"}],"wp:attachment":[{"href":"https:\/\/www.visitcentroamerica.com\/sala-prensa\/wp-json\/wp\/v2\/media?parent=15947"}],"wp:term":[{"taxonomy":"category","embeddable":true,"href":"https:\/\/www.visitcentroamerica.com\/sala-prensa\/wp-json\/wp\/v2\/categories?post=15947"},{"taxonomy":"post_tag","embeddable":true,"href":"https:\/\/www.visitcentroamerica.com\/sala-prensa\/wp-json\/wp\/v2\/tags?post=15947"}],"curies":[{"name":"wp","href":"https:\/\/api.w.org\/{rel}","templated":true}]}}