{"id":15942,"date":"2025-04-03T23:23:56","date_gmt":"2025-04-03T21:23:56","guid":{"rendered":"https:\/\/www.visitcentroamerica.com\/sala-prensa\/?p=15942"},"modified":"2025-04-03T23:23:56","modified_gmt":"2025-04-03T21:23:56","slug":"turismo-religioso-un-recorrido-por-el-alma-de-centroamerica","status":"publish","type":"post","link":"https:\/\/www.visitcentroamerica.com\/sala-prensa\/otros\/turismo-religioso-un-recorrido-por-el-alma-de-centroamerica\/","title":{"rendered":"Turismo religioso: un recorrido por el alma  de Centroam\u00e9rica"},"content":{"rendered":"<p><img loading=\"lazy\" decoding=\"async\" class=\"alignnone size-full wp-image-15943\" src=\"https:\/\/www.visitcentroamerica.com\/sala-prensa\/wp-content\/uploads\/2025\/04\/Sin-titulo-1024-x-600-px-2025-04-03T115201.006.png\" alt=\"turismo religioso en centroamerica 2025\" width=\"1024\" height=\"600\" srcset=\"https:\/\/www.visitcentroamerica.com\/sala-prensa\/wp-content\/uploads\/2025\/04\/Sin-titulo-1024-x-600-px-2025-04-03T115201.006.png 1024w, https:\/\/www.visitcentroamerica.com\/sala-prensa\/wp-content\/uploads\/2025\/04\/Sin-titulo-1024-x-600-px-2025-04-03T115201.006-300x176.png 300w, https:\/\/www.visitcentroamerica.com\/sala-prensa\/wp-content\/uploads\/2025\/04\/Sin-titulo-1024-x-600-px-2025-04-03T115201.006-768x450.png 768w, https:\/\/www.visitcentroamerica.com\/sala-prensa\/wp-content\/uploads\/2025\/04\/Sin-titulo-1024-x-600-px-2025-04-03T115201.006-717x420.png 717w, https:\/\/www.visitcentroamerica.com\/sala-prensa\/wp-content\/uploads\/2025\/04\/Sin-titulo-1024-x-600-px-2025-04-03T115201.006-696x408.png 696w, https:\/\/www.visitcentroamerica.com\/sala-prensa\/wp-content\/uploads\/2025\/04\/Sin-titulo-1024-x-600-px-2025-04-03T115201.006-500x293.png 500w\" sizes=\"auto, (max-width: 1024px) 100vw, 1024px\" \/><\/p>\n<p>La <strong><em>Semana Santa en Centroam\u00e9rica<\/em><\/strong> es mucho m\u00e1s que una celebraci\u00f3n religiosa; es un encuentro de tradiciones, arte y sabores que reflejan la identidad de cada pa\u00eds. Desde imponentes procesiones hasta peregrinajes \u00fanicos, la regi\u00f3n ofrece experiencias espirituales inolvidables, acompa\u00f1adas de una gastronom\u00eda que enriquece esta \u00e9poca del a\u00f1o.<\/p>\n<p>En Guatemala, La Antigua, se convierte en un escenario de fervor y color con sus majestuosas procesiones e ic\u00f3nicas alfombras de aserr\u00edn. Desde 2023, la Semana Santa en Guatemala es Patrimonio Cultural Inmaterial de la Humanidad, declarado por la <strong>UNESCO<\/strong>.<\/p>\n<p>El Salvador destaca por la emblem\u00e1tica <strong>Procesi\u00f3n de los Cristos de Izalco, Sonsonate.<\/strong> Es una de las procesiones m\u00e1s solemnes de Semana Santa en Centroam\u00e9rica, re\u00fane a miles de fieles en un recorrido que integra im\u00e1genes de distintas cofrad\u00edas, creando una de las expresiones de sincretismo religioso m\u00e1s representativas del pa\u00eds.<\/p>\n<p>El <strong>peregrinaje acu\u00e1tico<\/strong> en las Isletas de Granada, Nicaragua, es otra tradici\u00f3n \u00fanica donde embarcaciones decoradas con im\u00e1genes religiosas navegan entre islotes, recreando el v\u00eda crucis, creando una experiencia de fe en medio del impresionante Lago de Nicaragua.<\/p>\n<p>Por otra parte, las calles coloniales de Panam\u00e1 se llenan de vida con procesiones que recorren el Casco Antiguo, evocando las tradiciones de las cofrad\u00edas del viejo San Felipe. En un ambiente de profunda devoci\u00f3n, estos recorridos resaltan hitos hist\u00f3ricos y celebran la identidad local, con el imponente escenario de iglesias centenarias en este sitio declarado Patrimonio Cultural de la Humanidad por la <strong>UNESCO<\/strong> en 1997.<\/p>\n<p><strong>El sabor de la Semana Santa: gastronom\u00eda cuaresmal en la regi\u00f3n<\/strong><\/p>\n<p>La gastronom\u00eda de Cuaresma es un reflejo del mestizaje cultural de la regi\u00f3n, donde cada pa\u00eds aporta platillos tradicionales que acompa\u00f1an las celebraciones religiosas:<\/p>\n<p>En Belice, la comunidad gar\u00edfuna y mestiza disfruta de hudut, un guiso de pescado con coco acompa\u00f1ado de pl\u00e1tano, y bollos de coco, una delicia infaltable en esta temporada.<\/p>\n<p>Por su lado, Honduras realiza las procesiones acompa\u00f1adas de sabores tradicionales como las ya conocidas baleadas y el dulce de ayote en miel es una receta predilecta, con ra\u00edces prehisp\u00e1nicas, que conquista el paladar de nacionales y extranjeros.<\/p>\n<p>Rep\u00fablica Dominicana aporte el sabor del Caribe durante la Cuaresma, cuando la mesa se llena de moro de habichuelas negras y el ic\u00f3nico postre de habichuelas con dulce, un platillo \u00fanico de la isla.<\/p>\n<p>M\u00e1s all\u00e1 de su valor espiritual, la <strong>Semana Santa en Centroam\u00e9rica y Rep\u00fablica Dominicana<\/strong> es una invitaci\u00f3n a descubrir la historia, la cultura y los sabores que hacen de esta regi\u00f3n un destino \u00fanico para el turismo religioso.<\/p>\n","protected":false},"excerpt":{"rendered":"<p>La Semana Santa en Centroam\u00e9rica es mucho m\u00e1s que una celebraci\u00f3n religiosa; es un encuentro de tradiciones, arte y sabores que reflejan la identidad de cada pa\u00eds. Desde imponentes procesiones hasta peregrinajes \u00fanicos, la regi\u00f3n ofrece experiencias espirituales inolvidables, acompa\u00f1adas de una gastronom\u00eda que enriquece esta \u00e9poca del a\u00f1o. En Guatemala, La Antigua, se convierte [&hellip;]<\/p>\n","protected":false},"author":5,"featured_media":15943,"comment_status":"open","ping_status":"closed","sticky":false,"template":"","format":"standard","meta":{"footnotes":""},"categories":[1],"tags":[],"class_list":{"0":"post-15942","1":"post","2":"type-post","3":"status-publish","4":"format-standard","5":"has-post-thumbnail","7":"category-otros"},"yoast_head":"<!-- This site is optimized with the Yoast SEO plugin v27.3 - https:\/\/yoast.com\/product\/yoast-seo-wordpress\/ -->\n<title>Turismo religioso: un recorrido por el alma de Centroam\u00e9rica - Sala de prensa<\/title>\n<meta name=\"robots\" content=\"index, follow, max-snippet:-1, max-image-preview:large, max-video-preview:-1\" \/>\n<link rel=\"canonical\" href=\"https:\/\/www.visitcentroamerica.com\/sala-prensa\/otros\/turismo-religioso-un-recorrido-por-el-alma-de-centroamerica\/\" \/>\n<meta property=\"og:locale\" content=\"es_ES\" \/>\n<meta property=\"og:type\" content=\"article\" \/>\n<meta property=\"og:title\" content=\"Turismo religioso: un recorrido por el alma de Centroam\u00e9rica - Sala de prensa\" \/>\n<meta property=\"og:description\" content=\"La Semana Santa en Centroam\u00e9rica es mucho m\u00e1s que una celebraci\u00f3n religiosa; es un encuentro de tradiciones, arte y sabores que reflejan la identidad de cada pa\u00eds. Desde imponentes procesiones hasta peregrinajes \u00fanicos, la regi\u00f3n ofrece experiencias espirituales inolvidables, acompa\u00f1adas de una gastronom\u00eda que enriquece esta \u00e9poca del a\u00f1o. En Guatemala, La Antigua, se convierte [&hellip;]\" \/>\n<meta property=\"og:url\" content=\"https:\/\/www.visitcentroamerica.com\/sala-prensa\/otros\/turismo-religioso-un-recorrido-por-el-alma-de-centroamerica\/\" \/>\n<meta property=\"og:site_name\" content=\"Sala de prensa\" \/>\n<meta property=\"article:published_time\" content=\"2025-04-03T21:23:56+00:00\" \/>\n<meta property=\"og:image\" content=\"https:\/\/www.visitcentroamerica.com\/sala-prensa\/wp-content\/uploads\/2025\/04\/Sin-titulo-1024-x-600-px-2025-04-03T115201.006.png\" \/>\n\t<meta property=\"og:image:width\" content=\"1024\" \/>\n\t<meta property=\"og:image:height\" content=\"600\" \/>\n\t<meta property=\"og:image:type\" content=\"image\/png\" \/>\n<meta name=\"author\" content=\"Denis Alvarado\" \/>\n<meta name=\"twitter:card\" content=\"summary_large_image\" \/>\n<meta name=\"twitter:label1\" content=\"Escrito por\" \/>\n\t<meta name=\"twitter:data1\" content=\"Denis Alvarado\" \/>\n\t<meta name=\"twitter:label2\" content=\"Tiempo de lectura\" \/>\n\t<meta name=\"twitter:data2\" content=\"3 minutos\" \/>\n<script type=\"application\/ld+json\" class=\"yoast-schema-graph\">{\"@context\":\"https:\\\/\\\/schema.org\",\"@graph\":[{\"@type\":\"Article\",\"@id\":\"https:\\\/\\\/www.visitcentroamerica.com\\\/sala-prensa\\\/otros\\\/turismo-religioso-un-recorrido-por-el-alma-de-centroamerica\\\/#article\",\"isPartOf\":{\"@id\":\"https:\\\/\\\/www.visitcentroamerica.com\\\/sala-prensa\\\/otros\\\/turismo-religioso-un-recorrido-por-el-alma-de-centroamerica\\\/\"},\"author\":{\"name\":\"Denis Alvarado\",\"@id\":\"https:\\\/\\\/www.visitcentroamerica.com\\\/sala-prensa\\\/#\\\/schema\\\/person\\\/0aa3bd0dbaabaead6089ee3dd0cd7ae5\"},\"headline\":\"Turismo religioso: un recorrido por el alma de Centroam\u00e9rica\",\"datePublished\":\"2025-04-03T21:23:56+00:00\",\"mainEntityOfPage\":{\"@id\":\"https:\\\/\\\/www.visitcentroamerica.com\\\/sala-prensa\\\/otros\\\/turismo-religioso-un-recorrido-por-el-alma-de-centroamerica\\\/\"},\"wordCount\":471,\"commentCount\":0,\"image\":{\"@id\":\"https:\\\/\\\/www.visitcentroamerica.com\\\/sala-prensa\\\/otros\\\/turismo-religioso-un-recorrido-por-el-alma-de-centroamerica\\\/#primaryimage\"},\"thumbnailUrl\":\"https:\\\/\\\/www.visitcentroamerica.com\\\/sala-prensa\\\/wp-content\\\/uploads\\\/2025\\\/04\\\/Sin-titulo-1024-x-600-px-2025-04-03T115201.006.png\",\"articleSection\":[\"Otros\"],\"inLanguage\":\"es\",\"potentialAction\":[{\"@type\":\"CommentAction\",\"name\":\"Comment\",\"target\":[\"https:\\\/\\\/www.visitcentroamerica.com\\\/sala-prensa\\\/otros\\\/turismo-religioso-un-recorrido-por-el-alma-de-centroamerica\\\/#respond\"]}]},{\"@type\":\"WebPage\",\"@id\":\"https:\\\/\\\/www.visitcentroamerica.com\\\/sala-prensa\\\/otros\\\/turismo-religioso-un-recorrido-por-el-alma-de-centroamerica\\\/\",\"url\":\"https:\\\/\\\/www.visitcentroamerica.com\\\/sala-prensa\\\/otros\\\/turismo-religioso-un-recorrido-por-el-alma-de-centroamerica\\\/\",\"name\":\"Turismo religioso: un recorrido por el alma de Centroam\u00e9rica - Sala de prensa\",\"isPartOf\":{\"@id\":\"https:\\\/\\\/www.visitcentroamerica.com\\\/sala-prensa\\\/#website\"},\"primaryImageOfPage\":{\"@id\":\"https:\\\/\\\/www.visitcentroamerica.com\\\/sala-prensa\\\/otros\\\/turismo-religioso-un-recorrido-por-el-alma-de-centroamerica\\\/#primaryimage\"},\"image\":{\"@id\":\"https:\\\/\\\/www.visitcentroamerica.com\\\/sala-prensa\\\/otros\\\/turismo-religioso-un-recorrido-por-el-alma-de-centroamerica\\\/#primaryimage\"},\"thumbnailUrl\":\"https:\\\/\\\/www.visitcentroamerica.com\\\/sala-prensa\\\/wp-content\\\/uploads\\\/2025\\\/04\\\/Sin-titulo-1024-x-600-px-2025-04-03T115201.006.png\",\"datePublished\":\"2025-04-03T21:23:56+00:00\",\"author\":{\"@id\":\"https:\\\/\\\/www.visitcentroamerica.com\\\/sala-prensa\\\/#\\\/schema\\\/person\\\/0aa3bd0dbaabaead6089ee3dd0cd7ae5\"},\"breadcrumb\":{\"@id\":\"https:\\\/\\\/www.visitcentroamerica.com\\\/sala-prensa\\\/otros\\\/turismo-religioso-un-recorrido-por-el-alma-de-centroamerica\\\/#breadcrumb\"},\"inLanguage\":\"es\",\"potentialAction\":[{\"@type\":\"ReadAction\",\"target\":[\"https:\\\/\\\/www.visitcentroamerica.com\\\/sala-prensa\\\/otros\\\/turismo-religioso-un-recorrido-por-el-alma-de-centroamerica\\\/\"]}]},{\"@type\":\"ImageObject\",\"inLanguage\":\"es\",\"@id\":\"https:\\\/\\\/www.visitcentroamerica.com\\\/sala-prensa\\\/otros\\\/turismo-religioso-un-recorrido-por-el-alma-de-centroamerica\\\/#primaryimage\",\"url\":\"https:\\\/\\\/www.visitcentroamerica.com\\\/sala-prensa\\\/wp-content\\\/uploads\\\/2025\\\/04\\\/Sin-titulo-1024-x-600-px-2025-04-03T115201.006.png\",\"contentUrl\":\"https:\\\/\\\/www.visitcentroamerica.com\\\/sala-prensa\\\/wp-content\\\/uploads\\\/2025\\\/04\\\/Sin-titulo-1024-x-600-px-2025-04-03T115201.006.png\",\"width\":1024,\"height\":600,\"caption\":\"turismo religioso en centroamerica 2025\"},{\"@type\":\"BreadcrumbList\",\"@id\":\"https:\\\/\\\/www.visitcentroamerica.com\\\/sala-prensa\\\/otros\\\/turismo-religioso-un-recorrido-por-el-alma-de-centroamerica\\\/#breadcrumb\",\"itemListElement\":[{\"@type\":\"ListItem\",\"position\":1,\"name\":\"Portada\",\"item\":\"https:\\\/\\\/www.visitcentroamerica.com\\\/sala-prensa\\\/\"},{\"@type\":\"ListItem\",\"position\":2,\"name\":\"Turismo religioso: un recorrido por el alma de Centroam\u00e9rica\"}]},{\"@type\":\"WebSite\",\"@id\":\"https:\\\/\\\/www.visitcentroamerica.com\\\/sala-prensa\\\/#website\",\"url\":\"https:\\\/\\\/www.visitcentroamerica.com\\\/sala-prensa\\\/\",\"name\":\"Sala de prensa\",\"description\":\"\",\"potentialAction\":[{\"@type\":\"SearchAction\",\"target\":{\"@type\":\"EntryPoint\",\"urlTemplate\":\"https:\\\/\\\/www.visitcentroamerica.com\\\/sala-prensa\\\/?s={search_term_string}\"},\"query-input\":{\"@type\":\"PropertyValueSpecification\",\"valueRequired\":true,\"valueName\":\"search_term_string\"}}],\"inLanguage\":\"es\"},{\"@type\":\"Person\",\"@id\":\"https:\\\/\\\/www.visitcentroamerica.com\\\/sala-prensa\\\/#\\\/schema\\\/person\\\/0aa3bd0dbaabaead6089ee3dd0cd7ae5\",\"name\":\"Denis Alvarado\",\"image\":{\"@type\":\"ImageObject\",\"inLanguage\":\"es\",\"@id\":\"https:\\\/\\\/secure.gravatar.com\\\/avatar\\\/c31f0697f6edb7c68d5dedc2ccbd548d2a9f73aa293e81c6a1425229ec4c9135?s=96&d=mm&r=g\",\"url\":\"https:\\\/\\\/secure.gravatar.com\\\/avatar\\\/c31f0697f6edb7c68d5dedc2ccbd548d2a9f73aa293e81c6a1425229ec4c9135?s=96&d=mm&r=g\",\"contentUrl\":\"https:\\\/\\\/secure.gravatar.com\\\/avatar\\\/c31f0697f6edb7c68d5dedc2ccbd548d2a9f73aa293e81c6a1425229ec4c9135?s=96&d=mm&r=g\",\"caption\":\"Denis Alvarado\"},\"url\":\"https:\\\/\\\/www.visitcentroamerica.com\\\/sala-prensa\\\/author\\\/denis\\\/\"}]}<\/script>\n<!-- \/ Yoast SEO plugin. -->","yoast_head_json":{"title":"Turismo religioso: un recorrido por el alma de Centroam\u00e9rica - Sala de prensa","robots":{"index":"index","follow":"follow","max-snippet":"max-snippet:-1","max-image-preview":"max-image-preview:large","max-video-preview":"max-video-preview:-1"},"canonical":"https:\/\/www.visitcentroamerica.com\/sala-prensa\/otros\/turismo-religioso-un-recorrido-por-el-alma-de-centroamerica\/","og_locale":"es_ES","og_type":"article","og_title":"Turismo religioso: un recorrido por el alma de Centroam\u00e9rica - Sala de prensa","og_description":"La Semana Santa en Centroam\u00e9rica es mucho m\u00e1s que una celebraci\u00f3n religiosa; es un encuentro de tradiciones, arte y sabores que reflejan la identidad de cada pa\u00eds. Desde imponentes procesiones hasta peregrinajes \u00fanicos, la regi\u00f3n ofrece experiencias espirituales inolvidables, acompa\u00f1adas de una gastronom\u00eda que enriquece esta \u00e9poca del a\u00f1o. En Guatemala, La Antigua, se convierte [&hellip;]","og_url":"https:\/\/www.visitcentroamerica.com\/sala-prensa\/otros\/turismo-religioso-un-recorrido-por-el-alma-de-centroamerica\/","og_site_name":"Sala de prensa","article_published_time":"2025-04-03T21:23:56+00:00","og_image":[{"width":1024,"height":600,"url":"https:\/\/www.visitcentroamerica.com\/sala-prensa\/wp-content\/uploads\/2025\/04\/Sin-titulo-1024-x-600-px-2025-04-03T115201.006.png","type":"image\/png"}],"author":"Denis Alvarado","twitter_card":"summary_large_image","twitter_misc":{"Escrito por":"Denis Alvarado","Tiempo de lectura":"3 minutos"},"schema":{"@context":"https:\/\/schema.org","@graph":[{"@type":"Article","@id":"https:\/\/www.visitcentroamerica.com\/sala-prensa\/otros\/turismo-religioso-un-recorrido-por-el-alma-de-centroamerica\/#article","isPartOf":{"@id":"https:\/\/www.visitcentroamerica.com\/sala-prensa\/otros\/turismo-religioso-un-recorrido-por-el-alma-de-centroamerica\/"},"author":{"name":"Denis Alvarado","@id":"https:\/\/www.visitcentroamerica.com\/sala-prensa\/#\/schema\/person\/0aa3bd0dbaabaead6089ee3dd0cd7ae5"},"headline":"Turismo religioso: un recorrido por el alma de Centroam\u00e9rica","datePublished":"2025-04-03T21:23:56+00:00","mainEntityOfPage":{"@id":"https:\/\/www.visitcentroamerica.com\/sala-prensa\/otros\/turismo-religioso-un-recorrido-por-el-alma-de-centroamerica\/"},"wordCount":471,"commentCount":0,"image":{"@id":"https:\/\/www.visitcentroamerica.com\/sala-prensa\/otros\/turismo-religioso-un-recorrido-por-el-alma-de-centroamerica\/#primaryimage"},"thumbnailUrl":"https:\/\/www.visitcentroamerica.com\/sala-prensa\/wp-content\/uploads\/2025\/04\/Sin-titulo-1024-x-600-px-2025-04-03T115201.006.png","articleSection":["Otros"],"inLanguage":"es","potentialAction":[{"@type":"CommentAction","name":"Comment","target":["https:\/\/www.visitcentroamerica.com\/sala-prensa\/otros\/turismo-religioso-un-recorrido-por-el-alma-de-centroamerica\/#respond"]}]},{"@type":"WebPage","@id":"https:\/\/www.visitcentroamerica.com\/sala-prensa\/otros\/turismo-religioso-un-recorrido-por-el-alma-de-centroamerica\/","url":"https:\/\/www.visitcentroamerica.com\/sala-prensa\/otros\/turismo-religioso-un-recorrido-por-el-alma-de-centroamerica\/","name":"Turismo religioso: un recorrido por el alma de Centroam\u00e9rica - Sala de prensa","isPartOf":{"@id":"https:\/\/www.visitcentroamerica.com\/sala-prensa\/#website"},"primaryImageOfPage":{"@id":"https:\/\/www.visitcentroamerica.com\/sala-prensa\/otros\/turismo-religioso-un-recorrido-por-el-alma-de-centroamerica\/#primaryimage"},"image":{"@id":"https:\/\/www.visitcentroamerica.com\/sala-prensa\/otros\/turismo-religioso-un-recorrido-por-el-alma-de-centroamerica\/#primaryimage"},"thumbnailUrl":"https:\/\/www.visitcentroamerica.com\/sala-prensa\/wp-content\/uploads\/2025\/04\/Sin-titulo-1024-x-600-px-2025-04-03T115201.006.png","datePublished":"2025-04-03T21:23:56+00:00","author":{"@id":"https:\/\/www.visitcentroamerica.com\/sala-prensa\/#\/schema\/person\/0aa3bd0dbaabaead6089ee3dd0cd7ae5"},"breadcrumb":{"@id":"https:\/\/www.visitcentroamerica.com\/sala-prensa\/otros\/turismo-religioso-un-recorrido-por-el-alma-de-centroamerica\/#breadcrumb"},"inLanguage":"es","potentialAction":[{"@type":"ReadAction","target":["https:\/\/www.visitcentroamerica.com\/sala-prensa\/otros\/turismo-religioso-un-recorrido-por-el-alma-de-centroamerica\/"]}]},{"@type":"ImageObject","inLanguage":"es","@id":"https:\/\/www.visitcentroamerica.com\/sala-prensa\/otros\/turismo-religioso-un-recorrido-por-el-alma-de-centroamerica\/#primaryimage","url":"https:\/\/www.visitcentroamerica.com\/sala-prensa\/wp-content\/uploads\/2025\/04\/Sin-titulo-1024-x-600-px-2025-04-03T115201.006.png","contentUrl":"https:\/\/www.visitcentroamerica.com\/sala-prensa\/wp-content\/uploads\/2025\/04\/Sin-titulo-1024-x-600-px-2025-04-03T115201.006.png","width":1024,"height":600,"caption":"turismo religioso en centroamerica 2025"},{"@type":"BreadcrumbList","@id":"https:\/\/www.visitcentroamerica.com\/sala-prensa\/otros\/turismo-religioso-un-recorrido-por-el-alma-de-centroamerica\/#breadcrumb","itemListElement":[{"@type":"ListItem","position":1,"name":"Portada","item":"https:\/\/www.visitcentroamerica.com\/sala-prensa\/"},{"@type":"ListItem","position":2,"name":"Turismo religioso: un recorrido por el alma de Centroam\u00e9rica"}]},{"@type":"WebSite","@id":"https:\/\/www.visitcentroamerica.com\/sala-prensa\/#website","url":"https:\/\/www.visitcentroamerica.com\/sala-prensa\/","name":"Sala de prensa","description":"","potentialAction":[{"@type":"SearchAction","target":{"@type":"EntryPoint","urlTemplate":"https:\/\/www.visitcentroamerica.com\/sala-prensa\/?s={search_term_string}"},"query-input":{"@type":"PropertyValueSpecification","valueRequired":true,"valueName":"search_term_string"}}],"inLanguage":"es"},{"@type":"Person","@id":"https:\/\/www.visitcentroamerica.com\/sala-prensa\/#\/schema\/person\/0aa3bd0dbaabaead6089ee3dd0cd7ae5","name":"Denis Alvarado","image":{"@type":"ImageObject","inLanguage":"es","@id":"https:\/\/secure.gravatar.com\/avatar\/c31f0697f6edb7c68d5dedc2ccbd548d2a9f73aa293e81c6a1425229ec4c9135?s=96&d=mm&r=g","url":"https:\/\/secure.gravatar.com\/avatar\/c31f0697f6edb7c68d5dedc2ccbd548d2a9f73aa293e81c6a1425229ec4c9135?s=96&d=mm&r=g","contentUrl":"https:\/\/secure.gravatar.com\/avatar\/c31f0697f6edb7c68d5dedc2ccbd548d2a9f73aa293e81c6a1425229ec4c9135?s=96&d=mm&r=g","caption":"Denis Alvarado"},"url":"https:\/\/www.visitcentroamerica.com\/sala-prensa\/author\/denis\/"}]}},"_links":{"self":[{"href":"https:\/\/www.visitcentroamerica.com\/sala-prensa\/wp-json\/wp\/v2\/posts\/15942","targetHints":{"allow":["GET"]}}],"collection":[{"href":"https:\/\/www.visitcentroamerica.com\/sala-prensa\/wp-json\/wp\/v2\/posts"}],"about":[{"href":"https:\/\/www.visitcentroamerica.com\/sala-prensa\/wp-json\/wp\/v2\/types\/post"}],"author":[{"embeddable":true,"href":"https:\/\/www.visitcentroamerica.com\/sala-prensa\/wp-json\/wp\/v2\/users\/5"}],"replies":[{"embeddable":true,"href":"https:\/\/www.visitcentroamerica.com\/sala-prensa\/wp-json\/wp\/v2\/comments?post=15942"}],"version-history":[{"count":1,"href":"https:\/\/www.visitcentroamerica.com\/sala-prensa\/wp-json\/wp\/v2\/posts\/15942\/revisions"}],"predecessor-version":[{"id":15945,"href":"https:\/\/www.visitcentroamerica.com\/sala-prensa\/wp-json\/wp\/v2\/posts\/15942\/revisions\/15945"}],"wp:featuredmedia":[{"embeddable":true,"href":"https:\/\/www.visitcentroamerica.com\/sala-prensa\/wp-json\/wp\/v2\/media\/15943"}],"wp:attachment":[{"href":"https:\/\/www.visitcentroamerica.com\/sala-prensa\/wp-json\/wp\/v2\/media?parent=15942"}],"wp:term":[{"taxonomy":"category","embeddable":true,"href":"https:\/\/www.visitcentroamerica.com\/sala-prensa\/wp-json\/wp\/v2\/categories?post=15942"},{"taxonomy":"post_tag","embeddable":true,"href":"https:\/\/www.visitcentroamerica.com\/sala-prensa\/wp-json\/wp\/v2\/tags?post=15942"}],"curies":[{"name":"wp","href":"https:\/\/api.w.org\/{rel}","templated":true}]}}