{"id":15933,"date":"2025-04-03T18:22:26","date_gmt":"2025-04-03T16:22:26","guid":{"rendered":"https:\/\/www.visitcentroamerica.com\/sala-prensa\/?p=15933"},"modified":"2025-04-03T18:22:26","modified_gmt":"2025-04-03T16:22:26","slug":"autodromo-panama-se-ilumino-en-carrera-internacional-de-aceleracion","status":"publish","type":"post","link":"https:\/\/www.visitcentroamerica.com\/sala-prensa\/otros\/autodromo-panama-se-ilumino-en-carrera-internacional-de-aceleracion\/","title":{"rendered":"Aut\u00f3dromo Panam\u00e1 se ilumin\u00f3 en Carrera Internacional de Aceleraci\u00f3n"},"content":{"rendered":"<p><img loading=\"lazy\" decoding=\"async\" class=\"alignnone size-full wp-image-15936\" src=\"https:\/\/www.visitcentroamerica.com\/sala-prensa\/wp-content\/uploads\/2025\/04\/Sin-titulo-1024-x-600-px-2025-04-03T101842.610.png\" alt=\"Aut\u00f3dromo, Panam\u00e1\" width=\"1024\" height=\"600\" srcset=\"https:\/\/www.visitcentroamerica.com\/sala-prensa\/wp-content\/uploads\/2025\/04\/Sin-titulo-1024-x-600-px-2025-04-03T101842.610.png 1024w, https:\/\/www.visitcentroamerica.com\/sala-prensa\/wp-content\/uploads\/2025\/04\/Sin-titulo-1024-x-600-px-2025-04-03T101842.610-300x176.png 300w, https:\/\/www.visitcentroamerica.com\/sala-prensa\/wp-content\/uploads\/2025\/04\/Sin-titulo-1024-x-600-px-2025-04-03T101842.610-768x450.png 768w, https:\/\/www.visitcentroamerica.com\/sala-prensa\/wp-content\/uploads\/2025\/04\/Sin-titulo-1024-x-600-px-2025-04-03T101842.610-717x420.png 717w, https:\/\/www.visitcentroamerica.com\/sala-prensa\/wp-content\/uploads\/2025\/04\/Sin-titulo-1024-x-600-px-2025-04-03T101842.610-696x408.png 696w, https:\/\/www.visitcentroamerica.com\/sala-prensa\/wp-content\/uploads\/2025\/04\/Sin-titulo-1024-x-600-px-2025-04-03T101842.610-500x293.png 500w\" sizes=\"auto, (max-width: 1024px) 100vw, 1024px\" \/><\/p>\n<p><em>Fuente: tvn-2.com<\/em><\/p>\n<p><span class=\"place\">Panam\u00e1\/<\/span>El rugido de los motores y la adrenalina se fusionaron bajo las luces de\u00a0<strong>Aut\u00f3dromo Panam\u00e1\u00a0<\/strong>en una noche que quedar\u00e1 grabada en la historia del automovilismo nacional, en la que fue la<strong>\u00a0segunda Carrera Internacional de Aceleraci\u00f3n LingLong<\/strong>, un espect\u00e1culo nocturno inolvidable, donde la velocidad y la emoci\u00f3n alcanzaron su m\u00e1xima intensidad ante un lleno completo de aficionados.<\/p>\n<p>En una pista con los m\u00e1s altos est\u00e1ndares de seguridad y la frescura de la noche, pilotos de <strong>Costa Rica, Nicaragua y Panam\u00e1\u00a0<\/strong>se enfrentaron en duelos electrizantes, dejando al p\u00fablico al borde de sus asientos en este evento, que marc\u00f3 un hito en la historia del deporte de motor en el pa\u00eds, dejando a todos con ganas de m\u00e1s.<\/p>\n<p>Pero la velocidad no fue lo \u00fanico que brill\u00f3 esa noche. El<strong>\u00a0Fan Zone<\/strong>\u00a0ofreci\u00f3 entretenimiento para toda la familia, con actividades para ni\u00f1os y un ambiente festivo que se prolong\u00f3 hasta el<strong>\u00a0After Party<\/strong>.\u00a0<strong>Mr. Saik,\u00a0<\/strong>\u00abEl \u00danico Loco\u00bb, junto a la carism\u00e1tica mascota\u00a0<strong>Jag<\/strong>, pusieron el broche de oro, con m\u00fasica y diversi\u00f3n que hicieron vibrar a todos los presentes, entre ellos, el<strong>\u00a0alcalde del distrito de Panam\u00e1<\/strong>,<strong>\u00a0Mayer Mizrachi,<\/strong>\u00a0quien fue protagonista de una carrera entre m\u00e1quinas el\u00e9ctricas.<\/p>\n<p>En un duelo el\u00e9ctrico y que se rob\u00f3 la atenci\u00f3n de los aficionados, Mayer pudo testear la pista con su potente y r\u00e1pido\u00a0<strong>Cyber Beast<\/strong>, ante m\u00e1quinas el\u00e9ctricas de \u00faltima generaci\u00f3n como el\u00a0<strong>Rivian R1<\/strong>\u00a0y el\u00a0<strong>Cybertruck<\/strong>, que hicieron saltar de sus asientos a los asistentes.<\/p>\n<p>Adem\u00e1s, el piloto costarricense\u00a0<strong>\u00d3scar Mart\u00ednez<\/strong>, en su b\u00f3lido\u00a0<strong>El Viejo<\/strong>, un\u00a0<strong>Mazda RX7<\/strong>, mejor\u00f3 su marca personal con un tiempo de 7.886 segundos.<\/p>\n<h2 class=\"heading\"><strong>Categor\u00edas y Ganadores<\/strong><\/h2>\n<p>Aqu\u00ed te presentamos un resumen de los resultados m\u00e1s destacados:<\/p>\n<h3 class=\"heading\">8 segundos<\/h3>\n<p>\u00d3SCAR MART\u00cdNEZ<\/p>\n<p>ARIEL GONZ\u00c1LEZ<\/p>\n<p>LIVANG ARGUELLO<\/p>\n<p>&nbsp;<\/p>\n<h3 class=\"heading\">9 segundos<\/h3>\n<p>FRANCISCO ERINNA<\/p>\n<p>JOS\u00c9 CORONAS<\/p>\n<p>&nbsp;<\/p>\n<h3 class=\"heading\">10 segundos<\/h3>\n<p>JONATHAN CAMACHO<\/p>\n<p>BOLIVAR FUNG<\/p>\n<p>MANUEL OSES<\/p>\n<p>&nbsp;<\/p>\n<h3 class=\"heading\">11 segundos<\/h3>\n<p>JOS\u00c9 CARLOS ORTEGA<\/p>\n<p>MELQUIS PINTO<\/p>\n<p>JES\u00daS ADAMES<\/p>\n<p>&nbsp;<\/p>\n<h3 class=\"heading\">12 segundos<\/h3>\n<p>GERARDO RODR\u00cdGUEZ<\/p>\n<p>ERIC MURILLQ<\/p>\n<p>ENRIQUE BARRIOS<\/p>\n<h3 class=\"heading\">13 segundos<\/h3>\n<p>DIEGO BOTELLO<\/p>\n<p>FRANKLIN FERN\u00c1NDEZ<\/p>\n<p>LUIS BOLA\u00d1OS<\/p>\n<p>&nbsp;<\/p>\n<h3 class=\"heading\">14 segundos<\/h3>\n<p>GUILLERMO BRADLEY<\/p>\n<p>EFRA\u00cdN G\u00d3MEZ<\/p>\n<p>ROBERTO ALVAREZ<\/p>\n<p>&nbsp;<\/p>\n<h3 class=\"heading\">15 segundos<\/h3>\n<p>MARLIN MATOS<\/p>\n<p>KAREN LOPEZ<\/p>\n<p>JORGE PHILLIPPS<\/p>\n<p>&nbsp;<\/p>\n<h3 class=\"heading\">Motos 1000cc<\/h3>\n<p>JOS\u00c9 MORALES<\/p>\n<p>CARLOS SANCHEZ\u00a0\u00a0MIGUEL VILLARREAL<\/p>\n<p>&nbsp;<\/p>\n<h3 class=\"heading\">Motos 600cc<\/h3>\n<p>KEVIN DEL ROSARIO<\/p>\n<p>JOS\u00c9 LUIS MORENO<\/p>\n<p>SERGIO AVENDA\u00d1O<\/p>\n<p>Adem\u00e1s de la competencia, los fan\u00e1ticos pudieron disfrutar de las siguientes atracciones:<\/p>\n<ul class=\"listing ul\">\n<li><strong>Fan Zone<\/strong>: Un espacio interactivo para los amantes del automovilismo.<\/li>\n<li><strong>Actividades para ni\u00f1os<\/strong>: Diversi\u00f3n para toda la familia.<\/li>\n<li><strong>After Party<\/strong>: Cierre de lujo con la presentaci\u00f3n de\u00a0<strong>Mr. Saik \u201cEl \u00fanico Loco\u201d<\/strong>\u00a0y la compa\u00f1\u00eda de\u00a0<strong>Jag<\/strong>, la mascota oficial.<\/li>\n<\/ul>\n<p>La jornada comenz\u00f3 a las\u00a0<strong>4:00 p.m.\u00a0<\/strong>Los presentes pudieron pasar un rato de esparcimiento hasta que la pista se ilumin\u00f3 y la adrenalina se mezcl\u00f3 con la brisa nocturna para un evento que quedar\u00e1 en la historia.<\/p>\n<p>Esta fue la primera vez, desde su apertura en el 2024, que el\u00a0<strong>Aut\u00f3dromo Panam\u00e1<\/strong>\u00a0realiza un evento en horas de la noche, por lo que fue un momento especial.<\/p>\n","protected":false},"excerpt":{"rendered":"<p>Fuente: tvn-2.com Panam\u00e1\/El rugido de los motores y la adrenalina se fusionaron bajo las luces de\u00a0Aut\u00f3dromo Panam\u00e1\u00a0en una noche que quedar\u00e1 grabada en la historia del automovilismo nacional, en la que fue la\u00a0segunda Carrera Internacional de Aceleraci\u00f3n LingLong, un espect\u00e1culo nocturno inolvidable, donde la velocidad y la emoci\u00f3n alcanzaron su m\u00e1xima intensidad ante un lleno [&hellip;]<\/p>\n","protected":false},"author":5,"featured_media":15936,"comment_status":"open","ping_status":"closed","sticky":false,"template":"","format":"standard","meta":{"footnotes":""},"categories":[1],"tags":[],"class_list":{"0":"post-15933","1":"post","2":"type-post","3":"status-publish","4":"format-standard","5":"has-post-thumbnail","7":"category-otros"},"yoast_head":"<!-- This site is optimized with the Yoast SEO plugin v27.3 - https:\/\/yoast.com\/product\/yoast-seo-wordpress\/ -->\n<title>Aut\u00f3dromo Panam\u00e1 se ilumin\u00f3 en Carrera Internacional de Aceleraci\u00f3n - Sala de prensa<\/title>\n<meta name=\"robots\" content=\"index, follow, max-snippet:-1, max-image-preview:large, max-video-preview:-1\" \/>\n<link rel=\"canonical\" href=\"https:\/\/www.visitcentroamerica.com\/sala-prensa\/otros\/autodromo-panama-se-ilumino-en-carrera-internacional-de-aceleracion\/\" \/>\n<meta property=\"og:locale\" content=\"es_ES\" \/>\n<meta property=\"og:type\" content=\"article\" \/>\n<meta property=\"og:title\" content=\"Aut\u00f3dromo Panam\u00e1 se ilumin\u00f3 en Carrera Internacional de Aceleraci\u00f3n - Sala de prensa\" \/>\n<meta property=\"og:description\" content=\"Fuente: tvn-2.com Panam\u00e1\/El rugido de los motores y la adrenalina se fusionaron bajo las luces de\u00a0Aut\u00f3dromo Panam\u00e1\u00a0en una noche que quedar\u00e1 grabada en la historia del automovilismo nacional, en la que fue la\u00a0segunda Carrera Internacional de Aceleraci\u00f3n LingLong, un espect\u00e1culo nocturno inolvidable, donde la velocidad y la emoci\u00f3n alcanzaron su m\u00e1xima intensidad ante un lleno [&hellip;]\" \/>\n<meta property=\"og:url\" content=\"https:\/\/www.visitcentroamerica.com\/sala-prensa\/otros\/autodromo-panama-se-ilumino-en-carrera-internacional-de-aceleracion\/\" \/>\n<meta property=\"og:site_name\" content=\"Sala de prensa\" \/>\n<meta property=\"article:published_time\" content=\"2025-04-03T16:22:26+00:00\" \/>\n<meta property=\"og:image\" content=\"https:\/\/www.visitcentroamerica.com\/sala-prensa\/wp-content\/uploads\/2025\/04\/Sin-titulo-1024-x-600-px-2025-04-03T101842.610.png\" \/>\n\t<meta property=\"og:image:width\" content=\"1024\" \/>\n\t<meta property=\"og:image:height\" content=\"600\" \/>\n\t<meta property=\"og:image:type\" content=\"image\/png\" \/>\n<meta name=\"author\" content=\"Denis Alvarado\" \/>\n<meta name=\"twitter:card\" content=\"summary_large_image\" \/>\n<meta name=\"twitter:label1\" content=\"Escrito por\" \/>\n\t<meta name=\"twitter:data1\" content=\"Denis Alvarado\" \/>\n\t<meta name=\"twitter:label2\" content=\"Tiempo de lectura\" \/>\n\t<meta name=\"twitter:data2\" content=\"3 minutos\" \/>\n<script type=\"application\/ld+json\" class=\"yoast-schema-graph\">{\"@context\":\"https:\\\/\\\/schema.org\",\"@graph\":[{\"@type\":\"Article\",\"@id\":\"https:\\\/\\\/www.visitcentroamerica.com\\\/sala-prensa\\\/otros\\\/autodromo-panama-se-ilumino-en-carrera-internacional-de-aceleracion\\\/#article\",\"isPartOf\":{\"@id\":\"https:\\\/\\\/www.visitcentroamerica.com\\\/sala-prensa\\\/otros\\\/autodromo-panama-se-ilumino-en-carrera-internacional-de-aceleracion\\\/\"},\"author\":{\"name\":\"Denis Alvarado\",\"@id\":\"https:\\\/\\\/www.visitcentroamerica.com\\\/sala-prensa\\\/#\\\/schema\\\/person\\\/0aa3bd0dbaabaead6089ee3dd0cd7ae5\"},\"headline\":\"Aut\u00f3dromo Panam\u00e1 se ilumin\u00f3 en Carrera Internacional de Aceleraci\u00f3n\",\"datePublished\":\"2025-04-03T16:22:26+00:00\",\"mainEntityOfPage\":{\"@id\":\"https:\\\/\\\/www.visitcentroamerica.com\\\/sala-prensa\\\/otros\\\/autodromo-panama-se-ilumino-en-carrera-internacional-de-aceleracion\\\/\"},\"wordCount\":541,\"commentCount\":0,\"image\":{\"@id\":\"https:\\\/\\\/www.visitcentroamerica.com\\\/sala-prensa\\\/otros\\\/autodromo-panama-se-ilumino-en-carrera-internacional-de-aceleracion\\\/#primaryimage\"},\"thumbnailUrl\":\"https:\\\/\\\/www.visitcentroamerica.com\\\/sala-prensa\\\/wp-content\\\/uploads\\\/2025\\\/04\\\/Sin-titulo-1024-x-600-px-2025-04-03T101842.610.png\",\"articleSection\":[\"Otros\"],\"inLanguage\":\"es\",\"potentialAction\":[{\"@type\":\"CommentAction\",\"name\":\"Comment\",\"target\":[\"https:\\\/\\\/www.visitcentroamerica.com\\\/sala-prensa\\\/otros\\\/autodromo-panama-se-ilumino-en-carrera-internacional-de-aceleracion\\\/#respond\"]}]},{\"@type\":\"WebPage\",\"@id\":\"https:\\\/\\\/www.visitcentroamerica.com\\\/sala-prensa\\\/otros\\\/autodromo-panama-se-ilumino-en-carrera-internacional-de-aceleracion\\\/\",\"url\":\"https:\\\/\\\/www.visitcentroamerica.com\\\/sala-prensa\\\/otros\\\/autodromo-panama-se-ilumino-en-carrera-internacional-de-aceleracion\\\/\",\"name\":\"Aut\u00f3dromo Panam\u00e1 se ilumin\u00f3 en Carrera Internacional de Aceleraci\u00f3n - Sala de prensa\",\"isPartOf\":{\"@id\":\"https:\\\/\\\/www.visitcentroamerica.com\\\/sala-prensa\\\/#website\"},\"primaryImageOfPage\":{\"@id\":\"https:\\\/\\\/www.visitcentroamerica.com\\\/sala-prensa\\\/otros\\\/autodromo-panama-se-ilumino-en-carrera-internacional-de-aceleracion\\\/#primaryimage\"},\"image\":{\"@id\":\"https:\\\/\\\/www.visitcentroamerica.com\\\/sala-prensa\\\/otros\\\/autodromo-panama-se-ilumino-en-carrera-internacional-de-aceleracion\\\/#primaryimage\"},\"thumbnailUrl\":\"https:\\\/\\\/www.visitcentroamerica.com\\\/sala-prensa\\\/wp-content\\\/uploads\\\/2025\\\/04\\\/Sin-titulo-1024-x-600-px-2025-04-03T101842.610.png\",\"datePublished\":\"2025-04-03T16:22:26+00:00\",\"author\":{\"@id\":\"https:\\\/\\\/www.visitcentroamerica.com\\\/sala-prensa\\\/#\\\/schema\\\/person\\\/0aa3bd0dbaabaead6089ee3dd0cd7ae5\"},\"breadcrumb\":{\"@id\":\"https:\\\/\\\/www.visitcentroamerica.com\\\/sala-prensa\\\/otros\\\/autodromo-panama-se-ilumino-en-carrera-internacional-de-aceleracion\\\/#breadcrumb\"},\"inLanguage\":\"es\",\"potentialAction\":[{\"@type\":\"ReadAction\",\"target\":[\"https:\\\/\\\/www.visitcentroamerica.com\\\/sala-prensa\\\/otros\\\/autodromo-panama-se-ilumino-en-carrera-internacional-de-aceleracion\\\/\"]}]},{\"@type\":\"ImageObject\",\"inLanguage\":\"es\",\"@id\":\"https:\\\/\\\/www.visitcentroamerica.com\\\/sala-prensa\\\/otros\\\/autodromo-panama-se-ilumino-en-carrera-internacional-de-aceleracion\\\/#primaryimage\",\"url\":\"https:\\\/\\\/www.visitcentroamerica.com\\\/sala-prensa\\\/wp-content\\\/uploads\\\/2025\\\/04\\\/Sin-titulo-1024-x-600-px-2025-04-03T101842.610.png\",\"contentUrl\":\"https:\\\/\\\/www.visitcentroamerica.com\\\/sala-prensa\\\/wp-content\\\/uploads\\\/2025\\\/04\\\/Sin-titulo-1024-x-600-px-2025-04-03T101842.610.png\",\"width\":1024,\"height\":600,\"caption\":\"Aut\u00f3dromo, Panam\u00e1\"},{\"@type\":\"BreadcrumbList\",\"@id\":\"https:\\\/\\\/www.visitcentroamerica.com\\\/sala-prensa\\\/otros\\\/autodromo-panama-se-ilumino-en-carrera-internacional-de-aceleracion\\\/#breadcrumb\",\"itemListElement\":[{\"@type\":\"ListItem\",\"position\":1,\"name\":\"Portada\",\"item\":\"https:\\\/\\\/www.visitcentroamerica.com\\\/sala-prensa\\\/\"},{\"@type\":\"ListItem\",\"position\":2,\"name\":\"Aut\u00f3dromo Panam\u00e1 se ilumin\u00f3 en Carrera Internacional de Aceleraci\u00f3n\"}]},{\"@type\":\"WebSite\",\"@id\":\"https:\\\/\\\/www.visitcentroamerica.com\\\/sala-prensa\\\/#website\",\"url\":\"https:\\\/\\\/www.visitcentroamerica.com\\\/sala-prensa\\\/\",\"name\":\"Sala de prensa\",\"description\":\"\",\"potentialAction\":[{\"@type\":\"SearchAction\",\"target\":{\"@type\":\"EntryPoint\",\"urlTemplate\":\"https:\\\/\\\/www.visitcentroamerica.com\\\/sala-prensa\\\/?s={search_term_string}\"},\"query-input\":{\"@type\":\"PropertyValueSpecification\",\"valueRequired\":true,\"valueName\":\"search_term_string\"}}],\"inLanguage\":\"es\"},{\"@type\":\"Person\",\"@id\":\"https:\\\/\\\/www.visitcentroamerica.com\\\/sala-prensa\\\/#\\\/schema\\\/person\\\/0aa3bd0dbaabaead6089ee3dd0cd7ae5\",\"name\":\"Denis Alvarado\",\"image\":{\"@type\":\"ImageObject\",\"inLanguage\":\"es\",\"@id\":\"https:\\\/\\\/secure.gravatar.com\\\/avatar\\\/c31f0697f6edb7c68d5dedc2ccbd548d2a9f73aa293e81c6a1425229ec4c9135?s=96&d=mm&r=g\",\"url\":\"https:\\\/\\\/secure.gravatar.com\\\/avatar\\\/c31f0697f6edb7c68d5dedc2ccbd548d2a9f73aa293e81c6a1425229ec4c9135?s=96&d=mm&r=g\",\"contentUrl\":\"https:\\\/\\\/secure.gravatar.com\\\/avatar\\\/c31f0697f6edb7c68d5dedc2ccbd548d2a9f73aa293e81c6a1425229ec4c9135?s=96&d=mm&r=g\",\"caption\":\"Denis Alvarado\"},\"url\":\"https:\\\/\\\/www.visitcentroamerica.com\\\/sala-prensa\\\/author\\\/denis\\\/\"}]}<\/script>\n<!-- \/ Yoast SEO plugin. -->","yoast_head_json":{"title":"Aut\u00f3dromo Panam\u00e1 se ilumin\u00f3 en Carrera Internacional de Aceleraci\u00f3n - Sala de prensa","robots":{"index":"index","follow":"follow","max-snippet":"max-snippet:-1","max-image-preview":"max-image-preview:large","max-video-preview":"max-video-preview:-1"},"canonical":"https:\/\/www.visitcentroamerica.com\/sala-prensa\/otros\/autodromo-panama-se-ilumino-en-carrera-internacional-de-aceleracion\/","og_locale":"es_ES","og_type":"article","og_title":"Aut\u00f3dromo Panam\u00e1 se ilumin\u00f3 en Carrera Internacional de Aceleraci\u00f3n - Sala de prensa","og_description":"Fuente: tvn-2.com Panam\u00e1\/El rugido de los motores y la adrenalina se fusionaron bajo las luces de\u00a0Aut\u00f3dromo Panam\u00e1\u00a0en una noche que quedar\u00e1 grabada en la historia del automovilismo nacional, en la que fue la\u00a0segunda Carrera Internacional de Aceleraci\u00f3n LingLong, un espect\u00e1culo nocturno inolvidable, donde la velocidad y la emoci\u00f3n alcanzaron su m\u00e1xima intensidad ante un lleno [&hellip;]","og_url":"https:\/\/www.visitcentroamerica.com\/sala-prensa\/otros\/autodromo-panama-se-ilumino-en-carrera-internacional-de-aceleracion\/","og_site_name":"Sala de prensa","article_published_time":"2025-04-03T16:22:26+00:00","og_image":[{"width":1024,"height":600,"url":"https:\/\/www.visitcentroamerica.com\/sala-prensa\/wp-content\/uploads\/2025\/04\/Sin-titulo-1024-x-600-px-2025-04-03T101842.610.png","type":"image\/png"}],"author":"Denis Alvarado","twitter_card":"summary_large_image","twitter_misc":{"Escrito por":"Denis Alvarado","Tiempo de lectura":"3 minutos"},"schema":{"@context":"https:\/\/schema.org","@graph":[{"@type":"Article","@id":"https:\/\/www.visitcentroamerica.com\/sala-prensa\/otros\/autodromo-panama-se-ilumino-en-carrera-internacional-de-aceleracion\/#article","isPartOf":{"@id":"https:\/\/www.visitcentroamerica.com\/sala-prensa\/otros\/autodromo-panama-se-ilumino-en-carrera-internacional-de-aceleracion\/"},"author":{"name":"Denis Alvarado","@id":"https:\/\/www.visitcentroamerica.com\/sala-prensa\/#\/schema\/person\/0aa3bd0dbaabaead6089ee3dd0cd7ae5"},"headline":"Aut\u00f3dromo Panam\u00e1 se ilumin\u00f3 en Carrera Internacional de Aceleraci\u00f3n","datePublished":"2025-04-03T16:22:26+00:00","mainEntityOfPage":{"@id":"https:\/\/www.visitcentroamerica.com\/sala-prensa\/otros\/autodromo-panama-se-ilumino-en-carrera-internacional-de-aceleracion\/"},"wordCount":541,"commentCount":0,"image":{"@id":"https:\/\/www.visitcentroamerica.com\/sala-prensa\/otros\/autodromo-panama-se-ilumino-en-carrera-internacional-de-aceleracion\/#primaryimage"},"thumbnailUrl":"https:\/\/www.visitcentroamerica.com\/sala-prensa\/wp-content\/uploads\/2025\/04\/Sin-titulo-1024-x-600-px-2025-04-03T101842.610.png","articleSection":["Otros"],"inLanguage":"es","potentialAction":[{"@type":"CommentAction","name":"Comment","target":["https:\/\/www.visitcentroamerica.com\/sala-prensa\/otros\/autodromo-panama-se-ilumino-en-carrera-internacional-de-aceleracion\/#respond"]}]},{"@type":"WebPage","@id":"https:\/\/www.visitcentroamerica.com\/sala-prensa\/otros\/autodromo-panama-se-ilumino-en-carrera-internacional-de-aceleracion\/","url":"https:\/\/www.visitcentroamerica.com\/sala-prensa\/otros\/autodromo-panama-se-ilumino-en-carrera-internacional-de-aceleracion\/","name":"Aut\u00f3dromo Panam\u00e1 se ilumin\u00f3 en Carrera Internacional de Aceleraci\u00f3n - Sala de prensa","isPartOf":{"@id":"https:\/\/www.visitcentroamerica.com\/sala-prensa\/#website"},"primaryImageOfPage":{"@id":"https:\/\/www.visitcentroamerica.com\/sala-prensa\/otros\/autodromo-panama-se-ilumino-en-carrera-internacional-de-aceleracion\/#primaryimage"},"image":{"@id":"https:\/\/www.visitcentroamerica.com\/sala-prensa\/otros\/autodromo-panama-se-ilumino-en-carrera-internacional-de-aceleracion\/#primaryimage"},"thumbnailUrl":"https:\/\/www.visitcentroamerica.com\/sala-prensa\/wp-content\/uploads\/2025\/04\/Sin-titulo-1024-x-600-px-2025-04-03T101842.610.png","datePublished":"2025-04-03T16:22:26+00:00","author":{"@id":"https:\/\/www.visitcentroamerica.com\/sala-prensa\/#\/schema\/person\/0aa3bd0dbaabaead6089ee3dd0cd7ae5"},"breadcrumb":{"@id":"https:\/\/www.visitcentroamerica.com\/sala-prensa\/otros\/autodromo-panama-se-ilumino-en-carrera-internacional-de-aceleracion\/#breadcrumb"},"inLanguage":"es","potentialAction":[{"@type":"ReadAction","target":["https:\/\/www.visitcentroamerica.com\/sala-prensa\/otros\/autodromo-panama-se-ilumino-en-carrera-internacional-de-aceleracion\/"]}]},{"@type":"ImageObject","inLanguage":"es","@id":"https:\/\/www.visitcentroamerica.com\/sala-prensa\/otros\/autodromo-panama-se-ilumino-en-carrera-internacional-de-aceleracion\/#primaryimage","url":"https:\/\/www.visitcentroamerica.com\/sala-prensa\/wp-content\/uploads\/2025\/04\/Sin-titulo-1024-x-600-px-2025-04-03T101842.610.png","contentUrl":"https:\/\/www.visitcentroamerica.com\/sala-prensa\/wp-content\/uploads\/2025\/04\/Sin-titulo-1024-x-600-px-2025-04-03T101842.610.png","width":1024,"height":600,"caption":"Aut\u00f3dromo, Panam\u00e1"},{"@type":"BreadcrumbList","@id":"https:\/\/www.visitcentroamerica.com\/sala-prensa\/otros\/autodromo-panama-se-ilumino-en-carrera-internacional-de-aceleracion\/#breadcrumb","itemListElement":[{"@type":"ListItem","position":1,"name":"Portada","item":"https:\/\/www.visitcentroamerica.com\/sala-prensa\/"},{"@type":"ListItem","position":2,"name":"Aut\u00f3dromo Panam\u00e1 se ilumin\u00f3 en Carrera Internacional de Aceleraci\u00f3n"}]},{"@type":"WebSite","@id":"https:\/\/www.visitcentroamerica.com\/sala-prensa\/#website","url":"https:\/\/www.visitcentroamerica.com\/sala-prensa\/","name":"Sala de prensa","description":"","potentialAction":[{"@type":"SearchAction","target":{"@type":"EntryPoint","urlTemplate":"https:\/\/www.visitcentroamerica.com\/sala-prensa\/?s={search_term_string}"},"query-input":{"@type":"PropertyValueSpecification","valueRequired":true,"valueName":"search_term_string"}}],"inLanguage":"es"},{"@type":"Person","@id":"https:\/\/www.visitcentroamerica.com\/sala-prensa\/#\/schema\/person\/0aa3bd0dbaabaead6089ee3dd0cd7ae5","name":"Denis Alvarado","image":{"@type":"ImageObject","inLanguage":"es","@id":"https:\/\/secure.gravatar.com\/avatar\/c31f0697f6edb7c68d5dedc2ccbd548d2a9f73aa293e81c6a1425229ec4c9135?s=96&d=mm&r=g","url":"https:\/\/secure.gravatar.com\/avatar\/c31f0697f6edb7c68d5dedc2ccbd548d2a9f73aa293e81c6a1425229ec4c9135?s=96&d=mm&r=g","contentUrl":"https:\/\/secure.gravatar.com\/avatar\/c31f0697f6edb7c68d5dedc2ccbd548d2a9f73aa293e81c6a1425229ec4c9135?s=96&d=mm&r=g","caption":"Denis Alvarado"},"url":"https:\/\/www.visitcentroamerica.com\/sala-prensa\/author\/denis\/"}]}},"_links":{"self":[{"href":"https:\/\/www.visitcentroamerica.com\/sala-prensa\/wp-json\/wp\/v2\/posts\/15933","targetHints":{"allow":["GET"]}}],"collection":[{"href":"https:\/\/www.visitcentroamerica.com\/sala-prensa\/wp-json\/wp\/v2\/posts"}],"about":[{"href":"https:\/\/www.visitcentroamerica.com\/sala-prensa\/wp-json\/wp\/v2\/types\/post"}],"author":[{"embeddable":true,"href":"https:\/\/www.visitcentroamerica.com\/sala-prensa\/wp-json\/wp\/v2\/users\/5"}],"replies":[{"embeddable":true,"href":"https:\/\/www.visitcentroamerica.com\/sala-prensa\/wp-json\/wp\/v2\/comments?post=15933"}],"version-history":[{"count":2,"href":"https:\/\/www.visitcentroamerica.com\/sala-prensa\/wp-json\/wp\/v2\/posts\/15933\/revisions"}],"predecessor-version":[{"id":15938,"href":"https:\/\/www.visitcentroamerica.com\/sala-prensa\/wp-json\/wp\/v2\/posts\/15933\/revisions\/15938"}],"wp:featuredmedia":[{"embeddable":true,"href":"https:\/\/www.visitcentroamerica.com\/sala-prensa\/wp-json\/wp\/v2\/media\/15936"}],"wp:attachment":[{"href":"https:\/\/www.visitcentroamerica.com\/sala-prensa\/wp-json\/wp\/v2\/media?parent=15933"}],"wp:term":[{"taxonomy":"category","embeddable":true,"href":"https:\/\/www.visitcentroamerica.com\/sala-prensa\/wp-json\/wp\/v2\/categories?post=15933"},{"taxonomy":"post_tag","embeddable":true,"href":"https:\/\/www.visitcentroamerica.com\/sala-prensa\/wp-json\/wp\/v2\/tags?post=15933"}],"curies":[{"name":"wp","href":"https:\/\/api.w.org\/{rel}","templated":true}]}}