{"id":15931,"date":"2025-04-03T19:04:23","date_gmt":"2025-04-03T17:04:23","guid":{"rendered":"https:\/\/www.visitcentroamerica.com\/sala-prensa\/?p=15931"},"modified":"2025-04-03T19:04:23","modified_gmt":"2025-04-03T17:04:23","slug":"agricultura-organica-en-panama-mas-alla-del-cacao-y-hacia-nuevos-mercados","status":"publish","type":"post","link":"https:\/\/www.visitcentroamerica.com\/sala-prensa\/otros\/agricultura-organica-en-panama-mas-alla-del-cacao-y-hacia-nuevos-mercados\/","title":{"rendered":"Agricultura org\u00e1nica en Panam\u00e1: M\u00e1s all\u00e1 del cacao y hacia nuevos mercados"},"content":{"rendered":"<p><img loading=\"lazy\" decoding=\"async\" class=\"alignnone size-full wp-image-15939\" src=\"https:\/\/www.visitcentroamerica.com\/sala-prensa\/wp-content\/uploads\/2025\/04\/Sin-titulo-1024-x-600-px-2025-04-03T105022.261.png\" alt=\"Panam\u00e1, agricultura\n\" width=\"1024\" height=\"600\" srcset=\"https:\/\/www.visitcentroamerica.com\/sala-prensa\/wp-content\/uploads\/2025\/04\/Sin-titulo-1024-x-600-px-2025-04-03T105022.261.png 1024w, https:\/\/www.visitcentroamerica.com\/sala-prensa\/wp-content\/uploads\/2025\/04\/Sin-titulo-1024-x-600-px-2025-04-03T105022.261-300x176.png 300w, https:\/\/www.visitcentroamerica.com\/sala-prensa\/wp-content\/uploads\/2025\/04\/Sin-titulo-1024-x-600-px-2025-04-03T105022.261-768x450.png 768w, https:\/\/www.visitcentroamerica.com\/sala-prensa\/wp-content\/uploads\/2025\/04\/Sin-titulo-1024-x-600-px-2025-04-03T105022.261-717x420.png 717w, https:\/\/www.visitcentroamerica.com\/sala-prensa\/wp-content\/uploads\/2025\/04\/Sin-titulo-1024-x-600-px-2025-04-03T105022.261-696x408.png 696w, https:\/\/www.visitcentroamerica.com\/sala-prensa\/wp-content\/uploads\/2025\/04\/Sin-titulo-1024-x-600-px-2025-04-03T105022.261-500x293.png 500w\" sizes=\"auto, (max-width: 1024px) 100vw, 1024px\" \/><\/p>\n<p>En un mercado global cada vez m\u00e1s enfocado en la sostenibilidad, <strong>Panam\u00e1 <\/strong>fortalece su apuesta por la producci\u00f3n org\u00e1nica. El Ministerio de Desarrollo Agropecuario (MIDA), a trav\u00e9s de la Unidad de Agropecuaria Org\u00e1nica de la Direcci\u00f3n de Sanidad Vegetal, intensifica sus esfuerzos para capacitar a productores y expandir la certificaci\u00f3n a sectores pecuarios y av\u00edcolas, ofreciendo un valor agregado a los productos nacionales.<\/p>\n<h2><strong>Expansi\u00f3n de la certificaci\u00f3n org\u00e1nica en Panam\u00e1<\/strong><\/h2>\n<p>Por primera vez, el MIDA ha abierto la posibilidad de incluir la industria pecuaria y av\u00edcola en el proceso de certificaci\u00f3n org\u00e1nica, que desde 2016 solo estaba disponible para rubros agr\u00edcolas a trav\u00e9s de la Certificadora P\u00fablica (ACERT). Este avance permitir\u00e1 a los productores ofrecer productos con mayor valor agregado, mejorando su competitividad en los mercados locales e internacionales.<\/p>\n<p>Actualmente, Panam\u00e1 cuenta con 34 operadores certificados en producci\u00f3n agr\u00edcola org\u00e1nica. De estos, 29 han obtenido la certificaci\u00f3n a trav\u00e9s de ACERT, mientras que cinco lo hicieron mediante certificadoras privadas, seg\u00fan datos de la Unidad de Agropecuaria Org\u00e1nica del MIDA.<\/p>\n<h2><strong>Principales cultivos org\u00e1nicos en Panam\u00e1<\/strong><\/h2>\n<p>Entre los cultivos m\u00e1s destacados bajo este m\u00e9todo de producci\u00f3n est\u00e1n el cacao, caf\u00e9, pl\u00e1tano, ca\u00f1a, pimienta, lim\u00f3n, aj\u00ed y vainilla. El cacao es el \u00fanico producto que se exporta actualmente, a trav\u00e9s de dos empresas: Cacao del Istmo y la Cooperativa de Servicios M\u00faltiples de Cacao Bocatore\u00f1a (COCABO).<\/p>\n<p>COCABO, que gestiona 536,71 hect\u00e1reas de cultivos de cacao y guineo en proceso de conversi\u00f3n, cuenta con certificaci\u00f3n internacional a trav\u00e9s de la certificadora KIWA, lo que les permite cumplir con los est\u00e1ndares nacionales e internacionales.<\/p>\n<h2><strong>Requisitos para obtener la certificaci\u00f3n org\u00e1nica<\/strong><\/h2>\n<p>Los productores interesados en incursionar en la agricultura org\u00e1nica deben cumplir con el <strong>Decreto Ejecutivo N\u00b0121 de 8 de septiembre de 2015<\/strong> y presentar un Plan de Manejo Anual. Posteriormente, deben inscribirse e iniciar un per\u00edodo de conversi\u00f3n que var\u00eda seg\u00fan el tipo de cultivo:<\/p>\n<ul>\n<li><strong>Dos a\u00f1os<\/strong> para cultivos anuales y pasto.<\/li>\n<li><strong>Tres a\u00f1os<\/strong> para cultivos perennes o de ciclo largo.<\/li>\n<\/ul>\n<p>Todos los productos certificados cuentan con el <strong>Sello Org\u00e1nico Panam\u00e1<\/strong>, que garantiza su autenticidad y permite su comercializaci\u00f3n bajo las denominaciones de \u00abOrg\u00e1nico\u00bb, \u00abEcol\u00f3gico\u00bb o \u00abBiol\u00f3gico\u00bb.<\/p>\n<h2><strong>Compromiso con la producci\u00f3n sostenible<\/strong><\/h2>\n<p>El MIDA contin\u00faa trabajando en coordinaci\u00f3n con sus direcciones regionales para promover la producci\u00f3n org\u00e1nica a trav\u00e9s de capacitaciones y asesor\u00eda t\u00e9cnica. Esta iniciativa no solo protege la salud de los productores y consumidores, sino que tambi\u00e9n fortalece la imagen de Panam\u00e1 como un pa\u00eds comprometido con las pr\u00e1cticas agr\u00edcolas sostenibles y amigables con el medio ambiente.<\/p>\n<div id=\"6711303-Libre-252887464_wrap\" class=\"embed_cont type_imagen\"><\/div>\n","protected":false},"excerpt":{"rendered":"<p>En un mercado global cada vez m\u00e1s enfocado en la sostenibilidad, Panam\u00e1 fortalece su apuesta por la producci\u00f3n org\u00e1nica. El Ministerio de Desarrollo Agropecuario (MIDA), a trav\u00e9s de la Unidad de Agropecuaria Org\u00e1nica de la Direcci\u00f3n de Sanidad Vegetal, intensifica sus esfuerzos para capacitar a productores y expandir la certificaci\u00f3n a sectores pecuarios y av\u00edcolas, [&hellip;]<\/p>\n","protected":false},"author":5,"featured_media":15939,"comment_status":"open","ping_status":"closed","sticky":false,"template":"","format":"standard","meta":{"footnotes":""},"categories":[1],"tags":[],"class_list":{"0":"post-15931","1":"post","2":"type-post","3":"status-publish","4":"format-standard","5":"has-post-thumbnail","7":"category-otros"},"yoast_head":"<!-- This site is optimized with the Yoast SEO plugin v27.3 - https:\/\/yoast.com\/product\/yoast-seo-wordpress\/ -->\n<title>Agricultura org\u00e1nica en Panam\u00e1: M\u00e1s all\u00e1 del cacao y hacia nuevos mercados - Sala de prensa<\/title>\n<meta name=\"robots\" content=\"index, follow, max-snippet:-1, max-image-preview:large, max-video-preview:-1\" \/>\n<link rel=\"canonical\" href=\"https:\/\/www.visitcentroamerica.com\/sala-prensa\/otros\/agricultura-organica-en-panama-mas-alla-del-cacao-y-hacia-nuevos-mercados\/\" \/>\n<meta property=\"og:locale\" content=\"es_ES\" \/>\n<meta property=\"og:type\" content=\"article\" \/>\n<meta property=\"og:title\" content=\"Agricultura org\u00e1nica en Panam\u00e1: M\u00e1s all\u00e1 del cacao y hacia nuevos mercados - Sala de prensa\" \/>\n<meta property=\"og:description\" content=\"En un mercado global cada vez m\u00e1s enfocado en la sostenibilidad, Panam\u00e1 fortalece su apuesta por la producci\u00f3n org\u00e1nica. El Ministerio de Desarrollo Agropecuario (MIDA), a trav\u00e9s de la Unidad de Agropecuaria Org\u00e1nica de la Direcci\u00f3n de Sanidad Vegetal, intensifica sus esfuerzos para capacitar a productores y expandir la certificaci\u00f3n a sectores pecuarios y av\u00edcolas, [&hellip;]\" \/>\n<meta property=\"og:url\" content=\"https:\/\/www.visitcentroamerica.com\/sala-prensa\/otros\/agricultura-organica-en-panama-mas-alla-del-cacao-y-hacia-nuevos-mercados\/\" \/>\n<meta property=\"og:site_name\" content=\"Sala de prensa\" \/>\n<meta property=\"article:published_time\" content=\"2025-04-03T17:04:23+00:00\" \/>\n<meta property=\"og:image\" content=\"https:\/\/www.visitcentroamerica.com\/sala-prensa\/wp-content\/uploads\/2025\/04\/Sin-titulo-1024-x-600-px-2025-04-03T105022.261.png\" \/>\n\t<meta property=\"og:image:width\" content=\"1024\" \/>\n\t<meta property=\"og:image:height\" content=\"600\" \/>\n\t<meta property=\"og:image:type\" content=\"image\/png\" \/>\n<meta name=\"author\" content=\"Denis Alvarado\" \/>\n<meta name=\"twitter:card\" content=\"summary_large_image\" \/>\n<meta name=\"twitter:label1\" content=\"Escrito por\" \/>\n\t<meta name=\"twitter:data1\" content=\"Denis Alvarado\" \/>\n\t<meta name=\"twitter:label2\" content=\"Tiempo de lectura\" \/>\n\t<meta name=\"twitter:data2\" content=\"3 minutos\" \/>\n<script type=\"application\/ld+json\" class=\"yoast-schema-graph\">{\"@context\":\"https:\\\/\\\/schema.org\",\"@graph\":[{\"@type\":\"Article\",\"@id\":\"https:\\\/\\\/www.visitcentroamerica.com\\\/sala-prensa\\\/otros\\\/agricultura-organica-en-panama-mas-alla-del-cacao-y-hacia-nuevos-mercados\\\/#article\",\"isPartOf\":{\"@id\":\"https:\\\/\\\/www.visitcentroamerica.com\\\/sala-prensa\\\/otros\\\/agricultura-organica-en-panama-mas-alla-del-cacao-y-hacia-nuevos-mercados\\\/\"},\"author\":{\"name\":\"Denis Alvarado\",\"@id\":\"https:\\\/\\\/www.visitcentroamerica.com\\\/sala-prensa\\\/#\\\/schema\\\/person\\\/0aa3bd0dbaabaead6089ee3dd0cd7ae5\"},\"headline\":\"Agricultura org\u00e1nica en Panam\u00e1: M\u00e1s all\u00e1 del cacao y hacia nuevos mercados\",\"datePublished\":\"2025-04-03T17:04:23+00:00\",\"mainEntityOfPage\":{\"@id\":\"https:\\\/\\\/www.visitcentroamerica.com\\\/sala-prensa\\\/otros\\\/agricultura-organica-en-panama-mas-alla-del-cacao-y-hacia-nuevos-mercados\\\/\"},\"wordCount\":488,\"commentCount\":0,\"image\":{\"@id\":\"https:\\\/\\\/www.visitcentroamerica.com\\\/sala-prensa\\\/otros\\\/agricultura-organica-en-panama-mas-alla-del-cacao-y-hacia-nuevos-mercados\\\/#primaryimage\"},\"thumbnailUrl\":\"https:\\\/\\\/www.visitcentroamerica.com\\\/sala-prensa\\\/wp-content\\\/uploads\\\/2025\\\/04\\\/Sin-titulo-1024-x-600-px-2025-04-03T105022.261.png\",\"articleSection\":[\"Otros\"],\"inLanguage\":\"es\",\"potentialAction\":[{\"@type\":\"CommentAction\",\"name\":\"Comment\",\"target\":[\"https:\\\/\\\/www.visitcentroamerica.com\\\/sala-prensa\\\/otros\\\/agricultura-organica-en-panama-mas-alla-del-cacao-y-hacia-nuevos-mercados\\\/#respond\"]}]},{\"@type\":\"WebPage\",\"@id\":\"https:\\\/\\\/www.visitcentroamerica.com\\\/sala-prensa\\\/otros\\\/agricultura-organica-en-panama-mas-alla-del-cacao-y-hacia-nuevos-mercados\\\/\",\"url\":\"https:\\\/\\\/www.visitcentroamerica.com\\\/sala-prensa\\\/otros\\\/agricultura-organica-en-panama-mas-alla-del-cacao-y-hacia-nuevos-mercados\\\/\",\"name\":\"Agricultura org\u00e1nica en Panam\u00e1: M\u00e1s all\u00e1 del cacao y hacia nuevos mercados - Sala de prensa\",\"isPartOf\":{\"@id\":\"https:\\\/\\\/www.visitcentroamerica.com\\\/sala-prensa\\\/#website\"},\"primaryImageOfPage\":{\"@id\":\"https:\\\/\\\/www.visitcentroamerica.com\\\/sala-prensa\\\/otros\\\/agricultura-organica-en-panama-mas-alla-del-cacao-y-hacia-nuevos-mercados\\\/#primaryimage\"},\"image\":{\"@id\":\"https:\\\/\\\/www.visitcentroamerica.com\\\/sala-prensa\\\/otros\\\/agricultura-organica-en-panama-mas-alla-del-cacao-y-hacia-nuevos-mercados\\\/#primaryimage\"},\"thumbnailUrl\":\"https:\\\/\\\/www.visitcentroamerica.com\\\/sala-prensa\\\/wp-content\\\/uploads\\\/2025\\\/04\\\/Sin-titulo-1024-x-600-px-2025-04-03T105022.261.png\",\"datePublished\":\"2025-04-03T17:04:23+00:00\",\"author\":{\"@id\":\"https:\\\/\\\/www.visitcentroamerica.com\\\/sala-prensa\\\/#\\\/schema\\\/person\\\/0aa3bd0dbaabaead6089ee3dd0cd7ae5\"},\"breadcrumb\":{\"@id\":\"https:\\\/\\\/www.visitcentroamerica.com\\\/sala-prensa\\\/otros\\\/agricultura-organica-en-panama-mas-alla-del-cacao-y-hacia-nuevos-mercados\\\/#breadcrumb\"},\"inLanguage\":\"es\",\"potentialAction\":[{\"@type\":\"ReadAction\",\"target\":[\"https:\\\/\\\/www.visitcentroamerica.com\\\/sala-prensa\\\/otros\\\/agricultura-organica-en-panama-mas-alla-del-cacao-y-hacia-nuevos-mercados\\\/\"]}]},{\"@type\":\"ImageObject\",\"inLanguage\":\"es\",\"@id\":\"https:\\\/\\\/www.visitcentroamerica.com\\\/sala-prensa\\\/otros\\\/agricultura-organica-en-panama-mas-alla-del-cacao-y-hacia-nuevos-mercados\\\/#primaryimage\",\"url\":\"https:\\\/\\\/www.visitcentroamerica.com\\\/sala-prensa\\\/wp-content\\\/uploads\\\/2025\\\/04\\\/Sin-titulo-1024-x-600-px-2025-04-03T105022.261.png\",\"contentUrl\":\"https:\\\/\\\/www.visitcentroamerica.com\\\/sala-prensa\\\/wp-content\\\/uploads\\\/2025\\\/04\\\/Sin-titulo-1024-x-600-px-2025-04-03T105022.261.png\",\"width\":1024,\"height\":600,\"caption\":\"Panam\u00e1, agricultura\"},{\"@type\":\"BreadcrumbList\",\"@id\":\"https:\\\/\\\/www.visitcentroamerica.com\\\/sala-prensa\\\/otros\\\/agricultura-organica-en-panama-mas-alla-del-cacao-y-hacia-nuevos-mercados\\\/#breadcrumb\",\"itemListElement\":[{\"@type\":\"ListItem\",\"position\":1,\"name\":\"Portada\",\"item\":\"https:\\\/\\\/www.visitcentroamerica.com\\\/sala-prensa\\\/\"},{\"@type\":\"ListItem\",\"position\":2,\"name\":\"Agricultura org\u00e1nica en Panam\u00e1: M\u00e1s all\u00e1 del cacao y hacia nuevos mercados\"}]},{\"@type\":\"WebSite\",\"@id\":\"https:\\\/\\\/www.visitcentroamerica.com\\\/sala-prensa\\\/#website\",\"url\":\"https:\\\/\\\/www.visitcentroamerica.com\\\/sala-prensa\\\/\",\"name\":\"Sala de prensa\",\"description\":\"\",\"potentialAction\":[{\"@type\":\"SearchAction\",\"target\":{\"@type\":\"EntryPoint\",\"urlTemplate\":\"https:\\\/\\\/www.visitcentroamerica.com\\\/sala-prensa\\\/?s={search_term_string}\"},\"query-input\":{\"@type\":\"PropertyValueSpecification\",\"valueRequired\":true,\"valueName\":\"search_term_string\"}}],\"inLanguage\":\"es\"},{\"@type\":\"Person\",\"@id\":\"https:\\\/\\\/www.visitcentroamerica.com\\\/sala-prensa\\\/#\\\/schema\\\/person\\\/0aa3bd0dbaabaead6089ee3dd0cd7ae5\",\"name\":\"Denis Alvarado\",\"image\":{\"@type\":\"ImageObject\",\"inLanguage\":\"es\",\"@id\":\"https:\\\/\\\/secure.gravatar.com\\\/avatar\\\/c31f0697f6edb7c68d5dedc2ccbd548d2a9f73aa293e81c6a1425229ec4c9135?s=96&d=mm&r=g\",\"url\":\"https:\\\/\\\/secure.gravatar.com\\\/avatar\\\/c31f0697f6edb7c68d5dedc2ccbd548d2a9f73aa293e81c6a1425229ec4c9135?s=96&d=mm&r=g\",\"contentUrl\":\"https:\\\/\\\/secure.gravatar.com\\\/avatar\\\/c31f0697f6edb7c68d5dedc2ccbd548d2a9f73aa293e81c6a1425229ec4c9135?s=96&d=mm&r=g\",\"caption\":\"Denis Alvarado\"},\"url\":\"https:\\\/\\\/www.visitcentroamerica.com\\\/sala-prensa\\\/author\\\/denis\\\/\"}]}<\/script>\n<!-- \/ Yoast SEO plugin. -->","yoast_head_json":{"title":"Agricultura org\u00e1nica en Panam\u00e1: M\u00e1s all\u00e1 del cacao y hacia nuevos mercados - Sala de prensa","robots":{"index":"index","follow":"follow","max-snippet":"max-snippet:-1","max-image-preview":"max-image-preview:large","max-video-preview":"max-video-preview:-1"},"canonical":"https:\/\/www.visitcentroamerica.com\/sala-prensa\/otros\/agricultura-organica-en-panama-mas-alla-del-cacao-y-hacia-nuevos-mercados\/","og_locale":"es_ES","og_type":"article","og_title":"Agricultura org\u00e1nica en Panam\u00e1: M\u00e1s all\u00e1 del cacao y hacia nuevos mercados - Sala de prensa","og_description":"En un mercado global cada vez m\u00e1s enfocado en la sostenibilidad, Panam\u00e1 fortalece su apuesta por la producci\u00f3n org\u00e1nica. El Ministerio de Desarrollo Agropecuario (MIDA), a trav\u00e9s de la Unidad de Agropecuaria Org\u00e1nica de la Direcci\u00f3n de Sanidad Vegetal, intensifica sus esfuerzos para capacitar a productores y expandir la certificaci\u00f3n a sectores pecuarios y av\u00edcolas, [&hellip;]","og_url":"https:\/\/www.visitcentroamerica.com\/sala-prensa\/otros\/agricultura-organica-en-panama-mas-alla-del-cacao-y-hacia-nuevos-mercados\/","og_site_name":"Sala de prensa","article_published_time":"2025-04-03T17:04:23+00:00","og_image":[{"width":1024,"height":600,"url":"https:\/\/www.visitcentroamerica.com\/sala-prensa\/wp-content\/uploads\/2025\/04\/Sin-titulo-1024-x-600-px-2025-04-03T105022.261.png","type":"image\/png"}],"author":"Denis Alvarado","twitter_card":"summary_large_image","twitter_misc":{"Escrito por":"Denis Alvarado","Tiempo de lectura":"3 minutos"},"schema":{"@context":"https:\/\/schema.org","@graph":[{"@type":"Article","@id":"https:\/\/www.visitcentroamerica.com\/sala-prensa\/otros\/agricultura-organica-en-panama-mas-alla-del-cacao-y-hacia-nuevos-mercados\/#article","isPartOf":{"@id":"https:\/\/www.visitcentroamerica.com\/sala-prensa\/otros\/agricultura-organica-en-panama-mas-alla-del-cacao-y-hacia-nuevos-mercados\/"},"author":{"name":"Denis Alvarado","@id":"https:\/\/www.visitcentroamerica.com\/sala-prensa\/#\/schema\/person\/0aa3bd0dbaabaead6089ee3dd0cd7ae5"},"headline":"Agricultura org\u00e1nica en Panam\u00e1: M\u00e1s all\u00e1 del cacao y hacia nuevos mercados","datePublished":"2025-04-03T17:04:23+00:00","mainEntityOfPage":{"@id":"https:\/\/www.visitcentroamerica.com\/sala-prensa\/otros\/agricultura-organica-en-panama-mas-alla-del-cacao-y-hacia-nuevos-mercados\/"},"wordCount":488,"commentCount":0,"image":{"@id":"https:\/\/www.visitcentroamerica.com\/sala-prensa\/otros\/agricultura-organica-en-panama-mas-alla-del-cacao-y-hacia-nuevos-mercados\/#primaryimage"},"thumbnailUrl":"https:\/\/www.visitcentroamerica.com\/sala-prensa\/wp-content\/uploads\/2025\/04\/Sin-titulo-1024-x-600-px-2025-04-03T105022.261.png","articleSection":["Otros"],"inLanguage":"es","potentialAction":[{"@type":"CommentAction","name":"Comment","target":["https:\/\/www.visitcentroamerica.com\/sala-prensa\/otros\/agricultura-organica-en-panama-mas-alla-del-cacao-y-hacia-nuevos-mercados\/#respond"]}]},{"@type":"WebPage","@id":"https:\/\/www.visitcentroamerica.com\/sala-prensa\/otros\/agricultura-organica-en-panama-mas-alla-del-cacao-y-hacia-nuevos-mercados\/","url":"https:\/\/www.visitcentroamerica.com\/sala-prensa\/otros\/agricultura-organica-en-panama-mas-alla-del-cacao-y-hacia-nuevos-mercados\/","name":"Agricultura org\u00e1nica en Panam\u00e1: M\u00e1s all\u00e1 del cacao y hacia nuevos mercados - Sala de prensa","isPartOf":{"@id":"https:\/\/www.visitcentroamerica.com\/sala-prensa\/#website"},"primaryImageOfPage":{"@id":"https:\/\/www.visitcentroamerica.com\/sala-prensa\/otros\/agricultura-organica-en-panama-mas-alla-del-cacao-y-hacia-nuevos-mercados\/#primaryimage"},"image":{"@id":"https:\/\/www.visitcentroamerica.com\/sala-prensa\/otros\/agricultura-organica-en-panama-mas-alla-del-cacao-y-hacia-nuevos-mercados\/#primaryimage"},"thumbnailUrl":"https:\/\/www.visitcentroamerica.com\/sala-prensa\/wp-content\/uploads\/2025\/04\/Sin-titulo-1024-x-600-px-2025-04-03T105022.261.png","datePublished":"2025-04-03T17:04:23+00:00","author":{"@id":"https:\/\/www.visitcentroamerica.com\/sala-prensa\/#\/schema\/person\/0aa3bd0dbaabaead6089ee3dd0cd7ae5"},"breadcrumb":{"@id":"https:\/\/www.visitcentroamerica.com\/sala-prensa\/otros\/agricultura-organica-en-panama-mas-alla-del-cacao-y-hacia-nuevos-mercados\/#breadcrumb"},"inLanguage":"es","potentialAction":[{"@type":"ReadAction","target":["https:\/\/www.visitcentroamerica.com\/sala-prensa\/otros\/agricultura-organica-en-panama-mas-alla-del-cacao-y-hacia-nuevos-mercados\/"]}]},{"@type":"ImageObject","inLanguage":"es","@id":"https:\/\/www.visitcentroamerica.com\/sala-prensa\/otros\/agricultura-organica-en-panama-mas-alla-del-cacao-y-hacia-nuevos-mercados\/#primaryimage","url":"https:\/\/www.visitcentroamerica.com\/sala-prensa\/wp-content\/uploads\/2025\/04\/Sin-titulo-1024-x-600-px-2025-04-03T105022.261.png","contentUrl":"https:\/\/www.visitcentroamerica.com\/sala-prensa\/wp-content\/uploads\/2025\/04\/Sin-titulo-1024-x-600-px-2025-04-03T105022.261.png","width":1024,"height":600,"caption":"Panam\u00e1, agricultura"},{"@type":"BreadcrumbList","@id":"https:\/\/www.visitcentroamerica.com\/sala-prensa\/otros\/agricultura-organica-en-panama-mas-alla-del-cacao-y-hacia-nuevos-mercados\/#breadcrumb","itemListElement":[{"@type":"ListItem","position":1,"name":"Portada","item":"https:\/\/www.visitcentroamerica.com\/sala-prensa\/"},{"@type":"ListItem","position":2,"name":"Agricultura org\u00e1nica en Panam\u00e1: M\u00e1s all\u00e1 del cacao y hacia nuevos mercados"}]},{"@type":"WebSite","@id":"https:\/\/www.visitcentroamerica.com\/sala-prensa\/#website","url":"https:\/\/www.visitcentroamerica.com\/sala-prensa\/","name":"Sala de prensa","description":"","potentialAction":[{"@type":"SearchAction","target":{"@type":"EntryPoint","urlTemplate":"https:\/\/www.visitcentroamerica.com\/sala-prensa\/?s={search_term_string}"},"query-input":{"@type":"PropertyValueSpecification","valueRequired":true,"valueName":"search_term_string"}}],"inLanguage":"es"},{"@type":"Person","@id":"https:\/\/www.visitcentroamerica.com\/sala-prensa\/#\/schema\/person\/0aa3bd0dbaabaead6089ee3dd0cd7ae5","name":"Denis Alvarado","image":{"@type":"ImageObject","inLanguage":"es","@id":"https:\/\/secure.gravatar.com\/avatar\/c31f0697f6edb7c68d5dedc2ccbd548d2a9f73aa293e81c6a1425229ec4c9135?s=96&d=mm&r=g","url":"https:\/\/secure.gravatar.com\/avatar\/c31f0697f6edb7c68d5dedc2ccbd548d2a9f73aa293e81c6a1425229ec4c9135?s=96&d=mm&r=g","contentUrl":"https:\/\/secure.gravatar.com\/avatar\/c31f0697f6edb7c68d5dedc2ccbd548d2a9f73aa293e81c6a1425229ec4c9135?s=96&d=mm&r=g","caption":"Denis Alvarado"},"url":"https:\/\/www.visitcentroamerica.com\/sala-prensa\/author\/denis\/"}]}},"_links":{"self":[{"href":"https:\/\/www.visitcentroamerica.com\/sala-prensa\/wp-json\/wp\/v2\/posts\/15931","targetHints":{"allow":["GET"]}}],"collection":[{"href":"https:\/\/www.visitcentroamerica.com\/sala-prensa\/wp-json\/wp\/v2\/posts"}],"about":[{"href":"https:\/\/www.visitcentroamerica.com\/sala-prensa\/wp-json\/wp\/v2\/types\/post"}],"author":[{"embeddable":true,"href":"https:\/\/www.visitcentroamerica.com\/sala-prensa\/wp-json\/wp\/v2\/users\/5"}],"replies":[{"embeddable":true,"href":"https:\/\/www.visitcentroamerica.com\/sala-prensa\/wp-json\/wp\/v2\/comments?post=15931"}],"version-history":[{"count":2,"href":"https:\/\/www.visitcentroamerica.com\/sala-prensa\/wp-json\/wp\/v2\/posts\/15931\/revisions"}],"predecessor-version":[{"id":15941,"href":"https:\/\/www.visitcentroamerica.com\/sala-prensa\/wp-json\/wp\/v2\/posts\/15931\/revisions\/15941"}],"wp:featuredmedia":[{"embeddable":true,"href":"https:\/\/www.visitcentroamerica.com\/sala-prensa\/wp-json\/wp\/v2\/media\/15939"}],"wp:attachment":[{"href":"https:\/\/www.visitcentroamerica.com\/sala-prensa\/wp-json\/wp\/v2\/media?parent=15931"}],"wp:term":[{"taxonomy":"category","embeddable":true,"href":"https:\/\/www.visitcentroamerica.com\/sala-prensa\/wp-json\/wp\/v2\/categories?post=15931"},{"taxonomy":"post_tag","embeddable":true,"href":"https:\/\/www.visitcentroamerica.com\/sala-prensa\/wp-json\/wp\/v2\/tags?post=15931"}],"curies":[{"name":"wp","href":"https:\/\/api.w.org\/{rel}","templated":true}]}}