{"id":15911,"date":"2025-03-25T23:18:52","date_gmt":"2025-03-25T22:18:52","guid":{"rendered":"https:\/\/www.visitcentroamerica.com\/sala-prensa\/?p=15911"},"modified":"2025-03-26T00:20:59","modified_gmt":"2025-03-25T23:20:59","slug":"cata-recibe-reconocimiento-al-inversionista-sica-por-la-igualdad-2025","status":"publish","type":"post","link":"https:\/\/www.visitcentroamerica.com\/sala-prensa\/otros\/cata-recibe-reconocimiento-al-inversionista-sica-por-la-igualdad-2025\/","title":{"rendered":"CATA recibe reconocimiento por parte de la Secretar\u00eda T\u00e9cnica del Consejo de Ministras de la Mujer de Centroam\u00e9rica y Rep\u00fablica Dominicana"},"content":{"rendered":"<p><img loading=\"lazy\" decoding=\"async\" class=\"alignnone size-full wp-image-15912\" src=\"https:\/\/www.visitcentroamerica.com\/sala-prensa\/wp-content\/uploads\/2025\/03\/Sin-titulo-1024-x-600-px-2025-03-25T150508.729.png\" alt=\"Galardon a CATA, en el marco de la segunda edici\u00f3n de la feria de inversionistas por la igualdad 2025\" width=\"1024\" height=\"600\" srcset=\"https:\/\/www.visitcentroamerica.com\/sala-prensa\/wp-content\/uploads\/2025\/03\/Sin-titulo-1024-x-600-px-2025-03-25T150508.729.png 1024w, https:\/\/www.visitcentroamerica.com\/sala-prensa\/wp-content\/uploads\/2025\/03\/Sin-titulo-1024-x-600-px-2025-03-25T150508.729-300x176.png 300w, https:\/\/www.visitcentroamerica.com\/sala-prensa\/wp-content\/uploads\/2025\/03\/Sin-titulo-1024-x-600-px-2025-03-25T150508.729-768x450.png 768w, https:\/\/www.visitcentroamerica.com\/sala-prensa\/wp-content\/uploads\/2025\/03\/Sin-titulo-1024-x-600-px-2025-03-25T150508.729-717x420.png 717w, https:\/\/www.visitcentroamerica.com\/sala-prensa\/wp-content\/uploads\/2025\/03\/Sin-titulo-1024-x-600-px-2025-03-25T150508.729-696x408.png 696w, https:\/\/www.visitcentroamerica.com\/sala-prensa\/wp-content\/uploads\/2025\/03\/Sin-titulo-1024-x-600-px-2025-03-25T150508.729-500x293.png 500w\" sizes=\"auto, (max-width: 1024px) 100vw, 1024px\" \/><\/p>\n<p>&nbsp;<\/p>\n<p>La Agencia de Promoci\u00f3n Tur\u00edstica de Centroam\u00e9rica (CATA) avanza en su estrategia para promover la igualdad, el reconocimiento y ejercicio efectivo de los derechos de las mujeres en el sector turismo. En esa l\u00ednea, ha sido galardonada con el reconocimiento Inversionista SICA por la Igualdad 2025, un distintivo que resalta su compromiso por impulsar una industria tur\u00edstica libre de violencia en la regi\u00f3n. Este reconocimiento fue entregado en el marco de la feria Inversionistas por la Igualdad, organizada por la Secretar\u00eda T\u00e9cnica del Consejo de Ministras de la Mujer de Centroam\u00e9rica y Rep\u00fablica Dominicana (STM-COMMCA).<\/p>\n<p>Durante el evento, CATA present\u00f3 el demo de su campa\u00f1a Centroam\u00e9rica: <em>Safe for Her, Safe for All<\/em>, que busca promover una industria tur\u00edstica libre de turismo relacionado con la trata de personas, iniciativa emanada del Consejo Directivo de la Agencia de Promoci\u00f3n. A trav\u00e9s de este esfuerzo, la Agencia reafirma su compromiso con los principios que rigen la conmemoraci\u00f3n del 8 de marzo, D\u00eda Internacional de la Mujer, fomentando un turismo inclusivo y seguro en el istmo.<\/p>\n<p>El reconocimiento recibido por CATA destaca su papel como un actor clave en la transformaci\u00f3n del turismo centroamericano, impulsando pr\u00e1cticas responsables y sostenibles que garantizan espacios seguros para todas las personas, con un enfoque especial en la protecci\u00f3n y prevenci\u00f3n de las distintas formas de violencia hacia las mujeres, particularmente la trata de personas en el contexto de viajes y turismo.<\/p>\n<p>Tambi\u00e9n, refuerza el compromiso de CATA con la Secretar\u00eda T\u00e9cnica (STM-COMMCA), con la cual ha firmado un Memor\u00e1ndum de Entendimiento para promover la igualdad de g\u00e9nero en el turismo de Centroam\u00e9rica. A trav\u00e9s de esta alianza, ambas entidades trabajar\u00e1n en la implementaci\u00f3n de estrategias que fomenten la inclusi\u00f3n, la seguridad y el empoderamiento de las mujeres en la industria tur\u00edstica, consolidando un modelo de desarrollo sostenible que garantice oportunidades equitativas en la regi\u00f3n.<\/p>\n","protected":false},"excerpt":{"rendered":"<p>&nbsp; La Agencia de Promoci\u00f3n Tur\u00edstica de Centroam\u00e9rica (CATA) avanza en su estrategia para promover la igualdad, el reconocimiento y ejercicio efectivo de los derechos de las mujeres en el sector turismo. En esa l\u00ednea, ha sido galardonada con el reconocimiento Inversionista SICA por la Igualdad 2025, un distintivo que resalta su compromiso por impulsar [&hellip;]<\/p>\n","protected":false},"author":5,"featured_media":15912,"comment_status":"open","ping_status":"closed","sticky":false,"template":"","format":"standard","meta":{"footnotes":""},"categories":[1],"tags":[],"class_list":{"0":"post-15911","1":"post","2":"type-post","3":"status-publish","4":"format-standard","5":"has-post-thumbnail","7":"category-otros"},"yoast_head":"<!-- This site is optimized with the Yoast SEO plugin v27.3 - https:\/\/yoast.com\/product\/yoast-seo-wordpress\/ -->\n<title>CATA recibe reconocimiento por parte de la Secretar\u00eda T\u00e9cnica del Consejo de Ministras de la Mujer de Centroam\u00e9rica y Rep\u00fablica Dominicana - Sala de prensa<\/title>\n<meta name=\"robots\" content=\"index, follow, max-snippet:-1, max-image-preview:large, max-video-preview:-1\" \/>\n<link rel=\"canonical\" href=\"https:\/\/www.visitcentroamerica.com\/sala-prensa\/otros\/cata-recibe-reconocimiento-al-inversionista-sica-por-la-igualdad-2025\/\" \/>\n<meta property=\"og:locale\" content=\"es_ES\" \/>\n<meta property=\"og:type\" content=\"article\" \/>\n<meta property=\"og:title\" content=\"CATA recibe reconocimiento por parte de la Secretar\u00eda T\u00e9cnica del Consejo de Ministras de la Mujer de Centroam\u00e9rica y Rep\u00fablica Dominicana - Sala de prensa\" \/>\n<meta property=\"og:description\" content=\"&nbsp; La Agencia de Promoci\u00f3n Tur\u00edstica de Centroam\u00e9rica (CATA) avanza en su estrategia para promover la igualdad, el reconocimiento y ejercicio efectivo de los derechos de las mujeres en el sector turismo. En esa l\u00ednea, ha sido galardonada con el reconocimiento Inversionista SICA por la Igualdad 2025, un distintivo que resalta su compromiso por impulsar [&hellip;]\" \/>\n<meta property=\"og:url\" content=\"https:\/\/www.visitcentroamerica.com\/sala-prensa\/otros\/cata-recibe-reconocimiento-al-inversionista-sica-por-la-igualdad-2025\/\" \/>\n<meta property=\"og:site_name\" content=\"Sala de prensa\" \/>\n<meta property=\"article:published_time\" content=\"2025-03-25T22:18:52+00:00\" \/>\n<meta property=\"article:modified_time\" content=\"2025-03-25T23:20:59+00:00\" \/>\n<meta property=\"og:image\" content=\"https:\/\/www.visitcentroamerica.com\/sala-prensa\/wp-content\/uploads\/2025\/03\/Sin-titulo-1024-x-600-px-2025-03-25T150508.729.png\" \/>\n\t<meta property=\"og:image:width\" content=\"1024\" \/>\n\t<meta property=\"og:image:height\" content=\"600\" \/>\n\t<meta property=\"og:image:type\" content=\"image\/png\" \/>\n<meta name=\"author\" content=\"Denis Alvarado\" \/>\n<meta name=\"twitter:card\" content=\"summary_large_image\" \/>\n<meta name=\"twitter:label1\" content=\"Escrito por\" \/>\n\t<meta name=\"twitter:data1\" content=\"Denis Alvarado\" \/>\n\t<meta name=\"twitter:label2\" content=\"Tiempo de lectura\" \/>\n\t<meta name=\"twitter:data2\" content=\"2 minutos\" \/>\n<script type=\"application\/ld+json\" class=\"yoast-schema-graph\">{\"@context\":\"https:\\\/\\\/schema.org\",\"@graph\":[{\"@type\":\"Article\",\"@id\":\"https:\\\/\\\/www.visitcentroamerica.com\\\/sala-prensa\\\/otros\\\/cata-recibe-reconocimiento-al-inversionista-sica-por-la-igualdad-2025\\\/#article\",\"isPartOf\":{\"@id\":\"https:\\\/\\\/www.visitcentroamerica.com\\\/sala-prensa\\\/otros\\\/cata-recibe-reconocimiento-al-inversionista-sica-por-la-igualdad-2025\\\/\"},\"author\":{\"name\":\"Denis Alvarado\",\"@id\":\"https:\\\/\\\/www.visitcentroamerica.com\\\/sala-prensa\\\/#\\\/schema\\\/person\\\/0aa3bd0dbaabaead6089ee3dd0cd7ae5\"},\"headline\":\"CATA recibe reconocimiento por parte de la Secretar\u00eda T\u00e9cnica del Consejo de Ministras de la Mujer de Centroam\u00e9rica y Rep\u00fablica Dominicana\",\"datePublished\":\"2025-03-25T22:18:52+00:00\",\"dateModified\":\"2025-03-25T23:20:59+00:00\",\"mainEntityOfPage\":{\"@id\":\"https:\\\/\\\/www.visitcentroamerica.com\\\/sala-prensa\\\/otros\\\/cata-recibe-reconocimiento-al-inversionista-sica-por-la-igualdad-2025\\\/\"},\"wordCount\":363,\"commentCount\":0,\"image\":{\"@id\":\"https:\\\/\\\/www.visitcentroamerica.com\\\/sala-prensa\\\/otros\\\/cata-recibe-reconocimiento-al-inversionista-sica-por-la-igualdad-2025\\\/#primaryimage\"},\"thumbnailUrl\":\"https:\\\/\\\/www.visitcentroamerica.com\\\/sala-prensa\\\/wp-content\\\/uploads\\\/2025\\\/03\\\/Sin-titulo-1024-x-600-px-2025-03-25T150508.729.png\",\"articleSection\":[\"Otros\"],\"inLanguage\":\"es\",\"potentialAction\":[{\"@type\":\"CommentAction\",\"name\":\"Comment\",\"target\":[\"https:\\\/\\\/www.visitcentroamerica.com\\\/sala-prensa\\\/otros\\\/cata-recibe-reconocimiento-al-inversionista-sica-por-la-igualdad-2025\\\/#respond\"]}]},{\"@type\":\"WebPage\",\"@id\":\"https:\\\/\\\/www.visitcentroamerica.com\\\/sala-prensa\\\/otros\\\/cata-recibe-reconocimiento-al-inversionista-sica-por-la-igualdad-2025\\\/\",\"url\":\"https:\\\/\\\/www.visitcentroamerica.com\\\/sala-prensa\\\/otros\\\/cata-recibe-reconocimiento-al-inversionista-sica-por-la-igualdad-2025\\\/\",\"name\":\"CATA recibe reconocimiento por parte de la Secretar\u00eda T\u00e9cnica del Consejo de Ministras de la Mujer de Centroam\u00e9rica y Rep\u00fablica Dominicana - Sala de prensa\",\"isPartOf\":{\"@id\":\"https:\\\/\\\/www.visitcentroamerica.com\\\/sala-prensa\\\/#website\"},\"primaryImageOfPage\":{\"@id\":\"https:\\\/\\\/www.visitcentroamerica.com\\\/sala-prensa\\\/otros\\\/cata-recibe-reconocimiento-al-inversionista-sica-por-la-igualdad-2025\\\/#primaryimage\"},\"image\":{\"@id\":\"https:\\\/\\\/www.visitcentroamerica.com\\\/sala-prensa\\\/otros\\\/cata-recibe-reconocimiento-al-inversionista-sica-por-la-igualdad-2025\\\/#primaryimage\"},\"thumbnailUrl\":\"https:\\\/\\\/www.visitcentroamerica.com\\\/sala-prensa\\\/wp-content\\\/uploads\\\/2025\\\/03\\\/Sin-titulo-1024-x-600-px-2025-03-25T150508.729.png\",\"datePublished\":\"2025-03-25T22:18:52+00:00\",\"dateModified\":\"2025-03-25T23:20:59+00:00\",\"author\":{\"@id\":\"https:\\\/\\\/www.visitcentroamerica.com\\\/sala-prensa\\\/#\\\/schema\\\/person\\\/0aa3bd0dbaabaead6089ee3dd0cd7ae5\"},\"breadcrumb\":{\"@id\":\"https:\\\/\\\/www.visitcentroamerica.com\\\/sala-prensa\\\/otros\\\/cata-recibe-reconocimiento-al-inversionista-sica-por-la-igualdad-2025\\\/#breadcrumb\"},\"inLanguage\":\"es\",\"potentialAction\":[{\"@type\":\"ReadAction\",\"target\":[\"https:\\\/\\\/www.visitcentroamerica.com\\\/sala-prensa\\\/otros\\\/cata-recibe-reconocimiento-al-inversionista-sica-por-la-igualdad-2025\\\/\"]}]},{\"@type\":\"ImageObject\",\"inLanguage\":\"es\",\"@id\":\"https:\\\/\\\/www.visitcentroamerica.com\\\/sala-prensa\\\/otros\\\/cata-recibe-reconocimiento-al-inversionista-sica-por-la-igualdad-2025\\\/#primaryimage\",\"url\":\"https:\\\/\\\/www.visitcentroamerica.com\\\/sala-prensa\\\/wp-content\\\/uploads\\\/2025\\\/03\\\/Sin-titulo-1024-x-600-px-2025-03-25T150508.729.png\",\"contentUrl\":\"https:\\\/\\\/www.visitcentroamerica.com\\\/sala-prensa\\\/wp-content\\\/uploads\\\/2025\\\/03\\\/Sin-titulo-1024-x-600-px-2025-03-25T150508.729.png\",\"width\":1024,\"height\":600,\"caption\":\"Galardon a CATA, en el marco de la segunda edici\u00f3n de la feria de inversionistas por la igualdad 2025\"},{\"@type\":\"BreadcrumbList\",\"@id\":\"https:\\\/\\\/www.visitcentroamerica.com\\\/sala-prensa\\\/otros\\\/cata-recibe-reconocimiento-al-inversionista-sica-por-la-igualdad-2025\\\/#breadcrumb\",\"itemListElement\":[{\"@type\":\"ListItem\",\"position\":1,\"name\":\"Portada\",\"item\":\"https:\\\/\\\/www.visitcentroamerica.com\\\/sala-prensa\\\/\"},{\"@type\":\"ListItem\",\"position\":2,\"name\":\"CATA recibe reconocimiento por parte de la Secretar\u00eda T\u00e9cnica del Consejo de Ministras de la Mujer de Centroam\u00e9rica y Rep\u00fablica Dominicana\"}]},{\"@type\":\"WebSite\",\"@id\":\"https:\\\/\\\/www.visitcentroamerica.com\\\/sala-prensa\\\/#website\",\"url\":\"https:\\\/\\\/www.visitcentroamerica.com\\\/sala-prensa\\\/\",\"name\":\"Sala de prensa\",\"description\":\"\",\"potentialAction\":[{\"@type\":\"SearchAction\",\"target\":{\"@type\":\"EntryPoint\",\"urlTemplate\":\"https:\\\/\\\/www.visitcentroamerica.com\\\/sala-prensa\\\/?s={search_term_string}\"},\"query-input\":{\"@type\":\"PropertyValueSpecification\",\"valueRequired\":true,\"valueName\":\"search_term_string\"}}],\"inLanguage\":\"es\"},{\"@type\":\"Person\",\"@id\":\"https:\\\/\\\/www.visitcentroamerica.com\\\/sala-prensa\\\/#\\\/schema\\\/person\\\/0aa3bd0dbaabaead6089ee3dd0cd7ae5\",\"name\":\"Denis Alvarado\",\"image\":{\"@type\":\"ImageObject\",\"inLanguage\":\"es\",\"@id\":\"https:\\\/\\\/secure.gravatar.com\\\/avatar\\\/c31f0697f6edb7c68d5dedc2ccbd548d2a9f73aa293e81c6a1425229ec4c9135?s=96&d=mm&r=g\",\"url\":\"https:\\\/\\\/secure.gravatar.com\\\/avatar\\\/c31f0697f6edb7c68d5dedc2ccbd548d2a9f73aa293e81c6a1425229ec4c9135?s=96&d=mm&r=g\",\"contentUrl\":\"https:\\\/\\\/secure.gravatar.com\\\/avatar\\\/c31f0697f6edb7c68d5dedc2ccbd548d2a9f73aa293e81c6a1425229ec4c9135?s=96&d=mm&r=g\",\"caption\":\"Denis Alvarado\"},\"url\":\"https:\\\/\\\/www.visitcentroamerica.com\\\/sala-prensa\\\/author\\\/denis\\\/\"}]}<\/script>\n<!-- \/ Yoast SEO plugin. -->","yoast_head_json":{"title":"CATA recibe reconocimiento por parte de la Secretar\u00eda T\u00e9cnica del Consejo de Ministras de la Mujer de Centroam\u00e9rica y Rep\u00fablica Dominicana - Sala de prensa","robots":{"index":"index","follow":"follow","max-snippet":"max-snippet:-1","max-image-preview":"max-image-preview:large","max-video-preview":"max-video-preview:-1"},"canonical":"https:\/\/www.visitcentroamerica.com\/sala-prensa\/otros\/cata-recibe-reconocimiento-al-inversionista-sica-por-la-igualdad-2025\/","og_locale":"es_ES","og_type":"article","og_title":"CATA recibe reconocimiento por parte de la Secretar\u00eda T\u00e9cnica del Consejo de Ministras de la Mujer de Centroam\u00e9rica y Rep\u00fablica Dominicana - Sala de prensa","og_description":"&nbsp; La Agencia de Promoci\u00f3n Tur\u00edstica de Centroam\u00e9rica (CATA) avanza en su estrategia para promover la igualdad, el reconocimiento y ejercicio efectivo de los derechos de las mujeres en el sector turismo. En esa l\u00ednea, ha sido galardonada con el reconocimiento Inversionista SICA por la Igualdad 2025, un distintivo que resalta su compromiso por impulsar [&hellip;]","og_url":"https:\/\/www.visitcentroamerica.com\/sala-prensa\/otros\/cata-recibe-reconocimiento-al-inversionista-sica-por-la-igualdad-2025\/","og_site_name":"Sala de prensa","article_published_time":"2025-03-25T22:18:52+00:00","article_modified_time":"2025-03-25T23:20:59+00:00","og_image":[{"width":1024,"height":600,"url":"https:\/\/www.visitcentroamerica.com\/sala-prensa\/wp-content\/uploads\/2025\/03\/Sin-titulo-1024-x-600-px-2025-03-25T150508.729.png","type":"image\/png"}],"author":"Denis Alvarado","twitter_card":"summary_large_image","twitter_misc":{"Escrito por":"Denis Alvarado","Tiempo de lectura":"2 minutos"},"schema":{"@context":"https:\/\/schema.org","@graph":[{"@type":"Article","@id":"https:\/\/www.visitcentroamerica.com\/sala-prensa\/otros\/cata-recibe-reconocimiento-al-inversionista-sica-por-la-igualdad-2025\/#article","isPartOf":{"@id":"https:\/\/www.visitcentroamerica.com\/sala-prensa\/otros\/cata-recibe-reconocimiento-al-inversionista-sica-por-la-igualdad-2025\/"},"author":{"name":"Denis Alvarado","@id":"https:\/\/www.visitcentroamerica.com\/sala-prensa\/#\/schema\/person\/0aa3bd0dbaabaead6089ee3dd0cd7ae5"},"headline":"CATA recibe reconocimiento por parte de la Secretar\u00eda T\u00e9cnica del Consejo de Ministras de la Mujer de Centroam\u00e9rica y Rep\u00fablica Dominicana","datePublished":"2025-03-25T22:18:52+00:00","dateModified":"2025-03-25T23:20:59+00:00","mainEntityOfPage":{"@id":"https:\/\/www.visitcentroamerica.com\/sala-prensa\/otros\/cata-recibe-reconocimiento-al-inversionista-sica-por-la-igualdad-2025\/"},"wordCount":363,"commentCount":0,"image":{"@id":"https:\/\/www.visitcentroamerica.com\/sala-prensa\/otros\/cata-recibe-reconocimiento-al-inversionista-sica-por-la-igualdad-2025\/#primaryimage"},"thumbnailUrl":"https:\/\/www.visitcentroamerica.com\/sala-prensa\/wp-content\/uploads\/2025\/03\/Sin-titulo-1024-x-600-px-2025-03-25T150508.729.png","articleSection":["Otros"],"inLanguage":"es","potentialAction":[{"@type":"CommentAction","name":"Comment","target":["https:\/\/www.visitcentroamerica.com\/sala-prensa\/otros\/cata-recibe-reconocimiento-al-inversionista-sica-por-la-igualdad-2025\/#respond"]}]},{"@type":"WebPage","@id":"https:\/\/www.visitcentroamerica.com\/sala-prensa\/otros\/cata-recibe-reconocimiento-al-inversionista-sica-por-la-igualdad-2025\/","url":"https:\/\/www.visitcentroamerica.com\/sala-prensa\/otros\/cata-recibe-reconocimiento-al-inversionista-sica-por-la-igualdad-2025\/","name":"CATA recibe reconocimiento por parte de la Secretar\u00eda T\u00e9cnica del Consejo de Ministras de la Mujer de Centroam\u00e9rica y Rep\u00fablica Dominicana - Sala de prensa","isPartOf":{"@id":"https:\/\/www.visitcentroamerica.com\/sala-prensa\/#website"},"primaryImageOfPage":{"@id":"https:\/\/www.visitcentroamerica.com\/sala-prensa\/otros\/cata-recibe-reconocimiento-al-inversionista-sica-por-la-igualdad-2025\/#primaryimage"},"image":{"@id":"https:\/\/www.visitcentroamerica.com\/sala-prensa\/otros\/cata-recibe-reconocimiento-al-inversionista-sica-por-la-igualdad-2025\/#primaryimage"},"thumbnailUrl":"https:\/\/www.visitcentroamerica.com\/sala-prensa\/wp-content\/uploads\/2025\/03\/Sin-titulo-1024-x-600-px-2025-03-25T150508.729.png","datePublished":"2025-03-25T22:18:52+00:00","dateModified":"2025-03-25T23:20:59+00:00","author":{"@id":"https:\/\/www.visitcentroamerica.com\/sala-prensa\/#\/schema\/person\/0aa3bd0dbaabaead6089ee3dd0cd7ae5"},"breadcrumb":{"@id":"https:\/\/www.visitcentroamerica.com\/sala-prensa\/otros\/cata-recibe-reconocimiento-al-inversionista-sica-por-la-igualdad-2025\/#breadcrumb"},"inLanguage":"es","potentialAction":[{"@type":"ReadAction","target":["https:\/\/www.visitcentroamerica.com\/sala-prensa\/otros\/cata-recibe-reconocimiento-al-inversionista-sica-por-la-igualdad-2025\/"]}]},{"@type":"ImageObject","inLanguage":"es","@id":"https:\/\/www.visitcentroamerica.com\/sala-prensa\/otros\/cata-recibe-reconocimiento-al-inversionista-sica-por-la-igualdad-2025\/#primaryimage","url":"https:\/\/www.visitcentroamerica.com\/sala-prensa\/wp-content\/uploads\/2025\/03\/Sin-titulo-1024-x-600-px-2025-03-25T150508.729.png","contentUrl":"https:\/\/www.visitcentroamerica.com\/sala-prensa\/wp-content\/uploads\/2025\/03\/Sin-titulo-1024-x-600-px-2025-03-25T150508.729.png","width":1024,"height":600,"caption":"Galardon a CATA, en el marco de la segunda edici\u00f3n de la feria de inversionistas por la igualdad 2025"},{"@type":"BreadcrumbList","@id":"https:\/\/www.visitcentroamerica.com\/sala-prensa\/otros\/cata-recibe-reconocimiento-al-inversionista-sica-por-la-igualdad-2025\/#breadcrumb","itemListElement":[{"@type":"ListItem","position":1,"name":"Portada","item":"https:\/\/www.visitcentroamerica.com\/sala-prensa\/"},{"@type":"ListItem","position":2,"name":"CATA recibe reconocimiento por parte de la Secretar\u00eda T\u00e9cnica del Consejo de Ministras de la Mujer de Centroam\u00e9rica y Rep\u00fablica Dominicana"}]},{"@type":"WebSite","@id":"https:\/\/www.visitcentroamerica.com\/sala-prensa\/#website","url":"https:\/\/www.visitcentroamerica.com\/sala-prensa\/","name":"Sala de prensa","description":"","potentialAction":[{"@type":"SearchAction","target":{"@type":"EntryPoint","urlTemplate":"https:\/\/www.visitcentroamerica.com\/sala-prensa\/?s={search_term_string}"},"query-input":{"@type":"PropertyValueSpecification","valueRequired":true,"valueName":"search_term_string"}}],"inLanguage":"es"},{"@type":"Person","@id":"https:\/\/www.visitcentroamerica.com\/sala-prensa\/#\/schema\/person\/0aa3bd0dbaabaead6089ee3dd0cd7ae5","name":"Denis Alvarado","image":{"@type":"ImageObject","inLanguage":"es","@id":"https:\/\/secure.gravatar.com\/avatar\/c31f0697f6edb7c68d5dedc2ccbd548d2a9f73aa293e81c6a1425229ec4c9135?s=96&d=mm&r=g","url":"https:\/\/secure.gravatar.com\/avatar\/c31f0697f6edb7c68d5dedc2ccbd548d2a9f73aa293e81c6a1425229ec4c9135?s=96&d=mm&r=g","contentUrl":"https:\/\/secure.gravatar.com\/avatar\/c31f0697f6edb7c68d5dedc2ccbd548d2a9f73aa293e81c6a1425229ec4c9135?s=96&d=mm&r=g","caption":"Denis Alvarado"},"url":"https:\/\/www.visitcentroamerica.com\/sala-prensa\/author\/denis\/"}]}},"_links":{"self":[{"href":"https:\/\/www.visitcentroamerica.com\/sala-prensa\/wp-json\/wp\/v2\/posts\/15911","targetHints":{"allow":["GET"]}}],"collection":[{"href":"https:\/\/www.visitcentroamerica.com\/sala-prensa\/wp-json\/wp\/v2\/posts"}],"about":[{"href":"https:\/\/www.visitcentroamerica.com\/sala-prensa\/wp-json\/wp\/v2\/types\/post"}],"author":[{"embeddable":true,"href":"https:\/\/www.visitcentroamerica.com\/sala-prensa\/wp-json\/wp\/v2\/users\/5"}],"replies":[{"embeddable":true,"href":"https:\/\/www.visitcentroamerica.com\/sala-prensa\/wp-json\/wp\/v2\/comments?post=15911"}],"version-history":[{"count":4,"href":"https:\/\/www.visitcentroamerica.com\/sala-prensa\/wp-json\/wp\/v2\/posts\/15911\/revisions"}],"predecessor-version":[{"id":15917,"href":"https:\/\/www.visitcentroamerica.com\/sala-prensa\/wp-json\/wp\/v2\/posts\/15911\/revisions\/15917"}],"wp:featuredmedia":[{"embeddable":true,"href":"https:\/\/www.visitcentroamerica.com\/sala-prensa\/wp-json\/wp\/v2\/media\/15912"}],"wp:attachment":[{"href":"https:\/\/www.visitcentroamerica.com\/sala-prensa\/wp-json\/wp\/v2\/media?parent=15911"}],"wp:term":[{"taxonomy":"category","embeddable":true,"href":"https:\/\/www.visitcentroamerica.com\/sala-prensa\/wp-json\/wp\/v2\/categories?post=15911"},{"taxonomy":"post_tag","embeddable":true,"href":"https:\/\/www.visitcentroamerica.com\/sala-prensa\/wp-json\/wp\/v2\/tags?post=15911"}],"curies":[{"name":"wp","href":"https:\/\/api.w.org\/{rel}","templated":true}]}}