{"id":15903,"date":"2025-03-24T18:45:18","date_gmt":"2025-03-24T17:45:18","guid":{"rendered":"https:\/\/www.visitcentroamerica.com\/sala-prensa\/?p=15903"},"modified":"2025-03-24T18:45:18","modified_gmt":"2025-03-24T17:45:18","slug":"juntos-colocamos-a-centroamerica-en-el-mapa-internacional-de-avistamiento-de-aves","status":"publish","type":"post","link":"https:\/\/www.visitcentroamerica.com\/sala-prensa\/otros\/juntos-colocamos-a-centroamerica-en-el-mapa-internacional-de-avistamiento-de-aves\/","title":{"rendered":"Juntos colocamos a Centroam\u00e9rica en el mapa internacional de avistamiento de aves"},"content":{"rendered":"<p><img loading=\"lazy\" decoding=\"async\" class=\"alignnone size-full wp-image-15904\" src=\"https:\/\/www.visitcentroamerica.com\/sala-prensa\/wp-content\/uploads\/2025\/03\/Sin-titulo-1024-x-600-px-2025-03-17T142712.729.png\" alt=\"Resultados finales Centroam\u00e9rica Big Day\" width=\"1024\" height=\"600\" srcset=\"https:\/\/www.visitcentroamerica.com\/sala-prensa\/wp-content\/uploads\/2025\/03\/Sin-titulo-1024-x-600-px-2025-03-17T142712.729.png 1024w, https:\/\/www.visitcentroamerica.com\/sala-prensa\/wp-content\/uploads\/2025\/03\/Sin-titulo-1024-x-600-px-2025-03-17T142712.729-300x176.png 300w, https:\/\/www.visitcentroamerica.com\/sala-prensa\/wp-content\/uploads\/2025\/03\/Sin-titulo-1024-x-600-px-2025-03-17T142712.729-768x450.png 768w, https:\/\/www.visitcentroamerica.com\/sala-prensa\/wp-content\/uploads\/2025\/03\/Sin-titulo-1024-x-600-px-2025-03-17T142712.729-717x420.png 717w, https:\/\/www.visitcentroamerica.com\/sala-prensa\/wp-content\/uploads\/2025\/03\/Sin-titulo-1024-x-600-px-2025-03-17T142712.729-696x408.png 696w, https:\/\/www.visitcentroamerica.com\/sala-prensa\/wp-content\/uploads\/2025\/03\/Sin-titulo-1024-x-600-px-2025-03-17T142712.729-500x293.png 500w\" sizes=\"auto, (max-width: 1024px) 100vw, 1024px\" \/><\/p>\n<p>El Centroam\u00e9rica Big Day logr\u00f3 unir a la regi\u00f3n en una fiesta simult\u00e1nea, que celebr\u00f3 la riqueza de la avifauna de este puente natural, hogar para cientos de especies. Hoy, compartimos con mucha emoci\u00f3n los resultados de esta actividad que nos permiti\u00f3 construir, en colectivo, ciencia ciudadana con un enfoque de conservaci\u00f3n y respeto hacia la naturaleza.<\/p>\n<p>Contabilizamos un total de:<\/p>\n<p><strong>445 listas<\/strong><br \/>\n<strong>772 especies avistadas,<\/strong><\/p>\n<p>Nos ubicamos en la posici\u00f3n <strong>n\u00famero 5 del top 100 de eBirders en Centroam\u00e9rica<\/strong>, por listas completas y en la posici\u00f3n <strong>n\u00famero 1 por especies en lo que va de 2025<\/strong>.<\/p>\n<p>En plataformas digitales, contabilizamos m\u00e1s de <strong>350 publicaciones<\/strong>, registrando entre febrero y marzo m\u00e1s de <strong>192,799 visualizaciones<\/strong>, aumentando m\u00e1s de <strong>244% nuestra actividad en redes.<\/strong><\/p>\n<p>El evento, tambi\u00e9n, capt\u00f3 la atenci\u00f3n de medios de comunicaci\u00f3n, generando publicaciones de alto impacto en prensa regional e internacional.<\/p>\n<p>Agradecemos a las administraciones del sector p\u00fablico y privado del turismo y medio ambiente, pero, sobre todo, a los clubes de observaci\u00f3n, quienes decidieron compartir su conocimiento y pasi\u00f3n por las aves con participantes expertos y aficionados.<\/p>\n<p>Juntos logramos colocar a Centroam\u00e9rica en el mapa internacional del avistamiento de aves. Gracias por ser parte de este gran logro. \u00a1Nos vemos en la pr\u00f3xima edici\u00f3n del Centroam\u00e9rica Big Day!<\/p>\n","protected":false},"excerpt":{"rendered":"<p>El Centroam\u00e9rica Big Day logr\u00f3 unir a la regi\u00f3n en una fiesta simult\u00e1nea, que celebr\u00f3 la riqueza de la avifauna de este puente natural, hogar para cientos de especies. Hoy, compartimos con mucha emoci\u00f3n los resultados de esta actividad que nos permiti\u00f3 construir, en colectivo, ciencia ciudadana con un enfoque de conservaci\u00f3n y respeto hacia [&hellip;]<\/p>\n","protected":false},"author":5,"featured_media":15904,"comment_status":"open","ping_status":"closed","sticky":false,"template":"","format":"standard","meta":{"footnotes":""},"categories":[1],"tags":[],"class_list":{"0":"post-15903","1":"post","2":"type-post","3":"status-publish","4":"format-standard","5":"has-post-thumbnail","7":"category-otros"},"yoast_head":"<!-- This site is optimized with the Yoast SEO plugin v27.3 - https:\/\/yoast.com\/product\/yoast-seo-wordpress\/ -->\n<title>Juntos colocamos a Centroam\u00e9rica en el mapa internacional de avistamiento de aves - Sala de prensa<\/title>\n<meta name=\"robots\" content=\"index, follow, max-snippet:-1, max-image-preview:large, max-video-preview:-1\" \/>\n<link rel=\"canonical\" href=\"https:\/\/www.visitcentroamerica.com\/sala-prensa\/otros\/juntos-colocamos-a-centroamerica-en-el-mapa-internacional-de-avistamiento-de-aves\/\" \/>\n<meta property=\"og:locale\" content=\"es_ES\" \/>\n<meta property=\"og:type\" content=\"article\" \/>\n<meta property=\"og:title\" content=\"Juntos colocamos a Centroam\u00e9rica en el mapa internacional de avistamiento de aves - Sala de prensa\" \/>\n<meta property=\"og:description\" content=\"El Centroam\u00e9rica Big Day logr\u00f3 unir a la regi\u00f3n en una fiesta simult\u00e1nea, que celebr\u00f3 la riqueza de la avifauna de este puente natural, hogar para cientos de especies. Hoy, compartimos con mucha emoci\u00f3n los resultados de esta actividad que nos permiti\u00f3 construir, en colectivo, ciencia ciudadana con un enfoque de conservaci\u00f3n y respeto hacia [&hellip;]\" \/>\n<meta property=\"og:url\" content=\"https:\/\/www.visitcentroamerica.com\/sala-prensa\/otros\/juntos-colocamos-a-centroamerica-en-el-mapa-internacional-de-avistamiento-de-aves\/\" \/>\n<meta property=\"og:site_name\" content=\"Sala de prensa\" \/>\n<meta property=\"article:published_time\" content=\"2025-03-24T17:45:18+00:00\" \/>\n<meta property=\"og:image\" content=\"https:\/\/www.visitcentroamerica.com\/sala-prensa\/wp-content\/uploads\/2025\/03\/Sin-titulo-1024-x-600-px-2025-03-17T142712.729.png\" \/>\n\t<meta property=\"og:image:width\" content=\"1024\" \/>\n\t<meta property=\"og:image:height\" content=\"600\" \/>\n\t<meta property=\"og:image:type\" content=\"image\/png\" \/>\n<meta name=\"author\" content=\"Denis Alvarado\" \/>\n<meta name=\"twitter:card\" content=\"summary_large_image\" \/>\n<meta name=\"twitter:label1\" content=\"Escrito por\" \/>\n\t<meta name=\"twitter:data1\" content=\"Denis Alvarado\" \/>\n\t<meta name=\"twitter:label2\" content=\"Tiempo de lectura\" \/>\n\t<meta name=\"twitter:data2\" content=\"2 minutos\" \/>\n<script type=\"application\/ld+json\" class=\"yoast-schema-graph\">{\"@context\":\"https:\\\/\\\/schema.org\",\"@graph\":[{\"@type\":\"Article\",\"@id\":\"https:\\\/\\\/www.visitcentroamerica.com\\\/sala-prensa\\\/otros\\\/juntos-colocamos-a-centroamerica-en-el-mapa-internacional-de-avistamiento-de-aves\\\/#article\",\"isPartOf\":{\"@id\":\"https:\\\/\\\/www.visitcentroamerica.com\\\/sala-prensa\\\/otros\\\/juntos-colocamos-a-centroamerica-en-el-mapa-internacional-de-avistamiento-de-aves\\\/\"},\"author\":{\"name\":\"Denis Alvarado\",\"@id\":\"https:\\\/\\\/www.visitcentroamerica.com\\\/sala-prensa\\\/#\\\/schema\\\/person\\\/0aa3bd0dbaabaead6089ee3dd0cd7ae5\"},\"headline\":\"Juntos colocamos a Centroam\u00e9rica en el mapa internacional de avistamiento de aves\",\"datePublished\":\"2025-03-24T17:45:18+00:00\",\"mainEntityOfPage\":{\"@id\":\"https:\\\/\\\/www.visitcentroamerica.com\\\/sala-prensa\\\/otros\\\/juntos-colocamos-a-centroamerica-en-el-mapa-internacional-de-avistamiento-de-aves\\\/\"},\"wordCount\":237,\"commentCount\":0,\"image\":{\"@id\":\"https:\\\/\\\/www.visitcentroamerica.com\\\/sala-prensa\\\/otros\\\/juntos-colocamos-a-centroamerica-en-el-mapa-internacional-de-avistamiento-de-aves\\\/#primaryimage\"},\"thumbnailUrl\":\"https:\\\/\\\/www.visitcentroamerica.com\\\/sala-prensa\\\/wp-content\\\/uploads\\\/2025\\\/03\\\/Sin-titulo-1024-x-600-px-2025-03-17T142712.729.png\",\"articleSection\":[\"Otros\"],\"inLanguage\":\"es\",\"potentialAction\":[{\"@type\":\"CommentAction\",\"name\":\"Comment\",\"target\":[\"https:\\\/\\\/www.visitcentroamerica.com\\\/sala-prensa\\\/otros\\\/juntos-colocamos-a-centroamerica-en-el-mapa-internacional-de-avistamiento-de-aves\\\/#respond\"]}]},{\"@type\":\"WebPage\",\"@id\":\"https:\\\/\\\/www.visitcentroamerica.com\\\/sala-prensa\\\/otros\\\/juntos-colocamos-a-centroamerica-en-el-mapa-internacional-de-avistamiento-de-aves\\\/\",\"url\":\"https:\\\/\\\/www.visitcentroamerica.com\\\/sala-prensa\\\/otros\\\/juntos-colocamos-a-centroamerica-en-el-mapa-internacional-de-avistamiento-de-aves\\\/\",\"name\":\"Juntos colocamos a Centroam\u00e9rica en el mapa internacional de avistamiento de aves - Sala de prensa\",\"isPartOf\":{\"@id\":\"https:\\\/\\\/www.visitcentroamerica.com\\\/sala-prensa\\\/#website\"},\"primaryImageOfPage\":{\"@id\":\"https:\\\/\\\/www.visitcentroamerica.com\\\/sala-prensa\\\/otros\\\/juntos-colocamos-a-centroamerica-en-el-mapa-internacional-de-avistamiento-de-aves\\\/#primaryimage\"},\"image\":{\"@id\":\"https:\\\/\\\/www.visitcentroamerica.com\\\/sala-prensa\\\/otros\\\/juntos-colocamos-a-centroamerica-en-el-mapa-internacional-de-avistamiento-de-aves\\\/#primaryimage\"},\"thumbnailUrl\":\"https:\\\/\\\/www.visitcentroamerica.com\\\/sala-prensa\\\/wp-content\\\/uploads\\\/2025\\\/03\\\/Sin-titulo-1024-x-600-px-2025-03-17T142712.729.png\",\"datePublished\":\"2025-03-24T17:45:18+00:00\",\"author\":{\"@id\":\"https:\\\/\\\/www.visitcentroamerica.com\\\/sala-prensa\\\/#\\\/schema\\\/person\\\/0aa3bd0dbaabaead6089ee3dd0cd7ae5\"},\"breadcrumb\":{\"@id\":\"https:\\\/\\\/www.visitcentroamerica.com\\\/sala-prensa\\\/otros\\\/juntos-colocamos-a-centroamerica-en-el-mapa-internacional-de-avistamiento-de-aves\\\/#breadcrumb\"},\"inLanguage\":\"es\",\"potentialAction\":[{\"@type\":\"ReadAction\",\"target\":[\"https:\\\/\\\/www.visitcentroamerica.com\\\/sala-prensa\\\/otros\\\/juntos-colocamos-a-centroamerica-en-el-mapa-internacional-de-avistamiento-de-aves\\\/\"]}]},{\"@type\":\"ImageObject\",\"inLanguage\":\"es\",\"@id\":\"https:\\\/\\\/www.visitcentroamerica.com\\\/sala-prensa\\\/otros\\\/juntos-colocamos-a-centroamerica-en-el-mapa-internacional-de-avistamiento-de-aves\\\/#primaryimage\",\"url\":\"https:\\\/\\\/www.visitcentroamerica.com\\\/sala-prensa\\\/wp-content\\\/uploads\\\/2025\\\/03\\\/Sin-titulo-1024-x-600-px-2025-03-17T142712.729.png\",\"contentUrl\":\"https:\\\/\\\/www.visitcentroamerica.com\\\/sala-prensa\\\/wp-content\\\/uploads\\\/2025\\\/03\\\/Sin-titulo-1024-x-600-px-2025-03-17T142712.729.png\",\"width\":1024,\"height\":600,\"caption\":\"Resultados finales Centroam\u00e9rica Big Day\"},{\"@type\":\"BreadcrumbList\",\"@id\":\"https:\\\/\\\/www.visitcentroamerica.com\\\/sala-prensa\\\/otros\\\/juntos-colocamos-a-centroamerica-en-el-mapa-internacional-de-avistamiento-de-aves\\\/#breadcrumb\",\"itemListElement\":[{\"@type\":\"ListItem\",\"position\":1,\"name\":\"Portada\",\"item\":\"https:\\\/\\\/www.visitcentroamerica.com\\\/sala-prensa\\\/\"},{\"@type\":\"ListItem\",\"position\":2,\"name\":\"Juntos colocamos a Centroam\u00e9rica en el mapa internacional de avistamiento de aves\"}]},{\"@type\":\"WebSite\",\"@id\":\"https:\\\/\\\/www.visitcentroamerica.com\\\/sala-prensa\\\/#website\",\"url\":\"https:\\\/\\\/www.visitcentroamerica.com\\\/sala-prensa\\\/\",\"name\":\"Sala de prensa\",\"description\":\"\",\"potentialAction\":[{\"@type\":\"SearchAction\",\"target\":{\"@type\":\"EntryPoint\",\"urlTemplate\":\"https:\\\/\\\/www.visitcentroamerica.com\\\/sala-prensa\\\/?s={search_term_string}\"},\"query-input\":{\"@type\":\"PropertyValueSpecification\",\"valueRequired\":true,\"valueName\":\"search_term_string\"}}],\"inLanguage\":\"es\"},{\"@type\":\"Person\",\"@id\":\"https:\\\/\\\/www.visitcentroamerica.com\\\/sala-prensa\\\/#\\\/schema\\\/person\\\/0aa3bd0dbaabaead6089ee3dd0cd7ae5\",\"name\":\"Denis Alvarado\",\"image\":{\"@type\":\"ImageObject\",\"inLanguage\":\"es\",\"@id\":\"https:\\\/\\\/secure.gravatar.com\\\/avatar\\\/c31f0697f6edb7c68d5dedc2ccbd548d2a9f73aa293e81c6a1425229ec4c9135?s=96&d=mm&r=g\",\"url\":\"https:\\\/\\\/secure.gravatar.com\\\/avatar\\\/c31f0697f6edb7c68d5dedc2ccbd548d2a9f73aa293e81c6a1425229ec4c9135?s=96&d=mm&r=g\",\"contentUrl\":\"https:\\\/\\\/secure.gravatar.com\\\/avatar\\\/c31f0697f6edb7c68d5dedc2ccbd548d2a9f73aa293e81c6a1425229ec4c9135?s=96&d=mm&r=g\",\"caption\":\"Denis Alvarado\"},\"url\":\"https:\\\/\\\/www.visitcentroamerica.com\\\/sala-prensa\\\/author\\\/denis\\\/\"}]}<\/script>\n<!-- \/ Yoast SEO plugin. -->","yoast_head_json":{"title":"Juntos colocamos a Centroam\u00e9rica en el mapa internacional de avistamiento de aves - Sala de prensa","robots":{"index":"index","follow":"follow","max-snippet":"max-snippet:-1","max-image-preview":"max-image-preview:large","max-video-preview":"max-video-preview:-1"},"canonical":"https:\/\/www.visitcentroamerica.com\/sala-prensa\/otros\/juntos-colocamos-a-centroamerica-en-el-mapa-internacional-de-avistamiento-de-aves\/","og_locale":"es_ES","og_type":"article","og_title":"Juntos colocamos a Centroam\u00e9rica en el mapa internacional de avistamiento de aves - Sala de prensa","og_description":"El Centroam\u00e9rica Big Day logr\u00f3 unir a la regi\u00f3n en una fiesta simult\u00e1nea, que celebr\u00f3 la riqueza de la avifauna de este puente natural, hogar para cientos de especies. Hoy, compartimos con mucha emoci\u00f3n los resultados de esta actividad que nos permiti\u00f3 construir, en colectivo, ciencia ciudadana con un enfoque de conservaci\u00f3n y respeto hacia [&hellip;]","og_url":"https:\/\/www.visitcentroamerica.com\/sala-prensa\/otros\/juntos-colocamos-a-centroamerica-en-el-mapa-internacional-de-avistamiento-de-aves\/","og_site_name":"Sala de prensa","article_published_time":"2025-03-24T17:45:18+00:00","og_image":[{"width":1024,"height":600,"url":"https:\/\/www.visitcentroamerica.com\/sala-prensa\/wp-content\/uploads\/2025\/03\/Sin-titulo-1024-x-600-px-2025-03-17T142712.729.png","type":"image\/png"}],"author":"Denis Alvarado","twitter_card":"summary_large_image","twitter_misc":{"Escrito por":"Denis Alvarado","Tiempo de lectura":"2 minutos"},"schema":{"@context":"https:\/\/schema.org","@graph":[{"@type":"Article","@id":"https:\/\/www.visitcentroamerica.com\/sala-prensa\/otros\/juntos-colocamos-a-centroamerica-en-el-mapa-internacional-de-avistamiento-de-aves\/#article","isPartOf":{"@id":"https:\/\/www.visitcentroamerica.com\/sala-prensa\/otros\/juntos-colocamos-a-centroamerica-en-el-mapa-internacional-de-avistamiento-de-aves\/"},"author":{"name":"Denis Alvarado","@id":"https:\/\/www.visitcentroamerica.com\/sala-prensa\/#\/schema\/person\/0aa3bd0dbaabaead6089ee3dd0cd7ae5"},"headline":"Juntos colocamos a Centroam\u00e9rica en el mapa internacional de avistamiento de aves","datePublished":"2025-03-24T17:45:18+00:00","mainEntityOfPage":{"@id":"https:\/\/www.visitcentroamerica.com\/sala-prensa\/otros\/juntos-colocamos-a-centroamerica-en-el-mapa-internacional-de-avistamiento-de-aves\/"},"wordCount":237,"commentCount":0,"image":{"@id":"https:\/\/www.visitcentroamerica.com\/sala-prensa\/otros\/juntos-colocamos-a-centroamerica-en-el-mapa-internacional-de-avistamiento-de-aves\/#primaryimage"},"thumbnailUrl":"https:\/\/www.visitcentroamerica.com\/sala-prensa\/wp-content\/uploads\/2025\/03\/Sin-titulo-1024-x-600-px-2025-03-17T142712.729.png","articleSection":["Otros"],"inLanguage":"es","potentialAction":[{"@type":"CommentAction","name":"Comment","target":["https:\/\/www.visitcentroamerica.com\/sala-prensa\/otros\/juntos-colocamos-a-centroamerica-en-el-mapa-internacional-de-avistamiento-de-aves\/#respond"]}]},{"@type":"WebPage","@id":"https:\/\/www.visitcentroamerica.com\/sala-prensa\/otros\/juntos-colocamos-a-centroamerica-en-el-mapa-internacional-de-avistamiento-de-aves\/","url":"https:\/\/www.visitcentroamerica.com\/sala-prensa\/otros\/juntos-colocamos-a-centroamerica-en-el-mapa-internacional-de-avistamiento-de-aves\/","name":"Juntos colocamos a Centroam\u00e9rica en el mapa internacional de avistamiento de aves - Sala de prensa","isPartOf":{"@id":"https:\/\/www.visitcentroamerica.com\/sala-prensa\/#website"},"primaryImageOfPage":{"@id":"https:\/\/www.visitcentroamerica.com\/sala-prensa\/otros\/juntos-colocamos-a-centroamerica-en-el-mapa-internacional-de-avistamiento-de-aves\/#primaryimage"},"image":{"@id":"https:\/\/www.visitcentroamerica.com\/sala-prensa\/otros\/juntos-colocamos-a-centroamerica-en-el-mapa-internacional-de-avistamiento-de-aves\/#primaryimage"},"thumbnailUrl":"https:\/\/www.visitcentroamerica.com\/sala-prensa\/wp-content\/uploads\/2025\/03\/Sin-titulo-1024-x-600-px-2025-03-17T142712.729.png","datePublished":"2025-03-24T17:45:18+00:00","author":{"@id":"https:\/\/www.visitcentroamerica.com\/sala-prensa\/#\/schema\/person\/0aa3bd0dbaabaead6089ee3dd0cd7ae5"},"breadcrumb":{"@id":"https:\/\/www.visitcentroamerica.com\/sala-prensa\/otros\/juntos-colocamos-a-centroamerica-en-el-mapa-internacional-de-avistamiento-de-aves\/#breadcrumb"},"inLanguage":"es","potentialAction":[{"@type":"ReadAction","target":["https:\/\/www.visitcentroamerica.com\/sala-prensa\/otros\/juntos-colocamos-a-centroamerica-en-el-mapa-internacional-de-avistamiento-de-aves\/"]}]},{"@type":"ImageObject","inLanguage":"es","@id":"https:\/\/www.visitcentroamerica.com\/sala-prensa\/otros\/juntos-colocamos-a-centroamerica-en-el-mapa-internacional-de-avistamiento-de-aves\/#primaryimage","url":"https:\/\/www.visitcentroamerica.com\/sala-prensa\/wp-content\/uploads\/2025\/03\/Sin-titulo-1024-x-600-px-2025-03-17T142712.729.png","contentUrl":"https:\/\/www.visitcentroamerica.com\/sala-prensa\/wp-content\/uploads\/2025\/03\/Sin-titulo-1024-x-600-px-2025-03-17T142712.729.png","width":1024,"height":600,"caption":"Resultados finales Centroam\u00e9rica Big Day"},{"@type":"BreadcrumbList","@id":"https:\/\/www.visitcentroamerica.com\/sala-prensa\/otros\/juntos-colocamos-a-centroamerica-en-el-mapa-internacional-de-avistamiento-de-aves\/#breadcrumb","itemListElement":[{"@type":"ListItem","position":1,"name":"Portada","item":"https:\/\/www.visitcentroamerica.com\/sala-prensa\/"},{"@type":"ListItem","position":2,"name":"Juntos colocamos a Centroam\u00e9rica en el mapa internacional de avistamiento de aves"}]},{"@type":"WebSite","@id":"https:\/\/www.visitcentroamerica.com\/sala-prensa\/#website","url":"https:\/\/www.visitcentroamerica.com\/sala-prensa\/","name":"Sala de prensa","description":"","potentialAction":[{"@type":"SearchAction","target":{"@type":"EntryPoint","urlTemplate":"https:\/\/www.visitcentroamerica.com\/sala-prensa\/?s={search_term_string}"},"query-input":{"@type":"PropertyValueSpecification","valueRequired":true,"valueName":"search_term_string"}}],"inLanguage":"es"},{"@type":"Person","@id":"https:\/\/www.visitcentroamerica.com\/sala-prensa\/#\/schema\/person\/0aa3bd0dbaabaead6089ee3dd0cd7ae5","name":"Denis Alvarado","image":{"@type":"ImageObject","inLanguage":"es","@id":"https:\/\/secure.gravatar.com\/avatar\/c31f0697f6edb7c68d5dedc2ccbd548d2a9f73aa293e81c6a1425229ec4c9135?s=96&d=mm&r=g","url":"https:\/\/secure.gravatar.com\/avatar\/c31f0697f6edb7c68d5dedc2ccbd548d2a9f73aa293e81c6a1425229ec4c9135?s=96&d=mm&r=g","contentUrl":"https:\/\/secure.gravatar.com\/avatar\/c31f0697f6edb7c68d5dedc2ccbd548d2a9f73aa293e81c6a1425229ec4c9135?s=96&d=mm&r=g","caption":"Denis Alvarado"},"url":"https:\/\/www.visitcentroamerica.com\/sala-prensa\/author\/denis\/"}]}},"_links":{"self":[{"href":"https:\/\/www.visitcentroamerica.com\/sala-prensa\/wp-json\/wp\/v2\/posts\/15903","targetHints":{"allow":["GET"]}}],"collection":[{"href":"https:\/\/www.visitcentroamerica.com\/sala-prensa\/wp-json\/wp\/v2\/posts"}],"about":[{"href":"https:\/\/www.visitcentroamerica.com\/sala-prensa\/wp-json\/wp\/v2\/types\/post"}],"author":[{"embeddable":true,"href":"https:\/\/www.visitcentroamerica.com\/sala-prensa\/wp-json\/wp\/v2\/users\/5"}],"replies":[{"embeddable":true,"href":"https:\/\/www.visitcentroamerica.com\/sala-prensa\/wp-json\/wp\/v2\/comments?post=15903"}],"version-history":[{"count":1,"href":"https:\/\/www.visitcentroamerica.com\/sala-prensa\/wp-json\/wp\/v2\/posts\/15903\/revisions"}],"predecessor-version":[{"id":15906,"href":"https:\/\/www.visitcentroamerica.com\/sala-prensa\/wp-json\/wp\/v2\/posts\/15903\/revisions\/15906"}],"wp:featuredmedia":[{"embeddable":true,"href":"https:\/\/www.visitcentroamerica.com\/sala-prensa\/wp-json\/wp\/v2\/media\/15904"}],"wp:attachment":[{"href":"https:\/\/www.visitcentroamerica.com\/sala-prensa\/wp-json\/wp\/v2\/media?parent=15903"}],"wp:term":[{"taxonomy":"category","embeddable":true,"href":"https:\/\/www.visitcentroamerica.com\/sala-prensa\/wp-json\/wp\/v2\/categories?post=15903"},{"taxonomy":"post_tag","embeddable":true,"href":"https:\/\/www.visitcentroamerica.com\/sala-prensa\/wp-json\/wp\/v2\/tags?post=15903"}],"curies":[{"name":"wp","href":"https:\/\/api.w.org\/{rel}","templated":true}]}}