{"id":15897,"date":"2025-03-14T02:07:26","date_gmt":"2025-03-14T01:07:26","guid":{"rendered":"https:\/\/www.visitcentroamerica.com\/sala-prensa\/?p=15897"},"modified":"2025-03-15T02:12:44","modified_gmt":"2025-03-15T01:12:44","slug":"centroamerica-celebra-su-primer-big-day-marcando-un-hito-para-la-observacion-de-aves-y-el-turismo-sostenible","status":"publish","type":"post","link":"https:\/\/www.visitcentroamerica.com\/sala-prensa\/otros\/centroamerica-celebra-su-primer-big-day-marcando-un-hito-para-la-observacion-de-aves-y-el-turismo-sostenible\/","title":{"rendered":"Centroam\u00e9rica celebra su primer Big Day, marcando un hito para la observaci\u00f3n de aves y el turismo sostenible"},"content":{"rendered":"<p><img loading=\"lazy\" decoding=\"async\" class=\"alignnone size-full wp-image-15898\" src=\"https:\/\/www.visitcentroamerica.com\/sala-prensa\/wp-content\/uploads\/2025\/03\/IMG_8084-scaled.jpg\" alt=\"Banner Centroam\u00e9rica Big Day\" width=\"2560\" height=\"1276\" srcset=\"https:\/\/www.visitcentroamerica.com\/sala-prensa\/wp-content\/uploads\/2025\/03\/IMG_8084-scaled.jpg 1920w, https:\/\/www.visitcentroamerica.com\/sala-prensa\/wp-content\/uploads\/2025\/03\/IMG_8084-300x150.jpg 300w, https:\/\/www.visitcentroamerica.com\/sala-prensa\/wp-content\/uploads\/2025\/03\/IMG_8084-1024x510.jpg 1024w, https:\/\/www.visitcentroamerica.com\/sala-prensa\/wp-content\/uploads\/2025\/03\/IMG_8084-768x383.jpg 768w, https:\/\/www.visitcentroamerica.com\/sala-prensa\/wp-content\/uploads\/2025\/03\/IMG_8084-1536x766.jpg 1536w, https:\/\/www.visitcentroamerica.com\/sala-prensa\/wp-content\/uploads\/2025\/03\/IMG_8084-843x420.jpg 843w, https:\/\/www.visitcentroamerica.com\/sala-prensa\/wp-content\/uploads\/2025\/03\/IMG_8084-696x347.jpg 696w, https:\/\/www.visitcentroamerica.com\/sala-prensa\/wp-content\/uploads\/2025\/03\/IMG_8084-1068x532.jpg 1068w, https:\/\/www.visitcentroamerica.com\/sala-prensa\/wp-content\/uploads\/2025\/03\/IMG_8084-324x160.jpg 324w, https:\/\/www.visitcentroamerica.com\/sala-prensa\/wp-content\/uploads\/2025\/03\/IMG_8084-500x249.jpg 500w\" sizes=\"auto, (max-width: 2560px) 100vw, 2560px\" \/><\/p>\n<p><strong>Belice, Guatemala, El Salvador, Honduras, Nicaragua, Panam\u00e1 y Rep\u00fablica Dominicana<\/strong> se unen este 15 de marzo para celebrar, de manera simult\u00e1nea, el <strong>primer Centroam\u00e9rica Big Day<\/strong>, una jornada dedicada a la observaci\u00f3n de aves end\u00e9micas y migratorias en los distintos ecosistemas de la regi\u00f3n.<\/p>\n<p>Centroam\u00e9rica cuenta con m\u00e1s de 1,000 especies y es un destino privilegiado para la observaci\u00f3n de aves, ya que funciona como un puente natural para la migraci\u00f3n en el continente. Marzo es un momento clave, coincidiendo con el pico de desplazamiento de muchas especies entre Norte y Suram\u00e9rica.<\/p>\n<p>El Centroam\u00e9rica Big Day no solo destaca la riqueza natural del istmo, sino que tambi\u00e9n impulsa el turismo sostenible y la ciencia ciudadana. Durante esta jornada, gu\u00edas especializados, clubes de avistamiento de aves, ornit\u00f3logos, operadores tur\u00edsticos y aficionados se unen para observar y registrar especies en los diversos ecosistemas de Centroam\u00e9rica y Rep\u00fablica Dominicana.<\/p>\n<p>La <strong>Agencia de Promoci\u00f3n Tur\u00edstica de Centroam\u00e9rica (CATA)<\/strong>, en coordinaci\u00f3n con las <strong>autoridades nacionales de turismo y el sector privado<\/strong>, ha habilitado m\u00e1s de <strong>100 puntos de observaci\u00f3n<\/strong> en toda la regi\u00f3n. Entre algunos de los puntos de observaci\u00f3n disponibles destacan:<\/p>\n<p><strong>Guatemala<\/strong>: Parque Nacional Tikal y Biotopo del Quetzal.<\/p>\n<p><strong>El Salvador<\/strong>: Parque Nacional Cerro Verde y El Pital.<\/p>\n<p><strong>Honduras<\/strong>: Parque Nacional La Tigra.<\/p>\n<p><strong>Nicaragua<\/strong>: Reserva Natural Volc\u00e1n Maderas e Isletas de Granada.<\/p>\n<p><strong>Panam\u00e1<\/strong>: Parque Natural Metropolitano y Parque Internacional La Amistad.<\/p>\n<p><strong>Belice<\/strong>: Crooked Tree Wildlife Sanctuary y Cockscomb Basin Wildlife Sanctuary.<\/p>\n<p>La realizaci\u00f3n del primer Centroam\u00e9rica Big Day marca un paso importante en la consolidaci\u00f3n de la regi\u00f3n como un destino de aviturismo y turismo de naturaleza. Con esta iniciativa, Centroam\u00e9rica se suma a las grandes jornadas internacionales de observaci\u00f3n de aves, <strong>reafirmando su compromiso con la sostenibilidad y el respeto por la biodiversidad<\/strong>.<\/p>\n<p>La actividad ha sido posible gracias al trabajo conjunto entre CATA y los clubes de aviturismo locales, quienes han promovido <strong>buenas pr\u00e1cticas<\/strong> para el avistamiento, asegurando que la experiencia se desarrolle con el m\u00e1ximo respeto hacia las aves y su entorno.<\/p>\n<p>Los observadores de aves podr\u00e1n compartir sus registros con la cuenta de CATA Centroam\u00e9rica en la plataforma eBird y utilizar el hashtag #CentroamericaBigDay en redes sociales para amplificar el alcance de esta iniciativa.<\/p>\n","protected":false},"excerpt":{"rendered":"<p>Belice, Guatemala, El Salvador, Honduras, Nicaragua, Panam\u00e1 y Rep\u00fablica Dominicana se unen este 15 de marzo para celebrar, de manera simult\u00e1nea, el primer Centroam\u00e9rica Big Day, una jornada dedicada a la observaci\u00f3n de aves end\u00e9micas y migratorias en los distintos ecosistemas de la regi\u00f3n. Centroam\u00e9rica cuenta con m\u00e1s de 1,000 especies y es un destino [&hellip;]<\/p>\n","protected":false},"author":5,"featured_media":15898,"comment_status":"open","ping_status":"closed","sticky":false,"template":"","format":"standard","meta":{"footnotes":""},"categories":[1],"tags":[],"class_list":{"0":"post-15897","1":"post","2":"type-post","3":"status-publish","4":"format-standard","5":"has-post-thumbnail","7":"category-otros"},"yoast_head":"<!-- This site is optimized with the Yoast SEO plugin v27.3 - https:\/\/yoast.com\/product\/yoast-seo-wordpress\/ -->\n<title>Centroam\u00e9rica celebra su primer Big Day, marcando un hito para la observaci\u00f3n de aves y el turismo sostenible - Sala de prensa<\/title>\n<meta name=\"robots\" content=\"index, follow, max-snippet:-1, max-image-preview:large, max-video-preview:-1\" \/>\n<link rel=\"canonical\" href=\"https:\/\/www.visitcentroamerica.com\/sala-prensa\/otros\/centroamerica-celebra-su-primer-big-day-marcando-un-hito-para-la-observacion-de-aves-y-el-turismo-sostenible\/\" \/>\n<meta property=\"og:locale\" content=\"es_ES\" \/>\n<meta property=\"og:type\" content=\"article\" \/>\n<meta property=\"og:title\" content=\"Centroam\u00e9rica celebra su primer Big Day, marcando un hito para la observaci\u00f3n de aves y el turismo sostenible - Sala de prensa\" \/>\n<meta property=\"og:description\" content=\"Belice, Guatemala, El Salvador, Honduras, Nicaragua, Panam\u00e1 y Rep\u00fablica Dominicana se unen este 15 de marzo para celebrar, de manera simult\u00e1nea, el primer Centroam\u00e9rica Big Day, una jornada dedicada a la observaci\u00f3n de aves end\u00e9micas y migratorias en los distintos ecosistemas de la regi\u00f3n. Centroam\u00e9rica cuenta con m\u00e1s de 1,000 especies y es un destino [&hellip;]\" \/>\n<meta property=\"og:url\" content=\"https:\/\/www.visitcentroamerica.com\/sala-prensa\/otros\/centroamerica-celebra-su-primer-big-day-marcando-un-hito-para-la-observacion-de-aves-y-el-turismo-sostenible\/\" \/>\n<meta property=\"og:site_name\" content=\"Sala de prensa\" \/>\n<meta property=\"article:published_time\" content=\"2025-03-14T01:07:26+00:00\" \/>\n<meta property=\"article:modified_time\" content=\"2025-03-15T01:12:44+00:00\" \/>\n<meta property=\"og:image\" content=\"https:\/\/www.visitcentroamerica.com\/sala-prensa\/wp-content\/uploads\/2025\/03\/IMG_8084-scaled.jpg\" \/>\n\t<meta property=\"og:image:width\" content=\"1920\" \/>\n\t<meta property=\"og:image:height\" content=\"957\" \/>\n\t<meta property=\"og:image:type\" content=\"image\/jpeg\" \/>\n<meta name=\"author\" content=\"Denis Alvarado\" \/>\n<meta name=\"twitter:card\" content=\"summary_large_image\" \/>\n<meta name=\"twitter:label1\" content=\"Escrito por\" \/>\n\t<meta name=\"twitter:data1\" content=\"Denis Alvarado\" \/>\n\t<meta name=\"twitter:label2\" content=\"Tiempo de lectura\" \/>\n\t<meta name=\"twitter:data2\" content=\"3 minutos\" \/>\n<script type=\"application\/ld+json\" class=\"yoast-schema-graph\">{\"@context\":\"https:\\\/\\\/schema.org\",\"@graph\":[{\"@type\":\"Article\",\"@id\":\"https:\\\/\\\/www.visitcentroamerica.com\\\/sala-prensa\\\/otros\\\/centroamerica-celebra-su-primer-big-day-marcando-un-hito-para-la-observacion-de-aves-y-el-turismo-sostenible\\\/#article\",\"isPartOf\":{\"@id\":\"https:\\\/\\\/www.visitcentroamerica.com\\\/sala-prensa\\\/otros\\\/centroamerica-celebra-su-primer-big-day-marcando-un-hito-para-la-observacion-de-aves-y-el-turismo-sostenible\\\/\"},\"author\":{\"name\":\"Denis Alvarado\",\"@id\":\"https:\\\/\\\/www.visitcentroamerica.com\\\/sala-prensa\\\/#\\\/schema\\\/person\\\/0aa3bd0dbaabaead6089ee3dd0cd7ae5\"},\"headline\":\"Centroam\u00e9rica celebra su primer Big Day, marcando un hito para la observaci\u00f3n de aves y el turismo sostenible\",\"datePublished\":\"2025-03-14T01:07:26+00:00\",\"dateModified\":\"2025-03-15T01:12:44+00:00\",\"mainEntityOfPage\":{\"@id\":\"https:\\\/\\\/www.visitcentroamerica.com\\\/sala-prensa\\\/otros\\\/centroamerica-celebra-su-primer-big-day-marcando-un-hito-para-la-observacion-de-aves-y-el-turismo-sostenible\\\/\"},\"wordCount\":418,\"commentCount\":0,\"image\":{\"@id\":\"https:\\\/\\\/www.visitcentroamerica.com\\\/sala-prensa\\\/otros\\\/centroamerica-celebra-su-primer-big-day-marcando-un-hito-para-la-observacion-de-aves-y-el-turismo-sostenible\\\/#primaryimage\"},\"thumbnailUrl\":\"https:\\\/\\\/www.visitcentroamerica.com\\\/sala-prensa\\\/wp-content\\\/uploads\\\/2025\\\/03\\\/IMG_8084-scaled.jpg\",\"articleSection\":[\"Otros\"],\"inLanguage\":\"es\",\"potentialAction\":[{\"@type\":\"CommentAction\",\"name\":\"Comment\",\"target\":[\"https:\\\/\\\/www.visitcentroamerica.com\\\/sala-prensa\\\/otros\\\/centroamerica-celebra-su-primer-big-day-marcando-un-hito-para-la-observacion-de-aves-y-el-turismo-sostenible\\\/#respond\"]}]},{\"@type\":\"WebPage\",\"@id\":\"https:\\\/\\\/www.visitcentroamerica.com\\\/sala-prensa\\\/otros\\\/centroamerica-celebra-su-primer-big-day-marcando-un-hito-para-la-observacion-de-aves-y-el-turismo-sostenible\\\/\",\"url\":\"https:\\\/\\\/www.visitcentroamerica.com\\\/sala-prensa\\\/otros\\\/centroamerica-celebra-su-primer-big-day-marcando-un-hito-para-la-observacion-de-aves-y-el-turismo-sostenible\\\/\",\"name\":\"Centroam\u00e9rica celebra su primer Big Day, marcando un hito para la observaci\u00f3n de aves y el turismo sostenible - Sala de prensa\",\"isPartOf\":{\"@id\":\"https:\\\/\\\/www.visitcentroamerica.com\\\/sala-prensa\\\/#website\"},\"primaryImageOfPage\":{\"@id\":\"https:\\\/\\\/www.visitcentroamerica.com\\\/sala-prensa\\\/otros\\\/centroamerica-celebra-su-primer-big-day-marcando-un-hito-para-la-observacion-de-aves-y-el-turismo-sostenible\\\/#primaryimage\"},\"image\":{\"@id\":\"https:\\\/\\\/www.visitcentroamerica.com\\\/sala-prensa\\\/otros\\\/centroamerica-celebra-su-primer-big-day-marcando-un-hito-para-la-observacion-de-aves-y-el-turismo-sostenible\\\/#primaryimage\"},\"thumbnailUrl\":\"https:\\\/\\\/www.visitcentroamerica.com\\\/sala-prensa\\\/wp-content\\\/uploads\\\/2025\\\/03\\\/IMG_8084-scaled.jpg\",\"datePublished\":\"2025-03-14T01:07:26+00:00\",\"dateModified\":\"2025-03-15T01:12:44+00:00\",\"author\":{\"@id\":\"https:\\\/\\\/www.visitcentroamerica.com\\\/sala-prensa\\\/#\\\/schema\\\/person\\\/0aa3bd0dbaabaead6089ee3dd0cd7ae5\"},\"breadcrumb\":{\"@id\":\"https:\\\/\\\/www.visitcentroamerica.com\\\/sala-prensa\\\/otros\\\/centroamerica-celebra-su-primer-big-day-marcando-un-hito-para-la-observacion-de-aves-y-el-turismo-sostenible\\\/#breadcrumb\"},\"inLanguage\":\"es\",\"potentialAction\":[{\"@type\":\"ReadAction\",\"target\":[\"https:\\\/\\\/www.visitcentroamerica.com\\\/sala-prensa\\\/otros\\\/centroamerica-celebra-su-primer-big-day-marcando-un-hito-para-la-observacion-de-aves-y-el-turismo-sostenible\\\/\"]}]},{\"@type\":\"ImageObject\",\"inLanguage\":\"es\",\"@id\":\"https:\\\/\\\/www.visitcentroamerica.com\\\/sala-prensa\\\/otros\\\/centroamerica-celebra-su-primer-big-day-marcando-un-hito-para-la-observacion-de-aves-y-el-turismo-sostenible\\\/#primaryimage\",\"url\":\"https:\\\/\\\/www.visitcentroamerica.com\\\/sala-prensa\\\/wp-content\\\/uploads\\\/2025\\\/03\\\/IMG_8084-scaled.jpg\",\"contentUrl\":\"https:\\\/\\\/www.visitcentroamerica.com\\\/sala-prensa\\\/wp-content\\\/uploads\\\/2025\\\/03\\\/IMG_8084-scaled.jpg\",\"width\":1920,\"height\":957,\"caption\":\"Banner Centroam\u00e9rica Big Day\"},{\"@type\":\"BreadcrumbList\",\"@id\":\"https:\\\/\\\/www.visitcentroamerica.com\\\/sala-prensa\\\/otros\\\/centroamerica-celebra-su-primer-big-day-marcando-un-hito-para-la-observacion-de-aves-y-el-turismo-sostenible\\\/#breadcrumb\",\"itemListElement\":[{\"@type\":\"ListItem\",\"position\":1,\"name\":\"Portada\",\"item\":\"https:\\\/\\\/www.visitcentroamerica.com\\\/sala-prensa\\\/\"},{\"@type\":\"ListItem\",\"position\":2,\"name\":\"Centroam\u00e9rica celebra su primer Big Day, marcando un hito para la observaci\u00f3n de aves y el turismo sostenible\"}]},{\"@type\":\"WebSite\",\"@id\":\"https:\\\/\\\/www.visitcentroamerica.com\\\/sala-prensa\\\/#website\",\"url\":\"https:\\\/\\\/www.visitcentroamerica.com\\\/sala-prensa\\\/\",\"name\":\"Sala de prensa\",\"description\":\"\",\"potentialAction\":[{\"@type\":\"SearchAction\",\"target\":{\"@type\":\"EntryPoint\",\"urlTemplate\":\"https:\\\/\\\/www.visitcentroamerica.com\\\/sala-prensa\\\/?s={search_term_string}\"},\"query-input\":{\"@type\":\"PropertyValueSpecification\",\"valueRequired\":true,\"valueName\":\"search_term_string\"}}],\"inLanguage\":\"es\"},{\"@type\":\"Person\",\"@id\":\"https:\\\/\\\/www.visitcentroamerica.com\\\/sala-prensa\\\/#\\\/schema\\\/person\\\/0aa3bd0dbaabaead6089ee3dd0cd7ae5\",\"name\":\"Denis Alvarado\",\"image\":{\"@type\":\"ImageObject\",\"inLanguage\":\"es\",\"@id\":\"https:\\\/\\\/secure.gravatar.com\\\/avatar\\\/c31f0697f6edb7c68d5dedc2ccbd548d2a9f73aa293e81c6a1425229ec4c9135?s=96&d=mm&r=g\",\"url\":\"https:\\\/\\\/secure.gravatar.com\\\/avatar\\\/c31f0697f6edb7c68d5dedc2ccbd548d2a9f73aa293e81c6a1425229ec4c9135?s=96&d=mm&r=g\",\"contentUrl\":\"https:\\\/\\\/secure.gravatar.com\\\/avatar\\\/c31f0697f6edb7c68d5dedc2ccbd548d2a9f73aa293e81c6a1425229ec4c9135?s=96&d=mm&r=g\",\"caption\":\"Denis Alvarado\"},\"url\":\"https:\\\/\\\/www.visitcentroamerica.com\\\/sala-prensa\\\/author\\\/denis\\\/\"}]}<\/script>\n<!-- \/ Yoast SEO plugin. -->","yoast_head_json":{"title":"Centroam\u00e9rica celebra su primer Big Day, marcando un hito para la observaci\u00f3n de aves y el turismo sostenible - Sala de prensa","robots":{"index":"index","follow":"follow","max-snippet":"max-snippet:-1","max-image-preview":"max-image-preview:large","max-video-preview":"max-video-preview:-1"},"canonical":"https:\/\/www.visitcentroamerica.com\/sala-prensa\/otros\/centroamerica-celebra-su-primer-big-day-marcando-un-hito-para-la-observacion-de-aves-y-el-turismo-sostenible\/","og_locale":"es_ES","og_type":"article","og_title":"Centroam\u00e9rica celebra su primer Big Day, marcando un hito para la observaci\u00f3n de aves y el turismo sostenible - Sala de prensa","og_description":"Belice, Guatemala, El Salvador, Honduras, Nicaragua, Panam\u00e1 y Rep\u00fablica Dominicana se unen este 15 de marzo para celebrar, de manera simult\u00e1nea, el primer Centroam\u00e9rica Big Day, una jornada dedicada a la observaci\u00f3n de aves end\u00e9micas y migratorias en los distintos ecosistemas de la regi\u00f3n. Centroam\u00e9rica cuenta con m\u00e1s de 1,000 especies y es un destino [&hellip;]","og_url":"https:\/\/www.visitcentroamerica.com\/sala-prensa\/otros\/centroamerica-celebra-su-primer-big-day-marcando-un-hito-para-la-observacion-de-aves-y-el-turismo-sostenible\/","og_site_name":"Sala de prensa","article_published_time":"2025-03-14T01:07:26+00:00","article_modified_time":"2025-03-15T01:12:44+00:00","og_image":[{"width":1920,"height":957,"url":"https:\/\/www.visitcentroamerica.com\/sala-prensa\/wp-content\/uploads\/2025\/03\/IMG_8084-scaled.jpg","type":"image\/jpeg"}],"author":"Denis Alvarado","twitter_card":"summary_large_image","twitter_misc":{"Escrito por":"Denis Alvarado","Tiempo de lectura":"3 minutos"},"schema":{"@context":"https:\/\/schema.org","@graph":[{"@type":"Article","@id":"https:\/\/www.visitcentroamerica.com\/sala-prensa\/otros\/centroamerica-celebra-su-primer-big-day-marcando-un-hito-para-la-observacion-de-aves-y-el-turismo-sostenible\/#article","isPartOf":{"@id":"https:\/\/www.visitcentroamerica.com\/sala-prensa\/otros\/centroamerica-celebra-su-primer-big-day-marcando-un-hito-para-la-observacion-de-aves-y-el-turismo-sostenible\/"},"author":{"name":"Denis Alvarado","@id":"https:\/\/www.visitcentroamerica.com\/sala-prensa\/#\/schema\/person\/0aa3bd0dbaabaead6089ee3dd0cd7ae5"},"headline":"Centroam\u00e9rica celebra su primer Big Day, marcando un hito para la observaci\u00f3n de aves y el turismo sostenible","datePublished":"2025-03-14T01:07:26+00:00","dateModified":"2025-03-15T01:12:44+00:00","mainEntityOfPage":{"@id":"https:\/\/www.visitcentroamerica.com\/sala-prensa\/otros\/centroamerica-celebra-su-primer-big-day-marcando-un-hito-para-la-observacion-de-aves-y-el-turismo-sostenible\/"},"wordCount":418,"commentCount":0,"image":{"@id":"https:\/\/www.visitcentroamerica.com\/sala-prensa\/otros\/centroamerica-celebra-su-primer-big-day-marcando-un-hito-para-la-observacion-de-aves-y-el-turismo-sostenible\/#primaryimage"},"thumbnailUrl":"https:\/\/www.visitcentroamerica.com\/sala-prensa\/wp-content\/uploads\/2025\/03\/IMG_8084-scaled.jpg","articleSection":["Otros"],"inLanguage":"es","potentialAction":[{"@type":"CommentAction","name":"Comment","target":["https:\/\/www.visitcentroamerica.com\/sala-prensa\/otros\/centroamerica-celebra-su-primer-big-day-marcando-un-hito-para-la-observacion-de-aves-y-el-turismo-sostenible\/#respond"]}]},{"@type":"WebPage","@id":"https:\/\/www.visitcentroamerica.com\/sala-prensa\/otros\/centroamerica-celebra-su-primer-big-day-marcando-un-hito-para-la-observacion-de-aves-y-el-turismo-sostenible\/","url":"https:\/\/www.visitcentroamerica.com\/sala-prensa\/otros\/centroamerica-celebra-su-primer-big-day-marcando-un-hito-para-la-observacion-de-aves-y-el-turismo-sostenible\/","name":"Centroam\u00e9rica celebra su primer Big Day, marcando un hito para la observaci\u00f3n de aves y el turismo sostenible - Sala de prensa","isPartOf":{"@id":"https:\/\/www.visitcentroamerica.com\/sala-prensa\/#website"},"primaryImageOfPage":{"@id":"https:\/\/www.visitcentroamerica.com\/sala-prensa\/otros\/centroamerica-celebra-su-primer-big-day-marcando-un-hito-para-la-observacion-de-aves-y-el-turismo-sostenible\/#primaryimage"},"image":{"@id":"https:\/\/www.visitcentroamerica.com\/sala-prensa\/otros\/centroamerica-celebra-su-primer-big-day-marcando-un-hito-para-la-observacion-de-aves-y-el-turismo-sostenible\/#primaryimage"},"thumbnailUrl":"https:\/\/www.visitcentroamerica.com\/sala-prensa\/wp-content\/uploads\/2025\/03\/IMG_8084-scaled.jpg","datePublished":"2025-03-14T01:07:26+00:00","dateModified":"2025-03-15T01:12:44+00:00","author":{"@id":"https:\/\/www.visitcentroamerica.com\/sala-prensa\/#\/schema\/person\/0aa3bd0dbaabaead6089ee3dd0cd7ae5"},"breadcrumb":{"@id":"https:\/\/www.visitcentroamerica.com\/sala-prensa\/otros\/centroamerica-celebra-su-primer-big-day-marcando-un-hito-para-la-observacion-de-aves-y-el-turismo-sostenible\/#breadcrumb"},"inLanguage":"es","potentialAction":[{"@type":"ReadAction","target":["https:\/\/www.visitcentroamerica.com\/sala-prensa\/otros\/centroamerica-celebra-su-primer-big-day-marcando-un-hito-para-la-observacion-de-aves-y-el-turismo-sostenible\/"]}]},{"@type":"ImageObject","inLanguage":"es","@id":"https:\/\/www.visitcentroamerica.com\/sala-prensa\/otros\/centroamerica-celebra-su-primer-big-day-marcando-un-hito-para-la-observacion-de-aves-y-el-turismo-sostenible\/#primaryimage","url":"https:\/\/www.visitcentroamerica.com\/sala-prensa\/wp-content\/uploads\/2025\/03\/IMG_8084-scaled.jpg","contentUrl":"https:\/\/www.visitcentroamerica.com\/sala-prensa\/wp-content\/uploads\/2025\/03\/IMG_8084-scaled.jpg","width":1920,"height":957,"caption":"Banner Centroam\u00e9rica Big Day"},{"@type":"BreadcrumbList","@id":"https:\/\/www.visitcentroamerica.com\/sala-prensa\/otros\/centroamerica-celebra-su-primer-big-day-marcando-un-hito-para-la-observacion-de-aves-y-el-turismo-sostenible\/#breadcrumb","itemListElement":[{"@type":"ListItem","position":1,"name":"Portada","item":"https:\/\/www.visitcentroamerica.com\/sala-prensa\/"},{"@type":"ListItem","position":2,"name":"Centroam\u00e9rica celebra su primer Big Day, marcando un hito para la observaci\u00f3n de aves y el turismo sostenible"}]},{"@type":"WebSite","@id":"https:\/\/www.visitcentroamerica.com\/sala-prensa\/#website","url":"https:\/\/www.visitcentroamerica.com\/sala-prensa\/","name":"Sala de prensa","description":"","potentialAction":[{"@type":"SearchAction","target":{"@type":"EntryPoint","urlTemplate":"https:\/\/www.visitcentroamerica.com\/sala-prensa\/?s={search_term_string}"},"query-input":{"@type":"PropertyValueSpecification","valueRequired":true,"valueName":"search_term_string"}}],"inLanguage":"es"},{"@type":"Person","@id":"https:\/\/www.visitcentroamerica.com\/sala-prensa\/#\/schema\/person\/0aa3bd0dbaabaead6089ee3dd0cd7ae5","name":"Denis Alvarado","image":{"@type":"ImageObject","inLanguage":"es","@id":"https:\/\/secure.gravatar.com\/avatar\/c31f0697f6edb7c68d5dedc2ccbd548d2a9f73aa293e81c6a1425229ec4c9135?s=96&d=mm&r=g","url":"https:\/\/secure.gravatar.com\/avatar\/c31f0697f6edb7c68d5dedc2ccbd548d2a9f73aa293e81c6a1425229ec4c9135?s=96&d=mm&r=g","contentUrl":"https:\/\/secure.gravatar.com\/avatar\/c31f0697f6edb7c68d5dedc2ccbd548d2a9f73aa293e81c6a1425229ec4c9135?s=96&d=mm&r=g","caption":"Denis Alvarado"},"url":"https:\/\/www.visitcentroamerica.com\/sala-prensa\/author\/denis\/"}]}},"_links":{"self":[{"href":"https:\/\/www.visitcentroamerica.com\/sala-prensa\/wp-json\/wp\/v2\/posts\/15897","targetHints":{"allow":["GET"]}}],"collection":[{"href":"https:\/\/www.visitcentroamerica.com\/sala-prensa\/wp-json\/wp\/v2\/posts"}],"about":[{"href":"https:\/\/www.visitcentroamerica.com\/sala-prensa\/wp-json\/wp\/v2\/types\/post"}],"author":[{"embeddable":true,"href":"https:\/\/www.visitcentroamerica.com\/sala-prensa\/wp-json\/wp\/v2\/users\/5"}],"replies":[{"embeddable":true,"href":"https:\/\/www.visitcentroamerica.com\/sala-prensa\/wp-json\/wp\/v2\/comments?post=15897"}],"version-history":[{"count":1,"href":"https:\/\/www.visitcentroamerica.com\/sala-prensa\/wp-json\/wp\/v2\/posts\/15897\/revisions"}],"predecessor-version":[{"id":15900,"href":"https:\/\/www.visitcentroamerica.com\/sala-prensa\/wp-json\/wp\/v2\/posts\/15897\/revisions\/15900"}],"wp:featuredmedia":[{"embeddable":true,"href":"https:\/\/www.visitcentroamerica.com\/sala-prensa\/wp-json\/wp\/v2\/media\/15898"}],"wp:attachment":[{"href":"https:\/\/www.visitcentroamerica.com\/sala-prensa\/wp-json\/wp\/v2\/media?parent=15897"}],"wp:term":[{"taxonomy":"category","embeddable":true,"href":"https:\/\/www.visitcentroamerica.com\/sala-prensa\/wp-json\/wp\/v2\/categories?post=15897"},{"taxonomy":"post_tag","embeddable":true,"href":"https:\/\/www.visitcentroamerica.com\/sala-prensa\/wp-json\/wp\/v2\/tags?post=15897"}],"curies":[{"name":"wp","href":"https:\/\/api.w.org\/{rel}","templated":true}]}}