{"id":15889,"date":"2025-03-10T23:18:37","date_gmt":"2025-03-10T22:18:37","guid":{"rendered":"https:\/\/www.visitcentroamerica.com\/sala-prensa\/?p=15889"},"modified":"2025-03-10T23:18:37","modified_gmt":"2025-03-10T22:18:37","slug":"panama-se-consolida-como-destino-de-congresos-con-la-iets-2026","status":"publish","type":"post","link":"https:\/\/www.visitcentroamerica.com\/sala-prensa\/otros\/panama-se-consolida-como-destino-de-congresos-con-la-iets-2026\/","title":{"rendered":"Panam\u00e1 se consolida como destino de congresos con la IETS 2026"},"content":{"rendered":"<p>&nbsp;<\/p>\n<p><img loading=\"lazy\" decoding=\"async\" class=\"alignnone size-full wp-image-15892\" src=\"https:\/\/www.visitcentroamerica.com\/sala-prensa\/wp-content\/uploads\/2025\/03\/Sin-titulo-1024-x-600-px-2025-03-10T161634.247.png\" alt=\"Panam\u00e1 se consolida como destino de congresos con la IETS 2026\" width=\"1024\" height=\"600\" srcset=\"https:\/\/www.visitcentroamerica.com\/sala-prensa\/wp-content\/uploads\/2025\/03\/Sin-titulo-1024-x-600-px-2025-03-10T161634.247.png 1024w, https:\/\/www.visitcentroamerica.com\/sala-prensa\/wp-content\/uploads\/2025\/03\/Sin-titulo-1024-x-600-px-2025-03-10T161634.247-300x176.png 300w, https:\/\/www.visitcentroamerica.com\/sala-prensa\/wp-content\/uploads\/2025\/03\/Sin-titulo-1024-x-600-px-2025-03-10T161634.247-768x450.png 768w, https:\/\/www.visitcentroamerica.com\/sala-prensa\/wp-content\/uploads\/2025\/03\/Sin-titulo-1024-x-600-px-2025-03-10T161634.247-717x420.png 717w, https:\/\/www.visitcentroamerica.com\/sala-prensa\/wp-content\/uploads\/2025\/03\/Sin-titulo-1024-x-600-px-2025-03-10T161634.247-696x408.png 696w, https:\/\/www.visitcentroamerica.com\/sala-prensa\/wp-content\/uploads\/2025\/03\/Sin-titulo-1024-x-600-px-2025-03-10T161634.247-500x293.png 500w\" sizes=\"auto, (max-width: 1024px) 100vw, 1024px\" \/><\/p>\n<p><strong>(Ciudad de Panam\u00e1-ANPanam\u00e1)\u00a0\u00a0<\/strong>Panam\u00e1 acoger\u00e1 en enero de 2026 la 52\u00b0 Conferencia Anual de la Sociedad Internacional de Tecnolog\u00eda de Embriones (IETS, por sus siglas en ingl\u00e9s), uno de los principales eventos globales en biotecnolog\u00edas reproductivas animales.<\/p>\n<p>El evento, organizado por Born Animal Biotechnology Panam\u00e1 Corp. con el apoyo de la Autoridad de Turismo de Panam\u00e1 y PROMTUR, reunir\u00e1 a m\u00e1s de 700 expertos, incluyendo cient\u00edficos, profesores, t\u00e9cnicos y productores de todo el mundo, especialmente de pa\u00edses con sistemas de producci\u00f3n tropical para carne y leche.<\/p>\n<p>Durante la conferencia, se ofrecer\u00e1n ponencias magistrales, presentaciones de investigaci\u00f3n y talleres que impulsar\u00e1n el intercambio de conocimientos en este innovador campo. Seg\u00fan el Dr. Luiz Nasser, presidente de Born Animal Biotechnology Panam\u00e1 Corp., esta sede permitir\u00e1 consolidar a Panam\u00e1 como un actor clave en la exportaci\u00f3n de gen\u00e9tica animal en la regi\u00f3n, gracias a su ubicaci\u00f3n estrat\u00e9gica y s\u00f3lido estatus sanitario.<\/p>\n<p>Por su parte, Gloria De Le\u00f3n Zubieta, Administradora General de la Autoridad de Turismo de Panam\u00e1, destac\u00f3 que la realizaci\u00f3n de este evento refuerza el posicionamiento del pa\u00eds como destino de congresos y convenciones, adem\u00e1s de generar un impacto econ\u00f3mico positivo en sectores como hoteler\u00eda, gastronom\u00eda y turismo.<\/p>\n<p>Tras su edici\u00f3n en Texas en 2025, Panam\u00e1 fue elegida como sede por su conectividad, infraestructura y atractivos tur\u00edsticos.<\/p>\n","protected":false},"excerpt":{"rendered":"<p>&nbsp; (Ciudad de Panam\u00e1-ANPanam\u00e1)\u00a0\u00a0Panam\u00e1 acoger\u00e1 en enero de 2026 la 52\u00b0 Conferencia Anual de la Sociedad Internacional de Tecnolog\u00eda de Embriones (IETS, por sus siglas en ingl\u00e9s), uno de los principales eventos globales en biotecnolog\u00edas reproductivas animales. El evento, organizado por Born Animal Biotechnology Panam\u00e1 Corp. con el apoyo de la Autoridad de Turismo de [&hellip;]<\/p>\n","protected":false},"author":5,"featured_media":15892,"comment_status":"open","ping_status":"closed","sticky":false,"template":"","format":"standard","meta":{"footnotes":""},"categories":[1],"tags":[],"class_list":{"0":"post-15889","1":"post","2":"type-post","3":"status-publish","4":"format-standard","5":"has-post-thumbnail","7":"category-otros"},"yoast_head":"<!-- This site is optimized with the Yoast SEO plugin v27.3 - https:\/\/yoast.com\/product\/yoast-seo-wordpress\/ -->\n<title>Panam\u00e1 se consolida como destino de congresos con la IETS 2026 - Sala de prensa<\/title>\n<meta name=\"robots\" content=\"index, follow, max-snippet:-1, max-image-preview:large, max-video-preview:-1\" \/>\n<link rel=\"canonical\" href=\"https:\/\/www.visitcentroamerica.com\/sala-prensa\/otros\/panama-se-consolida-como-destino-de-congresos-con-la-iets-2026\/\" \/>\n<meta property=\"og:locale\" content=\"es_ES\" \/>\n<meta property=\"og:type\" content=\"article\" \/>\n<meta property=\"og:title\" content=\"Panam\u00e1 se consolida como destino de congresos con la IETS 2026 - Sala de prensa\" \/>\n<meta property=\"og:description\" content=\"&nbsp; (Ciudad de Panam\u00e1-ANPanam\u00e1)\u00a0\u00a0Panam\u00e1 acoger\u00e1 en enero de 2026 la 52\u00b0 Conferencia Anual de la Sociedad Internacional de Tecnolog\u00eda de Embriones (IETS, por sus siglas en ingl\u00e9s), uno de los principales eventos globales en biotecnolog\u00edas reproductivas animales. El evento, organizado por Born Animal Biotechnology Panam\u00e1 Corp. con el apoyo de la Autoridad de Turismo de [&hellip;]\" \/>\n<meta property=\"og:url\" content=\"https:\/\/www.visitcentroamerica.com\/sala-prensa\/otros\/panama-se-consolida-como-destino-de-congresos-con-la-iets-2026\/\" \/>\n<meta property=\"og:site_name\" content=\"Sala de prensa\" \/>\n<meta property=\"article:published_time\" content=\"2025-03-10T22:18:37+00:00\" \/>\n<meta property=\"og:image\" content=\"https:\/\/www.visitcentroamerica.com\/sala-prensa\/wp-content\/uploads\/2025\/03\/Sin-titulo-1024-x-600-px-2025-03-10T161634.247.png\" \/>\n\t<meta property=\"og:image:width\" content=\"1024\" \/>\n\t<meta property=\"og:image:height\" content=\"600\" \/>\n\t<meta property=\"og:image:type\" content=\"image\/png\" \/>\n<meta name=\"author\" content=\"Denis Alvarado\" \/>\n<meta name=\"twitter:card\" content=\"summary_large_image\" \/>\n<meta name=\"twitter:label1\" content=\"Escrito por\" \/>\n\t<meta name=\"twitter:data1\" content=\"Denis Alvarado\" \/>\n\t<meta name=\"twitter:label2\" content=\"Tiempo de lectura\" \/>\n\t<meta name=\"twitter:data2\" content=\"2 minutos\" \/>\n<script type=\"application\/ld+json\" class=\"yoast-schema-graph\">{\"@context\":\"https:\\\/\\\/schema.org\",\"@graph\":[{\"@type\":\"Article\",\"@id\":\"https:\\\/\\\/www.visitcentroamerica.com\\\/sala-prensa\\\/otros\\\/panama-se-consolida-como-destino-de-congresos-con-la-iets-2026\\\/#article\",\"isPartOf\":{\"@id\":\"https:\\\/\\\/www.visitcentroamerica.com\\\/sala-prensa\\\/otros\\\/panama-se-consolida-como-destino-de-congresos-con-la-iets-2026\\\/\"},\"author\":{\"name\":\"Denis Alvarado\",\"@id\":\"https:\\\/\\\/www.visitcentroamerica.com\\\/sala-prensa\\\/#\\\/schema\\\/person\\\/0aa3bd0dbaabaead6089ee3dd0cd7ae5\"},\"headline\":\"Panam\u00e1 se consolida como destino de congresos con la IETS 2026\",\"datePublished\":\"2025-03-10T22:18:37+00:00\",\"mainEntityOfPage\":{\"@id\":\"https:\\\/\\\/www.visitcentroamerica.com\\\/sala-prensa\\\/otros\\\/panama-se-consolida-como-destino-de-congresos-con-la-iets-2026\\\/\"},\"wordCount\":250,\"commentCount\":0,\"image\":{\"@id\":\"https:\\\/\\\/www.visitcentroamerica.com\\\/sala-prensa\\\/otros\\\/panama-se-consolida-como-destino-de-congresos-con-la-iets-2026\\\/#primaryimage\"},\"thumbnailUrl\":\"https:\\\/\\\/www.visitcentroamerica.com\\\/sala-prensa\\\/wp-content\\\/uploads\\\/2025\\\/03\\\/Sin-titulo-1024-x-600-px-2025-03-10T161634.247.png\",\"articleSection\":[\"Otros\"],\"inLanguage\":\"es\",\"potentialAction\":[{\"@type\":\"CommentAction\",\"name\":\"Comment\",\"target\":[\"https:\\\/\\\/www.visitcentroamerica.com\\\/sala-prensa\\\/otros\\\/panama-se-consolida-como-destino-de-congresos-con-la-iets-2026\\\/#respond\"]}]},{\"@type\":\"WebPage\",\"@id\":\"https:\\\/\\\/www.visitcentroamerica.com\\\/sala-prensa\\\/otros\\\/panama-se-consolida-como-destino-de-congresos-con-la-iets-2026\\\/\",\"url\":\"https:\\\/\\\/www.visitcentroamerica.com\\\/sala-prensa\\\/otros\\\/panama-se-consolida-como-destino-de-congresos-con-la-iets-2026\\\/\",\"name\":\"Panam\u00e1 se consolida como destino de congresos con la IETS 2026 - Sala de prensa\",\"isPartOf\":{\"@id\":\"https:\\\/\\\/www.visitcentroamerica.com\\\/sala-prensa\\\/#website\"},\"primaryImageOfPage\":{\"@id\":\"https:\\\/\\\/www.visitcentroamerica.com\\\/sala-prensa\\\/otros\\\/panama-se-consolida-como-destino-de-congresos-con-la-iets-2026\\\/#primaryimage\"},\"image\":{\"@id\":\"https:\\\/\\\/www.visitcentroamerica.com\\\/sala-prensa\\\/otros\\\/panama-se-consolida-como-destino-de-congresos-con-la-iets-2026\\\/#primaryimage\"},\"thumbnailUrl\":\"https:\\\/\\\/www.visitcentroamerica.com\\\/sala-prensa\\\/wp-content\\\/uploads\\\/2025\\\/03\\\/Sin-titulo-1024-x-600-px-2025-03-10T161634.247.png\",\"datePublished\":\"2025-03-10T22:18:37+00:00\",\"author\":{\"@id\":\"https:\\\/\\\/www.visitcentroamerica.com\\\/sala-prensa\\\/#\\\/schema\\\/person\\\/0aa3bd0dbaabaead6089ee3dd0cd7ae5\"},\"breadcrumb\":{\"@id\":\"https:\\\/\\\/www.visitcentroamerica.com\\\/sala-prensa\\\/otros\\\/panama-se-consolida-como-destino-de-congresos-con-la-iets-2026\\\/#breadcrumb\"},\"inLanguage\":\"es\",\"potentialAction\":[{\"@type\":\"ReadAction\",\"target\":[\"https:\\\/\\\/www.visitcentroamerica.com\\\/sala-prensa\\\/otros\\\/panama-se-consolida-como-destino-de-congresos-con-la-iets-2026\\\/\"]}]},{\"@type\":\"ImageObject\",\"inLanguage\":\"es\",\"@id\":\"https:\\\/\\\/www.visitcentroamerica.com\\\/sala-prensa\\\/otros\\\/panama-se-consolida-como-destino-de-congresos-con-la-iets-2026\\\/#primaryimage\",\"url\":\"https:\\\/\\\/www.visitcentroamerica.com\\\/sala-prensa\\\/wp-content\\\/uploads\\\/2025\\\/03\\\/Sin-titulo-1024-x-600-px-2025-03-10T161634.247.png\",\"contentUrl\":\"https:\\\/\\\/www.visitcentroamerica.com\\\/sala-prensa\\\/wp-content\\\/uploads\\\/2025\\\/03\\\/Sin-titulo-1024-x-600-px-2025-03-10T161634.247.png\",\"width\":1024,\"height\":600,\"caption\":\"Panam\u00e1 se consolida como destino de congresos con la IETS 2026\"},{\"@type\":\"BreadcrumbList\",\"@id\":\"https:\\\/\\\/www.visitcentroamerica.com\\\/sala-prensa\\\/otros\\\/panama-se-consolida-como-destino-de-congresos-con-la-iets-2026\\\/#breadcrumb\",\"itemListElement\":[{\"@type\":\"ListItem\",\"position\":1,\"name\":\"Portada\",\"item\":\"https:\\\/\\\/www.visitcentroamerica.com\\\/sala-prensa\\\/\"},{\"@type\":\"ListItem\",\"position\":2,\"name\":\"Panam\u00e1 se consolida como destino de congresos con la IETS 2026\"}]},{\"@type\":\"WebSite\",\"@id\":\"https:\\\/\\\/www.visitcentroamerica.com\\\/sala-prensa\\\/#website\",\"url\":\"https:\\\/\\\/www.visitcentroamerica.com\\\/sala-prensa\\\/\",\"name\":\"Sala de prensa\",\"description\":\"\",\"potentialAction\":[{\"@type\":\"SearchAction\",\"target\":{\"@type\":\"EntryPoint\",\"urlTemplate\":\"https:\\\/\\\/www.visitcentroamerica.com\\\/sala-prensa\\\/?s={search_term_string}\"},\"query-input\":{\"@type\":\"PropertyValueSpecification\",\"valueRequired\":true,\"valueName\":\"search_term_string\"}}],\"inLanguage\":\"es\"},{\"@type\":\"Person\",\"@id\":\"https:\\\/\\\/www.visitcentroamerica.com\\\/sala-prensa\\\/#\\\/schema\\\/person\\\/0aa3bd0dbaabaead6089ee3dd0cd7ae5\",\"name\":\"Denis Alvarado\",\"image\":{\"@type\":\"ImageObject\",\"inLanguage\":\"es\",\"@id\":\"https:\\\/\\\/secure.gravatar.com\\\/avatar\\\/c31f0697f6edb7c68d5dedc2ccbd548d2a9f73aa293e81c6a1425229ec4c9135?s=96&d=mm&r=g\",\"url\":\"https:\\\/\\\/secure.gravatar.com\\\/avatar\\\/c31f0697f6edb7c68d5dedc2ccbd548d2a9f73aa293e81c6a1425229ec4c9135?s=96&d=mm&r=g\",\"contentUrl\":\"https:\\\/\\\/secure.gravatar.com\\\/avatar\\\/c31f0697f6edb7c68d5dedc2ccbd548d2a9f73aa293e81c6a1425229ec4c9135?s=96&d=mm&r=g\",\"caption\":\"Denis Alvarado\"},\"url\":\"https:\\\/\\\/www.visitcentroamerica.com\\\/sala-prensa\\\/author\\\/denis\\\/\"}]}<\/script>\n<!-- \/ Yoast SEO plugin. -->","yoast_head_json":{"title":"Panam\u00e1 se consolida como destino de congresos con la IETS 2026 - Sala de prensa","robots":{"index":"index","follow":"follow","max-snippet":"max-snippet:-1","max-image-preview":"max-image-preview:large","max-video-preview":"max-video-preview:-1"},"canonical":"https:\/\/www.visitcentroamerica.com\/sala-prensa\/otros\/panama-se-consolida-como-destino-de-congresos-con-la-iets-2026\/","og_locale":"es_ES","og_type":"article","og_title":"Panam\u00e1 se consolida como destino de congresos con la IETS 2026 - Sala de prensa","og_description":"&nbsp; (Ciudad de Panam\u00e1-ANPanam\u00e1)\u00a0\u00a0Panam\u00e1 acoger\u00e1 en enero de 2026 la 52\u00b0 Conferencia Anual de la Sociedad Internacional de Tecnolog\u00eda de Embriones (IETS, por sus siglas en ingl\u00e9s), uno de los principales eventos globales en biotecnolog\u00edas reproductivas animales. El evento, organizado por Born Animal Biotechnology Panam\u00e1 Corp. con el apoyo de la Autoridad de Turismo de [&hellip;]","og_url":"https:\/\/www.visitcentroamerica.com\/sala-prensa\/otros\/panama-se-consolida-como-destino-de-congresos-con-la-iets-2026\/","og_site_name":"Sala de prensa","article_published_time":"2025-03-10T22:18:37+00:00","og_image":[{"width":1024,"height":600,"url":"https:\/\/www.visitcentroamerica.com\/sala-prensa\/wp-content\/uploads\/2025\/03\/Sin-titulo-1024-x-600-px-2025-03-10T161634.247.png","type":"image\/png"}],"author":"Denis Alvarado","twitter_card":"summary_large_image","twitter_misc":{"Escrito por":"Denis Alvarado","Tiempo de lectura":"2 minutos"},"schema":{"@context":"https:\/\/schema.org","@graph":[{"@type":"Article","@id":"https:\/\/www.visitcentroamerica.com\/sala-prensa\/otros\/panama-se-consolida-como-destino-de-congresos-con-la-iets-2026\/#article","isPartOf":{"@id":"https:\/\/www.visitcentroamerica.com\/sala-prensa\/otros\/panama-se-consolida-como-destino-de-congresos-con-la-iets-2026\/"},"author":{"name":"Denis Alvarado","@id":"https:\/\/www.visitcentroamerica.com\/sala-prensa\/#\/schema\/person\/0aa3bd0dbaabaead6089ee3dd0cd7ae5"},"headline":"Panam\u00e1 se consolida como destino de congresos con la IETS 2026","datePublished":"2025-03-10T22:18:37+00:00","mainEntityOfPage":{"@id":"https:\/\/www.visitcentroamerica.com\/sala-prensa\/otros\/panama-se-consolida-como-destino-de-congresos-con-la-iets-2026\/"},"wordCount":250,"commentCount":0,"image":{"@id":"https:\/\/www.visitcentroamerica.com\/sala-prensa\/otros\/panama-se-consolida-como-destino-de-congresos-con-la-iets-2026\/#primaryimage"},"thumbnailUrl":"https:\/\/www.visitcentroamerica.com\/sala-prensa\/wp-content\/uploads\/2025\/03\/Sin-titulo-1024-x-600-px-2025-03-10T161634.247.png","articleSection":["Otros"],"inLanguage":"es","potentialAction":[{"@type":"CommentAction","name":"Comment","target":["https:\/\/www.visitcentroamerica.com\/sala-prensa\/otros\/panama-se-consolida-como-destino-de-congresos-con-la-iets-2026\/#respond"]}]},{"@type":"WebPage","@id":"https:\/\/www.visitcentroamerica.com\/sala-prensa\/otros\/panama-se-consolida-como-destino-de-congresos-con-la-iets-2026\/","url":"https:\/\/www.visitcentroamerica.com\/sala-prensa\/otros\/panama-se-consolida-como-destino-de-congresos-con-la-iets-2026\/","name":"Panam\u00e1 se consolida como destino de congresos con la IETS 2026 - Sala de prensa","isPartOf":{"@id":"https:\/\/www.visitcentroamerica.com\/sala-prensa\/#website"},"primaryImageOfPage":{"@id":"https:\/\/www.visitcentroamerica.com\/sala-prensa\/otros\/panama-se-consolida-como-destino-de-congresos-con-la-iets-2026\/#primaryimage"},"image":{"@id":"https:\/\/www.visitcentroamerica.com\/sala-prensa\/otros\/panama-se-consolida-como-destino-de-congresos-con-la-iets-2026\/#primaryimage"},"thumbnailUrl":"https:\/\/www.visitcentroamerica.com\/sala-prensa\/wp-content\/uploads\/2025\/03\/Sin-titulo-1024-x-600-px-2025-03-10T161634.247.png","datePublished":"2025-03-10T22:18:37+00:00","author":{"@id":"https:\/\/www.visitcentroamerica.com\/sala-prensa\/#\/schema\/person\/0aa3bd0dbaabaead6089ee3dd0cd7ae5"},"breadcrumb":{"@id":"https:\/\/www.visitcentroamerica.com\/sala-prensa\/otros\/panama-se-consolida-como-destino-de-congresos-con-la-iets-2026\/#breadcrumb"},"inLanguage":"es","potentialAction":[{"@type":"ReadAction","target":["https:\/\/www.visitcentroamerica.com\/sala-prensa\/otros\/panama-se-consolida-como-destino-de-congresos-con-la-iets-2026\/"]}]},{"@type":"ImageObject","inLanguage":"es","@id":"https:\/\/www.visitcentroamerica.com\/sala-prensa\/otros\/panama-se-consolida-como-destino-de-congresos-con-la-iets-2026\/#primaryimage","url":"https:\/\/www.visitcentroamerica.com\/sala-prensa\/wp-content\/uploads\/2025\/03\/Sin-titulo-1024-x-600-px-2025-03-10T161634.247.png","contentUrl":"https:\/\/www.visitcentroamerica.com\/sala-prensa\/wp-content\/uploads\/2025\/03\/Sin-titulo-1024-x-600-px-2025-03-10T161634.247.png","width":1024,"height":600,"caption":"Panam\u00e1 se consolida como destino de congresos con la IETS 2026"},{"@type":"BreadcrumbList","@id":"https:\/\/www.visitcentroamerica.com\/sala-prensa\/otros\/panama-se-consolida-como-destino-de-congresos-con-la-iets-2026\/#breadcrumb","itemListElement":[{"@type":"ListItem","position":1,"name":"Portada","item":"https:\/\/www.visitcentroamerica.com\/sala-prensa\/"},{"@type":"ListItem","position":2,"name":"Panam\u00e1 se consolida como destino de congresos con la IETS 2026"}]},{"@type":"WebSite","@id":"https:\/\/www.visitcentroamerica.com\/sala-prensa\/#website","url":"https:\/\/www.visitcentroamerica.com\/sala-prensa\/","name":"Sala de prensa","description":"","potentialAction":[{"@type":"SearchAction","target":{"@type":"EntryPoint","urlTemplate":"https:\/\/www.visitcentroamerica.com\/sala-prensa\/?s={search_term_string}"},"query-input":{"@type":"PropertyValueSpecification","valueRequired":true,"valueName":"search_term_string"}}],"inLanguage":"es"},{"@type":"Person","@id":"https:\/\/www.visitcentroamerica.com\/sala-prensa\/#\/schema\/person\/0aa3bd0dbaabaead6089ee3dd0cd7ae5","name":"Denis Alvarado","image":{"@type":"ImageObject","inLanguage":"es","@id":"https:\/\/secure.gravatar.com\/avatar\/c31f0697f6edb7c68d5dedc2ccbd548d2a9f73aa293e81c6a1425229ec4c9135?s=96&d=mm&r=g","url":"https:\/\/secure.gravatar.com\/avatar\/c31f0697f6edb7c68d5dedc2ccbd548d2a9f73aa293e81c6a1425229ec4c9135?s=96&d=mm&r=g","contentUrl":"https:\/\/secure.gravatar.com\/avatar\/c31f0697f6edb7c68d5dedc2ccbd548d2a9f73aa293e81c6a1425229ec4c9135?s=96&d=mm&r=g","caption":"Denis Alvarado"},"url":"https:\/\/www.visitcentroamerica.com\/sala-prensa\/author\/denis\/"}]}},"_links":{"self":[{"href":"https:\/\/www.visitcentroamerica.com\/sala-prensa\/wp-json\/wp\/v2\/posts\/15889","targetHints":{"allow":["GET"]}}],"collection":[{"href":"https:\/\/www.visitcentroamerica.com\/sala-prensa\/wp-json\/wp\/v2\/posts"}],"about":[{"href":"https:\/\/www.visitcentroamerica.com\/sala-prensa\/wp-json\/wp\/v2\/types\/post"}],"author":[{"embeddable":true,"href":"https:\/\/www.visitcentroamerica.com\/sala-prensa\/wp-json\/wp\/v2\/users\/5"}],"replies":[{"embeddable":true,"href":"https:\/\/www.visitcentroamerica.com\/sala-prensa\/wp-json\/wp\/v2\/comments?post=15889"}],"version-history":[{"count":2,"href":"https:\/\/www.visitcentroamerica.com\/sala-prensa\/wp-json\/wp\/v2\/posts\/15889\/revisions"}],"predecessor-version":[{"id":15895,"href":"https:\/\/www.visitcentroamerica.com\/sala-prensa\/wp-json\/wp\/v2\/posts\/15889\/revisions\/15895"}],"wp:featuredmedia":[{"embeddable":true,"href":"https:\/\/www.visitcentroamerica.com\/sala-prensa\/wp-json\/wp\/v2\/media\/15892"}],"wp:attachment":[{"href":"https:\/\/www.visitcentroamerica.com\/sala-prensa\/wp-json\/wp\/v2\/media?parent=15889"}],"wp:term":[{"taxonomy":"category","embeddable":true,"href":"https:\/\/www.visitcentroamerica.com\/sala-prensa\/wp-json\/wp\/v2\/categories?post=15889"},{"taxonomy":"post_tag","embeddable":true,"href":"https:\/\/www.visitcentroamerica.com\/sala-prensa\/wp-json\/wp\/v2\/tags?post=15889"}],"curies":[{"name":"wp","href":"https:\/\/api.w.org\/{rel}","templated":true}]}}