{"id":15885,"date":"2025-03-10T22:46:50","date_gmt":"2025-03-10T21:46:50","guid":{"rendered":"https:\/\/www.visitcentroamerica.com\/sala-prensa\/?p=15885"},"modified":"2025-03-10T22:46:50","modified_gmt":"2025-03-10T21:46:50","slug":"panama-presente-en-anato-2025","status":"publish","type":"post","link":"https:\/\/www.visitcentroamerica.com\/sala-prensa\/otros\/panama-presente-en-anato-2025\/","title":{"rendered":"Panam\u00e1 presente en ANATO 2025"},"content":{"rendered":"<p><img loading=\"lazy\" decoding=\"async\" class=\"alignnone size-full wp-image-15886\" src=\"https:\/\/www.visitcentroamerica.com\/sala-prensa\/wp-content\/uploads\/2025\/03\/PANAMA-ANATO-4-1152x1536-1.jpg\" alt=\"Panam\u00e1 en ANATO 2025\" width=\"1152\" height=\"1536\" srcset=\"https:\/\/www.visitcentroamerica.com\/sala-prensa\/wp-content\/uploads\/2025\/03\/PANAMA-ANATO-4-1152x1536-1.jpg 900w, https:\/\/www.visitcentroamerica.com\/sala-prensa\/wp-content\/uploads\/2025\/03\/PANAMA-ANATO-4-1152x1536-1-225x300.jpg 225w, https:\/\/www.visitcentroamerica.com\/sala-prensa\/wp-content\/uploads\/2025\/03\/PANAMA-ANATO-4-1152x1536-1-768x1024.jpg 768w, https:\/\/www.visitcentroamerica.com\/sala-prensa\/wp-content\/uploads\/2025\/03\/PANAMA-ANATO-4-1152x1536-1-315x420.jpg 315w, https:\/\/www.visitcentroamerica.com\/sala-prensa\/wp-content\/uploads\/2025\/03\/PANAMA-ANATO-4-1152x1536-1-696x928.jpg 696w, https:\/\/www.visitcentroamerica.com\/sala-prensa\/wp-content\/uploads\/2025\/03\/PANAMA-ANATO-4-1152x1536-1-500x667.jpg 500w\" sizes=\"auto, (max-width: 1152px) 100vw, 1152px\" \/><\/p>\n<p>La delegaci\u00f3n paname\u00f1a, encabezada por\u00a0<strong>Gloria De Le\u00f3n Zubieta<\/strong>, administradora de Turismo de\u00a0<strong>Panam\u00e1<\/strong>, participa activamente en la\u00a0<strong>Vitrina Tur\u00edstica ANATO 2025<\/strong>, el evento m\u00e1s importante del sector en la regi\u00f3n. La feria se lleva a cabo del\u00a0<strong>26 al 28 de febrero<\/strong>\u00a0en\u00a0<strong>Bogot\u00e1<\/strong>\u00a0y es una plataforma clave para impulsar el turismo paname\u00f1o.<\/p>\n<h3 class=\"wp-block-heading\"><strong>Colombia, un mercado estrat\u00e9gico para Panam\u00e1<\/strong><\/h3>\n<p>La presencia de\u00a0<strong>Panam\u00e1<\/strong>\u00a0en este evento refuerza su compromiso de fortalecer la conexi\u00f3n con el mercado\u00a0<strong>colombiano<\/strong>, uno de los m\u00e1s importantes para el turismo del pa\u00eds.<\/p>\n<div id=\"desti-475564358\" class=\"desti-medio-del-contenido\">\n<p>En su primer d\u00eda en\u00a0<strong>ANATO 2025<\/strong>, la ministra De Le\u00f3n sostuvo reuniones clave para fomentar nuevas oportunidades:<\/p>\n<p><strong>Aviatur:<\/strong>\u00a0Exploraron posibles alianzas para atraer m\u00e1s turistas colombianos a Panam\u00e1. Esta reconocida agencia de viajes, con una amplia red de servicios tur\u00edsticos, ser\u00e1 un socio estrat\u00e9gico en la promoci\u00f3n del destino.<\/p>\n<p><strong>WINGO:<\/strong>\u00a0Se retomaron negociaciones para reactivar la ruta a\u00e9rea\u00a0<strong>Bogot\u00e1 \u2013\u00a0R\u00edo Hato<\/strong>, lo que facilitar\u00eda el acceso de m\u00e1s viajeros a las playas y atractivos paname\u00f1os.<\/p>\n<p>Adem\u00e1s, la ministra fue entrevistada por\u00a0<strong>La Agencia de Viajes de Colombia (LADEVI)<\/strong>, el medio l\u00edder en informaci\u00f3n tur\u00edstica en habla hispana, donde comparti\u00f3 tendencias y novedades del sector.<\/p>\n<h3 class=\"wp-block-heading\"><strong>Panam\u00e1, en el centro de la atenci\u00f3n medi\u00e1tica<\/strong><\/h3>\n<p>El stand de\u00a0<strong>Panam\u00e1<\/strong>\u00a0fue protagonista con una\u00a0<strong>rueda de prensa<\/strong>\u00a0que reuni\u00f3 a m\u00e1s de\u00a0<strong>15 medios de comunicaci\u00f3n nacionales e internacionales<\/strong>. Durante el encuentro, se resalt\u00f3 la riqueza cultural, la belleza natural y las oportunidades de negocio que ofrece el pa\u00eds.<\/p>\n<h3 class=\"wp-block-heading\"><strong>Panam\u00e1 apuesta por el turismo<\/strong><\/h3>\n<p>Con esta participaci\u00f3n en\u00a0<strong>ANATO 2025<\/strong>,\u00a0<strong>Panam\u00e1<\/strong>\u00a0reafirma su compromiso con la promoci\u00f3n tur\u00edstica y busca atraer a miles de viajeros\u00a0<strong>colombianos<\/strong>. Su diversidad cultural, su impresionante naturaleza y su conectividad a\u00e9rea lo posicionan como un destino ideal tanto para el ocio como para los negocios.<\/p>\n<\/div>\n","protected":false},"excerpt":{"rendered":"<p>La delegaci\u00f3n paname\u00f1a, encabezada por\u00a0Gloria De Le\u00f3n Zubieta, administradora de Turismo de\u00a0Panam\u00e1, participa activamente en la\u00a0Vitrina Tur\u00edstica ANATO 2025, el evento m\u00e1s importante del sector en la regi\u00f3n. La feria se lleva a cabo del\u00a026 al 28 de febrero\u00a0en\u00a0Bogot\u00e1\u00a0y es una plataforma clave para impulsar el turismo paname\u00f1o. Colombia, un mercado estrat\u00e9gico para Panam\u00e1 La [&hellip;]<\/p>\n","protected":false},"author":5,"featured_media":15886,"comment_status":"open","ping_status":"closed","sticky":false,"template":"","format":"standard","meta":{"footnotes":""},"categories":[1],"tags":[],"class_list":{"0":"post-15885","1":"post","2":"type-post","3":"status-publish","4":"format-standard","5":"has-post-thumbnail","7":"category-otros"},"yoast_head":"<!-- This site is optimized with the Yoast SEO plugin v27.3 - https:\/\/yoast.com\/product\/yoast-seo-wordpress\/ -->\n<title>Panam\u00e1 presente en ANATO 2025 - Sala de prensa<\/title>\n<meta name=\"robots\" content=\"index, follow, max-snippet:-1, max-image-preview:large, max-video-preview:-1\" \/>\n<link rel=\"canonical\" href=\"https:\/\/www.visitcentroamerica.com\/sala-prensa\/otros\/panama-presente-en-anato-2025\/\" \/>\n<meta property=\"og:locale\" content=\"es_ES\" \/>\n<meta property=\"og:type\" content=\"article\" \/>\n<meta property=\"og:title\" content=\"Panam\u00e1 presente en ANATO 2025 - Sala de prensa\" \/>\n<meta property=\"og:description\" content=\"La delegaci\u00f3n paname\u00f1a, encabezada por\u00a0Gloria De Le\u00f3n Zubieta, administradora de Turismo de\u00a0Panam\u00e1, participa activamente en la\u00a0Vitrina Tur\u00edstica ANATO 2025, el evento m\u00e1s importante del sector en la regi\u00f3n. La feria se lleva a cabo del\u00a026 al 28 de febrero\u00a0en\u00a0Bogot\u00e1\u00a0y es una plataforma clave para impulsar el turismo paname\u00f1o. Colombia, un mercado estrat\u00e9gico para Panam\u00e1 La [&hellip;]\" \/>\n<meta property=\"og:url\" content=\"https:\/\/www.visitcentroamerica.com\/sala-prensa\/otros\/panama-presente-en-anato-2025\/\" \/>\n<meta property=\"og:site_name\" content=\"Sala de prensa\" \/>\n<meta property=\"article:published_time\" content=\"2025-03-10T21:46:50+00:00\" \/>\n<meta property=\"og:image\" content=\"https:\/\/www.visitcentroamerica.com\/sala-prensa\/wp-content\/uploads\/2025\/03\/PANAMA-ANATO-4-1152x1536-1.jpg\" \/>\n\t<meta property=\"og:image:width\" content=\"900\" \/>\n\t<meta property=\"og:image:height\" content=\"1200\" \/>\n\t<meta property=\"og:image:type\" content=\"image\/jpeg\" \/>\n<meta name=\"author\" content=\"Denis Alvarado\" \/>\n<meta name=\"twitter:card\" content=\"summary_large_image\" \/>\n<meta name=\"twitter:label1\" content=\"Escrito por\" \/>\n\t<meta name=\"twitter:data1\" content=\"Denis Alvarado\" \/>\n\t<meta name=\"twitter:label2\" content=\"Tiempo de lectura\" \/>\n\t<meta name=\"twitter:data2\" content=\"2 minutos\" \/>\n<script type=\"application\/ld+json\" class=\"yoast-schema-graph\">{\"@context\":\"https:\\\/\\\/schema.org\",\"@graph\":[{\"@type\":\"Article\",\"@id\":\"https:\\\/\\\/www.visitcentroamerica.com\\\/sala-prensa\\\/otros\\\/panama-presente-en-anato-2025\\\/#article\",\"isPartOf\":{\"@id\":\"https:\\\/\\\/www.visitcentroamerica.com\\\/sala-prensa\\\/otros\\\/panama-presente-en-anato-2025\\\/\"},\"author\":{\"name\":\"Denis Alvarado\",\"@id\":\"https:\\\/\\\/www.visitcentroamerica.com\\\/sala-prensa\\\/#\\\/schema\\\/person\\\/0aa3bd0dbaabaead6089ee3dd0cd7ae5\"},\"headline\":\"Panam\u00e1 presente en ANATO 2025\",\"datePublished\":\"2025-03-10T21:46:50+00:00\",\"mainEntityOfPage\":{\"@id\":\"https:\\\/\\\/www.visitcentroamerica.com\\\/sala-prensa\\\/otros\\\/panama-presente-en-anato-2025\\\/\"},\"wordCount\":329,\"commentCount\":0,\"image\":{\"@id\":\"https:\\\/\\\/www.visitcentroamerica.com\\\/sala-prensa\\\/otros\\\/panama-presente-en-anato-2025\\\/#primaryimage\"},\"thumbnailUrl\":\"https:\\\/\\\/www.visitcentroamerica.com\\\/sala-prensa\\\/wp-content\\\/uploads\\\/2025\\\/03\\\/PANAMA-ANATO-4-1152x1536-1.jpg\",\"articleSection\":[\"Otros\"],\"inLanguage\":\"es\",\"potentialAction\":[{\"@type\":\"CommentAction\",\"name\":\"Comment\",\"target\":[\"https:\\\/\\\/www.visitcentroamerica.com\\\/sala-prensa\\\/otros\\\/panama-presente-en-anato-2025\\\/#respond\"]}]},{\"@type\":\"WebPage\",\"@id\":\"https:\\\/\\\/www.visitcentroamerica.com\\\/sala-prensa\\\/otros\\\/panama-presente-en-anato-2025\\\/\",\"url\":\"https:\\\/\\\/www.visitcentroamerica.com\\\/sala-prensa\\\/otros\\\/panama-presente-en-anato-2025\\\/\",\"name\":\"Panam\u00e1 presente en ANATO 2025 - Sala de prensa\",\"isPartOf\":{\"@id\":\"https:\\\/\\\/www.visitcentroamerica.com\\\/sala-prensa\\\/#website\"},\"primaryImageOfPage\":{\"@id\":\"https:\\\/\\\/www.visitcentroamerica.com\\\/sala-prensa\\\/otros\\\/panama-presente-en-anato-2025\\\/#primaryimage\"},\"image\":{\"@id\":\"https:\\\/\\\/www.visitcentroamerica.com\\\/sala-prensa\\\/otros\\\/panama-presente-en-anato-2025\\\/#primaryimage\"},\"thumbnailUrl\":\"https:\\\/\\\/www.visitcentroamerica.com\\\/sala-prensa\\\/wp-content\\\/uploads\\\/2025\\\/03\\\/PANAMA-ANATO-4-1152x1536-1.jpg\",\"datePublished\":\"2025-03-10T21:46:50+00:00\",\"author\":{\"@id\":\"https:\\\/\\\/www.visitcentroamerica.com\\\/sala-prensa\\\/#\\\/schema\\\/person\\\/0aa3bd0dbaabaead6089ee3dd0cd7ae5\"},\"breadcrumb\":{\"@id\":\"https:\\\/\\\/www.visitcentroamerica.com\\\/sala-prensa\\\/otros\\\/panama-presente-en-anato-2025\\\/#breadcrumb\"},\"inLanguage\":\"es\",\"potentialAction\":[{\"@type\":\"ReadAction\",\"target\":[\"https:\\\/\\\/www.visitcentroamerica.com\\\/sala-prensa\\\/otros\\\/panama-presente-en-anato-2025\\\/\"]}]},{\"@type\":\"ImageObject\",\"inLanguage\":\"es\",\"@id\":\"https:\\\/\\\/www.visitcentroamerica.com\\\/sala-prensa\\\/otros\\\/panama-presente-en-anato-2025\\\/#primaryimage\",\"url\":\"https:\\\/\\\/www.visitcentroamerica.com\\\/sala-prensa\\\/wp-content\\\/uploads\\\/2025\\\/03\\\/PANAMA-ANATO-4-1152x1536-1.jpg\",\"contentUrl\":\"https:\\\/\\\/www.visitcentroamerica.com\\\/sala-prensa\\\/wp-content\\\/uploads\\\/2025\\\/03\\\/PANAMA-ANATO-4-1152x1536-1.jpg\",\"width\":900,\"height\":1200,\"caption\":\"Panam\u00e1 en ANATO 2025\"},{\"@type\":\"BreadcrumbList\",\"@id\":\"https:\\\/\\\/www.visitcentroamerica.com\\\/sala-prensa\\\/otros\\\/panama-presente-en-anato-2025\\\/#breadcrumb\",\"itemListElement\":[{\"@type\":\"ListItem\",\"position\":1,\"name\":\"Portada\",\"item\":\"https:\\\/\\\/www.visitcentroamerica.com\\\/sala-prensa\\\/\"},{\"@type\":\"ListItem\",\"position\":2,\"name\":\"Panam\u00e1 presente en ANATO 2025\"}]},{\"@type\":\"WebSite\",\"@id\":\"https:\\\/\\\/www.visitcentroamerica.com\\\/sala-prensa\\\/#website\",\"url\":\"https:\\\/\\\/www.visitcentroamerica.com\\\/sala-prensa\\\/\",\"name\":\"Sala de prensa\",\"description\":\"\",\"potentialAction\":[{\"@type\":\"SearchAction\",\"target\":{\"@type\":\"EntryPoint\",\"urlTemplate\":\"https:\\\/\\\/www.visitcentroamerica.com\\\/sala-prensa\\\/?s={search_term_string}\"},\"query-input\":{\"@type\":\"PropertyValueSpecification\",\"valueRequired\":true,\"valueName\":\"search_term_string\"}}],\"inLanguage\":\"es\"},{\"@type\":\"Person\",\"@id\":\"https:\\\/\\\/www.visitcentroamerica.com\\\/sala-prensa\\\/#\\\/schema\\\/person\\\/0aa3bd0dbaabaead6089ee3dd0cd7ae5\",\"name\":\"Denis Alvarado\",\"image\":{\"@type\":\"ImageObject\",\"inLanguage\":\"es\",\"@id\":\"https:\\\/\\\/secure.gravatar.com\\\/avatar\\\/c31f0697f6edb7c68d5dedc2ccbd548d2a9f73aa293e81c6a1425229ec4c9135?s=96&d=mm&r=g\",\"url\":\"https:\\\/\\\/secure.gravatar.com\\\/avatar\\\/c31f0697f6edb7c68d5dedc2ccbd548d2a9f73aa293e81c6a1425229ec4c9135?s=96&d=mm&r=g\",\"contentUrl\":\"https:\\\/\\\/secure.gravatar.com\\\/avatar\\\/c31f0697f6edb7c68d5dedc2ccbd548d2a9f73aa293e81c6a1425229ec4c9135?s=96&d=mm&r=g\",\"caption\":\"Denis Alvarado\"},\"url\":\"https:\\\/\\\/www.visitcentroamerica.com\\\/sala-prensa\\\/author\\\/denis\\\/\"}]}<\/script>\n<!-- \/ Yoast SEO plugin. -->","yoast_head_json":{"title":"Panam\u00e1 presente en ANATO 2025 - Sala de prensa","robots":{"index":"index","follow":"follow","max-snippet":"max-snippet:-1","max-image-preview":"max-image-preview:large","max-video-preview":"max-video-preview:-1"},"canonical":"https:\/\/www.visitcentroamerica.com\/sala-prensa\/otros\/panama-presente-en-anato-2025\/","og_locale":"es_ES","og_type":"article","og_title":"Panam\u00e1 presente en ANATO 2025 - Sala de prensa","og_description":"La delegaci\u00f3n paname\u00f1a, encabezada por\u00a0Gloria De Le\u00f3n Zubieta, administradora de Turismo de\u00a0Panam\u00e1, participa activamente en la\u00a0Vitrina Tur\u00edstica ANATO 2025, el evento m\u00e1s importante del sector en la regi\u00f3n. La feria se lleva a cabo del\u00a026 al 28 de febrero\u00a0en\u00a0Bogot\u00e1\u00a0y es una plataforma clave para impulsar el turismo paname\u00f1o. Colombia, un mercado estrat\u00e9gico para Panam\u00e1 La [&hellip;]","og_url":"https:\/\/www.visitcentroamerica.com\/sala-prensa\/otros\/panama-presente-en-anato-2025\/","og_site_name":"Sala de prensa","article_published_time":"2025-03-10T21:46:50+00:00","og_image":[{"width":900,"height":1200,"url":"https:\/\/www.visitcentroamerica.com\/sala-prensa\/wp-content\/uploads\/2025\/03\/PANAMA-ANATO-4-1152x1536-1.jpg","type":"image\/jpeg"}],"author":"Denis Alvarado","twitter_card":"summary_large_image","twitter_misc":{"Escrito por":"Denis Alvarado","Tiempo de lectura":"2 minutos"},"schema":{"@context":"https:\/\/schema.org","@graph":[{"@type":"Article","@id":"https:\/\/www.visitcentroamerica.com\/sala-prensa\/otros\/panama-presente-en-anato-2025\/#article","isPartOf":{"@id":"https:\/\/www.visitcentroamerica.com\/sala-prensa\/otros\/panama-presente-en-anato-2025\/"},"author":{"name":"Denis Alvarado","@id":"https:\/\/www.visitcentroamerica.com\/sala-prensa\/#\/schema\/person\/0aa3bd0dbaabaead6089ee3dd0cd7ae5"},"headline":"Panam\u00e1 presente en ANATO 2025","datePublished":"2025-03-10T21:46:50+00:00","mainEntityOfPage":{"@id":"https:\/\/www.visitcentroamerica.com\/sala-prensa\/otros\/panama-presente-en-anato-2025\/"},"wordCount":329,"commentCount":0,"image":{"@id":"https:\/\/www.visitcentroamerica.com\/sala-prensa\/otros\/panama-presente-en-anato-2025\/#primaryimage"},"thumbnailUrl":"https:\/\/www.visitcentroamerica.com\/sala-prensa\/wp-content\/uploads\/2025\/03\/PANAMA-ANATO-4-1152x1536-1.jpg","articleSection":["Otros"],"inLanguage":"es","potentialAction":[{"@type":"CommentAction","name":"Comment","target":["https:\/\/www.visitcentroamerica.com\/sala-prensa\/otros\/panama-presente-en-anato-2025\/#respond"]}]},{"@type":"WebPage","@id":"https:\/\/www.visitcentroamerica.com\/sala-prensa\/otros\/panama-presente-en-anato-2025\/","url":"https:\/\/www.visitcentroamerica.com\/sala-prensa\/otros\/panama-presente-en-anato-2025\/","name":"Panam\u00e1 presente en ANATO 2025 - Sala de prensa","isPartOf":{"@id":"https:\/\/www.visitcentroamerica.com\/sala-prensa\/#website"},"primaryImageOfPage":{"@id":"https:\/\/www.visitcentroamerica.com\/sala-prensa\/otros\/panama-presente-en-anato-2025\/#primaryimage"},"image":{"@id":"https:\/\/www.visitcentroamerica.com\/sala-prensa\/otros\/panama-presente-en-anato-2025\/#primaryimage"},"thumbnailUrl":"https:\/\/www.visitcentroamerica.com\/sala-prensa\/wp-content\/uploads\/2025\/03\/PANAMA-ANATO-4-1152x1536-1.jpg","datePublished":"2025-03-10T21:46:50+00:00","author":{"@id":"https:\/\/www.visitcentroamerica.com\/sala-prensa\/#\/schema\/person\/0aa3bd0dbaabaead6089ee3dd0cd7ae5"},"breadcrumb":{"@id":"https:\/\/www.visitcentroamerica.com\/sala-prensa\/otros\/panama-presente-en-anato-2025\/#breadcrumb"},"inLanguage":"es","potentialAction":[{"@type":"ReadAction","target":["https:\/\/www.visitcentroamerica.com\/sala-prensa\/otros\/panama-presente-en-anato-2025\/"]}]},{"@type":"ImageObject","inLanguage":"es","@id":"https:\/\/www.visitcentroamerica.com\/sala-prensa\/otros\/panama-presente-en-anato-2025\/#primaryimage","url":"https:\/\/www.visitcentroamerica.com\/sala-prensa\/wp-content\/uploads\/2025\/03\/PANAMA-ANATO-4-1152x1536-1.jpg","contentUrl":"https:\/\/www.visitcentroamerica.com\/sala-prensa\/wp-content\/uploads\/2025\/03\/PANAMA-ANATO-4-1152x1536-1.jpg","width":900,"height":1200,"caption":"Panam\u00e1 en ANATO 2025"},{"@type":"BreadcrumbList","@id":"https:\/\/www.visitcentroamerica.com\/sala-prensa\/otros\/panama-presente-en-anato-2025\/#breadcrumb","itemListElement":[{"@type":"ListItem","position":1,"name":"Portada","item":"https:\/\/www.visitcentroamerica.com\/sala-prensa\/"},{"@type":"ListItem","position":2,"name":"Panam\u00e1 presente en ANATO 2025"}]},{"@type":"WebSite","@id":"https:\/\/www.visitcentroamerica.com\/sala-prensa\/#website","url":"https:\/\/www.visitcentroamerica.com\/sala-prensa\/","name":"Sala de prensa","description":"","potentialAction":[{"@type":"SearchAction","target":{"@type":"EntryPoint","urlTemplate":"https:\/\/www.visitcentroamerica.com\/sala-prensa\/?s={search_term_string}"},"query-input":{"@type":"PropertyValueSpecification","valueRequired":true,"valueName":"search_term_string"}}],"inLanguage":"es"},{"@type":"Person","@id":"https:\/\/www.visitcentroamerica.com\/sala-prensa\/#\/schema\/person\/0aa3bd0dbaabaead6089ee3dd0cd7ae5","name":"Denis Alvarado","image":{"@type":"ImageObject","inLanguage":"es","@id":"https:\/\/secure.gravatar.com\/avatar\/c31f0697f6edb7c68d5dedc2ccbd548d2a9f73aa293e81c6a1425229ec4c9135?s=96&d=mm&r=g","url":"https:\/\/secure.gravatar.com\/avatar\/c31f0697f6edb7c68d5dedc2ccbd548d2a9f73aa293e81c6a1425229ec4c9135?s=96&d=mm&r=g","contentUrl":"https:\/\/secure.gravatar.com\/avatar\/c31f0697f6edb7c68d5dedc2ccbd548d2a9f73aa293e81c6a1425229ec4c9135?s=96&d=mm&r=g","caption":"Denis Alvarado"},"url":"https:\/\/www.visitcentroamerica.com\/sala-prensa\/author\/denis\/"}]}},"_links":{"self":[{"href":"https:\/\/www.visitcentroamerica.com\/sala-prensa\/wp-json\/wp\/v2\/posts\/15885","targetHints":{"allow":["GET"]}}],"collection":[{"href":"https:\/\/www.visitcentroamerica.com\/sala-prensa\/wp-json\/wp\/v2\/posts"}],"about":[{"href":"https:\/\/www.visitcentroamerica.com\/sala-prensa\/wp-json\/wp\/v2\/types\/post"}],"author":[{"embeddable":true,"href":"https:\/\/www.visitcentroamerica.com\/sala-prensa\/wp-json\/wp\/v2\/users\/5"}],"replies":[{"embeddable":true,"href":"https:\/\/www.visitcentroamerica.com\/sala-prensa\/wp-json\/wp\/v2\/comments?post=15885"}],"version-history":[{"count":1,"href":"https:\/\/www.visitcentroamerica.com\/sala-prensa\/wp-json\/wp\/v2\/posts\/15885\/revisions"}],"predecessor-version":[{"id":15888,"href":"https:\/\/www.visitcentroamerica.com\/sala-prensa\/wp-json\/wp\/v2\/posts\/15885\/revisions\/15888"}],"wp:featuredmedia":[{"embeddable":true,"href":"https:\/\/www.visitcentroamerica.com\/sala-prensa\/wp-json\/wp\/v2\/media\/15886"}],"wp:attachment":[{"href":"https:\/\/www.visitcentroamerica.com\/sala-prensa\/wp-json\/wp\/v2\/media?parent=15885"}],"wp:term":[{"taxonomy":"category","embeddable":true,"href":"https:\/\/www.visitcentroamerica.com\/sala-prensa\/wp-json\/wp\/v2\/categories?post=15885"},{"taxonomy":"post_tag","embeddable":true,"href":"https:\/\/www.visitcentroamerica.com\/sala-prensa\/wp-json\/wp\/v2\/tags?post=15885"}],"curies":[{"name":"wp","href":"https:\/\/api.w.org\/{rel}","templated":true}]}}