{"id":15816,"date":"2025-02-13T17:51:27","date_gmt":"2025-02-13T16:51:27","guid":{"rendered":"https:\/\/www.visitcentroamerica.com\/sala-prensa\/?p=15816"},"modified":"2025-02-13T17:51:27","modified_gmt":"2025-02-13T16:51:27","slug":"que-ver-en-panama-el-desconocido-paraiso-de-centroamerica","status":"publish","type":"post","link":"https:\/\/www.visitcentroamerica.com\/sala-prensa\/otros\/que-ver-en-panama-el-desconocido-paraiso-de-centroamerica\/","title":{"rendered":"Qu\u00e9 ver en Panam\u00e1: el desconocido para\u00edso de Centroam\u00e9rica"},"content":{"rendered":"<p>&nbsp;<\/p>\n<p><img loading=\"lazy\" decoding=\"async\" class=\"alignnone wp-image-15817 size-full\" src=\"https:\/\/www.visitcentroamerica.com\/sala-prensa\/wp-content\/uploads\/2025\/02\/Sin-titulo-1024-x-600-px-2025-02-13T103923.269.png\" alt=\"\" width=\"1024\" height=\"600\" srcset=\"https:\/\/www.visitcentroamerica.com\/sala-prensa\/wp-content\/uploads\/2025\/02\/Sin-titulo-1024-x-600-px-2025-02-13T103923.269.png 1024w, https:\/\/www.visitcentroamerica.com\/sala-prensa\/wp-content\/uploads\/2025\/02\/Sin-titulo-1024-x-600-px-2025-02-13T103923.269-300x176.png 300w, https:\/\/www.visitcentroamerica.com\/sala-prensa\/wp-content\/uploads\/2025\/02\/Sin-titulo-1024-x-600-px-2025-02-13T103923.269-768x450.png 768w, https:\/\/www.visitcentroamerica.com\/sala-prensa\/wp-content\/uploads\/2025\/02\/Sin-titulo-1024-x-600-px-2025-02-13T103923.269-717x420.png 717w, https:\/\/www.visitcentroamerica.com\/sala-prensa\/wp-content\/uploads\/2025\/02\/Sin-titulo-1024-x-600-px-2025-02-13T103923.269-696x408.png 696w, https:\/\/www.visitcentroamerica.com\/sala-prensa\/wp-content\/uploads\/2025\/02\/Sin-titulo-1024-x-600-px-2025-02-13T103923.269-500x293.png 500w\" sizes=\"auto, (max-width: 1024px) 100vw, 1024px\" \/><\/p>\n<p>Este pa\u00eds situado entre dos aguas es un aut\u00e9ntico vergel en el que la naturaleza y la biodiversidad cautivan a los viajeros.<\/p>\n<p>Atravesado por un canal que ha convertido en su icono y s\u00edmbolo, Panam\u00e1 ha sabido mantener una idiosincrasia esculpida desde la mezcla, la diversidad y el intercambio. El viajero lo divisa antes de aterrizar. Y entiende, desde la panor\u00e1mica que ofrece la ventanilla del avi\u00f3n, que se aproxima a un peque\u00f1o gran mundo.<\/p>\n<p>Oasis entre oc\u00e9anos<\/p>\n<p>Hileras de buques, nav\u00edos y cargueros llegados de todo el planeta aguardan cada d\u00eda para cruzar del Atl\u00e1ntico al Pac\u00edfico y viceversa. Son 80 km que conectan dos oc\u00e9anos. El mismo d\u00eda puedes desayunar una chicha de pi\u00f1a, tamarindo o papaya junto al Pac\u00edfico y ver la puesta de sol bajo la brisa del Atl\u00e1ntico degustando una plantint\u00e1, una empanada rellena de pl\u00e1tano maduro, nuez moscada y canela.<\/p>\n<p>Tras nueve horas de vuelo desde Espa\u00f1a, el reci\u00e9n llegado se zambulle en un aut\u00e9ntico vergel. Panam\u00e1 es un para\u00edso tropical con una ubicaci\u00f3n estrat\u00e9gica. Nexo entre Am\u00e9rica del Norte y del Sur, esta estrecha franja de tierra posee bosques tropicales, marismas, lagos, volcanes, islas y playas de ensue\u00f1o.<\/p>\n<p>Quince parques nacionales terrestres y mar\u00edtimos protegen las zonas m\u00e1s sensibles as\u00ed como su enorme biodiversidad: 10.400 especies de plantas(700 de helechos, 1.400 de orqu\u00eddeas, 2.500 de \u00e1rboles) y una fauna que incluye alrededor de mil tipos de aves, adem\u00e1s de anfibios, pecar\u00eds, tapires, nutrias, monos, caimanes, perezosos, jaguares, pumas\u2026 Panam\u00e1 es todo. Panam\u00e1 es total.<\/p>\n<p>La \u00abManhattan latinoamericana\u00bb<\/p>\n<p>El aeropuerto de Tocumen es la principal puerta de entrada al pa\u00eds. Este lugar, que conecta con m\u00e1s de 70 destinos de Am\u00e9rica, Europa y Asia, es el inicio de un viaje que destila naturaleza, pero tambi\u00e9n cultura. Dejando atr\u00e1s este enjambre de aviones y avionetas, nos espera la ciudad m\u00e1s grande y poblada del pa\u00eds; la que lleva su nombre. Son treinta minutos de carretera que sumergen al viajero en un territorio que no conoce el t\u00e9rmino medio.<\/p>\n<p>De s\u00fabito, a orillas del oc\u00e9ano Pac\u00edfico, como en un filme futurista, irrumpe la silueta de Ciudad de Panam\u00e1 repleta de rascacielos. No es extra\u00f1o que reciba el sobrenombre de la \u00abManhattan latinoamericana\u00bb. Hemos llegado a un pa\u00eds y a una ciudad superlativos. Todo es grande. Todo es desmesurado. Es, adem\u00e1s, la \u00fanica capital del planeta que posee una selva tropical dentro de sus l\u00edmites urbanos.<\/p>\n<p>Puente de las Am\u00e9ricas<\/p>\n<p>Antes de recorrer a fondo la gran ciudad, conviene acercarse a una de las mayores obras de ingenier\u00eda del mundo: el Canal de Panam\u00e1, el famoso \u00abatajo\u00bb interoce\u00e1nico. En las Esclusas de Miraflores se puede conocer su historia. Dicen que el explorador espa\u00f1ol Vasco N\u00fa\u00f1ez de Balboa so\u00f1\u00f3 con este paso entre las dos grandes aguas. Qui\u00e9n sabe. Lo que s\u00ed es cierto es que no fue hasta 1880 cuando Ferdinand de Lesseps, arquitecto del Canal de Suez, lider\u00f3 el proyecto franc\u00e9s para abrir este vadeo. Las obras se abandonaron tras casi una d\u00e9cada de duro trabajo, Estados Unidos retom\u00f3 el plan en 1904 y, tres a\u00f1os despu\u00e9s, George W. Goethals culmin\u00f3 la haza\u00f1a.<\/p>\n<p>El vapor Anc\u00f3n complet\u00f3 la primera traves\u00eda el 15 de agosto de 1914, pero la hemeroteca documenta que la gr\u00faa Alexander La Valley hab\u00eda recorrido ya las esclusas unos meses antes en unas maniobras rutinarias. \u00abPero eso no lo apunte, caballero\u00bb, me dice la gu\u00eda del museo.<\/p>\n<p>Historia y naturaleza<\/p>\n<p>La visita de las Esclusas de Miraflores es una cita ineludible con la historia y la pericia humana en la que se paladea, en directo, el juego de compuertas y conductos de agua que permiten el movimiento de buques de un oc\u00e9ano a otro. Sin embargo, este tit\u00e1nico despliegue de ingenier\u00eda no puede ocultar el verde hipn\u00f3tico de alrededor. El canal se abri\u00f3 en plena selva tropical y la espesura esmeralda sigue all\u00ed. A una media hora en coche por una carretera que pelea contra la vegetaci\u00f3n, se halla el Parque Nacional Soberan\u00eda, ubicado junto a la Reserva de la Selva Tropical de Gamboa.<\/p>\n<p>Situado a solo 30 km de la capital, este parque nos recuerda el alma verde de bosque y floresta de Panam\u00e1. Los senderos de Soberan\u00eda invitan a la observaci\u00f3n silenciosa y al caminar inquieto. Hay dos veredas: el Camino del Oleoducto y el Camino de Cruces, empedrado en la \u00e9poca colonial para transportar tesoros y provisiones procedentes de Per\u00fa, Chile o Baja California. Acompa\u00f1ados por gu\u00edas expertos en bot\u00e1nica y fauna, y equipados con prism\u00e1ticos, nos adentramos en el hogar de m\u00e1s de 500 especies de aves \u2013en 1996, en solo 24 horas, se censaron 525\u2013, ciervos de cola blanca, mapaches, unos roedores llamados \u00f1eques y ocasionalmente alg\u00fan jaguar deambulan por esta selva. Pero los m\u00e1s ruidosos son los monos aulladores, que orquestan una singular sinfon\u00eda de gritos.<\/p>\n<p>Cerca se encuentra un santuario de perezosos impulsado por la Asociaci\u00f3n Panamericana de Conservaci\u00f3n. Camino hacia ese lugar con Iker Lorente Aizpur\u00faa, historiador y gu\u00eda naturalista del parque. De origen espa\u00f1ol, me cuenta que este enclave es una fusi\u00f3n de naturaleza, biodiversidad e historia. De repente, se detiene, calla y apunta con el dedo a un p\u00e1jaro en la copa de un \u00e1rbol. \u00abEs un momoto. Emite un sonido muy particular. Es una llamada baja: uuuup\u00bb. Luego cambia el registro y completa su reflexi\u00f3n: \u00abEstamos en un lugar de gran diversidad natural y de gran importancia hist\u00f3rica\u00bb. Y me explica que, aqu\u00ed al lado, el r\u00edo Chagres sirvi\u00f3 en el pasado de conexi\u00f3n entre el norte y el sur del pa\u00eds, fue pasadizo de piratas y tuvo un peso crucial en la construcci\u00f3n del canal.<\/p>\n<p>Atardecer entre rascacielos<\/p>\n<p>Cae la tarde y es un buen momento para volver a la ciudad. Regresamos en autom\u00f3vil a una urbe que fulgura en la noche. \u00abEsta ciudad no sabe dormir\u00bb, me dice el taxista. El skyline iluminado de sus rascacielos le confiere un semblante futurista. Cuando el viajero visita el sitio arqueol\u00f3gico de Panam\u00e1 la Vieja entiende que esta es una \u00abciudad f\u00e9nix\u00bb, obligada a reinventarse. Fundada en 1519 por el pol\u00edtico y militar Pedro Arias D\u00e1vila (tambi\u00e9n llamado Pedrarias) y declarada Patrimonio de la Humanidad, el recinto de la Vieja Panam\u00e1 contiene restos de edificios, empalizadas y puentes que ayudan a entender la importancia geopol\u00edtica que tuvo desde su misma fundaci\u00f3n.<\/p>\n<p>Punto estrat\u00e9gico para el tr\u00e1nsito de oro, objetos preciosos y vituallas, aquella primera Ciudad de Panam\u00e1 fue el punto de partida de numerosas expediciones, como las que se enfrentaron al Imperio inca. El filibustero gal\u00e9s Henry Morgan, nombrado caballero por Carlos II de Inglaterra, la saque\u00f3 y destruy\u00f3 en 1671. A unos 10 km del recinto arqueol\u00f3gico se edific\u00f3 la ciudad \u00abnueva\u00bb en 1673. Hoy ya no es nueva y acoge un casco antiguo que tambi\u00e9n es Patrimonio Mundial.<\/p>\n<p><img loading=\"lazy\" decoding=\"async\" class=\"alignnone wp-image-15819 size-full\" src=\"https:\/\/www.visitcentroamerica.com\/sala-prensa\/wp-content\/uploads\/2025\/02\/Sin-titulo-1024-x-600-px-2025-02-13T104435.458.png\" alt=\"\" width=\"1024\" height=\"600\" srcset=\"https:\/\/www.visitcentroamerica.com\/sala-prensa\/wp-content\/uploads\/2025\/02\/Sin-titulo-1024-x-600-px-2025-02-13T104435.458.png 1024w, https:\/\/www.visitcentroamerica.com\/sala-prensa\/wp-content\/uploads\/2025\/02\/Sin-titulo-1024-x-600-px-2025-02-13T104435.458-300x176.png 300w, https:\/\/www.visitcentroamerica.com\/sala-prensa\/wp-content\/uploads\/2025\/02\/Sin-titulo-1024-x-600-px-2025-02-13T104435.458-768x450.png 768w, https:\/\/www.visitcentroamerica.com\/sala-prensa\/wp-content\/uploads\/2025\/02\/Sin-titulo-1024-x-600-px-2025-02-13T104435.458-717x420.png 717w, https:\/\/www.visitcentroamerica.com\/sala-prensa\/wp-content\/uploads\/2025\/02\/Sin-titulo-1024-x-600-px-2025-02-13T104435.458-696x408.png 696w, https:\/\/www.visitcentroamerica.com\/sala-prensa\/wp-content\/uploads\/2025\/02\/Sin-titulo-1024-x-600-px-2025-02-13T104435.458-500x293.png 500w\" sizes=\"auto, (max-width: 1024px) 100vw, 1024px\" \/><\/p>\n<p>Casco Antiguo<\/p>\n<p>El barrio de San Felipe es el n\u00facleo viejo, que se expande atiborrado de iglesias, conventos, palacios y casonas, y tambi\u00e9n hoteles boutique, albergues y restaurantes de todo tipo. Al caer la noche, hay que vivir la experiencia de pasear, disfrutando de la brisa marina, por el corredor marino que rodea el enclave colonial y que llega a la Calzada de Amador. All\u00ed, al caminar por sus tres islas (Naos, Perico y Flamenco), creadas con las rocas extra\u00eddas durante la excavaci\u00f3n del canal, el viajero encaja las piezas del puzle de una ciudad que es todo un mundo.<\/p>\n<p>Un pa\u00eds abundante<\/p>\n<p>Tras dos horas de carretera nos adentramos en el Valle de Ant\u00f3n. Otra vez estamos rodeados por una naturaleza indomable que explicar\u00eda por qu\u00e9, para unos, Panam\u00e1 significa \u00ababundancia de peces\u00bb y, para otros, \u00ababundancia de mariposas\u00bb. Resulta irresistible sentarse a contemplar los 26 m de la cascada Chorro de Macho y, luego, relajarse en su piscina natural. Mientras caminamos por sus veredas, el gu\u00eda comenta: \u00abCon suerte veremos alguna rana dorada\u00bb, end\u00e9mica del pa\u00eds. Cerca de este para\u00edso, tomamos el sendero de los \u00e1rboles de tronco cuadrado (Quararibea asterolepis), caprichosos y \u00fanicos. El periplo sigue tras una parada para ver los petroglifos de la roca gigante de Piedra Pintada \u20138.000 a\u00f1os de antig\u00fcedad\u2013 y regatear en un mercado repleto de cestas, sombreros Panam\u00e1, cer\u00e1micas y caf\u00e9.<\/p>\n<p>Provincia de Chiriqu\u00ed<\/p>\n<p>Una hora de vuelo separa la capital paname\u00f1a del aeropuerto de David, en la provincia de Chiriqu\u00ed. La ciudad de Boquete, a 40 minutos en coche, nos recibe con una surtida colecci\u00f3n de caf\u00e9s y orqu\u00eddeas dr\u00e1culas, que solo elevan su flor de noche. Esta regi\u00f3n, considerada el granero del pa\u00eds, est\u00e1 atravesada por r\u00edos y arroyos rodeados de un verdor intenso. La zona colecciona monta\u00f1as que despuntan en el paisaje: el cerro Horqueta, el Azul, el Pata de Macho, el Respingo, la Estrella y la herc\u00falea esfinge del volc\u00e1n Bar\u00fa (3.475 m).<\/p>\n<p>Provincia bocas del toro<\/p>\n<p>Del agradable viento fresco del monte, el viaje se encamina hacia la brisa suave de la costa. Nos adentramos en la provincia de Bocas del Toro, territorio de los bribris, los naso y los ng\u00e4be bugl\u00e9, tres de las siete etnias ind\u00edgenas que habitan en Panam\u00e1. Los vergeles se multiplican a medida que nos acercamos al Caribe paname\u00f1o.<\/p>\n<p>En el l\u00edmite oeste del pa\u00eds, se localiza uno de los tesoros naturales de Centroam\u00e9rica: el Parque Internacional de la Amistad, un bosque tropical de 400.000 hect\u00e1reas compartido por Costa Rica y Panam\u00e1 y declarado Patrimonio Mundial. Es un reducto de fuerza natural en el que es posible observar grandes felinos (puma, ocelote, jaguar), perezosos y hasta 600 especies de aves, como el \u00e1guila harp\u00eda o el sagrado quetzal.<\/p>\n<p>En la ciudad de Almirante se inicia la aventura marina. En esta localidad de atm\u00f3sfera afroantillana se toma un bote colectivo a Isla Col\u00f3n. Familias locales, mochileros, artesanos y profesores de escuela ocupan una lancha que en poco rato los desembarca en el archipi\u00e9lago de Bocas del Toro, Bocas, como la llaman aqu\u00ed. Re\u00fane 9 islas, 52 cayos y miles de islotes que pueden recorrerse en lancha-taxi, el transporte habitual. Y aunque muchos visitantes pernoctan en Bastimentos, Carenero o Isla Col\u00f3n, es posible alojarse en islas cercanas, cuyo paisaje de palmeras recuerda relatos de n\u00e1ufragos, rememoran novelas de filibusteros y corsarios, y evocan un ed\u00e9n ignoto. Hay desde hostales y posadas a hoteles y mansiones privadas.<\/p>\n<p>Y, de repente, entre los desplazamientos marinos, emergen delfines que escoltan a las embarcaciones para, tambi\u00e9n de repente, desaparecer. En sus embarcaderos, mercados y plazas, el visitante se reencuentra de nuevo con esa mezcla de culturas tan caribe\u00f1a. Comunidades ind\u00edgenas, poblaci\u00f3n de ra\u00edces africanas, empresarios llegados de cualquier parte y capitalinos que decidieron buscar en estas aldeas de estilo antillano un ritmo m\u00e1s sosegado y sabroso. A pie o a bordo de lanchas r\u00e1pidas que conectan las islas, es posible descubrir un territorio que esconde secretos ins\u00f3litos.<\/p>\n<p>La tranquila Isla Col\u00f3n<\/p>\n<p>A principios del siglo XX, la sencilla villa de Isla Col\u00f3n pas\u00f3 a convertirse en una ciudad floreciente y pr\u00f3spera. La industria del pl\u00e1tano trajo la abundancia. Inglaterra, Alemania, Francia y Estados Unidos abrieron consulados. Se imprim\u00edan hasta tres diarios en ingl\u00e9s. Y se construy\u00f3 uno de los primeros hip\u00f3dromos del hemisferio sur. Luego, un hongo arras\u00f3 las extensiones plataneras. El ajetreo de los grandes negocios se disip\u00f3. Y se instal\u00f3, hasta hoy, la tranquilidad del ronroneo de las canoas y el terap\u00e9utico rumor de las olas que golpean los pilares de los palafitos y los muelles de un puerto cari\u00f1osamente desordenado. \u00abAhora estamos mejor, tranquilos; se vive lento\u00bb, dice Antonio, pescador, padre e hijo de pescadores, mientras da buena cuenta de un plato de arroz con coco. Aqu\u00ed la vida tiene otro tempo. Y el tiempo, otro sabor. Al llegar, el visitante ha de esconder su reloj, olvidar los horarios y dejarse llevar. Son las reglas del universo caribe\u00f1o.<\/p>\n<p>El aut\u00e9ntico para\u00edso<\/p>\n<p>Hasta aqu\u00ed, el cuaderno de bit\u00e1cora de este viaje re\u00fane enclaves muy dispares: una ciudad futurista, un canal que une al mundo, una jungla casi urbana, reservas naturales, puentes tit\u00e1nicos, un volc\u00e1n, muchos cerros, un ferrocarril que conecta dos oc\u00e9anos\u2026 Faltar\u00eda un enclave, alejado, pero insoslayable. Luis, un empresario paname\u00f1o, me dice que es f\u00e1cil describirlo: San Blas es el para\u00edso. O al rev\u00e9s.<\/p>\n<p>Para llegar al vergel del pueblo guna lo mejor es volver a la capital en avi\u00f3n y all\u00ed tomar un velero, un avi\u00f3n o una camioneta todoterreno hasta Cart\u00ed, el principal pueblo de la zona. Luego, hay tantas opciones como islas. Y, en todos los casos, tocar\u00e1 viajar en bote y enfrentarse a un desaf\u00edo complejo: elegir.<\/p>\n<p>El viajero debe escoger su destino en un archipi\u00e9lago de islas tropicales cuyo nombre nativo es Guna Yala. Pero este ed\u00e9n marino posee algunas normas infranqueables. Tiene due\u00f1os, centinelas y habitantes de s\u00f3lidas costumbres y firmes convicciones. El pueblo guna gestiona esta colecci\u00f3n de terru\u00f1os paradisiacos. Hay 365, una isla para cada d\u00eda del a\u00f1o, pero solo 50 est\u00e1n habitadas. Instalados en una casa de madera rodeada de palmeras y a orillas de un mar que colecciona azules, resulta irresistible andar descalzos sobre la arena, zambullirse para contemplar la vida marina o alquilar un bote y disfrutar de una puesta de sol a ras de agua, aderezada por los recuerdos de un pescador que mira al extranjero con misterio y curiosidad.<\/p>\n<p>Lo m\u00e1s dif\u00edcil: decidir el d\u00eda de vuelta<\/p>\n<p>Luego, se desarrolla una rutina cautivadora. Cada tarde arriban barcas cargadas de langostas y pescado; mujeres ataviadas con trajes coloridos y molas (telas cosidas formando figuras y dibujos geom\u00e9tricos); artesanos que exhiben sus trabajos de madera, piedras y caparazones de moluscos. \u00abUno d\u00f3lar\u00bb, me dice y me repite una mujer sentada sobre un le\u00f1o. \u00danicamente empresas acreditadas por el Congreso General Guna a trav\u00e9s de la Secretar\u00eda de Asuntos Tur\u00edsticos est\u00e1n habilitadas para organizar visitas. Y en cada isla manda la comunidad y su consejo de ancianos.<\/p>\n<p>Luis, un amigo espa\u00f1ol, antrop\u00f3logo y periodista, me cuenta que quer\u00eda documentar ritos inici\u00e1ticos y que estuvo esperando una semana en uno de estos islotes hasta que se autoriz\u00f3 su acceso. Pero para nosotros, turistas, es mucho m\u00e1s sencillo. Llegamos, disfrutamos y lo dif\u00edcil \u2013lo m\u00e1s dif\u00edcil\u2013 acaba siendo escoger el d\u00eda de vuelta; entender que, tarde o temprano, habr\u00e1 que dejar este para\u00edso, marcharse pensando en cu\u00e1ndo se podr\u00e1 regresar.<\/p>\n","protected":false},"excerpt":{"rendered":"<p>&nbsp; Este pa\u00eds situado entre dos aguas es un aut\u00e9ntico vergel en el que la naturaleza y la biodiversidad cautivan a los viajeros. Atravesado por un canal que ha convertido en su icono y s\u00edmbolo, Panam\u00e1 ha sabido mantener una idiosincrasia esculpida desde la mezcla, la diversidad y el intercambio. El viajero lo divisa antes [&hellip;]<\/p>\n","protected":false},"author":5,"featured_media":15817,"comment_status":"open","ping_status":"closed","sticky":false,"template":"","format":"standard","meta":{"footnotes":""},"categories":[1],"tags":[],"class_list":{"0":"post-15816","1":"post","2":"type-post","3":"status-publish","4":"format-standard","5":"has-post-thumbnail","7":"category-otros"},"yoast_head":"<!-- This site is optimized with the Yoast SEO plugin v27.3 - https:\/\/yoast.com\/product\/yoast-seo-wordpress\/ -->\n<title>Qu\u00e9 ver en Panam\u00e1: el desconocido para\u00edso de Centroam\u00e9rica - Sala de prensa<\/title>\n<meta name=\"robots\" content=\"index, follow, max-snippet:-1, max-image-preview:large, max-video-preview:-1\" \/>\n<link rel=\"canonical\" href=\"https:\/\/www.visitcentroamerica.com\/sala-prensa\/otros\/que-ver-en-panama-el-desconocido-paraiso-de-centroamerica\/\" \/>\n<meta property=\"og:locale\" content=\"es_ES\" \/>\n<meta property=\"og:type\" content=\"article\" \/>\n<meta property=\"og:title\" content=\"Qu\u00e9 ver en Panam\u00e1: el desconocido para\u00edso de Centroam\u00e9rica - Sala de prensa\" \/>\n<meta property=\"og:description\" content=\"&nbsp; Este pa\u00eds situado entre dos aguas es un aut\u00e9ntico vergel en el que la naturaleza y la biodiversidad cautivan a los viajeros. Atravesado por un canal que ha convertido en su icono y s\u00edmbolo, Panam\u00e1 ha sabido mantener una idiosincrasia esculpida desde la mezcla, la diversidad y el intercambio. El viajero lo divisa antes [&hellip;]\" \/>\n<meta property=\"og:url\" content=\"https:\/\/www.visitcentroamerica.com\/sala-prensa\/otros\/que-ver-en-panama-el-desconocido-paraiso-de-centroamerica\/\" \/>\n<meta property=\"og:site_name\" content=\"Sala de prensa\" \/>\n<meta property=\"article:published_time\" content=\"2025-02-13T16:51:27+00:00\" \/>\n<meta property=\"og:image\" content=\"https:\/\/www.visitcentroamerica.com\/sala-prensa\/wp-content\/uploads\/2025\/02\/Sin-titulo-1024-x-600-px-2025-02-13T103923.269.png\" \/>\n\t<meta property=\"og:image:width\" content=\"1024\" \/>\n\t<meta property=\"og:image:height\" content=\"600\" \/>\n\t<meta property=\"og:image:type\" content=\"image\/png\" \/>\n<meta name=\"author\" content=\"Denis Alvarado\" \/>\n<meta name=\"twitter:card\" content=\"summary_large_image\" \/>\n<meta name=\"twitter:label1\" content=\"Escrito por\" \/>\n\t<meta name=\"twitter:data1\" content=\"Denis Alvarado\" \/>\n\t<meta name=\"twitter:label2\" content=\"Tiempo de lectura\" \/>\n\t<meta name=\"twitter:data2\" content=\"12 minutos\" \/>\n<script type=\"application\/ld+json\" class=\"yoast-schema-graph\">{\"@context\":\"https:\\\/\\\/schema.org\",\"@graph\":[{\"@type\":\"Article\",\"@id\":\"https:\\\/\\\/www.visitcentroamerica.com\\\/sala-prensa\\\/otros\\\/que-ver-en-panama-el-desconocido-paraiso-de-centroamerica\\\/#article\",\"isPartOf\":{\"@id\":\"https:\\\/\\\/www.visitcentroamerica.com\\\/sala-prensa\\\/otros\\\/que-ver-en-panama-el-desconocido-paraiso-de-centroamerica\\\/\"},\"author\":{\"name\":\"Denis Alvarado\",\"@id\":\"https:\\\/\\\/www.visitcentroamerica.com\\\/sala-prensa\\\/#\\\/schema\\\/person\\\/0aa3bd0dbaabaead6089ee3dd0cd7ae5\"},\"headline\":\"Qu\u00e9 ver en Panam\u00e1: el desconocido para\u00edso de Centroam\u00e9rica\",\"datePublished\":\"2025-02-13T16:51:27+00:00\",\"mainEntityOfPage\":{\"@id\":\"https:\\\/\\\/www.visitcentroamerica.com\\\/sala-prensa\\\/otros\\\/que-ver-en-panama-el-desconocido-paraiso-de-centroamerica\\\/\"},\"wordCount\":2552,\"commentCount\":0,\"image\":{\"@id\":\"https:\\\/\\\/www.visitcentroamerica.com\\\/sala-prensa\\\/otros\\\/que-ver-en-panama-el-desconocido-paraiso-de-centroamerica\\\/#primaryimage\"},\"thumbnailUrl\":\"https:\\\/\\\/www.visitcentroamerica.com\\\/sala-prensa\\\/wp-content\\\/uploads\\\/2025\\\/02\\\/Sin-titulo-1024-x-600-px-2025-02-13T103923.269.png\",\"articleSection\":[\"Otros\"],\"inLanguage\":\"es\",\"potentialAction\":[{\"@type\":\"CommentAction\",\"name\":\"Comment\",\"target\":[\"https:\\\/\\\/www.visitcentroamerica.com\\\/sala-prensa\\\/otros\\\/que-ver-en-panama-el-desconocido-paraiso-de-centroamerica\\\/#respond\"]}]},{\"@type\":\"WebPage\",\"@id\":\"https:\\\/\\\/www.visitcentroamerica.com\\\/sala-prensa\\\/otros\\\/que-ver-en-panama-el-desconocido-paraiso-de-centroamerica\\\/\",\"url\":\"https:\\\/\\\/www.visitcentroamerica.com\\\/sala-prensa\\\/otros\\\/que-ver-en-panama-el-desconocido-paraiso-de-centroamerica\\\/\",\"name\":\"Qu\u00e9 ver en Panam\u00e1: el desconocido para\u00edso de Centroam\u00e9rica - Sala de prensa\",\"isPartOf\":{\"@id\":\"https:\\\/\\\/www.visitcentroamerica.com\\\/sala-prensa\\\/#website\"},\"primaryImageOfPage\":{\"@id\":\"https:\\\/\\\/www.visitcentroamerica.com\\\/sala-prensa\\\/otros\\\/que-ver-en-panama-el-desconocido-paraiso-de-centroamerica\\\/#primaryimage\"},\"image\":{\"@id\":\"https:\\\/\\\/www.visitcentroamerica.com\\\/sala-prensa\\\/otros\\\/que-ver-en-panama-el-desconocido-paraiso-de-centroamerica\\\/#primaryimage\"},\"thumbnailUrl\":\"https:\\\/\\\/www.visitcentroamerica.com\\\/sala-prensa\\\/wp-content\\\/uploads\\\/2025\\\/02\\\/Sin-titulo-1024-x-600-px-2025-02-13T103923.269.png\",\"datePublished\":\"2025-02-13T16:51:27+00:00\",\"author\":{\"@id\":\"https:\\\/\\\/www.visitcentroamerica.com\\\/sala-prensa\\\/#\\\/schema\\\/person\\\/0aa3bd0dbaabaead6089ee3dd0cd7ae5\"},\"breadcrumb\":{\"@id\":\"https:\\\/\\\/www.visitcentroamerica.com\\\/sala-prensa\\\/otros\\\/que-ver-en-panama-el-desconocido-paraiso-de-centroamerica\\\/#breadcrumb\"},\"inLanguage\":\"es\",\"potentialAction\":[{\"@type\":\"ReadAction\",\"target\":[\"https:\\\/\\\/www.visitcentroamerica.com\\\/sala-prensa\\\/otros\\\/que-ver-en-panama-el-desconocido-paraiso-de-centroamerica\\\/\"]}]},{\"@type\":\"ImageObject\",\"inLanguage\":\"es\",\"@id\":\"https:\\\/\\\/www.visitcentroamerica.com\\\/sala-prensa\\\/otros\\\/que-ver-en-panama-el-desconocido-paraiso-de-centroamerica\\\/#primaryimage\",\"url\":\"https:\\\/\\\/www.visitcentroamerica.com\\\/sala-prensa\\\/wp-content\\\/uploads\\\/2025\\\/02\\\/Sin-titulo-1024-x-600-px-2025-02-13T103923.269.png\",\"contentUrl\":\"https:\\\/\\\/www.visitcentroamerica.com\\\/sala-prensa\\\/wp-content\\\/uploads\\\/2025\\\/02\\\/Sin-titulo-1024-x-600-px-2025-02-13T103923.269.png\",\"width\":1024,\"height\":600},{\"@type\":\"BreadcrumbList\",\"@id\":\"https:\\\/\\\/www.visitcentroamerica.com\\\/sala-prensa\\\/otros\\\/que-ver-en-panama-el-desconocido-paraiso-de-centroamerica\\\/#breadcrumb\",\"itemListElement\":[{\"@type\":\"ListItem\",\"position\":1,\"name\":\"Portada\",\"item\":\"https:\\\/\\\/www.visitcentroamerica.com\\\/sala-prensa\\\/\"},{\"@type\":\"ListItem\",\"position\":2,\"name\":\"Qu\u00e9 ver en Panam\u00e1: el desconocido para\u00edso de Centroam\u00e9rica\"}]},{\"@type\":\"WebSite\",\"@id\":\"https:\\\/\\\/www.visitcentroamerica.com\\\/sala-prensa\\\/#website\",\"url\":\"https:\\\/\\\/www.visitcentroamerica.com\\\/sala-prensa\\\/\",\"name\":\"Sala de prensa\",\"description\":\"\",\"potentialAction\":[{\"@type\":\"SearchAction\",\"target\":{\"@type\":\"EntryPoint\",\"urlTemplate\":\"https:\\\/\\\/www.visitcentroamerica.com\\\/sala-prensa\\\/?s={search_term_string}\"},\"query-input\":{\"@type\":\"PropertyValueSpecification\",\"valueRequired\":true,\"valueName\":\"search_term_string\"}}],\"inLanguage\":\"es\"},{\"@type\":\"Person\",\"@id\":\"https:\\\/\\\/www.visitcentroamerica.com\\\/sala-prensa\\\/#\\\/schema\\\/person\\\/0aa3bd0dbaabaead6089ee3dd0cd7ae5\",\"name\":\"Denis Alvarado\",\"image\":{\"@type\":\"ImageObject\",\"inLanguage\":\"es\",\"@id\":\"https:\\\/\\\/secure.gravatar.com\\\/avatar\\\/c31f0697f6edb7c68d5dedc2ccbd548d2a9f73aa293e81c6a1425229ec4c9135?s=96&d=mm&r=g\",\"url\":\"https:\\\/\\\/secure.gravatar.com\\\/avatar\\\/c31f0697f6edb7c68d5dedc2ccbd548d2a9f73aa293e81c6a1425229ec4c9135?s=96&d=mm&r=g\",\"contentUrl\":\"https:\\\/\\\/secure.gravatar.com\\\/avatar\\\/c31f0697f6edb7c68d5dedc2ccbd548d2a9f73aa293e81c6a1425229ec4c9135?s=96&d=mm&r=g\",\"caption\":\"Denis Alvarado\"},\"url\":\"https:\\\/\\\/www.visitcentroamerica.com\\\/sala-prensa\\\/author\\\/denis\\\/\"}]}<\/script>\n<!-- \/ Yoast SEO plugin. -->","yoast_head_json":{"title":"Qu\u00e9 ver en Panam\u00e1: el desconocido para\u00edso de Centroam\u00e9rica - Sala de prensa","robots":{"index":"index","follow":"follow","max-snippet":"max-snippet:-1","max-image-preview":"max-image-preview:large","max-video-preview":"max-video-preview:-1"},"canonical":"https:\/\/www.visitcentroamerica.com\/sala-prensa\/otros\/que-ver-en-panama-el-desconocido-paraiso-de-centroamerica\/","og_locale":"es_ES","og_type":"article","og_title":"Qu\u00e9 ver en Panam\u00e1: el desconocido para\u00edso de Centroam\u00e9rica - Sala de prensa","og_description":"&nbsp; Este pa\u00eds situado entre dos aguas es un aut\u00e9ntico vergel en el que la naturaleza y la biodiversidad cautivan a los viajeros. Atravesado por un canal que ha convertido en su icono y s\u00edmbolo, Panam\u00e1 ha sabido mantener una idiosincrasia esculpida desde la mezcla, la diversidad y el intercambio. El viajero lo divisa antes [&hellip;]","og_url":"https:\/\/www.visitcentroamerica.com\/sala-prensa\/otros\/que-ver-en-panama-el-desconocido-paraiso-de-centroamerica\/","og_site_name":"Sala de prensa","article_published_time":"2025-02-13T16:51:27+00:00","og_image":[{"width":1024,"height":600,"url":"https:\/\/www.visitcentroamerica.com\/sala-prensa\/wp-content\/uploads\/2025\/02\/Sin-titulo-1024-x-600-px-2025-02-13T103923.269.png","type":"image\/png"}],"author":"Denis Alvarado","twitter_card":"summary_large_image","twitter_misc":{"Escrito por":"Denis Alvarado","Tiempo de lectura":"12 minutos"},"schema":{"@context":"https:\/\/schema.org","@graph":[{"@type":"Article","@id":"https:\/\/www.visitcentroamerica.com\/sala-prensa\/otros\/que-ver-en-panama-el-desconocido-paraiso-de-centroamerica\/#article","isPartOf":{"@id":"https:\/\/www.visitcentroamerica.com\/sala-prensa\/otros\/que-ver-en-panama-el-desconocido-paraiso-de-centroamerica\/"},"author":{"name":"Denis Alvarado","@id":"https:\/\/www.visitcentroamerica.com\/sala-prensa\/#\/schema\/person\/0aa3bd0dbaabaead6089ee3dd0cd7ae5"},"headline":"Qu\u00e9 ver en Panam\u00e1: el desconocido para\u00edso de Centroam\u00e9rica","datePublished":"2025-02-13T16:51:27+00:00","mainEntityOfPage":{"@id":"https:\/\/www.visitcentroamerica.com\/sala-prensa\/otros\/que-ver-en-panama-el-desconocido-paraiso-de-centroamerica\/"},"wordCount":2552,"commentCount":0,"image":{"@id":"https:\/\/www.visitcentroamerica.com\/sala-prensa\/otros\/que-ver-en-panama-el-desconocido-paraiso-de-centroamerica\/#primaryimage"},"thumbnailUrl":"https:\/\/www.visitcentroamerica.com\/sala-prensa\/wp-content\/uploads\/2025\/02\/Sin-titulo-1024-x-600-px-2025-02-13T103923.269.png","articleSection":["Otros"],"inLanguage":"es","potentialAction":[{"@type":"CommentAction","name":"Comment","target":["https:\/\/www.visitcentroamerica.com\/sala-prensa\/otros\/que-ver-en-panama-el-desconocido-paraiso-de-centroamerica\/#respond"]}]},{"@type":"WebPage","@id":"https:\/\/www.visitcentroamerica.com\/sala-prensa\/otros\/que-ver-en-panama-el-desconocido-paraiso-de-centroamerica\/","url":"https:\/\/www.visitcentroamerica.com\/sala-prensa\/otros\/que-ver-en-panama-el-desconocido-paraiso-de-centroamerica\/","name":"Qu\u00e9 ver en Panam\u00e1: el desconocido para\u00edso de Centroam\u00e9rica - Sala de prensa","isPartOf":{"@id":"https:\/\/www.visitcentroamerica.com\/sala-prensa\/#website"},"primaryImageOfPage":{"@id":"https:\/\/www.visitcentroamerica.com\/sala-prensa\/otros\/que-ver-en-panama-el-desconocido-paraiso-de-centroamerica\/#primaryimage"},"image":{"@id":"https:\/\/www.visitcentroamerica.com\/sala-prensa\/otros\/que-ver-en-panama-el-desconocido-paraiso-de-centroamerica\/#primaryimage"},"thumbnailUrl":"https:\/\/www.visitcentroamerica.com\/sala-prensa\/wp-content\/uploads\/2025\/02\/Sin-titulo-1024-x-600-px-2025-02-13T103923.269.png","datePublished":"2025-02-13T16:51:27+00:00","author":{"@id":"https:\/\/www.visitcentroamerica.com\/sala-prensa\/#\/schema\/person\/0aa3bd0dbaabaead6089ee3dd0cd7ae5"},"breadcrumb":{"@id":"https:\/\/www.visitcentroamerica.com\/sala-prensa\/otros\/que-ver-en-panama-el-desconocido-paraiso-de-centroamerica\/#breadcrumb"},"inLanguage":"es","potentialAction":[{"@type":"ReadAction","target":["https:\/\/www.visitcentroamerica.com\/sala-prensa\/otros\/que-ver-en-panama-el-desconocido-paraiso-de-centroamerica\/"]}]},{"@type":"ImageObject","inLanguage":"es","@id":"https:\/\/www.visitcentroamerica.com\/sala-prensa\/otros\/que-ver-en-panama-el-desconocido-paraiso-de-centroamerica\/#primaryimage","url":"https:\/\/www.visitcentroamerica.com\/sala-prensa\/wp-content\/uploads\/2025\/02\/Sin-titulo-1024-x-600-px-2025-02-13T103923.269.png","contentUrl":"https:\/\/www.visitcentroamerica.com\/sala-prensa\/wp-content\/uploads\/2025\/02\/Sin-titulo-1024-x-600-px-2025-02-13T103923.269.png","width":1024,"height":600},{"@type":"BreadcrumbList","@id":"https:\/\/www.visitcentroamerica.com\/sala-prensa\/otros\/que-ver-en-panama-el-desconocido-paraiso-de-centroamerica\/#breadcrumb","itemListElement":[{"@type":"ListItem","position":1,"name":"Portada","item":"https:\/\/www.visitcentroamerica.com\/sala-prensa\/"},{"@type":"ListItem","position":2,"name":"Qu\u00e9 ver en Panam\u00e1: el desconocido para\u00edso de Centroam\u00e9rica"}]},{"@type":"WebSite","@id":"https:\/\/www.visitcentroamerica.com\/sala-prensa\/#website","url":"https:\/\/www.visitcentroamerica.com\/sala-prensa\/","name":"Sala de prensa","description":"","potentialAction":[{"@type":"SearchAction","target":{"@type":"EntryPoint","urlTemplate":"https:\/\/www.visitcentroamerica.com\/sala-prensa\/?s={search_term_string}"},"query-input":{"@type":"PropertyValueSpecification","valueRequired":true,"valueName":"search_term_string"}}],"inLanguage":"es"},{"@type":"Person","@id":"https:\/\/www.visitcentroamerica.com\/sala-prensa\/#\/schema\/person\/0aa3bd0dbaabaead6089ee3dd0cd7ae5","name":"Denis Alvarado","image":{"@type":"ImageObject","inLanguage":"es","@id":"https:\/\/secure.gravatar.com\/avatar\/c31f0697f6edb7c68d5dedc2ccbd548d2a9f73aa293e81c6a1425229ec4c9135?s=96&d=mm&r=g","url":"https:\/\/secure.gravatar.com\/avatar\/c31f0697f6edb7c68d5dedc2ccbd548d2a9f73aa293e81c6a1425229ec4c9135?s=96&d=mm&r=g","contentUrl":"https:\/\/secure.gravatar.com\/avatar\/c31f0697f6edb7c68d5dedc2ccbd548d2a9f73aa293e81c6a1425229ec4c9135?s=96&d=mm&r=g","caption":"Denis Alvarado"},"url":"https:\/\/www.visitcentroamerica.com\/sala-prensa\/author\/denis\/"}]}},"_links":{"self":[{"href":"https:\/\/www.visitcentroamerica.com\/sala-prensa\/wp-json\/wp\/v2\/posts\/15816","targetHints":{"allow":["GET"]}}],"collection":[{"href":"https:\/\/www.visitcentroamerica.com\/sala-prensa\/wp-json\/wp\/v2\/posts"}],"about":[{"href":"https:\/\/www.visitcentroamerica.com\/sala-prensa\/wp-json\/wp\/v2\/types\/post"}],"author":[{"embeddable":true,"href":"https:\/\/www.visitcentroamerica.com\/sala-prensa\/wp-json\/wp\/v2\/users\/5"}],"replies":[{"embeddable":true,"href":"https:\/\/www.visitcentroamerica.com\/sala-prensa\/wp-json\/wp\/v2\/comments?post=15816"}],"version-history":[{"count":1,"href":"https:\/\/www.visitcentroamerica.com\/sala-prensa\/wp-json\/wp\/v2\/posts\/15816\/revisions"}],"predecessor-version":[{"id":15821,"href":"https:\/\/www.visitcentroamerica.com\/sala-prensa\/wp-json\/wp\/v2\/posts\/15816\/revisions\/15821"}],"wp:featuredmedia":[{"embeddable":true,"href":"https:\/\/www.visitcentroamerica.com\/sala-prensa\/wp-json\/wp\/v2\/media\/15817"}],"wp:attachment":[{"href":"https:\/\/www.visitcentroamerica.com\/sala-prensa\/wp-json\/wp\/v2\/media?parent=15816"}],"wp:term":[{"taxonomy":"category","embeddable":true,"href":"https:\/\/www.visitcentroamerica.com\/sala-prensa\/wp-json\/wp\/v2\/categories?post=15816"},{"taxonomy":"post_tag","embeddable":true,"href":"https:\/\/www.visitcentroamerica.com\/sala-prensa\/wp-json\/wp\/v2\/tags?post=15816"}],"curies":[{"name":"wp","href":"https:\/\/api.w.org\/{rel}","templated":true}]}}